{"id":5264,"date":"2015-09-29T09:55:13","date_gmt":"2015-09-29T09:55:13","guid":{"rendered":"http:\/\/www.lafarga.com\/corporatiu\/?p=5264"},"modified":"2015-09-29T09:59:58","modified_gmt":"2015-09-29T09:59:58","slug":"el-congreso-sccot-se-hara-en-la-farga-centre-de-actividades","status":"publish","type":"post","link":"https:\/\/www.lafarga.com\/corporatiu\/el-congreso-sccot-se-hara-en-la-farga-centre-de-actividades\/","title":{"rendered":"El congreso de la SCCOT se har\u00e1 en La Farga Centre de Actividades"},"content":{"rendered":"<p>La Farga de L&#8217;Hospitalet acoger\u00e1 la pr\u00f3xima primavera el XXIX Congreso de la <a href=\"http:\/\/webs.academia.cat\/societats\/cirorto\/\" target=\"_blank\">Sociedad Catalana de Cirug\u00eda Ortop\u00e9dica y Traumatolog\u00eda<\/a> y la X Reuni\u00f3n Catalana de Enfermer\u00eda Traumatol\u00f3gica.<\/p>\n<p>Estas jornadas que se llevar\u00e1n a cabo el 19 y 20 de mayo de 2016 se organizar\u00e1n en La Farga Congress, lugar que comprende, entre otros espacios el Auditorio y la Sala Polivalente. Adem\u00e1s, para esta ocasi\u00f3n tambi\u00e9n habr\u00e1 actividad en la planta baja de La Farga Centro de Actividades.<\/p>\n<p>En este congreso de la Sociedad Catalana de Cirug\u00eda Ortop\u00e9dica y Traumatolog\u00eda, que no es la primera vez que se celebra en La Farga, tambi\u00e9n se har\u00e1n diferentes mesas redondas donde se tratar\u00e1n temas como el <em>&#8220;Fast Track&#8221; en pr\u00f3tesis de rodilla y pr\u00f3tesis de anca<\/em>, a cargo de Pere Mir (Hospital de Berga) y Pere Torner (Hospital Universitario Parc Taul\u00ed de Sabadell), y <em>Fracturas proximales de h\u00famero en gente mayor. \u00bfQu\u00e9 hemos aprendido estos \u00faltimos a\u00f1os?<\/em>, a cargo de Joaquim Rodr\u00edguez Miralles (Consocio Hospitalario de Vic).<\/p>\n<p>Para m\u00e1s informaci\u00f3n de este congreso:<br \/>\n<a href=\"http:\/\/congres-sccot.com\/\" target=\"_blank\">www.congres-sccot.com<\/a> y <a href=\"http:\/\/www.academia.cat\/\" target=\"_blank\">www.academia.cat<\/a><\/p>\n","protected":false},"excerpt":{"rendered":"<p>La Farga de L&#8217;Hospitalet acoger\u00e1 la pr\u00f3xima primavera el XXIX Congreso de la Sociedad Catalana de Cirug\u00eda Ortop\u00e9dica y Traumatolog\u00eda y la X Reuni\u00f3n Catalana de Enfermer\u00eda Traumatol\u00f3gica. Estas jornadas que se llevar\u00e1n a cabo el 19 y 20 de mayo de 2016 se organizar\u00e1n en La Farga Congress.<\/p>\n","protected":false},"author":8,"featured_media":5262,"comment_status":"closed","ping_status":"closed","sticky":false,"template":"","format":"standard","meta":{"inline_featured_image":false,"_uag_custom_page_level_css":"","_monsterinsights_skip_tracking":false,"_monsterinsights_sitenote_active":false,"_monsterinsights_sitenote_note":"","_monsterinsights_sitenote_category":0,"site-sidebar-layout":"default","site-content-layout":"","ast-site-content-layout":"default","site-content-style":"default","site-sidebar-style":"default","ast-global-header-display":"","ast-banner-title-visibility":"","ast-main-header-display":"","ast-hfb-above-header-display":"","ast-hfb-below-header-display":"","ast-hfb-mobile-header-display":"","site-post-title":"","ast-breadcrumbs-content":"","ast-featured-img":"","footer-sml-layout":"","ast-disable-related-posts":"","theme-transparent-header-meta":"","adv-header-id-meta":"","stick-header-meta":"","header-above-stick-meta":"","header-main-stick-meta":"","header-below-stick-meta":"","astra-migrate-meta-layouts":"default","ast-page-background-enabled":"default","ast-page-background-meta":{"desktop":{"background-color":"var(--ast-global-color-4)","background-image":"","background-repeat":"repeat","background-position":"center center","background-size":"auto","background-attachment":"scroll","background-type":"","background-media":"","overlay-type":"","overlay-color":"","overlay-opacity":"","overlay-gradient":""},"tablet":{"background-color":"","background-image":"","background-repeat":"repeat","background-position":"center center","background-size":"auto","background-attachment":"scroll","background-type":"","background-media":"","overlay-type":"","overlay-color":"","overlay-opacity":"","overlay-gradient":""},"mobile":{"background-color":"","background-image":"","background-repeat":"repeat","background-position":"center center","background-size":"auto","background-attachment":"scroll","background-type":"","background-media":"","overlay-type":"","overlay-color":"","overlay-opacity":"","overlay-gradient":""}},"ast-content-background-meta":{"desktop":{"background-color":"var(--ast-global-color-5)","background-image":"","background-repeat":"repeat","background-position":"center center","background-size":"auto","background-attachment":"scroll","background-type":"","background-media":"","overlay-type":"","overlay-color":"","overlay-opacity":"","overlay-gradient":""},"tablet":{"background-color":"var(--ast-global-color-5)","background-image":"","background-repeat":"repeat","background-position":"center center","background-size":"auto","background-attachment":"scroll","background-type":"","background-media":"","overlay-type":"","overlay-color":"","overlay-opacity":"","overlay-gradient":""},"mobile":{"background-color":"var(--ast-global-color-5)","background-image":"","background-repeat":"repeat","background-position":"center center","background-size":"auto","background-attachment":"scroll","background-type":"","background-media":"","overlay-type":"","overlay-color":"","overlay-opacity":"","overlay-gradient":""}},"footnotes":""},"categories":[73],"tags":[],"class_list":["post-5264","post","type-post","status-publish","format-standard","has-post-thumbnail","hentry","category-centro-de-actividades"],"yoast_head":"<!-- This site is optimized with the Yoast SEO plugin v27.4 - https:\/\/yoast.com\/product\/yoast-seo-wordpress\/ -->\n<title>El congr\u00e9s de la SCCOT es far\u00e0 a La Farga Centre d&#039;Activitats<\/title>\n<meta name=\"description\" content=\"La Farga acollir\u00e0 el XXIX\u00e8 Congr\u00e9s de la Societat Catalana de Cirurgia Ortop\u00e8dica i Traumatologia i la Xa Reuni\u00f3 Catalana d\u2019Infermeria Traumatol\u00f2gica.\" \/>\n<meta name=\"robots\" content=\"index, follow, max-snippet:-1, max-image-preview:large, max-video-preview:-1\" \/>\n<link rel=\"canonical\" href=\"https:\/\/www.lafarga.com\/corporatiu\/el-congreso-sccot-se-hara-en-la-farga-centre-de-actividades\/\" \/>\n<meta property=\"og:locale\" content=\"ca_ES\" \/>\n<meta property=\"og:type\" content=\"article\" \/>\n<meta property=\"og:title\" content=\"El congr\u00e9s de la SCCOT es far\u00e0 a La Farga Centre d&#039;Activitats\" \/>\n<meta property=\"og:description\" content=\"La Farga acollir\u00e0 el XXIX\u00e8 Congr\u00e9s de la Societat Catalana de Cirurgia Ortop\u00e8dica i Traumatologia i la Xa Reuni\u00f3 Catalana d\u2019Infermeria Traumatol\u00f2gica.\" \/>\n<meta property=\"og:url\" content=\"https:\/\/www.lafarga.com\/corporatiu\/el-congreso-sccot-se-hara-en-la-farga-centre-de-actividades\/\" \/>\n<meta property=\"og:site_name\" content=\"La Farga Gesti\u00f3n de Equipamientos Municipales, S.A.\" \/>\n<meta property=\"article:published_time\" content=\"2015-09-29T09:55:13+00:00\" \/>\n<meta property=\"article:modified_time\" content=\"2015-09-29T09:59:58+00:00\" \/>\n<meta property=\"og:image\" content=\"https:\/\/www.lafarga.com\/corporatiu\/wp-content\/uploads\/2015\/09\/Auditori-2.jpg\" \/>\n\t<meta property=\"og:image:width\" content=\"730\" \/>\n\t<meta property=\"og:image:height\" content=\"410\" \/>\n\t<meta property=\"og:image:type\" content=\"image\/jpeg\" \/>\n<meta name=\"author\" content=\"admfarga\" \/>\n<meta name=\"twitter:label1\" content=\"Escrit per\" \/>\n\t<meta name=\"twitter:data1\" content=\"admfarga\" \/>\n\t<meta name=\"twitter:label2\" content=\"Temps estimat de lectura\" \/>\n\t<meta name=\"twitter:data2\" content=\"1 minut\" \/>\n<script type=\"application\/ld+json\" class=\"yoast-schema-graph\">{\"@context\":\"https:\\\/\\\/schema.org\",\"@graph\":[{\"@type\":\"Article\",\"@id\":\"https:\\\/\\\/www.lafarga.com\\\/corporatiu\\\/el-congreso-sccot-se-hara-en-la-farga-centre-de-actividades\\\/#article\",\"isPartOf\":{\"@id\":\"https:\\\/\\\/www.lafarga.com\\\/corporatiu\\\/el-congreso-sccot-se-hara-en-la-farga-centre-de-actividades\\\/\"},\"author\":{\"name\":\"admfarga\",\"@id\":\"https:\\\/\\\/www.lafarga.com\\\/corporatiu\\\/#\\\/schema\\\/person\\\/0ad4bc37b46f53e6b85ad51c2ac2d685\"},\"headline\":\"El congreso de la SCCOT se har\u00e1 en La Farga Centre de Actividades\",\"datePublished\":\"2015-09-29T09:55:13+00:00\",\"dateModified\":\"2015-09-29T09:59:58+00:00\",\"mainEntityOfPage\":{\"@id\":\"https:\\\/\\\/www.lafarga.com\\\/corporatiu\\\/el-congreso-sccot-se-hara-en-la-farga-centre-de-actividades\\\/\"},\"wordCount\":214,\"publisher\":{\"@id\":\"https:\\\/\\\/www.lafarga.com\\\/corporatiu\\\/#organization\"},\"image\":{\"@id\":\"https:\\\/\\\/www.lafarga.com\\\/corporatiu\\\/el-congreso-sccot-se-hara-en-la-farga-centre-de-actividades\\\/#primaryimage\"},\"thumbnailUrl\":\"https:\\\/\\\/www.lafarga.com\\\/corporatiu\\\/wp-content\\\/uploads\\\/2015\\\/09\\\/Auditori-2.jpg\",\"articleSection\":[\"Centro de Actividades\"],\"inLanguage\":\"ca\"},{\"@type\":\"WebPage\",\"@id\":\"https:\\\/\\\/www.lafarga.com\\\/corporatiu\\\/el-congreso-sccot-se-hara-en-la-farga-centre-de-actividades\\\/\",\"url\":\"https:\\\/\\\/www.lafarga.com\\\/corporatiu\\\/el-congreso-sccot-se-hara-en-la-farga-centre-de-actividades\\\/\",\"name\":\"El congr\u00e9s de la SCCOT es far\u00e0 a La Farga Centre d'Activitats\",\"isPartOf\":{\"@id\":\"https:\\\/\\\/www.lafarga.com\\\/corporatiu\\\/#website\"},\"primaryImageOfPage\":{\"@id\":\"https:\\\/\\\/www.lafarga.com\\\/corporatiu\\\/el-congreso-sccot-se-hara-en-la-farga-centre-de-actividades\\\/#primaryimage\"},\"image\":{\"@id\":\"https:\\\/\\\/www.lafarga.com\\\/corporatiu\\\/el-congreso-sccot-se-hara-en-la-farga-centre-de-actividades\\\/#primaryimage\"},\"thumbnailUrl\":\"https:\\\/\\\/www.lafarga.com\\\/corporatiu\\\/wp-content\\\/uploads\\\/2015\\\/09\\\/Auditori-2.jpg\",\"datePublished\":\"2015-09-29T09:55:13+00:00\",\"dateModified\":\"2015-09-29T09:59:58+00:00\",\"description\":\"La Farga acollir\u00e0 el XXIX\u00e8 Congr\u00e9s de la Societat Catalana de Cirurgia Ortop\u00e8dica i Traumatologia i la Xa Reuni\u00f3 Catalana d\u2019Infermeria Traumatol\u00f2gica.\",\"breadcrumb\":{\"@id\":\"https:\\\/\\\/www.lafarga.com\\\/corporatiu\\\/el-congreso-sccot-se-hara-en-la-farga-centre-de-actividades\\\/#breadcrumb\"},\"inLanguage\":\"ca\",\"potentialAction\":[{\"@type\":\"ReadAction\",\"target\":[\"https:\\\/\\\/www.lafarga.com\\\/corporatiu\\\/el-congreso-sccot-se-hara-en-la-farga-centre-de-actividades\\\/\"]}]},{\"@type\":\"ImageObject\",\"inLanguage\":\"ca\",\"@id\":\"https:\\\/\\\/www.lafarga.com\\\/corporatiu\\\/el-congreso-sccot-se-hara-en-la-farga-centre-de-actividades\\\/#primaryimage\",\"url\":\"https:\\\/\\\/www.lafarga.com\\\/corporatiu\\\/wp-content\\\/uploads\\\/2015\\\/09\\\/Auditori-2.jpg\",\"contentUrl\":\"https:\\\/\\\/www.lafarga.com\\\/corporatiu\\\/wp-content\\\/uploads\\\/2015\\\/09\\\/Auditori-2.jpg\",\"width\":730,\"height\":410},{\"@type\":\"BreadcrumbList\",\"@id\":\"https:\\\/\\\/www.lafarga.com\\\/corporatiu\\\/el-congreso-sccot-se-hara-en-la-farga-centre-de-actividades\\\/#breadcrumb\",\"itemListElement\":[{\"@type\":\"ListItem\",\"position\":1,\"name\":\"Home\",\"item\":\"https:\\\/\\\/www.lafarga.com\\\/corporatiu\\\/lafarga-hospitalet-llobregat\\\/\"},{\"@type\":\"ListItem\",\"position\":2,\"name\":\"El congreso de la SCCOT se har\u00e1 en La Farga Centre de Actividades\"}]},{\"@type\":\"WebSite\",\"@id\":\"https:\\\/\\\/www.lafarga.com\\\/corporatiu\\\/#website\",\"url\":\"https:\\\/\\\/www.lafarga.com\\\/corporatiu\\\/\",\"name\":\"La Farga Gesti\u00f3 d&#039;Equipaments Municipals, SA\",\"description\":\"\",\"publisher\":{\"@id\":\"https:\\\/\\\/www.lafarga.com\\\/corporatiu\\\/#organization\"},\"potentialAction\":[{\"@type\":\"SearchAction\",\"target\":{\"@type\":\"EntryPoint\",\"urlTemplate\":\"https:\\\/\\\/www.lafarga.com\\\/corporatiu\\\/?s={search_term_string}\"},\"query-input\":{\"@type\":\"PropertyValueSpecification\",\"valueRequired\":true,\"valueName\":\"search_term_string\"}}],\"inLanguage\":\"ca\"},{\"@type\":\"Organization\",\"@id\":\"https:\\\/\\\/www.lafarga.com\\\/corporatiu\\\/#organization\",\"name\":\"La Farga Gesti\u00f3 d&#039;Equipaments Municipals, SA\",\"url\":\"https:\\\/\\\/www.lafarga.com\\\/corporatiu\\\/\",\"logo\":{\"@type\":\"ImageObject\",\"inLanguage\":\"ca\",\"@id\":\"https:\\\/\\\/www.lafarga.com\\\/corporatiu\\\/#\\\/schema\\\/logo\\\/image\\\/\",\"url\":\"https:\\\/\\\/www.lafarga.com\\\/corporatiu\\\/wp-content\\\/uploads\\\/2023\\\/11\\\/logotipo_lafarga_gemsa.svg\",\"contentUrl\":\"https:\\\/\\\/www.lafarga.com\\\/corporatiu\\\/wp-content\\\/uploads\\\/2023\\\/11\\\/logotipo_lafarga_gemsa.svg\",\"width\":102,\"height\":103,\"caption\":\"La Farga Gesti\u00f3 d&#039;Equipaments Municipals, SA\"},\"image\":{\"@id\":\"https:\\\/\\\/www.lafarga.com\\\/corporatiu\\\/#\\\/schema\\\/logo\\\/image\\\/\"}},{\"@type\":\"Person\",\"@id\":\"https:\\\/\\\/www.lafarga.com\\\/corporatiu\\\/#\\\/schema\\\/person\\\/0ad4bc37b46f53e6b85ad51c2ac2d685\",\"name\":\"admfarga\",\"image\":{\"@type\":\"ImageObject\",\"inLanguage\":\"ca\",\"@id\":\"https:\\\/\\\/secure.gravatar.com\\\/avatar\\\/2a2db0975754ce87d41cab8623874e9e5ef5d0add52244aba02a09775feab5cb?s=96&d=mm&r=g\",\"url\":\"https:\\\/\\\/secure.gravatar.com\\\/avatar\\\/2a2db0975754ce87d41cab8623874e9e5ef5d0add52244aba02a09775feab5cb?s=96&d=mm&r=g\",\"contentUrl\":\"https:\\\/\\\/secure.gravatar.com\\\/avatar\\\/2a2db0975754ce87d41cab8623874e9e5ef5d0add52244aba02a09775feab5cb?s=96&d=mm&r=g\",\"caption\":\"admfarga\"},\"url\":\"https:\\\/\\\/www.lafarga.com\\\/corporatiu\\\/author\\\/admfarga\\\/\"}]}<\/script>\n<!-- \/ Yoast SEO plugin. -->","yoast_head_json":{"title":"El congr\u00e9s de la SCCOT es far\u00e0 a La Farga Centre d'Activitats","description":"La Farga acollir\u00e0 el XXIX\u00e8 Congr\u00e9s de la Societat Catalana de Cirurgia Ortop\u00e8dica i Traumatologia i la Xa Reuni\u00f3 Catalana d\u2019Infermeria Traumatol\u00f2gica.","robots":{"index":"index","follow":"follow","max-snippet":"max-snippet:-1","max-image-preview":"max-image-preview:large","max-video-preview":"max-video-preview:-1"},"canonical":"https:\/\/www.lafarga.com\/corporatiu\/el-congreso-sccot-se-hara-en-la-farga-centre-de-actividades\/","og_locale":"ca_ES","og_type":"article","og_title":"El congr\u00e9s de la SCCOT es far\u00e0 a La Farga Centre d'Activitats","og_description":"La Farga acollir\u00e0 el XXIX\u00e8 Congr\u00e9s de la Societat Catalana de Cirurgia Ortop\u00e8dica i Traumatologia i la Xa Reuni\u00f3 Catalana d\u2019Infermeria Traumatol\u00f2gica.","og_url":"https:\/\/www.lafarga.com\/corporatiu\/el-congreso-sccot-se-hara-en-la-farga-centre-de-actividades\/","og_site_name":"La Farga Gesti\u00f3n de Equipamientos Municipales, S.A.","article_published_time":"2015-09-29T09:55:13+00:00","article_modified_time":"2015-09-29T09:59:58+00:00","og_image":[{"width":730,"height":410,"url":"https:\/\/www.lafarga.com\/corporatiu\/wp-content\/uploads\/2015\/09\/Auditori-2.jpg","type":"image\/jpeg"}],"author":"admfarga","twitter_misc":{"Escrit per":"admfarga","Temps estimat de lectura":"1 minut"},"schema":{"@context":"https:\/\/schema.org","@graph":[{"@type":"Article","@id":"https:\/\/www.lafarga.com\/corporatiu\/el-congreso-sccot-se-hara-en-la-farga-centre-de-actividades\/#article","isPartOf":{"@id":"https:\/\/www.lafarga.com\/corporatiu\/el-congreso-sccot-se-hara-en-la-farga-centre-de-actividades\/"},"author":{"name":"admfarga","@id":"https:\/\/www.lafarga.com\/corporatiu\/#\/schema\/person\/0ad4bc37b46f53e6b85ad51c2ac2d685"},"headline":"El congreso de la SCCOT se har\u00e1 en La Farga Centre de Actividades","datePublished":"2015-09-29T09:55:13+00:00","dateModified":"2015-09-29T09:59:58+00:00","mainEntityOfPage":{"@id":"https:\/\/www.lafarga.com\/corporatiu\/el-congreso-sccot-se-hara-en-la-farga-centre-de-actividades\/"},"wordCount":214,"publisher":{"@id":"https:\/\/www.lafarga.com\/corporatiu\/#organization"},"image":{"@id":"https:\/\/www.lafarga.com\/corporatiu\/el-congreso-sccot-se-hara-en-la-farga-centre-de-actividades\/#primaryimage"},"thumbnailUrl":"https:\/\/www.lafarga.com\/corporatiu\/wp-content\/uploads\/2015\/09\/Auditori-2.jpg","articleSection":["Centro de Actividades"],"inLanguage":"ca"},{"@type":"WebPage","@id":"https:\/\/www.lafarga.com\/corporatiu\/el-congreso-sccot-se-hara-en-la-farga-centre-de-actividades\/","url":"https:\/\/www.lafarga.com\/corporatiu\/el-congreso-sccot-se-hara-en-la-farga-centre-de-actividades\/","name":"El congr\u00e9s de la SCCOT es far\u00e0 a La Farga Centre d'Activitats","isPartOf":{"@id":"https:\/\/www.lafarga.com\/corporatiu\/#website"},"primaryImageOfPage":{"@id":"https:\/\/www.lafarga.com\/corporatiu\/el-congreso-sccot-se-hara-en-la-farga-centre-de-actividades\/#primaryimage"},"image":{"@id":"https:\/\/www.lafarga.com\/corporatiu\/el-congreso-sccot-se-hara-en-la-farga-centre-de-actividades\/#primaryimage"},"thumbnailUrl":"https:\/\/www.lafarga.com\/corporatiu\/wp-content\/uploads\/2015\/09\/Auditori-2.jpg","datePublished":"2015-09-29T09:55:13+00:00","dateModified":"2015-09-29T09:59:58+00:00","description":"La Farga acollir\u00e0 el XXIX\u00e8 Congr\u00e9s de la Societat Catalana de Cirurgia Ortop\u00e8dica i Traumatologia i la Xa Reuni\u00f3 Catalana d\u2019Infermeria Traumatol\u00f2gica.","breadcrumb":{"@id":"https:\/\/www.lafarga.com\/corporatiu\/el-congreso-sccot-se-hara-en-la-farga-centre-de-actividades\/#breadcrumb"},"inLanguage":"ca","potentialAction":[{"@type":"ReadAction","target":["https:\/\/www.lafarga.com\/corporatiu\/el-congreso-sccot-se-hara-en-la-farga-centre-de-actividades\/"]}]},{"@type":"ImageObject","inLanguage":"ca","@id":"https:\/\/www.lafarga.com\/corporatiu\/el-congreso-sccot-se-hara-en-la-farga-centre-de-actividades\/#primaryimage","url":"https:\/\/www.lafarga.com\/corporatiu\/wp-content\/uploads\/2015\/09\/Auditori-2.jpg","contentUrl":"https:\/\/www.lafarga.com\/corporatiu\/wp-content\/uploads\/2015\/09\/Auditori-2.jpg","width":730,"height":410},{"@type":"BreadcrumbList","@id":"https:\/\/www.lafarga.com\/corporatiu\/el-congreso-sccot-se-hara-en-la-farga-centre-de-actividades\/#breadcrumb","itemListElement":[{"@type":"ListItem","position":1,"name":"Home","item":"https:\/\/www.lafarga.com\/corporatiu\/lafarga-hospitalet-llobregat\/"},{"@type":"ListItem","position":2,"name":"El congreso de la SCCOT se har\u00e1 en La Farga Centre de Actividades"}]},{"@type":"WebSite","@id":"https:\/\/www.lafarga.com\/corporatiu\/#website","url":"https:\/\/www.lafarga.com\/corporatiu\/","name":"La Farga Gesti\u00f3 d&#039;Equipaments Municipals, SA","description":"","publisher":{"@id":"https:\/\/www.lafarga.com\/corporatiu\/#organization"},"potentialAction":[{"@type":"SearchAction","target":{"@type":"EntryPoint","urlTemplate":"https:\/\/www.lafarga.com\/corporatiu\/?s={search_term_string}"},"query-input":{"@type":"PropertyValueSpecification","valueRequired":true,"valueName":"search_term_string"}}],"inLanguage":"ca"},{"@type":"Organization","@id":"https:\/\/www.lafarga.com\/corporatiu\/#organization","name":"La Farga Gesti\u00f3 d&#039;Equipaments Municipals, SA","url":"https:\/\/www.lafarga.com\/corporatiu\/","logo":{"@type":"ImageObject","inLanguage":"ca","@id":"https:\/\/www.lafarga.com\/corporatiu\/#\/schema\/logo\/image\/","url":"https:\/\/www.lafarga.com\/corporatiu\/wp-content\/uploads\/2023\/11\/logotipo_lafarga_gemsa.svg","contentUrl":"https:\/\/www.lafarga.com\/corporatiu\/wp-content\/uploads\/2023\/11\/logotipo_lafarga_gemsa.svg","width":102,"height":103,"caption":"La Farga Gesti\u00f3 d&#039;Equipaments Municipals, SA"},"image":{"@id":"https:\/\/www.lafarga.com\/corporatiu\/#\/schema\/logo\/image\/"}},{"@type":"Person","@id":"https:\/\/www.lafarga.com\/corporatiu\/#\/schema\/person\/0ad4bc37b46f53e6b85ad51c2ac2d685","name":"admfarga","image":{"@type":"ImageObject","inLanguage":"ca","@id":"https:\/\/secure.gravatar.com\/avatar\/2a2db0975754ce87d41cab8623874e9e5ef5d0add52244aba02a09775feab5cb?s=96&d=mm&r=g","url":"https:\/\/secure.gravatar.com\/avatar\/2a2db0975754ce87d41cab8623874e9e5ef5d0add52244aba02a09775feab5cb?s=96&d=mm&r=g","contentUrl":"https:\/\/secure.gravatar.com\/avatar\/2a2db0975754ce87d41cab8623874e9e5ef5d0add52244aba02a09775feab5cb?s=96&d=mm&r=g","caption":"admfarga"},"url":"https:\/\/www.lafarga.com\/corporatiu\/author\/admfarga\/"}]}},"uagb_featured_image_src":{"full":["https:\/\/www.lafarga.com\/corporatiu\/wp-content\/uploads\/2015\/09\/Auditori-2.jpg",730,410,false],"thumbnail":["https:\/\/www.lafarga.com\/corporatiu\/wp-content\/uploads\/2015\/09\/Auditori-2-150x150.jpg",150,150,true],"medium":["https:\/\/www.lafarga.com\/corporatiu\/wp-content\/uploads\/2015\/09\/Auditori-2-300x168.jpg",300,168,true],"medium_large":["https:\/\/www.lafarga.com\/corporatiu\/wp-content\/uploads\/2015\/09\/Auditori-2.jpg",730,410,false],"large":["https:\/\/www.lafarga.com\/corporatiu\/wp-content\/uploads\/2015\/09\/Auditori-2.jpg",730,410,false],"1536x1536":["https:\/\/www.lafarga.com\/corporatiu\/wp-content\/uploads\/2015\/09\/Auditori-2.jpg",730,410,false],"2048x2048":["https:\/\/www.lafarga.com\/corporatiu\/wp-content\/uploads\/2015\/09\/Auditori-2.jpg",730,410,false],"mailpoet_newsletter_max":["https:\/\/www.lafarga.com\/corporatiu\/wp-content\/uploads\/2015\/09\/Auditori-2.jpg",730,410,false]},"uagb_author_info":{"display_name":"admfarga","author_link":"https:\/\/www.lafarga.com\/corporatiu\/author\/admfarga\/"},"uagb_comment_info":0,"uagb_excerpt":"La Farga de L'Hospitalet acoger\u00e1 la pr\u00f3xima primavera el XXIX Congreso de la Sociedad Catalana de Cirug\u00eda Ortop\u00e9dica y Traumatolog\u00eda y la X Reuni\u00f3n Catalana de Enfermer\u00eda Traumatol\u00f3gica. Estas jornadas que se llevar\u00e1n a cabo el 19 y 20 de mayo de 2016 se organizar\u00e1n en La Farga Congress.","_links":{"self":[{"href":"https:\/\/www.lafarga.com\/corporatiu\/wp-json\/wp\/v2\/posts\/5264","targetHints":{"allow":["GET"]}}],"collection":[{"href":"https:\/\/www.lafarga.com\/corporatiu\/wp-json\/wp\/v2\/posts"}],"about":[{"href":"https:\/\/www.lafarga.com\/corporatiu\/wp-json\/wp\/v2\/types\/post"}],"author":[{"embeddable":true,"href":"https:\/\/www.lafarga.com\/corporatiu\/wp-json\/wp\/v2\/users\/8"}],"replies":[{"embeddable":true,"href":"https:\/\/www.lafarga.com\/corporatiu\/wp-json\/wp\/v2\/comments?post=5264"}],"version-history":[{"count":2,"href":"https:\/\/www.lafarga.com\/corporatiu\/wp-json\/wp\/v2\/posts\/5264\/revisions"}],"predecessor-version":[{"id":5266,"href":"https:\/\/www.lafarga.com\/corporatiu\/wp-json\/wp\/v2\/posts\/5264\/revisions\/5266"}],"wp:featuredmedia":[{"embeddable":true,"href":"https:\/\/www.lafarga.com\/corporatiu\/wp-json\/wp\/v2\/media\/5262"}],"wp:attachment":[{"href":"https:\/\/www.lafarga.com\/corporatiu\/wp-json\/wp\/v2\/media?parent=5264"}],"wp:term":[{"taxonomy":"category","embeddable":true,"href":"https:\/\/www.lafarga.com\/corporatiu\/wp-json\/wp\/v2\/categories?post=5264"},{"taxonomy":"post_tag","embeddable":true,"href":"https:\/\/www.lafarga.com\/corporatiu\/wp-json\/wp\/v2\/tags?post=5264"}],"curies":[{"name":"wp","href":"https:\/\/api.w.org\/{rel}","templated":true}]}}