{"id":4952,"date":"2015-09-10T07:59:41","date_gmt":"2015-09-10T07:59:41","guid":{"rendered":"http:\/\/www.lafarga.com\/corporatiu\/?p=4952"},"modified":"2015-09-10T08:20:19","modified_gmt":"2015-09-10T08:20:19","slug":"exposolidos-anuncia-la-octava-edicion-para-2017","status":"publish","type":"post","link":"https:\/\/www.lafarga.com\/corporatiu\/exposolidos-anuncia-la-octava-edicion-para-2017\/","title":{"rendered":"EXPOSOLIDOS anuncia la octava edici\u00f3n para 2017"},"content":{"rendered":"<p><a href=\"http:\/\/www.exposolidos.com\/\" target=\"_blank\">EXPOSOLIDOS<\/a>, Sal\u00f3n de la Tecnolog\u00eda y Procesamiento de S\u00f3lidos,\u00a0es la principal feria del sur de Europa especializada en la manipulaci\u00f3n y procesamiento de\u00a0s\u00f3lidos, materiales a granel, polvos secos, semi-s\u00f3lidos y separaci\u00f3n de s\u00f3lidos y l\u00edquidos.<\/p>\n<p>Este sal\u00f3n celebrar\u00e1 su octava edici\u00f3n los pr\u00f3ximos 14, 15 y 16 de febrero de 2017 en La Farga Centro de Actividades, sede del certamen desde su primera edici\u00f3n. Es una\u00a0feria monogr\u00e1fica y exclusiva para profesionales que buscan soluciones efectivas a las\u00a0necesidades tecnol\u00f3gicas sobre el manipulado y el procesamiento de s\u00f3lidos.<\/p>\n<p>EXPOSOLIDOS 2017 reunir\u00e1 a m\u00e1s de <a href=\"http:\/\/www.exposolidos.com\/esp\/index.php?categ=cifras\" target=\"_blank\">150 expositores<\/a> procedentes de m\u00e1s de\u00a015 pa\u00edses, lo que la convierte en la segunda feria de Europa del sector. Es un evento donde se\u00a0presentar\u00e1n las \u00faltimas novedades en equipos, sistemas, servicios y productos auxiliares con\u00a0el fin de dar la mejor respuesta tecnol\u00f3gica al procesamiento de s\u00f3lidos, semi-s\u00f3lidos y\u00a0separaci\u00f3n de s\u00f3lidos y l\u00edquidos. Se estima que lo visitar\u00e1n m\u00e1s de 5000 profesionales de 25\u00a0pa\u00edses, sobre todo espa\u00f1oles, portugueses, franceses, italianos, del Magreb y Latinoam\u00e9rica.<\/p>\n<p>La oferta expuesta en EXPOSOLIDOS se dirige a m\u00faltiples sectores: agr\u00edcola, alimentaci\u00f3n, qu\u00edmico caucho y pl\u00e1stico, cer\u00e1mica y vidrio, construcci\u00f3n, cosm\u00e9tica, detergentes, farmac\u00e9utico, grasos, jab\u00f3n, metal\u00fargico, madera y papel, miner\u00eda, naval\/portuario, piensos, pinturas, barnices y reciclaje.<\/p>\n<p>El director de EXPOSOLIDOS 2017, el Sr. Julio Sim\u00f3n se\u00f1ala que &#8220;<em>Las ferias industriales han de<\/em><br \/>\n<em>ser algo m\u00e1s que un muestrario de tecnolog\u00eda y servicios. Es en este, sentido que el Comit\u00e9\u00a0<\/em><em>Organizador de EXPOSOLIDOS 2017 apuesta decididamente por la informaci\u00f3n, la formaci\u00f3n\u00a0<\/em><em>y el networking organizando Jornadas T\u00e9cnicas, presentaciones de productos y workshops, as\u00ed\u00a0<\/em><em>como una feria on line<\/em>&#8220;.<\/p>\n","protected":false},"excerpt":{"rendered":"<p>EXPOSOLIDOS, Sal\u00f3n de la Tecnolog\u00eda y Procesamiento de S\u00f3lidos, es la principal feria del sur de Europa especializada en la manipulaci\u00f3n y procesamiento de s\u00f3lidos, materiales a granel, polvos secos, semi-s\u00f3lidos y separaci\u00f3n de s\u00f3lidos y l\u00edquidos. Este sal\u00f3n celebrar\u00e1 su octava edici\u00f3n los pr\u00f3ximos 14, 15 y 16 de febrero de 2017 en La Farga Centro de Actividades, sede del certamen desde su primera edici\u00f3n.<\/p>\n","protected":false},"author":8,"featured_media":4950,"comment_status":"closed","ping_status":"closed","sticky":false,"template":"","format":"standard","meta":{"inline_featured_image":false,"_uag_custom_page_level_css":"","_monsterinsights_skip_tracking":false,"_monsterinsights_sitenote_active":false,"_monsterinsights_sitenote_note":"","_monsterinsights_sitenote_category":0,"site-sidebar-layout":"default","site-content-layout":"","ast-site-content-layout":"default","site-content-style":"default","site-sidebar-style":"default","ast-global-header-display":"","ast-banner-title-visibility":"","ast-main-header-display":"","ast-hfb-above-header-display":"","ast-hfb-below-header-display":"","ast-hfb-mobile-header-display":"","site-post-title":"","ast-breadcrumbs-content":"","ast-featured-img":"","footer-sml-layout":"","ast-disable-related-posts":"","theme-transparent-header-meta":"","adv-header-id-meta":"","stick-header-meta":"","header-above-stick-meta":"","header-main-stick-meta":"","header-below-stick-meta":"","astra-migrate-meta-layouts":"default","ast-page-background-enabled":"default","ast-page-background-meta":{"desktop":{"background-color":"var(--ast-global-color-4)","background-image":"","background-repeat":"repeat","background-position":"center center","background-size":"auto","background-attachment":"scroll","background-type":"","background-media":"","overlay-type":"","overlay-color":"","overlay-opacity":"","overlay-gradient":""},"tablet":{"background-color":"","background-image":"","background-repeat":"repeat","background-position":"center center","background-size":"auto","background-attachment":"scroll","background-type":"","background-media":"","overlay-type":"","overlay-color":"","overlay-opacity":"","overlay-gradient":""},"mobile":{"background-color":"","background-image":"","background-repeat":"repeat","background-position":"center center","background-size":"auto","background-attachment":"scroll","background-type":"","background-media":"","overlay-type":"","overlay-color":"","overlay-opacity":"","overlay-gradient":""}},"ast-content-background-meta":{"desktop":{"background-color":"var(--ast-global-color-5)","background-image":"","background-repeat":"repeat","background-position":"center center","background-size":"auto","background-attachment":"scroll","background-type":"","background-media":"","overlay-type":"","overlay-color":"","overlay-opacity":"","overlay-gradient":""},"tablet":{"background-color":"var(--ast-global-color-5)","background-image":"","background-repeat":"repeat","background-position":"center center","background-size":"auto","background-attachment":"scroll","background-type":"","background-media":"","overlay-type":"","overlay-color":"","overlay-opacity":"","overlay-gradient":""},"mobile":{"background-color":"var(--ast-global-color-5)","background-image":"","background-repeat":"repeat","background-position":"center center","background-size":"auto","background-attachment":"scroll","background-type":"","background-media":"","overlay-type":"","overlay-color":"","overlay-opacity":"","overlay-gradient":""}},"footnotes":""},"categories":[73],"tags":[],"class_list":["post-4952","post","type-post","status-publish","format-standard","has-post-thumbnail","hentry","category-centro-de-actividades"],"yoast_head":"<!-- This site is optimized with the Yoast SEO plugin v27.4 - https:\/\/yoast.com\/product\/yoast-seo-wordpress\/ -->\n<title>Exposolidos anuncia la vuitena edici\u00f3 per a 2017<\/title>\n<meta name=\"description\" content=\"EXPOSOLIDOS, Sal\u00f3 de la Tecnologia i Processament de S\u00f2lids, principal fira del sud d&#039;Europa, torna a La Farga Centre d&#039;Activitats el 2017.\" \/>\n<meta name=\"robots\" content=\"index, follow, max-snippet:-1, max-image-preview:large, max-video-preview:-1\" \/>\n<link rel=\"canonical\" href=\"https:\/\/www.lafarga.com\/corporatiu\/exposolidos-anuncia-la-octava-edicion-para-2017\/\" \/>\n<meta property=\"og:locale\" content=\"ca_ES\" \/>\n<meta property=\"og:type\" content=\"article\" \/>\n<meta property=\"og:title\" content=\"Exposolidos anuncia la vuitena edici\u00f3 per a 2017\" \/>\n<meta property=\"og:description\" content=\"EXPOSOLIDOS, Sal\u00f3 de la Tecnologia i Processament de S\u00f2lids, principal fira del sud d&#039;Europa, torna a La Farga Centre d&#039;Activitats el 2017.\" \/>\n<meta property=\"og:url\" content=\"https:\/\/www.lafarga.com\/corporatiu\/exposolidos-anuncia-la-octava-edicion-para-2017\/\" \/>\n<meta property=\"og:site_name\" content=\"La Farga Gesti\u00f3n de Equipamientos Municipales, S.A.\" \/>\n<meta property=\"article:published_time\" content=\"2015-09-10T07:59:41+00:00\" \/>\n<meta property=\"article:modified_time\" content=\"2015-09-10T08:20:19+00:00\" \/>\n<meta property=\"og:image\" content=\"https:\/\/www.lafarga.com\/corporatiu\/wp-content\/uploads\/2015\/09\/exposolidos-farga.jpg\" \/>\n\t<meta property=\"og:image:width\" content=\"730\" \/>\n\t<meta property=\"og:image:height\" content=\"410\" \/>\n\t<meta property=\"og:image:type\" content=\"image\/jpeg\" \/>\n<meta name=\"author\" content=\"admfarga\" \/>\n<meta name=\"twitter:label1\" content=\"Escrit per\" \/>\n\t<meta name=\"twitter:data1\" content=\"admfarga\" \/>\n\t<meta name=\"twitter:label2\" content=\"Temps estimat de lectura\" \/>\n\t<meta name=\"twitter:data2\" content=\"2 minuts\" \/>\n<script type=\"application\/ld+json\" class=\"yoast-schema-graph\">{\"@context\":\"https:\\\/\\\/schema.org\",\"@graph\":[{\"@type\":\"Article\",\"@id\":\"https:\\\/\\\/www.lafarga.com\\\/corporatiu\\\/exposolidos-anuncia-la-octava-edicion-para-2017\\\/#article\",\"isPartOf\":{\"@id\":\"https:\\\/\\\/www.lafarga.com\\\/corporatiu\\\/exposolidos-anuncia-la-octava-edicion-para-2017\\\/\"},\"author\":{\"name\":\"admfarga\",\"@id\":\"https:\\\/\\\/www.lafarga.com\\\/corporatiu\\\/#\\\/schema\\\/person\\\/0ad4bc37b46f53e6b85ad51c2ac2d685\"},\"headline\":\"EXPOSOLIDOS anuncia la octava edici\u00f3n para 2017\",\"datePublished\":\"2015-09-10T07:59:41+00:00\",\"dateModified\":\"2015-09-10T08:20:19+00:00\",\"mainEntityOfPage\":{\"@id\":\"https:\\\/\\\/www.lafarga.com\\\/corporatiu\\\/exposolidos-anuncia-la-octava-edicion-para-2017\\\/\"},\"wordCount\":318,\"publisher\":{\"@id\":\"https:\\\/\\\/www.lafarga.com\\\/corporatiu\\\/#organization\"},\"image\":{\"@id\":\"https:\\\/\\\/www.lafarga.com\\\/corporatiu\\\/exposolidos-anuncia-la-octava-edicion-para-2017\\\/#primaryimage\"},\"thumbnailUrl\":\"https:\\\/\\\/www.lafarga.com\\\/corporatiu\\\/wp-content\\\/uploads\\\/2015\\\/09\\\/exposolidos-farga.jpg\",\"articleSection\":[\"Centro de Actividades\"],\"inLanguage\":\"ca\"},{\"@type\":\"WebPage\",\"@id\":\"https:\\\/\\\/www.lafarga.com\\\/corporatiu\\\/exposolidos-anuncia-la-octava-edicion-para-2017\\\/\",\"url\":\"https:\\\/\\\/www.lafarga.com\\\/corporatiu\\\/exposolidos-anuncia-la-octava-edicion-para-2017\\\/\",\"name\":\"Exposolidos anuncia la vuitena edici\u00f3 per a 2017\",\"isPartOf\":{\"@id\":\"https:\\\/\\\/www.lafarga.com\\\/corporatiu\\\/#website\"},\"primaryImageOfPage\":{\"@id\":\"https:\\\/\\\/www.lafarga.com\\\/corporatiu\\\/exposolidos-anuncia-la-octava-edicion-para-2017\\\/#primaryimage\"},\"image\":{\"@id\":\"https:\\\/\\\/www.lafarga.com\\\/corporatiu\\\/exposolidos-anuncia-la-octava-edicion-para-2017\\\/#primaryimage\"},\"thumbnailUrl\":\"https:\\\/\\\/www.lafarga.com\\\/corporatiu\\\/wp-content\\\/uploads\\\/2015\\\/09\\\/exposolidos-farga.jpg\",\"datePublished\":\"2015-09-10T07:59:41+00:00\",\"dateModified\":\"2015-09-10T08:20:19+00:00\",\"description\":\"EXPOSOLIDOS, Sal\u00f3 de la Tecnologia i Processament de S\u00f2lids, principal fira del sud d'Europa, torna a La Farga Centre d'Activitats el 2017.\",\"breadcrumb\":{\"@id\":\"https:\\\/\\\/www.lafarga.com\\\/corporatiu\\\/exposolidos-anuncia-la-octava-edicion-para-2017\\\/#breadcrumb\"},\"inLanguage\":\"ca\",\"potentialAction\":[{\"@type\":\"ReadAction\",\"target\":[\"https:\\\/\\\/www.lafarga.com\\\/corporatiu\\\/exposolidos-anuncia-la-octava-edicion-para-2017\\\/\"]}]},{\"@type\":\"ImageObject\",\"inLanguage\":\"ca\",\"@id\":\"https:\\\/\\\/www.lafarga.com\\\/corporatiu\\\/exposolidos-anuncia-la-octava-edicion-para-2017\\\/#primaryimage\",\"url\":\"https:\\\/\\\/www.lafarga.com\\\/corporatiu\\\/wp-content\\\/uploads\\\/2015\\\/09\\\/exposolidos-farga.jpg\",\"contentUrl\":\"https:\\\/\\\/www.lafarga.com\\\/corporatiu\\\/wp-content\\\/uploads\\\/2015\\\/09\\\/exposolidos-farga.jpg\",\"width\":730,\"height\":410},{\"@type\":\"BreadcrumbList\",\"@id\":\"https:\\\/\\\/www.lafarga.com\\\/corporatiu\\\/exposolidos-anuncia-la-octava-edicion-para-2017\\\/#breadcrumb\",\"itemListElement\":[{\"@type\":\"ListItem\",\"position\":1,\"name\":\"Home\",\"item\":\"https:\\\/\\\/www.lafarga.com\\\/corporatiu\\\/lafarga-hospitalet-llobregat\\\/\"},{\"@type\":\"ListItem\",\"position\":2,\"name\":\"EXPOSOLIDOS anuncia la octava edici\u00f3n para 2017\"}]},{\"@type\":\"WebSite\",\"@id\":\"https:\\\/\\\/www.lafarga.com\\\/corporatiu\\\/#website\",\"url\":\"https:\\\/\\\/www.lafarga.com\\\/corporatiu\\\/\",\"name\":\"La Farga Gesti\u00f3 d&#039;Equipaments Municipals, SA\",\"description\":\"\",\"publisher\":{\"@id\":\"https:\\\/\\\/www.lafarga.com\\\/corporatiu\\\/#organization\"},\"potentialAction\":[{\"@type\":\"SearchAction\",\"target\":{\"@type\":\"EntryPoint\",\"urlTemplate\":\"https:\\\/\\\/www.lafarga.com\\\/corporatiu\\\/?s={search_term_string}\"},\"query-input\":{\"@type\":\"PropertyValueSpecification\",\"valueRequired\":true,\"valueName\":\"search_term_string\"}}],\"inLanguage\":\"ca\"},{\"@type\":\"Organization\",\"@id\":\"https:\\\/\\\/www.lafarga.com\\\/corporatiu\\\/#organization\",\"name\":\"La Farga Gesti\u00f3 d&#039;Equipaments Municipals, SA\",\"url\":\"https:\\\/\\\/www.lafarga.com\\\/corporatiu\\\/\",\"logo\":{\"@type\":\"ImageObject\",\"inLanguage\":\"ca\",\"@id\":\"https:\\\/\\\/www.lafarga.com\\\/corporatiu\\\/#\\\/schema\\\/logo\\\/image\\\/\",\"url\":\"https:\\\/\\\/www.lafarga.com\\\/corporatiu\\\/wp-content\\\/uploads\\\/2023\\\/11\\\/logotipo_lafarga_gemsa.svg\",\"contentUrl\":\"https:\\\/\\\/www.lafarga.com\\\/corporatiu\\\/wp-content\\\/uploads\\\/2023\\\/11\\\/logotipo_lafarga_gemsa.svg\",\"width\":102,\"height\":103,\"caption\":\"La Farga Gesti\u00f3 d&#039;Equipaments Municipals, SA\"},\"image\":{\"@id\":\"https:\\\/\\\/www.lafarga.com\\\/corporatiu\\\/#\\\/schema\\\/logo\\\/image\\\/\"}},{\"@type\":\"Person\",\"@id\":\"https:\\\/\\\/www.lafarga.com\\\/corporatiu\\\/#\\\/schema\\\/person\\\/0ad4bc37b46f53e6b85ad51c2ac2d685\",\"name\":\"admfarga\",\"image\":{\"@type\":\"ImageObject\",\"inLanguage\":\"ca\",\"@id\":\"https:\\\/\\\/secure.gravatar.com\\\/avatar\\\/2a2db0975754ce87d41cab8623874e9e5ef5d0add52244aba02a09775feab5cb?s=96&d=mm&r=g\",\"url\":\"https:\\\/\\\/secure.gravatar.com\\\/avatar\\\/2a2db0975754ce87d41cab8623874e9e5ef5d0add52244aba02a09775feab5cb?s=96&d=mm&r=g\",\"contentUrl\":\"https:\\\/\\\/secure.gravatar.com\\\/avatar\\\/2a2db0975754ce87d41cab8623874e9e5ef5d0add52244aba02a09775feab5cb?s=96&d=mm&r=g\",\"caption\":\"admfarga\"},\"url\":\"https:\\\/\\\/www.lafarga.com\\\/corporatiu\\\/author\\\/admfarga\\\/\"}]}<\/script>\n<!-- \/ Yoast SEO plugin. -->","yoast_head_json":{"title":"Exposolidos anuncia la vuitena edici\u00f3 per a 2017","description":"EXPOSOLIDOS, Sal\u00f3 de la Tecnologia i Processament de S\u00f2lids, principal fira del sud d'Europa, torna a La Farga Centre d'Activitats el 2017.","robots":{"index":"index","follow":"follow","max-snippet":"max-snippet:-1","max-image-preview":"max-image-preview:large","max-video-preview":"max-video-preview:-1"},"canonical":"https:\/\/www.lafarga.com\/corporatiu\/exposolidos-anuncia-la-octava-edicion-para-2017\/","og_locale":"ca_ES","og_type":"article","og_title":"Exposolidos anuncia la vuitena edici\u00f3 per a 2017","og_description":"EXPOSOLIDOS, Sal\u00f3 de la Tecnologia i Processament de S\u00f2lids, principal fira del sud d'Europa, torna a La Farga Centre d'Activitats el 2017.","og_url":"https:\/\/www.lafarga.com\/corporatiu\/exposolidos-anuncia-la-octava-edicion-para-2017\/","og_site_name":"La Farga Gesti\u00f3n de Equipamientos Municipales, S.A.","article_published_time":"2015-09-10T07:59:41+00:00","article_modified_time":"2015-09-10T08:20:19+00:00","og_image":[{"width":730,"height":410,"url":"https:\/\/www.lafarga.com\/corporatiu\/wp-content\/uploads\/2015\/09\/exposolidos-farga.jpg","type":"image\/jpeg"}],"author":"admfarga","twitter_misc":{"Escrit per":"admfarga","Temps estimat de lectura":"2 minuts"},"schema":{"@context":"https:\/\/schema.org","@graph":[{"@type":"Article","@id":"https:\/\/www.lafarga.com\/corporatiu\/exposolidos-anuncia-la-octava-edicion-para-2017\/#article","isPartOf":{"@id":"https:\/\/www.lafarga.com\/corporatiu\/exposolidos-anuncia-la-octava-edicion-para-2017\/"},"author":{"name":"admfarga","@id":"https:\/\/www.lafarga.com\/corporatiu\/#\/schema\/person\/0ad4bc37b46f53e6b85ad51c2ac2d685"},"headline":"EXPOSOLIDOS anuncia la octava edici\u00f3n para 2017","datePublished":"2015-09-10T07:59:41+00:00","dateModified":"2015-09-10T08:20:19+00:00","mainEntityOfPage":{"@id":"https:\/\/www.lafarga.com\/corporatiu\/exposolidos-anuncia-la-octava-edicion-para-2017\/"},"wordCount":318,"publisher":{"@id":"https:\/\/www.lafarga.com\/corporatiu\/#organization"},"image":{"@id":"https:\/\/www.lafarga.com\/corporatiu\/exposolidos-anuncia-la-octava-edicion-para-2017\/#primaryimage"},"thumbnailUrl":"https:\/\/www.lafarga.com\/corporatiu\/wp-content\/uploads\/2015\/09\/exposolidos-farga.jpg","articleSection":["Centro de Actividades"],"inLanguage":"ca"},{"@type":"WebPage","@id":"https:\/\/www.lafarga.com\/corporatiu\/exposolidos-anuncia-la-octava-edicion-para-2017\/","url":"https:\/\/www.lafarga.com\/corporatiu\/exposolidos-anuncia-la-octava-edicion-para-2017\/","name":"Exposolidos anuncia la vuitena edici\u00f3 per a 2017","isPartOf":{"@id":"https:\/\/www.lafarga.com\/corporatiu\/#website"},"primaryImageOfPage":{"@id":"https:\/\/www.lafarga.com\/corporatiu\/exposolidos-anuncia-la-octava-edicion-para-2017\/#primaryimage"},"image":{"@id":"https:\/\/www.lafarga.com\/corporatiu\/exposolidos-anuncia-la-octava-edicion-para-2017\/#primaryimage"},"thumbnailUrl":"https:\/\/www.lafarga.com\/corporatiu\/wp-content\/uploads\/2015\/09\/exposolidos-farga.jpg","datePublished":"2015-09-10T07:59:41+00:00","dateModified":"2015-09-10T08:20:19+00:00","description":"EXPOSOLIDOS, Sal\u00f3 de la Tecnologia i Processament de S\u00f2lids, principal fira del sud d'Europa, torna a La Farga Centre d'Activitats el 2017.","breadcrumb":{"@id":"https:\/\/www.lafarga.com\/corporatiu\/exposolidos-anuncia-la-octava-edicion-para-2017\/#breadcrumb"},"inLanguage":"ca","potentialAction":[{"@type":"ReadAction","target":["https:\/\/www.lafarga.com\/corporatiu\/exposolidos-anuncia-la-octava-edicion-para-2017\/"]}]},{"@type":"ImageObject","inLanguage":"ca","@id":"https:\/\/www.lafarga.com\/corporatiu\/exposolidos-anuncia-la-octava-edicion-para-2017\/#primaryimage","url":"https:\/\/www.lafarga.com\/corporatiu\/wp-content\/uploads\/2015\/09\/exposolidos-farga.jpg","contentUrl":"https:\/\/www.lafarga.com\/corporatiu\/wp-content\/uploads\/2015\/09\/exposolidos-farga.jpg","width":730,"height":410},{"@type":"BreadcrumbList","@id":"https:\/\/www.lafarga.com\/corporatiu\/exposolidos-anuncia-la-octava-edicion-para-2017\/#breadcrumb","itemListElement":[{"@type":"ListItem","position":1,"name":"Home","item":"https:\/\/www.lafarga.com\/corporatiu\/lafarga-hospitalet-llobregat\/"},{"@type":"ListItem","position":2,"name":"EXPOSOLIDOS anuncia la octava edici\u00f3n para 2017"}]},{"@type":"WebSite","@id":"https:\/\/www.lafarga.com\/corporatiu\/#website","url":"https:\/\/www.lafarga.com\/corporatiu\/","name":"La Farga Gesti\u00f3 d&#039;Equipaments Municipals, SA","description":"","publisher":{"@id":"https:\/\/www.lafarga.com\/corporatiu\/#organization"},"potentialAction":[{"@type":"SearchAction","target":{"@type":"EntryPoint","urlTemplate":"https:\/\/www.lafarga.com\/corporatiu\/?s={search_term_string}"},"query-input":{"@type":"PropertyValueSpecification","valueRequired":true,"valueName":"search_term_string"}}],"inLanguage":"ca"},{"@type":"Organization","@id":"https:\/\/www.lafarga.com\/corporatiu\/#organization","name":"La Farga Gesti\u00f3 d&#039;Equipaments Municipals, SA","url":"https:\/\/www.lafarga.com\/corporatiu\/","logo":{"@type":"ImageObject","inLanguage":"ca","@id":"https:\/\/www.lafarga.com\/corporatiu\/#\/schema\/logo\/image\/","url":"https:\/\/www.lafarga.com\/corporatiu\/wp-content\/uploads\/2023\/11\/logotipo_lafarga_gemsa.svg","contentUrl":"https:\/\/www.lafarga.com\/corporatiu\/wp-content\/uploads\/2023\/11\/logotipo_lafarga_gemsa.svg","width":102,"height":103,"caption":"La Farga Gesti\u00f3 d&#039;Equipaments Municipals, SA"},"image":{"@id":"https:\/\/www.lafarga.com\/corporatiu\/#\/schema\/logo\/image\/"}},{"@type":"Person","@id":"https:\/\/www.lafarga.com\/corporatiu\/#\/schema\/person\/0ad4bc37b46f53e6b85ad51c2ac2d685","name":"admfarga","image":{"@type":"ImageObject","inLanguage":"ca","@id":"https:\/\/secure.gravatar.com\/avatar\/2a2db0975754ce87d41cab8623874e9e5ef5d0add52244aba02a09775feab5cb?s=96&d=mm&r=g","url":"https:\/\/secure.gravatar.com\/avatar\/2a2db0975754ce87d41cab8623874e9e5ef5d0add52244aba02a09775feab5cb?s=96&d=mm&r=g","contentUrl":"https:\/\/secure.gravatar.com\/avatar\/2a2db0975754ce87d41cab8623874e9e5ef5d0add52244aba02a09775feab5cb?s=96&d=mm&r=g","caption":"admfarga"},"url":"https:\/\/www.lafarga.com\/corporatiu\/author\/admfarga\/"}]}},"uagb_featured_image_src":{"full":["https:\/\/www.lafarga.com\/corporatiu\/wp-content\/uploads\/2015\/09\/exposolidos-farga.jpg",730,410,false],"thumbnail":["https:\/\/www.lafarga.com\/corporatiu\/wp-content\/uploads\/2015\/09\/exposolidos-farga-150x150.jpg",150,150,true],"medium":["https:\/\/www.lafarga.com\/corporatiu\/wp-content\/uploads\/2015\/09\/exposolidos-farga-300x168.jpg",300,168,true],"medium_large":["https:\/\/www.lafarga.com\/corporatiu\/wp-content\/uploads\/2015\/09\/exposolidos-farga.jpg",730,410,false],"large":["https:\/\/www.lafarga.com\/corporatiu\/wp-content\/uploads\/2015\/09\/exposolidos-farga.jpg",730,410,false],"1536x1536":["https:\/\/www.lafarga.com\/corporatiu\/wp-content\/uploads\/2015\/09\/exposolidos-farga.jpg",730,410,false],"2048x2048":["https:\/\/www.lafarga.com\/corporatiu\/wp-content\/uploads\/2015\/09\/exposolidos-farga.jpg",730,410,false],"mailpoet_newsletter_max":["https:\/\/www.lafarga.com\/corporatiu\/wp-content\/uploads\/2015\/09\/exposolidos-farga.jpg",730,410,false]},"uagb_author_info":{"display_name":"admfarga","author_link":"https:\/\/www.lafarga.com\/corporatiu\/author\/admfarga\/"},"uagb_comment_info":0,"uagb_excerpt":"EXPOSOLIDOS, Sal\u00f3n de la Tecnolog\u00eda y Procesamiento de S\u00f3lidos, es la principal feria del sur de Europa especializada en la manipulaci\u00f3n y procesamiento de s\u00f3lidos, materiales a granel, polvos secos, semi-s\u00f3lidos y separaci\u00f3n de s\u00f3lidos y l\u00edquidos. Este sal\u00f3n celebrar\u00e1 su octava edici\u00f3n los pr\u00f3ximos 14, 15 y 16 de febrero de 2017 en La&hellip;","_links":{"self":[{"href":"https:\/\/www.lafarga.com\/corporatiu\/wp-json\/wp\/v2\/posts\/4952","targetHints":{"allow":["GET"]}}],"collection":[{"href":"https:\/\/www.lafarga.com\/corporatiu\/wp-json\/wp\/v2\/posts"}],"about":[{"href":"https:\/\/www.lafarga.com\/corporatiu\/wp-json\/wp\/v2\/types\/post"}],"author":[{"embeddable":true,"href":"https:\/\/www.lafarga.com\/corporatiu\/wp-json\/wp\/v2\/users\/8"}],"replies":[{"embeddable":true,"href":"https:\/\/www.lafarga.com\/corporatiu\/wp-json\/wp\/v2\/comments?post=4952"}],"version-history":[{"count":5,"href":"https:\/\/www.lafarga.com\/corporatiu\/wp-json\/wp\/v2\/posts\/4952\/revisions"}],"predecessor-version":[{"id":4961,"href":"https:\/\/www.lafarga.com\/corporatiu\/wp-json\/wp\/v2\/posts\/4952\/revisions\/4961"}],"wp:featuredmedia":[{"embeddable":true,"href":"https:\/\/www.lafarga.com\/corporatiu\/wp-json\/wp\/v2\/media\/4950"}],"wp:attachment":[{"href":"https:\/\/www.lafarga.com\/corporatiu\/wp-json\/wp\/v2\/media?parent=4952"}],"wp:term":[{"taxonomy":"category","embeddable":true,"href":"https:\/\/www.lafarga.com\/corporatiu\/wp-json\/wp\/v2\/categories?post=4952"},{"taxonomy":"post_tag","embeddable":true,"href":"https:\/\/www.lafarga.com\/corporatiu\/wp-json\/wp\/v2\/tags?post=4952"}],"curies":[{"name":"wp","href":"https:\/\/api.w.org\/{rel}","templated":true}]}}