{"id":4923,"date":"2015-09-04T10:57:37","date_gmt":"2015-09-04T10:57:37","guid":{"rendered":"http:\/\/www.lafarga.com\/corporatiu\/?p=4923"},"modified":"2015-09-04T11:04:12","modified_gmt":"2015-09-04T11:04:12","slug":"televisio-lhospitalet-amb-els-50-anys-de-bellvitge","status":"publish","type":"post","link":"https:\/\/www.lafarga.com\/corporatiu\/televisio-lhospitalet-amb-els-50-anys-de-bellvitge\/","title":{"rendered":"Televisi\u00f3 de L&#8217;Hospitalet, amb els 50 anys de Bellvitge"},"content":{"rendered":"<p>Televisi\u00f3 L&#8217;Hospitalet, mitj\u00e0 de comunicaci\u00f3 que gestiona La Farga Gesti\u00f3 d&#8217;Equipaments Municipals SA, enceta una s\u00e8rie de reportatges per commemorar el 50\u00e8 aniversari de la construcci\u00f3 del barri de Bellvitge.<\/p>\n<p>A partir de \u00a0la propera setmana i coincidint amb la Festa Major del barri s&#8217;emeteran en l&#8217;espai televisiu &#8220;<a href=\"http:\/\/lhdigital.cat\/web\/digital-h\/televisio\/tots-els-videos\/tags\/video%20reportatges\" target=\"_blank\">En 5 minuts<\/a>&#8220;, reportatges sobre Bellvitge amb hist\u00f2ries de lloc emblem\u00e0tics del barri i tamb\u00e9 hist\u00f2ries m\u00e9s personals i familiars dels ve\u00efns i ve\u00efnes que van arribar ara fa 50 anys a aquest indret de la ciutat.<\/p>\n<p>Aquest dilluns 7 de setembre s&#8217;entrenar\u00e0, a les 19.45 hores, el reportatge sobre la hist\u00f2ria de la ermita de Bellvitge. Dimarts ser\u00e0 el torn del reportatge sobre la <a href=\"http:\/\/lhdigital.cat\/web\/digital-h\/noticia\/reportatges\/-\/journal_content\/56_INSTANCE_43Th\/11023\/9862122\" target=\"_blank\">fam\u00edlia Mij\u00e1n<\/a>. Dimecres s&#8217;emetr\u00e0 un espai sobre la <a href=\"http:\/\/lhdigital.cat\/videos_2015\/5minuts\/5MIN_BELLVITGE_50_ANYS_DONES_1504.mp4\" target=\"_blank\">lluita reivindicativa de les dones al barri<\/a>. I dijous el reportatge que analitza els inicis de Bellvitge.<\/p>\n<p>Tots els documentals es podran consultar a la carta a <a href=\"http:\/\/lhdigital.cat\/web\/digital-h\/\" target=\"_blank\">L&#8217;Hdigital<\/a>.<\/p>\n","protected":false},"excerpt":{"rendered":"<p>Televisi\u00f3 L&#8217;Hospitalet, mitj\u00e0 de comunicaci\u00f3 que gestiona La Farga Gesti\u00f3 d&#8217;Equipaments Municipals SA, enceta una s\u00e8rie de reportatges per commemorar el 50\u00e8 aniversari de la construcci\u00f3 del barri de Bellvitge. A partir de  la propera setmana i coincidint amb la Festa Major del barri s&#8217;emeteran en l&#8217;espai televisiu &#8220;En 5 minuts&#8221;, reportatges sobre Bellvitge amb hist\u00f2ries de lloc emblem\u00e0tics del barri i tamb\u00e9 hist\u00f2ries m\u00e9s personals i familiars dels ve\u00efns i ve\u00efnes que van arribar ara fa 50 anys a aquest indret de la ciutat. <\/p>\n","protected":false},"author":8,"featured_media":4924,"comment_status":"closed","ping_status":"closed","sticky":false,"template":"","format":"standard","meta":{"inline_featured_image":false,"_uag_custom_page_level_css":"","_monsterinsights_skip_tracking":false,"_monsterinsights_sitenote_active":false,"_monsterinsights_sitenote_note":"","_monsterinsights_sitenote_category":0,"site-sidebar-layout":"default","site-content-layout":"","ast-site-content-layout":"default","site-content-style":"default","site-sidebar-style":"default","ast-global-header-display":"","ast-banner-title-visibility":"","ast-main-header-display":"","ast-hfb-above-header-display":"","ast-hfb-below-header-display":"","ast-hfb-mobile-header-display":"","site-post-title":"","ast-breadcrumbs-content":"","ast-featured-img":"","footer-sml-layout":"","ast-disable-related-posts":"","theme-transparent-header-meta":"","adv-header-id-meta":"","stick-header-meta":"","header-above-stick-meta":"","header-main-stick-meta":"","header-below-stick-meta":"","astra-migrate-meta-layouts":"default","ast-page-background-enabled":"default","ast-page-background-meta":{"desktop":{"background-color":"var(--ast-global-color-4)","background-image":"","background-repeat":"repeat","background-position":"center center","background-size":"auto","background-attachment":"scroll","background-type":"","background-media":"","overlay-type":"","overlay-color":"","overlay-opacity":"","overlay-gradient":""},"tablet":{"background-color":"","background-image":"","background-repeat":"repeat","background-position":"center center","background-size":"auto","background-attachment":"scroll","background-type":"","background-media":"","overlay-type":"","overlay-color":"","overlay-opacity":"","overlay-gradient":""},"mobile":{"background-color":"","background-image":"","background-repeat":"repeat","background-position":"center center","background-size":"auto","background-attachment":"scroll","background-type":"","background-media":"","overlay-type":"","overlay-color":"","overlay-opacity":"","overlay-gradient":""}},"ast-content-background-meta":{"desktop":{"background-color":"var(--ast-global-color-5)","background-image":"","background-repeat":"repeat","background-position":"center center","background-size":"auto","background-attachment":"scroll","background-type":"","background-media":"","overlay-type":"","overlay-color":"","overlay-opacity":"","overlay-gradient":""},"tablet":{"background-color":"var(--ast-global-color-5)","background-image":"","background-repeat":"repeat","background-position":"center center","background-size":"auto","background-attachment":"scroll","background-type":"","background-media":"","overlay-type":"","overlay-color":"","overlay-opacity":"","overlay-gradient":""},"mobile":{"background-color":"var(--ast-global-color-5)","background-image":"","background-repeat":"repeat","background-position":"center center","background-size":"auto","background-attachment":"scroll","background-type":"","background-media":"","overlay-type":"","overlay-color":"","overlay-opacity":"","overlay-gradient":""}},"footnotes":""},"categories":[51],"tags":[],"class_list":["post-4923","post","type-post","status-publish","format-standard","has-post-thumbnail","hentry","category-mitjans-comunicacio"],"yoast_head":"<!-- This site is optimized with the Yoast SEO plugin v27.4 - https:\/\/yoast.com\/product\/yoast-seo-wordpress\/ -->\n<title>Televisi\u00f3 de L&#039;Hospitalet, amb els 50 anys de Bellvitge<\/title>\n<meta name=\"description\" content=\"Televisi\u00f3 L&#039;Hospitalet enceta una s\u00e8rie de reportatges per commemorar el 50\u00e8 aniversari de la construcci\u00f3 del barri de Bellvitge.\" \/>\n<meta name=\"robots\" content=\"index, follow, max-snippet:-1, max-image-preview:large, max-video-preview:-1\" \/>\n<link rel=\"canonical\" href=\"https:\/\/www.lafarga.com\/corporatiu\/televisio-lhospitalet-amb-els-50-anys-de-bellvitge\/\" \/>\n<meta property=\"og:locale\" content=\"ca_ES\" \/>\n<meta property=\"og:type\" content=\"article\" \/>\n<meta property=\"og:title\" content=\"Televisi\u00f3 de L&#039;Hospitalet, amb els 50 anys de Bellvitge\" \/>\n<meta property=\"og:description\" content=\"Televisi\u00f3 L&#039;Hospitalet enceta una s\u00e8rie de reportatges per commemorar el 50\u00e8 aniversari de la construcci\u00f3 del barri de Bellvitge.\" \/>\n<meta property=\"og:url\" content=\"https:\/\/www.lafarga.com\/corporatiu\/televisio-lhospitalet-amb-els-50-anys-de-bellvitge\/\" \/>\n<meta property=\"og:site_name\" content=\"La Farga Gesti\u00f3n de Equipamientos Municipales, S.A.\" \/>\n<meta property=\"article:published_time\" content=\"2015-09-04T10:57:37+00:00\" \/>\n<meta property=\"article:modified_time\" content=\"2015-09-04T11:04:12+00:00\" \/>\n<meta property=\"og:image\" content=\"https:\/\/www.lafarga.com\/corporatiu\/wp-content\/uploads\/2015\/09\/Bellvitge-farga.jpg\" \/>\n\t<meta property=\"og:image:width\" content=\"730\" \/>\n\t<meta property=\"og:image:height\" content=\"410\" \/>\n\t<meta property=\"og:image:type\" content=\"image\/jpeg\" \/>\n<meta name=\"author\" content=\"admfarga\" \/>\n<meta name=\"twitter:label1\" content=\"Escrit per\" \/>\n\t<meta name=\"twitter:data1\" content=\"admfarga\" \/>\n\t<meta name=\"twitter:label2\" content=\"Temps estimat de lectura\" \/>\n\t<meta name=\"twitter:data2\" content=\"1 minut\" \/>\n<script type=\"application\/ld+json\" class=\"yoast-schema-graph\">{\"@context\":\"https:\\\/\\\/schema.org\",\"@graph\":[{\"@type\":\"Article\",\"@id\":\"https:\\\/\\\/www.lafarga.com\\\/corporatiu\\\/televisio-lhospitalet-amb-els-50-anys-de-bellvitge\\\/#article\",\"isPartOf\":{\"@id\":\"https:\\\/\\\/www.lafarga.com\\\/corporatiu\\\/televisio-lhospitalet-amb-els-50-anys-de-bellvitge\\\/\"},\"author\":{\"name\":\"admfarga\",\"@id\":\"https:\\\/\\\/www.lafarga.com\\\/corporatiu\\\/#\\\/schema\\\/person\\\/0ad4bc37b46f53e6b85ad51c2ac2d685\"},\"headline\":\"Televisi\u00f3 de L&#8217;Hospitalet, amb els 50 anys de Bellvitge\",\"datePublished\":\"2015-09-04T10:57:37+00:00\",\"dateModified\":\"2015-09-04T11:04:12+00:00\",\"mainEntityOfPage\":{\"@id\":\"https:\\\/\\\/www.lafarga.com\\\/corporatiu\\\/televisio-lhospitalet-amb-els-50-anys-de-bellvitge\\\/\"},\"wordCount\":170,\"publisher\":{\"@id\":\"https:\\\/\\\/www.lafarga.com\\\/corporatiu\\\/#organization\"},\"image\":{\"@id\":\"https:\\\/\\\/www.lafarga.com\\\/corporatiu\\\/televisio-lhospitalet-amb-els-50-anys-de-bellvitge\\\/#primaryimage\"},\"thumbnailUrl\":\"https:\\\/\\\/www.lafarga.com\\\/corporatiu\\\/wp-content\\\/uploads\\\/2015\\\/09\\\/Bellvitge-farga.jpg\",\"articleSection\":[\"Mitjans de Comunicaci\u00f3\"],\"inLanguage\":\"ca\"},{\"@type\":\"WebPage\",\"@id\":\"https:\\\/\\\/www.lafarga.com\\\/corporatiu\\\/televisio-lhospitalet-amb-els-50-anys-de-bellvitge\\\/\",\"url\":\"https:\\\/\\\/www.lafarga.com\\\/corporatiu\\\/televisio-lhospitalet-amb-els-50-anys-de-bellvitge\\\/\",\"name\":\"Televisi\u00f3 de L'Hospitalet, amb els 50 anys de Bellvitge\",\"isPartOf\":{\"@id\":\"https:\\\/\\\/www.lafarga.com\\\/corporatiu\\\/#website\"},\"primaryImageOfPage\":{\"@id\":\"https:\\\/\\\/www.lafarga.com\\\/corporatiu\\\/televisio-lhospitalet-amb-els-50-anys-de-bellvitge\\\/#primaryimage\"},\"image\":{\"@id\":\"https:\\\/\\\/www.lafarga.com\\\/corporatiu\\\/televisio-lhospitalet-amb-els-50-anys-de-bellvitge\\\/#primaryimage\"},\"thumbnailUrl\":\"https:\\\/\\\/www.lafarga.com\\\/corporatiu\\\/wp-content\\\/uploads\\\/2015\\\/09\\\/Bellvitge-farga.jpg\",\"datePublished\":\"2015-09-04T10:57:37+00:00\",\"dateModified\":\"2015-09-04T11:04:12+00:00\",\"description\":\"Televisi\u00f3 L'Hospitalet enceta una s\u00e8rie de reportatges per commemorar el 50\u00e8 aniversari de la construcci\u00f3 del barri de Bellvitge.\",\"breadcrumb\":{\"@id\":\"https:\\\/\\\/www.lafarga.com\\\/corporatiu\\\/televisio-lhospitalet-amb-els-50-anys-de-bellvitge\\\/#breadcrumb\"},\"inLanguage\":\"ca\",\"potentialAction\":[{\"@type\":\"ReadAction\",\"target\":[\"https:\\\/\\\/www.lafarga.com\\\/corporatiu\\\/televisio-lhospitalet-amb-els-50-anys-de-bellvitge\\\/\"]}]},{\"@type\":\"ImageObject\",\"inLanguage\":\"ca\",\"@id\":\"https:\\\/\\\/www.lafarga.com\\\/corporatiu\\\/televisio-lhospitalet-amb-els-50-anys-de-bellvitge\\\/#primaryimage\",\"url\":\"https:\\\/\\\/www.lafarga.com\\\/corporatiu\\\/wp-content\\\/uploads\\\/2015\\\/09\\\/Bellvitge-farga.jpg\",\"contentUrl\":\"https:\\\/\\\/www.lafarga.com\\\/corporatiu\\\/wp-content\\\/uploads\\\/2015\\\/09\\\/Bellvitge-farga.jpg\",\"width\":730,\"height\":410},{\"@type\":\"BreadcrumbList\",\"@id\":\"https:\\\/\\\/www.lafarga.com\\\/corporatiu\\\/televisio-lhospitalet-amb-els-50-anys-de-bellvitge\\\/#breadcrumb\",\"itemListElement\":[{\"@type\":\"ListItem\",\"position\":1,\"name\":\"Home\",\"item\":\"https:\\\/\\\/www.lafarga.com\\\/corporatiu\\\/lafarga-hospitalet-llobregat\\\/\"},{\"@type\":\"ListItem\",\"position\":2,\"name\":\"Televisi\u00f3 de L&#8217;Hospitalet, amb els 50 anys de Bellvitge\"}]},{\"@type\":\"WebSite\",\"@id\":\"https:\\\/\\\/www.lafarga.com\\\/corporatiu\\\/#website\",\"url\":\"https:\\\/\\\/www.lafarga.com\\\/corporatiu\\\/\",\"name\":\"La Farga Gesti\u00f3 d&#039;Equipaments Municipals, SA\",\"description\":\"\",\"publisher\":{\"@id\":\"https:\\\/\\\/www.lafarga.com\\\/corporatiu\\\/#organization\"},\"potentialAction\":[{\"@type\":\"SearchAction\",\"target\":{\"@type\":\"EntryPoint\",\"urlTemplate\":\"https:\\\/\\\/www.lafarga.com\\\/corporatiu\\\/?s={search_term_string}\"},\"query-input\":{\"@type\":\"PropertyValueSpecification\",\"valueRequired\":true,\"valueName\":\"search_term_string\"}}],\"inLanguage\":\"ca\"},{\"@type\":\"Organization\",\"@id\":\"https:\\\/\\\/www.lafarga.com\\\/corporatiu\\\/#organization\",\"name\":\"La Farga Gesti\u00f3 d&#039;Equipaments Municipals, SA\",\"url\":\"https:\\\/\\\/www.lafarga.com\\\/corporatiu\\\/\",\"logo\":{\"@type\":\"ImageObject\",\"inLanguage\":\"ca\",\"@id\":\"https:\\\/\\\/www.lafarga.com\\\/corporatiu\\\/#\\\/schema\\\/logo\\\/image\\\/\",\"url\":\"https:\\\/\\\/www.lafarga.com\\\/corporatiu\\\/wp-content\\\/uploads\\\/2023\\\/11\\\/logotipo_lafarga_gemsa.svg\",\"contentUrl\":\"https:\\\/\\\/www.lafarga.com\\\/corporatiu\\\/wp-content\\\/uploads\\\/2023\\\/11\\\/logotipo_lafarga_gemsa.svg\",\"width\":102,\"height\":103,\"caption\":\"La Farga Gesti\u00f3 d&#039;Equipaments Municipals, SA\"},\"image\":{\"@id\":\"https:\\\/\\\/www.lafarga.com\\\/corporatiu\\\/#\\\/schema\\\/logo\\\/image\\\/\"}},{\"@type\":\"Person\",\"@id\":\"https:\\\/\\\/www.lafarga.com\\\/corporatiu\\\/#\\\/schema\\\/person\\\/0ad4bc37b46f53e6b85ad51c2ac2d685\",\"name\":\"admfarga\",\"image\":{\"@type\":\"ImageObject\",\"inLanguage\":\"ca\",\"@id\":\"https:\\\/\\\/secure.gravatar.com\\\/avatar\\\/2a2db0975754ce87d41cab8623874e9e5ef5d0add52244aba02a09775feab5cb?s=96&d=mm&r=g\",\"url\":\"https:\\\/\\\/secure.gravatar.com\\\/avatar\\\/2a2db0975754ce87d41cab8623874e9e5ef5d0add52244aba02a09775feab5cb?s=96&d=mm&r=g\",\"contentUrl\":\"https:\\\/\\\/secure.gravatar.com\\\/avatar\\\/2a2db0975754ce87d41cab8623874e9e5ef5d0add52244aba02a09775feab5cb?s=96&d=mm&r=g\",\"caption\":\"admfarga\"},\"url\":\"https:\\\/\\\/www.lafarga.com\\\/corporatiu\\\/author\\\/admfarga\\\/\"}]}<\/script>\n<!-- \/ Yoast SEO plugin. -->","yoast_head_json":{"title":"Televisi\u00f3 de L'Hospitalet, amb els 50 anys de Bellvitge","description":"Televisi\u00f3 L'Hospitalet enceta una s\u00e8rie de reportatges per commemorar el 50\u00e8 aniversari de la construcci\u00f3 del barri de Bellvitge.","robots":{"index":"index","follow":"follow","max-snippet":"max-snippet:-1","max-image-preview":"max-image-preview:large","max-video-preview":"max-video-preview:-1"},"canonical":"https:\/\/www.lafarga.com\/corporatiu\/televisio-lhospitalet-amb-els-50-anys-de-bellvitge\/","og_locale":"ca_ES","og_type":"article","og_title":"Televisi\u00f3 de L'Hospitalet, amb els 50 anys de Bellvitge","og_description":"Televisi\u00f3 L'Hospitalet enceta una s\u00e8rie de reportatges per commemorar el 50\u00e8 aniversari de la construcci\u00f3 del barri de Bellvitge.","og_url":"https:\/\/www.lafarga.com\/corporatiu\/televisio-lhospitalet-amb-els-50-anys-de-bellvitge\/","og_site_name":"La Farga Gesti\u00f3n de Equipamientos Municipales, S.A.","article_published_time":"2015-09-04T10:57:37+00:00","article_modified_time":"2015-09-04T11:04:12+00:00","og_image":[{"width":730,"height":410,"url":"https:\/\/www.lafarga.com\/corporatiu\/wp-content\/uploads\/2015\/09\/Bellvitge-farga.jpg","type":"image\/jpeg"}],"author":"admfarga","twitter_misc":{"Escrit per":"admfarga","Temps estimat de lectura":"1 minut"},"schema":{"@context":"https:\/\/schema.org","@graph":[{"@type":"Article","@id":"https:\/\/www.lafarga.com\/corporatiu\/televisio-lhospitalet-amb-els-50-anys-de-bellvitge\/#article","isPartOf":{"@id":"https:\/\/www.lafarga.com\/corporatiu\/televisio-lhospitalet-amb-els-50-anys-de-bellvitge\/"},"author":{"name":"admfarga","@id":"https:\/\/www.lafarga.com\/corporatiu\/#\/schema\/person\/0ad4bc37b46f53e6b85ad51c2ac2d685"},"headline":"Televisi\u00f3 de L&#8217;Hospitalet, amb els 50 anys de Bellvitge","datePublished":"2015-09-04T10:57:37+00:00","dateModified":"2015-09-04T11:04:12+00:00","mainEntityOfPage":{"@id":"https:\/\/www.lafarga.com\/corporatiu\/televisio-lhospitalet-amb-els-50-anys-de-bellvitge\/"},"wordCount":170,"publisher":{"@id":"https:\/\/www.lafarga.com\/corporatiu\/#organization"},"image":{"@id":"https:\/\/www.lafarga.com\/corporatiu\/televisio-lhospitalet-amb-els-50-anys-de-bellvitge\/#primaryimage"},"thumbnailUrl":"https:\/\/www.lafarga.com\/corporatiu\/wp-content\/uploads\/2015\/09\/Bellvitge-farga.jpg","articleSection":["Mitjans de Comunicaci\u00f3"],"inLanguage":"ca"},{"@type":"WebPage","@id":"https:\/\/www.lafarga.com\/corporatiu\/televisio-lhospitalet-amb-els-50-anys-de-bellvitge\/","url":"https:\/\/www.lafarga.com\/corporatiu\/televisio-lhospitalet-amb-els-50-anys-de-bellvitge\/","name":"Televisi\u00f3 de L'Hospitalet, amb els 50 anys de Bellvitge","isPartOf":{"@id":"https:\/\/www.lafarga.com\/corporatiu\/#website"},"primaryImageOfPage":{"@id":"https:\/\/www.lafarga.com\/corporatiu\/televisio-lhospitalet-amb-els-50-anys-de-bellvitge\/#primaryimage"},"image":{"@id":"https:\/\/www.lafarga.com\/corporatiu\/televisio-lhospitalet-amb-els-50-anys-de-bellvitge\/#primaryimage"},"thumbnailUrl":"https:\/\/www.lafarga.com\/corporatiu\/wp-content\/uploads\/2015\/09\/Bellvitge-farga.jpg","datePublished":"2015-09-04T10:57:37+00:00","dateModified":"2015-09-04T11:04:12+00:00","description":"Televisi\u00f3 L'Hospitalet enceta una s\u00e8rie de reportatges per commemorar el 50\u00e8 aniversari de la construcci\u00f3 del barri de Bellvitge.","breadcrumb":{"@id":"https:\/\/www.lafarga.com\/corporatiu\/televisio-lhospitalet-amb-els-50-anys-de-bellvitge\/#breadcrumb"},"inLanguage":"ca","potentialAction":[{"@type":"ReadAction","target":["https:\/\/www.lafarga.com\/corporatiu\/televisio-lhospitalet-amb-els-50-anys-de-bellvitge\/"]}]},{"@type":"ImageObject","inLanguage":"ca","@id":"https:\/\/www.lafarga.com\/corporatiu\/televisio-lhospitalet-amb-els-50-anys-de-bellvitge\/#primaryimage","url":"https:\/\/www.lafarga.com\/corporatiu\/wp-content\/uploads\/2015\/09\/Bellvitge-farga.jpg","contentUrl":"https:\/\/www.lafarga.com\/corporatiu\/wp-content\/uploads\/2015\/09\/Bellvitge-farga.jpg","width":730,"height":410},{"@type":"BreadcrumbList","@id":"https:\/\/www.lafarga.com\/corporatiu\/televisio-lhospitalet-amb-els-50-anys-de-bellvitge\/#breadcrumb","itemListElement":[{"@type":"ListItem","position":1,"name":"Home","item":"https:\/\/www.lafarga.com\/corporatiu\/lafarga-hospitalet-llobregat\/"},{"@type":"ListItem","position":2,"name":"Televisi\u00f3 de L&#8217;Hospitalet, amb els 50 anys de Bellvitge"}]},{"@type":"WebSite","@id":"https:\/\/www.lafarga.com\/corporatiu\/#website","url":"https:\/\/www.lafarga.com\/corporatiu\/","name":"La Farga Gesti\u00f3 d&#039;Equipaments Municipals, SA","description":"","publisher":{"@id":"https:\/\/www.lafarga.com\/corporatiu\/#organization"},"potentialAction":[{"@type":"SearchAction","target":{"@type":"EntryPoint","urlTemplate":"https:\/\/www.lafarga.com\/corporatiu\/?s={search_term_string}"},"query-input":{"@type":"PropertyValueSpecification","valueRequired":true,"valueName":"search_term_string"}}],"inLanguage":"ca"},{"@type":"Organization","@id":"https:\/\/www.lafarga.com\/corporatiu\/#organization","name":"La Farga Gesti\u00f3 d&#039;Equipaments Municipals, SA","url":"https:\/\/www.lafarga.com\/corporatiu\/","logo":{"@type":"ImageObject","inLanguage":"ca","@id":"https:\/\/www.lafarga.com\/corporatiu\/#\/schema\/logo\/image\/","url":"https:\/\/www.lafarga.com\/corporatiu\/wp-content\/uploads\/2023\/11\/logotipo_lafarga_gemsa.svg","contentUrl":"https:\/\/www.lafarga.com\/corporatiu\/wp-content\/uploads\/2023\/11\/logotipo_lafarga_gemsa.svg","width":102,"height":103,"caption":"La Farga Gesti\u00f3 d&#039;Equipaments Municipals, SA"},"image":{"@id":"https:\/\/www.lafarga.com\/corporatiu\/#\/schema\/logo\/image\/"}},{"@type":"Person","@id":"https:\/\/www.lafarga.com\/corporatiu\/#\/schema\/person\/0ad4bc37b46f53e6b85ad51c2ac2d685","name":"admfarga","image":{"@type":"ImageObject","inLanguage":"ca","@id":"https:\/\/secure.gravatar.com\/avatar\/2a2db0975754ce87d41cab8623874e9e5ef5d0add52244aba02a09775feab5cb?s=96&d=mm&r=g","url":"https:\/\/secure.gravatar.com\/avatar\/2a2db0975754ce87d41cab8623874e9e5ef5d0add52244aba02a09775feab5cb?s=96&d=mm&r=g","contentUrl":"https:\/\/secure.gravatar.com\/avatar\/2a2db0975754ce87d41cab8623874e9e5ef5d0add52244aba02a09775feab5cb?s=96&d=mm&r=g","caption":"admfarga"},"url":"https:\/\/www.lafarga.com\/corporatiu\/author\/admfarga\/"}]}},"uagb_featured_image_src":{"full":["https:\/\/www.lafarga.com\/corporatiu\/wp-content\/uploads\/2015\/09\/Bellvitge-farga.jpg",730,410,false],"thumbnail":["https:\/\/www.lafarga.com\/corporatiu\/wp-content\/uploads\/2015\/09\/Bellvitge-farga-150x150.jpg",150,150,true],"medium":["https:\/\/www.lafarga.com\/corporatiu\/wp-content\/uploads\/2015\/09\/Bellvitge-farga-300x168.jpg",300,168,true],"medium_large":["https:\/\/www.lafarga.com\/corporatiu\/wp-content\/uploads\/2015\/09\/Bellvitge-farga.jpg",730,410,false],"large":["https:\/\/www.lafarga.com\/corporatiu\/wp-content\/uploads\/2015\/09\/Bellvitge-farga.jpg",730,410,false],"1536x1536":["https:\/\/www.lafarga.com\/corporatiu\/wp-content\/uploads\/2015\/09\/Bellvitge-farga.jpg",730,410,false],"2048x2048":["https:\/\/www.lafarga.com\/corporatiu\/wp-content\/uploads\/2015\/09\/Bellvitge-farga.jpg",730,410,false],"mailpoet_newsletter_max":["https:\/\/www.lafarga.com\/corporatiu\/wp-content\/uploads\/2015\/09\/Bellvitge-farga.jpg",730,410,false]},"uagb_author_info":{"display_name":"admfarga","author_link":"https:\/\/www.lafarga.com\/corporatiu\/author\/admfarga\/"},"uagb_comment_info":0,"uagb_excerpt":"Televisi\u00f3 L'Hospitalet, mitj\u00e0 de comunicaci\u00f3 que gestiona La Farga Gesti\u00f3 d'Equipaments Municipals SA, enceta una s\u00e8rie de reportatges per commemorar el 50\u00e8 aniversari de la construcci\u00f3 del barri de Bellvitge. A partir de la propera setmana i coincidint amb la Festa Major del barri s'emeteran en l'espai televisiu \"En 5 minuts\", reportatges sobre Bellvitge amb&hellip;","_links":{"self":[{"href":"https:\/\/www.lafarga.com\/corporatiu\/wp-json\/wp\/v2\/posts\/4923","targetHints":{"allow":["GET"]}}],"collection":[{"href":"https:\/\/www.lafarga.com\/corporatiu\/wp-json\/wp\/v2\/posts"}],"about":[{"href":"https:\/\/www.lafarga.com\/corporatiu\/wp-json\/wp\/v2\/types\/post"}],"author":[{"embeddable":true,"href":"https:\/\/www.lafarga.com\/corporatiu\/wp-json\/wp\/v2\/users\/8"}],"replies":[{"embeddable":true,"href":"https:\/\/www.lafarga.com\/corporatiu\/wp-json\/wp\/v2\/comments?post=4923"}],"version-history":[{"count":3,"href":"https:\/\/www.lafarga.com\/corporatiu\/wp-json\/wp\/v2\/posts\/4923\/revisions"}],"predecessor-version":[{"id":4929,"href":"https:\/\/www.lafarga.com\/corporatiu\/wp-json\/wp\/v2\/posts\/4923\/revisions\/4929"}],"wp:featuredmedia":[{"embeddable":true,"href":"https:\/\/www.lafarga.com\/corporatiu\/wp-json\/wp\/v2\/media\/4924"}],"wp:attachment":[{"href":"https:\/\/www.lafarga.com\/corporatiu\/wp-json\/wp\/v2\/media?parent=4923"}],"wp:term":[{"taxonomy":"category","embeddable":true,"href":"https:\/\/www.lafarga.com\/corporatiu\/wp-json\/wp\/v2\/categories?post=4923"},{"taxonomy":"post_tag","embeddable":true,"href":"https:\/\/www.lafarga.com\/corporatiu\/wp-json\/wp\/v2\/tags?post=4923"}],"curies":[{"name":"wp","href":"https:\/\/api.w.org\/{rel}","templated":true}]}}