{"id":4914,"date":"2015-09-02T10:55:53","date_gmt":"2015-09-02T10:55:53","guid":{"rendered":"http:\/\/www.lafarga.com\/corporatiu\/?p=4914"},"modified":"2015-09-02T11:40:52","modified_gmt":"2015-09-02T11:40:52","slug":"agenda-de-la-farga-centro-de-actividades-2","status":"publish","type":"post","link":"https:\/\/www.lafarga.com\/corporatiu\/agenda-de-la-farga-centro-de-actividades-2\/","title":{"rendered":"Agenda de La Farga Centro de Actividades"},"content":{"rendered":"<p>Os presentamos la agenda prevista para el \u00faltimo trimestre del a\u00f1o en La Farga Centro de Actividades. Una nueva edici\u00f3n del Sal\u00f3n Creativa y el retorno de Expoterraria son los principales acontecimientos de las pr\u00f3ximas semanas.<\/p>\n<p><strong><a href=\"https:\/\/www.lafarga.com\/corporatiu\/expoterraria-vuelve-la-farga-centro-actividades\/\" target=\"_blank\">EXPOTERRARIA BARCELONA<\/a>. Feria Internacional del Sur de Europa de reptiles, anfibios, peces, artr\u00f3podos y peque\u00f1os mam\u00edferos. 17 de octubre de 2015<\/strong><\/p>\n<p>La Farga Centro de Actividades volver\u00e1 a acoger a\u00f1os despu\u00e9s Expoterraria Barcelona, \u200b\u200bFeria Internacional del Sur de Europa de reptiles, anfibios, peces, artr\u00f3podos y peque\u00f1os mam\u00edferos que se celebrar\u00e1 el pr\u00f3ximo s\u00e1bado 17 de octubre de 2015. En su visita La Farga de L&#8217;Hospitalet, Expoterraria llega a la 32\u00aa edici\u00f3n y podremos ver todo lo relacionado con animales reptiles, anfibios, invertebrados, entre otros. Adem\u00e1s de Expoterraria tambi\u00e9n se llevar\u00e1n a cabo las II Jornadas Reptilia con diferentes cursos de aproximaci\u00f3n a estas especies y conferencias sobre la materia.<\/p>\n<p>Actividad: Expoterraria Barcelona<br \/>\nD\u00eda: 17 de octubre de 2015, 10h.<br \/>\nLugar: La Farga Centro de Actividades<br \/>\nC\/ Barcelona, \u200b\u200b2. L&#8217;Hospitalet.<br \/>\nPara m\u00e1s informaci\u00f3n: <a href=\"http:\/\/www.expoterraria.es\/\" target=\"_blank\">www.expoterraria.es<\/a><\/p>\n<p>&nbsp;<\/p>\n<p><strong><a href=\"https:\/\/www.lafarga.com\/corporatiu\/octubre-vuelve-parc-infantil-trafico-lafarga\/\" target=\"_blank\">PARQUE INFANTIL DE TR\u00c1FICO<\/a> &#8211; UNIDAD DID\u00c1CTICA DE LA BICICLETA. 26, 27, 28 29 y 30 de octubre de 2015<\/strong><\/p>\n<p>Los pr\u00f3ximos 26, 27, 28, 29 y 30 de octubre La Farga Centro de Actividades acoger\u00e1 de nuevo el Parque Infantil de Tr\u00e1fico, organizado por la Unidad Did\u00e1ctica de la Bicicleta de la Guardia Urbana de L&#8217;Hospitalet. Esta actividad, que ocupa 1.500m2 de recinto, est\u00e1 destinada a alumnos de quinto de primaria de diferentes centros educativos de la ciudad.<\/p>\n<p>Actividad: Parque Infantil de Tr\u00e1fico.<br \/>\nD\u00edas: 26, 27, 28, 29 y 30 de octubre de 2015.<br \/>\nLugar: La Farga Centro de Actividades. C\/ Barcelona, \u200b\u200b2. L&#8217;Hospitalet.<\/p>\n<p>&nbsp;<\/p>\n<p><strong><a href=\"https:\/\/www.lafarga.com\/corporatiu\/creativa-volvera-otono-lafarga-centro-actividades\/\" target=\"_blank\">CREATIVA<\/a>. Sal\u00f3n de las manualidades, labores artesanales y bellas artes. 5, 6, 7 y 8 de noviembre de 2015<\/strong><\/p>\n<p>La Farga Centro de Actividades de L&#8217;Hospitalet acoge desde jueves 5 de noviembre y hasta el domingo 8 de noviembre, la d\u00e9cima edici\u00f3n de Creativa, el mayor sal\u00f3n de &#8220;Ocio creativo&#8221; a nivel europeo. Los 8.500 m2 de superficie de La Farga, m\u00e1s otros espacios del centro, est\u00e1n a disposici\u00f3n de Creativa para ofrecernos lo m\u00e1s relevante en el arte de la creaci\u00f3n manual de cualquier especialidad y en las manualidades creativas.<\/p>\n<p>Actividad: Sal\u00f3n Creativa Barcelona 2015<br \/>\nD\u00edas: 5, 6, 7 y 8 de noviembre de 2015, a partir de las 10h.<br \/>\nLugar: La Farga Centro de Actividades C\/ Barcelona, \u200b\u200b2. L&#8217;Hospitalet.<br \/>\nPara m\u00e1s informaci\u00f3n: <a href=\"http:\/\/barcelona.creativa.eu\/\" target=\"_blank\">www.creativa-spain.com<\/a><\/p>\n<p>&nbsp;<\/p>\n<p><strong><a href=\"https:\/\/www.lafarga.com\/corporatiu\/la-escuela-oficial-de-patinaje-inline-vuelve-en-septiembre\/\" target=\"_blank\">CLASES DE PATINAJE<\/a>. Escuela Oficial de Patinaje Inline<\/strong><\/p>\n<p>Todos los martes y mi\u00e9rcoles laborables La Farga Centro de Actividades acoge clases de patinaje organizadas por la Escuela Oficial de Patinaje Inline. Esta entidad creada en el a\u00f1o 1996, cuenta con m\u00e1s de una d\u00e9cada de actividad ininterrumpida y es la escuela pionera de patinaje en l\u00ednea, no s\u00f3lo de las comarcas de Barcelona, \u200b\u200bsino de toda Espa\u00f1a.<\/p>\n<p>Actividad: Clases de patinaje Escuela Oficial de Patinaje Inline.<br \/>\nD\u00edas: Martes de 19h a 20h y mi\u00e9rcoles de 18h a 19h.<br \/>\nLugar: La Farga Centro de Actividades. C\/ Barcelona, \u200b\u200b2. L&#8217;Hospitalet.<br \/>\nPara m\u00e1s informaci\u00f3n: <a href=\"http:\/\/www.escolapatinatge.com\/?lang=es\" target=\"_blank\">Escuela Oficial de Patinaje<\/a><\/p>\n<p>&nbsp;<\/p>\n<p><strong>PRUEBAS CERTIFICADO DE APTITUD PROFESIONAL (CAP) y PRUEBAS CONSEJEROS DE SEGURIDAD Y CAPACITACI\u00d3N PROFESIONAL<\/strong><\/p>\n<p>La Farga Centro de Actividades acoge durante el oto\u00f1o diferentes ex\u00e1menes para la obtenci\u00f3n del Certificado de Aptitud Profesional (CAP) para el ejercicio de la actividad de conductor\/a profesional de determinados veh\u00edculos destinados al transporte de mercanc\u00edas y por aquellas personas que quieren obtener o renovar el certificado de capacitaci\u00f3n profesional de consejeros de seguridad de transportes de mercanc\u00edas peligrosas por carretera.<\/p>\n","protected":false},"excerpt":{"rendered":"<p>Os presentamos la agenda prevista para el \u00faltimo trimestre del a\u00f1o en La Farga Centro de Actividades. Una nueva edici\u00f3n del Sal\u00f3n Creativa y el retorno de Expoterraria son los principales acontecimientos de las pr\u00f3ximas semanas. El Parque Infantil de Tr\u00e1fico, las clases de patinaje de la Escuela Oficial Inline y los ex\u00e1menes del Departamento de Territorio y Sostenibilidad de la Generalitat tambi\u00e9n vuelven al calendario de actividades.<\/p>\n","protected":false},"author":8,"featured_media":4911,"comment_status":"closed","ping_status":"closed","sticky":false,"template":"","format":"standard","meta":{"inline_featured_image":false,"_uag_custom_page_level_css":"","_monsterinsights_skip_tracking":false,"_monsterinsights_sitenote_active":false,"_monsterinsights_sitenote_note":"","_monsterinsights_sitenote_category":0,"site-sidebar-layout":"default","site-content-layout":"","ast-site-content-layout":"default","site-content-style":"default","site-sidebar-style":"default","ast-global-header-display":"","ast-banner-title-visibility":"","ast-main-header-display":"","ast-hfb-above-header-display":"","ast-hfb-below-header-display":"","ast-hfb-mobile-header-display":"","site-post-title":"","ast-breadcrumbs-content":"","ast-featured-img":"","footer-sml-layout":"","ast-disable-related-posts":"","theme-transparent-header-meta":"","adv-header-id-meta":"","stick-header-meta":"","header-above-stick-meta":"","header-main-stick-meta":"","header-below-stick-meta":"","astra-migrate-meta-layouts":"default","ast-page-background-enabled":"default","ast-page-background-meta":{"desktop":{"background-color":"var(--ast-global-color-4)","background-image":"","background-repeat":"repeat","background-position":"center center","background-size":"auto","background-attachment":"scroll","background-type":"","background-media":"","overlay-type":"","overlay-color":"","overlay-opacity":"","overlay-gradient":""},"tablet":{"background-color":"","background-image":"","background-repeat":"repeat","background-position":"center center","background-size":"auto","background-attachment":"scroll","background-type":"","background-media":"","overlay-type":"","overlay-color":"","overlay-opacity":"","overlay-gradient":""},"mobile":{"background-color":"","background-image":"","background-repeat":"repeat","background-position":"center center","background-size":"auto","background-attachment":"scroll","background-type":"","background-media":"","overlay-type":"","overlay-color":"","overlay-opacity":"","overlay-gradient":""}},"ast-content-background-meta":{"desktop":{"background-color":"var(--ast-global-color-5)","background-image":"","background-repeat":"repeat","background-position":"center center","background-size":"auto","background-attachment":"scroll","background-type":"","background-media":"","overlay-type":"","overlay-color":"","overlay-opacity":"","overlay-gradient":""},"tablet":{"background-color":"var(--ast-global-color-5)","background-image":"","background-repeat":"repeat","background-position":"center center","background-size":"auto","background-attachment":"scroll","background-type":"","background-media":"","overlay-type":"","overlay-color":"","overlay-opacity":"","overlay-gradient":""},"mobile":{"background-color":"var(--ast-global-color-5)","background-image":"","background-repeat":"repeat","background-position":"center center","background-size":"auto","background-attachment":"scroll","background-type":"","background-media":"","overlay-type":"","overlay-color":"","overlay-opacity":"","overlay-gradient":""}},"footnotes":""},"categories":[73],"tags":[],"class_list":["post-4914","post","type-post","status-publish","format-standard","has-post-thumbnail","hentry","category-centro-de-actividades"],"yoast_head":"<!-- This site is optimized with the Yoast SEO plugin v27.4 - https:\/\/yoast.com\/product\/yoast-seo-wordpress\/ -->\n<title>Agenda de La Farga Centre d&#039;Activitats<\/title>\n<meta name=\"description\" content=\"Us presentem l&#039;agenda prevista per al darrer trimestre de l&#039;any a La Farga Centre d&#039;Activitats, amb el Sal\u00f3 Creativa i el retorn d&#039;Expoterraria.\" \/>\n<meta name=\"robots\" content=\"index, follow, max-snippet:-1, max-image-preview:large, max-video-preview:-1\" \/>\n<link rel=\"canonical\" href=\"https:\/\/www.lafarga.com\/corporatiu\/agenda-de-la-farga-centro-de-actividades-2\/\" \/>\n<meta property=\"og:locale\" content=\"ca_ES\" \/>\n<meta property=\"og:type\" content=\"article\" \/>\n<meta property=\"og:title\" content=\"Agenda de La Farga Centre d&#039;Activitats\" \/>\n<meta property=\"og:description\" content=\"Us presentem l&#039;agenda prevista per al darrer trimestre de l&#039;any a La Farga Centre d&#039;Activitats, amb el Sal\u00f3 Creativa i el retorn d&#039;Expoterraria.\" \/>\n<meta property=\"og:url\" content=\"https:\/\/www.lafarga.com\/corporatiu\/agenda-de-la-farga-centro-de-actividades-2\/\" \/>\n<meta property=\"og:site_name\" content=\"La Farga Gesti\u00f3n de Equipamientos Municipales, S.A.\" \/>\n<meta property=\"article:published_time\" content=\"2015-09-02T10:55:53+00:00\" \/>\n<meta property=\"article:modified_time\" content=\"2015-09-02T11:40:52+00:00\" \/>\n<meta property=\"og:image\" content=\"https:\/\/www.lafarga.com\/corporatiu\/wp-content\/uploads\/2015\/09\/Creativa-farga1.jpg\" \/>\n\t<meta property=\"og:image:width\" content=\"730\" \/>\n\t<meta property=\"og:image:height\" content=\"410\" \/>\n\t<meta property=\"og:image:type\" content=\"image\/jpeg\" \/>\n<meta name=\"author\" content=\"admfarga\" \/>\n<meta name=\"twitter:label1\" content=\"Escrit per\" \/>\n\t<meta name=\"twitter:data1\" content=\"admfarga\" \/>\n\t<meta name=\"twitter:label2\" content=\"Temps estimat de lectura\" \/>\n\t<meta name=\"twitter:data2\" content=\"3 minuts\" \/>\n<script type=\"application\/ld+json\" class=\"yoast-schema-graph\">{\"@context\":\"https:\\\/\\\/schema.org\",\"@graph\":[{\"@type\":\"Article\",\"@id\":\"https:\\\/\\\/www.lafarga.com\\\/corporatiu\\\/agenda-de-la-farga-centro-de-actividades-2\\\/#article\",\"isPartOf\":{\"@id\":\"https:\\\/\\\/www.lafarga.com\\\/corporatiu\\\/agenda-de-la-farga-centro-de-actividades-2\\\/\"},\"author\":{\"name\":\"admfarga\",\"@id\":\"https:\\\/\\\/www.lafarga.com\\\/corporatiu\\\/#\\\/schema\\\/person\\\/0ad4bc37b46f53e6b85ad51c2ac2d685\"},\"headline\":\"Agenda de La Farga Centro de Actividades\",\"datePublished\":\"2015-09-02T10:55:53+00:00\",\"dateModified\":\"2015-09-02T11:40:52+00:00\",\"mainEntityOfPage\":{\"@id\":\"https:\\\/\\\/www.lafarga.com\\\/corporatiu\\\/agenda-de-la-farga-centro-de-actividades-2\\\/\"},\"wordCount\":621,\"publisher\":{\"@id\":\"https:\\\/\\\/www.lafarga.com\\\/corporatiu\\\/#organization\"},\"image\":{\"@id\":\"https:\\\/\\\/www.lafarga.com\\\/corporatiu\\\/agenda-de-la-farga-centro-de-actividades-2\\\/#primaryimage\"},\"thumbnailUrl\":\"https:\\\/\\\/www.lafarga.com\\\/corporatiu\\\/wp-content\\\/uploads\\\/2015\\\/09\\\/Creativa-farga1.jpg\",\"articleSection\":[\"Centro de Actividades\"],\"inLanguage\":\"ca\"},{\"@type\":\"WebPage\",\"@id\":\"https:\\\/\\\/www.lafarga.com\\\/corporatiu\\\/agenda-de-la-farga-centro-de-actividades-2\\\/\",\"url\":\"https:\\\/\\\/www.lafarga.com\\\/corporatiu\\\/agenda-de-la-farga-centro-de-actividades-2\\\/\",\"name\":\"Agenda de La Farga Centre d'Activitats\",\"isPartOf\":{\"@id\":\"https:\\\/\\\/www.lafarga.com\\\/corporatiu\\\/#website\"},\"primaryImageOfPage\":{\"@id\":\"https:\\\/\\\/www.lafarga.com\\\/corporatiu\\\/agenda-de-la-farga-centro-de-actividades-2\\\/#primaryimage\"},\"image\":{\"@id\":\"https:\\\/\\\/www.lafarga.com\\\/corporatiu\\\/agenda-de-la-farga-centro-de-actividades-2\\\/#primaryimage\"},\"thumbnailUrl\":\"https:\\\/\\\/www.lafarga.com\\\/corporatiu\\\/wp-content\\\/uploads\\\/2015\\\/09\\\/Creativa-farga1.jpg\",\"datePublished\":\"2015-09-02T10:55:53+00:00\",\"dateModified\":\"2015-09-02T11:40:52+00:00\",\"description\":\"Us presentem l'agenda prevista per al darrer trimestre de l'any a La Farga Centre d'Activitats, amb el Sal\u00f3 Creativa i el retorn d'Expoterraria.\",\"breadcrumb\":{\"@id\":\"https:\\\/\\\/www.lafarga.com\\\/corporatiu\\\/agenda-de-la-farga-centro-de-actividades-2\\\/#breadcrumb\"},\"inLanguage\":\"ca\",\"potentialAction\":[{\"@type\":\"ReadAction\",\"target\":[\"https:\\\/\\\/www.lafarga.com\\\/corporatiu\\\/agenda-de-la-farga-centro-de-actividades-2\\\/\"]}]},{\"@type\":\"ImageObject\",\"inLanguage\":\"ca\",\"@id\":\"https:\\\/\\\/www.lafarga.com\\\/corporatiu\\\/agenda-de-la-farga-centro-de-actividades-2\\\/#primaryimage\",\"url\":\"https:\\\/\\\/www.lafarga.com\\\/corporatiu\\\/wp-content\\\/uploads\\\/2015\\\/09\\\/Creativa-farga1.jpg\",\"contentUrl\":\"https:\\\/\\\/www.lafarga.com\\\/corporatiu\\\/wp-content\\\/uploads\\\/2015\\\/09\\\/Creativa-farga1.jpg\",\"width\":730,\"height\":410},{\"@type\":\"BreadcrumbList\",\"@id\":\"https:\\\/\\\/www.lafarga.com\\\/corporatiu\\\/agenda-de-la-farga-centro-de-actividades-2\\\/#breadcrumb\",\"itemListElement\":[{\"@type\":\"ListItem\",\"position\":1,\"name\":\"Home\",\"item\":\"https:\\\/\\\/www.lafarga.com\\\/corporatiu\\\/lafarga-hospitalet-llobregat\\\/\"},{\"@type\":\"ListItem\",\"position\":2,\"name\":\"Agenda de La Farga Centro de Actividades\"}]},{\"@type\":\"WebSite\",\"@id\":\"https:\\\/\\\/www.lafarga.com\\\/corporatiu\\\/#website\",\"url\":\"https:\\\/\\\/www.lafarga.com\\\/corporatiu\\\/\",\"name\":\"La Farga Gesti\u00f3 d&#039;Equipaments Municipals, SA\",\"description\":\"\",\"publisher\":{\"@id\":\"https:\\\/\\\/www.lafarga.com\\\/corporatiu\\\/#organization\"},\"potentialAction\":[{\"@type\":\"SearchAction\",\"target\":{\"@type\":\"EntryPoint\",\"urlTemplate\":\"https:\\\/\\\/www.lafarga.com\\\/corporatiu\\\/?s={search_term_string}\"},\"query-input\":{\"@type\":\"PropertyValueSpecification\",\"valueRequired\":true,\"valueName\":\"search_term_string\"}}],\"inLanguage\":\"ca\"},{\"@type\":\"Organization\",\"@id\":\"https:\\\/\\\/www.lafarga.com\\\/corporatiu\\\/#organization\",\"name\":\"La Farga Gesti\u00f3 d&#039;Equipaments Municipals, SA\",\"url\":\"https:\\\/\\\/www.lafarga.com\\\/corporatiu\\\/\",\"logo\":{\"@type\":\"ImageObject\",\"inLanguage\":\"ca\",\"@id\":\"https:\\\/\\\/www.lafarga.com\\\/corporatiu\\\/#\\\/schema\\\/logo\\\/image\\\/\",\"url\":\"https:\\\/\\\/www.lafarga.com\\\/corporatiu\\\/wp-content\\\/uploads\\\/2023\\\/11\\\/logotipo_lafarga_gemsa.svg\",\"contentUrl\":\"https:\\\/\\\/www.lafarga.com\\\/corporatiu\\\/wp-content\\\/uploads\\\/2023\\\/11\\\/logotipo_lafarga_gemsa.svg\",\"width\":102,\"height\":103,\"caption\":\"La Farga Gesti\u00f3 d&#039;Equipaments Municipals, SA\"},\"image\":{\"@id\":\"https:\\\/\\\/www.lafarga.com\\\/corporatiu\\\/#\\\/schema\\\/logo\\\/image\\\/\"}},{\"@type\":\"Person\",\"@id\":\"https:\\\/\\\/www.lafarga.com\\\/corporatiu\\\/#\\\/schema\\\/person\\\/0ad4bc37b46f53e6b85ad51c2ac2d685\",\"name\":\"admfarga\",\"image\":{\"@type\":\"ImageObject\",\"inLanguage\":\"ca\",\"@id\":\"https:\\\/\\\/secure.gravatar.com\\\/avatar\\\/2a2db0975754ce87d41cab8623874e9e5ef5d0add52244aba02a09775feab5cb?s=96&d=mm&r=g\",\"url\":\"https:\\\/\\\/secure.gravatar.com\\\/avatar\\\/2a2db0975754ce87d41cab8623874e9e5ef5d0add52244aba02a09775feab5cb?s=96&d=mm&r=g\",\"contentUrl\":\"https:\\\/\\\/secure.gravatar.com\\\/avatar\\\/2a2db0975754ce87d41cab8623874e9e5ef5d0add52244aba02a09775feab5cb?s=96&d=mm&r=g\",\"caption\":\"admfarga\"},\"url\":\"https:\\\/\\\/www.lafarga.com\\\/corporatiu\\\/author\\\/admfarga\\\/\"}]}<\/script>\n<!-- \/ Yoast SEO plugin. -->","yoast_head_json":{"title":"Agenda de La Farga Centre d'Activitats","description":"Us presentem l'agenda prevista per al darrer trimestre de l'any a La Farga Centre d'Activitats, amb el Sal\u00f3 Creativa i el retorn d'Expoterraria.","robots":{"index":"index","follow":"follow","max-snippet":"max-snippet:-1","max-image-preview":"max-image-preview:large","max-video-preview":"max-video-preview:-1"},"canonical":"https:\/\/www.lafarga.com\/corporatiu\/agenda-de-la-farga-centro-de-actividades-2\/","og_locale":"ca_ES","og_type":"article","og_title":"Agenda de La Farga Centre d'Activitats","og_description":"Us presentem l'agenda prevista per al darrer trimestre de l'any a La Farga Centre d'Activitats, amb el Sal\u00f3 Creativa i el retorn d'Expoterraria.","og_url":"https:\/\/www.lafarga.com\/corporatiu\/agenda-de-la-farga-centro-de-actividades-2\/","og_site_name":"La Farga Gesti\u00f3n de Equipamientos Municipales, S.A.","article_published_time":"2015-09-02T10:55:53+00:00","article_modified_time":"2015-09-02T11:40:52+00:00","og_image":[{"width":730,"height":410,"url":"https:\/\/www.lafarga.com\/corporatiu\/wp-content\/uploads\/2015\/09\/Creativa-farga1.jpg","type":"image\/jpeg"}],"author":"admfarga","twitter_misc":{"Escrit per":"admfarga","Temps estimat de lectura":"3 minuts"},"schema":{"@context":"https:\/\/schema.org","@graph":[{"@type":"Article","@id":"https:\/\/www.lafarga.com\/corporatiu\/agenda-de-la-farga-centro-de-actividades-2\/#article","isPartOf":{"@id":"https:\/\/www.lafarga.com\/corporatiu\/agenda-de-la-farga-centro-de-actividades-2\/"},"author":{"name":"admfarga","@id":"https:\/\/www.lafarga.com\/corporatiu\/#\/schema\/person\/0ad4bc37b46f53e6b85ad51c2ac2d685"},"headline":"Agenda de La Farga Centro de Actividades","datePublished":"2015-09-02T10:55:53+00:00","dateModified":"2015-09-02T11:40:52+00:00","mainEntityOfPage":{"@id":"https:\/\/www.lafarga.com\/corporatiu\/agenda-de-la-farga-centro-de-actividades-2\/"},"wordCount":621,"publisher":{"@id":"https:\/\/www.lafarga.com\/corporatiu\/#organization"},"image":{"@id":"https:\/\/www.lafarga.com\/corporatiu\/agenda-de-la-farga-centro-de-actividades-2\/#primaryimage"},"thumbnailUrl":"https:\/\/www.lafarga.com\/corporatiu\/wp-content\/uploads\/2015\/09\/Creativa-farga1.jpg","articleSection":["Centro de Actividades"],"inLanguage":"ca"},{"@type":"WebPage","@id":"https:\/\/www.lafarga.com\/corporatiu\/agenda-de-la-farga-centro-de-actividades-2\/","url":"https:\/\/www.lafarga.com\/corporatiu\/agenda-de-la-farga-centro-de-actividades-2\/","name":"Agenda de La Farga Centre d'Activitats","isPartOf":{"@id":"https:\/\/www.lafarga.com\/corporatiu\/#website"},"primaryImageOfPage":{"@id":"https:\/\/www.lafarga.com\/corporatiu\/agenda-de-la-farga-centro-de-actividades-2\/#primaryimage"},"image":{"@id":"https:\/\/www.lafarga.com\/corporatiu\/agenda-de-la-farga-centro-de-actividades-2\/#primaryimage"},"thumbnailUrl":"https:\/\/www.lafarga.com\/corporatiu\/wp-content\/uploads\/2015\/09\/Creativa-farga1.jpg","datePublished":"2015-09-02T10:55:53+00:00","dateModified":"2015-09-02T11:40:52+00:00","description":"Us presentem l'agenda prevista per al darrer trimestre de l'any a La Farga Centre d'Activitats, amb el Sal\u00f3 Creativa i el retorn d'Expoterraria.","breadcrumb":{"@id":"https:\/\/www.lafarga.com\/corporatiu\/agenda-de-la-farga-centro-de-actividades-2\/#breadcrumb"},"inLanguage":"ca","potentialAction":[{"@type":"ReadAction","target":["https:\/\/www.lafarga.com\/corporatiu\/agenda-de-la-farga-centro-de-actividades-2\/"]}]},{"@type":"ImageObject","inLanguage":"ca","@id":"https:\/\/www.lafarga.com\/corporatiu\/agenda-de-la-farga-centro-de-actividades-2\/#primaryimage","url":"https:\/\/www.lafarga.com\/corporatiu\/wp-content\/uploads\/2015\/09\/Creativa-farga1.jpg","contentUrl":"https:\/\/www.lafarga.com\/corporatiu\/wp-content\/uploads\/2015\/09\/Creativa-farga1.jpg","width":730,"height":410},{"@type":"BreadcrumbList","@id":"https:\/\/www.lafarga.com\/corporatiu\/agenda-de-la-farga-centro-de-actividades-2\/#breadcrumb","itemListElement":[{"@type":"ListItem","position":1,"name":"Home","item":"https:\/\/www.lafarga.com\/corporatiu\/lafarga-hospitalet-llobregat\/"},{"@type":"ListItem","position":2,"name":"Agenda de La Farga Centro de Actividades"}]},{"@type":"WebSite","@id":"https:\/\/www.lafarga.com\/corporatiu\/#website","url":"https:\/\/www.lafarga.com\/corporatiu\/","name":"La Farga Gesti\u00f3 d&#039;Equipaments Municipals, SA","description":"","publisher":{"@id":"https:\/\/www.lafarga.com\/corporatiu\/#organization"},"potentialAction":[{"@type":"SearchAction","target":{"@type":"EntryPoint","urlTemplate":"https:\/\/www.lafarga.com\/corporatiu\/?s={search_term_string}"},"query-input":{"@type":"PropertyValueSpecification","valueRequired":true,"valueName":"search_term_string"}}],"inLanguage":"ca"},{"@type":"Organization","@id":"https:\/\/www.lafarga.com\/corporatiu\/#organization","name":"La Farga Gesti\u00f3 d&#039;Equipaments Municipals, SA","url":"https:\/\/www.lafarga.com\/corporatiu\/","logo":{"@type":"ImageObject","inLanguage":"ca","@id":"https:\/\/www.lafarga.com\/corporatiu\/#\/schema\/logo\/image\/","url":"https:\/\/www.lafarga.com\/corporatiu\/wp-content\/uploads\/2023\/11\/logotipo_lafarga_gemsa.svg","contentUrl":"https:\/\/www.lafarga.com\/corporatiu\/wp-content\/uploads\/2023\/11\/logotipo_lafarga_gemsa.svg","width":102,"height":103,"caption":"La Farga Gesti\u00f3 d&#039;Equipaments Municipals, SA"},"image":{"@id":"https:\/\/www.lafarga.com\/corporatiu\/#\/schema\/logo\/image\/"}},{"@type":"Person","@id":"https:\/\/www.lafarga.com\/corporatiu\/#\/schema\/person\/0ad4bc37b46f53e6b85ad51c2ac2d685","name":"admfarga","image":{"@type":"ImageObject","inLanguage":"ca","@id":"https:\/\/secure.gravatar.com\/avatar\/2a2db0975754ce87d41cab8623874e9e5ef5d0add52244aba02a09775feab5cb?s=96&d=mm&r=g","url":"https:\/\/secure.gravatar.com\/avatar\/2a2db0975754ce87d41cab8623874e9e5ef5d0add52244aba02a09775feab5cb?s=96&d=mm&r=g","contentUrl":"https:\/\/secure.gravatar.com\/avatar\/2a2db0975754ce87d41cab8623874e9e5ef5d0add52244aba02a09775feab5cb?s=96&d=mm&r=g","caption":"admfarga"},"url":"https:\/\/www.lafarga.com\/corporatiu\/author\/admfarga\/"}]}},"uagb_featured_image_src":{"full":["https:\/\/www.lafarga.com\/corporatiu\/wp-content\/uploads\/2015\/09\/Creativa-farga1.jpg",730,410,false],"thumbnail":["https:\/\/www.lafarga.com\/corporatiu\/wp-content\/uploads\/2015\/09\/Creativa-farga1-150x150.jpg",150,150,true],"medium":["https:\/\/www.lafarga.com\/corporatiu\/wp-content\/uploads\/2015\/09\/Creativa-farga1-300x168.jpg",300,168,true],"medium_large":["https:\/\/www.lafarga.com\/corporatiu\/wp-content\/uploads\/2015\/09\/Creativa-farga1.jpg",730,410,false],"large":["https:\/\/www.lafarga.com\/corporatiu\/wp-content\/uploads\/2015\/09\/Creativa-farga1.jpg",730,410,false],"1536x1536":["https:\/\/www.lafarga.com\/corporatiu\/wp-content\/uploads\/2015\/09\/Creativa-farga1.jpg",730,410,false],"2048x2048":["https:\/\/www.lafarga.com\/corporatiu\/wp-content\/uploads\/2015\/09\/Creativa-farga1.jpg",730,410,false],"mailpoet_newsletter_max":["https:\/\/www.lafarga.com\/corporatiu\/wp-content\/uploads\/2015\/09\/Creativa-farga1.jpg",730,410,false]},"uagb_author_info":{"display_name":"admfarga","author_link":"https:\/\/www.lafarga.com\/corporatiu\/author\/admfarga\/"},"uagb_comment_info":0,"uagb_excerpt":"Os presentamos la agenda prevista para el \u00faltimo trimestre del a\u00f1o en La Farga Centro de Actividades. Una nueva edici\u00f3n del Sal\u00f3n Creativa y el retorno de Expoterraria son los principales acontecimientos de las pr\u00f3ximas semanas. El Parque Infantil de Tr\u00e1fico, las clases de patinaje de la Escuela Oficial Inline y los ex\u00e1menes del Departamento&hellip;","_links":{"self":[{"href":"https:\/\/www.lafarga.com\/corporatiu\/wp-json\/wp\/v2\/posts\/4914","targetHints":{"allow":["GET"]}}],"collection":[{"href":"https:\/\/www.lafarga.com\/corporatiu\/wp-json\/wp\/v2\/posts"}],"about":[{"href":"https:\/\/www.lafarga.com\/corporatiu\/wp-json\/wp\/v2\/types\/post"}],"author":[{"embeddable":true,"href":"https:\/\/www.lafarga.com\/corporatiu\/wp-json\/wp\/v2\/users\/8"}],"replies":[{"embeddable":true,"href":"https:\/\/www.lafarga.com\/corporatiu\/wp-json\/wp\/v2\/comments?post=4914"}],"version-history":[{"count":4,"href":"https:\/\/www.lafarga.com\/corporatiu\/wp-json\/wp\/v2\/posts\/4914\/revisions"}],"predecessor-version":[{"id":4918,"href":"https:\/\/www.lafarga.com\/corporatiu\/wp-json\/wp\/v2\/posts\/4914\/revisions\/4918"}],"wp:featuredmedia":[{"embeddable":true,"href":"https:\/\/www.lafarga.com\/corporatiu\/wp-json\/wp\/v2\/media\/4911"}],"wp:attachment":[{"href":"https:\/\/www.lafarga.com\/corporatiu\/wp-json\/wp\/v2\/media?parent=4914"}],"wp:term":[{"taxonomy":"category","embeddable":true,"href":"https:\/\/www.lafarga.com\/corporatiu\/wp-json\/wp\/v2\/categories?post=4914"},{"taxonomy":"post_tag","embeddable":true,"href":"https:\/\/www.lafarga.com\/corporatiu\/wp-json\/wp\/v2\/tags?post=4914"}],"curies":[{"name":"wp","href":"https:\/\/api.w.org\/{rel}","templated":true}]}}