{"id":4907,"date":"2015-09-02T10:44:28","date_gmt":"2015-09-02T10:44:28","guid":{"rendered":"http:\/\/www.lafarga.com\/corporatiu\/?p=4907"},"modified":"2015-09-02T10:57:18","modified_gmt":"2015-09-02T10:57:18","slug":"agenda-de-la-farga-centre-dactivitats-2","status":"publish","type":"post","link":"https:\/\/www.lafarga.com\/corporatiu\/agenda-de-la-farga-centre-dactivitats-2\/","title":{"rendered":"Agenda de La Farga Centre d&#8217;Activitats"},"content":{"rendered":"<p>Us presentem l&#8217;agenda prevista per al darrer trimestre de l&#8217;any a La Farga Centre d&#8217;Activitats. Una nova edici\u00f3 del Sal\u00f3 Creativa i el retorn d&#8217;Expoterraria s\u00f3n els principals esdeveniments de les properes setmanes.<\/p>\n<p><strong><a href=\"https:\/\/www.lafarga.com\/corporatiu\/expoterraria-torna-la-farga-centre-activitats\/\" target=\"_blank\">EXPOTERRARIA BARCELONA<\/a><\/strong>.\u00a0<strong>Fira Internacional del Sud d\u2019Europa de r\u00e8ptils, amfibis, peixos, artr\u00f2podes i petits mam\u00edfers. 17 d&#8217;octubre de 2015<\/strong><\/p>\n<p>La Farga Centre d\u2019Activitats tornar\u00e0 a acollir anys despr\u00e9s Expoterraria Barcelona, Fira Internacional del Sud d\u2019Europa de r\u00e8ptils, amfibis, peixos, artr\u00f2podes i petits mam\u00edfers que se celebrar\u00e0 el proper dissabte 17 d\u2019octubre de 2015.\u00a0En la seva visita a La Farga de L\u2019Hospitalet, Expoterraria arriba a la 32a edici\u00f3 i podrem veure tot all\u00f2 relacionat amb animals r\u00e8ptils, amfibis, invertebrats, entre d\u2019altres. A m\u00e9s d\u2019Expoterraria tamb\u00e9 es duran a terme les II Jornades Reptilia amb diferents cursos d\u2019aproximaci\u00f3 a aquestes esp\u00e8cies i confer\u00e8ncies sobre la mat\u00e8ria.<\/p>\n<p>Activitat: Expoterraria Barcelona<br \/>\nDia: 17 d&#8217;octubre de 2015, 10h.<br \/>\nLloc: La Farga Centre d&#8217;Activitats<br \/>\nC\/ Barcelona, 2. L&#8217;Hospitalet.<br \/>\nPer a m\u00e9s informaci\u00f3: <a href=\"http:\/\/www.expoterraria.es\" target=\"_blank\">www.expoterraria.es<\/a><\/p>\n<p>&nbsp;<\/p>\n<p><strong><a href=\"https:\/\/www.lafarga.com\/corporatiu\/a-octubre-torna-parc-infantil-transit-la-farga\/\" target=\"_blank\">PARC INFANTIL DE TR\u00c0NSIT &#8211; UNITAT DID\u00c0TICA DE LA BICICLETA<\/a>. 26, 27, 28 29 i 30 d&#8217;octubre de 2015<\/strong><\/p>\n<p>Els propers 26, 27, 28, 29 i 30 d&#8217;octubre La Farga Centre d&#8217;Activitats acollir\u00e0 de nou el Parc Infantil de Tr\u00e0nsit, organitzat per la Unitat Did\u00e0ctica de la Bicicleta de la Gu\u00e0rdia Urbana de L&#8217;Hospitalet.\u00a0Aquesta activitat, que ocupa 1.500m2 de recinte, est\u00e0 destinada a alumnes de cinqu\u00e8 de prim\u00e0ria de diferents centres educatius de la ciutat.<\/p>\n<p>Activitat: Parc Infantil de Tr\u00e0nsit.<br \/>\nDies: 26, 27, 28, 29 i 30 d&#8217;octubre de 2015.<br \/>\nLloc: La Farga Centre d&#8217;Activitats. C\/ Barcelona, 2. L&#8217;Hospitalet.<\/p>\n<p>&nbsp;<\/p>\n<p><strong><a href=\"https:\/\/www.lafarga.com\/corporatiu\/creativa-tornara-tardor-lafarga-centre-activitats\/\" target=\"_blank\">CREATIVA<\/a>. Sal\u00f3 de les manualitats, labors artesanals i belles arts. 5, 6, 7 i 8 de novembre de 2015<\/strong><\/p>\n<p>La Farga Centre d\u2019Activitats de L\u2019Hospitalet acull des dijous 5 de novembre i fins diumenge 8 de novembre, la desena edici\u00f3 de Creativa, el m\u00e9s gran sal\u00f3 d\u2019\u201dOci creatiu\u201d a nivell europeu.\u00a0Els 8.500 m2 de superf\u00edcie de La Farga, m\u00e9s altres espais del centre, estan a disposici\u00f3 de Creativa per oferir-nos el m\u00e9s rellevant en l\u2019art de la creaci\u00f3 manual de qualsevol especialitat i en les manualitats creatives.<\/p>\n<p>Activitat: Sal\u00f3 Creativa Barcelona 2015<br \/>\nDies: 5, 6, 7 i 8 novembre de 2015, a partir de les 10h.<br \/>\nLloc: La Farga Centre d\u2019Activitats C\/ Barcelona, 2. L&#8217;Hospitalet.<br \/>\nPer a m\u00e9s informaci\u00f3: <a href=\"http:\/\/barcelona.creativa.eu\/\" target=\"_blank\">www.creativa-spain.com<\/a><\/p>\n<p>&nbsp;<\/p>\n<p><strong><a href=\"https:\/\/www.lafarga.com\/corporatiu\/lescola-oficial-de-patinatge-inline-torna-al-setembre\/\" target=\"_blank\">CLASSES DE PATINATGE<\/a><\/strong>. <strong>Escola Oficial de Patinatge Inline<\/strong><\/p>\n<p>Tots els dimarts i dimecres feiners La Farga Centre d\u2019Activitats acull classes de patinatge organitzades per l\u2019Escola Oficial de Patinatge Inline.\u00a0Aquesta entitat creada a l\u2019any 1996, compta amb m\u00e9s d\u2019una d\u00e8cada d\u2019activitat ininterrompuda i \u00e9s l\u2019escola pionera de patinatge en l\u00ednia, no nom\u00e9s de les comarques de Barcelona, sin\u00f3 de tota Espanya.<\/p>\n<p>Activitat: Classes de patinatge Escola Oficial de Patinatge Inline.<br \/>\nDies: Dimarts de 19h a 20h i dimecres de 18h a 19h.<br \/>\nLloc: La Farga Centre d&#8217;Activitats. C\/ Barcelona, 2. L&#8217;Hospitalet.<br \/>\nPer a m\u00e9s informaci\u00f3: <a href=\"http:\/\/www.escolapatinatge.com\/\" target=\"_blank\">Escola Oficial de Patinatge<\/a><\/p>\n<p>&nbsp;<\/p>\n<p><strong>PROVES CERTIFICAT D&#8217;APTITUD PROFESSIONAL (CAP) i\u00a0PROVES CONSELLERS DE SEGURETAT I CAPACITACI\u00d3 PROFESSIONAL<\/strong><\/p>\n<p>La Farga Centre d&#8217;Activitats acull durant la tardor diferents ex\u00e0mens per a la obtenci\u00f3 del Certificat d\u2019Aptitud Professional (CAP) per a l\u2019exercici de l\u2019activitat de conductor\/a professional de determinats vehicles destinats al transport de mercaderies i\u00a0per aquelles persones que volen obtenir o renovar el certificat de capacitaci\u00f3 professional de consellers de seguretat de transports de mercaderies perilloses per carretera.<\/p>\n","protected":false},"excerpt":{"rendered":"<p>Us presentem l&#8217;agenda prevista per al darrer trimestre de l&#8217;any a La Farga Centre d&#8217;Activitats. Una nova edici\u00f3 del Sal\u00f3 Creativa i el retorn d&#8217;Expoterraria s\u00f3n els principals esdeveniments de les properes setmanes. El Parc Infantil de Tr\u00e0nsit, les classes de patinatge de l&#8217;Escola Oficial Inline i els ex\u00e0mens del Departament de Territorri i Sostenibilitat de la Generalitat tamb\u00e9 tornen al calendari d&#8217;activitats.<\/p>\n","protected":false},"author":8,"featured_media":4911,"comment_status":"closed","ping_status":"closed","sticky":false,"template":"","format":"standard","meta":{"inline_featured_image":false,"_uag_custom_page_level_css":"","_monsterinsights_skip_tracking":false,"_monsterinsights_sitenote_active":false,"_monsterinsights_sitenote_note":"","_monsterinsights_sitenote_category":0,"site-sidebar-layout":"default","site-content-layout":"","ast-site-content-layout":"default","site-content-style":"default","site-sidebar-style":"default","ast-global-header-display":"","ast-banner-title-visibility":"","ast-main-header-display":"","ast-hfb-above-header-display":"","ast-hfb-below-header-display":"","ast-hfb-mobile-header-display":"","site-post-title":"","ast-breadcrumbs-content":"","ast-featured-img":"","footer-sml-layout":"","ast-disable-related-posts":"","theme-transparent-header-meta":"","adv-header-id-meta":"","stick-header-meta":"","header-above-stick-meta":"","header-main-stick-meta":"","header-below-stick-meta":"","astra-migrate-meta-layouts":"default","ast-page-background-enabled":"default","ast-page-background-meta":{"desktop":{"background-color":"var(--ast-global-color-4)","background-image":"","background-repeat":"repeat","background-position":"center center","background-size":"auto","background-attachment":"scroll","background-type":"","background-media":"","overlay-type":"","overlay-color":"","overlay-opacity":"","overlay-gradient":""},"tablet":{"background-color":"","background-image":"","background-repeat":"repeat","background-position":"center center","background-size":"auto","background-attachment":"scroll","background-type":"","background-media":"","overlay-type":"","overlay-color":"","overlay-opacity":"","overlay-gradient":""},"mobile":{"background-color":"","background-image":"","background-repeat":"repeat","background-position":"center center","background-size":"auto","background-attachment":"scroll","background-type":"","background-media":"","overlay-type":"","overlay-color":"","overlay-opacity":"","overlay-gradient":""}},"ast-content-background-meta":{"desktop":{"background-color":"var(--ast-global-color-5)","background-image":"","background-repeat":"repeat","background-position":"center center","background-size":"auto","background-attachment":"scroll","background-type":"","background-media":"","overlay-type":"","overlay-color":"","overlay-opacity":"","overlay-gradient":""},"tablet":{"background-color":"var(--ast-global-color-5)","background-image":"","background-repeat":"repeat","background-position":"center center","background-size":"auto","background-attachment":"scroll","background-type":"","background-media":"","overlay-type":"","overlay-color":"","overlay-opacity":"","overlay-gradient":""},"mobile":{"background-color":"var(--ast-global-color-5)","background-image":"","background-repeat":"repeat","background-position":"center center","background-size":"auto","background-attachment":"scroll","background-type":"","background-media":"","overlay-type":"","overlay-color":"","overlay-opacity":"","overlay-gradient":""}},"footnotes":""},"categories":[49],"tags":[],"class_list":["post-4907","post","type-post","status-publish","format-standard","has-post-thumbnail","hentry","category-centre-activitats"],"yoast_head":"<!-- This site is optimized with the Yoast SEO plugin v27.4 - https:\/\/yoast.com\/product\/yoast-seo-wordpress\/ -->\n<title>Agenda de La Farga Centre d&#039;Activitats<\/title>\n<meta name=\"description\" content=\"Us presentem l&#039;agenda prevista per al darrer trimestre de l&#039;any a La Farga Centre d&#039;Activitats, amb el Sal\u00f3 Creativa i el retorn d&#039;Expoterraria.\" \/>\n<meta name=\"robots\" content=\"index, follow, max-snippet:-1, max-image-preview:large, max-video-preview:-1\" \/>\n<link rel=\"canonical\" href=\"https:\/\/www.lafarga.com\/corporatiu\/agenda-de-la-farga-centre-dactivitats-2\/\" \/>\n<meta property=\"og:locale\" content=\"ca_ES\" \/>\n<meta property=\"og:type\" content=\"article\" \/>\n<meta property=\"og:title\" content=\"Agenda de La Farga Centre d&#039;Activitats\" \/>\n<meta property=\"og:description\" content=\"Us presentem l&#039;agenda prevista per al darrer trimestre de l&#039;any a La Farga Centre d&#039;Activitats, amb el Sal\u00f3 Creativa i el retorn d&#039;Expoterraria.\" \/>\n<meta property=\"og:url\" content=\"https:\/\/www.lafarga.com\/corporatiu\/agenda-de-la-farga-centre-dactivitats-2\/\" \/>\n<meta property=\"og:site_name\" content=\"La Farga Gesti\u00f3n de Equipamientos Municipales, S.A.\" \/>\n<meta property=\"article:published_time\" content=\"2015-09-02T10:44:28+00:00\" \/>\n<meta property=\"article:modified_time\" content=\"2015-09-02T10:57:18+00:00\" \/>\n<meta property=\"og:image\" content=\"https:\/\/www.lafarga.com\/corporatiu\/wp-content\/uploads\/2015\/09\/Creativa-farga1.jpg\" \/>\n\t<meta property=\"og:image:width\" content=\"730\" \/>\n\t<meta property=\"og:image:height\" content=\"410\" \/>\n\t<meta property=\"og:image:type\" content=\"image\/jpeg\" \/>\n<meta name=\"author\" content=\"admfarga\" \/>\n<meta name=\"twitter:label1\" content=\"Escrit per\" \/>\n\t<meta name=\"twitter:data1\" content=\"admfarga\" \/>\n\t<meta name=\"twitter:label2\" content=\"Temps estimat de lectura\" \/>\n\t<meta name=\"twitter:data2\" content=\"3 minuts\" \/>\n<script type=\"application\/ld+json\" class=\"yoast-schema-graph\">{\"@context\":\"https:\\\/\\\/schema.org\",\"@graph\":[{\"@type\":\"Article\",\"@id\":\"https:\\\/\\\/www.lafarga.com\\\/corporatiu\\\/agenda-de-la-farga-centre-dactivitats-2\\\/#article\",\"isPartOf\":{\"@id\":\"https:\\\/\\\/www.lafarga.com\\\/corporatiu\\\/agenda-de-la-farga-centre-dactivitats-2\\\/\"},\"author\":{\"name\":\"admfarga\",\"@id\":\"https:\\\/\\\/www.lafarga.com\\\/corporatiu\\\/#\\\/schema\\\/person\\\/0ad4bc37b46f53e6b85ad51c2ac2d685\"},\"headline\":\"Agenda de La Farga Centre d&#8217;Activitats\",\"datePublished\":\"2015-09-02T10:44:28+00:00\",\"dateModified\":\"2015-09-02T10:57:18+00:00\",\"mainEntityOfPage\":{\"@id\":\"https:\\\/\\\/www.lafarga.com\\\/corporatiu\\\/agenda-de-la-farga-centre-dactivitats-2\\\/\"},\"wordCount\":602,\"publisher\":{\"@id\":\"https:\\\/\\\/www.lafarga.com\\\/corporatiu\\\/#organization\"},\"image\":{\"@id\":\"https:\\\/\\\/www.lafarga.com\\\/corporatiu\\\/agenda-de-la-farga-centre-dactivitats-2\\\/#primaryimage\"},\"thumbnailUrl\":\"https:\\\/\\\/www.lafarga.com\\\/corporatiu\\\/wp-content\\\/uploads\\\/2015\\\/09\\\/Creativa-farga1.jpg\",\"articleSection\":[\"Centre d'Activitats\"],\"inLanguage\":\"ca\"},{\"@type\":\"WebPage\",\"@id\":\"https:\\\/\\\/www.lafarga.com\\\/corporatiu\\\/agenda-de-la-farga-centre-dactivitats-2\\\/\",\"url\":\"https:\\\/\\\/www.lafarga.com\\\/corporatiu\\\/agenda-de-la-farga-centre-dactivitats-2\\\/\",\"name\":\"Agenda de La Farga Centre d'Activitats\",\"isPartOf\":{\"@id\":\"https:\\\/\\\/www.lafarga.com\\\/corporatiu\\\/#website\"},\"primaryImageOfPage\":{\"@id\":\"https:\\\/\\\/www.lafarga.com\\\/corporatiu\\\/agenda-de-la-farga-centre-dactivitats-2\\\/#primaryimage\"},\"image\":{\"@id\":\"https:\\\/\\\/www.lafarga.com\\\/corporatiu\\\/agenda-de-la-farga-centre-dactivitats-2\\\/#primaryimage\"},\"thumbnailUrl\":\"https:\\\/\\\/www.lafarga.com\\\/corporatiu\\\/wp-content\\\/uploads\\\/2015\\\/09\\\/Creativa-farga1.jpg\",\"datePublished\":\"2015-09-02T10:44:28+00:00\",\"dateModified\":\"2015-09-02T10:57:18+00:00\",\"description\":\"Us presentem l'agenda prevista per al darrer trimestre de l'any a La Farga Centre d'Activitats, amb el Sal\u00f3 Creativa i el retorn d'Expoterraria.\",\"breadcrumb\":{\"@id\":\"https:\\\/\\\/www.lafarga.com\\\/corporatiu\\\/agenda-de-la-farga-centre-dactivitats-2\\\/#breadcrumb\"},\"inLanguage\":\"ca\",\"potentialAction\":[{\"@type\":\"ReadAction\",\"target\":[\"https:\\\/\\\/www.lafarga.com\\\/corporatiu\\\/agenda-de-la-farga-centre-dactivitats-2\\\/\"]}]},{\"@type\":\"ImageObject\",\"inLanguage\":\"ca\",\"@id\":\"https:\\\/\\\/www.lafarga.com\\\/corporatiu\\\/agenda-de-la-farga-centre-dactivitats-2\\\/#primaryimage\",\"url\":\"https:\\\/\\\/www.lafarga.com\\\/corporatiu\\\/wp-content\\\/uploads\\\/2015\\\/09\\\/Creativa-farga1.jpg\",\"contentUrl\":\"https:\\\/\\\/www.lafarga.com\\\/corporatiu\\\/wp-content\\\/uploads\\\/2015\\\/09\\\/Creativa-farga1.jpg\",\"width\":730,\"height\":410},{\"@type\":\"BreadcrumbList\",\"@id\":\"https:\\\/\\\/www.lafarga.com\\\/corporatiu\\\/agenda-de-la-farga-centre-dactivitats-2\\\/#breadcrumb\",\"itemListElement\":[{\"@type\":\"ListItem\",\"position\":1,\"name\":\"Home\",\"item\":\"https:\\\/\\\/www.lafarga.com\\\/corporatiu\\\/lafarga-hospitalet-llobregat\\\/\"},{\"@type\":\"ListItem\",\"position\":2,\"name\":\"Agenda de La Farga Centre d&#8217;Activitats\"}]},{\"@type\":\"WebSite\",\"@id\":\"https:\\\/\\\/www.lafarga.com\\\/corporatiu\\\/#website\",\"url\":\"https:\\\/\\\/www.lafarga.com\\\/corporatiu\\\/\",\"name\":\"La Farga Gesti\u00f3 d&#039;Equipaments Municipals, SA\",\"description\":\"\",\"publisher\":{\"@id\":\"https:\\\/\\\/www.lafarga.com\\\/corporatiu\\\/#organization\"},\"potentialAction\":[{\"@type\":\"SearchAction\",\"target\":{\"@type\":\"EntryPoint\",\"urlTemplate\":\"https:\\\/\\\/www.lafarga.com\\\/corporatiu\\\/?s={search_term_string}\"},\"query-input\":{\"@type\":\"PropertyValueSpecification\",\"valueRequired\":true,\"valueName\":\"search_term_string\"}}],\"inLanguage\":\"ca\"},{\"@type\":\"Organization\",\"@id\":\"https:\\\/\\\/www.lafarga.com\\\/corporatiu\\\/#organization\",\"name\":\"La Farga Gesti\u00f3 d&#039;Equipaments Municipals, SA\",\"url\":\"https:\\\/\\\/www.lafarga.com\\\/corporatiu\\\/\",\"logo\":{\"@type\":\"ImageObject\",\"inLanguage\":\"ca\",\"@id\":\"https:\\\/\\\/www.lafarga.com\\\/corporatiu\\\/#\\\/schema\\\/logo\\\/image\\\/\",\"url\":\"https:\\\/\\\/www.lafarga.com\\\/corporatiu\\\/wp-content\\\/uploads\\\/2023\\\/11\\\/logotipo_lafarga_gemsa.svg\",\"contentUrl\":\"https:\\\/\\\/www.lafarga.com\\\/corporatiu\\\/wp-content\\\/uploads\\\/2023\\\/11\\\/logotipo_lafarga_gemsa.svg\",\"width\":102,\"height\":103,\"caption\":\"La Farga Gesti\u00f3 d&#039;Equipaments Municipals, SA\"},\"image\":{\"@id\":\"https:\\\/\\\/www.lafarga.com\\\/corporatiu\\\/#\\\/schema\\\/logo\\\/image\\\/\"}},{\"@type\":\"Person\",\"@id\":\"https:\\\/\\\/www.lafarga.com\\\/corporatiu\\\/#\\\/schema\\\/person\\\/0ad4bc37b46f53e6b85ad51c2ac2d685\",\"name\":\"admfarga\",\"image\":{\"@type\":\"ImageObject\",\"inLanguage\":\"ca\",\"@id\":\"https:\\\/\\\/secure.gravatar.com\\\/avatar\\\/2a2db0975754ce87d41cab8623874e9e5ef5d0add52244aba02a09775feab5cb?s=96&d=mm&r=g\",\"url\":\"https:\\\/\\\/secure.gravatar.com\\\/avatar\\\/2a2db0975754ce87d41cab8623874e9e5ef5d0add52244aba02a09775feab5cb?s=96&d=mm&r=g\",\"contentUrl\":\"https:\\\/\\\/secure.gravatar.com\\\/avatar\\\/2a2db0975754ce87d41cab8623874e9e5ef5d0add52244aba02a09775feab5cb?s=96&d=mm&r=g\",\"caption\":\"admfarga\"},\"url\":\"https:\\\/\\\/www.lafarga.com\\\/corporatiu\\\/author\\\/admfarga\\\/\"}]}<\/script>\n<!-- \/ Yoast SEO plugin. -->","yoast_head_json":{"title":"Agenda de La Farga Centre d'Activitats","description":"Us presentem l'agenda prevista per al darrer trimestre de l'any a La Farga Centre d'Activitats, amb el Sal\u00f3 Creativa i el retorn d'Expoterraria.","robots":{"index":"index","follow":"follow","max-snippet":"max-snippet:-1","max-image-preview":"max-image-preview:large","max-video-preview":"max-video-preview:-1"},"canonical":"https:\/\/www.lafarga.com\/corporatiu\/agenda-de-la-farga-centre-dactivitats-2\/","og_locale":"ca_ES","og_type":"article","og_title":"Agenda de La Farga Centre d'Activitats","og_description":"Us presentem l'agenda prevista per al darrer trimestre de l'any a La Farga Centre d'Activitats, amb el Sal\u00f3 Creativa i el retorn d'Expoterraria.","og_url":"https:\/\/www.lafarga.com\/corporatiu\/agenda-de-la-farga-centre-dactivitats-2\/","og_site_name":"La Farga Gesti\u00f3n de Equipamientos Municipales, S.A.","article_published_time":"2015-09-02T10:44:28+00:00","article_modified_time":"2015-09-02T10:57:18+00:00","og_image":[{"width":730,"height":410,"url":"https:\/\/www.lafarga.com\/corporatiu\/wp-content\/uploads\/2015\/09\/Creativa-farga1.jpg","type":"image\/jpeg"}],"author":"admfarga","twitter_misc":{"Escrit per":"admfarga","Temps estimat de lectura":"3 minuts"},"schema":{"@context":"https:\/\/schema.org","@graph":[{"@type":"Article","@id":"https:\/\/www.lafarga.com\/corporatiu\/agenda-de-la-farga-centre-dactivitats-2\/#article","isPartOf":{"@id":"https:\/\/www.lafarga.com\/corporatiu\/agenda-de-la-farga-centre-dactivitats-2\/"},"author":{"name":"admfarga","@id":"https:\/\/www.lafarga.com\/corporatiu\/#\/schema\/person\/0ad4bc37b46f53e6b85ad51c2ac2d685"},"headline":"Agenda de La Farga Centre d&#8217;Activitats","datePublished":"2015-09-02T10:44:28+00:00","dateModified":"2015-09-02T10:57:18+00:00","mainEntityOfPage":{"@id":"https:\/\/www.lafarga.com\/corporatiu\/agenda-de-la-farga-centre-dactivitats-2\/"},"wordCount":602,"publisher":{"@id":"https:\/\/www.lafarga.com\/corporatiu\/#organization"},"image":{"@id":"https:\/\/www.lafarga.com\/corporatiu\/agenda-de-la-farga-centre-dactivitats-2\/#primaryimage"},"thumbnailUrl":"https:\/\/www.lafarga.com\/corporatiu\/wp-content\/uploads\/2015\/09\/Creativa-farga1.jpg","articleSection":["Centre d'Activitats"],"inLanguage":"ca"},{"@type":"WebPage","@id":"https:\/\/www.lafarga.com\/corporatiu\/agenda-de-la-farga-centre-dactivitats-2\/","url":"https:\/\/www.lafarga.com\/corporatiu\/agenda-de-la-farga-centre-dactivitats-2\/","name":"Agenda de La Farga Centre d'Activitats","isPartOf":{"@id":"https:\/\/www.lafarga.com\/corporatiu\/#website"},"primaryImageOfPage":{"@id":"https:\/\/www.lafarga.com\/corporatiu\/agenda-de-la-farga-centre-dactivitats-2\/#primaryimage"},"image":{"@id":"https:\/\/www.lafarga.com\/corporatiu\/agenda-de-la-farga-centre-dactivitats-2\/#primaryimage"},"thumbnailUrl":"https:\/\/www.lafarga.com\/corporatiu\/wp-content\/uploads\/2015\/09\/Creativa-farga1.jpg","datePublished":"2015-09-02T10:44:28+00:00","dateModified":"2015-09-02T10:57:18+00:00","description":"Us presentem l'agenda prevista per al darrer trimestre de l'any a La Farga Centre d'Activitats, amb el Sal\u00f3 Creativa i el retorn d'Expoterraria.","breadcrumb":{"@id":"https:\/\/www.lafarga.com\/corporatiu\/agenda-de-la-farga-centre-dactivitats-2\/#breadcrumb"},"inLanguage":"ca","potentialAction":[{"@type":"ReadAction","target":["https:\/\/www.lafarga.com\/corporatiu\/agenda-de-la-farga-centre-dactivitats-2\/"]}]},{"@type":"ImageObject","inLanguage":"ca","@id":"https:\/\/www.lafarga.com\/corporatiu\/agenda-de-la-farga-centre-dactivitats-2\/#primaryimage","url":"https:\/\/www.lafarga.com\/corporatiu\/wp-content\/uploads\/2015\/09\/Creativa-farga1.jpg","contentUrl":"https:\/\/www.lafarga.com\/corporatiu\/wp-content\/uploads\/2015\/09\/Creativa-farga1.jpg","width":730,"height":410},{"@type":"BreadcrumbList","@id":"https:\/\/www.lafarga.com\/corporatiu\/agenda-de-la-farga-centre-dactivitats-2\/#breadcrumb","itemListElement":[{"@type":"ListItem","position":1,"name":"Home","item":"https:\/\/www.lafarga.com\/corporatiu\/lafarga-hospitalet-llobregat\/"},{"@type":"ListItem","position":2,"name":"Agenda de La Farga Centre d&#8217;Activitats"}]},{"@type":"WebSite","@id":"https:\/\/www.lafarga.com\/corporatiu\/#website","url":"https:\/\/www.lafarga.com\/corporatiu\/","name":"La Farga Gesti\u00f3 d&#039;Equipaments Municipals, SA","description":"","publisher":{"@id":"https:\/\/www.lafarga.com\/corporatiu\/#organization"},"potentialAction":[{"@type":"SearchAction","target":{"@type":"EntryPoint","urlTemplate":"https:\/\/www.lafarga.com\/corporatiu\/?s={search_term_string}"},"query-input":{"@type":"PropertyValueSpecification","valueRequired":true,"valueName":"search_term_string"}}],"inLanguage":"ca"},{"@type":"Organization","@id":"https:\/\/www.lafarga.com\/corporatiu\/#organization","name":"La Farga Gesti\u00f3 d&#039;Equipaments Municipals, SA","url":"https:\/\/www.lafarga.com\/corporatiu\/","logo":{"@type":"ImageObject","inLanguage":"ca","@id":"https:\/\/www.lafarga.com\/corporatiu\/#\/schema\/logo\/image\/","url":"https:\/\/www.lafarga.com\/corporatiu\/wp-content\/uploads\/2023\/11\/logotipo_lafarga_gemsa.svg","contentUrl":"https:\/\/www.lafarga.com\/corporatiu\/wp-content\/uploads\/2023\/11\/logotipo_lafarga_gemsa.svg","width":102,"height":103,"caption":"La Farga Gesti\u00f3 d&#039;Equipaments Municipals, SA"},"image":{"@id":"https:\/\/www.lafarga.com\/corporatiu\/#\/schema\/logo\/image\/"}},{"@type":"Person","@id":"https:\/\/www.lafarga.com\/corporatiu\/#\/schema\/person\/0ad4bc37b46f53e6b85ad51c2ac2d685","name":"admfarga","image":{"@type":"ImageObject","inLanguage":"ca","@id":"https:\/\/secure.gravatar.com\/avatar\/2a2db0975754ce87d41cab8623874e9e5ef5d0add52244aba02a09775feab5cb?s=96&d=mm&r=g","url":"https:\/\/secure.gravatar.com\/avatar\/2a2db0975754ce87d41cab8623874e9e5ef5d0add52244aba02a09775feab5cb?s=96&d=mm&r=g","contentUrl":"https:\/\/secure.gravatar.com\/avatar\/2a2db0975754ce87d41cab8623874e9e5ef5d0add52244aba02a09775feab5cb?s=96&d=mm&r=g","caption":"admfarga"},"url":"https:\/\/www.lafarga.com\/corporatiu\/author\/admfarga\/"}]}},"uagb_featured_image_src":{"full":["https:\/\/www.lafarga.com\/corporatiu\/wp-content\/uploads\/2015\/09\/Creativa-farga1.jpg",730,410,false],"thumbnail":["https:\/\/www.lafarga.com\/corporatiu\/wp-content\/uploads\/2015\/09\/Creativa-farga1-150x150.jpg",150,150,true],"medium":["https:\/\/www.lafarga.com\/corporatiu\/wp-content\/uploads\/2015\/09\/Creativa-farga1-300x168.jpg",300,168,true],"medium_large":["https:\/\/www.lafarga.com\/corporatiu\/wp-content\/uploads\/2015\/09\/Creativa-farga1.jpg",730,410,false],"large":["https:\/\/www.lafarga.com\/corporatiu\/wp-content\/uploads\/2015\/09\/Creativa-farga1.jpg",730,410,false],"1536x1536":["https:\/\/www.lafarga.com\/corporatiu\/wp-content\/uploads\/2015\/09\/Creativa-farga1.jpg",730,410,false],"2048x2048":["https:\/\/www.lafarga.com\/corporatiu\/wp-content\/uploads\/2015\/09\/Creativa-farga1.jpg",730,410,false],"mailpoet_newsletter_max":["https:\/\/www.lafarga.com\/corporatiu\/wp-content\/uploads\/2015\/09\/Creativa-farga1.jpg",730,410,false]},"uagb_author_info":{"display_name":"admfarga","author_link":"https:\/\/www.lafarga.com\/corporatiu\/author\/admfarga\/"},"uagb_comment_info":0,"uagb_excerpt":"Us presentem l'agenda prevista per al darrer trimestre de l'any a La Farga Centre d'Activitats. Una nova edici\u00f3 del Sal\u00f3 Creativa i el retorn d'Expoterraria s\u00f3n els principals esdeveniments de les properes setmanes. El Parc Infantil de Tr\u00e0nsit, les classes de patinatge de l'Escola Oficial Inline i els ex\u00e0mens del Departament de Territorri i Sostenibilitat&hellip;","_links":{"self":[{"href":"https:\/\/www.lafarga.com\/corporatiu\/wp-json\/wp\/v2\/posts\/4907","targetHints":{"allow":["GET"]}}],"collection":[{"href":"https:\/\/www.lafarga.com\/corporatiu\/wp-json\/wp\/v2\/posts"}],"about":[{"href":"https:\/\/www.lafarga.com\/corporatiu\/wp-json\/wp\/v2\/types\/post"}],"author":[{"embeddable":true,"href":"https:\/\/www.lafarga.com\/corporatiu\/wp-json\/wp\/v2\/users\/8"}],"replies":[{"embeddable":true,"href":"https:\/\/www.lafarga.com\/corporatiu\/wp-json\/wp\/v2\/comments?post=4907"}],"version-history":[{"count":6,"href":"https:\/\/www.lafarga.com\/corporatiu\/wp-json\/wp\/v2\/posts\/4907\/revisions"}],"predecessor-version":[{"id":4916,"href":"https:\/\/www.lafarga.com\/corporatiu\/wp-json\/wp\/v2\/posts\/4907\/revisions\/4916"}],"wp:featuredmedia":[{"embeddable":true,"href":"https:\/\/www.lafarga.com\/corporatiu\/wp-json\/wp\/v2\/media\/4911"}],"wp:attachment":[{"href":"https:\/\/www.lafarga.com\/corporatiu\/wp-json\/wp\/v2\/media?parent=4907"}],"wp:term":[{"taxonomy":"category","embeddable":true,"href":"https:\/\/www.lafarga.com\/corporatiu\/wp-json\/wp\/v2\/categories?post=4907"},{"taxonomy":"post_tag","embeddable":true,"href":"https:\/\/www.lafarga.com\/corporatiu\/wp-json\/wp\/v2\/tags?post=4907"}],"curies":[{"name":"wp","href":"https:\/\/api.w.org\/{rel}","templated":true}]}}