{"id":4847,"date":"2015-07-20T16:33:27","date_gmt":"2015-07-20T16:33:27","guid":{"rendered":"http:\/\/www.lafarga.com\/corporatiu\/?p=4847"},"modified":"2015-07-20T16:39:17","modified_gmt":"2015-07-20T16:39:17","slug":"lhdigital-pren-ne-nota-ofereixen-entrades-per-veure-toni-moog","status":"publish","type":"post","link":"https:\/\/www.lafarga.com\/corporatiu\/lhdigital-pren-ne-nota-ofereixen-entrades-per-veure-toni-moog\/","title":{"rendered":"L&#8217;Hdigital i &#8216;Pren-ne nota&#8217; ofereixen entrades per veure Toni Moog"},"content":{"rendered":"<p><a href=\"http:\/\/lhdigital.cat\/web\/digital-h\/televisio\" target=\"_blank\">Televisi\u00f3 L&#8217;Hospitalet<\/a> i <a href=\"http:\/\/lhdigital.cat\/web\/digital-h\/\" target=\"_blank\">L&#8217;Hdigital <\/a>ofereixen aquesta setmana 20 entrades dobles per al darrer espectacle del cicle &#8216;Malalts de risa&#8217; que tindr\u00e0 com a protagonista a <a href=\"http:\/\/www.tonimoog.com\/\" target=\"_blank\">Toni Moog<\/a>, de la Paramount Comedy. L&#8217;actuaci\u00f3 ser\u00e0 divendres, 24 de juliol.<\/p>\n<p>Les entrades es repartiran entre les 20 primeres persones que omplin el formulari de la part inferior. Els guanyadors rebran un correu electr\u00f2nic de confirmaci\u00f3.<\/p>\n<p>Totes les actuacions del cicle &#8216;Malalts de risa&#8217; tenen lloc a les 22 hores a les carpes Aire, a L&#8217;Hospitalet Nord. El preu de l&#8217;entrada de peu \u00e9s de 10 euros i l&#8217;entrada amb seient, 13 euros.<\/p>\n<p>Per inscriure&#8217;t en el formulari fes clic <a href=\"http:\/\/lhdigital.cat\/web\/digital-h\/noticia\/cultura\/-\/journal_content\/56_INSTANCE_43Th\/11023\/9703087\" target=\"_blank\">aqu\u00ed<\/a>.<\/p>\n","protected":false},"excerpt":{"rendered":"<p>Televisi\u00f3 L&#8217;Hospitalet i L&#8217;Hdigital ofereixen aquesta setmana 20 entrades dobles per al darrer espectacle del cicle &#8216;Malalts de risa&#8217; que tindr\u00e0 com a protagonista a Toni Moog, de la Paramount Comedy. L&#8217;actuaci\u00f3 ser\u00e0 divendres, 24 de juliol. Les entrades es repartiran entre les 20 primeres persones que omplin el formulari de la part inferior. Els guanyadors rebran un correu electr\u00f2nic de confirmaci\u00f3.<\/p>\n","protected":false},"author":8,"featured_media":4848,"comment_status":"closed","ping_status":"closed","sticky":false,"template":"","format":"standard","meta":{"inline_featured_image":false,"_uag_custom_page_level_css":"","_monsterinsights_skip_tracking":false,"_monsterinsights_sitenote_active":false,"_monsterinsights_sitenote_note":"","_monsterinsights_sitenote_category":0,"site-sidebar-layout":"default","site-content-layout":"","ast-site-content-layout":"default","site-content-style":"default","site-sidebar-style":"default","ast-global-header-display":"","ast-banner-title-visibility":"","ast-main-header-display":"","ast-hfb-above-header-display":"","ast-hfb-below-header-display":"","ast-hfb-mobile-header-display":"","site-post-title":"","ast-breadcrumbs-content":"","ast-featured-img":"","footer-sml-layout":"","ast-disable-related-posts":"","theme-transparent-header-meta":"","adv-header-id-meta":"","stick-header-meta":"","header-above-stick-meta":"","header-main-stick-meta":"","header-below-stick-meta":"","astra-migrate-meta-layouts":"default","ast-page-background-enabled":"default","ast-page-background-meta":{"desktop":{"background-color":"var(--ast-global-color-4)","background-image":"","background-repeat":"repeat","background-position":"center center","background-size":"auto","background-attachment":"scroll","background-type":"","background-media":"","overlay-type":"","overlay-color":"","overlay-opacity":"","overlay-gradient":""},"tablet":{"background-color":"","background-image":"","background-repeat":"repeat","background-position":"center center","background-size":"auto","background-attachment":"scroll","background-type":"","background-media":"","overlay-type":"","overlay-color":"","overlay-opacity":"","overlay-gradient":""},"mobile":{"background-color":"","background-image":"","background-repeat":"repeat","background-position":"center center","background-size":"auto","background-attachment":"scroll","background-type":"","background-media":"","overlay-type":"","overlay-color":"","overlay-opacity":"","overlay-gradient":""}},"ast-content-background-meta":{"desktop":{"background-color":"var(--ast-global-color-5)","background-image":"","background-repeat":"repeat","background-position":"center center","background-size":"auto","background-attachment":"scroll","background-type":"","background-media":"","overlay-type":"","overlay-color":"","overlay-opacity":"","overlay-gradient":""},"tablet":{"background-color":"var(--ast-global-color-5)","background-image":"","background-repeat":"repeat","background-position":"center center","background-size":"auto","background-attachment":"scroll","background-type":"","background-media":"","overlay-type":"","overlay-color":"","overlay-opacity":"","overlay-gradient":""},"mobile":{"background-color":"var(--ast-global-color-5)","background-image":"","background-repeat":"repeat","background-position":"center center","background-size":"auto","background-attachment":"scroll","background-type":"","background-media":"","overlay-type":"","overlay-color":"","overlay-opacity":"","overlay-gradient":""}},"footnotes":""},"categories":[51],"tags":[],"class_list":["post-4847","post","type-post","status-publish","format-standard","has-post-thumbnail","hentry","category-mitjans-comunicacio"],"yoast_head":"<!-- This site is optimized with the Yoast SEO plugin v27.4 - https:\/\/yoast.com\/product\/yoast-seo-wordpress\/ -->\n<title>L&#039;Hdigital i Pren-ne nota ofereixen entrades per veure Toni Moog<\/title>\n<meta name=\"description\" content=\"Televisi\u00f3 L&#039;Hospitalet i L&#039;Hdigital ofereixen aquesta setmana 20 entrades dobles per al darrer espectacle del cicle &#039;Malalts de risa&#039; que far\u00e0 Toni Moog.\" \/>\n<meta name=\"robots\" content=\"index, follow, max-snippet:-1, max-image-preview:large, max-video-preview:-1\" \/>\n<link rel=\"canonical\" href=\"https:\/\/www.lafarga.com\/corporatiu\/lhdigital-pren-ne-nota-ofereixen-entrades-per-veure-toni-moog\/\" \/>\n<meta property=\"og:locale\" content=\"ca_ES\" \/>\n<meta property=\"og:type\" content=\"article\" \/>\n<meta property=\"og:title\" content=\"L&#039;Hdigital i Pren-ne nota ofereixen entrades per veure Toni Moog\" \/>\n<meta property=\"og:description\" content=\"Televisi\u00f3 L&#039;Hospitalet i L&#039;Hdigital ofereixen aquesta setmana 20 entrades dobles per al darrer espectacle del cicle &#039;Malalts de risa&#039; que far\u00e0 Toni Moog.\" \/>\n<meta property=\"og:url\" content=\"https:\/\/www.lafarga.com\/corporatiu\/lhdigital-pren-ne-nota-ofereixen-entrades-per-veure-toni-moog\/\" \/>\n<meta property=\"og:site_name\" content=\"La Farga Gesti\u00f3n de Equipamientos Municipales, S.A.\" \/>\n<meta property=\"article:published_time\" content=\"2015-07-20T16:33:27+00:00\" \/>\n<meta property=\"article:modified_time\" content=\"2015-07-20T16:39:17+00:00\" \/>\n<meta property=\"og:image\" content=\"https:\/\/www.lafarga.com\/corporatiu\/wp-content\/uploads\/2015\/07\/moog-farga.jpg\" \/>\n\t<meta property=\"og:image:width\" content=\"730\" \/>\n\t<meta property=\"og:image:height\" content=\"410\" \/>\n\t<meta property=\"og:image:type\" content=\"image\/jpeg\" \/>\n<meta name=\"author\" content=\"admfarga\" \/>\n<meta name=\"twitter:label1\" content=\"Escrit per\" \/>\n\t<meta name=\"twitter:data1\" content=\"admfarga\" \/>\n\t<meta name=\"twitter:label2\" content=\"Temps estimat de lectura\" \/>\n\t<meta name=\"twitter:data2\" content=\"1 minut\" \/>\n<script type=\"application\/ld+json\" class=\"yoast-schema-graph\">{\"@context\":\"https:\\\/\\\/schema.org\",\"@graph\":[{\"@type\":\"Article\",\"@id\":\"https:\\\/\\\/www.lafarga.com\\\/corporatiu\\\/lhdigital-pren-ne-nota-ofereixen-entrades-per-veure-toni-moog\\\/#article\",\"isPartOf\":{\"@id\":\"https:\\\/\\\/www.lafarga.com\\\/corporatiu\\\/lhdigital-pren-ne-nota-ofereixen-entrades-per-veure-toni-moog\\\/\"},\"author\":{\"name\":\"admfarga\",\"@id\":\"https:\\\/\\\/www.lafarga.com\\\/corporatiu\\\/#\\\/schema\\\/person\\\/0ad4bc37b46f53e6b85ad51c2ac2d685\"},\"headline\":\"L&#8217;Hdigital i &#8216;Pren-ne nota&#8217; ofereixen entrades per veure Toni Moog\",\"datePublished\":\"2015-07-20T16:33:27+00:00\",\"dateModified\":\"2015-07-20T16:39:17+00:00\",\"mainEntityOfPage\":{\"@id\":\"https:\\\/\\\/www.lafarga.com\\\/corporatiu\\\/lhdigital-pren-ne-nota-ofereixen-entrades-per-veure-toni-moog\\\/\"},\"wordCount\":120,\"publisher\":{\"@id\":\"https:\\\/\\\/www.lafarga.com\\\/corporatiu\\\/#organization\"},\"image\":{\"@id\":\"https:\\\/\\\/www.lafarga.com\\\/corporatiu\\\/lhdigital-pren-ne-nota-ofereixen-entrades-per-veure-toni-moog\\\/#primaryimage\"},\"thumbnailUrl\":\"https:\\\/\\\/www.lafarga.com\\\/corporatiu\\\/wp-content\\\/uploads\\\/2015\\\/07\\\/moog-farga.jpg\",\"articleSection\":[\"Mitjans de Comunicaci\u00f3\"],\"inLanguage\":\"ca\"},{\"@type\":\"WebPage\",\"@id\":\"https:\\\/\\\/www.lafarga.com\\\/corporatiu\\\/lhdigital-pren-ne-nota-ofereixen-entrades-per-veure-toni-moog\\\/\",\"url\":\"https:\\\/\\\/www.lafarga.com\\\/corporatiu\\\/lhdigital-pren-ne-nota-ofereixen-entrades-per-veure-toni-moog\\\/\",\"name\":\"L'Hdigital i Pren-ne nota ofereixen entrades per veure Toni Moog\",\"isPartOf\":{\"@id\":\"https:\\\/\\\/www.lafarga.com\\\/corporatiu\\\/#website\"},\"primaryImageOfPage\":{\"@id\":\"https:\\\/\\\/www.lafarga.com\\\/corporatiu\\\/lhdigital-pren-ne-nota-ofereixen-entrades-per-veure-toni-moog\\\/#primaryimage\"},\"image\":{\"@id\":\"https:\\\/\\\/www.lafarga.com\\\/corporatiu\\\/lhdigital-pren-ne-nota-ofereixen-entrades-per-veure-toni-moog\\\/#primaryimage\"},\"thumbnailUrl\":\"https:\\\/\\\/www.lafarga.com\\\/corporatiu\\\/wp-content\\\/uploads\\\/2015\\\/07\\\/moog-farga.jpg\",\"datePublished\":\"2015-07-20T16:33:27+00:00\",\"dateModified\":\"2015-07-20T16:39:17+00:00\",\"description\":\"Televisi\u00f3 L'Hospitalet i L'Hdigital ofereixen aquesta setmana 20 entrades dobles per al darrer espectacle del cicle 'Malalts de risa' que far\u00e0 Toni Moog.\",\"breadcrumb\":{\"@id\":\"https:\\\/\\\/www.lafarga.com\\\/corporatiu\\\/lhdigital-pren-ne-nota-ofereixen-entrades-per-veure-toni-moog\\\/#breadcrumb\"},\"inLanguage\":\"ca\",\"potentialAction\":[{\"@type\":\"ReadAction\",\"target\":[\"https:\\\/\\\/www.lafarga.com\\\/corporatiu\\\/lhdigital-pren-ne-nota-ofereixen-entrades-per-veure-toni-moog\\\/\"]}]},{\"@type\":\"ImageObject\",\"inLanguage\":\"ca\",\"@id\":\"https:\\\/\\\/www.lafarga.com\\\/corporatiu\\\/lhdigital-pren-ne-nota-ofereixen-entrades-per-veure-toni-moog\\\/#primaryimage\",\"url\":\"https:\\\/\\\/www.lafarga.com\\\/corporatiu\\\/wp-content\\\/uploads\\\/2015\\\/07\\\/moog-farga.jpg\",\"contentUrl\":\"https:\\\/\\\/www.lafarga.com\\\/corporatiu\\\/wp-content\\\/uploads\\\/2015\\\/07\\\/moog-farga.jpg\",\"width\":730,\"height\":410},{\"@type\":\"BreadcrumbList\",\"@id\":\"https:\\\/\\\/www.lafarga.com\\\/corporatiu\\\/lhdigital-pren-ne-nota-ofereixen-entrades-per-veure-toni-moog\\\/#breadcrumb\",\"itemListElement\":[{\"@type\":\"ListItem\",\"position\":1,\"name\":\"Home\",\"item\":\"https:\\\/\\\/www.lafarga.com\\\/corporatiu\\\/lafarga-hospitalet-llobregat\\\/\"},{\"@type\":\"ListItem\",\"position\":2,\"name\":\"L&#8217;Hdigital i &#8216;Pren-ne nota&#8217; ofereixen entrades per veure Toni Moog\"}]},{\"@type\":\"WebSite\",\"@id\":\"https:\\\/\\\/www.lafarga.com\\\/corporatiu\\\/#website\",\"url\":\"https:\\\/\\\/www.lafarga.com\\\/corporatiu\\\/\",\"name\":\"La Farga Gesti\u00f3 d&#039;Equipaments Municipals, SA\",\"description\":\"\",\"publisher\":{\"@id\":\"https:\\\/\\\/www.lafarga.com\\\/corporatiu\\\/#organization\"},\"potentialAction\":[{\"@type\":\"SearchAction\",\"target\":{\"@type\":\"EntryPoint\",\"urlTemplate\":\"https:\\\/\\\/www.lafarga.com\\\/corporatiu\\\/?s={search_term_string}\"},\"query-input\":{\"@type\":\"PropertyValueSpecification\",\"valueRequired\":true,\"valueName\":\"search_term_string\"}}],\"inLanguage\":\"ca\"},{\"@type\":\"Organization\",\"@id\":\"https:\\\/\\\/www.lafarga.com\\\/corporatiu\\\/#organization\",\"name\":\"La Farga Gesti\u00f3 d&#039;Equipaments Municipals, SA\",\"url\":\"https:\\\/\\\/www.lafarga.com\\\/corporatiu\\\/\",\"logo\":{\"@type\":\"ImageObject\",\"inLanguage\":\"ca\",\"@id\":\"https:\\\/\\\/www.lafarga.com\\\/corporatiu\\\/#\\\/schema\\\/logo\\\/image\\\/\",\"url\":\"https:\\\/\\\/www.lafarga.com\\\/corporatiu\\\/wp-content\\\/uploads\\\/2023\\\/11\\\/logotipo_lafarga_gemsa.svg\",\"contentUrl\":\"https:\\\/\\\/www.lafarga.com\\\/corporatiu\\\/wp-content\\\/uploads\\\/2023\\\/11\\\/logotipo_lafarga_gemsa.svg\",\"width\":102,\"height\":103,\"caption\":\"La Farga Gesti\u00f3 d&#039;Equipaments Municipals, SA\"},\"image\":{\"@id\":\"https:\\\/\\\/www.lafarga.com\\\/corporatiu\\\/#\\\/schema\\\/logo\\\/image\\\/\"}},{\"@type\":\"Person\",\"@id\":\"https:\\\/\\\/www.lafarga.com\\\/corporatiu\\\/#\\\/schema\\\/person\\\/0ad4bc37b46f53e6b85ad51c2ac2d685\",\"name\":\"admfarga\",\"image\":{\"@type\":\"ImageObject\",\"inLanguage\":\"ca\",\"@id\":\"https:\\\/\\\/secure.gravatar.com\\\/avatar\\\/2a2db0975754ce87d41cab8623874e9e5ef5d0add52244aba02a09775feab5cb?s=96&d=mm&r=g\",\"url\":\"https:\\\/\\\/secure.gravatar.com\\\/avatar\\\/2a2db0975754ce87d41cab8623874e9e5ef5d0add52244aba02a09775feab5cb?s=96&d=mm&r=g\",\"contentUrl\":\"https:\\\/\\\/secure.gravatar.com\\\/avatar\\\/2a2db0975754ce87d41cab8623874e9e5ef5d0add52244aba02a09775feab5cb?s=96&d=mm&r=g\",\"caption\":\"admfarga\"},\"url\":\"https:\\\/\\\/www.lafarga.com\\\/corporatiu\\\/author\\\/admfarga\\\/\"}]}<\/script>\n<!-- \/ Yoast SEO plugin. -->","yoast_head_json":{"title":"L'Hdigital i Pren-ne nota ofereixen entrades per veure Toni Moog","description":"Televisi\u00f3 L'Hospitalet i L'Hdigital ofereixen aquesta setmana 20 entrades dobles per al darrer espectacle del cicle 'Malalts de risa' que far\u00e0 Toni Moog.","robots":{"index":"index","follow":"follow","max-snippet":"max-snippet:-1","max-image-preview":"max-image-preview:large","max-video-preview":"max-video-preview:-1"},"canonical":"https:\/\/www.lafarga.com\/corporatiu\/lhdigital-pren-ne-nota-ofereixen-entrades-per-veure-toni-moog\/","og_locale":"ca_ES","og_type":"article","og_title":"L'Hdigital i Pren-ne nota ofereixen entrades per veure Toni Moog","og_description":"Televisi\u00f3 L'Hospitalet i L'Hdigital ofereixen aquesta setmana 20 entrades dobles per al darrer espectacle del cicle 'Malalts de risa' que far\u00e0 Toni Moog.","og_url":"https:\/\/www.lafarga.com\/corporatiu\/lhdigital-pren-ne-nota-ofereixen-entrades-per-veure-toni-moog\/","og_site_name":"La Farga Gesti\u00f3n de Equipamientos Municipales, S.A.","article_published_time":"2015-07-20T16:33:27+00:00","article_modified_time":"2015-07-20T16:39:17+00:00","og_image":[{"width":730,"height":410,"url":"https:\/\/www.lafarga.com\/corporatiu\/wp-content\/uploads\/2015\/07\/moog-farga.jpg","type":"image\/jpeg"}],"author":"admfarga","twitter_misc":{"Escrit per":"admfarga","Temps estimat de lectura":"1 minut"},"schema":{"@context":"https:\/\/schema.org","@graph":[{"@type":"Article","@id":"https:\/\/www.lafarga.com\/corporatiu\/lhdigital-pren-ne-nota-ofereixen-entrades-per-veure-toni-moog\/#article","isPartOf":{"@id":"https:\/\/www.lafarga.com\/corporatiu\/lhdigital-pren-ne-nota-ofereixen-entrades-per-veure-toni-moog\/"},"author":{"name":"admfarga","@id":"https:\/\/www.lafarga.com\/corporatiu\/#\/schema\/person\/0ad4bc37b46f53e6b85ad51c2ac2d685"},"headline":"L&#8217;Hdigital i &#8216;Pren-ne nota&#8217; ofereixen entrades per veure Toni Moog","datePublished":"2015-07-20T16:33:27+00:00","dateModified":"2015-07-20T16:39:17+00:00","mainEntityOfPage":{"@id":"https:\/\/www.lafarga.com\/corporatiu\/lhdigital-pren-ne-nota-ofereixen-entrades-per-veure-toni-moog\/"},"wordCount":120,"publisher":{"@id":"https:\/\/www.lafarga.com\/corporatiu\/#organization"},"image":{"@id":"https:\/\/www.lafarga.com\/corporatiu\/lhdigital-pren-ne-nota-ofereixen-entrades-per-veure-toni-moog\/#primaryimage"},"thumbnailUrl":"https:\/\/www.lafarga.com\/corporatiu\/wp-content\/uploads\/2015\/07\/moog-farga.jpg","articleSection":["Mitjans de Comunicaci\u00f3"],"inLanguage":"ca"},{"@type":"WebPage","@id":"https:\/\/www.lafarga.com\/corporatiu\/lhdigital-pren-ne-nota-ofereixen-entrades-per-veure-toni-moog\/","url":"https:\/\/www.lafarga.com\/corporatiu\/lhdigital-pren-ne-nota-ofereixen-entrades-per-veure-toni-moog\/","name":"L'Hdigital i Pren-ne nota ofereixen entrades per veure Toni Moog","isPartOf":{"@id":"https:\/\/www.lafarga.com\/corporatiu\/#website"},"primaryImageOfPage":{"@id":"https:\/\/www.lafarga.com\/corporatiu\/lhdigital-pren-ne-nota-ofereixen-entrades-per-veure-toni-moog\/#primaryimage"},"image":{"@id":"https:\/\/www.lafarga.com\/corporatiu\/lhdigital-pren-ne-nota-ofereixen-entrades-per-veure-toni-moog\/#primaryimage"},"thumbnailUrl":"https:\/\/www.lafarga.com\/corporatiu\/wp-content\/uploads\/2015\/07\/moog-farga.jpg","datePublished":"2015-07-20T16:33:27+00:00","dateModified":"2015-07-20T16:39:17+00:00","description":"Televisi\u00f3 L'Hospitalet i L'Hdigital ofereixen aquesta setmana 20 entrades dobles per al darrer espectacle del cicle 'Malalts de risa' que far\u00e0 Toni Moog.","breadcrumb":{"@id":"https:\/\/www.lafarga.com\/corporatiu\/lhdigital-pren-ne-nota-ofereixen-entrades-per-veure-toni-moog\/#breadcrumb"},"inLanguage":"ca","potentialAction":[{"@type":"ReadAction","target":["https:\/\/www.lafarga.com\/corporatiu\/lhdigital-pren-ne-nota-ofereixen-entrades-per-veure-toni-moog\/"]}]},{"@type":"ImageObject","inLanguage":"ca","@id":"https:\/\/www.lafarga.com\/corporatiu\/lhdigital-pren-ne-nota-ofereixen-entrades-per-veure-toni-moog\/#primaryimage","url":"https:\/\/www.lafarga.com\/corporatiu\/wp-content\/uploads\/2015\/07\/moog-farga.jpg","contentUrl":"https:\/\/www.lafarga.com\/corporatiu\/wp-content\/uploads\/2015\/07\/moog-farga.jpg","width":730,"height":410},{"@type":"BreadcrumbList","@id":"https:\/\/www.lafarga.com\/corporatiu\/lhdigital-pren-ne-nota-ofereixen-entrades-per-veure-toni-moog\/#breadcrumb","itemListElement":[{"@type":"ListItem","position":1,"name":"Home","item":"https:\/\/www.lafarga.com\/corporatiu\/lafarga-hospitalet-llobregat\/"},{"@type":"ListItem","position":2,"name":"L&#8217;Hdigital i &#8216;Pren-ne nota&#8217; ofereixen entrades per veure Toni Moog"}]},{"@type":"WebSite","@id":"https:\/\/www.lafarga.com\/corporatiu\/#website","url":"https:\/\/www.lafarga.com\/corporatiu\/","name":"La Farga Gesti\u00f3 d&#039;Equipaments Municipals, SA","description":"","publisher":{"@id":"https:\/\/www.lafarga.com\/corporatiu\/#organization"},"potentialAction":[{"@type":"SearchAction","target":{"@type":"EntryPoint","urlTemplate":"https:\/\/www.lafarga.com\/corporatiu\/?s={search_term_string}"},"query-input":{"@type":"PropertyValueSpecification","valueRequired":true,"valueName":"search_term_string"}}],"inLanguage":"ca"},{"@type":"Organization","@id":"https:\/\/www.lafarga.com\/corporatiu\/#organization","name":"La Farga Gesti\u00f3 d&#039;Equipaments Municipals, SA","url":"https:\/\/www.lafarga.com\/corporatiu\/","logo":{"@type":"ImageObject","inLanguage":"ca","@id":"https:\/\/www.lafarga.com\/corporatiu\/#\/schema\/logo\/image\/","url":"https:\/\/www.lafarga.com\/corporatiu\/wp-content\/uploads\/2023\/11\/logotipo_lafarga_gemsa.svg","contentUrl":"https:\/\/www.lafarga.com\/corporatiu\/wp-content\/uploads\/2023\/11\/logotipo_lafarga_gemsa.svg","width":102,"height":103,"caption":"La Farga Gesti\u00f3 d&#039;Equipaments Municipals, SA"},"image":{"@id":"https:\/\/www.lafarga.com\/corporatiu\/#\/schema\/logo\/image\/"}},{"@type":"Person","@id":"https:\/\/www.lafarga.com\/corporatiu\/#\/schema\/person\/0ad4bc37b46f53e6b85ad51c2ac2d685","name":"admfarga","image":{"@type":"ImageObject","inLanguage":"ca","@id":"https:\/\/secure.gravatar.com\/avatar\/2a2db0975754ce87d41cab8623874e9e5ef5d0add52244aba02a09775feab5cb?s=96&d=mm&r=g","url":"https:\/\/secure.gravatar.com\/avatar\/2a2db0975754ce87d41cab8623874e9e5ef5d0add52244aba02a09775feab5cb?s=96&d=mm&r=g","contentUrl":"https:\/\/secure.gravatar.com\/avatar\/2a2db0975754ce87d41cab8623874e9e5ef5d0add52244aba02a09775feab5cb?s=96&d=mm&r=g","caption":"admfarga"},"url":"https:\/\/www.lafarga.com\/corporatiu\/author\/admfarga\/"}]}},"uagb_featured_image_src":{"full":["https:\/\/www.lafarga.com\/corporatiu\/wp-content\/uploads\/2015\/07\/moog-farga.jpg",730,410,false],"thumbnail":["https:\/\/www.lafarga.com\/corporatiu\/wp-content\/uploads\/2015\/07\/moog-farga-150x150.jpg",150,150,true],"medium":["https:\/\/www.lafarga.com\/corporatiu\/wp-content\/uploads\/2015\/07\/moog-farga-300x168.jpg",300,168,true],"medium_large":["https:\/\/www.lafarga.com\/corporatiu\/wp-content\/uploads\/2015\/07\/moog-farga.jpg",730,410,false],"large":["https:\/\/www.lafarga.com\/corporatiu\/wp-content\/uploads\/2015\/07\/moog-farga.jpg",730,410,false],"1536x1536":["https:\/\/www.lafarga.com\/corporatiu\/wp-content\/uploads\/2015\/07\/moog-farga.jpg",730,410,false],"2048x2048":["https:\/\/www.lafarga.com\/corporatiu\/wp-content\/uploads\/2015\/07\/moog-farga.jpg",730,410,false],"mailpoet_newsletter_max":["https:\/\/www.lafarga.com\/corporatiu\/wp-content\/uploads\/2015\/07\/moog-farga.jpg",730,410,false]},"uagb_author_info":{"display_name":"admfarga","author_link":"https:\/\/www.lafarga.com\/corporatiu\/author\/admfarga\/"},"uagb_comment_info":0,"uagb_excerpt":"Televisi\u00f3 L'Hospitalet i L'Hdigital ofereixen aquesta setmana 20 entrades dobles per al darrer espectacle del cicle 'Malalts de risa' que tindr\u00e0 com a protagonista a Toni Moog, de la Paramount Comedy. L'actuaci\u00f3 ser\u00e0 divendres, 24 de juliol. Les entrades es repartiran entre les 20 primeres persones que omplin el formulari de la part inferior. Els&hellip;","_links":{"self":[{"href":"https:\/\/www.lafarga.com\/corporatiu\/wp-json\/wp\/v2\/posts\/4847","targetHints":{"allow":["GET"]}}],"collection":[{"href":"https:\/\/www.lafarga.com\/corporatiu\/wp-json\/wp\/v2\/posts"}],"about":[{"href":"https:\/\/www.lafarga.com\/corporatiu\/wp-json\/wp\/v2\/types\/post"}],"author":[{"embeddable":true,"href":"https:\/\/www.lafarga.com\/corporatiu\/wp-json\/wp\/v2\/users\/8"}],"replies":[{"embeddable":true,"href":"https:\/\/www.lafarga.com\/corporatiu\/wp-json\/wp\/v2\/comments?post=4847"}],"version-history":[{"count":2,"href":"https:\/\/www.lafarga.com\/corporatiu\/wp-json\/wp\/v2\/posts\/4847\/revisions"}],"predecessor-version":[{"id":4852,"href":"https:\/\/www.lafarga.com\/corporatiu\/wp-json\/wp\/v2\/posts\/4847\/revisions\/4852"}],"wp:featuredmedia":[{"embeddable":true,"href":"https:\/\/www.lafarga.com\/corporatiu\/wp-json\/wp\/v2\/media\/4848"}],"wp:attachment":[{"href":"https:\/\/www.lafarga.com\/corporatiu\/wp-json\/wp\/v2\/media?parent=4847"}],"wp:term":[{"taxonomy":"category","embeddable":true,"href":"https:\/\/www.lafarga.com\/corporatiu\/wp-json\/wp\/v2\/categories?post=4847"},{"taxonomy":"post_tag","embeddable":true,"href":"https:\/\/www.lafarga.com\/corporatiu\/wp-json\/wp\/v2\/tags?post=4847"}],"curies":[{"name":"wp","href":"https:\/\/api.w.org\/{rel}","templated":true}]}}