{"id":4842,"date":"2015-07-20T08:02:34","date_gmt":"2015-07-20T08:02:34","guid":{"rendered":"http:\/\/www.lafarga.com\/corporatiu\/?p=4842"},"modified":"2015-07-20T08:02:34","modified_gmt":"2015-07-20T08:02:34","slug":"ciutat-desti-turisme-esportiu-portada-diaridelh","status":"publish","type":"post","link":"https:\/\/www.lafarga.com\/corporatiu\/ciutat-desti-turisme-esportiu-portada-diaridelh\/","title":{"rendered":"Ciutat de Dest\u00ed de Turisme Esportiu, portada del Diari de L&#8217;H"},"content":{"rendered":"<p>Aquest dilluns ha sortit l&#8217;edici\u00f3 n\u00famero 303 del Diari de L&#8217;Hospitalet corresponent al mes de juliol. En aquest diari podrem trobar una \u00e0mplia informaci\u00f3 de la certificaci\u00f3 que ha rebut la ciutat de Dest\u00ed de Turisme Esportiu, atorgada per l&#8217;Ag\u00e8ncia Catalana de Turisme.<\/p>\n<p>La fotografia de portada correspon precisament a una de les activitats esportives d&#8217;aquest estiu, com \u00e9s el Campus d&#8217;Audie Norris celebrat aquest dies al Poliesportiu del Gornal.<\/p>\n<p>Tamb\u00e9 en portada, com a destacat, hi figura el 50\u00e8 aniversari del barri de Bellvitge, amb una gran fotografia d&#8217;una part d\u2019aquest barri reivindicatiu i lluitador.<\/p>\n<p>En aquesta edici\u00f3 del Diari de L&#8217;Hospitalet, entre altres temes d&#8217;inter\u00e8s, trobem l&#8217;actualitat del darrer Ple Municipal, la Marxa per una Catalunya sense atur ni pobresa que va passar per L&#8217;Hospitalet, una nova joia noucentista del Palauet de Can Buxeres i l&#8217;inici de la pretemporada del Centre d&#8217;Esports L&#8217;Hospitalet.<\/p>\n<p>Els 105.000 exemplars del Diari de L\u2019Hospitalet, mitj\u00e0 de comunicaci\u00f3 que gestiona La Farga GEMSA, arriben des d\u2019avui a les llars dels hospitalencs. Tamb\u00e9 el Diari es pot consultar en la seva <a href=\"http:\/\/lhdigital.cat\/web\/diari\/diari-l-h\" target=\"_blank\">versi\u00f3 digital<\/a>.<\/p>\n","protected":false},"excerpt":{"rendered":"<p>Aquest dilluns ha sortit l&#8217;edici\u00f3 n\u00famero 303 del Diari de L&#8217;Hospitalet corresponent al mes de juliol. En aquest diari podrem trobar una \u00e0mplia informaci\u00f3 de la certificaci\u00f3 que ha rebut la ciutat de Dest\u00ed de Turisme Esportiu, atorgada per l&#8217;Ag\u00e8ncia Catalana de Turisme.<\/p>\n","protected":false},"author":8,"featured_media":4843,"comment_status":"closed","ping_status":"closed","sticky":false,"template":"","format":"standard","meta":{"inline_featured_image":false,"_uag_custom_page_level_css":"","_monsterinsights_skip_tracking":false,"_monsterinsights_sitenote_active":false,"_monsterinsights_sitenote_note":"","_monsterinsights_sitenote_category":0,"site-sidebar-layout":"default","site-content-layout":"","ast-site-content-layout":"default","site-content-style":"default","site-sidebar-style":"default","ast-global-header-display":"","ast-banner-title-visibility":"","ast-main-header-display":"","ast-hfb-above-header-display":"","ast-hfb-below-header-display":"","ast-hfb-mobile-header-display":"","site-post-title":"","ast-breadcrumbs-content":"","ast-featured-img":"","footer-sml-layout":"","ast-disable-related-posts":"","theme-transparent-header-meta":"","adv-header-id-meta":"","stick-header-meta":"","header-above-stick-meta":"","header-main-stick-meta":"","header-below-stick-meta":"","astra-migrate-meta-layouts":"default","ast-page-background-enabled":"default","ast-page-background-meta":{"desktop":{"background-color":"var(--ast-global-color-4)","background-image":"","background-repeat":"repeat","background-position":"center center","background-size":"auto","background-attachment":"scroll","background-type":"","background-media":"","overlay-type":"","overlay-color":"","overlay-opacity":"","overlay-gradient":""},"tablet":{"background-color":"","background-image":"","background-repeat":"repeat","background-position":"center center","background-size":"auto","background-attachment":"scroll","background-type":"","background-media":"","overlay-type":"","overlay-color":"","overlay-opacity":"","overlay-gradient":""},"mobile":{"background-color":"","background-image":"","background-repeat":"repeat","background-position":"center center","background-size":"auto","background-attachment":"scroll","background-type":"","background-media":"","overlay-type":"","overlay-color":"","overlay-opacity":"","overlay-gradient":""}},"ast-content-background-meta":{"desktop":{"background-color":"var(--ast-global-color-5)","background-image":"","background-repeat":"repeat","background-position":"center center","background-size":"auto","background-attachment":"scroll","background-type":"","background-media":"","overlay-type":"","overlay-color":"","overlay-opacity":"","overlay-gradient":""},"tablet":{"background-color":"var(--ast-global-color-5)","background-image":"","background-repeat":"repeat","background-position":"center center","background-size":"auto","background-attachment":"scroll","background-type":"","background-media":"","overlay-type":"","overlay-color":"","overlay-opacity":"","overlay-gradient":""},"mobile":{"background-color":"var(--ast-global-color-5)","background-image":"","background-repeat":"repeat","background-position":"center center","background-size":"auto","background-attachment":"scroll","background-type":"","background-media":"","overlay-type":"","overlay-color":"","overlay-opacity":"","overlay-gradient":""}},"footnotes":""},"categories":[51],"tags":[],"class_list":["post-4842","post","type-post","status-publish","format-standard","has-post-thumbnail","hentry","category-mitjans-comunicacio"],"yoast_head":"<!-- This site is optimized with the Yoast SEO plugin v27.4 - https:\/\/yoast.com\/product\/yoast-seo-wordpress\/ -->\n<title>Ciutat de Dest\u00ed de Turisme Esportiu, portada del Diari de L&#039;H<\/title>\n<meta name=\"description\" content=\"Ha sortit l&#039;edici\u00f3 n\u00famero 303 del Diari de L&#039;H. Podrem trobar una \u00e0mplia informaci\u00f3 de la certificaci\u00f3 que ha rebut la ciutat de Dest\u00ed de Turisme Esportiu.\" \/>\n<meta name=\"robots\" content=\"index, follow, max-snippet:-1, max-image-preview:large, max-video-preview:-1\" \/>\n<link rel=\"canonical\" href=\"https:\/\/www.lafarga.com\/corporatiu\/ciutat-desti-turisme-esportiu-portada-diaridelh\/\" \/>\n<meta property=\"og:locale\" content=\"ca_ES\" \/>\n<meta property=\"og:type\" content=\"article\" \/>\n<meta property=\"og:title\" content=\"Ciutat de Dest\u00ed de Turisme Esportiu, portada del Diari de L&#039;H\" \/>\n<meta property=\"og:description\" content=\"Ha sortit l&#039;edici\u00f3 n\u00famero 303 del Diari de L&#039;H. Podrem trobar una \u00e0mplia informaci\u00f3 de la certificaci\u00f3 que ha rebut la ciutat de Dest\u00ed de Turisme Esportiu.\" \/>\n<meta property=\"og:url\" content=\"https:\/\/www.lafarga.com\/corporatiu\/ciutat-desti-turisme-esportiu-portada-diaridelh\/\" \/>\n<meta property=\"og:site_name\" content=\"La Farga Gesti\u00f3n de Equipamientos Municipales, S.A.\" \/>\n<meta property=\"article:published_time\" content=\"2015-07-20T08:02:34+00:00\" \/>\n<meta property=\"og:image\" content=\"https:\/\/www.lafarga.com\/corporatiu\/wp-content\/uploads\/2015\/07\/diarihospitaletjuliol1.jpg\" \/>\n\t<meta property=\"og:image:width\" content=\"730\" \/>\n\t<meta property=\"og:image:height\" content=\"410\" \/>\n\t<meta property=\"og:image:type\" content=\"image\/jpeg\" \/>\n<meta name=\"author\" content=\"admfarga\" \/>\n<meta name=\"twitter:label1\" content=\"Escrit per\" \/>\n\t<meta name=\"twitter:data1\" content=\"admfarga\" \/>\n\t<meta name=\"twitter:label2\" content=\"Temps estimat de lectura\" \/>\n\t<meta name=\"twitter:data2\" content=\"1 minut\" \/>\n<script type=\"application\/ld+json\" class=\"yoast-schema-graph\">{\"@context\":\"https:\\\/\\\/schema.org\",\"@graph\":[{\"@type\":\"Article\",\"@id\":\"https:\\\/\\\/www.lafarga.com\\\/corporatiu\\\/ciutat-desti-turisme-esportiu-portada-diaridelh\\\/#article\",\"isPartOf\":{\"@id\":\"https:\\\/\\\/www.lafarga.com\\\/corporatiu\\\/ciutat-desti-turisme-esportiu-portada-diaridelh\\\/\"},\"author\":{\"name\":\"admfarga\",\"@id\":\"https:\\\/\\\/www.lafarga.com\\\/corporatiu\\\/#\\\/schema\\\/person\\\/0ad4bc37b46f53e6b85ad51c2ac2d685\"},\"headline\":\"Ciutat de Dest\u00ed de Turisme Esportiu, portada del Diari de L&#8217;H\",\"datePublished\":\"2015-07-20T08:02:34+00:00\",\"mainEntityOfPage\":{\"@id\":\"https:\\\/\\\/www.lafarga.com\\\/corporatiu\\\/ciutat-desti-turisme-esportiu-portada-diaridelh\\\/\"},\"wordCount\":207,\"publisher\":{\"@id\":\"https:\\\/\\\/www.lafarga.com\\\/corporatiu\\\/#organization\"},\"image\":{\"@id\":\"https:\\\/\\\/www.lafarga.com\\\/corporatiu\\\/ciutat-desti-turisme-esportiu-portada-diaridelh\\\/#primaryimage\"},\"thumbnailUrl\":\"https:\\\/\\\/www.lafarga.com\\\/corporatiu\\\/wp-content\\\/uploads\\\/2015\\\/07\\\/diarihospitaletjuliol1.jpg\",\"articleSection\":[\"Mitjans de Comunicaci\u00f3\"],\"inLanguage\":\"ca\"},{\"@type\":\"WebPage\",\"@id\":\"https:\\\/\\\/www.lafarga.com\\\/corporatiu\\\/ciutat-desti-turisme-esportiu-portada-diaridelh\\\/\",\"url\":\"https:\\\/\\\/www.lafarga.com\\\/corporatiu\\\/ciutat-desti-turisme-esportiu-portada-diaridelh\\\/\",\"name\":\"Ciutat de Dest\u00ed de Turisme Esportiu, portada del Diari de L'H\",\"isPartOf\":{\"@id\":\"https:\\\/\\\/www.lafarga.com\\\/corporatiu\\\/#website\"},\"primaryImageOfPage\":{\"@id\":\"https:\\\/\\\/www.lafarga.com\\\/corporatiu\\\/ciutat-desti-turisme-esportiu-portada-diaridelh\\\/#primaryimage\"},\"image\":{\"@id\":\"https:\\\/\\\/www.lafarga.com\\\/corporatiu\\\/ciutat-desti-turisme-esportiu-portada-diaridelh\\\/#primaryimage\"},\"thumbnailUrl\":\"https:\\\/\\\/www.lafarga.com\\\/corporatiu\\\/wp-content\\\/uploads\\\/2015\\\/07\\\/diarihospitaletjuliol1.jpg\",\"datePublished\":\"2015-07-20T08:02:34+00:00\",\"description\":\"Ha sortit l'edici\u00f3 n\u00famero 303 del Diari de L'H. Podrem trobar una \u00e0mplia informaci\u00f3 de la certificaci\u00f3 que ha rebut la ciutat de Dest\u00ed de Turisme Esportiu.\",\"breadcrumb\":{\"@id\":\"https:\\\/\\\/www.lafarga.com\\\/corporatiu\\\/ciutat-desti-turisme-esportiu-portada-diaridelh\\\/#breadcrumb\"},\"inLanguage\":\"ca\",\"potentialAction\":[{\"@type\":\"ReadAction\",\"target\":[\"https:\\\/\\\/www.lafarga.com\\\/corporatiu\\\/ciutat-desti-turisme-esportiu-portada-diaridelh\\\/\"]}]},{\"@type\":\"ImageObject\",\"inLanguage\":\"ca\",\"@id\":\"https:\\\/\\\/www.lafarga.com\\\/corporatiu\\\/ciutat-desti-turisme-esportiu-portada-diaridelh\\\/#primaryimage\",\"url\":\"https:\\\/\\\/www.lafarga.com\\\/corporatiu\\\/wp-content\\\/uploads\\\/2015\\\/07\\\/diarihospitaletjuliol1.jpg\",\"contentUrl\":\"https:\\\/\\\/www.lafarga.com\\\/corporatiu\\\/wp-content\\\/uploads\\\/2015\\\/07\\\/diarihospitaletjuliol1.jpg\",\"width\":730,\"height\":410},{\"@type\":\"BreadcrumbList\",\"@id\":\"https:\\\/\\\/www.lafarga.com\\\/corporatiu\\\/ciutat-desti-turisme-esportiu-portada-diaridelh\\\/#breadcrumb\",\"itemListElement\":[{\"@type\":\"ListItem\",\"position\":1,\"name\":\"Home\",\"item\":\"https:\\\/\\\/www.lafarga.com\\\/corporatiu\\\/lafarga-hospitalet-llobregat\\\/\"},{\"@type\":\"ListItem\",\"position\":2,\"name\":\"Ciutat de Dest\u00ed de Turisme Esportiu, portada del Diari de L&#8217;H\"}]},{\"@type\":\"WebSite\",\"@id\":\"https:\\\/\\\/www.lafarga.com\\\/corporatiu\\\/#website\",\"url\":\"https:\\\/\\\/www.lafarga.com\\\/corporatiu\\\/\",\"name\":\"La Farga Gesti\u00f3 d&#039;Equipaments Municipals, SA\",\"description\":\"\",\"publisher\":{\"@id\":\"https:\\\/\\\/www.lafarga.com\\\/corporatiu\\\/#organization\"},\"potentialAction\":[{\"@type\":\"SearchAction\",\"target\":{\"@type\":\"EntryPoint\",\"urlTemplate\":\"https:\\\/\\\/www.lafarga.com\\\/corporatiu\\\/?s={search_term_string}\"},\"query-input\":{\"@type\":\"PropertyValueSpecification\",\"valueRequired\":true,\"valueName\":\"search_term_string\"}}],\"inLanguage\":\"ca\"},{\"@type\":\"Organization\",\"@id\":\"https:\\\/\\\/www.lafarga.com\\\/corporatiu\\\/#organization\",\"name\":\"La Farga Gesti\u00f3 d&#039;Equipaments Municipals, SA\",\"url\":\"https:\\\/\\\/www.lafarga.com\\\/corporatiu\\\/\",\"logo\":{\"@type\":\"ImageObject\",\"inLanguage\":\"ca\",\"@id\":\"https:\\\/\\\/www.lafarga.com\\\/corporatiu\\\/#\\\/schema\\\/logo\\\/image\\\/\",\"url\":\"https:\\\/\\\/www.lafarga.com\\\/corporatiu\\\/wp-content\\\/uploads\\\/2023\\\/11\\\/logotipo_lafarga_gemsa.svg\",\"contentUrl\":\"https:\\\/\\\/www.lafarga.com\\\/corporatiu\\\/wp-content\\\/uploads\\\/2023\\\/11\\\/logotipo_lafarga_gemsa.svg\",\"width\":102,\"height\":103,\"caption\":\"La Farga Gesti\u00f3 d&#039;Equipaments Municipals, SA\"},\"image\":{\"@id\":\"https:\\\/\\\/www.lafarga.com\\\/corporatiu\\\/#\\\/schema\\\/logo\\\/image\\\/\"}},{\"@type\":\"Person\",\"@id\":\"https:\\\/\\\/www.lafarga.com\\\/corporatiu\\\/#\\\/schema\\\/person\\\/0ad4bc37b46f53e6b85ad51c2ac2d685\",\"name\":\"admfarga\",\"image\":{\"@type\":\"ImageObject\",\"inLanguage\":\"ca\",\"@id\":\"https:\\\/\\\/secure.gravatar.com\\\/avatar\\\/2a2db0975754ce87d41cab8623874e9e5ef5d0add52244aba02a09775feab5cb?s=96&d=mm&r=g\",\"url\":\"https:\\\/\\\/secure.gravatar.com\\\/avatar\\\/2a2db0975754ce87d41cab8623874e9e5ef5d0add52244aba02a09775feab5cb?s=96&d=mm&r=g\",\"contentUrl\":\"https:\\\/\\\/secure.gravatar.com\\\/avatar\\\/2a2db0975754ce87d41cab8623874e9e5ef5d0add52244aba02a09775feab5cb?s=96&d=mm&r=g\",\"caption\":\"admfarga\"},\"url\":\"https:\\\/\\\/www.lafarga.com\\\/corporatiu\\\/author\\\/admfarga\\\/\"}]}<\/script>\n<!-- \/ Yoast SEO plugin. -->","yoast_head_json":{"title":"Ciutat de Dest\u00ed de Turisme Esportiu, portada del Diari de L'H","description":"Ha sortit l'edici\u00f3 n\u00famero 303 del Diari de L'H. Podrem trobar una \u00e0mplia informaci\u00f3 de la certificaci\u00f3 que ha rebut la ciutat de Dest\u00ed de Turisme Esportiu.","robots":{"index":"index","follow":"follow","max-snippet":"max-snippet:-1","max-image-preview":"max-image-preview:large","max-video-preview":"max-video-preview:-1"},"canonical":"https:\/\/www.lafarga.com\/corporatiu\/ciutat-desti-turisme-esportiu-portada-diaridelh\/","og_locale":"ca_ES","og_type":"article","og_title":"Ciutat de Dest\u00ed de Turisme Esportiu, portada del Diari de L'H","og_description":"Ha sortit l'edici\u00f3 n\u00famero 303 del Diari de L'H. Podrem trobar una \u00e0mplia informaci\u00f3 de la certificaci\u00f3 que ha rebut la ciutat de Dest\u00ed de Turisme Esportiu.","og_url":"https:\/\/www.lafarga.com\/corporatiu\/ciutat-desti-turisme-esportiu-portada-diaridelh\/","og_site_name":"La Farga Gesti\u00f3n de Equipamientos Municipales, S.A.","article_published_time":"2015-07-20T08:02:34+00:00","og_image":[{"width":730,"height":410,"url":"https:\/\/www.lafarga.com\/corporatiu\/wp-content\/uploads\/2015\/07\/diarihospitaletjuliol1.jpg","type":"image\/jpeg"}],"author":"admfarga","twitter_misc":{"Escrit per":"admfarga","Temps estimat de lectura":"1 minut"},"schema":{"@context":"https:\/\/schema.org","@graph":[{"@type":"Article","@id":"https:\/\/www.lafarga.com\/corporatiu\/ciutat-desti-turisme-esportiu-portada-diaridelh\/#article","isPartOf":{"@id":"https:\/\/www.lafarga.com\/corporatiu\/ciutat-desti-turisme-esportiu-portada-diaridelh\/"},"author":{"name":"admfarga","@id":"https:\/\/www.lafarga.com\/corporatiu\/#\/schema\/person\/0ad4bc37b46f53e6b85ad51c2ac2d685"},"headline":"Ciutat de Dest\u00ed de Turisme Esportiu, portada del Diari de L&#8217;H","datePublished":"2015-07-20T08:02:34+00:00","mainEntityOfPage":{"@id":"https:\/\/www.lafarga.com\/corporatiu\/ciutat-desti-turisme-esportiu-portada-diaridelh\/"},"wordCount":207,"publisher":{"@id":"https:\/\/www.lafarga.com\/corporatiu\/#organization"},"image":{"@id":"https:\/\/www.lafarga.com\/corporatiu\/ciutat-desti-turisme-esportiu-portada-diaridelh\/#primaryimage"},"thumbnailUrl":"https:\/\/www.lafarga.com\/corporatiu\/wp-content\/uploads\/2015\/07\/diarihospitaletjuliol1.jpg","articleSection":["Mitjans de Comunicaci\u00f3"],"inLanguage":"ca"},{"@type":"WebPage","@id":"https:\/\/www.lafarga.com\/corporatiu\/ciutat-desti-turisme-esportiu-portada-diaridelh\/","url":"https:\/\/www.lafarga.com\/corporatiu\/ciutat-desti-turisme-esportiu-portada-diaridelh\/","name":"Ciutat de Dest\u00ed de Turisme Esportiu, portada del Diari de L'H","isPartOf":{"@id":"https:\/\/www.lafarga.com\/corporatiu\/#website"},"primaryImageOfPage":{"@id":"https:\/\/www.lafarga.com\/corporatiu\/ciutat-desti-turisme-esportiu-portada-diaridelh\/#primaryimage"},"image":{"@id":"https:\/\/www.lafarga.com\/corporatiu\/ciutat-desti-turisme-esportiu-portada-diaridelh\/#primaryimage"},"thumbnailUrl":"https:\/\/www.lafarga.com\/corporatiu\/wp-content\/uploads\/2015\/07\/diarihospitaletjuliol1.jpg","datePublished":"2015-07-20T08:02:34+00:00","description":"Ha sortit l'edici\u00f3 n\u00famero 303 del Diari de L'H. Podrem trobar una \u00e0mplia informaci\u00f3 de la certificaci\u00f3 que ha rebut la ciutat de Dest\u00ed de Turisme Esportiu.","breadcrumb":{"@id":"https:\/\/www.lafarga.com\/corporatiu\/ciutat-desti-turisme-esportiu-portada-diaridelh\/#breadcrumb"},"inLanguage":"ca","potentialAction":[{"@type":"ReadAction","target":["https:\/\/www.lafarga.com\/corporatiu\/ciutat-desti-turisme-esportiu-portada-diaridelh\/"]}]},{"@type":"ImageObject","inLanguage":"ca","@id":"https:\/\/www.lafarga.com\/corporatiu\/ciutat-desti-turisme-esportiu-portada-diaridelh\/#primaryimage","url":"https:\/\/www.lafarga.com\/corporatiu\/wp-content\/uploads\/2015\/07\/diarihospitaletjuliol1.jpg","contentUrl":"https:\/\/www.lafarga.com\/corporatiu\/wp-content\/uploads\/2015\/07\/diarihospitaletjuliol1.jpg","width":730,"height":410},{"@type":"BreadcrumbList","@id":"https:\/\/www.lafarga.com\/corporatiu\/ciutat-desti-turisme-esportiu-portada-diaridelh\/#breadcrumb","itemListElement":[{"@type":"ListItem","position":1,"name":"Home","item":"https:\/\/www.lafarga.com\/corporatiu\/lafarga-hospitalet-llobregat\/"},{"@type":"ListItem","position":2,"name":"Ciutat de Dest\u00ed de Turisme Esportiu, portada del Diari de L&#8217;H"}]},{"@type":"WebSite","@id":"https:\/\/www.lafarga.com\/corporatiu\/#website","url":"https:\/\/www.lafarga.com\/corporatiu\/","name":"La Farga Gesti\u00f3 d&#039;Equipaments Municipals, SA","description":"","publisher":{"@id":"https:\/\/www.lafarga.com\/corporatiu\/#organization"},"potentialAction":[{"@type":"SearchAction","target":{"@type":"EntryPoint","urlTemplate":"https:\/\/www.lafarga.com\/corporatiu\/?s={search_term_string}"},"query-input":{"@type":"PropertyValueSpecification","valueRequired":true,"valueName":"search_term_string"}}],"inLanguage":"ca"},{"@type":"Organization","@id":"https:\/\/www.lafarga.com\/corporatiu\/#organization","name":"La Farga Gesti\u00f3 d&#039;Equipaments Municipals, SA","url":"https:\/\/www.lafarga.com\/corporatiu\/","logo":{"@type":"ImageObject","inLanguage":"ca","@id":"https:\/\/www.lafarga.com\/corporatiu\/#\/schema\/logo\/image\/","url":"https:\/\/www.lafarga.com\/corporatiu\/wp-content\/uploads\/2023\/11\/logotipo_lafarga_gemsa.svg","contentUrl":"https:\/\/www.lafarga.com\/corporatiu\/wp-content\/uploads\/2023\/11\/logotipo_lafarga_gemsa.svg","width":102,"height":103,"caption":"La Farga Gesti\u00f3 d&#039;Equipaments Municipals, SA"},"image":{"@id":"https:\/\/www.lafarga.com\/corporatiu\/#\/schema\/logo\/image\/"}},{"@type":"Person","@id":"https:\/\/www.lafarga.com\/corporatiu\/#\/schema\/person\/0ad4bc37b46f53e6b85ad51c2ac2d685","name":"admfarga","image":{"@type":"ImageObject","inLanguage":"ca","@id":"https:\/\/secure.gravatar.com\/avatar\/2a2db0975754ce87d41cab8623874e9e5ef5d0add52244aba02a09775feab5cb?s=96&d=mm&r=g","url":"https:\/\/secure.gravatar.com\/avatar\/2a2db0975754ce87d41cab8623874e9e5ef5d0add52244aba02a09775feab5cb?s=96&d=mm&r=g","contentUrl":"https:\/\/secure.gravatar.com\/avatar\/2a2db0975754ce87d41cab8623874e9e5ef5d0add52244aba02a09775feab5cb?s=96&d=mm&r=g","caption":"admfarga"},"url":"https:\/\/www.lafarga.com\/corporatiu\/author\/admfarga\/"}]}},"uagb_featured_image_src":{"full":["https:\/\/www.lafarga.com\/corporatiu\/wp-content\/uploads\/2015\/07\/diarihospitaletjuliol1.jpg",730,410,false],"thumbnail":["https:\/\/www.lafarga.com\/corporatiu\/wp-content\/uploads\/2015\/07\/diarihospitaletjuliol1-150x150.jpg",150,150,true],"medium":["https:\/\/www.lafarga.com\/corporatiu\/wp-content\/uploads\/2015\/07\/diarihospitaletjuliol1-300x168.jpg",300,168,true],"medium_large":["https:\/\/www.lafarga.com\/corporatiu\/wp-content\/uploads\/2015\/07\/diarihospitaletjuliol1.jpg",730,410,false],"large":["https:\/\/www.lafarga.com\/corporatiu\/wp-content\/uploads\/2015\/07\/diarihospitaletjuliol1.jpg",730,410,false],"1536x1536":["https:\/\/www.lafarga.com\/corporatiu\/wp-content\/uploads\/2015\/07\/diarihospitaletjuliol1.jpg",730,410,false],"2048x2048":["https:\/\/www.lafarga.com\/corporatiu\/wp-content\/uploads\/2015\/07\/diarihospitaletjuliol1.jpg",730,410,false],"mailpoet_newsletter_max":["https:\/\/www.lafarga.com\/corporatiu\/wp-content\/uploads\/2015\/07\/diarihospitaletjuliol1.jpg",730,410,false]},"uagb_author_info":{"display_name":"admfarga","author_link":"https:\/\/www.lafarga.com\/corporatiu\/author\/admfarga\/"},"uagb_comment_info":0,"uagb_excerpt":"Aquest dilluns ha sortit l'edici\u00f3 n\u00famero 303 del Diari de L'Hospitalet corresponent al mes de juliol. En aquest diari podrem trobar una \u00e0mplia informaci\u00f3 de la certificaci\u00f3 que ha rebut la ciutat de Dest\u00ed de Turisme Esportiu, atorgada per l'Ag\u00e8ncia Catalana de Turisme.","_links":{"self":[{"href":"https:\/\/www.lafarga.com\/corporatiu\/wp-json\/wp\/v2\/posts\/4842","targetHints":{"allow":["GET"]}}],"collection":[{"href":"https:\/\/www.lafarga.com\/corporatiu\/wp-json\/wp\/v2\/posts"}],"about":[{"href":"https:\/\/www.lafarga.com\/corporatiu\/wp-json\/wp\/v2\/types\/post"}],"author":[{"embeddable":true,"href":"https:\/\/www.lafarga.com\/corporatiu\/wp-json\/wp\/v2\/users\/8"}],"replies":[{"embeddable":true,"href":"https:\/\/www.lafarga.com\/corporatiu\/wp-json\/wp\/v2\/comments?post=4842"}],"version-history":[{"count":1,"href":"https:\/\/www.lafarga.com\/corporatiu\/wp-json\/wp\/v2\/posts\/4842\/revisions"}],"predecessor-version":[{"id":4844,"href":"https:\/\/www.lafarga.com\/corporatiu\/wp-json\/wp\/v2\/posts\/4842\/revisions\/4844"}],"wp:featuredmedia":[{"embeddable":true,"href":"https:\/\/www.lafarga.com\/corporatiu\/wp-json\/wp\/v2\/media\/4843"}],"wp:attachment":[{"href":"https:\/\/www.lafarga.com\/corporatiu\/wp-json\/wp\/v2\/media?parent=4842"}],"wp:term":[{"taxonomy":"category","embeddable":true,"href":"https:\/\/www.lafarga.com\/corporatiu\/wp-json\/wp\/v2\/categories?post=4842"},{"taxonomy":"post_tag","embeddable":true,"href":"https:\/\/www.lafarga.com\/corporatiu\/wp-json\/wp\/v2\/tags?post=4842"}],"curies":[{"name":"wp","href":"https:\/\/api.w.org\/{rel}","templated":true}]}}