{"id":4809,"date":"2015-07-22T08:24:49","date_gmt":"2015-07-22T08:24:49","guid":{"rendered":"http:\/\/www.lafarga.com\/corporatiu\/?p=4809"},"modified":"2015-10-01T09:51:55","modified_gmt":"2015-10-01T09:51:55","slug":"octubre-vuelve-parc-infantil-trafico-lafarga","status":"publish","type":"post","link":"https:\/\/www.lafarga.com\/corporatiu\/octubre-vuelve-parc-infantil-trafico-lafarga\/","title":{"rendered":"En octubre vuelve el Parc Infantil de Tr\u00e1fico, en La Farga"},"content":{"rendered":"<p id=\"tw-target-text\" class=\"tw-data-text vk_txt tw-ta tw-text-small\" dir=\"ltr\" data-placeholder=\"Traducci\u00f3n\">La Farga Centro de Actividades volver\u00e1 a ser el escenario el pr\u00f3ximo mes de octubre del Parque Infantil de Tr\u00e1fico, que organiza la Unidad Did\u00e1ctica de la Bicicleta de la Guardia Urbana de L&#8217;Hospitalet.<\/p>\n<p class=\"tw-data-text vk_txt tw-ta tw-text-small\" dir=\"ltr\" data-placeholder=\"Traducci\u00f3n\">Esta actividad, prevista para los d\u00edas 26, 27, 28, 29 y 30 de octubre de 2015, ha sido dirigida en los \u00faltimos a\u00f1os a escolares de quinto y sexto de primaria de diferentes escuelas de L&#8217;Hospitalet. Tambi\u00e9n es una de las primeras actividades de educaci\u00f3n vial que programa la Guardia Urbana de L&#8217;Hospitalet durante el curso, en el Proyecto de educaci\u00f3n vial en las escuelas, <a href=\"http:\/\/edums.gencat.cat\/QuiSom\/_GrORNvF8fls3K1DWFOJqd1CZObaFkM63\" target=\"_blank\">Escuela Segura<\/a>.<\/p>\n<p class=\"tw-data-text vk_txt tw-ta tw-text-small\" dir=\"ltr\" data-placeholder=\"Traducci\u00f3n\">El objetivo del programa es fomentar, a trav\u00e9s de monitores t\u00e9cnicos de educaci\u00f3n vial de la Guardia Urbana de la ciudad, el buen comportamiento de los escolares mientras se circula por la v\u00eda p\u00fablica, a la vez de adoptar medidas de seguridad.<\/p>\n<p class=\"tw-data-text vk_txt tw-ta tw-text-small\" dir=\"ltr\" data-placeholder=\"Traducci\u00f3n\">A trav\u00e9s del recorrido del Parque Infantil de Tr\u00e1fico que se instalar\u00e1 en el recinto de La Farga, los j\u00f3venes deben saber percibir el peligro en las diferentes ocasiones que se les plantea en los espacios de movilidad, juego y ocio del entorno m\u00e1s cercano.<\/p>\n<p class=\"tw-data-text vk_txt tw-ta tw-text-small\" dir=\"ltr\" data-placeholder=\"Traducci\u00f3n\">Los parques infantiles de educaci\u00f3n vial son instalaciones que reproducen situaciones de circulaci\u00f3n con el fin de formar en la movilidad segura. El Servicio Catal\u00e1n de Tr\u00e1fico aporta diferentes veh\u00edculos y materiales para la simulaci\u00f3n de la v\u00eda p\u00fablica.<\/p>\n<p class=\"tw-data-text vk_txt tw-ta tw-text-small\" dir=\"ltr\" data-placeholder=\"Traducci\u00f3n\"><a href=\"http:\/\/lhdigital.cat\/videos_2014\/noticies\/parc_infantil_transit.mp4?t=1436785200099\">Parque Infantil Tr\u00e1fico del 2014 &#8211; TV L&#8217;Hospitalet<\/a><\/p>\n","protected":false},"excerpt":{"rendered":"<p>La Farga Centro de Actividades volver\u00e1 a ser el escenario el mes pr\u00f3ximo mes de octubre del Parque Infantil de Tr\u00e1fico, que organiza la Unidad Did\u00e1ctica de la Bicicleta de la Guardia Urbana de L&#8217;Hospitalet. Esta actividad, prevista para los d\u00edas 26, 27, 28, 29 y 30 de octubre de 2015, ha sido dirigida en los \u00faltimos a\u00f1os a escolares de quinto y sexto de primaria de diferentes escuelas de la ciudad.<\/p>\n","protected":false},"author":8,"featured_media":4805,"comment_status":"closed","ping_status":"closed","sticky":false,"template":"","format":"standard","meta":{"inline_featured_image":false,"_uag_custom_page_level_css":"","_monsterinsights_skip_tracking":false,"_monsterinsights_sitenote_active":false,"_monsterinsights_sitenote_note":"","_monsterinsights_sitenote_category":0,"site-sidebar-layout":"default","site-content-layout":"","ast-site-content-layout":"default","site-content-style":"default","site-sidebar-style":"default","ast-global-header-display":"","ast-banner-title-visibility":"","ast-main-header-display":"","ast-hfb-above-header-display":"","ast-hfb-below-header-display":"","ast-hfb-mobile-header-display":"","site-post-title":"","ast-breadcrumbs-content":"","ast-featured-img":"","footer-sml-layout":"","ast-disable-related-posts":"","theme-transparent-header-meta":"","adv-header-id-meta":"","stick-header-meta":"","header-above-stick-meta":"","header-main-stick-meta":"","header-below-stick-meta":"","astra-migrate-meta-layouts":"default","ast-page-background-enabled":"default","ast-page-background-meta":{"desktop":{"background-color":"var(--ast-global-color-4)","background-image":"","background-repeat":"repeat","background-position":"center center","background-size":"auto","background-attachment":"scroll","background-type":"","background-media":"","overlay-type":"","overlay-color":"","overlay-opacity":"","overlay-gradient":""},"tablet":{"background-color":"","background-image":"","background-repeat":"repeat","background-position":"center center","background-size":"auto","background-attachment":"scroll","background-type":"","background-media":"","overlay-type":"","overlay-color":"","overlay-opacity":"","overlay-gradient":""},"mobile":{"background-color":"","background-image":"","background-repeat":"repeat","background-position":"center center","background-size":"auto","background-attachment":"scroll","background-type":"","background-media":"","overlay-type":"","overlay-color":"","overlay-opacity":"","overlay-gradient":""}},"ast-content-background-meta":{"desktop":{"background-color":"var(--ast-global-color-5)","background-image":"","background-repeat":"repeat","background-position":"center center","background-size":"auto","background-attachment":"scroll","background-type":"","background-media":"","overlay-type":"","overlay-color":"","overlay-opacity":"","overlay-gradient":""},"tablet":{"background-color":"var(--ast-global-color-5)","background-image":"","background-repeat":"repeat","background-position":"center center","background-size":"auto","background-attachment":"scroll","background-type":"","background-media":"","overlay-type":"","overlay-color":"","overlay-opacity":"","overlay-gradient":""},"mobile":{"background-color":"var(--ast-global-color-5)","background-image":"","background-repeat":"repeat","background-position":"center center","background-size":"auto","background-attachment":"scroll","background-type":"","background-media":"","overlay-type":"","overlay-color":"","overlay-opacity":"","overlay-gradient":""}},"footnotes":""},"categories":[73],"tags":[],"class_list":["post-4809","post","type-post","status-publish","format-standard","has-post-thumbnail","hentry","category-centro-de-actividades"],"yoast_head":"<!-- This site is optimized with the Yoast SEO plugin v27.4 - https:\/\/yoast.com\/product\/yoast-seo-wordpress\/ -->\n<title>A l&#039;octubre torna el Parc Infantil de Tr\u00e0nsit, a La Farga<\/title>\n<meta name=\"description\" content=\"La Farga Centre d&#039;Activitats tornar\u00e0 a ser l&#039;escenari el mes proper mes d&#039;octubre del Parc Infantil de Tr\u00e0nsit.\" \/>\n<meta name=\"robots\" content=\"index, follow, max-snippet:-1, max-image-preview:large, max-video-preview:-1\" \/>\n<link rel=\"canonical\" href=\"https:\/\/www.lafarga.com\/corporatiu\/octubre-vuelve-parc-infantil-trafico-lafarga\/\" \/>\n<meta property=\"og:locale\" content=\"ca_ES\" \/>\n<meta property=\"og:type\" content=\"article\" \/>\n<meta property=\"og:title\" content=\"A l&#039;octubre torna el Parc Infantil de Tr\u00e0nsit, a La Farga\" \/>\n<meta property=\"og:description\" content=\"La Farga Centre d&#039;Activitats tornar\u00e0 a ser l&#039;escenari el mes proper mes d&#039;octubre del Parc Infantil de Tr\u00e0nsit.\" \/>\n<meta property=\"og:url\" content=\"https:\/\/www.lafarga.com\/corporatiu\/octubre-vuelve-parc-infantil-trafico-lafarga\/\" \/>\n<meta property=\"og:site_name\" content=\"La Farga Gesti\u00f3n de Equipamientos Municipales, S.A.\" \/>\n<meta property=\"article:published_time\" content=\"2015-07-22T08:24:49+00:00\" \/>\n<meta property=\"article:modified_time\" content=\"2015-10-01T09:51:55+00:00\" \/>\n<meta property=\"og:image\" content=\"https:\/\/www.lafarga.com\/corporatiu\/wp-content\/uploads\/2015\/07\/parcinfantil-farga.jpg\" \/>\n\t<meta property=\"og:image:width\" content=\"730\" \/>\n\t<meta property=\"og:image:height\" content=\"410\" \/>\n\t<meta property=\"og:image:type\" content=\"image\/jpeg\" \/>\n<meta name=\"author\" content=\"admfarga\" \/>\n<meta name=\"twitter:label1\" content=\"Escrit per\" \/>\n\t<meta name=\"twitter:data1\" content=\"admfarga\" \/>\n\t<meta name=\"twitter:label2\" content=\"Temps estimat de lectura\" \/>\n\t<meta name=\"twitter:data2\" content=\"1 minut\" \/>\n<script type=\"application\/ld+json\" class=\"yoast-schema-graph\">{\"@context\":\"https:\\\/\\\/schema.org\",\"@graph\":[{\"@type\":\"Article\",\"@id\":\"https:\\\/\\\/www.lafarga.com\\\/corporatiu\\\/octubre-vuelve-parc-infantil-trafico-lafarga\\\/#article\",\"isPartOf\":{\"@id\":\"https:\\\/\\\/www.lafarga.com\\\/corporatiu\\\/octubre-vuelve-parc-infantil-trafico-lafarga\\\/\"},\"author\":{\"name\":\"admfarga\",\"@id\":\"https:\\\/\\\/www.lafarga.com\\\/corporatiu\\\/#\\\/schema\\\/person\\\/0ad4bc37b46f53e6b85ad51c2ac2d685\"},\"headline\":\"En octubre vuelve el Parc Infantil de Tr\u00e1fico, en La Farga\",\"datePublished\":\"2015-07-22T08:24:49+00:00\",\"dateModified\":\"2015-10-01T09:51:55+00:00\",\"mainEntityOfPage\":{\"@id\":\"https:\\\/\\\/www.lafarga.com\\\/corporatiu\\\/octubre-vuelve-parc-infantil-trafico-lafarga\\\/\"},\"wordCount\":270,\"publisher\":{\"@id\":\"https:\\\/\\\/www.lafarga.com\\\/corporatiu\\\/#organization\"},\"image\":{\"@id\":\"https:\\\/\\\/www.lafarga.com\\\/corporatiu\\\/octubre-vuelve-parc-infantil-trafico-lafarga\\\/#primaryimage\"},\"thumbnailUrl\":\"https:\\\/\\\/www.lafarga.com\\\/corporatiu\\\/wp-content\\\/uploads\\\/2015\\\/07\\\/parcinfantil-farga.jpg\",\"articleSection\":[\"Centro de Actividades\"],\"inLanguage\":\"ca\"},{\"@type\":\"WebPage\",\"@id\":\"https:\\\/\\\/www.lafarga.com\\\/corporatiu\\\/octubre-vuelve-parc-infantil-trafico-lafarga\\\/\",\"url\":\"https:\\\/\\\/www.lafarga.com\\\/corporatiu\\\/octubre-vuelve-parc-infantil-trafico-lafarga\\\/\",\"name\":\"A l'octubre torna el Parc Infantil de Tr\u00e0nsit, a La Farga\",\"isPartOf\":{\"@id\":\"https:\\\/\\\/www.lafarga.com\\\/corporatiu\\\/#website\"},\"primaryImageOfPage\":{\"@id\":\"https:\\\/\\\/www.lafarga.com\\\/corporatiu\\\/octubre-vuelve-parc-infantil-trafico-lafarga\\\/#primaryimage\"},\"image\":{\"@id\":\"https:\\\/\\\/www.lafarga.com\\\/corporatiu\\\/octubre-vuelve-parc-infantil-trafico-lafarga\\\/#primaryimage\"},\"thumbnailUrl\":\"https:\\\/\\\/www.lafarga.com\\\/corporatiu\\\/wp-content\\\/uploads\\\/2015\\\/07\\\/parcinfantil-farga.jpg\",\"datePublished\":\"2015-07-22T08:24:49+00:00\",\"dateModified\":\"2015-10-01T09:51:55+00:00\",\"description\":\"La Farga Centre d'Activitats tornar\u00e0 a ser l'escenari el mes proper mes d'octubre del Parc Infantil de Tr\u00e0nsit.\",\"breadcrumb\":{\"@id\":\"https:\\\/\\\/www.lafarga.com\\\/corporatiu\\\/octubre-vuelve-parc-infantil-trafico-lafarga\\\/#breadcrumb\"},\"inLanguage\":\"ca\",\"potentialAction\":[{\"@type\":\"ReadAction\",\"target\":[\"https:\\\/\\\/www.lafarga.com\\\/corporatiu\\\/octubre-vuelve-parc-infantil-trafico-lafarga\\\/\"]}]},{\"@type\":\"ImageObject\",\"inLanguage\":\"ca\",\"@id\":\"https:\\\/\\\/www.lafarga.com\\\/corporatiu\\\/octubre-vuelve-parc-infantil-trafico-lafarga\\\/#primaryimage\",\"url\":\"https:\\\/\\\/www.lafarga.com\\\/corporatiu\\\/wp-content\\\/uploads\\\/2015\\\/07\\\/parcinfantil-farga.jpg\",\"contentUrl\":\"https:\\\/\\\/www.lafarga.com\\\/corporatiu\\\/wp-content\\\/uploads\\\/2015\\\/07\\\/parcinfantil-farga.jpg\",\"width\":730,\"height\":410,\"caption\":\"Parc Infantil Tr\u00e0nsit\"},{\"@type\":\"BreadcrumbList\",\"@id\":\"https:\\\/\\\/www.lafarga.com\\\/corporatiu\\\/octubre-vuelve-parc-infantil-trafico-lafarga\\\/#breadcrumb\",\"itemListElement\":[{\"@type\":\"ListItem\",\"position\":1,\"name\":\"Home\",\"item\":\"https:\\\/\\\/www.lafarga.com\\\/corporatiu\\\/lafarga-hospitalet-llobregat\\\/\"},{\"@type\":\"ListItem\",\"position\":2,\"name\":\"En octubre vuelve el Parc Infantil de Tr\u00e1fico, en La Farga\"}]},{\"@type\":\"WebSite\",\"@id\":\"https:\\\/\\\/www.lafarga.com\\\/corporatiu\\\/#website\",\"url\":\"https:\\\/\\\/www.lafarga.com\\\/corporatiu\\\/\",\"name\":\"La Farga Gesti\u00f3 d&#039;Equipaments Municipals, SA\",\"description\":\"\",\"publisher\":{\"@id\":\"https:\\\/\\\/www.lafarga.com\\\/corporatiu\\\/#organization\"},\"potentialAction\":[{\"@type\":\"SearchAction\",\"target\":{\"@type\":\"EntryPoint\",\"urlTemplate\":\"https:\\\/\\\/www.lafarga.com\\\/corporatiu\\\/?s={search_term_string}\"},\"query-input\":{\"@type\":\"PropertyValueSpecification\",\"valueRequired\":true,\"valueName\":\"search_term_string\"}}],\"inLanguage\":\"ca\"},{\"@type\":\"Organization\",\"@id\":\"https:\\\/\\\/www.lafarga.com\\\/corporatiu\\\/#organization\",\"name\":\"La Farga Gesti\u00f3 d&#039;Equipaments Municipals, SA\",\"url\":\"https:\\\/\\\/www.lafarga.com\\\/corporatiu\\\/\",\"logo\":{\"@type\":\"ImageObject\",\"inLanguage\":\"ca\",\"@id\":\"https:\\\/\\\/www.lafarga.com\\\/corporatiu\\\/#\\\/schema\\\/logo\\\/image\\\/\",\"url\":\"https:\\\/\\\/www.lafarga.com\\\/corporatiu\\\/wp-content\\\/uploads\\\/2023\\\/11\\\/logotipo_lafarga_gemsa.svg\",\"contentUrl\":\"https:\\\/\\\/www.lafarga.com\\\/corporatiu\\\/wp-content\\\/uploads\\\/2023\\\/11\\\/logotipo_lafarga_gemsa.svg\",\"width\":102,\"height\":103,\"caption\":\"La Farga Gesti\u00f3 d&#039;Equipaments Municipals, SA\"},\"image\":{\"@id\":\"https:\\\/\\\/www.lafarga.com\\\/corporatiu\\\/#\\\/schema\\\/logo\\\/image\\\/\"}},{\"@type\":\"Person\",\"@id\":\"https:\\\/\\\/www.lafarga.com\\\/corporatiu\\\/#\\\/schema\\\/person\\\/0ad4bc37b46f53e6b85ad51c2ac2d685\",\"name\":\"admfarga\",\"image\":{\"@type\":\"ImageObject\",\"inLanguage\":\"ca\",\"@id\":\"https:\\\/\\\/secure.gravatar.com\\\/avatar\\\/2a2db0975754ce87d41cab8623874e9e5ef5d0add52244aba02a09775feab5cb?s=96&d=mm&r=g\",\"url\":\"https:\\\/\\\/secure.gravatar.com\\\/avatar\\\/2a2db0975754ce87d41cab8623874e9e5ef5d0add52244aba02a09775feab5cb?s=96&d=mm&r=g\",\"contentUrl\":\"https:\\\/\\\/secure.gravatar.com\\\/avatar\\\/2a2db0975754ce87d41cab8623874e9e5ef5d0add52244aba02a09775feab5cb?s=96&d=mm&r=g\",\"caption\":\"admfarga\"},\"url\":\"https:\\\/\\\/www.lafarga.com\\\/corporatiu\\\/author\\\/admfarga\\\/\"}]}<\/script>\n<!-- \/ Yoast SEO plugin. -->","yoast_head_json":{"title":"A l'octubre torna el Parc Infantil de Tr\u00e0nsit, a La Farga","description":"La Farga Centre d'Activitats tornar\u00e0 a ser l'escenari el mes proper mes d'octubre del Parc Infantil de Tr\u00e0nsit.","robots":{"index":"index","follow":"follow","max-snippet":"max-snippet:-1","max-image-preview":"max-image-preview:large","max-video-preview":"max-video-preview:-1"},"canonical":"https:\/\/www.lafarga.com\/corporatiu\/octubre-vuelve-parc-infantil-trafico-lafarga\/","og_locale":"ca_ES","og_type":"article","og_title":"A l'octubre torna el Parc Infantil de Tr\u00e0nsit, a La Farga","og_description":"La Farga Centre d'Activitats tornar\u00e0 a ser l'escenari el mes proper mes d'octubre del Parc Infantil de Tr\u00e0nsit.","og_url":"https:\/\/www.lafarga.com\/corporatiu\/octubre-vuelve-parc-infantil-trafico-lafarga\/","og_site_name":"La Farga Gesti\u00f3n de Equipamientos Municipales, S.A.","article_published_time":"2015-07-22T08:24:49+00:00","article_modified_time":"2015-10-01T09:51:55+00:00","og_image":[{"width":730,"height":410,"url":"https:\/\/www.lafarga.com\/corporatiu\/wp-content\/uploads\/2015\/07\/parcinfantil-farga.jpg","type":"image\/jpeg"}],"author":"admfarga","twitter_misc":{"Escrit per":"admfarga","Temps estimat de lectura":"1 minut"},"schema":{"@context":"https:\/\/schema.org","@graph":[{"@type":"Article","@id":"https:\/\/www.lafarga.com\/corporatiu\/octubre-vuelve-parc-infantil-trafico-lafarga\/#article","isPartOf":{"@id":"https:\/\/www.lafarga.com\/corporatiu\/octubre-vuelve-parc-infantil-trafico-lafarga\/"},"author":{"name":"admfarga","@id":"https:\/\/www.lafarga.com\/corporatiu\/#\/schema\/person\/0ad4bc37b46f53e6b85ad51c2ac2d685"},"headline":"En octubre vuelve el Parc Infantil de Tr\u00e1fico, en La Farga","datePublished":"2015-07-22T08:24:49+00:00","dateModified":"2015-10-01T09:51:55+00:00","mainEntityOfPage":{"@id":"https:\/\/www.lafarga.com\/corporatiu\/octubre-vuelve-parc-infantil-trafico-lafarga\/"},"wordCount":270,"publisher":{"@id":"https:\/\/www.lafarga.com\/corporatiu\/#organization"},"image":{"@id":"https:\/\/www.lafarga.com\/corporatiu\/octubre-vuelve-parc-infantil-trafico-lafarga\/#primaryimage"},"thumbnailUrl":"https:\/\/www.lafarga.com\/corporatiu\/wp-content\/uploads\/2015\/07\/parcinfantil-farga.jpg","articleSection":["Centro de Actividades"],"inLanguage":"ca"},{"@type":"WebPage","@id":"https:\/\/www.lafarga.com\/corporatiu\/octubre-vuelve-parc-infantil-trafico-lafarga\/","url":"https:\/\/www.lafarga.com\/corporatiu\/octubre-vuelve-parc-infantil-trafico-lafarga\/","name":"A l'octubre torna el Parc Infantil de Tr\u00e0nsit, a La Farga","isPartOf":{"@id":"https:\/\/www.lafarga.com\/corporatiu\/#website"},"primaryImageOfPage":{"@id":"https:\/\/www.lafarga.com\/corporatiu\/octubre-vuelve-parc-infantil-trafico-lafarga\/#primaryimage"},"image":{"@id":"https:\/\/www.lafarga.com\/corporatiu\/octubre-vuelve-parc-infantil-trafico-lafarga\/#primaryimage"},"thumbnailUrl":"https:\/\/www.lafarga.com\/corporatiu\/wp-content\/uploads\/2015\/07\/parcinfantil-farga.jpg","datePublished":"2015-07-22T08:24:49+00:00","dateModified":"2015-10-01T09:51:55+00:00","description":"La Farga Centre d'Activitats tornar\u00e0 a ser l'escenari el mes proper mes d'octubre del Parc Infantil de Tr\u00e0nsit.","breadcrumb":{"@id":"https:\/\/www.lafarga.com\/corporatiu\/octubre-vuelve-parc-infantil-trafico-lafarga\/#breadcrumb"},"inLanguage":"ca","potentialAction":[{"@type":"ReadAction","target":["https:\/\/www.lafarga.com\/corporatiu\/octubre-vuelve-parc-infantil-trafico-lafarga\/"]}]},{"@type":"ImageObject","inLanguage":"ca","@id":"https:\/\/www.lafarga.com\/corporatiu\/octubre-vuelve-parc-infantil-trafico-lafarga\/#primaryimage","url":"https:\/\/www.lafarga.com\/corporatiu\/wp-content\/uploads\/2015\/07\/parcinfantil-farga.jpg","contentUrl":"https:\/\/www.lafarga.com\/corporatiu\/wp-content\/uploads\/2015\/07\/parcinfantil-farga.jpg","width":730,"height":410,"caption":"Parc Infantil Tr\u00e0nsit"},{"@type":"BreadcrumbList","@id":"https:\/\/www.lafarga.com\/corporatiu\/octubre-vuelve-parc-infantil-trafico-lafarga\/#breadcrumb","itemListElement":[{"@type":"ListItem","position":1,"name":"Home","item":"https:\/\/www.lafarga.com\/corporatiu\/lafarga-hospitalet-llobregat\/"},{"@type":"ListItem","position":2,"name":"En octubre vuelve el Parc Infantil de Tr\u00e1fico, en La Farga"}]},{"@type":"WebSite","@id":"https:\/\/www.lafarga.com\/corporatiu\/#website","url":"https:\/\/www.lafarga.com\/corporatiu\/","name":"La Farga Gesti\u00f3 d&#039;Equipaments Municipals, SA","description":"","publisher":{"@id":"https:\/\/www.lafarga.com\/corporatiu\/#organization"},"potentialAction":[{"@type":"SearchAction","target":{"@type":"EntryPoint","urlTemplate":"https:\/\/www.lafarga.com\/corporatiu\/?s={search_term_string}"},"query-input":{"@type":"PropertyValueSpecification","valueRequired":true,"valueName":"search_term_string"}}],"inLanguage":"ca"},{"@type":"Organization","@id":"https:\/\/www.lafarga.com\/corporatiu\/#organization","name":"La Farga Gesti\u00f3 d&#039;Equipaments Municipals, SA","url":"https:\/\/www.lafarga.com\/corporatiu\/","logo":{"@type":"ImageObject","inLanguage":"ca","@id":"https:\/\/www.lafarga.com\/corporatiu\/#\/schema\/logo\/image\/","url":"https:\/\/www.lafarga.com\/corporatiu\/wp-content\/uploads\/2023\/11\/logotipo_lafarga_gemsa.svg","contentUrl":"https:\/\/www.lafarga.com\/corporatiu\/wp-content\/uploads\/2023\/11\/logotipo_lafarga_gemsa.svg","width":102,"height":103,"caption":"La Farga Gesti\u00f3 d&#039;Equipaments Municipals, SA"},"image":{"@id":"https:\/\/www.lafarga.com\/corporatiu\/#\/schema\/logo\/image\/"}},{"@type":"Person","@id":"https:\/\/www.lafarga.com\/corporatiu\/#\/schema\/person\/0ad4bc37b46f53e6b85ad51c2ac2d685","name":"admfarga","image":{"@type":"ImageObject","inLanguage":"ca","@id":"https:\/\/secure.gravatar.com\/avatar\/2a2db0975754ce87d41cab8623874e9e5ef5d0add52244aba02a09775feab5cb?s=96&d=mm&r=g","url":"https:\/\/secure.gravatar.com\/avatar\/2a2db0975754ce87d41cab8623874e9e5ef5d0add52244aba02a09775feab5cb?s=96&d=mm&r=g","contentUrl":"https:\/\/secure.gravatar.com\/avatar\/2a2db0975754ce87d41cab8623874e9e5ef5d0add52244aba02a09775feab5cb?s=96&d=mm&r=g","caption":"admfarga"},"url":"https:\/\/www.lafarga.com\/corporatiu\/author\/admfarga\/"}]}},"uagb_featured_image_src":{"full":["https:\/\/www.lafarga.com\/corporatiu\/wp-content\/uploads\/2015\/07\/parcinfantil-farga.jpg",730,410,false],"thumbnail":["https:\/\/www.lafarga.com\/corporatiu\/wp-content\/uploads\/2015\/07\/parcinfantil-farga-150x150.jpg",150,150,true],"medium":["https:\/\/www.lafarga.com\/corporatiu\/wp-content\/uploads\/2015\/07\/parcinfantil-farga-300x168.jpg",300,168,true],"medium_large":["https:\/\/www.lafarga.com\/corporatiu\/wp-content\/uploads\/2015\/07\/parcinfantil-farga.jpg",730,410,false],"large":["https:\/\/www.lafarga.com\/corporatiu\/wp-content\/uploads\/2015\/07\/parcinfantil-farga.jpg",730,410,false],"1536x1536":["https:\/\/www.lafarga.com\/corporatiu\/wp-content\/uploads\/2015\/07\/parcinfantil-farga.jpg",730,410,false],"2048x2048":["https:\/\/www.lafarga.com\/corporatiu\/wp-content\/uploads\/2015\/07\/parcinfantil-farga.jpg",730,410,false],"mailpoet_newsletter_max":["https:\/\/www.lafarga.com\/corporatiu\/wp-content\/uploads\/2015\/07\/parcinfantil-farga.jpg",730,410,false]},"uagb_author_info":{"display_name":"admfarga","author_link":"https:\/\/www.lafarga.com\/corporatiu\/author\/admfarga\/"},"uagb_comment_info":0,"uagb_excerpt":"La Farga Centro de Actividades volver\u00e1 a ser el escenario el mes pr\u00f3ximo mes de octubre del Parque Infantil de Tr\u00e1fico, que organiza la Unidad Did\u00e1ctica de la Bicicleta de la Guardia Urbana de L'Hospitalet. Esta actividad, prevista para los d\u00edas 26, 27, 28, 29 y 30 de octubre de 2015, ha sido dirigida en&hellip;","_links":{"self":[{"href":"https:\/\/www.lafarga.com\/corporatiu\/wp-json\/wp\/v2\/posts\/4809","targetHints":{"allow":["GET"]}}],"collection":[{"href":"https:\/\/www.lafarga.com\/corporatiu\/wp-json\/wp\/v2\/posts"}],"about":[{"href":"https:\/\/www.lafarga.com\/corporatiu\/wp-json\/wp\/v2\/types\/post"}],"author":[{"embeddable":true,"href":"https:\/\/www.lafarga.com\/corporatiu\/wp-json\/wp\/v2\/users\/8"}],"replies":[{"embeddable":true,"href":"https:\/\/www.lafarga.com\/corporatiu\/wp-json\/wp\/v2\/comments?post=4809"}],"version-history":[{"count":3,"href":"https:\/\/www.lafarga.com\/corporatiu\/wp-json\/wp\/v2\/posts\/4809\/revisions"}],"predecessor-version":[{"id":5293,"href":"https:\/\/www.lafarga.com\/corporatiu\/wp-json\/wp\/v2\/posts\/4809\/revisions\/5293"}],"wp:featuredmedia":[{"embeddable":true,"href":"https:\/\/www.lafarga.com\/corporatiu\/wp-json\/wp\/v2\/media\/4805"}],"wp:attachment":[{"href":"https:\/\/www.lafarga.com\/corporatiu\/wp-json\/wp\/v2\/media?parent=4809"}],"wp:term":[{"taxonomy":"category","embeddable":true,"href":"https:\/\/www.lafarga.com\/corporatiu\/wp-json\/wp\/v2\/categories?post=4809"},{"taxonomy":"post_tag","embeddable":true,"href":"https:\/\/www.lafarga.com\/corporatiu\/wp-json\/wp\/v2\/tags?post=4809"}],"curies":[{"name":"wp","href":"https:\/\/api.w.org\/{rel}","templated":true}]}}