{"id":4800,"date":"2015-07-22T08:19:19","date_gmt":"2015-07-22T08:19:19","guid":{"rendered":"http:\/\/www.lafarga.com\/corporatiu\/?p=4800"},"modified":"2015-10-01T09:51:32","modified_gmt":"2015-10-01T09:51:32","slug":"a-octubre-torna-parc-infantil-transit-la-farga","status":"publish","type":"post","link":"https:\/\/www.lafarga.com\/corporatiu\/a-octubre-torna-parc-infantil-transit-la-farga\/","title":{"rendered":"A l&#8217;octubre torna el Parc Infantil de Tr\u00e0nsit, a La Farga"},"content":{"rendered":"<p>La Farga Centre d&#8217;Activitats tornar\u00e0 a ser l&#8217;escenari el proper mes d&#8217;octubre del Parc Infantil de Tr\u00e0nsit, que organitza la Unitat Did\u00e0ctica de la Bicicleta de la Gu\u00e0rdia Urbana de L&#8217;Hospitalet.<\/p>\n<p>Aquesta activitat, prevista per als dies 26, 27, 28, 29 i 30 d&#8217;octubre de 2015, ha estat adre\u00e7ada en els darrers anys a escolars de cinqu\u00e8 i sis\u00e8 de prim\u00e0ria de diferents escoles de L&#8217;Hospitalet. \u00a0Tamb\u00e9 \u00e9s una de les primeres activitats d\u2019educaci\u00f3 vi\u00e0ria que programa la Gu\u00e0rdia Urbana de L\u2019Hospitalet durant el curs, en el Projecte d\u2019educaci\u00f3 vi\u00e0ria a les escoles, <a href=\"http:\/\/edums.gencat.cat\/QuiSom\/_GrORNvF8fls3K1DWFOJqd1CZObaFkM63\" target=\"_blank\">Escola Segura<\/a>.<\/p>\n<p>L\u2019objectiu del programa es fomentar, a trav\u00e9s de monitors t\u00e8cnics d&#8217;educaci\u00f3 vi\u00e0ria de la Gu\u00e0rdia Urbana de la ciutat, el bon comportament dels escolars mentre es circula per la via p\u00fablica, alhora d&#8217;adoptar mesures de seguretat.<\/p>\n<p>A trav\u00e9s del recorregut del Parc Infantil de Tr\u00e0nsit que s&#8217;instal\u00b7lar\u00e0 al recinte, els joves han de saber percebre el perill en les diferents ocasions que se&#8217;ls planteja en els espais de mobilitat, joc i oci de l&#8217;entorn m\u00e9s proper.<\/p>\n<p>Els parcs infantils d&#8217;educaci\u00f3 vi\u00e0ria s\u00f3n instal\u00b7lacions que reprodueixen situacions de circulaci\u00f3 amb la finalitat de formar en la mobilitat segura. El Servei Catal\u00e0 de Tr\u00e0nsit aporta diferents vehicles i materials per a la simulaci\u00f3 de la via p\u00fablica.<\/p>\n<p><a href=\"http:\/\/lhdigital.cat\/videos_2014\/noticies\/parc_infantil_transit.mp4?t=1436785200099\" target=\"_blank\">Parc Infantil Tr\u00e0nsit del 2014 &#8211; TV L&#8217;Hospitalet<\/a><\/p>\n","protected":false},"excerpt":{"rendered":"<p>La Farga Centre d&#8217;Activitats tornar\u00e0 a ser l&#8217;escenari el mes proper mes d&#8217;octubre del Parc Infantil de Tr\u00e0nsit, que organitza la Unitat Did\u00e0ctica de la Bicicleta de la Gu\u00e0rdia Urbana de L&#8217;Hospitalet. Aquesta activitat, prevista per als dies 26, 27, 28, 29 i 30 d&#8217;octubre, ha estat adre\u00e7ada en els darrers anys a escolars de cinqu\u00e8 i sis\u00e8 de prim\u00e0ria de diferents escoles de la ciutat.<\/p>\n","protected":false},"author":8,"featured_media":4805,"comment_status":"closed","ping_status":"closed","sticky":false,"template":"","format":"standard","meta":{"inline_featured_image":false,"_uag_custom_page_level_css":"","_monsterinsights_skip_tracking":false,"_monsterinsights_sitenote_active":false,"_monsterinsights_sitenote_note":"","_monsterinsights_sitenote_category":0,"site-sidebar-layout":"default","site-content-layout":"","ast-site-content-layout":"default","site-content-style":"default","site-sidebar-style":"default","ast-global-header-display":"","ast-banner-title-visibility":"","ast-main-header-display":"","ast-hfb-above-header-display":"","ast-hfb-below-header-display":"","ast-hfb-mobile-header-display":"","site-post-title":"","ast-breadcrumbs-content":"","ast-featured-img":"","footer-sml-layout":"","ast-disable-related-posts":"","theme-transparent-header-meta":"","adv-header-id-meta":"","stick-header-meta":"","header-above-stick-meta":"","header-main-stick-meta":"","header-below-stick-meta":"","astra-migrate-meta-layouts":"default","ast-page-background-enabled":"default","ast-page-background-meta":{"desktop":{"background-color":"var(--ast-global-color-4)","background-image":"","background-repeat":"repeat","background-position":"center center","background-size":"auto","background-attachment":"scroll","background-type":"","background-media":"","overlay-type":"","overlay-color":"","overlay-opacity":"","overlay-gradient":""},"tablet":{"background-color":"","background-image":"","background-repeat":"repeat","background-position":"center center","background-size":"auto","background-attachment":"scroll","background-type":"","background-media":"","overlay-type":"","overlay-color":"","overlay-opacity":"","overlay-gradient":""},"mobile":{"background-color":"","background-image":"","background-repeat":"repeat","background-position":"center center","background-size":"auto","background-attachment":"scroll","background-type":"","background-media":"","overlay-type":"","overlay-color":"","overlay-opacity":"","overlay-gradient":""}},"ast-content-background-meta":{"desktop":{"background-color":"var(--ast-global-color-5)","background-image":"","background-repeat":"repeat","background-position":"center center","background-size":"auto","background-attachment":"scroll","background-type":"","background-media":"","overlay-type":"","overlay-color":"","overlay-opacity":"","overlay-gradient":""},"tablet":{"background-color":"var(--ast-global-color-5)","background-image":"","background-repeat":"repeat","background-position":"center center","background-size":"auto","background-attachment":"scroll","background-type":"","background-media":"","overlay-type":"","overlay-color":"","overlay-opacity":"","overlay-gradient":""},"mobile":{"background-color":"var(--ast-global-color-5)","background-image":"","background-repeat":"repeat","background-position":"center center","background-size":"auto","background-attachment":"scroll","background-type":"","background-media":"","overlay-type":"","overlay-color":"","overlay-opacity":"","overlay-gradient":""}},"footnotes":""},"categories":[49],"tags":[],"class_list":["post-4800","post","type-post","status-publish","format-standard","has-post-thumbnail","hentry","category-centre-activitats"],"yoast_head":"<!-- This site is optimized with the Yoast SEO plugin v27.4 - https:\/\/yoast.com\/product\/yoast-seo-wordpress\/ -->\n<title>A l&#039;octubre torna el Parc Infantil de Tr\u00e0nsit, a La Farga<\/title>\n<meta name=\"description\" content=\"La Farga Centre d&#039;Activitats tornar\u00e0 a ser l&#039;escenari el mes proper mes d&#039;octubre del Parc Infantil de Tr\u00e0nsit.\" \/>\n<meta name=\"robots\" content=\"index, follow, max-snippet:-1, max-image-preview:large, max-video-preview:-1\" \/>\n<link rel=\"canonical\" href=\"https:\/\/www.lafarga.com\/corporatiu\/a-octubre-torna-parc-infantil-transit-la-farga\/\" \/>\n<meta property=\"og:locale\" content=\"ca_ES\" \/>\n<meta property=\"og:type\" content=\"article\" \/>\n<meta property=\"og:title\" content=\"A l&#039;octubre torna el Parc Infantil de Tr\u00e0nsit, a La Farga\" \/>\n<meta property=\"og:description\" content=\"La Farga Centre d&#039;Activitats tornar\u00e0 a ser l&#039;escenari el mes proper mes d&#039;octubre del Parc Infantil de Tr\u00e0nsit.\" \/>\n<meta property=\"og:url\" content=\"https:\/\/www.lafarga.com\/corporatiu\/a-octubre-torna-parc-infantil-transit-la-farga\/\" \/>\n<meta property=\"og:site_name\" content=\"La Farga Gesti\u00f3n de Equipamientos Municipales, S.A.\" \/>\n<meta property=\"article:published_time\" content=\"2015-07-22T08:19:19+00:00\" \/>\n<meta property=\"article:modified_time\" content=\"2015-10-01T09:51:32+00:00\" \/>\n<meta property=\"og:image\" content=\"https:\/\/www.lafarga.com\/corporatiu\/wp-content\/uploads\/2015\/07\/parcinfantil-farga.jpg\" \/>\n\t<meta property=\"og:image:width\" content=\"730\" \/>\n\t<meta property=\"og:image:height\" content=\"410\" \/>\n\t<meta property=\"og:image:type\" content=\"image\/jpeg\" \/>\n<meta name=\"author\" content=\"admfarga\" \/>\n<meta name=\"twitter:label1\" content=\"Escrit per\" \/>\n\t<meta name=\"twitter:data1\" content=\"admfarga\" \/>\n\t<meta name=\"twitter:label2\" content=\"Temps estimat de lectura\" \/>\n\t<meta name=\"twitter:data2\" content=\"1 minut\" \/>\n<script type=\"application\/ld+json\" class=\"yoast-schema-graph\">{\"@context\":\"https:\\\/\\\/schema.org\",\"@graph\":[{\"@type\":\"Article\",\"@id\":\"https:\\\/\\\/www.lafarga.com\\\/corporatiu\\\/a-octubre-torna-parc-infantil-transit-la-farga\\\/#article\",\"isPartOf\":{\"@id\":\"https:\\\/\\\/www.lafarga.com\\\/corporatiu\\\/a-octubre-torna-parc-infantil-transit-la-farga\\\/\"},\"author\":{\"name\":\"admfarga\",\"@id\":\"https:\\\/\\\/www.lafarga.com\\\/corporatiu\\\/#\\\/schema\\\/person\\\/0ad4bc37b46f53e6b85ad51c2ac2d685\"},\"headline\":\"A l&#8217;octubre torna el Parc Infantil de Tr\u00e0nsit, a La Farga\",\"datePublished\":\"2015-07-22T08:19:19+00:00\",\"dateModified\":\"2015-10-01T09:51:32+00:00\",\"mainEntityOfPage\":{\"@id\":\"https:\\\/\\\/www.lafarga.com\\\/corporatiu\\\/a-octubre-torna-parc-infantil-transit-la-farga\\\/\"},\"wordCount\":264,\"publisher\":{\"@id\":\"https:\\\/\\\/www.lafarga.com\\\/corporatiu\\\/#organization\"},\"image\":{\"@id\":\"https:\\\/\\\/www.lafarga.com\\\/corporatiu\\\/a-octubre-torna-parc-infantil-transit-la-farga\\\/#primaryimage\"},\"thumbnailUrl\":\"https:\\\/\\\/www.lafarga.com\\\/corporatiu\\\/wp-content\\\/uploads\\\/2015\\\/07\\\/parcinfantil-farga.jpg\",\"articleSection\":[\"Centre d'Activitats\"],\"inLanguage\":\"ca\"},{\"@type\":\"WebPage\",\"@id\":\"https:\\\/\\\/www.lafarga.com\\\/corporatiu\\\/a-octubre-torna-parc-infantil-transit-la-farga\\\/\",\"url\":\"https:\\\/\\\/www.lafarga.com\\\/corporatiu\\\/a-octubre-torna-parc-infantil-transit-la-farga\\\/\",\"name\":\"A l'octubre torna el Parc Infantil de Tr\u00e0nsit, a La Farga\",\"isPartOf\":{\"@id\":\"https:\\\/\\\/www.lafarga.com\\\/corporatiu\\\/#website\"},\"primaryImageOfPage\":{\"@id\":\"https:\\\/\\\/www.lafarga.com\\\/corporatiu\\\/a-octubre-torna-parc-infantil-transit-la-farga\\\/#primaryimage\"},\"image\":{\"@id\":\"https:\\\/\\\/www.lafarga.com\\\/corporatiu\\\/a-octubre-torna-parc-infantil-transit-la-farga\\\/#primaryimage\"},\"thumbnailUrl\":\"https:\\\/\\\/www.lafarga.com\\\/corporatiu\\\/wp-content\\\/uploads\\\/2015\\\/07\\\/parcinfantil-farga.jpg\",\"datePublished\":\"2015-07-22T08:19:19+00:00\",\"dateModified\":\"2015-10-01T09:51:32+00:00\",\"description\":\"La Farga Centre d'Activitats tornar\u00e0 a ser l'escenari el mes proper mes d'octubre del Parc Infantil de Tr\u00e0nsit.\",\"breadcrumb\":{\"@id\":\"https:\\\/\\\/www.lafarga.com\\\/corporatiu\\\/a-octubre-torna-parc-infantil-transit-la-farga\\\/#breadcrumb\"},\"inLanguage\":\"ca\",\"potentialAction\":[{\"@type\":\"ReadAction\",\"target\":[\"https:\\\/\\\/www.lafarga.com\\\/corporatiu\\\/a-octubre-torna-parc-infantil-transit-la-farga\\\/\"]}]},{\"@type\":\"ImageObject\",\"inLanguage\":\"ca\",\"@id\":\"https:\\\/\\\/www.lafarga.com\\\/corporatiu\\\/a-octubre-torna-parc-infantil-transit-la-farga\\\/#primaryimage\",\"url\":\"https:\\\/\\\/www.lafarga.com\\\/corporatiu\\\/wp-content\\\/uploads\\\/2015\\\/07\\\/parcinfantil-farga.jpg\",\"contentUrl\":\"https:\\\/\\\/www.lafarga.com\\\/corporatiu\\\/wp-content\\\/uploads\\\/2015\\\/07\\\/parcinfantil-farga.jpg\",\"width\":730,\"height\":410,\"caption\":\"Parc Infantil Tr\u00e0nsit\"},{\"@type\":\"BreadcrumbList\",\"@id\":\"https:\\\/\\\/www.lafarga.com\\\/corporatiu\\\/a-octubre-torna-parc-infantil-transit-la-farga\\\/#breadcrumb\",\"itemListElement\":[{\"@type\":\"ListItem\",\"position\":1,\"name\":\"Home\",\"item\":\"https:\\\/\\\/www.lafarga.com\\\/corporatiu\\\/lafarga-hospitalet-llobregat\\\/\"},{\"@type\":\"ListItem\",\"position\":2,\"name\":\"A l&#8217;octubre torna el Parc Infantil de Tr\u00e0nsit, a La Farga\"}]},{\"@type\":\"WebSite\",\"@id\":\"https:\\\/\\\/www.lafarga.com\\\/corporatiu\\\/#website\",\"url\":\"https:\\\/\\\/www.lafarga.com\\\/corporatiu\\\/\",\"name\":\"La Farga Gesti\u00f3 d&#039;Equipaments Municipals, SA\",\"description\":\"\",\"publisher\":{\"@id\":\"https:\\\/\\\/www.lafarga.com\\\/corporatiu\\\/#organization\"},\"potentialAction\":[{\"@type\":\"SearchAction\",\"target\":{\"@type\":\"EntryPoint\",\"urlTemplate\":\"https:\\\/\\\/www.lafarga.com\\\/corporatiu\\\/?s={search_term_string}\"},\"query-input\":{\"@type\":\"PropertyValueSpecification\",\"valueRequired\":true,\"valueName\":\"search_term_string\"}}],\"inLanguage\":\"ca\"},{\"@type\":\"Organization\",\"@id\":\"https:\\\/\\\/www.lafarga.com\\\/corporatiu\\\/#organization\",\"name\":\"La Farga Gesti\u00f3 d&#039;Equipaments Municipals, SA\",\"url\":\"https:\\\/\\\/www.lafarga.com\\\/corporatiu\\\/\",\"logo\":{\"@type\":\"ImageObject\",\"inLanguage\":\"ca\",\"@id\":\"https:\\\/\\\/www.lafarga.com\\\/corporatiu\\\/#\\\/schema\\\/logo\\\/image\\\/\",\"url\":\"https:\\\/\\\/www.lafarga.com\\\/corporatiu\\\/wp-content\\\/uploads\\\/2023\\\/11\\\/logotipo_lafarga_gemsa.svg\",\"contentUrl\":\"https:\\\/\\\/www.lafarga.com\\\/corporatiu\\\/wp-content\\\/uploads\\\/2023\\\/11\\\/logotipo_lafarga_gemsa.svg\",\"width\":102,\"height\":103,\"caption\":\"La Farga Gesti\u00f3 d&#039;Equipaments Municipals, SA\"},\"image\":{\"@id\":\"https:\\\/\\\/www.lafarga.com\\\/corporatiu\\\/#\\\/schema\\\/logo\\\/image\\\/\"}},{\"@type\":\"Person\",\"@id\":\"https:\\\/\\\/www.lafarga.com\\\/corporatiu\\\/#\\\/schema\\\/person\\\/0ad4bc37b46f53e6b85ad51c2ac2d685\",\"name\":\"admfarga\",\"image\":{\"@type\":\"ImageObject\",\"inLanguage\":\"ca\",\"@id\":\"https:\\\/\\\/secure.gravatar.com\\\/avatar\\\/2a2db0975754ce87d41cab8623874e9e5ef5d0add52244aba02a09775feab5cb?s=96&d=mm&r=g\",\"url\":\"https:\\\/\\\/secure.gravatar.com\\\/avatar\\\/2a2db0975754ce87d41cab8623874e9e5ef5d0add52244aba02a09775feab5cb?s=96&d=mm&r=g\",\"contentUrl\":\"https:\\\/\\\/secure.gravatar.com\\\/avatar\\\/2a2db0975754ce87d41cab8623874e9e5ef5d0add52244aba02a09775feab5cb?s=96&d=mm&r=g\",\"caption\":\"admfarga\"},\"url\":\"https:\\\/\\\/www.lafarga.com\\\/corporatiu\\\/author\\\/admfarga\\\/\"}]}<\/script>\n<!-- \/ Yoast SEO plugin. -->","yoast_head_json":{"title":"A l'octubre torna el Parc Infantil de Tr\u00e0nsit, a La Farga","description":"La Farga Centre d'Activitats tornar\u00e0 a ser l'escenari el mes proper mes d'octubre del Parc Infantil de Tr\u00e0nsit.","robots":{"index":"index","follow":"follow","max-snippet":"max-snippet:-1","max-image-preview":"max-image-preview:large","max-video-preview":"max-video-preview:-1"},"canonical":"https:\/\/www.lafarga.com\/corporatiu\/a-octubre-torna-parc-infantil-transit-la-farga\/","og_locale":"ca_ES","og_type":"article","og_title":"A l'octubre torna el Parc Infantil de Tr\u00e0nsit, a La Farga","og_description":"La Farga Centre d'Activitats tornar\u00e0 a ser l'escenari el mes proper mes d'octubre del Parc Infantil de Tr\u00e0nsit.","og_url":"https:\/\/www.lafarga.com\/corporatiu\/a-octubre-torna-parc-infantil-transit-la-farga\/","og_site_name":"La Farga Gesti\u00f3n de Equipamientos Municipales, S.A.","article_published_time":"2015-07-22T08:19:19+00:00","article_modified_time":"2015-10-01T09:51:32+00:00","og_image":[{"width":730,"height":410,"url":"https:\/\/www.lafarga.com\/corporatiu\/wp-content\/uploads\/2015\/07\/parcinfantil-farga.jpg","type":"image\/jpeg"}],"author":"admfarga","twitter_misc":{"Escrit per":"admfarga","Temps estimat de lectura":"1 minut"},"schema":{"@context":"https:\/\/schema.org","@graph":[{"@type":"Article","@id":"https:\/\/www.lafarga.com\/corporatiu\/a-octubre-torna-parc-infantil-transit-la-farga\/#article","isPartOf":{"@id":"https:\/\/www.lafarga.com\/corporatiu\/a-octubre-torna-parc-infantil-transit-la-farga\/"},"author":{"name":"admfarga","@id":"https:\/\/www.lafarga.com\/corporatiu\/#\/schema\/person\/0ad4bc37b46f53e6b85ad51c2ac2d685"},"headline":"A l&#8217;octubre torna el Parc Infantil de Tr\u00e0nsit, a La Farga","datePublished":"2015-07-22T08:19:19+00:00","dateModified":"2015-10-01T09:51:32+00:00","mainEntityOfPage":{"@id":"https:\/\/www.lafarga.com\/corporatiu\/a-octubre-torna-parc-infantil-transit-la-farga\/"},"wordCount":264,"publisher":{"@id":"https:\/\/www.lafarga.com\/corporatiu\/#organization"},"image":{"@id":"https:\/\/www.lafarga.com\/corporatiu\/a-octubre-torna-parc-infantil-transit-la-farga\/#primaryimage"},"thumbnailUrl":"https:\/\/www.lafarga.com\/corporatiu\/wp-content\/uploads\/2015\/07\/parcinfantil-farga.jpg","articleSection":["Centre d'Activitats"],"inLanguage":"ca"},{"@type":"WebPage","@id":"https:\/\/www.lafarga.com\/corporatiu\/a-octubre-torna-parc-infantil-transit-la-farga\/","url":"https:\/\/www.lafarga.com\/corporatiu\/a-octubre-torna-parc-infantil-transit-la-farga\/","name":"A l'octubre torna el Parc Infantil de Tr\u00e0nsit, a La Farga","isPartOf":{"@id":"https:\/\/www.lafarga.com\/corporatiu\/#website"},"primaryImageOfPage":{"@id":"https:\/\/www.lafarga.com\/corporatiu\/a-octubre-torna-parc-infantil-transit-la-farga\/#primaryimage"},"image":{"@id":"https:\/\/www.lafarga.com\/corporatiu\/a-octubre-torna-parc-infantil-transit-la-farga\/#primaryimage"},"thumbnailUrl":"https:\/\/www.lafarga.com\/corporatiu\/wp-content\/uploads\/2015\/07\/parcinfantil-farga.jpg","datePublished":"2015-07-22T08:19:19+00:00","dateModified":"2015-10-01T09:51:32+00:00","description":"La Farga Centre d'Activitats tornar\u00e0 a ser l'escenari el mes proper mes d'octubre del Parc Infantil de Tr\u00e0nsit.","breadcrumb":{"@id":"https:\/\/www.lafarga.com\/corporatiu\/a-octubre-torna-parc-infantil-transit-la-farga\/#breadcrumb"},"inLanguage":"ca","potentialAction":[{"@type":"ReadAction","target":["https:\/\/www.lafarga.com\/corporatiu\/a-octubre-torna-parc-infantil-transit-la-farga\/"]}]},{"@type":"ImageObject","inLanguage":"ca","@id":"https:\/\/www.lafarga.com\/corporatiu\/a-octubre-torna-parc-infantil-transit-la-farga\/#primaryimage","url":"https:\/\/www.lafarga.com\/corporatiu\/wp-content\/uploads\/2015\/07\/parcinfantil-farga.jpg","contentUrl":"https:\/\/www.lafarga.com\/corporatiu\/wp-content\/uploads\/2015\/07\/parcinfantil-farga.jpg","width":730,"height":410,"caption":"Parc Infantil Tr\u00e0nsit"},{"@type":"BreadcrumbList","@id":"https:\/\/www.lafarga.com\/corporatiu\/a-octubre-torna-parc-infantil-transit-la-farga\/#breadcrumb","itemListElement":[{"@type":"ListItem","position":1,"name":"Home","item":"https:\/\/www.lafarga.com\/corporatiu\/lafarga-hospitalet-llobregat\/"},{"@type":"ListItem","position":2,"name":"A l&#8217;octubre torna el Parc Infantil de Tr\u00e0nsit, a La Farga"}]},{"@type":"WebSite","@id":"https:\/\/www.lafarga.com\/corporatiu\/#website","url":"https:\/\/www.lafarga.com\/corporatiu\/","name":"La Farga Gesti\u00f3 d&#039;Equipaments Municipals, SA","description":"","publisher":{"@id":"https:\/\/www.lafarga.com\/corporatiu\/#organization"},"potentialAction":[{"@type":"SearchAction","target":{"@type":"EntryPoint","urlTemplate":"https:\/\/www.lafarga.com\/corporatiu\/?s={search_term_string}"},"query-input":{"@type":"PropertyValueSpecification","valueRequired":true,"valueName":"search_term_string"}}],"inLanguage":"ca"},{"@type":"Organization","@id":"https:\/\/www.lafarga.com\/corporatiu\/#organization","name":"La Farga Gesti\u00f3 d&#039;Equipaments Municipals, SA","url":"https:\/\/www.lafarga.com\/corporatiu\/","logo":{"@type":"ImageObject","inLanguage":"ca","@id":"https:\/\/www.lafarga.com\/corporatiu\/#\/schema\/logo\/image\/","url":"https:\/\/www.lafarga.com\/corporatiu\/wp-content\/uploads\/2023\/11\/logotipo_lafarga_gemsa.svg","contentUrl":"https:\/\/www.lafarga.com\/corporatiu\/wp-content\/uploads\/2023\/11\/logotipo_lafarga_gemsa.svg","width":102,"height":103,"caption":"La Farga Gesti\u00f3 d&#039;Equipaments Municipals, SA"},"image":{"@id":"https:\/\/www.lafarga.com\/corporatiu\/#\/schema\/logo\/image\/"}},{"@type":"Person","@id":"https:\/\/www.lafarga.com\/corporatiu\/#\/schema\/person\/0ad4bc37b46f53e6b85ad51c2ac2d685","name":"admfarga","image":{"@type":"ImageObject","inLanguage":"ca","@id":"https:\/\/secure.gravatar.com\/avatar\/2a2db0975754ce87d41cab8623874e9e5ef5d0add52244aba02a09775feab5cb?s=96&d=mm&r=g","url":"https:\/\/secure.gravatar.com\/avatar\/2a2db0975754ce87d41cab8623874e9e5ef5d0add52244aba02a09775feab5cb?s=96&d=mm&r=g","contentUrl":"https:\/\/secure.gravatar.com\/avatar\/2a2db0975754ce87d41cab8623874e9e5ef5d0add52244aba02a09775feab5cb?s=96&d=mm&r=g","caption":"admfarga"},"url":"https:\/\/www.lafarga.com\/corporatiu\/author\/admfarga\/"}]}},"uagb_featured_image_src":{"full":["https:\/\/www.lafarga.com\/corporatiu\/wp-content\/uploads\/2015\/07\/parcinfantil-farga.jpg",730,410,false],"thumbnail":["https:\/\/www.lafarga.com\/corporatiu\/wp-content\/uploads\/2015\/07\/parcinfantil-farga-150x150.jpg",150,150,true],"medium":["https:\/\/www.lafarga.com\/corporatiu\/wp-content\/uploads\/2015\/07\/parcinfantil-farga-300x168.jpg",300,168,true],"medium_large":["https:\/\/www.lafarga.com\/corporatiu\/wp-content\/uploads\/2015\/07\/parcinfantil-farga.jpg",730,410,false],"large":["https:\/\/www.lafarga.com\/corporatiu\/wp-content\/uploads\/2015\/07\/parcinfantil-farga.jpg",730,410,false],"1536x1536":["https:\/\/www.lafarga.com\/corporatiu\/wp-content\/uploads\/2015\/07\/parcinfantil-farga.jpg",730,410,false],"2048x2048":["https:\/\/www.lafarga.com\/corporatiu\/wp-content\/uploads\/2015\/07\/parcinfantil-farga.jpg",730,410,false],"mailpoet_newsletter_max":["https:\/\/www.lafarga.com\/corporatiu\/wp-content\/uploads\/2015\/07\/parcinfantil-farga.jpg",730,410,false]},"uagb_author_info":{"display_name":"admfarga","author_link":"https:\/\/www.lafarga.com\/corporatiu\/author\/admfarga\/"},"uagb_comment_info":0,"uagb_excerpt":"La Farga Centre d'Activitats tornar\u00e0 a ser l'escenari el mes proper mes d'octubre del Parc Infantil de Tr\u00e0nsit, que organitza la Unitat Did\u00e0ctica de la Bicicleta de la Gu\u00e0rdia Urbana de L'Hospitalet. Aquesta activitat, prevista per als dies 26, 27, 28, 29 i 30 d'octubre, ha estat adre\u00e7ada en els darrers anys a escolars de&hellip;","_links":{"self":[{"href":"https:\/\/www.lafarga.com\/corporatiu\/wp-json\/wp\/v2\/posts\/4800","targetHints":{"allow":["GET"]}}],"collection":[{"href":"https:\/\/www.lafarga.com\/corporatiu\/wp-json\/wp\/v2\/posts"}],"about":[{"href":"https:\/\/www.lafarga.com\/corporatiu\/wp-json\/wp\/v2\/types\/post"}],"author":[{"embeddable":true,"href":"https:\/\/www.lafarga.com\/corporatiu\/wp-json\/wp\/v2\/users\/8"}],"replies":[{"embeddable":true,"href":"https:\/\/www.lafarga.com\/corporatiu\/wp-json\/wp\/v2\/comments?post=4800"}],"version-history":[{"count":10,"href":"https:\/\/www.lafarga.com\/corporatiu\/wp-json\/wp\/v2\/posts\/4800\/revisions"}],"predecessor-version":[{"id":5292,"href":"https:\/\/www.lafarga.com\/corporatiu\/wp-json\/wp\/v2\/posts\/4800\/revisions\/5292"}],"wp:featuredmedia":[{"embeddable":true,"href":"https:\/\/www.lafarga.com\/corporatiu\/wp-json\/wp\/v2\/media\/4805"}],"wp:attachment":[{"href":"https:\/\/www.lafarga.com\/corporatiu\/wp-json\/wp\/v2\/media?parent=4800"}],"wp:term":[{"taxonomy":"category","embeddable":true,"href":"https:\/\/www.lafarga.com\/corporatiu\/wp-json\/wp\/v2\/categories?post=4800"},{"taxonomy":"post_tag","embeddable":true,"href":"https:\/\/www.lafarga.com\/corporatiu\/wp-json\/wp\/v2\/tags?post=4800"}],"curies":[{"name":"wp","href":"https:\/\/api.w.org\/{rel}","templated":true}]}}