{"id":4760,"date":"2015-07-07T08:10:36","date_gmt":"2015-07-07T08:10:36","guid":{"rendered":"http:\/\/www.lafarga.com\/corporatiu\/?p=4760"},"modified":"2015-07-07T08:10:36","modified_gmt":"2015-07-07T08:10:36","slug":"en-marcha-taller-creacion-audiovisual-torre-barrina","status":"publish","type":"post","link":"https:\/\/www.lafarga.com\/corporatiu\/en-marcha-taller-creacion-audiovisual-torre-barrina\/","title":{"rendered":"En marcha el taller de creaci\u00f3n audiovisual, en Torre Barrina"},"content":{"rendered":"<p>Ya est\u00e1 en marcha en Torre Barrina el taller de creaci\u00f3n audiovisual &#8220;<a href=\"https:\/\/www.lafarga.com\/corporatiu\/magia-cine-torre-barrina\/\" target=\"_blank\">3 , 2, 1 &#8230; acci\u00f3n<\/a> !&#8221; Que finalizar\u00e1 el pr\u00f3ximo 17 de julio organizado por la <a href=\"http:\/\/www.joventutlh.cat\/inici_2.aspx\" target=\"_blank\">Concejal\u00eda de Deportes y Juventud<\/a>, colectivo L&#8217;H Audiovisual y <a href=\"http:\/\/www.torrebarrina.cat\/inici_2.aspx\" target=\"_blank\">Torre Barrina, Centro Municipal de Creaci\u00f3n Multimedia de L&#8217;Hospitalet<\/a>.<\/p>\n<p>Gui\u00f3n, casting, rodaje, montaje, difusi\u00f3n a trav\u00e9s de redes sociales, todo lo que hay que aprender para hacer una pel\u00edcula desde cero es la propuesta de esta actividad dentro del #viuLHestiu, en L&#8217;Hospitalet.<\/p>\n<p>Daniel Resnich, guionista y productor transmedia ha iniciado el curso con una clase magistral sobre la importancia del gui\u00f3n.<\/p>\n<p>El taller tambi\u00e9n contar\u00e1 con la participaci\u00f3n de Toni Gasc\u00f3, director webserie <a href=\"http:\/\/proyectospacemen.com\/\" target=\"_blank\">Space Men<\/a>, Jordi Balfag\u00f3n, Michele Pelosio (videomaker), Laia Pajuelo, directora Festival <a href=\"http:\/\/metropolhis.cat\/es\" target=\"_blank\">MetropoLHis<\/a>, \u00d3scar G\u00f3mez, vicepresidente Asociaci\u00f3n <a href=\"http:\/\/coolhtura.es\/\" target=\"_blank\">CooLHtura<\/a>, Rebeca Gil y Esther Camacho, asesora digital.<\/p>\n","protected":false},"excerpt":{"rendered":"<p>Ya est\u00e1 en marcha en Torre Barrina el taller de creaci\u00f3n audiovisual &#8220;3 , 2, 1 &#8230; acci\u00f3n !&#8221; Que finalizar\u00e1 el pr\u00f3ximo 17 de julio organizado por la Concejal\u00eda de Deportes y Juventud, colectivo L&#8217;H Audiovisual y Torre Barrina, Centro Municipal de Creaci\u00f3n Multimedia de L&#8217;Hospitalet.<\/p>\n","protected":false},"author":8,"featured_media":4758,"comment_status":"closed","ping_status":"closed","sticky":false,"template":"","format":"standard","meta":{"inline_featured_image":false,"_uag_custom_page_level_css":"","_monsterinsights_skip_tracking":false,"_monsterinsights_sitenote_active":false,"_monsterinsights_sitenote_note":"","_monsterinsights_sitenote_category":0,"site-sidebar-layout":"default","site-content-layout":"","ast-site-content-layout":"default","site-content-style":"default","site-sidebar-style":"default","ast-global-header-display":"","ast-banner-title-visibility":"","ast-main-header-display":"","ast-hfb-above-header-display":"","ast-hfb-below-header-display":"","ast-hfb-mobile-header-display":"","site-post-title":"","ast-breadcrumbs-content":"","ast-featured-img":"","footer-sml-layout":"","ast-disable-related-posts":"","theme-transparent-header-meta":"","adv-header-id-meta":"","stick-header-meta":"","header-above-stick-meta":"","header-main-stick-meta":"","header-below-stick-meta":"","astra-migrate-meta-layouts":"default","ast-page-background-enabled":"default","ast-page-background-meta":{"desktop":{"background-color":"var(--ast-global-color-4)","background-image":"","background-repeat":"repeat","background-position":"center center","background-size":"auto","background-attachment":"scroll","background-type":"","background-media":"","overlay-type":"","overlay-color":"","overlay-opacity":"","overlay-gradient":""},"tablet":{"background-color":"","background-image":"","background-repeat":"repeat","background-position":"center center","background-size":"auto","background-attachment":"scroll","background-type":"","background-media":"","overlay-type":"","overlay-color":"","overlay-opacity":"","overlay-gradient":""},"mobile":{"background-color":"","background-image":"","background-repeat":"repeat","background-position":"center center","background-size":"auto","background-attachment":"scroll","background-type":"","background-media":"","overlay-type":"","overlay-color":"","overlay-opacity":"","overlay-gradient":""}},"ast-content-background-meta":{"desktop":{"background-color":"var(--ast-global-color-5)","background-image":"","background-repeat":"repeat","background-position":"center center","background-size":"auto","background-attachment":"scroll","background-type":"","background-media":"","overlay-type":"","overlay-color":"","overlay-opacity":"","overlay-gradient":""},"tablet":{"background-color":"var(--ast-global-color-5)","background-image":"","background-repeat":"repeat","background-position":"center center","background-size":"auto","background-attachment":"scroll","background-type":"","background-media":"","overlay-type":"","overlay-color":"","overlay-opacity":"","overlay-gradient":""},"mobile":{"background-color":"var(--ast-global-color-5)","background-image":"","background-repeat":"repeat","background-position":"center center","background-size":"auto","background-attachment":"scroll","background-type":"","background-media":"","overlay-type":"","overlay-color":"","overlay-opacity":"","overlay-gradient":""}},"footnotes":""},"categories":[87],"tags":[],"class_list":["post-4760","post","type-post","status-publish","format-standard","has-post-thumbnail","hentry","category-torre-barrina-cas"],"yoast_head":"<!-- This site is optimized with the Yoast SEO plugin v27.4 - https:\/\/yoast.com\/product\/yoast-seo-wordpress\/ -->\n<title>En marxa el taller de creaci\u00f3 audiovisual, a Torre Barrina<\/title>\n<meta name=\"description\" content=\"Ja est\u00e0 en marxa a Torre Barrina el taller de creaci\u00f3 audiovisual \u201c3, 2, 1\u2026 acci\u00f3!\u201d que finalitzar\u00e0 el proper 17 de juliol.\" \/>\n<meta name=\"robots\" content=\"index, follow, max-snippet:-1, max-image-preview:large, max-video-preview:-1\" \/>\n<link rel=\"canonical\" href=\"https:\/\/www.lafarga.com\/corporatiu\/en-marcha-taller-creacion-audiovisual-torre-barrina\/\" \/>\n<meta property=\"og:locale\" content=\"ca_ES\" \/>\n<meta property=\"og:type\" content=\"article\" \/>\n<meta property=\"og:title\" content=\"En marxa el taller de creaci\u00f3 audiovisual, a Torre Barrina\" \/>\n<meta property=\"og:description\" content=\"Ja est\u00e0 en marxa a Torre Barrina el taller de creaci\u00f3 audiovisual \u201c3, 2, 1\u2026 acci\u00f3!\u201d que finalitzar\u00e0 el proper 17 de juliol.\" \/>\n<meta property=\"og:url\" content=\"https:\/\/www.lafarga.com\/corporatiu\/en-marcha-taller-creacion-audiovisual-torre-barrina\/\" \/>\n<meta property=\"og:site_name\" content=\"La Farga Gesti\u00f3n de Equipamientos Municipales, S.A.\" \/>\n<meta property=\"article:published_time\" content=\"2015-07-07T08:10:36+00:00\" \/>\n<meta property=\"og:image\" content=\"https:\/\/www.lafarga.com\/corporatiu\/wp-content\/uploads\/2015\/07\/barrina-farga-taller.jpg\" \/>\n\t<meta property=\"og:image:width\" content=\"730\" \/>\n\t<meta property=\"og:image:height\" content=\"410\" \/>\n\t<meta property=\"og:image:type\" content=\"image\/jpeg\" \/>\n<meta name=\"author\" content=\"admfarga\" \/>\n<meta name=\"twitter:label1\" content=\"Escrit per\" \/>\n\t<meta name=\"twitter:data1\" content=\"admfarga\" \/>\n\t<meta name=\"twitter:label2\" content=\"Temps estimat de lectura\" \/>\n\t<meta name=\"twitter:data2\" content=\"1 minut\" \/>\n<script type=\"application\/ld+json\" class=\"yoast-schema-graph\">{\"@context\":\"https:\\\/\\\/schema.org\",\"@graph\":[{\"@type\":\"Article\",\"@id\":\"https:\\\/\\\/www.lafarga.com\\\/corporatiu\\\/en-marcha-taller-creacion-audiovisual-torre-barrina\\\/#article\",\"isPartOf\":{\"@id\":\"https:\\\/\\\/www.lafarga.com\\\/corporatiu\\\/en-marcha-taller-creacion-audiovisual-torre-barrina\\\/\"},\"author\":{\"name\":\"admfarga\",\"@id\":\"https:\\\/\\\/www.lafarga.com\\\/corporatiu\\\/#\\\/schema\\\/person\\\/0ad4bc37b46f53e6b85ad51c2ac2d685\"},\"headline\":\"En marcha el taller de creaci\u00f3n audiovisual, en Torre Barrina\",\"datePublished\":\"2015-07-07T08:10:36+00:00\",\"mainEntityOfPage\":{\"@id\":\"https:\\\/\\\/www.lafarga.com\\\/corporatiu\\\/en-marcha-taller-creacion-audiovisual-torre-barrina\\\/\"},\"wordCount\":157,\"publisher\":{\"@id\":\"https:\\\/\\\/www.lafarga.com\\\/corporatiu\\\/#organization\"},\"image\":{\"@id\":\"https:\\\/\\\/www.lafarga.com\\\/corporatiu\\\/en-marcha-taller-creacion-audiovisual-torre-barrina\\\/#primaryimage\"},\"thumbnailUrl\":\"https:\\\/\\\/www.lafarga.com\\\/corporatiu\\\/wp-content\\\/uploads\\\/2015\\\/07\\\/barrina-farga-taller.jpg\",\"articleSection\":[\"Torre Barrina.\"],\"inLanguage\":\"ca\"},{\"@type\":\"WebPage\",\"@id\":\"https:\\\/\\\/www.lafarga.com\\\/corporatiu\\\/en-marcha-taller-creacion-audiovisual-torre-barrina\\\/\",\"url\":\"https:\\\/\\\/www.lafarga.com\\\/corporatiu\\\/en-marcha-taller-creacion-audiovisual-torre-barrina\\\/\",\"name\":\"En marxa el taller de creaci\u00f3 audiovisual, a Torre Barrina\",\"isPartOf\":{\"@id\":\"https:\\\/\\\/www.lafarga.com\\\/corporatiu\\\/#website\"},\"primaryImageOfPage\":{\"@id\":\"https:\\\/\\\/www.lafarga.com\\\/corporatiu\\\/en-marcha-taller-creacion-audiovisual-torre-barrina\\\/#primaryimage\"},\"image\":{\"@id\":\"https:\\\/\\\/www.lafarga.com\\\/corporatiu\\\/en-marcha-taller-creacion-audiovisual-torre-barrina\\\/#primaryimage\"},\"thumbnailUrl\":\"https:\\\/\\\/www.lafarga.com\\\/corporatiu\\\/wp-content\\\/uploads\\\/2015\\\/07\\\/barrina-farga-taller.jpg\",\"datePublished\":\"2015-07-07T08:10:36+00:00\",\"description\":\"Ja est\u00e0 en marxa a Torre Barrina el taller de creaci\u00f3 audiovisual \u201c3, 2, 1\u2026 acci\u00f3!\u201d que finalitzar\u00e0 el proper 17 de juliol.\",\"breadcrumb\":{\"@id\":\"https:\\\/\\\/www.lafarga.com\\\/corporatiu\\\/en-marcha-taller-creacion-audiovisual-torre-barrina\\\/#breadcrumb\"},\"inLanguage\":\"ca\",\"potentialAction\":[{\"@type\":\"ReadAction\",\"target\":[\"https:\\\/\\\/www.lafarga.com\\\/corporatiu\\\/en-marcha-taller-creacion-audiovisual-torre-barrina\\\/\"]}]},{\"@type\":\"ImageObject\",\"inLanguage\":\"ca\",\"@id\":\"https:\\\/\\\/www.lafarga.com\\\/corporatiu\\\/en-marcha-taller-creacion-audiovisual-torre-barrina\\\/#primaryimage\",\"url\":\"https:\\\/\\\/www.lafarga.com\\\/corporatiu\\\/wp-content\\\/uploads\\\/2015\\\/07\\\/barrina-farga-taller.jpg\",\"contentUrl\":\"https:\\\/\\\/www.lafarga.com\\\/corporatiu\\\/wp-content\\\/uploads\\\/2015\\\/07\\\/barrina-farga-taller.jpg\",\"width\":730,\"height\":410},{\"@type\":\"BreadcrumbList\",\"@id\":\"https:\\\/\\\/www.lafarga.com\\\/corporatiu\\\/en-marcha-taller-creacion-audiovisual-torre-barrina\\\/#breadcrumb\",\"itemListElement\":[{\"@type\":\"ListItem\",\"position\":1,\"name\":\"Home\",\"item\":\"https:\\\/\\\/www.lafarga.com\\\/corporatiu\\\/lafarga-hospitalet-llobregat\\\/\"},{\"@type\":\"ListItem\",\"position\":2,\"name\":\"En marcha el taller de creaci\u00f3n audiovisual, en Torre Barrina\"}]},{\"@type\":\"WebSite\",\"@id\":\"https:\\\/\\\/www.lafarga.com\\\/corporatiu\\\/#website\",\"url\":\"https:\\\/\\\/www.lafarga.com\\\/corporatiu\\\/\",\"name\":\"La Farga Gesti\u00f3 d&#039;Equipaments Municipals, SA\",\"description\":\"\",\"publisher\":{\"@id\":\"https:\\\/\\\/www.lafarga.com\\\/corporatiu\\\/#organization\"},\"potentialAction\":[{\"@type\":\"SearchAction\",\"target\":{\"@type\":\"EntryPoint\",\"urlTemplate\":\"https:\\\/\\\/www.lafarga.com\\\/corporatiu\\\/?s={search_term_string}\"},\"query-input\":{\"@type\":\"PropertyValueSpecification\",\"valueRequired\":true,\"valueName\":\"search_term_string\"}}],\"inLanguage\":\"ca\"},{\"@type\":\"Organization\",\"@id\":\"https:\\\/\\\/www.lafarga.com\\\/corporatiu\\\/#organization\",\"name\":\"La Farga Gesti\u00f3 d&#039;Equipaments Municipals, SA\",\"url\":\"https:\\\/\\\/www.lafarga.com\\\/corporatiu\\\/\",\"logo\":{\"@type\":\"ImageObject\",\"inLanguage\":\"ca\",\"@id\":\"https:\\\/\\\/www.lafarga.com\\\/corporatiu\\\/#\\\/schema\\\/logo\\\/image\\\/\",\"url\":\"https:\\\/\\\/www.lafarga.com\\\/corporatiu\\\/wp-content\\\/uploads\\\/2023\\\/11\\\/logotipo_lafarga_gemsa.svg\",\"contentUrl\":\"https:\\\/\\\/www.lafarga.com\\\/corporatiu\\\/wp-content\\\/uploads\\\/2023\\\/11\\\/logotipo_lafarga_gemsa.svg\",\"width\":102,\"height\":103,\"caption\":\"La Farga Gesti\u00f3 d&#039;Equipaments Municipals, SA\"},\"image\":{\"@id\":\"https:\\\/\\\/www.lafarga.com\\\/corporatiu\\\/#\\\/schema\\\/logo\\\/image\\\/\"}},{\"@type\":\"Person\",\"@id\":\"https:\\\/\\\/www.lafarga.com\\\/corporatiu\\\/#\\\/schema\\\/person\\\/0ad4bc37b46f53e6b85ad51c2ac2d685\",\"name\":\"admfarga\",\"image\":{\"@type\":\"ImageObject\",\"inLanguage\":\"ca\",\"@id\":\"https:\\\/\\\/secure.gravatar.com\\\/avatar\\\/2a2db0975754ce87d41cab8623874e9e5ef5d0add52244aba02a09775feab5cb?s=96&d=mm&r=g\",\"url\":\"https:\\\/\\\/secure.gravatar.com\\\/avatar\\\/2a2db0975754ce87d41cab8623874e9e5ef5d0add52244aba02a09775feab5cb?s=96&d=mm&r=g\",\"contentUrl\":\"https:\\\/\\\/secure.gravatar.com\\\/avatar\\\/2a2db0975754ce87d41cab8623874e9e5ef5d0add52244aba02a09775feab5cb?s=96&d=mm&r=g\",\"caption\":\"admfarga\"},\"url\":\"https:\\\/\\\/www.lafarga.com\\\/corporatiu\\\/author\\\/admfarga\\\/\"}]}<\/script>\n<!-- \/ Yoast SEO plugin. -->","yoast_head_json":{"title":"En marxa el taller de creaci\u00f3 audiovisual, a Torre Barrina","description":"Ja est\u00e0 en marxa a Torre Barrina el taller de creaci\u00f3 audiovisual \u201c3, 2, 1\u2026 acci\u00f3!\u201d que finalitzar\u00e0 el proper 17 de juliol.","robots":{"index":"index","follow":"follow","max-snippet":"max-snippet:-1","max-image-preview":"max-image-preview:large","max-video-preview":"max-video-preview:-1"},"canonical":"https:\/\/www.lafarga.com\/corporatiu\/en-marcha-taller-creacion-audiovisual-torre-barrina\/","og_locale":"ca_ES","og_type":"article","og_title":"En marxa el taller de creaci\u00f3 audiovisual, a Torre Barrina","og_description":"Ja est\u00e0 en marxa a Torre Barrina el taller de creaci\u00f3 audiovisual \u201c3, 2, 1\u2026 acci\u00f3!\u201d que finalitzar\u00e0 el proper 17 de juliol.","og_url":"https:\/\/www.lafarga.com\/corporatiu\/en-marcha-taller-creacion-audiovisual-torre-barrina\/","og_site_name":"La Farga Gesti\u00f3n de Equipamientos Municipales, S.A.","article_published_time":"2015-07-07T08:10:36+00:00","og_image":[{"width":730,"height":410,"url":"https:\/\/www.lafarga.com\/corporatiu\/wp-content\/uploads\/2015\/07\/barrina-farga-taller.jpg","type":"image\/jpeg"}],"author":"admfarga","twitter_misc":{"Escrit per":"admfarga","Temps estimat de lectura":"1 minut"},"schema":{"@context":"https:\/\/schema.org","@graph":[{"@type":"Article","@id":"https:\/\/www.lafarga.com\/corporatiu\/en-marcha-taller-creacion-audiovisual-torre-barrina\/#article","isPartOf":{"@id":"https:\/\/www.lafarga.com\/corporatiu\/en-marcha-taller-creacion-audiovisual-torre-barrina\/"},"author":{"name":"admfarga","@id":"https:\/\/www.lafarga.com\/corporatiu\/#\/schema\/person\/0ad4bc37b46f53e6b85ad51c2ac2d685"},"headline":"En marcha el taller de creaci\u00f3n audiovisual, en Torre Barrina","datePublished":"2015-07-07T08:10:36+00:00","mainEntityOfPage":{"@id":"https:\/\/www.lafarga.com\/corporatiu\/en-marcha-taller-creacion-audiovisual-torre-barrina\/"},"wordCount":157,"publisher":{"@id":"https:\/\/www.lafarga.com\/corporatiu\/#organization"},"image":{"@id":"https:\/\/www.lafarga.com\/corporatiu\/en-marcha-taller-creacion-audiovisual-torre-barrina\/#primaryimage"},"thumbnailUrl":"https:\/\/www.lafarga.com\/corporatiu\/wp-content\/uploads\/2015\/07\/barrina-farga-taller.jpg","articleSection":["Torre Barrina."],"inLanguage":"ca"},{"@type":"WebPage","@id":"https:\/\/www.lafarga.com\/corporatiu\/en-marcha-taller-creacion-audiovisual-torre-barrina\/","url":"https:\/\/www.lafarga.com\/corporatiu\/en-marcha-taller-creacion-audiovisual-torre-barrina\/","name":"En marxa el taller de creaci\u00f3 audiovisual, a Torre Barrina","isPartOf":{"@id":"https:\/\/www.lafarga.com\/corporatiu\/#website"},"primaryImageOfPage":{"@id":"https:\/\/www.lafarga.com\/corporatiu\/en-marcha-taller-creacion-audiovisual-torre-barrina\/#primaryimage"},"image":{"@id":"https:\/\/www.lafarga.com\/corporatiu\/en-marcha-taller-creacion-audiovisual-torre-barrina\/#primaryimage"},"thumbnailUrl":"https:\/\/www.lafarga.com\/corporatiu\/wp-content\/uploads\/2015\/07\/barrina-farga-taller.jpg","datePublished":"2015-07-07T08:10:36+00:00","description":"Ja est\u00e0 en marxa a Torre Barrina el taller de creaci\u00f3 audiovisual \u201c3, 2, 1\u2026 acci\u00f3!\u201d que finalitzar\u00e0 el proper 17 de juliol.","breadcrumb":{"@id":"https:\/\/www.lafarga.com\/corporatiu\/en-marcha-taller-creacion-audiovisual-torre-barrina\/#breadcrumb"},"inLanguage":"ca","potentialAction":[{"@type":"ReadAction","target":["https:\/\/www.lafarga.com\/corporatiu\/en-marcha-taller-creacion-audiovisual-torre-barrina\/"]}]},{"@type":"ImageObject","inLanguage":"ca","@id":"https:\/\/www.lafarga.com\/corporatiu\/en-marcha-taller-creacion-audiovisual-torre-barrina\/#primaryimage","url":"https:\/\/www.lafarga.com\/corporatiu\/wp-content\/uploads\/2015\/07\/barrina-farga-taller.jpg","contentUrl":"https:\/\/www.lafarga.com\/corporatiu\/wp-content\/uploads\/2015\/07\/barrina-farga-taller.jpg","width":730,"height":410},{"@type":"BreadcrumbList","@id":"https:\/\/www.lafarga.com\/corporatiu\/en-marcha-taller-creacion-audiovisual-torre-barrina\/#breadcrumb","itemListElement":[{"@type":"ListItem","position":1,"name":"Home","item":"https:\/\/www.lafarga.com\/corporatiu\/lafarga-hospitalet-llobregat\/"},{"@type":"ListItem","position":2,"name":"En marcha el taller de creaci\u00f3n audiovisual, en Torre Barrina"}]},{"@type":"WebSite","@id":"https:\/\/www.lafarga.com\/corporatiu\/#website","url":"https:\/\/www.lafarga.com\/corporatiu\/","name":"La Farga Gesti\u00f3 d&#039;Equipaments Municipals, SA","description":"","publisher":{"@id":"https:\/\/www.lafarga.com\/corporatiu\/#organization"},"potentialAction":[{"@type":"SearchAction","target":{"@type":"EntryPoint","urlTemplate":"https:\/\/www.lafarga.com\/corporatiu\/?s={search_term_string}"},"query-input":{"@type":"PropertyValueSpecification","valueRequired":true,"valueName":"search_term_string"}}],"inLanguage":"ca"},{"@type":"Organization","@id":"https:\/\/www.lafarga.com\/corporatiu\/#organization","name":"La Farga Gesti\u00f3 d&#039;Equipaments Municipals, SA","url":"https:\/\/www.lafarga.com\/corporatiu\/","logo":{"@type":"ImageObject","inLanguage":"ca","@id":"https:\/\/www.lafarga.com\/corporatiu\/#\/schema\/logo\/image\/","url":"https:\/\/www.lafarga.com\/corporatiu\/wp-content\/uploads\/2023\/11\/logotipo_lafarga_gemsa.svg","contentUrl":"https:\/\/www.lafarga.com\/corporatiu\/wp-content\/uploads\/2023\/11\/logotipo_lafarga_gemsa.svg","width":102,"height":103,"caption":"La Farga Gesti\u00f3 d&#039;Equipaments Municipals, SA"},"image":{"@id":"https:\/\/www.lafarga.com\/corporatiu\/#\/schema\/logo\/image\/"}},{"@type":"Person","@id":"https:\/\/www.lafarga.com\/corporatiu\/#\/schema\/person\/0ad4bc37b46f53e6b85ad51c2ac2d685","name":"admfarga","image":{"@type":"ImageObject","inLanguage":"ca","@id":"https:\/\/secure.gravatar.com\/avatar\/2a2db0975754ce87d41cab8623874e9e5ef5d0add52244aba02a09775feab5cb?s=96&d=mm&r=g","url":"https:\/\/secure.gravatar.com\/avatar\/2a2db0975754ce87d41cab8623874e9e5ef5d0add52244aba02a09775feab5cb?s=96&d=mm&r=g","contentUrl":"https:\/\/secure.gravatar.com\/avatar\/2a2db0975754ce87d41cab8623874e9e5ef5d0add52244aba02a09775feab5cb?s=96&d=mm&r=g","caption":"admfarga"},"url":"https:\/\/www.lafarga.com\/corporatiu\/author\/admfarga\/"}]}},"uagb_featured_image_src":{"full":["https:\/\/www.lafarga.com\/corporatiu\/wp-content\/uploads\/2015\/07\/barrina-farga-taller.jpg",730,410,false],"thumbnail":["https:\/\/www.lafarga.com\/corporatiu\/wp-content\/uploads\/2015\/07\/barrina-farga-taller-150x150.jpg",150,150,true],"medium":["https:\/\/www.lafarga.com\/corporatiu\/wp-content\/uploads\/2015\/07\/barrina-farga-taller-300x168.jpg",300,168,true],"medium_large":["https:\/\/www.lafarga.com\/corporatiu\/wp-content\/uploads\/2015\/07\/barrina-farga-taller.jpg",730,410,false],"large":["https:\/\/www.lafarga.com\/corporatiu\/wp-content\/uploads\/2015\/07\/barrina-farga-taller.jpg",730,410,false],"1536x1536":["https:\/\/www.lafarga.com\/corporatiu\/wp-content\/uploads\/2015\/07\/barrina-farga-taller.jpg",730,410,false],"2048x2048":["https:\/\/www.lafarga.com\/corporatiu\/wp-content\/uploads\/2015\/07\/barrina-farga-taller.jpg",730,410,false],"mailpoet_newsletter_max":["https:\/\/www.lafarga.com\/corporatiu\/wp-content\/uploads\/2015\/07\/barrina-farga-taller.jpg",730,410,false]},"uagb_author_info":{"display_name":"admfarga","author_link":"https:\/\/www.lafarga.com\/corporatiu\/author\/admfarga\/"},"uagb_comment_info":0,"uagb_excerpt":"Ya est\u00e1 en marcha en Torre Barrina el taller de creaci\u00f3n audiovisual \"3 , 2, 1 ... acci\u00f3n !\" Que finalizar\u00e1 el pr\u00f3ximo 17 de julio organizado por la Concejal\u00eda de Deportes y Juventud, colectivo L'H Audiovisual y Torre Barrina, Centro Municipal de Creaci\u00f3n Multimedia de L'Hospitalet.","_links":{"self":[{"href":"https:\/\/www.lafarga.com\/corporatiu\/wp-json\/wp\/v2\/posts\/4760","targetHints":{"allow":["GET"]}}],"collection":[{"href":"https:\/\/www.lafarga.com\/corporatiu\/wp-json\/wp\/v2\/posts"}],"about":[{"href":"https:\/\/www.lafarga.com\/corporatiu\/wp-json\/wp\/v2\/types\/post"}],"author":[{"embeddable":true,"href":"https:\/\/www.lafarga.com\/corporatiu\/wp-json\/wp\/v2\/users\/8"}],"replies":[{"embeddable":true,"href":"https:\/\/www.lafarga.com\/corporatiu\/wp-json\/wp\/v2\/comments?post=4760"}],"version-history":[{"count":1,"href":"https:\/\/www.lafarga.com\/corporatiu\/wp-json\/wp\/v2\/posts\/4760\/revisions"}],"predecessor-version":[{"id":4761,"href":"https:\/\/www.lafarga.com\/corporatiu\/wp-json\/wp\/v2\/posts\/4760\/revisions\/4761"}],"wp:featuredmedia":[{"embeddable":true,"href":"https:\/\/www.lafarga.com\/corporatiu\/wp-json\/wp\/v2\/media\/4758"}],"wp:attachment":[{"href":"https:\/\/www.lafarga.com\/corporatiu\/wp-json\/wp\/v2\/media?parent=4760"}],"wp:term":[{"taxonomy":"category","embeddable":true,"href":"https:\/\/www.lafarga.com\/corporatiu\/wp-json\/wp\/v2\/categories?post=4760"},{"taxonomy":"post_tag","embeddable":true,"href":"https:\/\/www.lafarga.com\/corporatiu\/wp-json\/wp\/v2\/tags?post=4760"}],"curies":[{"name":"wp","href":"https:\/\/api.w.org\/{rel}","templated":true}]}}