{"id":4711,"date":"2015-07-03T10:24:12","date_gmt":"2015-07-03T10:24:12","guid":{"rendered":"http:\/\/www.lafarga.com\/corporatiu\/?p=4711"},"modified":"2015-07-07T08:55:58","modified_gmt":"2015-07-07T08:55:58","slug":"josem-garcia-mompel-nuevo-presidente-la-farga","status":"publish","type":"post","link":"https:\/\/www.lafarga.com\/corporatiu\/josem-garcia-mompel-nuevo-presidente-la-farga\/","title":{"rendered":"Jos\u00e9 M. Garc\u00eda Mompel, nuevo presidente de La Farga GEMSA"},"content":{"rendered":"<p>La Junta General, m\u00e1ximo \u00f3rgano de gobierno de La Farga Gesti\u00f3n de Equipamientos Municipales SA, reunida en sesi\u00f3n plenaria este jueves 2 de julio de 2015, ha escogido los 15 miembros del Consejo de Administraci\u00f3n de esta sociedad municipal para el presente mandato.<\/p>\n<p>El nuevo Consejo de Administraci\u00f3n, que tiene 6 representantes nuevos respecto al anterior, est\u00e1 formado por:<\/p>\n<ul>\n<li>Merc\u00e8 Perea, Jos\u00e9 M\u00aa Garc\u00eda Mompel, Manuel Brinquis y Roc\u00edo Ram\u00edrez (Partit dels Socialistes de Catalunya).<\/li>\n<li>Miguel Garc\u00eda (Ciudadanos-Partido de la Ciudadan\u00eda).<\/li>\n<li>Antonio Ba\u00f1os (ICV-EUiA-Pirates.cat).<\/li>\n<li>Sonia Esplugas (Partido Popular).<\/li>\n<li>Antoni Garc\u00eda (Esquerra Republicana de Catalunya).<\/li>\n<li>Rafael Jim\u00e9nez (Guanyem L&#8217;Hospitalet).<\/li>\n<li>Laia Claverol (\u00c1rea de Hacienda, Recursos Generales, Programaci\u00f3n y Presupuestos).<\/li>\n<li>Juan Martorell (Cambra de Comer\u00e7).<\/li>\n<li>Vicente Ib\u00e1\u00f1ez (Uni\u00f3 de Botiguers).<\/li>\n<li>Mar\u00eda Rosa Fiol (Asociaci\u00f3n de Empresarios Baix Llobregat y L&#8217;Hospitalet).<\/li>\n<li>Asun Romero (CCOO).<\/li>\n<li>Juan Ram\u00f3n Barrachina (UGT).<\/li>\n<\/ul>\n<p>A su vez la Junta General, que preside la alcaldesa N\u00faria Mar\u00edn, ha nombrado como nuevo presidente de La Farga Gesti\u00f3n de Equipamientos Municipales SA, Jos\u00e9 Mar\u00eda Garc\u00eda Mompel, teniente de alcalde de Promoci\u00f3n Econ\u00f3mica y Empleo.<\/p>\n<p>Por otro lado el nuevo Consejo de Administraci\u00f3n de La Farga GEMSA se constituir\u00e1 en los pr\u00f3ximos d\u00edas nombrando el vicepresidente, consejero delegado y secretario del mismo.<\/p>\n","protected":false},"excerpt":{"rendered":"<p>La Junta General, m\u00e1ximo \u00f3rgano de gobierno de La Farga Gesti\u00f3n de Equipamientos Municipales SA, reunida en sesi\u00f3n plenaria este jueves 2 de julio de 2015, ha escogido los 15 miembros del Consejo de Administraci\u00f3n de esta sociedad municipal para el presente mandato. El nuevo presidente es Jos\u00e9 Mar\u00eda Garc\u00eda Mompel, teniente de alcalde de Promoci\u00f3n Econ\u00f3mica y Empleo.<\/p>\n","protected":false},"author":8,"featured_media":4708,"comment_status":"closed","ping_status":"closed","sticky":false,"template":"","format":"standard","meta":{"inline_featured_image":false,"_uag_custom_page_level_css":"","_monsterinsights_skip_tracking":false,"_monsterinsights_sitenote_active":false,"_monsterinsights_sitenote_note":"","_monsterinsights_sitenote_category":0,"site-sidebar-layout":"default","site-content-layout":"","ast-site-content-layout":"default","site-content-style":"default","site-sidebar-style":"default","ast-global-header-display":"","ast-banner-title-visibility":"","ast-main-header-display":"","ast-hfb-above-header-display":"","ast-hfb-below-header-display":"","ast-hfb-mobile-header-display":"","site-post-title":"","ast-breadcrumbs-content":"","ast-featured-img":"","footer-sml-layout":"","ast-disable-related-posts":"","theme-transparent-header-meta":"","adv-header-id-meta":"","stick-header-meta":"","header-above-stick-meta":"","header-main-stick-meta":"","header-below-stick-meta":"","astra-migrate-meta-layouts":"default","ast-page-background-enabled":"default","ast-page-background-meta":{"desktop":{"background-color":"var(--ast-global-color-4)","background-image":"","background-repeat":"repeat","background-position":"center center","background-size":"auto","background-attachment":"scroll","background-type":"","background-media":"","overlay-type":"","overlay-color":"","overlay-opacity":"","overlay-gradient":""},"tablet":{"background-color":"","background-image":"","background-repeat":"repeat","background-position":"center center","background-size":"auto","background-attachment":"scroll","background-type":"","background-media":"","overlay-type":"","overlay-color":"","overlay-opacity":"","overlay-gradient":""},"mobile":{"background-color":"","background-image":"","background-repeat":"repeat","background-position":"center center","background-size":"auto","background-attachment":"scroll","background-type":"","background-media":"","overlay-type":"","overlay-color":"","overlay-opacity":"","overlay-gradient":""}},"ast-content-background-meta":{"desktop":{"background-color":"var(--ast-global-color-5)","background-image":"","background-repeat":"repeat","background-position":"center center","background-size":"auto","background-attachment":"scroll","background-type":"","background-media":"","overlay-type":"","overlay-color":"","overlay-opacity":"","overlay-gradient":""},"tablet":{"background-color":"var(--ast-global-color-5)","background-image":"","background-repeat":"repeat","background-position":"center center","background-size":"auto","background-attachment":"scroll","background-type":"","background-media":"","overlay-type":"","overlay-color":"","overlay-opacity":"","overlay-gradient":""},"mobile":{"background-color":"var(--ast-global-color-5)","background-image":"","background-repeat":"repeat","background-position":"center center","background-size":"auto","background-attachment":"scroll","background-type":"","background-media":"","overlay-type":"","overlay-color":"","overlay-opacity":"","overlay-gradient":""}},"footnotes":""},"categories":[22],"tags":[],"class_list":["post-4711","post","type-post","status-publish","format-standard","has-post-thumbnail","hentry","category-general-castellano"],"yoast_head":"<!-- This site is optimized with the Yoast SEO plugin v27.4 - https:\/\/yoast.com\/product\/yoast-seo-wordpress\/ -->\n<title>Jos\u00e9 M. Garc\u00eda Mompel, nou president de La Farga GEMSA<\/title>\n<meta name=\"description\" content=\"La Junta General, m\u00e0xim \u00f2rgan de govern de La Farga Gesti\u00f3 d\u2019Equipaments Municipals SA, ha escollit els 15 membres del Consell d\u2019Administraci\u00f3.\" \/>\n<meta name=\"robots\" content=\"index, follow, max-snippet:-1, max-image-preview:large, max-video-preview:-1\" \/>\n<link rel=\"canonical\" href=\"https:\/\/www.lafarga.com\/corporatiu\/josem-garcia-mompel-nuevo-presidente-la-farga\/\" \/>\n<meta property=\"og:locale\" content=\"ca_ES\" \/>\n<meta property=\"og:type\" content=\"article\" \/>\n<meta property=\"og:title\" content=\"Jos\u00e9 M. Garc\u00eda Mompel, nou president de La Farga GEMSA\" \/>\n<meta property=\"og:description\" content=\"La Junta General, m\u00e0xim \u00f2rgan de govern de La Farga Gesti\u00f3 d\u2019Equipaments Municipals SA, ha escollit els 15 membres del Consell d\u2019Administraci\u00f3.\" \/>\n<meta property=\"og:url\" content=\"https:\/\/www.lafarga.com\/corporatiu\/josem-garcia-mompel-nuevo-presidente-la-farga\/\" \/>\n<meta property=\"og:site_name\" content=\"La Farga Gesti\u00f3n de Equipamientos Municipales, S.A.\" \/>\n<meta property=\"article:published_time\" content=\"2015-07-03T10:24:12+00:00\" \/>\n<meta property=\"article:modified_time\" content=\"2015-07-07T08:55:58+00:00\" \/>\n<meta property=\"og:image\" content=\"https:\/\/www.lafarga.com\/corporatiu\/wp-content\/uploads\/2015\/07\/ple-municipal-farga.jpg\" \/>\n\t<meta property=\"og:image:width\" content=\"730\" \/>\n\t<meta property=\"og:image:height\" content=\"410\" \/>\n\t<meta property=\"og:image:type\" content=\"image\/jpeg\" \/>\n<meta name=\"author\" content=\"admfarga\" \/>\n<meta name=\"twitter:label1\" content=\"Escrit per\" \/>\n\t<meta name=\"twitter:data1\" content=\"admfarga\" \/>\n\t<meta name=\"twitter:label2\" content=\"Temps estimat de lectura\" \/>\n\t<meta name=\"twitter:data2\" content=\"1 minut\" \/>\n<script type=\"application\/ld+json\" class=\"yoast-schema-graph\">{\"@context\":\"https:\\\/\\\/schema.org\",\"@graph\":[{\"@type\":\"Article\",\"@id\":\"https:\\\/\\\/www.lafarga.com\\\/corporatiu\\\/josem-garcia-mompel-nuevo-presidente-la-farga\\\/#article\",\"isPartOf\":{\"@id\":\"https:\\\/\\\/www.lafarga.com\\\/corporatiu\\\/josem-garcia-mompel-nuevo-presidente-la-farga\\\/\"},\"author\":{\"name\":\"admfarga\",\"@id\":\"https:\\\/\\\/www.lafarga.com\\\/corporatiu\\\/#\\\/schema\\\/person\\\/0ad4bc37b46f53e6b85ad51c2ac2d685\"},\"headline\":\"Jos\u00e9 M. Garc\u00eda Mompel, nuevo presidente de La Farga GEMSA\",\"datePublished\":\"2015-07-03T10:24:12+00:00\",\"dateModified\":\"2015-07-07T08:55:58+00:00\",\"mainEntityOfPage\":{\"@id\":\"https:\\\/\\\/www.lafarga.com\\\/corporatiu\\\/josem-garcia-mompel-nuevo-presidente-la-farga\\\/\"},\"wordCount\":237,\"publisher\":{\"@id\":\"https:\\\/\\\/www.lafarga.com\\\/corporatiu\\\/#organization\"},\"image\":{\"@id\":\"https:\\\/\\\/www.lafarga.com\\\/corporatiu\\\/josem-garcia-mompel-nuevo-presidente-la-farga\\\/#primaryimage\"},\"thumbnailUrl\":\"https:\\\/\\\/www.lafarga.com\\\/corporatiu\\\/wp-content\\\/uploads\\\/2015\\\/07\\\/ple-municipal-farga.jpg\",\"articleSection\":[\"La Farga.\"],\"inLanguage\":\"ca\"},{\"@type\":\"WebPage\",\"@id\":\"https:\\\/\\\/www.lafarga.com\\\/corporatiu\\\/josem-garcia-mompel-nuevo-presidente-la-farga\\\/\",\"url\":\"https:\\\/\\\/www.lafarga.com\\\/corporatiu\\\/josem-garcia-mompel-nuevo-presidente-la-farga\\\/\",\"name\":\"Jos\u00e9 M. Garc\u00eda Mompel, nou president de La Farga GEMSA\",\"isPartOf\":{\"@id\":\"https:\\\/\\\/www.lafarga.com\\\/corporatiu\\\/#website\"},\"primaryImageOfPage\":{\"@id\":\"https:\\\/\\\/www.lafarga.com\\\/corporatiu\\\/josem-garcia-mompel-nuevo-presidente-la-farga\\\/#primaryimage\"},\"image\":{\"@id\":\"https:\\\/\\\/www.lafarga.com\\\/corporatiu\\\/josem-garcia-mompel-nuevo-presidente-la-farga\\\/#primaryimage\"},\"thumbnailUrl\":\"https:\\\/\\\/www.lafarga.com\\\/corporatiu\\\/wp-content\\\/uploads\\\/2015\\\/07\\\/ple-municipal-farga.jpg\",\"datePublished\":\"2015-07-03T10:24:12+00:00\",\"dateModified\":\"2015-07-07T08:55:58+00:00\",\"description\":\"La Junta General, m\u00e0xim \u00f2rgan de govern de La Farga Gesti\u00f3 d\u2019Equipaments Municipals SA, ha escollit els 15 membres del Consell d\u2019Administraci\u00f3.\",\"breadcrumb\":{\"@id\":\"https:\\\/\\\/www.lafarga.com\\\/corporatiu\\\/josem-garcia-mompel-nuevo-presidente-la-farga\\\/#breadcrumb\"},\"inLanguage\":\"ca\",\"potentialAction\":[{\"@type\":\"ReadAction\",\"target\":[\"https:\\\/\\\/www.lafarga.com\\\/corporatiu\\\/josem-garcia-mompel-nuevo-presidente-la-farga\\\/\"]}]},{\"@type\":\"ImageObject\",\"inLanguage\":\"ca\",\"@id\":\"https:\\\/\\\/www.lafarga.com\\\/corporatiu\\\/josem-garcia-mompel-nuevo-presidente-la-farga\\\/#primaryimage\",\"url\":\"https:\\\/\\\/www.lafarga.com\\\/corporatiu\\\/wp-content\\\/uploads\\\/2015\\\/07\\\/ple-municipal-farga.jpg\",\"contentUrl\":\"https:\\\/\\\/www.lafarga.com\\\/corporatiu\\\/wp-content\\\/uploads\\\/2015\\\/07\\\/ple-municipal-farga.jpg\",\"width\":730,\"height\":410},{\"@type\":\"BreadcrumbList\",\"@id\":\"https:\\\/\\\/www.lafarga.com\\\/corporatiu\\\/josem-garcia-mompel-nuevo-presidente-la-farga\\\/#breadcrumb\",\"itemListElement\":[{\"@type\":\"ListItem\",\"position\":1,\"name\":\"Home\",\"item\":\"https:\\\/\\\/www.lafarga.com\\\/corporatiu\\\/lafarga-hospitalet-llobregat\\\/\"},{\"@type\":\"ListItem\",\"position\":2,\"name\":\"Jos\u00e9 M. Garc\u00eda Mompel, nuevo presidente de La Farga GEMSA\"}]},{\"@type\":\"WebSite\",\"@id\":\"https:\\\/\\\/www.lafarga.com\\\/corporatiu\\\/#website\",\"url\":\"https:\\\/\\\/www.lafarga.com\\\/corporatiu\\\/\",\"name\":\"La Farga Gesti\u00f3 d&#039;Equipaments Municipals, SA\",\"description\":\"\",\"publisher\":{\"@id\":\"https:\\\/\\\/www.lafarga.com\\\/corporatiu\\\/#organization\"},\"potentialAction\":[{\"@type\":\"SearchAction\",\"target\":{\"@type\":\"EntryPoint\",\"urlTemplate\":\"https:\\\/\\\/www.lafarga.com\\\/corporatiu\\\/?s={search_term_string}\"},\"query-input\":{\"@type\":\"PropertyValueSpecification\",\"valueRequired\":true,\"valueName\":\"search_term_string\"}}],\"inLanguage\":\"ca\"},{\"@type\":\"Organization\",\"@id\":\"https:\\\/\\\/www.lafarga.com\\\/corporatiu\\\/#organization\",\"name\":\"La Farga Gesti\u00f3 d&#039;Equipaments Municipals, SA\",\"url\":\"https:\\\/\\\/www.lafarga.com\\\/corporatiu\\\/\",\"logo\":{\"@type\":\"ImageObject\",\"inLanguage\":\"ca\",\"@id\":\"https:\\\/\\\/www.lafarga.com\\\/corporatiu\\\/#\\\/schema\\\/logo\\\/image\\\/\",\"url\":\"https:\\\/\\\/www.lafarga.com\\\/corporatiu\\\/wp-content\\\/uploads\\\/2023\\\/11\\\/logotipo_lafarga_gemsa.svg\",\"contentUrl\":\"https:\\\/\\\/www.lafarga.com\\\/corporatiu\\\/wp-content\\\/uploads\\\/2023\\\/11\\\/logotipo_lafarga_gemsa.svg\",\"width\":102,\"height\":103,\"caption\":\"La Farga Gesti\u00f3 d&#039;Equipaments Municipals, SA\"},\"image\":{\"@id\":\"https:\\\/\\\/www.lafarga.com\\\/corporatiu\\\/#\\\/schema\\\/logo\\\/image\\\/\"}},{\"@type\":\"Person\",\"@id\":\"https:\\\/\\\/www.lafarga.com\\\/corporatiu\\\/#\\\/schema\\\/person\\\/0ad4bc37b46f53e6b85ad51c2ac2d685\",\"name\":\"admfarga\",\"image\":{\"@type\":\"ImageObject\",\"inLanguage\":\"ca\",\"@id\":\"https:\\\/\\\/secure.gravatar.com\\\/avatar\\\/2a2db0975754ce87d41cab8623874e9e5ef5d0add52244aba02a09775feab5cb?s=96&d=mm&r=g\",\"url\":\"https:\\\/\\\/secure.gravatar.com\\\/avatar\\\/2a2db0975754ce87d41cab8623874e9e5ef5d0add52244aba02a09775feab5cb?s=96&d=mm&r=g\",\"contentUrl\":\"https:\\\/\\\/secure.gravatar.com\\\/avatar\\\/2a2db0975754ce87d41cab8623874e9e5ef5d0add52244aba02a09775feab5cb?s=96&d=mm&r=g\",\"caption\":\"admfarga\"},\"url\":\"https:\\\/\\\/www.lafarga.com\\\/corporatiu\\\/author\\\/admfarga\\\/\"}]}<\/script>\n<!-- \/ Yoast SEO plugin. -->","yoast_head_json":{"title":"Jos\u00e9 M. Garc\u00eda Mompel, nou president de La Farga GEMSA","description":"La Junta General, m\u00e0xim \u00f2rgan de govern de La Farga Gesti\u00f3 d\u2019Equipaments Municipals SA, ha escollit els 15 membres del Consell d\u2019Administraci\u00f3.","robots":{"index":"index","follow":"follow","max-snippet":"max-snippet:-1","max-image-preview":"max-image-preview:large","max-video-preview":"max-video-preview:-1"},"canonical":"https:\/\/www.lafarga.com\/corporatiu\/josem-garcia-mompel-nuevo-presidente-la-farga\/","og_locale":"ca_ES","og_type":"article","og_title":"Jos\u00e9 M. Garc\u00eda Mompel, nou president de La Farga GEMSA","og_description":"La Junta General, m\u00e0xim \u00f2rgan de govern de La Farga Gesti\u00f3 d\u2019Equipaments Municipals SA, ha escollit els 15 membres del Consell d\u2019Administraci\u00f3.","og_url":"https:\/\/www.lafarga.com\/corporatiu\/josem-garcia-mompel-nuevo-presidente-la-farga\/","og_site_name":"La Farga Gesti\u00f3n de Equipamientos Municipales, S.A.","article_published_time":"2015-07-03T10:24:12+00:00","article_modified_time":"2015-07-07T08:55:58+00:00","og_image":[{"width":730,"height":410,"url":"https:\/\/www.lafarga.com\/corporatiu\/wp-content\/uploads\/2015\/07\/ple-municipal-farga.jpg","type":"image\/jpeg"}],"author":"admfarga","twitter_misc":{"Escrit per":"admfarga","Temps estimat de lectura":"1 minut"},"schema":{"@context":"https:\/\/schema.org","@graph":[{"@type":"Article","@id":"https:\/\/www.lafarga.com\/corporatiu\/josem-garcia-mompel-nuevo-presidente-la-farga\/#article","isPartOf":{"@id":"https:\/\/www.lafarga.com\/corporatiu\/josem-garcia-mompel-nuevo-presidente-la-farga\/"},"author":{"name":"admfarga","@id":"https:\/\/www.lafarga.com\/corporatiu\/#\/schema\/person\/0ad4bc37b46f53e6b85ad51c2ac2d685"},"headline":"Jos\u00e9 M. Garc\u00eda Mompel, nuevo presidente de La Farga GEMSA","datePublished":"2015-07-03T10:24:12+00:00","dateModified":"2015-07-07T08:55:58+00:00","mainEntityOfPage":{"@id":"https:\/\/www.lafarga.com\/corporatiu\/josem-garcia-mompel-nuevo-presidente-la-farga\/"},"wordCount":237,"publisher":{"@id":"https:\/\/www.lafarga.com\/corporatiu\/#organization"},"image":{"@id":"https:\/\/www.lafarga.com\/corporatiu\/josem-garcia-mompel-nuevo-presidente-la-farga\/#primaryimage"},"thumbnailUrl":"https:\/\/www.lafarga.com\/corporatiu\/wp-content\/uploads\/2015\/07\/ple-municipal-farga.jpg","articleSection":["La Farga."],"inLanguage":"ca"},{"@type":"WebPage","@id":"https:\/\/www.lafarga.com\/corporatiu\/josem-garcia-mompel-nuevo-presidente-la-farga\/","url":"https:\/\/www.lafarga.com\/corporatiu\/josem-garcia-mompel-nuevo-presidente-la-farga\/","name":"Jos\u00e9 M. Garc\u00eda Mompel, nou president de La Farga GEMSA","isPartOf":{"@id":"https:\/\/www.lafarga.com\/corporatiu\/#website"},"primaryImageOfPage":{"@id":"https:\/\/www.lafarga.com\/corporatiu\/josem-garcia-mompel-nuevo-presidente-la-farga\/#primaryimage"},"image":{"@id":"https:\/\/www.lafarga.com\/corporatiu\/josem-garcia-mompel-nuevo-presidente-la-farga\/#primaryimage"},"thumbnailUrl":"https:\/\/www.lafarga.com\/corporatiu\/wp-content\/uploads\/2015\/07\/ple-municipal-farga.jpg","datePublished":"2015-07-03T10:24:12+00:00","dateModified":"2015-07-07T08:55:58+00:00","description":"La Junta General, m\u00e0xim \u00f2rgan de govern de La Farga Gesti\u00f3 d\u2019Equipaments Municipals SA, ha escollit els 15 membres del Consell d\u2019Administraci\u00f3.","breadcrumb":{"@id":"https:\/\/www.lafarga.com\/corporatiu\/josem-garcia-mompel-nuevo-presidente-la-farga\/#breadcrumb"},"inLanguage":"ca","potentialAction":[{"@type":"ReadAction","target":["https:\/\/www.lafarga.com\/corporatiu\/josem-garcia-mompel-nuevo-presidente-la-farga\/"]}]},{"@type":"ImageObject","inLanguage":"ca","@id":"https:\/\/www.lafarga.com\/corporatiu\/josem-garcia-mompel-nuevo-presidente-la-farga\/#primaryimage","url":"https:\/\/www.lafarga.com\/corporatiu\/wp-content\/uploads\/2015\/07\/ple-municipal-farga.jpg","contentUrl":"https:\/\/www.lafarga.com\/corporatiu\/wp-content\/uploads\/2015\/07\/ple-municipal-farga.jpg","width":730,"height":410},{"@type":"BreadcrumbList","@id":"https:\/\/www.lafarga.com\/corporatiu\/josem-garcia-mompel-nuevo-presidente-la-farga\/#breadcrumb","itemListElement":[{"@type":"ListItem","position":1,"name":"Home","item":"https:\/\/www.lafarga.com\/corporatiu\/lafarga-hospitalet-llobregat\/"},{"@type":"ListItem","position":2,"name":"Jos\u00e9 M. Garc\u00eda Mompel, nuevo presidente de La Farga GEMSA"}]},{"@type":"WebSite","@id":"https:\/\/www.lafarga.com\/corporatiu\/#website","url":"https:\/\/www.lafarga.com\/corporatiu\/","name":"La Farga Gesti\u00f3 d&#039;Equipaments Municipals, SA","description":"","publisher":{"@id":"https:\/\/www.lafarga.com\/corporatiu\/#organization"},"potentialAction":[{"@type":"SearchAction","target":{"@type":"EntryPoint","urlTemplate":"https:\/\/www.lafarga.com\/corporatiu\/?s={search_term_string}"},"query-input":{"@type":"PropertyValueSpecification","valueRequired":true,"valueName":"search_term_string"}}],"inLanguage":"ca"},{"@type":"Organization","@id":"https:\/\/www.lafarga.com\/corporatiu\/#organization","name":"La Farga Gesti\u00f3 d&#039;Equipaments Municipals, SA","url":"https:\/\/www.lafarga.com\/corporatiu\/","logo":{"@type":"ImageObject","inLanguage":"ca","@id":"https:\/\/www.lafarga.com\/corporatiu\/#\/schema\/logo\/image\/","url":"https:\/\/www.lafarga.com\/corporatiu\/wp-content\/uploads\/2023\/11\/logotipo_lafarga_gemsa.svg","contentUrl":"https:\/\/www.lafarga.com\/corporatiu\/wp-content\/uploads\/2023\/11\/logotipo_lafarga_gemsa.svg","width":102,"height":103,"caption":"La Farga Gesti\u00f3 d&#039;Equipaments Municipals, SA"},"image":{"@id":"https:\/\/www.lafarga.com\/corporatiu\/#\/schema\/logo\/image\/"}},{"@type":"Person","@id":"https:\/\/www.lafarga.com\/corporatiu\/#\/schema\/person\/0ad4bc37b46f53e6b85ad51c2ac2d685","name":"admfarga","image":{"@type":"ImageObject","inLanguage":"ca","@id":"https:\/\/secure.gravatar.com\/avatar\/2a2db0975754ce87d41cab8623874e9e5ef5d0add52244aba02a09775feab5cb?s=96&d=mm&r=g","url":"https:\/\/secure.gravatar.com\/avatar\/2a2db0975754ce87d41cab8623874e9e5ef5d0add52244aba02a09775feab5cb?s=96&d=mm&r=g","contentUrl":"https:\/\/secure.gravatar.com\/avatar\/2a2db0975754ce87d41cab8623874e9e5ef5d0add52244aba02a09775feab5cb?s=96&d=mm&r=g","caption":"admfarga"},"url":"https:\/\/www.lafarga.com\/corporatiu\/author\/admfarga\/"}]}},"uagb_featured_image_src":{"full":["https:\/\/www.lafarga.com\/corporatiu\/wp-content\/uploads\/2015\/07\/ple-municipal-farga.jpg",730,410,false],"thumbnail":["https:\/\/www.lafarga.com\/corporatiu\/wp-content\/uploads\/2015\/07\/ple-municipal-farga-150x150.jpg",150,150,true],"medium":["https:\/\/www.lafarga.com\/corporatiu\/wp-content\/uploads\/2015\/07\/ple-municipal-farga-300x168.jpg",300,168,true],"medium_large":["https:\/\/www.lafarga.com\/corporatiu\/wp-content\/uploads\/2015\/07\/ple-municipal-farga.jpg",730,410,false],"large":["https:\/\/www.lafarga.com\/corporatiu\/wp-content\/uploads\/2015\/07\/ple-municipal-farga.jpg",730,410,false],"1536x1536":["https:\/\/www.lafarga.com\/corporatiu\/wp-content\/uploads\/2015\/07\/ple-municipal-farga.jpg",730,410,false],"2048x2048":["https:\/\/www.lafarga.com\/corporatiu\/wp-content\/uploads\/2015\/07\/ple-municipal-farga.jpg",730,410,false],"mailpoet_newsletter_max":["https:\/\/www.lafarga.com\/corporatiu\/wp-content\/uploads\/2015\/07\/ple-municipal-farga.jpg",730,410,false]},"uagb_author_info":{"display_name":"admfarga","author_link":"https:\/\/www.lafarga.com\/corporatiu\/author\/admfarga\/"},"uagb_comment_info":0,"uagb_excerpt":"La Junta General, m\u00e1ximo \u00f3rgano de gobierno de La Farga Gesti\u00f3n de Equipamientos Municipales SA, reunida en sesi\u00f3n plenaria este jueves 2 de julio de 2015, ha escogido los 15 miembros del Consejo de Administraci\u00f3n de esta sociedad municipal para el presente mandato. El nuevo presidente es Jos\u00e9 Mar\u00eda Garc\u00eda Mompel, teniente de alcalde de&hellip;","_links":{"self":[{"href":"https:\/\/www.lafarga.com\/corporatiu\/wp-json\/wp\/v2\/posts\/4711","targetHints":{"allow":["GET"]}}],"collection":[{"href":"https:\/\/www.lafarga.com\/corporatiu\/wp-json\/wp\/v2\/posts"}],"about":[{"href":"https:\/\/www.lafarga.com\/corporatiu\/wp-json\/wp\/v2\/types\/post"}],"author":[{"embeddable":true,"href":"https:\/\/www.lafarga.com\/corporatiu\/wp-json\/wp\/v2\/users\/8"}],"replies":[{"embeddable":true,"href":"https:\/\/www.lafarga.com\/corporatiu\/wp-json\/wp\/v2\/comments?post=4711"}],"version-history":[{"count":5,"href":"https:\/\/www.lafarga.com\/corporatiu\/wp-json\/wp\/v2\/posts\/4711\/revisions"}],"predecessor-version":[{"id":4766,"href":"https:\/\/www.lafarga.com\/corporatiu\/wp-json\/wp\/v2\/posts\/4711\/revisions\/4766"}],"wp:featuredmedia":[{"embeddable":true,"href":"https:\/\/www.lafarga.com\/corporatiu\/wp-json\/wp\/v2\/media\/4708"}],"wp:attachment":[{"href":"https:\/\/www.lafarga.com\/corporatiu\/wp-json\/wp\/v2\/media?parent=4711"}],"wp:term":[{"taxonomy":"category","embeddable":true,"href":"https:\/\/www.lafarga.com\/corporatiu\/wp-json\/wp\/v2\/categories?post=4711"},{"taxonomy":"post_tag","embeddable":true,"href":"https:\/\/www.lafarga.com\/corporatiu\/wp-json\/wp\/v2\/tags?post=4711"}],"curies":[{"name":"wp","href":"https:\/\/api.w.org\/{rel}","templated":true}]}}