{"id":4707,"date":"2015-07-03T10:13:23","date_gmt":"2015-07-03T10:13:23","guid":{"rendered":"http:\/\/www.lafarga.com\/corporatiu\/?p=4707"},"modified":"2015-07-07T08:54:42","modified_gmt":"2015-07-07T08:54:42","slug":"jose-m-garcia-mompel-nou-president-la-farga-gemsa","status":"publish","type":"post","link":"https:\/\/www.lafarga.com\/corporatiu\/jose-m-garcia-mompel-nou-president-la-farga-gemsa\/","title":{"rendered":"Jos\u00e9 M. Garc\u00eda Mompel, nou president de La Farga GEMSA"},"content":{"rendered":"<p>La Junta General, m\u00e0xim \u00f2rgan de govern de La Farga Gesti\u00f3 d\u2019Equipaments Municipals SA, reunida en sessi\u00f3 plen\u00e0ria aquest dijous 2 de juliol de 2015, ha escollit els 15 membres del Consell d\u2019Administraci\u00f3 d\u2019aquesta societat municipal per al present mandat.<\/p>\n<p>El nou Consell d\u2019Administraci\u00f3, que t\u00e9 6 representants nous respecte l\u2019anterior, est\u00e0 format per:<\/p>\n<ul>\n<li>Merc\u00e8 Perea, Jos\u00e9 Ma Garc\u00eda Mompel, Manuel Brinquis i Roc\u00edo Ram\u00edrez (Partit dels Socialistes de Catalunya).<\/li>\n<li>Miguel Garc\u00eda (Ciutadans-Partido de la Ciutadan\u00eda).<\/li>\n<li>Antonio Ba\u00f1os (ICV-EUiA-Pirates.cat).<\/li>\n<li>Sonia Esplugas (Partit Popular).<\/li>\n<li>Antoni Garc\u00eda (Esquerra Republicana de Catalunya).<\/li>\n<li>Rafael Jim\u00e9nez (Guanyem L\u2019Hospitalet).<\/li>\n<li>Laia Claverol (\u00c0rea d&#8217;Hisenda, Recursos Generals, Programaci\u00f3 i Pressupostos).<\/li>\n<li>Juan Martorell (Cambra de Comer\u00e7).<\/li>\n<li>Vicente Ib\u00e1\u00f1ez (Uni\u00f3 de Botiguers).<\/li>\n<li>Mar\u00eda Rosa Fiol (Associaci\u00f3 d\u2019Empresaris Baix Llobregat i L\u2019Hospitalet).<\/li>\n<li>Asun Romero (CCOO).<\/li>\n<li>Juan Ram\u00f3n Barrachina (UGT).<\/li>\n<\/ul>\n<p>Tanmateix la Junta General, que presideix l\u2019alcaldessa N\u00faria Mar\u00edn, ha nomenat com a nou president de La Farga Gesti\u00f3 d\u2019Equipaments Municipals SA, Jos\u00e9 Mar\u00eda Garc\u00eda Mompel, tinent d\u2019alcalde de Promoci\u00f3 Econ\u00f2mica i Ocupaci\u00f3.<\/p>\n<p>D\u2019altra banda el nou Consell d\u2019Administraci\u00f3 de La Farga GEMSA es constituir\u00e0 en els propers dies nomenant del vicepresident, conseller delegat i secretari del mateix.<\/p>\n","protected":false},"excerpt":{"rendered":"<p>La Junta General, m\u00e0xim \u00f2rgan de govern de La Farga Gesti\u00f3 d\u2019Equipaments Municipals SA, reunida en sessi\u00f3 plen\u00e0ria aquest dijous 2 de juliol de 2015, ha escollit els 15 membres del Consell d\u2019Administraci\u00f3 d\u2019aquesta societat municipal per al present mandat. El nou president \u00e9s Jos\u00e9 Mar\u00eda Garc\u00eda Mompel, tinent d\u2019alcalde de Promoci\u00f3 Econ\u00f2mica i Ocupaci\u00f3.<\/p>\n","protected":false},"author":8,"featured_media":4708,"comment_status":"closed","ping_status":"closed","sticky":false,"template":"","format":"standard","meta":{"inline_featured_image":false,"_uag_custom_page_level_css":"","_monsterinsights_skip_tracking":false,"_monsterinsights_sitenote_active":false,"_monsterinsights_sitenote_note":"","_monsterinsights_sitenote_category":0,"site-sidebar-layout":"default","site-content-layout":"","ast-site-content-layout":"default","site-content-style":"default","site-sidebar-style":"default","ast-global-header-display":"","ast-banner-title-visibility":"","ast-main-header-display":"","ast-hfb-above-header-display":"","ast-hfb-below-header-display":"","ast-hfb-mobile-header-display":"","site-post-title":"","ast-breadcrumbs-content":"","ast-featured-img":"","footer-sml-layout":"","ast-disable-related-posts":"","theme-transparent-header-meta":"","adv-header-id-meta":"","stick-header-meta":"","header-above-stick-meta":"","header-main-stick-meta":"","header-below-stick-meta":"","astra-migrate-meta-layouts":"default","ast-page-background-enabled":"default","ast-page-background-meta":{"desktop":{"background-color":"var(--ast-global-color-4)","background-image":"","background-repeat":"repeat","background-position":"center center","background-size":"auto","background-attachment":"scroll","background-type":"","background-media":"","overlay-type":"","overlay-color":"","overlay-opacity":"","overlay-gradient":""},"tablet":{"background-color":"","background-image":"","background-repeat":"repeat","background-position":"center center","background-size":"auto","background-attachment":"scroll","background-type":"","background-media":"","overlay-type":"","overlay-color":"","overlay-opacity":"","overlay-gradient":""},"mobile":{"background-color":"","background-image":"","background-repeat":"repeat","background-position":"center center","background-size":"auto","background-attachment":"scroll","background-type":"","background-media":"","overlay-type":"","overlay-color":"","overlay-opacity":"","overlay-gradient":""}},"ast-content-background-meta":{"desktop":{"background-color":"var(--ast-global-color-5)","background-image":"","background-repeat":"repeat","background-position":"center center","background-size":"auto","background-attachment":"scroll","background-type":"","background-media":"","overlay-type":"","overlay-color":"","overlay-opacity":"","overlay-gradient":""},"tablet":{"background-color":"var(--ast-global-color-5)","background-image":"","background-repeat":"repeat","background-position":"center center","background-size":"auto","background-attachment":"scroll","background-type":"","background-media":"","overlay-type":"","overlay-color":"","overlay-opacity":"","overlay-gradient":""},"mobile":{"background-color":"var(--ast-global-color-5)","background-image":"","background-repeat":"repeat","background-position":"center center","background-size":"auto","background-attachment":"scroll","background-type":"","background-media":"","overlay-type":"","overlay-color":"","overlay-opacity":"","overlay-gradient":""}},"footnotes":""},"categories":[1],"tags":[],"class_list":["post-4707","post","type-post","status-publish","format-standard","has-post-thumbnail","hentry","category-general-catala"],"yoast_head":"<!-- This site is optimized with the Yoast SEO plugin v27.4 - https:\/\/yoast.com\/product\/yoast-seo-wordpress\/ -->\n<title>Jos\u00e9 M. Garc\u00eda Mompel, nou president de La Farga GEMSA<\/title>\n<meta name=\"description\" content=\"La Junta General, m\u00e0xim \u00f2rgan de govern de La Farga Gesti\u00f3 d\u2019Equipaments Municipals SA, ha escollit els 15 membres del Consell d\u2019Administraci\u00f3.\" \/>\n<meta name=\"robots\" content=\"index, follow, max-snippet:-1, max-image-preview:large, max-video-preview:-1\" \/>\n<link rel=\"canonical\" href=\"https:\/\/www.lafarga.com\/corporatiu\/jose-m-garcia-mompel-nou-president-la-farga-gemsa\/\" \/>\n<meta property=\"og:locale\" content=\"ca_ES\" \/>\n<meta property=\"og:type\" content=\"article\" \/>\n<meta property=\"og:title\" content=\"Jos\u00e9 M. Garc\u00eda Mompel, nou president de La Farga GEMSA\" \/>\n<meta property=\"og:description\" content=\"La Junta General, m\u00e0xim \u00f2rgan de govern de La Farga Gesti\u00f3 d\u2019Equipaments Municipals SA, ha escollit els 15 membres del Consell d\u2019Administraci\u00f3.\" \/>\n<meta property=\"og:url\" content=\"https:\/\/www.lafarga.com\/corporatiu\/jose-m-garcia-mompel-nou-president-la-farga-gemsa\/\" \/>\n<meta property=\"og:site_name\" content=\"La Farga Gesti\u00f3n de Equipamientos Municipales, S.A.\" \/>\n<meta property=\"article:published_time\" content=\"2015-07-03T10:13:23+00:00\" \/>\n<meta property=\"article:modified_time\" content=\"2015-07-07T08:54:42+00:00\" \/>\n<meta property=\"og:image\" content=\"https:\/\/www.lafarga.com\/corporatiu\/wp-content\/uploads\/2015\/07\/ple-municipal-farga.jpg\" \/>\n\t<meta property=\"og:image:width\" content=\"730\" \/>\n\t<meta property=\"og:image:height\" content=\"410\" \/>\n\t<meta property=\"og:image:type\" content=\"image\/jpeg\" \/>\n<meta name=\"author\" content=\"admfarga\" \/>\n<meta name=\"twitter:label1\" content=\"Escrit per\" \/>\n\t<meta name=\"twitter:data1\" content=\"admfarga\" \/>\n\t<meta name=\"twitter:label2\" content=\"Temps estimat de lectura\" \/>\n\t<meta name=\"twitter:data2\" content=\"1 minut\" \/>\n<script type=\"application\/ld+json\" class=\"yoast-schema-graph\">{\"@context\":\"https:\\\/\\\/schema.org\",\"@graph\":[{\"@type\":\"Article\",\"@id\":\"https:\\\/\\\/www.lafarga.com\\\/corporatiu\\\/jose-m-garcia-mompel-nou-president-la-farga-gemsa\\\/#article\",\"isPartOf\":{\"@id\":\"https:\\\/\\\/www.lafarga.com\\\/corporatiu\\\/jose-m-garcia-mompel-nou-president-la-farga-gemsa\\\/\"},\"author\":{\"name\":\"admfarga\",\"@id\":\"https:\\\/\\\/www.lafarga.com\\\/corporatiu\\\/#\\\/schema\\\/person\\\/0ad4bc37b46f53e6b85ad51c2ac2d685\"},\"headline\":\"Jos\u00e9 M. Garc\u00eda Mompel, nou president de La Farga GEMSA\",\"datePublished\":\"2015-07-03T10:13:23+00:00\",\"dateModified\":\"2015-07-07T08:54:42+00:00\",\"mainEntityOfPage\":{\"@id\":\"https:\\\/\\\/www.lafarga.com\\\/corporatiu\\\/jose-m-garcia-mompel-nou-president-la-farga-gemsa\\\/\"},\"wordCount\":226,\"publisher\":{\"@id\":\"https:\\\/\\\/www.lafarga.com\\\/corporatiu\\\/#organization\"},\"image\":{\"@id\":\"https:\\\/\\\/www.lafarga.com\\\/corporatiu\\\/jose-m-garcia-mompel-nou-president-la-farga-gemsa\\\/#primaryimage\"},\"thumbnailUrl\":\"https:\\\/\\\/www.lafarga.com\\\/corporatiu\\\/wp-content\\\/uploads\\\/2015\\\/07\\\/ple-municipal-farga.jpg\",\"articleSection\":[\"La Farga\"],\"inLanguage\":\"ca\"},{\"@type\":\"WebPage\",\"@id\":\"https:\\\/\\\/www.lafarga.com\\\/corporatiu\\\/jose-m-garcia-mompel-nou-president-la-farga-gemsa\\\/\",\"url\":\"https:\\\/\\\/www.lafarga.com\\\/corporatiu\\\/jose-m-garcia-mompel-nou-president-la-farga-gemsa\\\/\",\"name\":\"Jos\u00e9 M. Garc\u00eda Mompel, nou president de La Farga GEMSA\",\"isPartOf\":{\"@id\":\"https:\\\/\\\/www.lafarga.com\\\/corporatiu\\\/#website\"},\"primaryImageOfPage\":{\"@id\":\"https:\\\/\\\/www.lafarga.com\\\/corporatiu\\\/jose-m-garcia-mompel-nou-president-la-farga-gemsa\\\/#primaryimage\"},\"image\":{\"@id\":\"https:\\\/\\\/www.lafarga.com\\\/corporatiu\\\/jose-m-garcia-mompel-nou-president-la-farga-gemsa\\\/#primaryimage\"},\"thumbnailUrl\":\"https:\\\/\\\/www.lafarga.com\\\/corporatiu\\\/wp-content\\\/uploads\\\/2015\\\/07\\\/ple-municipal-farga.jpg\",\"datePublished\":\"2015-07-03T10:13:23+00:00\",\"dateModified\":\"2015-07-07T08:54:42+00:00\",\"description\":\"La Junta General, m\u00e0xim \u00f2rgan de govern de La Farga Gesti\u00f3 d\u2019Equipaments Municipals SA, ha escollit els 15 membres del Consell d\u2019Administraci\u00f3.\",\"breadcrumb\":{\"@id\":\"https:\\\/\\\/www.lafarga.com\\\/corporatiu\\\/jose-m-garcia-mompel-nou-president-la-farga-gemsa\\\/#breadcrumb\"},\"inLanguage\":\"ca\",\"potentialAction\":[{\"@type\":\"ReadAction\",\"target\":[\"https:\\\/\\\/www.lafarga.com\\\/corporatiu\\\/jose-m-garcia-mompel-nou-president-la-farga-gemsa\\\/\"]}]},{\"@type\":\"ImageObject\",\"inLanguage\":\"ca\",\"@id\":\"https:\\\/\\\/www.lafarga.com\\\/corporatiu\\\/jose-m-garcia-mompel-nou-president-la-farga-gemsa\\\/#primaryimage\",\"url\":\"https:\\\/\\\/www.lafarga.com\\\/corporatiu\\\/wp-content\\\/uploads\\\/2015\\\/07\\\/ple-municipal-farga.jpg\",\"contentUrl\":\"https:\\\/\\\/www.lafarga.com\\\/corporatiu\\\/wp-content\\\/uploads\\\/2015\\\/07\\\/ple-municipal-farga.jpg\",\"width\":730,\"height\":410},{\"@type\":\"BreadcrumbList\",\"@id\":\"https:\\\/\\\/www.lafarga.com\\\/corporatiu\\\/jose-m-garcia-mompel-nou-president-la-farga-gemsa\\\/#breadcrumb\",\"itemListElement\":[{\"@type\":\"ListItem\",\"position\":1,\"name\":\"Home\",\"item\":\"https:\\\/\\\/www.lafarga.com\\\/corporatiu\\\/lafarga-hospitalet-llobregat\\\/\"},{\"@type\":\"ListItem\",\"position\":2,\"name\":\"Jos\u00e9 M. Garc\u00eda Mompel, nou president de La Farga GEMSA\"}]},{\"@type\":\"WebSite\",\"@id\":\"https:\\\/\\\/www.lafarga.com\\\/corporatiu\\\/#website\",\"url\":\"https:\\\/\\\/www.lafarga.com\\\/corporatiu\\\/\",\"name\":\"La Farga Gesti\u00f3 d&#039;Equipaments Municipals, SA\",\"description\":\"\",\"publisher\":{\"@id\":\"https:\\\/\\\/www.lafarga.com\\\/corporatiu\\\/#organization\"},\"potentialAction\":[{\"@type\":\"SearchAction\",\"target\":{\"@type\":\"EntryPoint\",\"urlTemplate\":\"https:\\\/\\\/www.lafarga.com\\\/corporatiu\\\/?s={search_term_string}\"},\"query-input\":{\"@type\":\"PropertyValueSpecification\",\"valueRequired\":true,\"valueName\":\"search_term_string\"}}],\"inLanguage\":\"ca\"},{\"@type\":\"Organization\",\"@id\":\"https:\\\/\\\/www.lafarga.com\\\/corporatiu\\\/#organization\",\"name\":\"La Farga Gesti\u00f3 d&#039;Equipaments Municipals, SA\",\"url\":\"https:\\\/\\\/www.lafarga.com\\\/corporatiu\\\/\",\"logo\":{\"@type\":\"ImageObject\",\"inLanguage\":\"ca\",\"@id\":\"https:\\\/\\\/www.lafarga.com\\\/corporatiu\\\/#\\\/schema\\\/logo\\\/image\\\/\",\"url\":\"https:\\\/\\\/www.lafarga.com\\\/corporatiu\\\/wp-content\\\/uploads\\\/2023\\\/11\\\/logotipo_lafarga_gemsa.svg\",\"contentUrl\":\"https:\\\/\\\/www.lafarga.com\\\/corporatiu\\\/wp-content\\\/uploads\\\/2023\\\/11\\\/logotipo_lafarga_gemsa.svg\",\"width\":102,\"height\":103,\"caption\":\"La Farga Gesti\u00f3 d&#039;Equipaments Municipals, SA\"},\"image\":{\"@id\":\"https:\\\/\\\/www.lafarga.com\\\/corporatiu\\\/#\\\/schema\\\/logo\\\/image\\\/\"}},{\"@type\":\"Person\",\"@id\":\"https:\\\/\\\/www.lafarga.com\\\/corporatiu\\\/#\\\/schema\\\/person\\\/0ad4bc37b46f53e6b85ad51c2ac2d685\",\"name\":\"admfarga\",\"image\":{\"@type\":\"ImageObject\",\"inLanguage\":\"ca\",\"@id\":\"https:\\\/\\\/secure.gravatar.com\\\/avatar\\\/2a2db0975754ce87d41cab8623874e9e5ef5d0add52244aba02a09775feab5cb?s=96&d=mm&r=g\",\"url\":\"https:\\\/\\\/secure.gravatar.com\\\/avatar\\\/2a2db0975754ce87d41cab8623874e9e5ef5d0add52244aba02a09775feab5cb?s=96&d=mm&r=g\",\"contentUrl\":\"https:\\\/\\\/secure.gravatar.com\\\/avatar\\\/2a2db0975754ce87d41cab8623874e9e5ef5d0add52244aba02a09775feab5cb?s=96&d=mm&r=g\",\"caption\":\"admfarga\"},\"url\":\"https:\\\/\\\/www.lafarga.com\\\/corporatiu\\\/author\\\/admfarga\\\/\"}]}<\/script>\n<!-- \/ Yoast SEO plugin. -->","yoast_head_json":{"title":"Jos\u00e9 M. Garc\u00eda Mompel, nou president de La Farga GEMSA","description":"La Junta General, m\u00e0xim \u00f2rgan de govern de La Farga Gesti\u00f3 d\u2019Equipaments Municipals SA, ha escollit els 15 membres del Consell d\u2019Administraci\u00f3.","robots":{"index":"index","follow":"follow","max-snippet":"max-snippet:-1","max-image-preview":"max-image-preview:large","max-video-preview":"max-video-preview:-1"},"canonical":"https:\/\/www.lafarga.com\/corporatiu\/jose-m-garcia-mompel-nou-president-la-farga-gemsa\/","og_locale":"ca_ES","og_type":"article","og_title":"Jos\u00e9 M. Garc\u00eda Mompel, nou president de La Farga GEMSA","og_description":"La Junta General, m\u00e0xim \u00f2rgan de govern de La Farga Gesti\u00f3 d\u2019Equipaments Municipals SA, ha escollit els 15 membres del Consell d\u2019Administraci\u00f3.","og_url":"https:\/\/www.lafarga.com\/corporatiu\/jose-m-garcia-mompel-nou-president-la-farga-gemsa\/","og_site_name":"La Farga Gesti\u00f3n de Equipamientos Municipales, S.A.","article_published_time":"2015-07-03T10:13:23+00:00","article_modified_time":"2015-07-07T08:54:42+00:00","og_image":[{"width":730,"height":410,"url":"https:\/\/www.lafarga.com\/corporatiu\/wp-content\/uploads\/2015\/07\/ple-municipal-farga.jpg","type":"image\/jpeg"}],"author":"admfarga","twitter_misc":{"Escrit per":"admfarga","Temps estimat de lectura":"1 minut"},"schema":{"@context":"https:\/\/schema.org","@graph":[{"@type":"Article","@id":"https:\/\/www.lafarga.com\/corporatiu\/jose-m-garcia-mompel-nou-president-la-farga-gemsa\/#article","isPartOf":{"@id":"https:\/\/www.lafarga.com\/corporatiu\/jose-m-garcia-mompel-nou-president-la-farga-gemsa\/"},"author":{"name":"admfarga","@id":"https:\/\/www.lafarga.com\/corporatiu\/#\/schema\/person\/0ad4bc37b46f53e6b85ad51c2ac2d685"},"headline":"Jos\u00e9 M. Garc\u00eda Mompel, nou president de La Farga GEMSA","datePublished":"2015-07-03T10:13:23+00:00","dateModified":"2015-07-07T08:54:42+00:00","mainEntityOfPage":{"@id":"https:\/\/www.lafarga.com\/corporatiu\/jose-m-garcia-mompel-nou-president-la-farga-gemsa\/"},"wordCount":226,"publisher":{"@id":"https:\/\/www.lafarga.com\/corporatiu\/#organization"},"image":{"@id":"https:\/\/www.lafarga.com\/corporatiu\/jose-m-garcia-mompel-nou-president-la-farga-gemsa\/#primaryimage"},"thumbnailUrl":"https:\/\/www.lafarga.com\/corporatiu\/wp-content\/uploads\/2015\/07\/ple-municipal-farga.jpg","articleSection":["La Farga"],"inLanguage":"ca"},{"@type":"WebPage","@id":"https:\/\/www.lafarga.com\/corporatiu\/jose-m-garcia-mompel-nou-president-la-farga-gemsa\/","url":"https:\/\/www.lafarga.com\/corporatiu\/jose-m-garcia-mompel-nou-president-la-farga-gemsa\/","name":"Jos\u00e9 M. Garc\u00eda Mompel, nou president de La Farga GEMSA","isPartOf":{"@id":"https:\/\/www.lafarga.com\/corporatiu\/#website"},"primaryImageOfPage":{"@id":"https:\/\/www.lafarga.com\/corporatiu\/jose-m-garcia-mompel-nou-president-la-farga-gemsa\/#primaryimage"},"image":{"@id":"https:\/\/www.lafarga.com\/corporatiu\/jose-m-garcia-mompel-nou-president-la-farga-gemsa\/#primaryimage"},"thumbnailUrl":"https:\/\/www.lafarga.com\/corporatiu\/wp-content\/uploads\/2015\/07\/ple-municipal-farga.jpg","datePublished":"2015-07-03T10:13:23+00:00","dateModified":"2015-07-07T08:54:42+00:00","description":"La Junta General, m\u00e0xim \u00f2rgan de govern de La Farga Gesti\u00f3 d\u2019Equipaments Municipals SA, ha escollit els 15 membres del Consell d\u2019Administraci\u00f3.","breadcrumb":{"@id":"https:\/\/www.lafarga.com\/corporatiu\/jose-m-garcia-mompel-nou-president-la-farga-gemsa\/#breadcrumb"},"inLanguage":"ca","potentialAction":[{"@type":"ReadAction","target":["https:\/\/www.lafarga.com\/corporatiu\/jose-m-garcia-mompel-nou-president-la-farga-gemsa\/"]}]},{"@type":"ImageObject","inLanguage":"ca","@id":"https:\/\/www.lafarga.com\/corporatiu\/jose-m-garcia-mompel-nou-president-la-farga-gemsa\/#primaryimage","url":"https:\/\/www.lafarga.com\/corporatiu\/wp-content\/uploads\/2015\/07\/ple-municipal-farga.jpg","contentUrl":"https:\/\/www.lafarga.com\/corporatiu\/wp-content\/uploads\/2015\/07\/ple-municipal-farga.jpg","width":730,"height":410},{"@type":"BreadcrumbList","@id":"https:\/\/www.lafarga.com\/corporatiu\/jose-m-garcia-mompel-nou-president-la-farga-gemsa\/#breadcrumb","itemListElement":[{"@type":"ListItem","position":1,"name":"Home","item":"https:\/\/www.lafarga.com\/corporatiu\/lafarga-hospitalet-llobregat\/"},{"@type":"ListItem","position":2,"name":"Jos\u00e9 M. Garc\u00eda Mompel, nou president de La Farga GEMSA"}]},{"@type":"WebSite","@id":"https:\/\/www.lafarga.com\/corporatiu\/#website","url":"https:\/\/www.lafarga.com\/corporatiu\/","name":"La Farga Gesti\u00f3 d&#039;Equipaments Municipals, SA","description":"","publisher":{"@id":"https:\/\/www.lafarga.com\/corporatiu\/#organization"},"potentialAction":[{"@type":"SearchAction","target":{"@type":"EntryPoint","urlTemplate":"https:\/\/www.lafarga.com\/corporatiu\/?s={search_term_string}"},"query-input":{"@type":"PropertyValueSpecification","valueRequired":true,"valueName":"search_term_string"}}],"inLanguage":"ca"},{"@type":"Organization","@id":"https:\/\/www.lafarga.com\/corporatiu\/#organization","name":"La Farga Gesti\u00f3 d&#039;Equipaments Municipals, SA","url":"https:\/\/www.lafarga.com\/corporatiu\/","logo":{"@type":"ImageObject","inLanguage":"ca","@id":"https:\/\/www.lafarga.com\/corporatiu\/#\/schema\/logo\/image\/","url":"https:\/\/www.lafarga.com\/corporatiu\/wp-content\/uploads\/2023\/11\/logotipo_lafarga_gemsa.svg","contentUrl":"https:\/\/www.lafarga.com\/corporatiu\/wp-content\/uploads\/2023\/11\/logotipo_lafarga_gemsa.svg","width":102,"height":103,"caption":"La Farga Gesti\u00f3 d&#039;Equipaments Municipals, SA"},"image":{"@id":"https:\/\/www.lafarga.com\/corporatiu\/#\/schema\/logo\/image\/"}},{"@type":"Person","@id":"https:\/\/www.lafarga.com\/corporatiu\/#\/schema\/person\/0ad4bc37b46f53e6b85ad51c2ac2d685","name":"admfarga","image":{"@type":"ImageObject","inLanguage":"ca","@id":"https:\/\/secure.gravatar.com\/avatar\/2a2db0975754ce87d41cab8623874e9e5ef5d0add52244aba02a09775feab5cb?s=96&d=mm&r=g","url":"https:\/\/secure.gravatar.com\/avatar\/2a2db0975754ce87d41cab8623874e9e5ef5d0add52244aba02a09775feab5cb?s=96&d=mm&r=g","contentUrl":"https:\/\/secure.gravatar.com\/avatar\/2a2db0975754ce87d41cab8623874e9e5ef5d0add52244aba02a09775feab5cb?s=96&d=mm&r=g","caption":"admfarga"},"url":"https:\/\/www.lafarga.com\/corporatiu\/author\/admfarga\/"}]}},"uagb_featured_image_src":{"full":["https:\/\/www.lafarga.com\/corporatiu\/wp-content\/uploads\/2015\/07\/ple-municipal-farga.jpg",730,410,false],"thumbnail":["https:\/\/www.lafarga.com\/corporatiu\/wp-content\/uploads\/2015\/07\/ple-municipal-farga-150x150.jpg",150,150,true],"medium":["https:\/\/www.lafarga.com\/corporatiu\/wp-content\/uploads\/2015\/07\/ple-municipal-farga-300x168.jpg",300,168,true],"medium_large":["https:\/\/www.lafarga.com\/corporatiu\/wp-content\/uploads\/2015\/07\/ple-municipal-farga.jpg",730,410,false],"large":["https:\/\/www.lafarga.com\/corporatiu\/wp-content\/uploads\/2015\/07\/ple-municipal-farga.jpg",730,410,false],"1536x1536":["https:\/\/www.lafarga.com\/corporatiu\/wp-content\/uploads\/2015\/07\/ple-municipal-farga.jpg",730,410,false],"2048x2048":["https:\/\/www.lafarga.com\/corporatiu\/wp-content\/uploads\/2015\/07\/ple-municipal-farga.jpg",730,410,false],"mailpoet_newsletter_max":["https:\/\/www.lafarga.com\/corporatiu\/wp-content\/uploads\/2015\/07\/ple-municipal-farga.jpg",730,410,false]},"uagb_author_info":{"display_name":"admfarga","author_link":"https:\/\/www.lafarga.com\/corporatiu\/author\/admfarga\/"},"uagb_comment_info":0,"uagb_excerpt":"La Junta General, m\u00e0xim \u00f2rgan de govern de La Farga Gesti\u00f3 d\u2019Equipaments Municipals SA, reunida en sessi\u00f3 plen\u00e0ria aquest dijous 2 de juliol de 2015, ha escollit els 15 membres del Consell d\u2019Administraci\u00f3 d\u2019aquesta societat municipal per al present mandat. El nou president \u00e9s Jos\u00e9 Mar\u00eda Garc\u00eda Mompel, tinent d\u2019alcalde de Promoci\u00f3 Econ\u00f2mica i Ocupaci\u00f3.","_links":{"self":[{"href":"https:\/\/www.lafarga.com\/corporatiu\/wp-json\/wp\/v2\/posts\/4707","targetHints":{"allow":["GET"]}}],"collection":[{"href":"https:\/\/www.lafarga.com\/corporatiu\/wp-json\/wp\/v2\/posts"}],"about":[{"href":"https:\/\/www.lafarga.com\/corporatiu\/wp-json\/wp\/v2\/types\/post"}],"author":[{"embeddable":true,"href":"https:\/\/www.lafarga.com\/corporatiu\/wp-json\/wp\/v2\/users\/8"}],"replies":[{"embeddable":true,"href":"https:\/\/www.lafarga.com\/corporatiu\/wp-json\/wp\/v2\/comments?post=4707"}],"version-history":[{"count":5,"href":"https:\/\/www.lafarga.com\/corporatiu\/wp-json\/wp\/v2\/posts\/4707\/revisions"}],"predecessor-version":[{"id":4765,"href":"https:\/\/www.lafarga.com\/corporatiu\/wp-json\/wp\/v2\/posts\/4707\/revisions\/4765"}],"wp:featuredmedia":[{"embeddable":true,"href":"https:\/\/www.lafarga.com\/corporatiu\/wp-json\/wp\/v2\/media\/4708"}],"wp:attachment":[{"href":"https:\/\/www.lafarga.com\/corporatiu\/wp-json\/wp\/v2\/media?parent=4707"}],"wp:term":[{"taxonomy":"category","embeddable":true,"href":"https:\/\/www.lafarga.com\/corporatiu\/wp-json\/wp\/v2\/categories?post=4707"},{"taxonomy":"post_tag","embeddable":true,"href":"https:\/\/www.lafarga.com\/corporatiu\/wp-json\/wp\/v2\/tags?post=4707"}],"curies":[{"name":"wp","href":"https:\/\/api.w.org\/{rel}","templated":true}]}}