{"id":4449,"date":"2015-06-11T10:48:16","date_gmt":"2015-06-11T10:48:16","guid":{"rendered":"http:\/\/www.lafarga.com\/corporatiu\/?p=4449"},"modified":"2015-06-11T11:05:37","modified_gmt":"2015-06-11T11:05:37","slug":"festa-diversitat-torre-barrina","status":"publish","type":"post","link":"https:\/\/www.lafarga.com\/corporatiu\/festa-diversitat-torre-barrina\/","title":{"rendered":"La Festa de la Diversitat, tamb\u00e9 a Torre Barrina"},"content":{"rendered":"<p><a href=\"http:\/\/www.torrebarrina.cat\/\" target=\"_blank\">Torre Barrina, Centre Municipal de Creaci\u00f3 Multim\u00e8dia de L&#8217;Hospitalet<\/a>\u00a0organitza una de les activitats de la Festa de la Diversitat d&#8217;aquest diumenge 14 de Juny, al Parc de la Marquesa.<\/p>\n<p>La <a href=\"http:\/\/www.l-h.cat\/utils\/obreFitxer.ashx?Fw9EVw48XS4uImXMe3zqcGFUFoO9EnGe7DDpNoxCMHWkPKczXwHju4sGdtW7hZ5h\" target=\"_blank\">Comissi\u00f3 de Festes de Collblanc-la Torrassa<\/a>\u00a0celebra la vint-i-unena edici\u00f3 d\u2019una Festa que t\u00e9 com a principal objectiu mostrar i estimar la cultura plural de la nostra societat.\u00a0Per tercer any consecutiu, Torre Barrina acollir\u00e0 \u2018L\u2019Espai de Debats\u2019 amb els seg\u00fcents continguts:<\/p>\n<ul>\n<li>10:15 hores. Taula rodona: \u201cConseq\u00fc\u00e8ncies de la Llei Mordassa\u201d a c\u00e0rrec de la JOC, AMPA Escola Ernest Lluch, AE\u2019LH, AVV Collblanc-la Torrassa, Mujeres Pa\u2019lante, Asociaci\u00f3n Promotora Nuevo Per\u00fa, Asociaci\u00f3n Violeta contra la violencia de g\u00e9nero, PAH de L\u2019H i Xarxa Groga, Unitat Contra el feixisme i la xenof\u00f2bia.<\/li>\n<li>12.30 hores. Xerrada \u201cLa Alimentaci\u00f3 Saludable\u201d a c\u00e0rrec de la Creu Roja de L\u2019Hospitalet.<\/li>\n<li>13.30 hores. Projecci\u00f3 del film \u201cVencidxs\u201d a c\u00e0rrec de UCFR-L\u2019H i AE\u2019LH.<\/li>\n<li>17.00 hores. Passi Documental i Xerrada: \u201cApuesta POR LA CONVIV\u00c8NCIA\u201d a c\u00e0rrec de Mujeres Pa\u2019lante.<\/li>\n<li>18.00 hores. Exposici\u00f3 fotogr\u00e0fica \u201cMem\u00f2ria del barri\u201d creada per Punt Omnia JIS-Arrels.<\/li>\n<li>18.30 hores. Passi de mini pelis sobre el reciclatge. ALEX Y ROBIX \u201cLa nueva vida de los envases\u201c. ALEX Y ROBIX \u201cAventuras en la planta de separaci\u00f3n de envases\u201c. ALEX Y ROBIX \u201cEl show de los envases\u201c. A c\u00e0rrec AMPA Escola la Casa del Parc.<\/li>\n<li>19.00 hores. Projecci\u00f3 del v\u00eddeo \u201cEl poble Saharau\u00ed\u201d i el Projecte de \u201cVacances en Pau\u201c a c\u00e0rrec de L\u2019H amb el S\u00e0hara.<\/li>\n<\/ul>\n","protected":false},"excerpt":{"rendered":"<p>Torre Barrina, Centre Municipal de Creaci\u00f3 Multim\u00e8dia de L&#8217;Hospitalet organitza una de les activitats de la Festa de la Diversitat d&#8217;aquest diumenge 14 de Juny, al Parc de la Marquesa. La Comissi\u00f3 de Festes de Collblanc\u2013la Torrassa celebra la vint-i-unena edici\u00f3 d\u2019una Festa que t\u00e9 com a principal objectiu mostrar i estimar la cultura plural de la nostra societat.<\/p>\n","protected":false},"author":8,"featured_media":4450,"comment_status":"closed","ping_status":"closed","sticky":false,"template":"","format":"standard","meta":{"inline_featured_image":false,"_uag_custom_page_level_css":"","_monsterinsights_skip_tracking":false,"_monsterinsights_sitenote_active":false,"_monsterinsights_sitenote_note":"","_monsterinsights_sitenote_category":0,"site-sidebar-layout":"default","site-content-layout":"","ast-site-content-layout":"default","site-content-style":"default","site-sidebar-style":"default","ast-global-header-display":"","ast-banner-title-visibility":"","ast-main-header-display":"","ast-hfb-above-header-display":"","ast-hfb-below-header-display":"","ast-hfb-mobile-header-display":"","site-post-title":"","ast-breadcrumbs-content":"","ast-featured-img":"","footer-sml-layout":"","ast-disable-related-posts":"","theme-transparent-header-meta":"","adv-header-id-meta":"","stick-header-meta":"","header-above-stick-meta":"","header-main-stick-meta":"","header-below-stick-meta":"","astra-migrate-meta-layouts":"default","ast-page-background-enabled":"default","ast-page-background-meta":{"desktop":{"background-color":"var(--ast-global-color-4)","background-image":"","background-repeat":"repeat","background-position":"center center","background-size":"auto","background-attachment":"scroll","background-type":"","background-media":"","overlay-type":"","overlay-color":"","overlay-opacity":"","overlay-gradient":""},"tablet":{"background-color":"","background-image":"","background-repeat":"repeat","background-position":"center center","background-size":"auto","background-attachment":"scroll","background-type":"","background-media":"","overlay-type":"","overlay-color":"","overlay-opacity":"","overlay-gradient":""},"mobile":{"background-color":"","background-image":"","background-repeat":"repeat","background-position":"center center","background-size":"auto","background-attachment":"scroll","background-type":"","background-media":"","overlay-type":"","overlay-color":"","overlay-opacity":"","overlay-gradient":""}},"ast-content-background-meta":{"desktop":{"background-color":"var(--ast-global-color-5)","background-image":"","background-repeat":"repeat","background-position":"center center","background-size":"auto","background-attachment":"scroll","background-type":"","background-media":"","overlay-type":"","overlay-color":"","overlay-opacity":"","overlay-gradient":""},"tablet":{"background-color":"var(--ast-global-color-5)","background-image":"","background-repeat":"repeat","background-position":"center center","background-size":"auto","background-attachment":"scroll","background-type":"","background-media":"","overlay-type":"","overlay-color":"","overlay-opacity":"","overlay-gradient":""},"mobile":{"background-color":"var(--ast-global-color-5)","background-image":"","background-repeat":"repeat","background-position":"center center","background-size":"auto","background-attachment":"scroll","background-type":"","background-media":"","overlay-type":"","overlay-color":"","overlay-opacity":"","overlay-gradient":""}},"footnotes":""},"categories":[57],"tags":[],"class_list":["post-4449","post","type-post","status-publish","format-standard","has-post-thumbnail","hentry","category-torre-barrina"],"yoast_head":"<!-- This site is optimized with the Yoast SEO plugin v27.4 - https:\/\/yoast.com\/product\/yoast-seo-wordpress\/ -->\n<title>La Festa de la Diversitat, tamb\u00e9 a Torre Barrina - La Farga Gesti\u00f3n de Equipamientos Municipales, S.A.<\/title>\n<meta name=\"robots\" content=\"index, follow, max-snippet:-1, max-image-preview:large, max-video-preview:-1\" \/>\n<link rel=\"canonical\" href=\"https:\/\/www.lafarga.com\/corporatiu\/festa-diversitat-torre-barrina\/\" \/>\n<meta property=\"og:locale\" content=\"ca_ES\" \/>\n<meta property=\"og:type\" content=\"article\" \/>\n<meta property=\"og:title\" content=\"La Festa de la Diversitat, tamb\u00e9 a Torre Barrina - La Farga Gesti\u00f3n de Equipamientos Municipales, S.A.\" \/>\n<meta property=\"og:description\" content=\"Torre Barrina, Centre Municipal de Creaci\u00f3 Multim\u00e8dia de L&#039;Hospitalet organitza una de les activitats de la Festa de la Diversitat d&#039;aquest diumenge 14 de Juny, al Parc de la Marquesa. La Comissi\u00f3 de Festes de Collblanc\u2013la Torrassa celebra la vint-i-unena edici\u00f3 d\u2019una Festa que t\u00e9 com a principal objectiu mostrar i estimar la cultura plural de la nostra societat.\" \/>\n<meta property=\"og:url\" content=\"https:\/\/www.lafarga.com\/corporatiu\/festa-diversitat-torre-barrina\/\" \/>\n<meta property=\"og:site_name\" content=\"La Farga Gesti\u00f3n de Equipamientos Municipales, S.A.\" \/>\n<meta property=\"article:published_time\" content=\"2015-06-11T10:48:16+00:00\" \/>\n<meta property=\"article:modified_time\" content=\"2015-06-11T11:05:37+00:00\" \/>\n<meta property=\"og:image\" content=\"https:\/\/www.lafarga.com\/corporatiu\/wp-content\/uploads\/2015\/06\/Torre-Barrina-farga1.jpg\" \/>\n\t<meta property=\"og:image:width\" content=\"730\" \/>\n\t<meta property=\"og:image:height\" content=\"410\" \/>\n\t<meta property=\"og:image:type\" content=\"image\/jpeg\" \/>\n<meta name=\"author\" content=\"admfarga\" \/>\n<meta name=\"twitter:label1\" content=\"Escrit per\" \/>\n\t<meta name=\"twitter:data1\" content=\"admfarga\" \/>\n\t<meta name=\"twitter:label2\" content=\"Temps estimat de lectura\" \/>\n\t<meta name=\"twitter:data2\" content=\"1 minut\" \/>\n<script type=\"application\/ld+json\" class=\"yoast-schema-graph\">{\"@context\":\"https:\\\/\\\/schema.org\",\"@graph\":[{\"@type\":\"Article\",\"@id\":\"https:\\\/\\\/www.lafarga.com\\\/corporatiu\\\/festa-diversitat-torre-barrina\\\/#article\",\"isPartOf\":{\"@id\":\"https:\\\/\\\/www.lafarga.com\\\/corporatiu\\\/festa-diversitat-torre-barrina\\\/\"},\"author\":{\"name\":\"admfarga\",\"@id\":\"https:\\\/\\\/www.lafarga.com\\\/corporatiu\\\/#\\\/schema\\\/person\\\/0ad4bc37b46f53e6b85ad51c2ac2d685\"},\"headline\":\"La Festa de la Diversitat, tamb\u00e9 a Torre Barrina\",\"datePublished\":\"2015-06-11T10:48:16+00:00\",\"dateModified\":\"2015-06-11T11:05:37+00:00\",\"mainEntityOfPage\":{\"@id\":\"https:\\\/\\\/www.lafarga.com\\\/corporatiu\\\/festa-diversitat-torre-barrina\\\/\"},\"wordCount\":273,\"publisher\":{\"@id\":\"https:\\\/\\\/www.lafarga.com\\\/corporatiu\\\/#organization\"},\"image\":{\"@id\":\"https:\\\/\\\/www.lafarga.com\\\/corporatiu\\\/festa-diversitat-torre-barrina\\\/#primaryimage\"},\"thumbnailUrl\":\"https:\\\/\\\/www.lafarga.com\\\/corporatiu\\\/wp-content\\\/uploads\\\/2015\\\/06\\\/Torre-Barrina-farga1.jpg\",\"articleSection\":[\"Torre Barrina\"],\"inLanguage\":\"ca\"},{\"@type\":\"WebPage\",\"@id\":\"https:\\\/\\\/www.lafarga.com\\\/corporatiu\\\/festa-diversitat-torre-barrina\\\/\",\"url\":\"https:\\\/\\\/www.lafarga.com\\\/corporatiu\\\/festa-diversitat-torre-barrina\\\/\",\"name\":\"La Festa de la Diversitat, tamb\u00e9 a Torre Barrina - La Farga Gesti\u00f3n de Equipamientos Municipales, S.A.\",\"isPartOf\":{\"@id\":\"https:\\\/\\\/www.lafarga.com\\\/corporatiu\\\/#website\"},\"primaryImageOfPage\":{\"@id\":\"https:\\\/\\\/www.lafarga.com\\\/corporatiu\\\/festa-diversitat-torre-barrina\\\/#primaryimage\"},\"image\":{\"@id\":\"https:\\\/\\\/www.lafarga.com\\\/corporatiu\\\/festa-diversitat-torre-barrina\\\/#primaryimage\"},\"thumbnailUrl\":\"https:\\\/\\\/www.lafarga.com\\\/corporatiu\\\/wp-content\\\/uploads\\\/2015\\\/06\\\/Torre-Barrina-farga1.jpg\",\"datePublished\":\"2015-06-11T10:48:16+00:00\",\"dateModified\":\"2015-06-11T11:05:37+00:00\",\"breadcrumb\":{\"@id\":\"https:\\\/\\\/www.lafarga.com\\\/corporatiu\\\/festa-diversitat-torre-barrina\\\/#breadcrumb\"},\"inLanguage\":\"ca\",\"potentialAction\":[{\"@type\":\"ReadAction\",\"target\":[\"https:\\\/\\\/www.lafarga.com\\\/corporatiu\\\/festa-diversitat-torre-barrina\\\/\"]}]},{\"@type\":\"ImageObject\",\"inLanguage\":\"ca\",\"@id\":\"https:\\\/\\\/www.lafarga.com\\\/corporatiu\\\/festa-diversitat-torre-barrina\\\/#primaryimage\",\"url\":\"https:\\\/\\\/www.lafarga.com\\\/corporatiu\\\/wp-content\\\/uploads\\\/2015\\\/06\\\/Torre-Barrina-farga1.jpg\",\"contentUrl\":\"https:\\\/\\\/www.lafarga.com\\\/corporatiu\\\/wp-content\\\/uploads\\\/2015\\\/06\\\/Torre-Barrina-farga1.jpg\",\"width\":730,\"height\":410,\"caption\":\"Torre Barrina\"},{\"@type\":\"BreadcrumbList\",\"@id\":\"https:\\\/\\\/www.lafarga.com\\\/corporatiu\\\/festa-diversitat-torre-barrina\\\/#breadcrumb\",\"itemListElement\":[{\"@type\":\"ListItem\",\"position\":1,\"name\":\"Home\",\"item\":\"https:\\\/\\\/www.lafarga.com\\\/corporatiu\\\/lafarga-hospitalet-llobregat\\\/\"},{\"@type\":\"ListItem\",\"position\":2,\"name\":\"La Festa de la Diversitat, tamb\u00e9 a Torre Barrina\"}]},{\"@type\":\"WebSite\",\"@id\":\"https:\\\/\\\/www.lafarga.com\\\/corporatiu\\\/#website\",\"url\":\"https:\\\/\\\/www.lafarga.com\\\/corporatiu\\\/\",\"name\":\"La Farga Gesti\u00f3 d&#039;Equipaments Municipals, SA\",\"description\":\"\",\"publisher\":{\"@id\":\"https:\\\/\\\/www.lafarga.com\\\/corporatiu\\\/#organization\"},\"potentialAction\":[{\"@type\":\"SearchAction\",\"target\":{\"@type\":\"EntryPoint\",\"urlTemplate\":\"https:\\\/\\\/www.lafarga.com\\\/corporatiu\\\/?s={search_term_string}\"},\"query-input\":{\"@type\":\"PropertyValueSpecification\",\"valueRequired\":true,\"valueName\":\"search_term_string\"}}],\"inLanguage\":\"ca\"},{\"@type\":\"Organization\",\"@id\":\"https:\\\/\\\/www.lafarga.com\\\/corporatiu\\\/#organization\",\"name\":\"La Farga Gesti\u00f3 d&#039;Equipaments Municipals, SA\",\"url\":\"https:\\\/\\\/www.lafarga.com\\\/corporatiu\\\/\",\"logo\":{\"@type\":\"ImageObject\",\"inLanguage\":\"ca\",\"@id\":\"https:\\\/\\\/www.lafarga.com\\\/corporatiu\\\/#\\\/schema\\\/logo\\\/image\\\/\",\"url\":\"https:\\\/\\\/www.lafarga.com\\\/corporatiu\\\/wp-content\\\/uploads\\\/2023\\\/11\\\/logotipo_lafarga_gemsa.svg\",\"contentUrl\":\"https:\\\/\\\/www.lafarga.com\\\/corporatiu\\\/wp-content\\\/uploads\\\/2023\\\/11\\\/logotipo_lafarga_gemsa.svg\",\"width\":102,\"height\":103,\"caption\":\"La Farga Gesti\u00f3 d&#039;Equipaments Municipals, SA\"},\"image\":{\"@id\":\"https:\\\/\\\/www.lafarga.com\\\/corporatiu\\\/#\\\/schema\\\/logo\\\/image\\\/\"}},{\"@type\":\"Person\",\"@id\":\"https:\\\/\\\/www.lafarga.com\\\/corporatiu\\\/#\\\/schema\\\/person\\\/0ad4bc37b46f53e6b85ad51c2ac2d685\",\"name\":\"admfarga\",\"image\":{\"@type\":\"ImageObject\",\"inLanguage\":\"ca\",\"@id\":\"https:\\\/\\\/secure.gravatar.com\\\/avatar\\\/2a2db0975754ce87d41cab8623874e9e5ef5d0add52244aba02a09775feab5cb?s=96&d=mm&r=g\",\"url\":\"https:\\\/\\\/secure.gravatar.com\\\/avatar\\\/2a2db0975754ce87d41cab8623874e9e5ef5d0add52244aba02a09775feab5cb?s=96&d=mm&r=g\",\"contentUrl\":\"https:\\\/\\\/secure.gravatar.com\\\/avatar\\\/2a2db0975754ce87d41cab8623874e9e5ef5d0add52244aba02a09775feab5cb?s=96&d=mm&r=g\",\"caption\":\"admfarga\"},\"url\":\"https:\\\/\\\/www.lafarga.com\\\/corporatiu\\\/author\\\/admfarga\\\/\"}]}<\/script>\n<!-- \/ Yoast SEO plugin. -->","yoast_head_json":{"title":"La Festa de la Diversitat, tamb\u00e9 a Torre Barrina - La Farga Gesti\u00f3n de Equipamientos Municipales, S.A.","robots":{"index":"index","follow":"follow","max-snippet":"max-snippet:-1","max-image-preview":"max-image-preview:large","max-video-preview":"max-video-preview:-1"},"canonical":"https:\/\/www.lafarga.com\/corporatiu\/festa-diversitat-torre-barrina\/","og_locale":"ca_ES","og_type":"article","og_title":"La Festa de la Diversitat, tamb\u00e9 a Torre Barrina - La Farga Gesti\u00f3n de Equipamientos Municipales, S.A.","og_description":"Torre Barrina, Centre Municipal de Creaci\u00f3 Multim\u00e8dia de L'Hospitalet organitza una de les activitats de la Festa de la Diversitat d'aquest diumenge 14 de Juny, al Parc de la Marquesa. La Comissi\u00f3 de Festes de Collblanc\u2013la Torrassa celebra la vint-i-unena edici\u00f3 d\u2019una Festa que t\u00e9 com a principal objectiu mostrar i estimar la cultura plural de la nostra societat.","og_url":"https:\/\/www.lafarga.com\/corporatiu\/festa-diversitat-torre-barrina\/","og_site_name":"La Farga Gesti\u00f3n de Equipamientos Municipales, S.A.","article_published_time":"2015-06-11T10:48:16+00:00","article_modified_time":"2015-06-11T11:05:37+00:00","og_image":[{"width":730,"height":410,"url":"https:\/\/www.lafarga.com\/corporatiu\/wp-content\/uploads\/2015\/06\/Torre-Barrina-farga1.jpg","type":"image\/jpeg"}],"author":"admfarga","twitter_misc":{"Escrit per":"admfarga","Temps estimat de lectura":"1 minut"},"schema":{"@context":"https:\/\/schema.org","@graph":[{"@type":"Article","@id":"https:\/\/www.lafarga.com\/corporatiu\/festa-diversitat-torre-barrina\/#article","isPartOf":{"@id":"https:\/\/www.lafarga.com\/corporatiu\/festa-diversitat-torre-barrina\/"},"author":{"name":"admfarga","@id":"https:\/\/www.lafarga.com\/corporatiu\/#\/schema\/person\/0ad4bc37b46f53e6b85ad51c2ac2d685"},"headline":"La Festa de la Diversitat, tamb\u00e9 a Torre Barrina","datePublished":"2015-06-11T10:48:16+00:00","dateModified":"2015-06-11T11:05:37+00:00","mainEntityOfPage":{"@id":"https:\/\/www.lafarga.com\/corporatiu\/festa-diversitat-torre-barrina\/"},"wordCount":273,"publisher":{"@id":"https:\/\/www.lafarga.com\/corporatiu\/#organization"},"image":{"@id":"https:\/\/www.lafarga.com\/corporatiu\/festa-diversitat-torre-barrina\/#primaryimage"},"thumbnailUrl":"https:\/\/www.lafarga.com\/corporatiu\/wp-content\/uploads\/2015\/06\/Torre-Barrina-farga1.jpg","articleSection":["Torre Barrina"],"inLanguage":"ca"},{"@type":"WebPage","@id":"https:\/\/www.lafarga.com\/corporatiu\/festa-diversitat-torre-barrina\/","url":"https:\/\/www.lafarga.com\/corporatiu\/festa-diversitat-torre-barrina\/","name":"La Festa de la Diversitat, tamb\u00e9 a Torre Barrina - La Farga Gesti\u00f3n de Equipamientos Municipales, S.A.","isPartOf":{"@id":"https:\/\/www.lafarga.com\/corporatiu\/#website"},"primaryImageOfPage":{"@id":"https:\/\/www.lafarga.com\/corporatiu\/festa-diversitat-torre-barrina\/#primaryimage"},"image":{"@id":"https:\/\/www.lafarga.com\/corporatiu\/festa-diversitat-torre-barrina\/#primaryimage"},"thumbnailUrl":"https:\/\/www.lafarga.com\/corporatiu\/wp-content\/uploads\/2015\/06\/Torre-Barrina-farga1.jpg","datePublished":"2015-06-11T10:48:16+00:00","dateModified":"2015-06-11T11:05:37+00:00","breadcrumb":{"@id":"https:\/\/www.lafarga.com\/corporatiu\/festa-diversitat-torre-barrina\/#breadcrumb"},"inLanguage":"ca","potentialAction":[{"@type":"ReadAction","target":["https:\/\/www.lafarga.com\/corporatiu\/festa-diversitat-torre-barrina\/"]}]},{"@type":"ImageObject","inLanguage":"ca","@id":"https:\/\/www.lafarga.com\/corporatiu\/festa-diversitat-torre-barrina\/#primaryimage","url":"https:\/\/www.lafarga.com\/corporatiu\/wp-content\/uploads\/2015\/06\/Torre-Barrina-farga1.jpg","contentUrl":"https:\/\/www.lafarga.com\/corporatiu\/wp-content\/uploads\/2015\/06\/Torre-Barrina-farga1.jpg","width":730,"height":410,"caption":"Torre Barrina"},{"@type":"BreadcrumbList","@id":"https:\/\/www.lafarga.com\/corporatiu\/festa-diversitat-torre-barrina\/#breadcrumb","itemListElement":[{"@type":"ListItem","position":1,"name":"Home","item":"https:\/\/www.lafarga.com\/corporatiu\/lafarga-hospitalet-llobregat\/"},{"@type":"ListItem","position":2,"name":"La Festa de la Diversitat, tamb\u00e9 a Torre Barrina"}]},{"@type":"WebSite","@id":"https:\/\/www.lafarga.com\/corporatiu\/#website","url":"https:\/\/www.lafarga.com\/corporatiu\/","name":"La Farga Gesti\u00f3 d&#039;Equipaments Municipals, SA","description":"","publisher":{"@id":"https:\/\/www.lafarga.com\/corporatiu\/#organization"},"potentialAction":[{"@type":"SearchAction","target":{"@type":"EntryPoint","urlTemplate":"https:\/\/www.lafarga.com\/corporatiu\/?s={search_term_string}"},"query-input":{"@type":"PropertyValueSpecification","valueRequired":true,"valueName":"search_term_string"}}],"inLanguage":"ca"},{"@type":"Organization","@id":"https:\/\/www.lafarga.com\/corporatiu\/#organization","name":"La Farga Gesti\u00f3 d&#039;Equipaments Municipals, SA","url":"https:\/\/www.lafarga.com\/corporatiu\/","logo":{"@type":"ImageObject","inLanguage":"ca","@id":"https:\/\/www.lafarga.com\/corporatiu\/#\/schema\/logo\/image\/","url":"https:\/\/www.lafarga.com\/corporatiu\/wp-content\/uploads\/2023\/11\/logotipo_lafarga_gemsa.svg","contentUrl":"https:\/\/www.lafarga.com\/corporatiu\/wp-content\/uploads\/2023\/11\/logotipo_lafarga_gemsa.svg","width":102,"height":103,"caption":"La Farga Gesti\u00f3 d&#039;Equipaments Municipals, SA"},"image":{"@id":"https:\/\/www.lafarga.com\/corporatiu\/#\/schema\/logo\/image\/"}},{"@type":"Person","@id":"https:\/\/www.lafarga.com\/corporatiu\/#\/schema\/person\/0ad4bc37b46f53e6b85ad51c2ac2d685","name":"admfarga","image":{"@type":"ImageObject","inLanguage":"ca","@id":"https:\/\/secure.gravatar.com\/avatar\/2a2db0975754ce87d41cab8623874e9e5ef5d0add52244aba02a09775feab5cb?s=96&d=mm&r=g","url":"https:\/\/secure.gravatar.com\/avatar\/2a2db0975754ce87d41cab8623874e9e5ef5d0add52244aba02a09775feab5cb?s=96&d=mm&r=g","contentUrl":"https:\/\/secure.gravatar.com\/avatar\/2a2db0975754ce87d41cab8623874e9e5ef5d0add52244aba02a09775feab5cb?s=96&d=mm&r=g","caption":"admfarga"},"url":"https:\/\/www.lafarga.com\/corporatiu\/author\/admfarga\/"}]}},"uagb_featured_image_src":{"full":["https:\/\/www.lafarga.com\/corporatiu\/wp-content\/uploads\/2015\/06\/Torre-Barrina-farga1.jpg",730,410,false],"thumbnail":["https:\/\/www.lafarga.com\/corporatiu\/wp-content\/uploads\/2015\/06\/Torre-Barrina-farga1-150x150.jpg",150,150,true],"medium":["https:\/\/www.lafarga.com\/corporatiu\/wp-content\/uploads\/2015\/06\/Torre-Barrina-farga1-300x168.jpg",300,168,true],"medium_large":["https:\/\/www.lafarga.com\/corporatiu\/wp-content\/uploads\/2015\/06\/Torre-Barrina-farga1.jpg",730,410,false],"large":["https:\/\/www.lafarga.com\/corporatiu\/wp-content\/uploads\/2015\/06\/Torre-Barrina-farga1.jpg",730,410,false],"1536x1536":["https:\/\/www.lafarga.com\/corporatiu\/wp-content\/uploads\/2015\/06\/Torre-Barrina-farga1.jpg",730,410,false],"2048x2048":["https:\/\/www.lafarga.com\/corporatiu\/wp-content\/uploads\/2015\/06\/Torre-Barrina-farga1.jpg",730,410,false],"mailpoet_newsletter_max":["https:\/\/www.lafarga.com\/corporatiu\/wp-content\/uploads\/2015\/06\/Torre-Barrina-farga1.jpg",730,410,false]},"uagb_author_info":{"display_name":"admfarga","author_link":"https:\/\/www.lafarga.com\/corporatiu\/author\/admfarga\/"},"uagb_comment_info":0,"uagb_excerpt":"Torre Barrina, Centre Municipal de Creaci\u00f3 Multim\u00e8dia de L'Hospitalet organitza una de les activitats de la Festa de la Diversitat d'aquest diumenge 14 de Juny, al Parc de la Marquesa. La Comissi\u00f3 de Festes de Collblanc\u2013la Torrassa celebra la vint-i-unena edici\u00f3 d\u2019una Festa que t\u00e9 com a principal objectiu mostrar i estimar la cultura plural&hellip;","_links":{"self":[{"href":"https:\/\/www.lafarga.com\/corporatiu\/wp-json\/wp\/v2\/posts\/4449","targetHints":{"allow":["GET"]}}],"collection":[{"href":"https:\/\/www.lafarga.com\/corporatiu\/wp-json\/wp\/v2\/posts"}],"about":[{"href":"https:\/\/www.lafarga.com\/corporatiu\/wp-json\/wp\/v2\/types\/post"}],"author":[{"embeddable":true,"href":"https:\/\/www.lafarga.com\/corporatiu\/wp-json\/wp\/v2\/users\/8"}],"replies":[{"embeddable":true,"href":"https:\/\/www.lafarga.com\/corporatiu\/wp-json\/wp\/v2\/comments?post=4449"}],"version-history":[{"count":9,"href":"https:\/\/www.lafarga.com\/corporatiu\/wp-json\/wp\/v2\/posts\/4449\/revisions"}],"predecessor-version":[{"id":4465,"href":"https:\/\/www.lafarga.com\/corporatiu\/wp-json\/wp\/v2\/posts\/4449\/revisions\/4465"}],"wp:featuredmedia":[{"embeddable":true,"href":"https:\/\/www.lafarga.com\/corporatiu\/wp-json\/wp\/v2\/media\/4450"}],"wp:attachment":[{"href":"https:\/\/www.lafarga.com\/corporatiu\/wp-json\/wp\/v2\/media?parent=4449"}],"wp:term":[{"taxonomy":"category","embeddable":true,"href":"https:\/\/www.lafarga.com\/corporatiu\/wp-json\/wp\/v2\/categories?post=4449"},{"taxonomy":"post_tag","embeddable":true,"href":"https:\/\/www.lafarga.com\/corporatiu\/wp-json\/wp\/v2\/tags?post=4449"}],"curies":[{"name":"wp","href":"https:\/\/api.w.org\/{rel}","templated":true}]}}