{"id":3821,"date":"2015-04-21T07:29:59","date_gmt":"2015-04-21T07:29:59","guid":{"rendered":"http:\/\/www.lafarga.com\/corporatiu\/?p=3821"},"modified":"2015-06-10T12:06:04","modified_gmt":"2015-06-10T12:06:04","slug":"farga-hospitalet-fiesta-tres-grandes-conciertos","status":"publish","type":"post","link":"https:\/\/www.lafarga.com\/corporatiu\/farga-hospitalet-fiesta-tres-grandes-conciertos\/","title":{"rendered":"La Farga de L\u2019Hospitalet se viste de fiesta con tres grandes conciertos"},"content":{"rendered":"<p id=\"tw-target-text\" class=\"tw-data-text vk_txt tw-ta tw-text-small\" dir=\"ltr\" style=\"text-align: center;\" data-placeholder=\"Traducci\u00f3n\"><strong><span style=\"color: #003366;\">Rosario, Siniestro Total, Mclan y Gemeliers, actuaciones de las Fiestas de Primavera 2015 <\/span><\/strong><\/p>\n<p class=\"tw-data-text vk_txt tw-ta tw-text-small\" dir=\"ltr\" data-placeholder=\"Traducci\u00f3n\">La Farga de L&#8217;Hospitalet vuelve a ser escenario, como cada a\u00f1o, de los conciertos multitudinarios de las <a href=\"http:\/\/www.l-h.cat\/webs\/especials\/festesprimavera\/inici.aspx\" target=\"_blank\">Fiestas de Primavera de L&#8217;Hospitalet<\/a>.\u00a0Este a\u00f1o el amplio espacio del Centro de Actividades ver\u00e1 del 24 al 26 de abril las actuaciones de Rosario, Mclan, Siniestro Total y Gemeliers, en tres conciertos para todos los p\u00fablicos.<\/p>\n<p class=\"tw-data-text vk_txt tw-ta tw-text-small\" dir=\"ltr\" data-placeholder=\"Traducci\u00f3n\">Este viernes 24 de abril, a las 21: 30h, abrir\u00e1 el fuego <a href=\"http:\/\/www.rosarioflores.info\/\" target=\"_blank\">Rosario Flores<\/a>. Esta incombustible artista vuelve con su macro banda liderada por Fernando Ill\u00e1n. Rosario, que ya actu\u00f3 en La Farga en las Fiestas de Primavera de 1999, pasar\u00e1 por el flamenco, pop, rock, soul, funky, blues proponi\u00e9ndonos tambi\u00e9n sus temas de siempre.<\/p>\n<p class=\"tw-data-text vk_txt tw-ta tw-text-small\" dir=\"ltr\" data-placeholder=\"Traducci\u00f3n\">Un d\u00eda m\u00e1s tarde, el s\u00e1bado 25 de abril a las 21h, habr\u00e1 un doble concierto de la mano de <a href=\"http:\/\/siniestro.com\/\" target=\"_blank\">Siniestro Total<\/a> y <a href=\"http:\/\/www.m-clan.tv\/\" target=\"_blank\">Mclan<\/a>, grupos cl\u00e1sicos de los panorama del rock espa\u00f1ol. Siniestro Total, siempre fiel a su estilo, siguen como el primer d\u00eda a pie de escenario, mostr\u00e1ndonos como cultura de vida el rock and roll. Por su parte los murcianos de Mclan celebran 20 a\u00f1os encima de los escenarios y esta vez nos ofrecen su \u00faltimo disco &#8220;Dos noches en el Price&#8221;. Carlos Tarque y Ricardo Ruip\u00e9re lideran este grupo que tambi\u00e9n actu\u00f3 en La Farga durante las Fiestas de Primavera de 2011.<\/p>\n<p class=\"tw-data-text vk_txt tw-ta tw-text-small\" dir=\"ltr\" data-placeholder=\"Traducci\u00f3n\">Por \u00faltimo, el domingo 26 de abril a las 19h, nos llega la pareja de hermanos m\u00e1s popular del momento entre el p\u00fablico m\u00e1s joven. Jes\u00fas y Daniel Oviedo m\u00e1s conocidos como <a href=\"http:\/\/www.gemeliersmusic.com\/\" target=\"_blank\">Gemeliers<\/a> han revolucionado el panorama musical a trav\u00e9s de las redes sociales y llevan su trabajo publicado en mayo de 2014 &#8220;Lo mejor est\u00e1 por venir&#8221;. Estos j\u00f3venes sevillanos lograron en pocos d\u00edas Disco de Oro y Disco de Platino por sus 40.000 copias vendidas.<\/p>\n<p>Para m\u00e1s informaci\u00f3n y venta de entradas: <a href=\"http:\/\/www.theproject.es\/\" target=\"_blank\">www.theproject.es<\/a><\/p>\n<p><a href=\"http:\/\/lhdigital.cat\/web\/digital-h\/festesprimavera2015\" target=\"_blank\">Especial de Fiestas de Primavera 2015 de los Medios de Comunicaci\u00f3n de L&#8217;Hospitalet<\/a><\/p>\n","protected":false},"excerpt":{"rendered":"<p>La Farga de L&#8217;Hospitalet vuelve a ser escenario, como cada a\u00f1o, los conciertos multitudinarios de las Fiestas de Primavera de L&#8217;Hospitalet. Este a\u00f1o el amplio espacio del Centro de Actividades ver\u00e1 del 24 al 26 de abril las actuaciones de Rosario, Mclan , Siniestro Total y Gemeliers , en tres conciertos para todos los p\u00fablicos.<\/p>\n","protected":false},"author":8,"featured_media":3095,"comment_status":"closed","ping_status":"closed","sticky":false,"template":"","format":"standard","meta":{"inline_featured_image":false,"_uag_custom_page_level_css":"","_monsterinsights_skip_tracking":false,"_monsterinsights_sitenote_active":false,"_monsterinsights_sitenote_note":"","_monsterinsights_sitenote_category":0,"site-sidebar-layout":"default","site-content-layout":"","ast-site-content-layout":"default","site-content-style":"default","site-sidebar-style":"default","ast-global-header-display":"","ast-banner-title-visibility":"","ast-main-header-display":"","ast-hfb-above-header-display":"","ast-hfb-below-header-display":"","ast-hfb-mobile-header-display":"","site-post-title":"","ast-breadcrumbs-content":"","ast-featured-img":"","footer-sml-layout":"","ast-disable-related-posts":"","theme-transparent-header-meta":"","adv-header-id-meta":"","stick-header-meta":"","header-above-stick-meta":"","header-main-stick-meta":"","header-below-stick-meta":"","astra-migrate-meta-layouts":"default","ast-page-background-enabled":"default","ast-page-background-meta":{"desktop":{"background-color":"var(--ast-global-color-4)","background-image":"","background-repeat":"repeat","background-position":"center center","background-size":"auto","background-attachment":"scroll","background-type":"","background-media":"","overlay-type":"","overlay-color":"","overlay-opacity":"","overlay-gradient":""},"tablet":{"background-color":"","background-image":"","background-repeat":"repeat","background-position":"center center","background-size":"auto","background-attachment":"scroll","background-type":"","background-media":"","overlay-type":"","overlay-color":"","overlay-opacity":"","overlay-gradient":""},"mobile":{"background-color":"","background-image":"","background-repeat":"repeat","background-position":"center center","background-size":"auto","background-attachment":"scroll","background-type":"","background-media":"","overlay-type":"","overlay-color":"","overlay-opacity":"","overlay-gradient":""}},"ast-content-background-meta":{"desktop":{"background-color":"var(--ast-global-color-5)","background-image":"","background-repeat":"repeat","background-position":"center center","background-size":"auto","background-attachment":"scroll","background-type":"","background-media":"","overlay-type":"","overlay-color":"","overlay-opacity":"","overlay-gradient":""},"tablet":{"background-color":"var(--ast-global-color-5)","background-image":"","background-repeat":"repeat","background-position":"center center","background-size":"auto","background-attachment":"scroll","background-type":"","background-media":"","overlay-type":"","overlay-color":"","overlay-opacity":"","overlay-gradient":""},"mobile":{"background-color":"var(--ast-global-color-5)","background-image":"","background-repeat":"repeat","background-position":"center center","background-size":"auto","background-attachment":"scroll","background-type":"","background-media":"","overlay-type":"","overlay-color":"","overlay-opacity":"","overlay-gradient":""}},"footnotes":""},"categories":[73],"tags":[],"class_list":["post-3821","post","type-post","status-publish","format-standard","has-post-thumbnail","hentry","category-centro-de-actividades"],"yoast_head":"<!-- This site is optimized with the Yoast SEO plugin v27.4 - https:\/\/yoast.com\/product\/yoast-seo-wordpress\/ -->\n<title>La Farga de L\u2019Hospitalet se viste de fiesta con tres grandes conciertos - La Farga Gesti\u00f3n de Equipamientos Municipales, S.A.<\/title>\n<meta name=\"robots\" content=\"index, follow, max-snippet:-1, max-image-preview:large, max-video-preview:-1\" \/>\n<link rel=\"canonical\" href=\"https:\/\/www.lafarga.com\/corporatiu\/farga-hospitalet-fiesta-tres-grandes-conciertos\/\" \/>\n<meta property=\"og:locale\" content=\"ca_ES\" \/>\n<meta property=\"og:type\" content=\"article\" \/>\n<meta property=\"og:title\" content=\"La Farga de L\u2019Hospitalet se viste de fiesta con tres grandes conciertos - La Farga Gesti\u00f3n de Equipamientos Municipales, S.A.\" \/>\n<meta property=\"og:description\" content=\"La Farga de L&#039;Hospitalet vuelve a ser escenario, como cada a\u00f1o, los conciertos multitudinarios de las Fiestas de Primavera de L&#039;Hospitalet. Este a\u00f1o el amplio espacio del Centro de Actividades ver\u00e1 del 24 al 26 de abril las actuaciones de Rosario, Mclan , Siniestro Total y Gemeliers , en tres conciertos para todos los p\u00fablicos.\" \/>\n<meta property=\"og:url\" content=\"https:\/\/www.lafarga.com\/corporatiu\/farga-hospitalet-fiesta-tres-grandes-conciertos\/\" \/>\n<meta property=\"og:site_name\" content=\"La Farga Gesti\u00f3n de Equipamientos Municipales, S.A.\" \/>\n<meta property=\"article:published_time\" content=\"2015-04-21T07:29:59+00:00\" \/>\n<meta property=\"article:modified_time\" content=\"2015-06-10T12:06:04+00:00\" \/>\n<meta property=\"og:image\" content=\"https:\/\/www.lafarga.com\/corporatiu\/wp-content\/uploads\/2015\/04\/Rosario_Farga_Hospitalet.jpg\" \/>\n\t<meta property=\"og:image:width\" content=\"641\" \/>\n\t<meta property=\"og:image:height\" content=\"360\" \/>\n\t<meta property=\"og:image:type\" content=\"image\/jpeg\" \/>\n<meta name=\"author\" content=\"admfarga\" \/>\n<meta name=\"twitter:label1\" content=\"Escrit per\" \/>\n\t<meta name=\"twitter:data1\" content=\"admfarga\" \/>\n\t<meta name=\"twitter:label2\" content=\"Temps estimat de lectura\" \/>\n\t<meta name=\"twitter:data2\" content=\"2 minuts\" \/>\n<script type=\"application\/ld+json\" class=\"yoast-schema-graph\">{\"@context\":\"https:\\\/\\\/schema.org\",\"@graph\":[{\"@type\":\"Article\",\"@id\":\"https:\\\/\\\/www.lafarga.com\\\/corporatiu\\\/farga-hospitalet-fiesta-tres-grandes-conciertos\\\/#article\",\"isPartOf\":{\"@id\":\"https:\\\/\\\/www.lafarga.com\\\/corporatiu\\\/farga-hospitalet-fiesta-tres-grandes-conciertos\\\/\"},\"author\":{\"name\":\"admfarga\",\"@id\":\"https:\\\/\\\/www.lafarga.com\\\/corporatiu\\\/#\\\/schema\\\/person\\\/0ad4bc37b46f53e6b85ad51c2ac2d685\"},\"headline\":\"La Farga de L\u2019Hospitalet se viste de fiesta con tres grandes conciertos\",\"datePublished\":\"2015-04-21T07:29:59+00:00\",\"dateModified\":\"2015-06-10T12:06:04+00:00\",\"mainEntityOfPage\":{\"@id\":\"https:\\\/\\\/www.lafarga.com\\\/corporatiu\\\/farga-hospitalet-fiesta-tres-grandes-conciertos\\\/\"},\"wordCount\":357,\"publisher\":{\"@id\":\"https:\\\/\\\/www.lafarga.com\\\/corporatiu\\\/#organization\"},\"image\":{\"@id\":\"https:\\\/\\\/www.lafarga.com\\\/corporatiu\\\/farga-hospitalet-fiesta-tres-grandes-conciertos\\\/#primaryimage\"},\"thumbnailUrl\":\"https:\\\/\\\/www.lafarga.com\\\/corporatiu\\\/wp-content\\\/uploads\\\/2015\\\/04\\\/Rosario_Farga_Hospitalet.jpg\",\"articleSection\":[\"Centro de Actividades\"],\"inLanguage\":\"ca\"},{\"@type\":\"WebPage\",\"@id\":\"https:\\\/\\\/www.lafarga.com\\\/corporatiu\\\/farga-hospitalet-fiesta-tres-grandes-conciertos\\\/\",\"url\":\"https:\\\/\\\/www.lafarga.com\\\/corporatiu\\\/farga-hospitalet-fiesta-tres-grandes-conciertos\\\/\",\"name\":\"La Farga de L\u2019Hospitalet se viste de fiesta con tres grandes conciertos - La Farga Gesti\u00f3n de Equipamientos Municipales, S.A.\",\"isPartOf\":{\"@id\":\"https:\\\/\\\/www.lafarga.com\\\/corporatiu\\\/#website\"},\"primaryImageOfPage\":{\"@id\":\"https:\\\/\\\/www.lafarga.com\\\/corporatiu\\\/farga-hospitalet-fiesta-tres-grandes-conciertos\\\/#primaryimage\"},\"image\":{\"@id\":\"https:\\\/\\\/www.lafarga.com\\\/corporatiu\\\/farga-hospitalet-fiesta-tres-grandes-conciertos\\\/#primaryimage\"},\"thumbnailUrl\":\"https:\\\/\\\/www.lafarga.com\\\/corporatiu\\\/wp-content\\\/uploads\\\/2015\\\/04\\\/Rosario_Farga_Hospitalet.jpg\",\"datePublished\":\"2015-04-21T07:29:59+00:00\",\"dateModified\":\"2015-06-10T12:06:04+00:00\",\"breadcrumb\":{\"@id\":\"https:\\\/\\\/www.lafarga.com\\\/corporatiu\\\/farga-hospitalet-fiesta-tres-grandes-conciertos\\\/#breadcrumb\"},\"inLanguage\":\"ca\",\"potentialAction\":[{\"@type\":\"ReadAction\",\"target\":[\"https:\\\/\\\/www.lafarga.com\\\/corporatiu\\\/farga-hospitalet-fiesta-tres-grandes-conciertos\\\/\"]}]},{\"@type\":\"ImageObject\",\"inLanguage\":\"ca\",\"@id\":\"https:\\\/\\\/www.lafarga.com\\\/corporatiu\\\/farga-hospitalet-fiesta-tres-grandes-conciertos\\\/#primaryimage\",\"url\":\"https:\\\/\\\/www.lafarga.com\\\/corporatiu\\\/wp-content\\\/uploads\\\/2015\\\/04\\\/Rosario_Farga_Hospitalet.jpg\",\"contentUrl\":\"https:\\\/\\\/www.lafarga.com\\\/corporatiu\\\/wp-content\\\/uploads\\\/2015\\\/04\\\/Rosario_Farga_Hospitalet.jpg\",\"width\":641,\"height\":360},{\"@type\":\"BreadcrumbList\",\"@id\":\"https:\\\/\\\/www.lafarga.com\\\/corporatiu\\\/farga-hospitalet-fiesta-tres-grandes-conciertos\\\/#breadcrumb\",\"itemListElement\":[{\"@type\":\"ListItem\",\"position\":1,\"name\":\"Home\",\"item\":\"https:\\\/\\\/www.lafarga.com\\\/corporatiu\\\/lafarga-hospitalet-llobregat\\\/\"},{\"@type\":\"ListItem\",\"position\":2,\"name\":\"La Farga de L\u2019Hospitalet se viste de fiesta con tres grandes conciertos\"}]},{\"@type\":\"WebSite\",\"@id\":\"https:\\\/\\\/www.lafarga.com\\\/corporatiu\\\/#website\",\"url\":\"https:\\\/\\\/www.lafarga.com\\\/corporatiu\\\/\",\"name\":\"La Farga Gesti\u00f3 d&#039;Equipaments Municipals, SA\",\"description\":\"\",\"publisher\":{\"@id\":\"https:\\\/\\\/www.lafarga.com\\\/corporatiu\\\/#organization\"},\"potentialAction\":[{\"@type\":\"SearchAction\",\"target\":{\"@type\":\"EntryPoint\",\"urlTemplate\":\"https:\\\/\\\/www.lafarga.com\\\/corporatiu\\\/?s={search_term_string}\"},\"query-input\":{\"@type\":\"PropertyValueSpecification\",\"valueRequired\":true,\"valueName\":\"search_term_string\"}}],\"inLanguage\":\"ca\"},{\"@type\":\"Organization\",\"@id\":\"https:\\\/\\\/www.lafarga.com\\\/corporatiu\\\/#organization\",\"name\":\"La Farga Gesti\u00f3 d&#039;Equipaments Municipals, SA\",\"url\":\"https:\\\/\\\/www.lafarga.com\\\/corporatiu\\\/\",\"logo\":{\"@type\":\"ImageObject\",\"inLanguage\":\"ca\",\"@id\":\"https:\\\/\\\/www.lafarga.com\\\/corporatiu\\\/#\\\/schema\\\/logo\\\/image\\\/\",\"url\":\"https:\\\/\\\/www.lafarga.com\\\/corporatiu\\\/wp-content\\\/uploads\\\/2023\\\/11\\\/logotipo_lafarga_gemsa.svg\",\"contentUrl\":\"https:\\\/\\\/www.lafarga.com\\\/corporatiu\\\/wp-content\\\/uploads\\\/2023\\\/11\\\/logotipo_lafarga_gemsa.svg\",\"width\":102,\"height\":103,\"caption\":\"La Farga Gesti\u00f3 d&#039;Equipaments Municipals, SA\"},\"image\":{\"@id\":\"https:\\\/\\\/www.lafarga.com\\\/corporatiu\\\/#\\\/schema\\\/logo\\\/image\\\/\"}},{\"@type\":\"Person\",\"@id\":\"https:\\\/\\\/www.lafarga.com\\\/corporatiu\\\/#\\\/schema\\\/person\\\/0ad4bc37b46f53e6b85ad51c2ac2d685\",\"name\":\"admfarga\",\"image\":{\"@type\":\"ImageObject\",\"inLanguage\":\"ca\",\"@id\":\"https:\\\/\\\/secure.gravatar.com\\\/avatar\\\/2a2db0975754ce87d41cab8623874e9e5ef5d0add52244aba02a09775feab5cb?s=96&d=mm&r=g\",\"url\":\"https:\\\/\\\/secure.gravatar.com\\\/avatar\\\/2a2db0975754ce87d41cab8623874e9e5ef5d0add52244aba02a09775feab5cb?s=96&d=mm&r=g\",\"contentUrl\":\"https:\\\/\\\/secure.gravatar.com\\\/avatar\\\/2a2db0975754ce87d41cab8623874e9e5ef5d0add52244aba02a09775feab5cb?s=96&d=mm&r=g\",\"caption\":\"admfarga\"},\"url\":\"https:\\\/\\\/www.lafarga.com\\\/corporatiu\\\/author\\\/admfarga\\\/\"}]}<\/script>\n<!-- \/ Yoast SEO plugin. -->","yoast_head_json":{"title":"La Farga de L\u2019Hospitalet se viste de fiesta con tres grandes conciertos - La Farga Gesti\u00f3n de Equipamientos Municipales, S.A.","robots":{"index":"index","follow":"follow","max-snippet":"max-snippet:-1","max-image-preview":"max-image-preview:large","max-video-preview":"max-video-preview:-1"},"canonical":"https:\/\/www.lafarga.com\/corporatiu\/farga-hospitalet-fiesta-tres-grandes-conciertos\/","og_locale":"ca_ES","og_type":"article","og_title":"La Farga de L\u2019Hospitalet se viste de fiesta con tres grandes conciertos - La Farga Gesti\u00f3n de Equipamientos Municipales, S.A.","og_description":"La Farga de L'Hospitalet vuelve a ser escenario, como cada a\u00f1o, los conciertos multitudinarios de las Fiestas de Primavera de L'Hospitalet. Este a\u00f1o el amplio espacio del Centro de Actividades ver\u00e1 del 24 al 26 de abril las actuaciones de Rosario, Mclan , Siniestro Total y Gemeliers , en tres conciertos para todos los p\u00fablicos.","og_url":"https:\/\/www.lafarga.com\/corporatiu\/farga-hospitalet-fiesta-tres-grandes-conciertos\/","og_site_name":"La Farga Gesti\u00f3n de Equipamientos Municipales, S.A.","article_published_time":"2015-04-21T07:29:59+00:00","article_modified_time":"2015-06-10T12:06:04+00:00","og_image":[{"width":641,"height":360,"url":"https:\/\/www.lafarga.com\/corporatiu\/wp-content\/uploads\/2015\/04\/Rosario_Farga_Hospitalet.jpg","type":"image\/jpeg"}],"author":"admfarga","twitter_misc":{"Escrit per":"admfarga","Temps estimat de lectura":"2 minuts"},"schema":{"@context":"https:\/\/schema.org","@graph":[{"@type":"Article","@id":"https:\/\/www.lafarga.com\/corporatiu\/farga-hospitalet-fiesta-tres-grandes-conciertos\/#article","isPartOf":{"@id":"https:\/\/www.lafarga.com\/corporatiu\/farga-hospitalet-fiesta-tres-grandes-conciertos\/"},"author":{"name":"admfarga","@id":"https:\/\/www.lafarga.com\/corporatiu\/#\/schema\/person\/0ad4bc37b46f53e6b85ad51c2ac2d685"},"headline":"La Farga de L\u2019Hospitalet se viste de fiesta con tres grandes conciertos","datePublished":"2015-04-21T07:29:59+00:00","dateModified":"2015-06-10T12:06:04+00:00","mainEntityOfPage":{"@id":"https:\/\/www.lafarga.com\/corporatiu\/farga-hospitalet-fiesta-tres-grandes-conciertos\/"},"wordCount":357,"publisher":{"@id":"https:\/\/www.lafarga.com\/corporatiu\/#organization"},"image":{"@id":"https:\/\/www.lafarga.com\/corporatiu\/farga-hospitalet-fiesta-tres-grandes-conciertos\/#primaryimage"},"thumbnailUrl":"https:\/\/www.lafarga.com\/corporatiu\/wp-content\/uploads\/2015\/04\/Rosario_Farga_Hospitalet.jpg","articleSection":["Centro de Actividades"],"inLanguage":"ca"},{"@type":"WebPage","@id":"https:\/\/www.lafarga.com\/corporatiu\/farga-hospitalet-fiesta-tres-grandes-conciertos\/","url":"https:\/\/www.lafarga.com\/corporatiu\/farga-hospitalet-fiesta-tres-grandes-conciertos\/","name":"La Farga de L\u2019Hospitalet se viste de fiesta con tres grandes conciertos - La Farga Gesti\u00f3n de Equipamientos Municipales, S.A.","isPartOf":{"@id":"https:\/\/www.lafarga.com\/corporatiu\/#website"},"primaryImageOfPage":{"@id":"https:\/\/www.lafarga.com\/corporatiu\/farga-hospitalet-fiesta-tres-grandes-conciertos\/#primaryimage"},"image":{"@id":"https:\/\/www.lafarga.com\/corporatiu\/farga-hospitalet-fiesta-tres-grandes-conciertos\/#primaryimage"},"thumbnailUrl":"https:\/\/www.lafarga.com\/corporatiu\/wp-content\/uploads\/2015\/04\/Rosario_Farga_Hospitalet.jpg","datePublished":"2015-04-21T07:29:59+00:00","dateModified":"2015-06-10T12:06:04+00:00","breadcrumb":{"@id":"https:\/\/www.lafarga.com\/corporatiu\/farga-hospitalet-fiesta-tres-grandes-conciertos\/#breadcrumb"},"inLanguage":"ca","potentialAction":[{"@type":"ReadAction","target":["https:\/\/www.lafarga.com\/corporatiu\/farga-hospitalet-fiesta-tres-grandes-conciertos\/"]}]},{"@type":"ImageObject","inLanguage":"ca","@id":"https:\/\/www.lafarga.com\/corporatiu\/farga-hospitalet-fiesta-tres-grandes-conciertos\/#primaryimage","url":"https:\/\/www.lafarga.com\/corporatiu\/wp-content\/uploads\/2015\/04\/Rosario_Farga_Hospitalet.jpg","contentUrl":"https:\/\/www.lafarga.com\/corporatiu\/wp-content\/uploads\/2015\/04\/Rosario_Farga_Hospitalet.jpg","width":641,"height":360},{"@type":"BreadcrumbList","@id":"https:\/\/www.lafarga.com\/corporatiu\/farga-hospitalet-fiesta-tres-grandes-conciertos\/#breadcrumb","itemListElement":[{"@type":"ListItem","position":1,"name":"Home","item":"https:\/\/www.lafarga.com\/corporatiu\/lafarga-hospitalet-llobregat\/"},{"@type":"ListItem","position":2,"name":"La Farga de L\u2019Hospitalet se viste de fiesta con tres grandes conciertos"}]},{"@type":"WebSite","@id":"https:\/\/www.lafarga.com\/corporatiu\/#website","url":"https:\/\/www.lafarga.com\/corporatiu\/","name":"La Farga Gesti\u00f3 d&#039;Equipaments Municipals, SA","description":"","publisher":{"@id":"https:\/\/www.lafarga.com\/corporatiu\/#organization"},"potentialAction":[{"@type":"SearchAction","target":{"@type":"EntryPoint","urlTemplate":"https:\/\/www.lafarga.com\/corporatiu\/?s={search_term_string}"},"query-input":{"@type":"PropertyValueSpecification","valueRequired":true,"valueName":"search_term_string"}}],"inLanguage":"ca"},{"@type":"Organization","@id":"https:\/\/www.lafarga.com\/corporatiu\/#organization","name":"La Farga Gesti\u00f3 d&#039;Equipaments Municipals, SA","url":"https:\/\/www.lafarga.com\/corporatiu\/","logo":{"@type":"ImageObject","inLanguage":"ca","@id":"https:\/\/www.lafarga.com\/corporatiu\/#\/schema\/logo\/image\/","url":"https:\/\/www.lafarga.com\/corporatiu\/wp-content\/uploads\/2023\/11\/logotipo_lafarga_gemsa.svg","contentUrl":"https:\/\/www.lafarga.com\/corporatiu\/wp-content\/uploads\/2023\/11\/logotipo_lafarga_gemsa.svg","width":102,"height":103,"caption":"La Farga Gesti\u00f3 d&#039;Equipaments Municipals, SA"},"image":{"@id":"https:\/\/www.lafarga.com\/corporatiu\/#\/schema\/logo\/image\/"}},{"@type":"Person","@id":"https:\/\/www.lafarga.com\/corporatiu\/#\/schema\/person\/0ad4bc37b46f53e6b85ad51c2ac2d685","name":"admfarga","image":{"@type":"ImageObject","inLanguage":"ca","@id":"https:\/\/secure.gravatar.com\/avatar\/2a2db0975754ce87d41cab8623874e9e5ef5d0add52244aba02a09775feab5cb?s=96&d=mm&r=g","url":"https:\/\/secure.gravatar.com\/avatar\/2a2db0975754ce87d41cab8623874e9e5ef5d0add52244aba02a09775feab5cb?s=96&d=mm&r=g","contentUrl":"https:\/\/secure.gravatar.com\/avatar\/2a2db0975754ce87d41cab8623874e9e5ef5d0add52244aba02a09775feab5cb?s=96&d=mm&r=g","caption":"admfarga"},"url":"https:\/\/www.lafarga.com\/corporatiu\/author\/admfarga\/"}]}},"uagb_featured_image_src":{"full":["https:\/\/www.lafarga.com\/corporatiu\/wp-content\/uploads\/2015\/04\/Rosario_Farga_Hospitalet.jpg",641,360,false],"thumbnail":["https:\/\/www.lafarga.com\/corporatiu\/wp-content\/uploads\/2015\/04\/Rosario_Farga_Hospitalet-150x150.jpg",150,150,true],"medium":["https:\/\/www.lafarga.com\/corporatiu\/wp-content\/uploads\/2015\/04\/Rosario_Farga_Hospitalet-300x168.jpg",300,168,true],"medium_large":["https:\/\/www.lafarga.com\/corporatiu\/wp-content\/uploads\/2015\/04\/Rosario_Farga_Hospitalet.jpg",641,360,false],"large":["https:\/\/www.lafarga.com\/corporatiu\/wp-content\/uploads\/2015\/04\/Rosario_Farga_Hospitalet.jpg",641,360,false],"1536x1536":["https:\/\/www.lafarga.com\/corporatiu\/wp-content\/uploads\/2015\/04\/Rosario_Farga_Hospitalet.jpg",641,360,false],"2048x2048":["https:\/\/www.lafarga.com\/corporatiu\/wp-content\/uploads\/2015\/04\/Rosario_Farga_Hospitalet.jpg",641,360,false],"mailpoet_newsletter_max":["https:\/\/www.lafarga.com\/corporatiu\/wp-content\/uploads\/2015\/04\/Rosario_Farga_Hospitalet.jpg",641,360,false]},"uagb_author_info":{"display_name":"admfarga","author_link":"https:\/\/www.lafarga.com\/corporatiu\/author\/admfarga\/"},"uagb_comment_info":0,"uagb_excerpt":"La Farga de L'Hospitalet vuelve a ser escenario, como cada a\u00f1o, los conciertos multitudinarios de las Fiestas de Primavera de L'Hospitalet. Este a\u00f1o el amplio espacio del Centro de Actividades ver\u00e1 del 24 al 26 de abril las actuaciones de Rosario, Mclan , Siniestro Total y Gemeliers , en tres conciertos para todos los p\u00fablicos.","_links":{"self":[{"href":"https:\/\/www.lafarga.com\/corporatiu\/wp-json\/wp\/v2\/posts\/3821","targetHints":{"allow":["GET"]}}],"collection":[{"href":"https:\/\/www.lafarga.com\/corporatiu\/wp-json\/wp\/v2\/posts"}],"about":[{"href":"https:\/\/www.lafarga.com\/corporatiu\/wp-json\/wp\/v2\/types\/post"}],"author":[{"embeddable":true,"href":"https:\/\/www.lafarga.com\/corporatiu\/wp-json\/wp\/v2\/users\/8"}],"replies":[{"embeddable":true,"href":"https:\/\/www.lafarga.com\/corporatiu\/wp-json\/wp\/v2\/comments?post=3821"}],"version-history":[{"count":3,"href":"https:\/\/www.lafarga.com\/corporatiu\/wp-json\/wp\/v2\/posts\/3821\/revisions"}],"predecessor-version":[{"id":4359,"href":"https:\/\/www.lafarga.com\/corporatiu\/wp-json\/wp\/v2\/posts\/3821\/revisions\/4359"}],"wp:featuredmedia":[{"embeddable":true,"href":"https:\/\/www.lafarga.com\/corporatiu\/wp-json\/wp\/v2\/media\/3095"}],"wp:attachment":[{"href":"https:\/\/www.lafarga.com\/corporatiu\/wp-json\/wp\/v2\/media?parent=3821"}],"wp:term":[{"taxonomy":"category","embeddable":true,"href":"https:\/\/www.lafarga.com\/corporatiu\/wp-json\/wp\/v2\/categories?post=3821"},{"taxonomy":"post_tag","embeddable":true,"href":"https:\/\/www.lafarga.com\/corporatiu\/wp-json\/wp\/v2\/tags?post=3821"}],"curies":[{"name":"wp","href":"https:\/\/api.w.org\/{rel}","templated":true}]}}