{"id":3667,"date":"2015-02-12T08:08:09","date_gmt":"2015-02-12T08:08:09","guid":{"rendered":"http:\/\/www.lafarga.com\/corporatiu\/?p=3667"},"modified":"2016-07-25T06:36:55","modified_gmt":"2016-07-25T06:36:55","slug":"informacion-contrato-adjudicado","status":"publish","type":"post","link":"https:\/\/www.lafarga.com\/corporatiu\/informacion-contrato-adjudicado\/","title":{"rendered":"Contractaci\u00f3n de la prestaci\u00f3n de los servicios de auxiliares de control y gesti\u00f3n administrativa de aparcamientos"},"content":{"rendered":"<div class=\"links\">\n<div class=\"links2\">\n<p>Objeto: La contrataci\u00f3n de la prestaci\u00f3n de los servicios de auxiliares de control y gesti\u00f3n administrativa de los aparcamientos de rotaci\u00f3n de Collblanc y Vidrieries, as\u00ed como el dep\u00f3sito municipal de veh\u00edculos gestionado por la sociedad municipal La Farga, Gesti\u00f3n de Equipamientos Municipales, S.A. en la ciudad de L&#8217;Hospitalet de Llobregat (ref. cs 1\/2015).<\/p>\n<p>Valor estimado contrato: \u20ac 197.925,00 IVA excluido (CIENTO NOVENTA Y SIETE MIL NOVECIENTOS VEINTINUEVE CINCO EUROS).<\/p>\n<p>Duraci\u00f3n del contrato: El contrato tendr\u00e1 una duraci\u00f3n de 21 meses.<\/p>\n<p>Procedimiento de selecci\u00f3n: Ver pliegos.<\/p>\n<p>Tipo de licitaci\u00f3n: Abierto no armonizado.<\/p>\n<p>Fecha l\u00edmite presentaci\u00f3n de ofertas: 02\/27\/2015, a las 14:00h.<\/p>\n<p>Apertura p\u00fablica sobres B y C: 03\/09\/2015, a las 10:00h.<\/p>\n<p>Informaci\u00f3n y lugar de presentaci\u00f3n:<br \/>\nEn las oficinas de La Farga, GEM S.A. C. Barcelona, \u200b\u200b2 de L&#8217;Hospitalet de Llobregat, de 9 a 14h, de lunes a viernes y en la web www.lafarga.com. Tel\u00e9fono 93 261 52 00.<\/p>\n<p>El Gerente de La Farga, GEM S.A.<br \/>\nManuel P\u00e9rez Gim\u00e9nez<\/p>\n<p>L&#8217;Hospitalet, 12 de febrero de 2015.<\/p>\n<ul>\n<li><a href=\"https:\/\/www.lafarga.com\/corporatiu\/wp-content\/uploads\/2016\/07\/20150212102210.pdf\" target=\"_blank\">Pliegos administrativos servicios control y gesti\u00f3n admva. aparcamientos rotaci\u00f3n Collblanc i Vidrieries, y el dep\u00f3sito municipal.<\/a><\/li>\n<li><a href=\"https:\/\/www.lafarga.com\/corporatiu\/wp-content\/uploads\/2016\/07\/20150212102210X.pdf\" target=\"_blank\">Pliegos t\u00e9cnicos servicios control y gesti\u00f3n admva. aparcamientos rotaci\u00f3n Collblanc y Vidrieries, y el Dep\u00f3sito Municipal.<\/a><\/li>\n<li><a href=\"https:\/\/www.lafarga.com\/corporatiu\/wp-content\/uploads\/2016\/07\/20150312130133.pdf\" target=\"_blank\">Acta apertura sobres B i C concurso auxiliares aparcamientos.<\/a><\/li>\n<li><a href=\"https:\/\/www.lafarga.com\/corporatiu\/wp-content\/uploads\/2016\/07\/20150327140200.pdf\" target=\"_blank\">Declarar clasificada concurso auxiliares aparcamientos.<\/a><\/li>\n<li><a href=\"https:\/\/www.lafarga.com\/corporatiu\/wp-content\/uploads\/2016\/07\/20150413114538.pdf\" target=\"_blank\">Adjudicaci\u00f3n definitiva concurso auxiliares aparcamientos.<\/a><\/li>\n<\/ul>\n<\/div>\n<\/div>\n","protected":false},"excerpt":{"rendered":"<p>La Farga GEM S.A. informa de la siguiente licitaci\u00f3n: Contrataci\u00f3n de la prestaci\u00f3n de los servicios de auxiliares de control y gesti\u00f3n administrativa de los aparcamientos de rotaci\u00f3n de Collblanc y Vidrieries, as\u00ed como el dep\u00f3sito municipal de veh\u00edculos gestionado por la sociedad municipal La Farga, Gesti\u00f3n de Equipamientos Municipales, S.A. en la ciudad de L&#8217;Hospitalet de Llobregat (ref. cs 1\/2015).<\/p>\n","protected":false},"author":8,"featured_media":4297,"comment_status":"closed","ping_status":"closed","sticky":false,"template":"","format":"standard","meta":{"inline_featured_image":false,"_uag_custom_page_level_css":"","_monsterinsights_skip_tracking":false,"_monsterinsights_sitenote_active":false,"_monsterinsights_sitenote_note":"","_monsterinsights_sitenote_category":0,"site-sidebar-layout":"default","site-content-layout":"","ast-site-content-layout":"default","site-content-style":"default","site-sidebar-style":"default","ast-global-header-display":"","ast-banner-title-visibility":"","ast-main-header-display":"","ast-hfb-above-header-display":"","ast-hfb-below-header-display":"","ast-hfb-mobile-header-display":"","site-post-title":"","ast-breadcrumbs-content":"","ast-featured-img":"","footer-sml-layout":"","ast-disable-related-posts":"","theme-transparent-header-meta":"","adv-header-id-meta":"","stick-header-meta":"","header-above-stick-meta":"","header-main-stick-meta":"","header-below-stick-meta":"","astra-migrate-meta-layouts":"default","ast-page-background-enabled":"default","ast-page-background-meta":{"desktop":{"background-color":"var(--ast-global-color-4)","background-image":"","background-repeat":"repeat","background-position":"center center","background-size":"auto","background-attachment":"scroll","background-type":"","background-media":"","overlay-type":"","overlay-color":"","overlay-opacity":"","overlay-gradient":""},"tablet":{"background-color":"","background-image":"","background-repeat":"repeat","background-position":"center center","background-size":"auto","background-attachment":"scroll","background-type":"","background-media":"","overlay-type":"","overlay-color":"","overlay-opacity":"","overlay-gradient":""},"mobile":{"background-color":"","background-image":"","background-repeat":"repeat","background-position":"center center","background-size":"auto","background-attachment":"scroll","background-type":"","background-media":"","overlay-type":"","overlay-color":"","overlay-opacity":"","overlay-gradient":""}},"ast-content-background-meta":{"desktop":{"background-color":"var(--ast-global-color-5)","background-image":"","background-repeat":"repeat","background-position":"center center","background-size":"auto","background-attachment":"scroll","background-type":"","background-media":"","overlay-type":"","overlay-color":"","overlay-opacity":"","overlay-gradient":""},"tablet":{"background-color":"var(--ast-global-color-5)","background-image":"","background-repeat":"repeat","background-position":"center center","background-size":"auto","background-attachment":"scroll","background-type":"","background-media":"","overlay-type":"","overlay-color":"","overlay-opacity":"","overlay-gradient":""},"mobile":{"background-color":"var(--ast-global-color-5)","background-image":"","background-repeat":"repeat","background-position":"center center","background-size":"auto","background-attachment":"scroll","background-type":"","background-media":"","overlay-type":"","overlay-color":"","overlay-opacity":"","overlay-gradient":""}},"footnotes":""},"categories":[71,77],"tags":[],"class_list":["post-3667","post","type-post","status-publish","format-standard","has-post-thumbnail","hentry","category-aparcamientos-municipales","category-contratos-adjudicados"],"yoast_head":"<!-- This site is optimized with the Yoast SEO plugin v27.5 - https:\/\/yoast.com\/product\/yoast-seo-wordpress\/ -->\n<title>Contractaci\u00f3n de la prestaci\u00f3n de los servicios de auxiliares de control y gesti\u00f3n administrativa de aparcamientos - La Farga Gesti\u00f3n de Equipamientos Municipales, S.A.<\/title>\n<meta name=\"robots\" content=\"index, follow, max-snippet:-1, max-image-preview:large, max-video-preview:-1\" \/>\n<link rel=\"canonical\" href=\"https:\/\/www.lafarga.com\/corporatiu\/informacion-contrato-adjudicado\/\" \/>\n<meta property=\"og:locale\" content=\"ca_ES\" \/>\n<meta property=\"og:type\" content=\"article\" \/>\n<meta property=\"og:title\" content=\"Contractaci\u00f3n de la prestaci\u00f3n de los servicios de auxiliares de control y gesti\u00f3n administrativa de aparcamientos - La Farga Gesti\u00f3n de Equipamientos Municipales, S.A.\" \/>\n<meta property=\"og:description\" content=\"La Farga GEM S.A. informa de la siguiente licitaci\u00f3n: Contrataci\u00f3n de la prestaci\u00f3n de los servicios de auxiliares de control y gesti\u00f3n administrativa de los aparcamientos de rotaci\u00f3n de Collblanc y Vidrieries, as\u00ed como el dep\u00f3sito municipal de veh\u00edculos gestionado por la sociedad municipal La Farga, Gesti\u00f3n de Equipamientos Municipales, S.A. en la ciudad de L&#039;Hospitalet de Llobregat (ref. cs 1\/2015).\" \/>\n<meta property=\"og:url\" content=\"https:\/\/www.lafarga.com\/corporatiu\/informacion-contrato-adjudicado\/\" \/>\n<meta property=\"og:site_name\" content=\"La Farga Gesti\u00f3n de Equipamientos Municipales, S.A.\" \/>\n<meta property=\"article:published_time\" content=\"2015-02-12T08:08:09+00:00\" \/>\n<meta property=\"article:modified_time\" content=\"2016-07-25T06:36:55+00:00\" \/>\n<meta property=\"og:image\" content=\"https:\/\/www.lafarga.com\/corporatiu\/wp-content\/uploads\/2015\/02\/aparcaments5-farga-hospitalet1.jpg\" \/>\n\t<meta property=\"og:image:width\" content=\"730\" \/>\n\t<meta property=\"og:image:height\" content=\"410\" \/>\n\t<meta property=\"og:image:type\" content=\"image\/jpeg\" \/>\n<meta name=\"author\" content=\"admfarga\" \/>\n<meta name=\"twitter:label1\" content=\"Escrit per\" \/>\n\t<meta name=\"twitter:data1\" content=\"admfarga\" \/>\n\t<meta name=\"twitter:label2\" content=\"Temps estimat de lectura\" \/>\n\t<meta name=\"twitter:data2\" content=\"1 minut\" \/>\n<script type=\"application\/ld+json\" class=\"yoast-schema-graph\">{\"@context\":\"https:\\\/\\\/schema.org\",\"@graph\":[{\"@type\":\"Article\",\"@id\":\"https:\\\/\\\/www.lafarga.com\\\/corporatiu\\\/informacion-contrato-adjudicado\\\/#article\",\"isPartOf\":{\"@id\":\"https:\\\/\\\/www.lafarga.com\\\/corporatiu\\\/informacion-contrato-adjudicado\\\/\"},\"author\":{\"name\":\"admfarga\",\"@id\":\"https:\\\/\\\/www.lafarga.com\\\/corporatiu\\\/#\\\/schema\\\/person\\\/0ad4bc37b46f53e6b85ad51c2ac2d685\"},\"headline\":\"Contractaci\u00f3n de la prestaci\u00f3n de los servicios de auxiliares de control y gesti\u00f3n administrativa de aparcamientos\",\"datePublished\":\"2015-02-12T08:08:09+00:00\",\"dateModified\":\"2016-07-25T06:36:55+00:00\",\"mainEntityOfPage\":{\"@id\":\"https:\\\/\\\/www.lafarga.com\\\/corporatiu\\\/informacion-contrato-adjudicado\\\/\"},\"wordCount\":256,\"publisher\":{\"@id\":\"https:\\\/\\\/www.lafarga.com\\\/corporatiu\\\/#organization\"},\"image\":{\"@id\":\"https:\\\/\\\/www.lafarga.com\\\/corporatiu\\\/informacion-contrato-adjudicado\\\/#primaryimage\"},\"thumbnailUrl\":\"https:\\\/\\\/www.lafarga.com\\\/corporatiu\\\/wp-content\\\/uploads\\\/2015\\\/02\\\/aparcaments5-farga-hospitalet1.jpg\",\"articleSection\":[\"Aparcamientos Municipales\",\"Contratos adjudicados\"],\"inLanguage\":\"ca\"},{\"@type\":\"WebPage\",\"@id\":\"https:\\\/\\\/www.lafarga.com\\\/corporatiu\\\/informacion-contrato-adjudicado\\\/\",\"url\":\"https:\\\/\\\/www.lafarga.com\\\/corporatiu\\\/informacion-contrato-adjudicado\\\/\",\"name\":\"Contractaci\u00f3n de la prestaci\u00f3n de los servicios de auxiliares de control y gesti\u00f3n administrativa de aparcamientos - La Farga Gesti\u00f3n de Equipamientos Municipales, S.A.\",\"isPartOf\":{\"@id\":\"https:\\\/\\\/www.lafarga.com\\\/corporatiu\\\/#website\"},\"primaryImageOfPage\":{\"@id\":\"https:\\\/\\\/www.lafarga.com\\\/corporatiu\\\/informacion-contrato-adjudicado\\\/#primaryimage\"},\"image\":{\"@id\":\"https:\\\/\\\/www.lafarga.com\\\/corporatiu\\\/informacion-contrato-adjudicado\\\/#primaryimage\"},\"thumbnailUrl\":\"https:\\\/\\\/www.lafarga.com\\\/corporatiu\\\/wp-content\\\/uploads\\\/2015\\\/02\\\/aparcaments5-farga-hospitalet1.jpg\",\"datePublished\":\"2015-02-12T08:08:09+00:00\",\"dateModified\":\"2016-07-25T06:36:55+00:00\",\"breadcrumb\":{\"@id\":\"https:\\\/\\\/www.lafarga.com\\\/corporatiu\\\/informacion-contrato-adjudicado\\\/#breadcrumb\"},\"inLanguage\":\"ca\",\"potentialAction\":[{\"@type\":\"ReadAction\",\"target\":[\"https:\\\/\\\/www.lafarga.com\\\/corporatiu\\\/informacion-contrato-adjudicado\\\/\"]}]},{\"@type\":\"ImageObject\",\"inLanguage\":\"ca\",\"@id\":\"https:\\\/\\\/www.lafarga.com\\\/corporatiu\\\/informacion-contrato-adjudicado\\\/#primaryimage\",\"url\":\"https:\\\/\\\/www.lafarga.com\\\/corporatiu\\\/wp-content\\\/uploads\\\/2015\\\/02\\\/aparcaments5-farga-hospitalet1.jpg\",\"contentUrl\":\"https:\\\/\\\/www.lafarga.com\\\/corporatiu\\\/wp-content\\\/uploads\\\/2015\\\/02\\\/aparcaments5-farga-hospitalet1.jpg\",\"width\":730,\"height\":410},{\"@type\":\"BreadcrumbList\",\"@id\":\"https:\\\/\\\/www.lafarga.com\\\/corporatiu\\\/informacion-contrato-adjudicado\\\/#breadcrumb\",\"itemListElement\":[{\"@type\":\"ListItem\",\"position\":1,\"name\":\"Home\",\"item\":\"https:\\\/\\\/www.lafarga.com\\\/corporatiu\\\/lafarga-hospitalet-llobregat\\\/\"},{\"@type\":\"ListItem\",\"position\":2,\"name\":\"Contractaci\u00f3n de la prestaci\u00f3n de los servicios de auxiliares de control y gesti\u00f3n administrativa de aparcamientos\"}]},{\"@type\":\"WebSite\",\"@id\":\"https:\\\/\\\/www.lafarga.com\\\/corporatiu\\\/#website\",\"url\":\"https:\\\/\\\/www.lafarga.com\\\/corporatiu\\\/\",\"name\":\"La Farga Gesti\u00f3 d&#039;Equipaments Municipals, SA\",\"description\":\"\",\"publisher\":{\"@id\":\"https:\\\/\\\/www.lafarga.com\\\/corporatiu\\\/#organization\"},\"potentialAction\":[{\"@type\":\"SearchAction\",\"target\":{\"@type\":\"EntryPoint\",\"urlTemplate\":\"https:\\\/\\\/www.lafarga.com\\\/corporatiu\\\/?s={search_term_string}\"},\"query-input\":{\"@type\":\"PropertyValueSpecification\",\"valueRequired\":true,\"valueName\":\"search_term_string\"}}],\"inLanguage\":\"ca\"},{\"@type\":\"Organization\",\"@id\":\"https:\\\/\\\/www.lafarga.com\\\/corporatiu\\\/#organization\",\"name\":\"La Farga Gesti\u00f3 d&#039;Equipaments Municipals, SA\",\"url\":\"https:\\\/\\\/www.lafarga.com\\\/corporatiu\\\/\",\"logo\":{\"@type\":\"ImageObject\",\"inLanguage\":\"ca\",\"@id\":\"https:\\\/\\\/www.lafarga.com\\\/corporatiu\\\/#\\\/schema\\\/logo\\\/image\\\/\",\"url\":\"https:\\\/\\\/www.lafarga.com\\\/corporatiu\\\/wp-content\\\/uploads\\\/2023\\\/11\\\/logotipo_lafarga_gemsa.svg\",\"contentUrl\":\"https:\\\/\\\/www.lafarga.com\\\/corporatiu\\\/wp-content\\\/uploads\\\/2023\\\/11\\\/logotipo_lafarga_gemsa.svg\",\"width\":102,\"height\":103,\"caption\":\"La Farga Gesti\u00f3 d&#039;Equipaments Municipals, SA\"},\"image\":{\"@id\":\"https:\\\/\\\/www.lafarga.com\\\/corporatiu\\\/#\\\/schema\\\/logo\\\/image\\\/\"}},{\"@type\":\"Person\",\"@id\":\"https:\\\/\\\/www.lafarga.com\\\/corporatiu\\\/#\\\/schema\\\/person\\\/0ad4bc37b46f53e6b85ad51c2ac2d685\",\"name\":\"admfarga\",\"image\":{\"@type\":\"ImageObject\",\"inLanguage\":\"ca\",\"@id\":\"https:\\\/\\\/secure.gravatar.com\\\/avatar\\\/2a2db0975754ce87d41cab8623874e9e5ef5d0add52244aba02a09775feab5cb?s=96&d=mm&r=g\",\"url\":\"https:\\\/\\\/secure.gravatar.com\\\/avatar\\\/2a2db0975754ce87d41cab8623874e9e5ef5d0add52244aba02a09775feab5cb?s=96&d=mm&r=g\",\"contentUrl\":\"https:\\\/\\\/secure.gravatar.com\\\/avatar\\\/2a2db0975754ce87d41cab8623874e9e5ef5d0add52244aba02a09775feab5cb?s=96&d=mm&r=g\",\"caption\":\"admfarga\"},\"url\":\"https:\\\/\\\/www.lafarga.com\\\/corporatiu\\\/author\\\/admfarga\\\/\"}]}<\/script>\n<!-- \/ Yoast SEO plugin. -->","yoast_head_json":{"title":"Contractaci\u00f3n de la prestaci\u00f3n de los servicios de auxiliares de control y gesti\u00f3n administrativa de aparcamientos - La Farga Gesti\u00f3n de Equipamientos Municipales, S.A.","robots":{"index":"index","follow":"follow","max-snippet":"max-snippet:-1","max-image-preview":"max-image-preview:large","max-video-preview":"max-video-preview:-1"},"canonical":"https:\/\/www.lafarga.com\/corporatiu\/informacion-contrato-adjudicado\/","og_locale":"ca_ES","og_type":"article","og_title":"Contractaci\u00f3n de la prestaci\u00f3n de los servicios de auxiliares de control y gesti\u00f3n administrativa de aparcamientos - La Farga Gesti\u00f3n de Equipamientos Municipales, S.A.","og_description":"La Farga GEM S.A. informa de la siguiente licitaci\u00f3n: Contrataci\u00f3n de la prestaci\u00f3n de los servicios de auxiliares de control y gesti\u00f3n administrativa de los aparcamientos de rotaci\u00f3n de Collblanc y Vidrieries, as\u00ed como el dep\u00f3sito municipal de veh\u00edculos gestionado por la sociedad municipal La Farga, Gesti\u00f3n de Equipamientos Municipales, S.A. en la ciudad de L'Hospitalet de Llobregat (ref. cs 1\/2015).","og_url":"https:\/\/www.lafarga.com\/corporatiu\/informacion-contrato-adjudicado\/","og_site_name":"La Farga Gesti\u00f3n de Equipamientos Municipales, S.A.","article_published_time":"2015-02-12T08:08:09+00:00","article_modified_time":"2016-07-25T06:36:55+00:00","og_image":[{"width":730,"height":410,"url":"https:\/\/www.lafarga.com\/corporatiu\/wp-content\/uploads\/2015\/02\/aparcaments5-farga-hospitalet1.jpg","type":"image\/jpeg"}],"author":"admfarga","twitter_misc":{"Escrit per":"admfarga","Temps estimat de lectura":"1 minut"},"schema":{"@context":"https:\/\/schema.org","@graph":[{"@type":"Article","@id":"https:\/\/www.lafarga.com\/corporatiu\/informacion-contrato-adjudicado\/#article","isPartOf":{"@id":"https:\/\/www.lafarga.com\/corporatiu\/informacion-contrato-adjudicado\/"},"author":{"name":"admfarga","@id":"https:\/\/www.lafarga.com\/corporatiu\/#\/schema\/person\/0ad4bc37b46f53e6b85ad51c2ac2d685"},"headline":"Contractaci\u00f3n de la prestaci\u00f3n de los servicios de auxiliares de control y gesti\u00f3n administrativa de aparcamientos","datePublished":"2015-02-12T08:08:09+00:00","dateModified":"2016-07-25T06:36:55+00:00","mainEntityOfPage":{"@id":"https:\/\/www.lafarga.com\/corporatiu\/informacion-contrato-adjudicado\/"},"wordCount":256,"publisher":{"@id":"https:\/\/www.lafarga.com\/corporatiu\/#organization"},"image":{"@id":"https:\/\/www.lafarga.com\/corporatiu\/informacion-contrato-adjudicado\/#primaryimage"},"thumbnailUrl":"https:\/\/www.lafarga.com\/corporatiu\/wp-content\/uploads\/2015\/02\/aparcaments5-farga-hospitalet1.jpg","articleSection":["Aparcamientos Municipales","Contratos adjudicados"],"inLanguage":"ca"},{"@type":"WebPage","@id":"https:\/\/www.lafarga.com\/corporatiu\/informacion-contrato-adjudicado\/","url":"https:\/\/www.lafarga.com\/corporatiu\/informacion-contrato-adjudicado\/","name":"Contractaci\u00f3n de la prestaci\u00f3n de los servicios de auxiliares de control y gesti\u00f3n administrativa de aparcamientos - La Farga Gesti\u00f3n de Equipamientos Municipales, S.A.","isPartOf":{"@id":"https:\/\/www.lafarga.com\/corporatiu\/#website"},"primaryImageOfPage":{"@id":"https:\/\/www.lafarga.com\/corporatiu\/informacion-contrato-adjudicado\/#primaryimage"},"image":{"@id":"https:\/\/www.lafarga.com\/corporatiu\/informacion-contrato-adjudicado\/#primaryimage"},"thumbnailUrl":"https:\/\/www.lafarga.com\/corporatiu\/wp-content\/uploads\/2015\/02\/aparcaments5-farga-hospitalet1.jpg","datePublished":"2015-02-12T08:08:09+00:00","dateModified":"2016-07-25T06:36:55+00:00","breadcrumb":{"@id":"https:\/\/www.lafarga.com\/corporatiu\/informacion-contrato-adjudicado\/#breadcrumb"},"inLanguage":"ca","potentialAction":[{"@type":"ReadAction","target":["https:\/\/www.lafarga.com\/corporatiu\/informacion-contrato-adjudicado\/"]}]},{"@type":"ImageObject","inLanguage":"ca","@id":"https:\/\/www.lafarga.com\/corporatiu\/informacion-contrato-adjudicado\/#primaryimage","url":"https:\/\/www.lafarga.com\/corporatiu\/wp-content\/uploads\/2015\/02\/aparcaments5-farga-hospitalet1.jpg","contentUrl":"https:\/\/www.lafarga.com\/corporatiu\/wp-content\/uploads\/2015\/02\/aparcaments5-farga-hospitalet1.jpg","width":730,"height":410},{"@type":"BreadcrumbList","@id":"https:\/\/www.lafarga.com\/corporatiu\/informacion-contrato-adjudicado\/#breadcrumb","itemListElement":[{"@type":"ListItem","position":1,"name":"Home","item":"https:\/\/www.lafarga.com\/corporatiu\/lafarga-hospitalet-llobregat\/"},{"@type":"ListItem","position":2,"name":"Contractaci\u00f3n de la prestaci\u00f3n de los servicios de auxiliares de control y gesti\u00f3n administrativa de aparcamientos"}]},{"@type":"WebSite","@id":"https:\/\/www.lafarga.com\/corporatiu\/#website","url":"https:\/\/www.lafarga.com\/corporatiu\/","name":"La Farga Gesti\u00f3 d&#039;Equipaments Municipals, SA","description":"","publisher":{"@id":"https:\/\/www.lafarga.com\/corporatiu\/#organization"},"potentialAction":[{"@type":"SearchAction","target":{"@type":"EntryPoint","urlTemplate":"https:\/\/www.lafarga.com\/corporatiu\/?s={search_term_string}"},"query-input":{"@type":"PropertyValueSpecification","valueRequired":true,"valueName":"search_term_string"}}],"inLanguage":"ca"},{"@type":"Organization","@id":"https:\/\/www.lafarga.com\/corporatiu\/#organization","name":"La Farga Gesti\u00f3 d&#039;Equipaments Municipals, SA","url":"https:\/\/www.lafarga.com\/corporatiu\/","logo":{"@type":"ImageObject","inLanguage":"ca","@id":"https:\/\/www.lafarga.com\/corporatiu\/#\/schema\/logo\/image\/","url":"https:\/\/www.lafarga.com\/corporatiu\/wp-content\/uploads\/2023\/11\/logotipo_lafarga_gemsa.svg","contentUrl":"https:\/\/www.lafarga.com\/corporatiu\/wp-content\/uploads\/2023\/11\/logotipo_lafarga_gemsa.svg","width":102,"height":103,"caption":"La Farga Gesti\u00f3 d&#039;Equipaments Municipals, SA"},"image":{"@id":"https:\/\/www.lafarga.com\/corporatiu\/#\/schema\/logo\/image\/"}},{"@type":"Person","@id":"https:\/\/www.lafarga.com\/corporatiu\/#\/schema\/person\/0ad4bc37b46f53e6b85ad51c2ac2d685","name":"admfarga","image":{"@type":"ImageObject","inLanguage":"ca","@id":"https:\/\/secure.gravatar.com\/avatar\/2a2db0975754ce87d41cab8623874e9e5ef5d0add52244aba02a09775feab5cb?s=96&d=mm&r=g","url":"https:\/\/secure.gravatar.com\/avatar\/2a2db0975754ce87d41cab8623874e9e5ef5d0add52244aba02a09775feab5cb?s=96&d=mm&r=g","contentUrl":"https:\/\/secure.gravatar.com\/avatar\/2a2db0975754ce87d41cab8623874e9e5ef5d0add52244aba02a09775feab5cb?s=96&d=mm&r=g","caption":"admfarga"},"url":"https:\/\/www.lafarga.com\/corporatiu\/author\/admfarga\/"}]}},"uagb_featured_image_src":{"full":["https:\/\/www.lafarga.com\/corporatiu\/wp-content\/uploads\/2015\/02\/aparcaments5-farga-hospitalet1.jpg",730,410,false],"thumbnail":["https:\/\/www.lafarga.com\/corporatiu\/wp-content\/uploads\/2015\/02\/aparcaments5-farga-hospitalet1-150x150.jpg",150,150,true],"medium":["https:\/\/www.lafarga.com\/corporatiu\/wp-content\/uploads\/2015\/02\/aparcaments5-farga-hospitalet1-300x168.jpg",300,168,true],"medium_large":["https:\/\/www.lafarga.com\/corporatiu\/wp-content\/uploads\/2015\/02\/aparcaments5-farga-hospitalet1.jpg",730,410,false],"large":["https:\/\/www.lafarga.com\/corporatiu\/wp-content\/uploads\/2015\/02\/aparcaments5-farga-hospitalet1.jpg",730,410,false],"1536x1536":["https:\/\/www.lafarga.com\/corporatiu\/wp-content\/uploads\/2015\/02\/aparcaments5-farga-hospitalet1.jpg",730,410,false],"2048x2048":["https:\/\/www.lafarga.com\/corporatiu\/wp-content\/uploads\/2015\/02\/aparcaments5-farga-hospitalet1.jpg",730,410,false],"mailpoet_newsletter_max":["https:\/\/www.lafarga.com\/corporatiu\/wp-content\/uploads\/2015\/02\/aparcaments5-farga-hospitalet1.jpg",730,410,false]},"uagb_author_info":{"display_name":"admfarga","author_link":"https:\/\/www.lafarga.com\/corporatiu\/author\/admfarga\/"},"uagb_comment_info":0,"uagb_excerpt":"La Farga GEM S.A. informa de la siguiente licitaci\u00f3n: Contrataci\u00f3n de la prestaci\u00f3n de los servicios de auxiliares de control y gesti\u00f3n administrativa de los aparcamientos de rotaci\u00f3n de Collblanc y Vidrieries, as\u00ed como el dep\u00f3sito municipal de veh\u00edculos gestionado por la sociedad municipal La Farga, Gesti\u00f3n de Equipamientos Municipales, S.A. en la ciudad de&hellip;","_links":{"self":[{"href":"https:\/\/www.lafarga.com\/corporatiu\/wp-json\/wp\/v2\/posts\/3667","targetHints":{"allow":["GET"]}}],"collection":[{"href":"https:\/\/www.lafarga.com\/corporatiu\/wp-json\/wp\/v2\/posts"}],"about":[{"href":"https:\/\/www.lafarga.com\/corporatiu\/wp-json\/wp\/v2\/types\/post"}],"author":[{"embeddable":true,"href":"https:\/\/www.lafarga.com\/corporatiu\/wp-json\/wp\/v2\/users\/8"}],"replies":[{"embeddable":true,"href":"https:\/\/www.lafarga.com\/corporatiu\/wp-json\/wp\/v2\/comments?post=3667"}],"version-history":[{"count":12,"href":"https:\/\/www.lafarga.com\/corporatiu\/wp-json\/wp\/v2\/posts\/3667\/revisions"}],"predecessor-version":[{"id":8472,"href":"https:\/\/www.lafarga.com\/corporatiu\/wp-json\/wp\/v2\/posts\/3667\/revisions\/8472"}],"wp:featuredmedia":[{"embeddable":true,"href":"https:\/\/www.lafarga.com\/corporatiu\/wp-json\/wp\/v2\/media\/4297"}],"wp:attachment":[{"href":"https:\/\/www.lafarga.com\/corporatiu\/wp-json\/wp\/v2\/media?parent=3667"}],"wp:term":[{"taxonomy":"category","embeddable":true,"href":"https:\/\/www.lafarga.com\/corporatiu\/wp-json\/wp\/v2\/categories?post=3667"},{"taxonomy":"post_tag","embeddable":true,"href":"https:\/\/www.lafarga.com\/corporatiu\/wp-json\/wp\/v2\/tags?post=3667"}],"curies":[{"name":"wp","href":"https:\/\/api.w.org\/{rel}","templated":true}]}}