{"id":3527,"date":"2015-05-29T10:28:52","date_gmt":"2015-05-29T10:28:52","guid":{"rendered":"http:\/\/www.lafarga.com\/corporatiu\/?p=3527"},"modified":"2015-06-11T07:55:44","modified_gmt":"2015-06-11T07:55:44","slug":"especial-elecciones-municipales-2015-en-lhdigital","status":"publish","type":"post","link":"https:\/\/www.lafarga.com\/corporatiu\/especial-elecciones-municipales-2015-en-lhdigital\/","title":{"rendered":"Especial Elecciones Municipales 2015, en L&#8217;Hdigital"},"content":{"rendered":"<p>Como servicio p\u00fablico a los ciudadanos de L&#8217;Hospitalet, L&#8217;Hdigital y Televisi\u00f3n L&#8217;Hospitalet ponen todos sus medios para seguir la campa\u00f1a electoral de las Elecciones Municipales 2015. L&#8217;Hdigital publica un espacio especial dedicado a los comicios que se actualizar\u00e1 a diario con noticias y v\u00eddeos de Televisi\u00f3n L&#8217;Hospitalet.<\/p>\n<p>Los Medios de Comunicaci\u00f3n de L&#8217;Hospitalet seguir\u00e1n las actividades de campa\u00f1a de las 10 formaciones que han presentado candidatura en estas elecciones. De lunes a viernes, <a href=\"http:\/\/lhdigital.cat\/web\/digital-h\/televisio\/tots-els-videos\/tags\/video%20informatiu\" target=\"_blank\">L&#8217;Informatiu<\/a> recoger\u00e1 las noticias de la campa\u00f1a m\u00e1s destacadas de la jornada. Todas las informaciones se podr\u00e1n consultar posteriormente a la carta en la p\u00e1gina de Elecciones Municipales 2015 y en la secci\u00f3n de TV L&#8217;Hospitalet en el portal L&#8217;Hdigital. L&#8217;Hdigital har\u00e1 un seguimiento peri\u00f3dico.<\/p>\n<p>El <a href=\"http:\/\/lhdigital.cat\/web\/digital-h\/eleccions_municipals_2015\" target=\"_blank\">especial Elecciones Municipales 2015<\/a> tambi\u00e9n da a conocer todas las formaciones que han presentado candidatura, con informaci\u00f3n sobre el cabeza de lista y los nombres de todas las personas que forman parte.<\/p>\n<p>Los perfiles en las redes sociales Facebook y Twitter de L&#8217;Hdigital informar\u00e1n tambi\u00e9n a diario los seguimiento de los medios.<\/p>\n<p><strong>Jornada electoral<\/strong><\/p>\n<p>Por otra parte, el domingo 24 de mayo, Televisi\u00f3n L&#8217;Hospitalet har\u00e1 una cobertura especial de la jornada electoral, ofreciendo informativos durante todo el d\u00eda para dar datos de participaci\u00f3n y de incidencias.<\/p>\n<p>Una vez finalizadas las votaciones, Televisi\u00f3n L&#8217;Hospitalet realizar\u00e1 un programa para aportar los resultados de las elecciones en el municipio y poder recoger las opiniones de los protagonistas.<\/p>\n<p>L&#8217;Hdigital tambi\u00e9n har\u00e1 un seguimiento especial de la jornada. Y el Diari de L&#8217;Hospitalet recoger\u00e1 los resultados en la edici\u00f3n que se publica al d\u00eda siguiente de la jornada electoral.<\/p>\n","protected":false},"excerpt":{"rendered":"<p>Como servicio p\u00fablico a los ciudadanos de L&#8217;Hospitalet, L&#8217;Hdigital y Televisi\u00f3n L&#8217;Hospitalet ponen todos sus medios para seguir la campa\u00f1a electoral de las Elecciones Municipales 2015. L&#8217;Hdigital publica un espacio especial dedicado a los comicios que se actualizar\u00e1 a diario con noticias y v\u00eddeos de Televisi\u00f3n L&#8217;Hospitalet.<\/p>\n","protected":false},"author":8,"featured_media":3378,"comment_status":"closed","ping_status":"closed","sticky":false,"template":"","format":"standard","meta":{"inline_featured_image":false,"_uag_custom_page_level_css":"","_monsterinsights_skip_tracking":false,"_monsterinsights_sitenote_active":false,"_monsterinsights_sitenote_note":"","_monsterinsights_sitenote_category":0,"site-sidebar-layout":"default","site-content-layout":"","ast-site-content-layout":"default","site-content-style":"default","site-sidebar-style":"default","ast-global-header-display":"","ast-banner-title-visibility":"","ast-main-header-display":"","ast-hfb-above-header-display":"","ast-hfb-below-header-display":"","ast-hfb-mobile-header-display":"","site-post-title":"","ast-breadcrumbs-content":"","ast-featured-img":"","footer-sml-layout":"","ast-disable-related-posts":"","theme-transparent-header-meta":"","adv-header-id-meta":"","stick-header-meta":"","header-above-stick-meta":"","header-main-stick-meta":"","header-below-stick-meta":"","astra-migrate-meta-layouts":"default","ast-page-background-enabled":"default","ast-page-background-meta":{"desktop":{"background-color":"var(--ast-global-color-4)","background-image":"","background-repeat":"repeat","background-position":"center center","background-size":"auto","background-attachment":"scroll","background-type":"","background-media":"","overlay-type":"","overlay-color":"","overlay-opacity":"","overlay-gradient":""},"tablet":{"background-color":"","background-image":"","background-repeat":"repeat","background-position":"center center","background-size":"auto","background-attachment":"scroll","background-type":"","background-media":"","overlay-type":"","overlay-color":"","overlay-opacity":"","overlay-gradient":""},"mobile":{"background-color":"","background-image":"","background-repeat":"repeat","background-position":"center center","background-size":"auto","background-attachment":"scroll","background-type":"","background-media":"","overlay-type":"","overlay-color":"","overlay-opacity":"","overlay-gradient":""}},"ast-content-background-meta":{"desktop":{"background-color":"var(--ast-global-color-5)","background-image":"","background-repeat":"repeat","background-position":"center center","background-size":"auto","background-attachment":"scroll","background-type":"","background-media":"","overlay-type":"","overlay-color":"","overlay-opacity":"","overlay-gradient":""},"tablet":{"background-color":"var(--ast-global-color-5)","background-image":"","background-repeat":"repeat","background-position":"center center","background-size":"auto","background-attachment":"scroll","background-type":"","background-media":"","overlay-type":"","overlay-color":"","overlay-opacity":"","overlay-gradient":""},"mobile":{"background-color":"var(--ast-global-color-5)","background-image":"","background-repeat":"repeat","background-position":"center center","background-size":"auto","background-attachment":"scroll","background-type":"","background-media":"","overlay-type":"","overlay-color":"","overlay-opacity":"","overlay-gradient":""}},"footnotes":""},"categories":[81],"tags":[],"class_list":["post-3527","post","type-post","status-publish","format-standard","has-post-thumbnail","hentry","category-medios-comunicacion"],"yoast_head":"<!-- This site is optimized with the Yoast SEO plugin v27.4 - https:\/\/yoast.com\/product\/yoast-seo-wordpress\/ -->\n<title>Especial Elecciones Municipales 2015, en L&#039;Hdigital - La Farga Gesti\u00f3n de Equipamientos Municipales, S.A.<\/title>\n<meta name=\"robots\" content=\"index, follow, max-snippet:-1, max-image-preview:large, max-video-preview:-1\" \/>\n<link rel=\"canonical\" href=\"https:\/\/www.lafarga.com\/corporatiu\/especial-elecciones-municipales-2015-en-lhdigital\/\" \/>\n<meta property=\"og:locale\" content=\"ca_ES\" \/>\n<meta property=\"og:type\" content=\"article\" \/>\n<meta property=\"og:title\" content=\"Especial Elecciones Municipales 2015, en L&#039;Hdigital - La Farga Gesti\u00f3n de Equipamientos Municipales, S.A.\" \/>\n<meta property=\"og:description\" content=\"Como servicio p\u00fablico a los ciudadanos de L&#039;Hospitalet, L&#039;Hdigital y Televisi\u00f3n L&#039;Hospitalet ponen todos sus medios para seguir la campa\u00f1a electoral de las Elecciones Municipales 2015. L&#039;Hdigital publica un espacio especial dedicado a los comicios que se actualizar\u00e1 a diario con noticias y v\u00eddeos de Televisi\u00f3n L&#039;Hospitalet.\" \/>\n<meta property=\"og:url\" content=\"https:\/\/www.lafarga.com\/corporatiu\/especial-elecciones-municipales-2015-en-lhdigital\/\" \/>\n<meta property=\"og:site_name\" content=\"La Farga Gesti\u00f3n de Equipamientos Municipales, S.A.\" \/>\n<meta property=\"article:published_time\" content=\"2015-05-29T10:28:52+00:00\" \/>\n<meta property=\"article:modified_time\" content=\"2015-06-11T07:55:44+00:00\" \/>\n<meta property=\"og:image\" content=\"https:\/\/www.lafarga.com\/corporatiu\/wp-content\/uploads\/2015\/05\/ESPACIAL-LHDIGITAL-farga.jpg\" \/>\n\t<meta property=\"og:image:width\" content=\"730\" \/>\n\t<meta property=\"og:image:height\" content=\"422\" \/>\n\t<meta property=\"og:image:type\" content=\"image\/jpeg\" \/>\n<meta name=\"author\" content=\"admfarga\" \/>\n<meta name=\"twitter:label1\" content=\"Escrit per\" \/>\n\t<meta name=\"twitter:data1\" content=\"admfarga\" \/>\n\t<meta name=\"twitter:label2\" content=\"Temps estimat de lectura\" \/>\n\t<meta name=\"twitter:data2\" content=\"1 minut\" \/>\n<script type=\"application\/ld+json\" class=\"yoast-schema-graph\">{\"@context\":\"https:\\\/\\\/schema.org\",\"@graph\":[{\"@type\":\"Article\",\"@id\":\"https:\\\/\\\/www.lafarga.com\\\/corporatiu\\\/especial-elecciones-municipales-2015-en-lhdigital\\\/#article\",\"isPartOf\":{\"@id\":\"https:\\\/\\\/www.lafarga.com\\\/corporatiu\\\/especial-elecciones-municipales-2015-en-lhdigital\\\/\"},\"author\":{\"name\":\"admfarga\",\"@id\":\"https:\\\/\\\/www.lafarga.com\\\/corporatiu\\\/#\\\/schema\\\/person\\\/0ad4bc37b46f53e6b85ad51c2ac2d685\"},\"headline\":\"Especial Elecciones Municipales 2015, en L&#8217;Hdigital\",\"datePublished\":\"2015-05-29T10:28:52+00:00\",\"dateModified\":\"2015-06-11T07:55:44+00:00\",\"mainEntityOfPage\":{\"@id\":\"https:\\\/\\\/www.lafarga.com\\\/corporatiu\\\/especial-elecciones-municipales-2015-en-lhdigital\\\/\"},\"wordCount\":304,\"publisher\":{\"@id\":\"https:\\\/\\\/www.lafarga.com\\\/corporatiu\\\/#organization\"},\"image\":{\"@id\":\"https:\\\/\\\/www.lafarga.com\\\/corporatiu\\\/especial-elecciones-municipales-2015-en-lhdigital\\\/#primaryimage\"},\"thumbnailUrl\":\"https:\\\/\\\/www.lafarga.com\\\/corporatiu\\\/wp-content\\\/uploads\\\/2015\\\/05\\\/ESPACIAL-LHDIGITAL-farga.jpg\",\"articleSection\":[\"Medios de Comunicaci\u00f3n\"],\"inLanguage\":\"ca\"},{\"@type\":\"WebPage\",\"@id\":\"https:\\\/\\\/www.lafarga.com\\\/corporatiu\\\/especial-elecciones-municipales-2015-en-lhdigital\\\/\",\"url\":\"https:\\\/\\\/www.lafarga.com\\\/corporatiu\\\/especial-elecciones-municipales-2015-en-lhdigital\\\/\",\"name\":\"Especial Elecciones Municipales 2015, en L'Hdigital - La Farga Gesti\u00f3n de Equipamientos Municipales, S.A.\",\"isPartOf\":{\"@id\":\"https:\\\/\\\/www.lafarga.com\\\/corporatiu\\\/#website\"},\"primaryImageOfPage\":{\"@id\":\"https:\\\/\\\/www.lafarga.com\\\/corporatiu\\\/especial-elecciones-municipales-2015-en-lhdigital\\\/#primaryimage\"},\"image\":{\"@id\":\"https:\\\/\\\/www.lafarga.com\\\/corporatiu\\\/especial-elecciones-municipales-2015-en-lhdigital\\\/#primaryimage\"},\"thumbnailUrl\":\"https:\\\/\\\/www.lafarga.com\\\/corporatiu\\\/wp-content\\\/uploads\\\/2015\\\/05\\\/ESPACIAL-LHDIGITAL-farga.jpg\",\"datePublished\":\"2015-05-29T10:28:52+00:00\",\"dateModified\":\"2015-06-11T07:55:44+00:00\",\"breadcrumb\":{\"@id\":\"https:\\\/\\\/www.lafarga.com\\\/corporatiu\\\/especial-elecciones-municipales-2015-en-lhdigital\\\/#breadcrumb\"},\"inLanguage\":\"ca\",\"potentialAction\":[{\"@type\":\"ReadAction\",\"target\":[\"https:\\\/\\\/www.lafarga.com\\\/corporatiu\\\/especial-elecciones-municipales-2015-en-lhdigital\\\/\"]}]},{\"@type\":\"ImageObject\",\"inLanguage\":\"ca\",\"@id\":\"https:\\\/\\\/www.lafarga.com\\\/corporatiu\\\/especial-elecciones-municipales-2015-en-lhdigital\\\/#primaryimage\",\"url\":\"https:\\\/\\\/www.lafarga.com\\\/corporatiu\\\/wp-content\\\/uploads\\\/2015\\\/05\\\/ESPACIAL-LHDIGITAL-farga.jpg\",\"contentUrl\":\"https:\\\/\\\/www.lafarga.com\\\/corporatiu\\\/wp-content\\\/uploads\\\/2015\\\/05\\\/ESPACIAL-LHDIGITAL-farga.jpg\",\"width\":730,\"height\":422},{\"@type\":\"BreadcrumbList\",\"@id\":\"https:\\\/\\\/www.lafarga.com\\\/corporatiu\\\/especial-elecciones-municipales-2015-en-lhdigital\\\/#breadcrumb\",\"itemListElement\":[{\"@type\":\"ListItem\",\"position\":1,\"name\":\"Home\",\"item\":\"https:\\\/\\\/www.lafarga.com\\\/corporatiu\\\/lafarga-hospitalet-llobregat\\\/\"},{\"@type\":\"ListItem\",\"position\":2,\"name\":\"Especial Elecciones Municipales 2015, en L&#8217;Hdigital\"}]},{\"@type\":\"WebSite\",\"@id\":\"https:\\\/\\\/www.lafarga.com\\\/corporatiu\\\/#website\",\"url\":\"https:\\\/\\\/www.lafarga.com\\\/corporatiu\\\/\",\"name\":\"La Farga Gesti\u00f3 d&#039;Equipaments Municipals, SA\",\"description\":\"\",\"publisher\":{\"@id\":\"https:\\\/\\\/www.lafarga.com\\\/corporatiu\\\/#organization\"},\"potentialAction\":[{\"@type\":\"SearchAction\",\"target\":{\"@type\":\"EntryPoint\",\"urlTemplate\":\"https:\\\/\\\/www.lafarga.com\\\/corporatiu\\\/?s={search_term_string}\"},\"query-input\":{\"@type\":\"PropertyValueSpecification\",\"valueRequired\":true,\"valueName\":\"search_term_string\"}}],\"inLanguage\":\"ca\"},{\"@type\":\"Organization\",\"@id\":\"https:\\\/\\\/www.lafarga.com\\\/corporatiu\\\/#organization\",\"name\":\"La Farga Gesti\u00f3 d&#039;Equipaments Municipals, SA\",\"url\":\"https:\\\/\\\/www.lafarga.com\\\/corporatiu\\\/\",\"logo\":{\"@type\":\"ImageObject\",\"inLanguage\":\"ca\",\"@id\":\"https:\\\/\\\/www.lafarga.com\\\/corporatiu\\\/#\\\/schema\\\/logo\\\/image\\\/\",\"url\":\"https:\\\/\\\/www.lafarga.com\\\/corporatiu\\\/wp-content\\\/uploads\\\/2023\\\/11\\\/logotipo_lafarga_gemsa.svg\",\"contentUrl\":\"https:\\\/\\\/www.lafarga.com\\\/corporatiu\\\/wp-content\\\/uploads\\\/2023\\\/11\\\/logotipo_lafarga_gemsa.svg\",\"width\":102,\"height\":103,\"caption\":\"La Farga Gesti\u00f3 d&#039;Equipaments Municipals, SA\"},\"image\":{\"@id\":\"https:\\\/\\\/www.lafarga.com\\\/corporatiu\\\/#\\\/schema\\\/logo\\\/image\\\/\"}},{\"@type\":\"Person\",\"@id\":\"https:\\\/\\\/www.lafarga.com\\\/corporatiu\\\/#\\\/schema\\\/person\\\/0ad4bc37b46f53e6b85ad51c2ac2d685\",\"name\":\"admfarga\",\"image\":{\"@type\":\"ImageObject\",\"inLanguage\":\"ca\",\"@id\":\"https:\\\/\\\/secure.gravatar.com\\\/avatar\\\/2a2db0975754ce87d41cab8623874e9e5ef5d0add52244aba02a09775feab5cb?s=96&d=mm&r=g\",\"url\":\"https:\\\/\\\/secure.gravatar.com\\\/avatar\\\/2a2db0975754ce87d41cab8623874e9e5ef5d0add52244aba02a09775feab5cb?s=96&d=mm&r=g\",\"contentUrl\":\"https:\\\/\\\/secure.gravatar.com\\\/avatar\\\/2a2db0975754ce87d41cab8623874e9e5ef5d0add52244aba02a09775feab5cb?s=96&d=mm&r=g\",\"caption\":\"admfarga\"},\"url\":\"https:\\\/\\\/www.lafarga.com\\\/corporatiu\\\/author\\\/admfarga\\\/\"}]}<\/script>\n<!-- \/ Yoast SEO plugin. -->","yoast_head_json":{"title":"Especial Elecciones Municipales 2015, en L'Hdigital - La Farga Gesti\u00f3n de Equipamientos Municipales, S.A.","robots":{"index":"index","follow":"follow","max-snippet":"max-snippet:-1","max-image-preview":"max-image-preview:large","max-video-preview":"max-video-preview:-1"},"canonical":"https:\/\/www.lafarga.com\/corporatiu\/especial-elecciones-municipales-2015-en-lhdigital\/","og_locale":"ca_ES","og_type":"article","og_title":"Especial Elecciones Municipales 2015, en L'Hdigital - La Farga Gesti\u00f3n de Equipamientos Municipales, S.A.","og_description":"Como servicio p\u00fablico a los ciudadanos de L'Hospitalet, L'Hdigital y Televisi\u00f3n L'Hospitalet ponen todos sus medios para seguir la campa\u00f1a electoral de las Elecciones Municipales 2015. L'Hdigital publica un espacio especial dedicado a los comicios que se actualizar\u00e1 a diario con noticias y v\u00eddeos de Televisi\u00f3n L'Hospitalet.","og_url":"https:\/\/www.lafarga.com\/corporatiu\/especial-elecciones-municipales-2015-en-lhdigital\/","og_site_name":"La Farga Gesti\u00f3n de Equipamientos Municipales, S.A.","article_published_time":"2015-05-29T10:28:52+00:00","article_modified_time":"2015-06-11T07:55:44+00:00","og_image":[{"width":730,"height":422,"url":"https:\/\/www.lafarga.com\/corporatiu\/wp-content\/uploads\/2015\/05\/ESPACIAL-LHDIGITAL-farga.jpg","type":"image\/jpeg"}],"author":"admfarga","twitter_misc":{"Escrit per":"admfarga","Temps estimat de lectura":"1 minut"},"schema":{"@context":"https:\/\/schema.org","@graph":[{"@type":"Article","@id":"https:\/\/www.lafarga.com\/corporatiu\/especial-elecciones-municipales-2015-en-lhdigital\/#article","isPartOf":{"@id":"https:\/\/www.lafarga.com\/corporatiu\/especial-elecciones-municipales-2015-en-lhdigital\/"},"author":{"name":"admfarga","@id":"https:\/\/www.lafarga.com\/corporatiu\/#\/schema\/person\/0ad4bc37b46f53e6b85ad51c2ac2d685"},"headline":"Especial Elecciones Municipales 2015, en L&#8217;Hdigital","datePublished":"2015-05-29T10:28:52+00:00","dateModified":"2015-06-11T07:55:44+00:00","mainEntityOfPage":{"@id":"https:\/\/www.lafarga.com\/corporatiu\/especial-elecciones-municipales-2015-en-lhdigital\/"},"wordCount":304,"publisher":{"@id":"https:\/\/www.lafarga.com\/corporatiu\/#organization"},"image":{"@id":"https:\/\/www.lafarga.com\/corporatiu\/especial-elecciones-municipales-2015-en-lhdigital\/#primaryimage"},"thumbnailUrl":"https:\/\/www.lafarga.com\/corporatiu\/wp-content\/uploads\/2015\/05\/ESPACIAL-LHDIGITAL-farga.jpg","articleSection":["Medios de Comunicaci\u00f3n"],"inLanguage":"ca"},{"@type":"WebPage","@id":"https:\/\/www.lafarga.com\/corporatiu\/especial-elecciones-municipales-2015-en-lhdigital\/","url":"https:\/\/www.lafarga.com\/corporatiu\/especial-elecciones-municipales-2015-en-lhdigital\/","name":"Especial Elecciones Municipales 2015, en L'Hdigital - La Farga Gesti\u00f3n de Equipamientos Municipales, S.A.","isPartOf":{"@id":"https:\/\/www.lafarga.com\/corporatiu\/#website"},"primaryImageOfPage":{"@id":"https:\/\/www.lafarga.com\/corporatiu\/especial-elecciones-municipales-2015-en-lhdigital\/#primaryimage"},"image":{"@id":"https:\/\/www.lafarga.com\/corporatiu\/especial-elecciones-municipales-2015-en-lhdigital\/#primaryimage"},"thumbnailUrl":"https:\/\/www.lafarga.com\/corporatiu\/wp-content\/uploads\/2015\/05\/ESPACIAL-LHDIGITAL-farga.jpg","datePublished":"2015-05-29T10:28:52+00:00","dateModified":"2015-06-11T07:55:44+00:00","breadcrumb":{"@id":"https:\/\/www.lafarga.com\/corporatiu\/especial-elecciones-municipales-2015-en-lhdigital\/#breadcrumb"},"inLanguage":"ca","potentialAction":[{"@type":"ReadAction","target":["https:\/\/www.lafarga.com\/corporatiu\/especial-elecciones-municipales-2015-en-lhdigital\/"]}]},{"@type":"ImageObject","inLanguage":"ca","@id":"https:\/\/www.lafarga.com\/corporatiu\/especial-elecciones-municipales-2015-en-lhdigital\/#primaryimage","url":"https:\/\/www.lafarga.com\/corporatiu\/wp-content\/uploads\/2015\/05\/ESPACIAL-LHDIGITAL-farga.jpg","contentUrl":"https:\/\/www.lafarga.com\/corporatiu\/wp-content\/uploads\/2015\/05\/ESPACIAL-LHDIGITAL-farga.jpg","width":730,"height":422},{"@type":"BreadcrumbList","@id":"https:\/\/www.lafarga.com\/corporatiu\/especial-elecciones-municipales-2015-en-lhdigital\/#breadcrumb","itemListElement":[{"@type":"ListItem","position":1,"name":"Home","item":"https:\/\/www.lafarga.com\/corporatiu\/lafarga-hospitalet-llobregat\/"},{"@type":"ListItem","position":2,"name":"Especial Elecciones Municipales 2015, en L&#8217;Hdigital"}]},{"@type":"WebSite","@id":"https:\/\/www.lafarga.com\/corporatiu\/#website","url":"https:\/\/www.lafarga.com\/corporatiu\/","name":"La Farga Gesti\u00f3 d&#039;Equipaments Municipals, SA","description":"","publisher":{"@id":"https:\/\/www.lafarga.com\/corporatiu\/#organization"},"potentialAction":[{"@type":"SearchAction","target":{"@type":"EntryPoint","urlTemplate":"https:\/\/www.lafarga.com\/corporatiu\/?s={search_term_string}"},"query-input":{"@type":"PropertyValueSpecification","valueRequired":true,"valueName":"search_term_string"}}],"inLanguage":"ca"},{"@type":"Organization","@id":"https:\/\/www.lafarga.com\/corporatiu\/#organization","name":"La Farga Gesti\u00f3 d&#039;Equipaments Municipals, SA","url":"https:\/\/www.lafarga.com\/corporatiu\/","logo":{"@type":"ImageObject","inLanguage":"ca","@id":"https:\/\/www.lafarga.com\/corporatiu\/#\/schema\/logo\/image\/","url":"https:\/\/www.lafarga.com\/corporatiu\/wp-content\/uploads\/2023\/11\/logotipo_lafarga_gemsa.svg","contentUrl":"https:\/\/www.lafarga.com\/corporatiu\/wp-content\/uploads\/2023\/11\/logotipo_lafarga_gemsa.svg","width":102,"height":103,"caption":"La Farga Gesti\u00f3 d&#039;Equipaments Municipals, SA"},"image":{"@id":"https:\/\/www.lafarga.com\/corporatiu\/#\/schema\/logo\/image\/"}},{"@type":"Person","@id":"https:\/\/www.lafarga.com\/corporatiu\/#\/schema\/person\/0ad4bc37b46f53e6b85ad51c2ac2d685","name":"admfarga","image":{"@type":"ImageObject","inLanguage":"ca","@id":"https:\/\/secure.gravatar.com\/avatar\/2a2db0975754ce87d41cab8623874e9e5ef5d0add52244aba02a09775feab5cb?s=96&d=mm&r=g","url":"https:\/\/secure.gravatar.com\/avatar\/2a2db0975754ce87d41cab8623874e9e5ef5d0add52244aba02a09775feab5cb?s=96&d=mm&r=g","contentUrl":"https:\/\/secure.gravatar.com\/avatar\/2a2db0975754ce87d41cab8623874e9e5ef5d0add52244aba02a09775feab5cb?s=96&d=mm&r=g","caption":"admfarga"},"url":"https:\/\/www.lafarga.com\/corporatiu\/author\/admfarga\/"}]}},"uagb_featured_image_src":{"full":["https:\/\/www.lafarga.com\/corporatiu\/wp-content\/uploads\/2015\/05\/ESPACIAL-LHDIGITAL-farga.jpg",730,422,false],"thumbnail":["https:\/\/www.lafarga.com\/corporatiu\/wp-content\/uploads\/2015\/05\/ESPACIAL-LHDIGITAL-farga-150x150.jpg",150,150,true],"medium":["https:\/\/www.lafarga.com\/corporatiu\/wp-content\/uploads\/2015\/05\/ESPACIAL-LHDIGITAL-farga-300x173.jpg",300,173,true],"medium_large":["https:\/\/www.lafarga.com\/corporatiu\/wp-content\/uploads\/2015\/05\/ESPACIAL-LHDIGITAL-farga.jpg",730,422,false],"large":["https:\/\/www.lafarga.com\/corporatiu\/wp-content\/uploads\/2015\/05\/ESPACIAL-LHDIGITAL-farga.jpg",730,422,false],"1536x1536":["https:\/\/www.lafarga.com\/corporatiu\/wp-content\/uploads\/2015\/05\/ESPACIAL-LHDIGITAL-farga.jpg",730,422,false],"2048x2048":["https:\/\/www.lafarga.com\/corporatiu\/wp-content\/uploads\/2015\/05\/ESPACIAL-LHDIGITAL-farga.jpg",730,422,false],"mailpoet_newsletter_max":["https:\/\/www.lafarga.com\/corporatiu\/wp-content\/uploads\/2015\/05\/ESPACIAL-LHDIGITAL-farga.jpg",730,422,false]},"uagb_author_info":{"display_name":"admfarga","author_link":"https:\/\/www.lafarga.com\/corporatiu\/author\/admfarga\/"},"uagb_comment_info":0,"uagb_excerpt":"Como servicio p\u00fablico a los ciudadanos de L'Hospitalet, L'Hdigital y Televisi\u00f3n L'Hospitalet ponen todos sus medios para seguir la campa\u00f1a electoral de las Elecciones Municipales 2015. L'Hdigital publica un espacio especial dedicado a los comicios que se actualizar\u00e1 a diario con noticias y v\u00eddeos de Televisi\u00f3n L'Hospitalet.","_links":{"self":[{"href":"https:\/\/www.lafarga.com\/corporatiu\/wp-json\/wp\/v2\/posts\/3527","targetHints":{"allow":["GET"]}}],"collection":[{"href":"https:\/\/www.lafarga.com\/corporatiu\/wp-json\/wp\/v2\/posts"}],"about":[{"href":"https:\/\/www.lafarga.com\/corporatiu\/wp-json\/wp\/v2\/types\/post"}],"author":[{"embeddable":true,"href":"https:\/\/www.lafarga.com\/corporatiu\/wp-json\/wp\/v2\/users\/8"}],"replies":[{"embeddable":true,"href":"https:\/\/www.lafarga.com\/corporatiu\/wp-json\/wp\/v2\/comments?post=3527"}],"version-history":[{"count":8,"href":"https:\/\/www.lafarga.com\/corporatiu\/wp-json\/wp\/v2\/posts\/3527\/revisions"}],"predecessor-version":[{"id":3869,"href":"https:\/\/www.lafarga.com\/corporatiu\/wp-json\/wp\/v2\/posts\/3527\/revisions\/3869"}],"wp:featuredmedia":[{"embeddable":true,"href":"https:\/\/www.lafarga.com\/corporatiu\/wp-json\/wp\/v2\/media\/3378"}],"wp:attachment":[{"href":"https:\/\/www.lafarga.com\/corporatiu\/wp-json\/wp\/v2\/media?parent=3527"}],"wp:term":[{"taxonomy":"category","embeddable":true,"href":"https:\/\/www.lafarga.com\/corporatiu\/wp-json\/wp\/v2\/categories?post=3527"},{"taxonomy":"post_tag","embeddable":true,"href":"https:\/\/www.lafarga.com\/corporatiu\/wp-json\/wp\/v2\/tags?post=3527"}],"curies":[{"name":"wp","href":"https:\/\/api.w.org\/{rel}","templated":true}]}}