{"id":3377,"date":"2015-05-20T11:39:00","date_gmt":"2015-05-20T11:39:00","guid":{"rendered":"http:\/\/www.lafarga.com\/corporatiu\/?p=3377"},"modified":"2015-06-11T07:55:53","modified_gmt":"2015-06-11T07:55:53","slug":"especial-eleccions-municipals-2015-lhdigital","status":"publish","type":"post","link":"https:\/\/www.lafarga.com\/corporatiu\/especial-eleccions-municipals-2015-lhdigital\/","title":{"rendered":"Especial Eleccions Municipals 2015, a L&#8217;Hdigital"},"content":{"rendered":"<p>Com a servei p\u00fablic als ciutadans de L&#8217;H, L&#8217;Hdigital i Televisi\u00f3 L&#8217;Hospitalet posen tots els seus mitjans per seguir la campanya electoral de les Eleccions Municipals 2015. L&#8217;Hdigital publica un espai especial dedicat als comicis que s&#8217;actualitzar\u00e0 a diari amb not\u00edcies i v\u00eddeos de Televisi\u00f3 L&#8217;Hospitalet.<\/p>\n<p>Els Mitjans de Comunicaci\u00f3 de L&#8217;H seguiran les activitats de campanya de les 10 formacions que han presentat candidatura en aquestes eleccions. De dilluns a divendres, <span style=\"color: #003366;\"><a style=\"color: #003366;\" href=\"http:\/\/lhdigital.cat\/web\/digital-h\/televisio\/tots-els-videos\/tags\/video%20informatiu\" target=\"_blank\">L&#8217;Informatiu<\/a><\/span> recollir\u00e0 les not\u00edcies de la campanya m\u00e9s destacades de la jornada. Totes les informacions es podran consultar posteriorment a la carta a la p\u00e0gina d&#8217;Eleccions Municipals 2015 i a la secci\u00f3 de TV L&#8217;H al portal L&#8217;Hdigital. L&#8217;Hdigital far\u00e0 un seguiment diari.<\/p>\n<p>L&#8217;<span style=\"color: #003366;\"><a style=\"color: #003366;\" href=\"http:\/\/lhdigital.cat\/web\/digital-h\/eleccions_municipals_2015\" target=\"_blank\">especial Eleccions Municipals 2015<\/a><\/span> tamb\u00e9 d\u00f3na a con\u00e8ixer totes les formacions que han presentat candidatura, amb informaci\u00f3 sobre el cap de llista i els noms de totes les persones que hi formen part.<br \/>\nEls perfils a les xarxes socials Facebook i Twitter de L&#8217;Hdigital informaran tamb\u00e9 a diari dels seguiment dels mitjans.<\/p>\n<p><strong>Jornada electoral<\/strong><\/p>\n<p>D&#8217;altra banda, el diumenge 24 de maig, Televisi\u00f3 L&#8217;Hospitalet far\u00e0 una cobertura especial de la jornada electoral, oferint informatius durant tot el dia per donar dades de participaci\u00f3 i d&#8217;incid\u00e8ncies.<\/p>\n<p>Un cop finalitzades les votacions, Televisi\u00f3 L&#8217;Hospitalet realitzar\u00e0 un programa per aportar els resultats de les eleccions al municipi i poder recollir les opinions dels protagonistes.<\/p>\n<p>L&#8217;Hdigital tamb\u00e9 far\u00e0 un seguiment especial de la jornada. I el Diari L&#8217;Hospitalet recollir\u00e0 els resultats en l&#8217;edici\u00f3 que es publica l&#8217;endem\u00e0 de la jornada electoral.<\/p>\n","protected":false},"excerpt":{"rendered":"<p>Com a servei p\u00fablic als ciutadans de L&#8217;H, L&#8217;Hdigital i Televisi\u00f3 L&#8217;Hospitalet posen tots els seus mitjans per seguir la campanya electoral de les Eleccions Municipals 2015. LHdigital publica un espai especial dedicat als comicis que s&#8217;actualitzar\u00e0 a diari amb not\u00edcies i v\u00eddeos de Televisi\u00f3 L&#8217;Hospitalet.<\/p>\n","protected":false},"author":8,"featured_media":3378,"comment_status":"closed","ping_status":"closed","sticky":false,"template":"","format":"standard","meta":{"inline_featured_image":false,"_uag_custom_page_level_css":"","_monsterinsights_skip_tracking":false,"_monsterinsights_sitenote_active":false,"_monsterinsights_sitenote_note":"","_monsterinsights_sitenote_category":0,"site-sidebar-layout":"default","site-content-layout":"","ast-site-content-layout":"default","site-content-style":"default","site-sidebar-style":"default","ast-global-header-display":"","ast-banner-title-visibility":"","ast-main-header-display":"","ast-hfb-above-header-display":"","ast-hfb-below-header-display":"","ast-hfb-mobile-header-display":"","site-post-title":"","ast-breadcrumbs-content":"","ast-featured-img":"","footer-sml-layout":"","ast-disable-related-posts":"","theme-transparent-header-meta":"","adv-header-id-meta":"","stick-header-meta":"","header-above-stick-meta":"","header-main-stick-meta":"","header-below-stick-meta":"","astra-migrate-meta-layouts":"default","ast-page-background-enabled":"default","ast-page-background-meta":{"desktop":{"background-color":"var(--ast-global-color-4)","background-image":"","background-repeat":"repeat","background-position":"center center","background-size":"auto","background-attachment":"scroll","background-type":"","background-media":"","overlay-type":"","overlay-color":"","overlay-opacity":"","overlay-gradient":""},"tablet":{"background-color":"","background-image":"","background-repeat":"repeat","background-position":"center center","background-size":"auto","background-attachment":"scroll","background-type":"","background-media":"","overlay-type":"","overlay-color":"","overlay-opacity":"","overlay-gradient":""},"mobile":{"background-color":"","background-image":"","background-repeat":"repeat","background-position":"center center","background-size":"auto","background-attachment":"scroll","background-type":"","background-media":"","overlay-type":"","overlay-color":"","overlay-opacity":"","overlay-gradient":""}},"ast-content-background-meta":{"desktop":{"background-color":"var(--ast-global-color-5)","background-image":"","background-repeat":"repeat","background-position":"center center","background-size":"auto","background-attachment":"scroll","background-type":"","background-media":"","overlay-type":"","overlay-color":"","overlay-opacity":"","overlay-gradient":""},"tablet":{"background-color":"var(--ast-global-color-5)","background-image":"","background-repeat":"repeat","background-position":"center center","background-size":"auto","background-attachment":"scroll","background-type":"","background-media":"","overlay-type":"","overlay-color":"","overlay-opacity":"","overlay-gradient":""},"mobile":{"background-color":"var(--ast-global-color-5)","background-image":"","background-repeat":"repeat","background-position":"center center","background-size":"auto","background-attachment":"scroll","background-type":"","background-media":"","overlay-type":"","overlay-color":"","overlay-opacity":"","overlay-gradient":""}},"footnotes":""},"categories":[51],"tags":[],"class_list":["post-3377","post","type-post","status-publish","format-standard","has-post-thumbnail","hentry","category-mitjans-comunicacio"],"yoast_head":"<!-- This site is optimized with the Yoast SEO plugin v27.4 - https:\/\/yoast.com\/product\/yoast-seo-wordpress\/ -->\n<title>Especial Eleccions Municipals 2015, a L&#039;Hdigital - La Farga Gesti\u00f3n de Equipamientos Municipales, S.A.<\/title>\n<meta name=\"robots\" content=\"index, follow, max-snippet:-1, max-image-preview:large, max-video-preview:-1\" \/>\n<link rel=\"canonical\" href=\"https:\/\/www.lafarga.com\/corporatiu\/especial-eleccions-municipals-2015-lhdigital\/\" \/>\n<meta property=\"og:locale\" content=\"ca_ES\" \/>\n<meta property=\"og:type\" content=\"article\" \/>\n<meta property=\"og:title\" content=\"Especial Eleccions Municipals 2015, a L&#039;Hdigital - La Farga Gesti\u00f3n de Equipamientos Municipales, S.A.\" \/>\n<meta property=\"og:description\" content=\"Com a servei p\u00fablic als ciutadans de L&#039;H, L&#039;Hdigital i Televisi\u00f3 L&#039;Hospitalet posen tots els seus mitjans per seguir la campanya electoral de les Eleccions Municipals 2015. LHdigital publica un espai especial dedicat als comicis que s&#039;actualitzar\u00e0 a diari amb not\u00edcies i v\u00eddeos de Televisi\u00f3 L&#039;Hospitalet.\" \/>\n<meta property=\"og:url\" content=\"https:\/\/www.lafarga.com\/corporatiu\/especial-eleccions-municipals-2015-lhdigital\/\" \/>\n<meta property=\"og:site_name\" content=\"La Farga Gesti\u00f3n de Equipamientos Municipales, S.A.\" \/>\n<meta property=\"article:published_time\" content=\"2015-05-20T11:39:00+00:00\" \/>\n<meta property=\"article:modified_time\" content=\"2015-06-11T07:55:53+00:00\" \/>\n<meta property=\"og:image\" content=\"https:\/\/www.lafarga.com\/corporatiu\/wp-content\/uploads\/2015\/05\/ESPACIAL-LHDIGITAL-farga.jpg\" \/>\n\t<meta property=\"og:image:width\" content=\"730\" \/>\n\t<meta property=\"og:image:height\" content=\"422\" \/>\n\t<meta property=\"og:image:type\" content=\"image\/jpeg\" \/>\n<meta name=\"author\" content=\"admfarga\" \/>\n<meta name=\"twitter:label1\" content=\"Escrit per\" \/>\n\t<meta name=\"twitter:data1\" content=\"admfarga\" \/>\n\t<meta name=\"twitter:label2\" content=\"Temps estimat de lectura\" \/>\n\t<meta name=\"twitter:data2\" content=\"1 minut\" \/>\n<script type=\"application\/ld+json\" class=\"yoast-schema-graph\">{\"@context\":\"https:\\\/\\\/schema.org\",\"@graph\":[{\"@type\":\"Article\",\"@id\":\"https:\\\/\\\/www.lafarga.com\\\/corporatiu\\\/especial-eleccions-municipals-2015-lhdigital\\\/#article\",\"isPartOf\":{\"@id\":\"https:\\\/\\\/www.lafarga.com\\\/corporatiu\\\/especial-eleccions-municipals-2015-lhdigital\\\/\"},\"author\":{\"name\":\"admfarga\",\"@id\":\"https:\\\/\\\/www.lafarga.com\\\/corporatiu\\\/#\\\/schema\\\/person\\\/0ad4bc37b46f53e6b85ad51c2ac2d685\"},\"headline\":\"Especial Eleccions Municipals 2015, a L&#8217;Hdigital\",\"datePublished\":\"2015-05-20T11:39:00+00:00\",\"dateModified\":\"2015-06-11T07:55:53+00:00\",\"mainEntityOfPage\":{\"@id\":\"https:\\\/\\\/www.lafarga.com\\\/corporatiu\\\/especial-eleccions-municipals-2015-lhdigital\\\/\"},\"wordCount\":283,\"publisher\":{\"@id\":\"https:\\\/\\\/www.lafarga.com\\\/corporatiu\\\/#organization\"},\"image\":{\"@id\":\"https:\\\/\\\/www.lafarga.com\\\/corporatiu\\\/especial-eleccions-municipals-2015-lhdigital\\\/#primaryimage\"},\"thumbnailUrl\":\"https:\\\/\\\/www.lafarga.com\\\/corporatiu\\\/wp-content\\\/uploads\\\/2015\\\/05\\\/ESPACIAL-LHDIGITAL-farga.jpg\",\"articleSection\":[\"Mitjans de Comunicaci\u00f3\"],\"inLanguage\":\"ca\"},{\"@type\":\"WebPage\",\"@id\":\"https:\\\/\\\/www.lafarga.com\\\/corporatiu\\\/especial-eleccions-municipals-2015-lhdigital\\\/\",\"url\":\"https:\\\/\\\/www.lafarga.com\\\/corporatiu\\\/especial-eleccions-municipals-2015-lhdigital\\\/\",\"name\":\"Especial Eleccions Municipals 2015, a L'Hdigital - La Farga Gesti\u00f3n de Equipamientos Municipales, S.A.\",\"isPartOf\":{\"@id\":\"https:\\\/\\\/www.lafarga.com\\\/corporatiu\\\/#website\"},\"primaryImageOfPage\":{\"@id\":\"https:\\\/\\\/www.lafarga.com\\\/corporatiu\\\/especial-eleccions-municipals-2015-lhdigital\\\/#primaryimage\"},\"image\":{\"@id\":\"https:\\\/\\\/www.lafarga.com\\\/corporatiu\\\/especial-eleccions-municipals-2015-lhdigital\\\/#primaryimage\"},\"thumbnailUrl\":\"https:\\\/\\\/www.lafarga.com\\\/corporatiu\\\/wp-content\\\/uploads\\\/2015\\\/05\\\/ESPACIAL-LHDIGITAL-farga.jpg\",\"datePublished\":\"2015-05-20T11:39:00+00:00\",\"dateModified\":\"2015-06-11T07:55:53+00:00\",\"breadcrumb\":{\"@id\":\"https:\\\/\\\/www.lafarga.com\\\/corporatiu\\\/especial-eleccions-municipals-2015-lhdigital\\\/#breadcrumb\"},\"inLanguage\":\"ca\",\"potentialAction\":[{\"@type\":\"ReadAction\",\"target\":[\"https:\\\/\\\/www.lafarga.com\\\/corporatiu\\\/especial-eleccions-municipals-2015-lhdigital\\\/\"]}]},{\"@type\":\"ImageObject\",\"inLanguage\":\"ca\",\"@id\":\"https:\\\/\\\/www.lafarga.com\\\/corporatiu\\\/especial-eleccions-municipals-2015-lhdigital\\\/#primaryimage\",\"url\":\"https:\\\/\\\/www.lafarga.com\\\/corporatiu\\\/wp-content\\\/uploads\\\/2015\\\/05\\\/ESPACIAL-LHDIGITAL-farga.jpg\",\"contentUrl\":\"https:\\\/\\\/www.lafarga.com\\\/corporatiu\\\/wp-content\\\/uploads\\\/2015\\\/05\\\/ESPACIAL-LHDIGITAL-farga.jpg\",\"width\":730,\"height\":422},{\"@type\":\"BreadcrumbList\",\"@id\":\"https:\\\/\\\/www.lafarga.com\\\/corporatiu\\\/especial-eleccions-municipals-2015-lhdigital\\\/#breadcrumb\",\"itemListElement\":[{\"@type\":\"ListItem\",\"position\":1,\"name\":\"Home\",\"item\":\"https:\\\/\\\/www.lafarga.com\\\/corporatiu\\\/lafarga-hospitalet-llobregat\\\/\"},{\"@type\":\"ListItem\",\"position\":2,\"name\":\"Especial Eleccions Municipals 2015, a L&#8217;Hdigital\"}]},{\"@type\":\"WebSite\",\"@id\":\"https:\\\/\\\/www.lafarga.com\\\/corporatiu\\\/#website\",\"url\":\"https:\\\/\\\/www.lafarga.com\\\/corporatiu\\\/\",\"name\":\"La Farga Gesti\u00f3 d&#039;Equipaments Municipals, SA\",\"description\":\"\",\"publisher\":{\"@id\":\"https:\\\/\\\/www.lafarga.com\\\/corporatiu\\\/#organization\"},\"potentialAction\":[{\"@type\":\"SearchAction\",\"target\":{\"@type\":\"EntryPoint\",\"urlTemplate\":\"https:\\\/\\\/www.lafarga.com\\\/corporatiu\\\/?s={search_term_string}\"},\"query-input\":{\"@type\":\"PropertyValueSpecification\",\"valueRequired\":true,\"valueName\":\"search_term_string\"}}],\"inLanguage\":\"ca\"},{\"@type\":\"Organization\",\"@id\":\"https:\\\/\\\/www.lafarga.com\\\/corporatiu\\\/#organization\",\"name\":\"La Farga Gesti\u00f3 d&#039;Equipaments Municipals, SA\",\"url\":\"https:\\\/\\\/www.lafarga.com\\\/corporatiu\\\/\",\"logo\":{\"@type\":\"ImageObject\",\"inLanguage\":\"ca\",\"@id\":\"https:\\\/\\\/www.lafarga.com\\\/corporatiu\\\/#\\\/schema\\\/logo\\\/image\\\/\",\"url\":\"https:\\\/\\\/www.lafarga.com\\\/corporatiu\\\/wp-content\\\/uploads\\\/2023\\\/11\\\/logotipo_lafarga_gemsa.svg\",\"contentUrl\":\"https:\\\/\\\/www.lafarga.com\\\/corporatiu\\\/wp-content\\\/uploads\\\/2023\\\/11\\\/logotipo_lafarga_gemsa.svg\",\"width\":102,\"height\":103,\"caption\":\"La Farga Gesti\u00f3 d&#039;Equipaments Municipals, SA\"},\"image\":{\"@id\":\"https:\\\/\\\/www.lafarga.com\\\/corporatiu\\\/#\\\/schema\\\/logo\\\/image\\\/\"}},{\"@type\":\"Person\",\"@id\":\"https:\\\/\\\/www.lafarga.com\\\/corporatiu\\\/#\\\/schema\\\/person\\\/0ad4bc37b46f53e6b85ad51c2ac2d685\",\"name\":\"admfarga\",\"image\":{\"@type\":\"ImageObject\",\"inLanguage\":\"ca\",\"@id\":\"https:\\\/\\\/secure.gravatar.com\\\/avatar\\\/2a2db0975754ce87d41cab8623874e9e5ef5d0add52244aba02a09775feab5cb?s=96&d=mm&r=g\",\"url\":\"https:\\\/\\\/secure.gravatar.com\\\/avatar\\\/2a2db0975754ce87d41cab8623874e9e5ef5d0add52244aba02a09775feab5cb?s=96&d=mm&r=g\",\"contentUrl\":\"https:\\\/\\\/secure.gravatar.com\\\/avatar\\\/2a2db0975754ce87d41cab8623874e9e5ef5d0add52244aba02a09775feab5cb?s=96&d=mm&r=g\",\"caption\":\"admfarga\"},\"url\":\"https:\\\/\\\/www.lafarga.com\\\/corporatiu\\\/author\\\/admfarga\\\/\"}]}<\/script>\n<!-- \/ Yoast SEO plugin. -->","yoast_head_json":{"title":"Especial Eleccions Municipals 2015, a L'Hdigital - La Farga Gesti\u00f3n de Equipamientos Municipales, S.A.","robots":{"index":"index","follow":"follow","max-snippet":"max-snippet:-1","max-image-preview":"max-image-preview:large","max-video-preview":"max-video-preview:-1"},"canonical":"https:\/\/www.lafarga.com\/corporatiu\/especial-eleccions-municipals-2015-lhdigital\/","og_locale":"ca_ES","og_type":"article","og_title":"Especial Eleccions Municipals 2015, a L'Hdigital - La Farga Gesti\u00f3n de Equipamientos Municipales, S.A.","og_description":"Com a servei p\u00fablic als ciutadans de L'H, L'Hdigital i Televisi\u00f3 L'Hospitalet posen tots els seus mitjans per seguir la campanya electoral de les Eleccions Municipals 2015. LHdigital publica un espai especial dedicat als comicis que s'actualitzar\u00e0 a diari amb not\u00edcies i v\u00eddeos de Televisi\u00f3 L'Hospitalet.","og_url":"https:\/\/www.lafarga.com\/corporatiu\/especial-eleccions-municipals-2015-lhdigital\/","og_site_name":"La Farga Gesti\u00f3n de Equipamientos Municipales, S.A.","article_published_time":"2015-05-20T11:39:00+00:00","article_modified_time":"2015-06-11T07:55:53+00:00","og_image":[{"width":730,"height":422,"url":"https:\/\/www.lafarga.com\/corporatiu\/wp-content\/uploads\/2015\/05\/ESPACIAL-LHDIGITAL-farga.jpg","type":"image\/jpeg"}],"author":"admfarga","twitter_misc":{"Escrit per":"admfarga","Temps estimat de lectura":"1 minut"},"schema":{"@context":"https:\/\/schema.org","@graph":[{"@type":"Article","@id":"https:\/\/www.lafarga.com\/corporatiu\/especial-eleccions-municipals-2015-lhdigital\/#article","isPartOf":{"@id":"https:\/\/www.lafarga.com\/corporatiu\/especial-eleccions-municipals-2015-lhdigital\/"},"author":{"name":"admfarga","@id":"https:\/\/www.lafarga.com\/corporatiu\/#\/schema\/person\/0ad4bc37b46f53e6b85ad51c2ac2d685"},"headline":"Especial Eleccions Municipals 2015, a L&#8217;Hdigital","datePublished":"2015-05-20T11:39:00+00:00","dateModified":"2015-06-11T07:55:53+00:00","mainEntityOfPage":{"@id":"https:\/\/www.lafarga.com\/corporatiu\/especial-eleccions-municipals-2015-lhdigital\/"},"wordCount":283,"publisher":{"@id":"https:\/\/www.lafarga.com\/corporatiu\/#organization"},"image":{"@id":"https:\/\/www.lafarga.com\/corporatiu\/especial-eleccions-municipals-2015-lhdigital\/#primaryimage"},"thumbnailUrl":"https:\/\/www.lafarga.com\/corporatiu\/wp-content\/uploads\/2015\/05\/ESPACIAL-LHDIGITAL-farga.jpg","articleSection":["Mitjans de Comunicaci\u00f3"],"inLanguage":"ca"},{"@type":"WebPage","@id":"https:\/\/www.lafarga.com\/corporatiu\/especial-eleccions-municipals-2015-lhdigital\/","url":"https:\/\/www.lafarga.com\/corporatiu\/especial-eleccions-municipals-2015-lhdigital\/","name":"Especial Eleccions Municipals 2015, a L'Hdigital - La Farga Gesti\u00f3n de Equipamientos Municipales, S.A.","isPartOf":{"@id":"https:\/\/www.lafarga.com\/corporatiu\/#website"},"primaryImageOfPage":{"@id":"https:\/\/www.lafarga.com\/corporatiu\/especial-eleccions-municipals-2015-lhdigital\/#primaryimage"},"image":{"@id":"https:\/\/www.lafarga.com\/corporatiu\/especial-eleccions-municipals-2015-lhdigital\/#primaryimage"},"thumbnailUrl":"https:\/\/www.lafarga.com\/corporatiu\/wp-content\/uploads\/2015\/05\/ESPACIAL-LHDIGITAL-farga.jpg","datePublished":"2015-05-20T11:39:00+00:00","dateModified":"2015-06-11T07:55:53+00:00","breadcrumb":{"@id":"https:\/\/www.lafarga.com\/corporatiu\/especial-eleccions-municipals-2015-lhdigital\/#breadcrumb"},"inLanguage":"ca","potentialAction":[{"@type":"ReadAction","target":["https:\/\/www.lafarga.com\/corporatiu\/especial-eleccions-municipals-2015-lhdigital\/"]}]},{"@type":"ImageObject","inLanguage":"ca","@id":"https:\/\/www.lafarga.com\/corporatiu\/especial-eleccions-municipals-2015-lhdigital\/#primaryimage","url":"https:\/\/www.lafarga.com\/corporatiu\/wp-content\/uploads\/2015\/05\/ESPACIAL-LHDIGITAL-farga.jpg","contentUrl":"https:\/\/www.lafarga.com\/corporatiu\/wp-content\/uploads\/2015\/05\/ESPACIAL-LHDIGITAL-farga.jpg","width":730,"height":422},{"@type":"BreadcrumbList","@id":"https:\/\/www.lafarga.com\/corporatiu\/especial-eleccions-municipals-2015-lhdigital\/#breadcrumb","itemListElement":[{"@type":"ListItem","position":1,"name":"Home","item":"https:\/\/www.lafarga.com\/corporatiu\/lafarga-hospitalet-llobregat\/"},{"@type":"ListItem","position":2,"name":"Especial Eleccions Municipals 2015, a L&#8217;Hdigital"}]},{"@type":"WebSite","@id":"https:\/\/www.lafarga.com\/corporatiu\/#website","url":"https:\/\/www.lafarga.com\/corporatiu\/","name":"La Farga Gesti\u00f3 d&#039;Equipaments Municipals, SA","description":"","publisher":{"@id":"https:\/\/www.lafarga.com\/corporatiu\/#organization"},"potentialAction":[{"@type":"SearchAction","target":{"@type":"EntryPoint","urlTemplate":"https:\/\/www.lafarga.com\/corporatiu\/?s={search_term_string}"},"query-input":{"@type":"PropertyValueSpecification","valueRequired":true,"valueName":"search_term_string"}}],"inLanguage":"ca"},{"@type":"Organization","@id":"https:\/\/www.lafarga.com\/corporatiu\/#organization","name":"La Farga Gesti\u00f3 d&#039;Equipaments Municipals, SA","url":"https:\/\/www.lafarga.com\/corporatiu\/","logo":{"@type":"ImageObject","inLanguage":"ca","@id":"https:\/\/www.lafarga.com\/corporatiu\/#\/schema\/logo\/image\/","url":"https:\/\/www.lafarga.com\/corporatiu\/wp-content\/uploads\/2023\/11\/logotipo_lafarga_gemsa.svg","contentUrl":"https:\/\/www.lafarga.com\/corporatiu\/wp-content\/uploads\/2023\/11\/logotipo_lafarga_gemsa.svg","width":102,"height":103,"caption":"La Farga Gesti\u00f3 d&#039;Equipaments Municipals, SA"},"image":{"@id":"https:\/\/www.lafarga.com\/corporatiu\/#\/schema\/logo\/image\/"}},{"@type":"Person","@id":"https:\/\/www.lafarga.com\/corporatiu\/#\/schema\/person\/0ad4bc37b46f53e6b85ad51c2ac2d685","name":"admfarga","image":{"@type":"ImageObject","inLanguage":"ca","@id":"https:\/\/secure.gravatar.com\/avatar\/2a2db0975754ce87d41cab8623874e9e5ef5d0add52244aba02a09775feab5cb?s=96&d=mm&r=g","url":"https:\/\/secure.gravatar.com\/avatar\/2a2db0975754ce87d41cab8623874e9e5ef5d0add52244aba02a09775feab5cb?s=96&d=mm&r=g","contentUrl":"https:\/\/secure.gravatar.com\/avatar\/2a2db0975754ce87d41cab8623874e9e5ef5d0add52244aba02a09775feab5cb?s=96&d=mm&r=g","caption":"admfarga"},"url":"https:\/\/www.lafarga.com\/corporatiu\/author\/admfarga\/"}]}},"uagb_featured_image_src":{"full":["https:\/\/www.lafarga.com\/corporatiu\/wp-content\/uploads\/2015\/05\/ESPACIAL-LHDIGITAL-farga.jpg",730,422,false],"thumbnail":["https:\/\/www.lafarga.com\/corporatiu\/wp-content\/uploads\/2015\/05\/ESPACIAL-LHDIGITAL-farga-150x150.jpg",150,150,true],"medium":["https:\/\/www.lafarga.com\/corporatiu\/wp-content\/uploads\/2015\/05\/ESPACIAL-LHDIGITAL-farga-300x173.jpg",300,173,true],"medium_large":["https:\/\/www.lafarga.com\/corporatiu\/wp-content\/uploads\/2015\/05\/ESPACIAL-LHDIGITAL-farga.jpg",730,422,false],"large":["https:\/\/www.lafarga.com\/corporatiu\/wp-content\/uploads\/2015\/05\/ESPACIAL-LHDIGITAL-farga.jpg",730,422,false],"1536x1536":["https:\/\/www.lafarga.com\/corporatiu\/wp-content\/uploads\/2015\/05\/ESPACIAL-LHDIGITAL-farga.jpg",730,422,false],"2048x2048":["https:\/\/www.lafarga.com\/corporatiu\/wp-content\/uploads\/2015\/05\/ESPACIAL-LHDIGITAL-farga.jpg",730,422,false],"mailpoet_newsletter_max":["https:\/\/www.lafarga.com\/corporatiu\/wp-content\/uploads\/2015\/05\/ESPACIAL-LHDIGITAL-farga.jpg",730,422,false]},"uagb_author_info":{"display_name":"admfarga","author_link":"https:\/\/www.lafarga.com\/corporatiu\/author\/admfarga\/"},"uagb_comment_info":0,"uagb_excerpt":"Com a servei p\u00fablic als ciutadans de L'H, L'Hdigital i Televisi\u00f3 L'Hospitalet posen tots els seus mitjans per seguir la campanya electoral de les Eleccions Municipals 2015. LHdigital publica un espai especial dedicat als comicis que s'actualitzar\u00e0 a diari amb not\u00edcies i v\u00eddeos de Televisi\u00f3 L'Hospitalet.","_links":{"self":[{"href":"https:\/\/www.lafarga.com\/corporatiu\/wp-json\/wp\/v2\/posts\/3377","targetHints":{"allow":["GET"]}}],"collection":[{"href":"https:\/\/www.lafarga.com\/corporatiu\/wp-json\/wp\/v2\/posts"}],"about":[{"href":"https:\/\/www.lafarga.com\/corporatiu\/wp-json\/wp\/v2\/types\/post"}],"author":[{"embeddable":true,"href":"https:\/\/www.lafarga.com\/corporatiu\/wp-json\/wp\/v2\/users\/8"}],"replies":[{"embeddable":true,"href":"https:\/\/www.lafarga.com\/corporatiu\/wp-json\/wp\/v2\/comments?post=3377"}],"version-history":[{"count":10,"href":"https:\/\/www.lafarga.com\/corporatiu\/wp-json\/wp\/v2\/posts\/3377\/revisions"}],"predecessor-version":[{"id":4373,"href":"https:\/\/www.lafarga.com\/corporatiu\/wp-json\/wp\/v2\/posts\/3377\/revisions\/4373"}],"wp:featuredmedia":[{"embeddable":true,"href":"https:\/\/www.lafarga.com\/corporatiu\/wp-json\/wp\/v2\/media\/3378"}],"wp:attachment":[{"href":"https:\/\/www.lafarga.com\/corporatiu\/wp-json\/wp\/v2\/media?parent=3377"}],"wp:term":[{"taxonomy":"category","embeddable":true,"href":"https:\/\/www.lafarga.com\/corporatiu\/wp-json\/wp\/v2\/categories?post=3377"},{"taxonomy":"post_tag","embeddable":true,"href":"https:\/\/www.lafarga.com\/corporatiu\/wp-json\/wp\/v2\/tags?post=3377"}],"curies":[{"name":"wp","href":"https:\/\/api.w.org\/{rel}","templated":true}]}}