{"id":3110,"date":"2015-04-22T10:42:45","date_gmt":"2015-04-22T10:42:45","guid":{"rendered":"http:\/\/www.lafarga.com\/corporatiu\/?p=3110"},"modified":"2015-06-10T12:08:30","modified_gmt":"2015-06-10T12:08:30","slug":"programacio-especial-mitjans-comunicacio-festes-primavera","status":"publish","type":"post","link":"https:\/\/www.lafarga.com\/corporatiu\/programacio-especial-mitjans-comunicacio-festes-primavera\/","title":{"rendered":"Programaci\u00f3 especial dels Mitjans de Comunicaci\u00f3 per Festes de Primavera"},"content":{"rendered":"<p>La <a href=\"http:\/\/lhdigital.cat\/web\/digital-h\/televisio\" target=\"_blank\">Televisi\u00f3 de L\u2019Hospitalet<\/a> i el portal multim\u00e8dia <a href=\"http:\/\/lhdigital.cat\/web\/digital-h\/\" target=\"_blank\">L\u2019Hdigital<\/a> han preparat continguts i cobertures especials amb motiu de les <a href=\"http:\/\/www.l-h.cat\/webs\/especials\/festesprimavera\/inici.aspx\" target=\"_blank\">Festes de Primavera<\/a> perqu\u00e8 tota la ciutadania pugui gaudir-ne.<\/p>\n<p>Destaca l\u2019emissi\u00f3 en directe el 23 d\u2019abril de L\u2019Informatiu des de la pla\u00e7a de l\u2019Ajuntament, seguit del preg\u00f3 d\u2019Antonio Orozco i del toc d\u2019inici. A partir d\u2019aquesta setmana, els mitjans ja escalfen l\u2019ambient per a les festes. La televisi\u00f3 emet reportatges sobre les convocat\u00f2ries anteriors i el portal L\u2019Hdigital ha obert una secci\u00f3 especial on es poden trobar l\u2019agenda de les festes, fotografies i v\u00eddeos de passades edicions. Tamb\u00e9 hi ser\u00e0 una edici\u00f3 especial del <a href=\"http:\/\/lhdigital.cat\/web\/diari\/diari-l-h\" target=\"_blank\">Diari de L\u2019Hospitalet<\/a>.<\/p>\n<p>El 23 d\u2019abril, diada de Sant Jordi\u00a0i inici de les festes, el plat\u00f3 de L\u2019Informatiu\u00a0de la Televisi\u00f3 de L\u2019Hospitalet\u00a0es traslladar\u00e0 a la pla\u00e7a de\u00a0l\u2019Ajuntament per informar en directe\u00a0de l\u2019actualitat del dia. Des d\u2019all\u00e0\u00a0tamb\u00e9 s\u2019emetr\u00e0 una agenda per\u00a0anunciar els principals actes de\u00a0les festes i, tot seguit, s\u2019oferir\u00e0 la\u00a0transmissi\u00f3 en directe del preg\u00f3 del\u00a0cantant de la Florida i l\u2019espectacle\u00a0del toc d\u2019inici, amb l\u2019exhibici\u00f3 de\u00a0les entitats de la cultura tradicional\u00a0catalana. Aquesta programaci\u00f3\u00a0especial es podr\u00e0 veure tamb\u00e9 en\u00a0streaming per L\u2019Hdigital i a trav\u00e9s de\u00a0l\u2019app dels Mitjans de Comunicaci\u00f3.<\/p>\n<p>Fins al 26 d\u2019abril, de dijous a diumenge, la televisi\u00f3 de la ciutat i el portal multim\u00e8dia faran un seguiment especial de les festes, amb v\u00eddeos, fotografies i not\u00edcies, que s\u2019aniran publicant al llarg de tot el dia. Si no sou a casa, les podreu seguir a les xarxes socials Facebook i Twitter, i amb l\u2019aplicaci\u00f3 per a dispositius m\u00f2bils (lhdigital, d\u2019acc\u00e9s gratu\u00eft a Google Play i per a sistema Android).<\/p>\n","protected":false},"excerpt":{"rendered":"<p>La Televisi\u00f3 de L\u2019Hospitalet i el portal multim\u00e8dia L\u2019Hdigital han preparat continguts i cobertures especials amb motiu de les Festes de Primavera perqu\u00e8 tota la ciutadania pugui gaudir-ne.<\/p>\n","protected":false},"author":8,"featured_media":3118,"comment_status":"closed","ping_status":"closed","sticky":false,"template":"","format":"standard","meta":{"inline_featured_image":false,"_uag_custom_page_level_css":"","_monsterinsights_skip_tracking":false,"_monsterinsights_sitenote_active":false,"_monsterinsights_sitenote_note":"","_monsterinsights_sitenote_category":0,"site-sidebar-layout":"default","site-content-layout":"","ast-site-content-layout":"default","site-content-style":"default","site-sidebar-style":"default","ast-global-header-display":"","ast-banner-title-visibility":"","ast-main-header-display":"","ast-hfb-above-header-display":"","ast-hfb-below-header-display":"","ast-hfb-mobile-header-display":"","site-post-title":"","ast-breadcrumbs-content":"","ast-featured-img":"","footer-sml-layout":"","ast-disable-related-posts":"","theme-transparent-header-meta":"","adv-header-id-meta":"","stick-header-meta":"","header-above-stick-meta":"","header-main-stick-meta":"","header-below-stick-meta":"","astra-migrate-meta-layouts":"default","ast-page-background-enabled":"default","ast-page-background-meta":{"desktop":{"background-color":"var(--ast-global-color-4)","background-image":"","background-repeat":"repeat","background-position":"center center","background-size":"auto","background-attachment":"scroll","background-type":"","background-media":"","overlay-type":"","overlay-color":"","overlay-opacity":"","overlay-gradient":""},"tablet":{"background-color":"","background-image":"","background-repeat":"repeat","background-position":"center center","background-size":"auto","background-attachment":"scroll","background-type":"","background-media":"","overlay-type":"","overlay-color":"","overlay-opacity":"","overlay-gradient":""},"mobile":{"background-color":"","background-image":"","background-repeat":"repeat","background-position":"center center","background-size":"auto","background-attachment":"scroll","background-type":"","background-media":"","overlay-type":"","overlay-color":"","overlay-opacity":"","overlay-gradient":""}},"ast-content-background-meta":{"desktop":{"background-color":"var(--ast-global-color-5)","background-image":"","background-repeat":"repeat","background-position":"center center","background-size":"auto","background-attachment":"scroll","background-type":"","background-media":"","overlay-type":"","overlay-color":"","overlay-opacity":"","overlay-gradient":""},"tablet":{"background-color":"var(--ast-global-color-5)","background-image":"","background-repeat":"repeat","background-position":"center center","background-size":"auto","background-attachment":"scroll","background-type":"","background-media":"","overlay-type":"","overlay-color":"","overlay-opacity":"","overlay-gradient":""},"mobile":{"background-color":"var(--ast-global-color-5)","background-image":"","background-repeat":"repeat","background-position":"center center","background-size":"auto","background-attachment":"scroll","background-type":"","background-media":"","overlay-type":"","overlay-color":"","overlay-opacity":"","overlay-gradient":""}},"footnotes":""},"categories":[51],"tags":[],"class_list":["post-3110","post","type-post","status-publish","format-standard","has-post-thumbnail","hentry","category-mitjans-comunicacio"],"yoast_head":"<!-- This site is optimized with the Yoast SEO plugin v27.4 - https:\/\/yoast.com\/product\/yoast-seo-wordpress\/ -->\n<title>Programaci\u00f3 especial dels Mitjans de Comunicaci\u00f3 per Festes de Primavera - La Farga Gesti\u00f3n de Equipamientos Municipales, S.A.<\/title>\n<meta name=\"robots\" content=\"index, follow, max-snippet:-1, max-image-preview:large, max-video-preview:-1\" \/>\n<link rel=\"canonical\" href=\"https:\/\/www.lafarga.com\/corporatiu\/programacio-especial-mitjans-comunicacio-festes-primavera\/\" \/>\n<meta property=\"og:locale\" content=\"ca_ES\" \/>\n<meta property=\"og:type\" content=\"article\" \/>\n<meta property=\"og:title\" content=\"Programaci\u00f3 especial dels Mitjans de Comunicaci\u00f3 per Festes de Primavera - La Farga Gesti\u00f3n de Equipamientos Municipales, S.A.\" \/>\n<meta property=\"og:description\" content=\"La Televisi\u00f3 de L\u2019Hospitalet i el portal multim\u00e8dia L\u2019Hdigital han preparat continguts i cobertures especials amb motiu de les Festes de Primavera perqu\u00e8 tota la ciutadania pugui gaudir-ne.\" \/>\n<meta property=\"og:url\" content=\"https:\/\/www.lafarga.com\/corporatiu\/programacio-especial-mitjans-comunicacio-festes-primavera\/\" \/>\n<meta property=\"og:site_name\" content=\"La Farga Gesti\u00f3n de Equipamientos Municipales, S.A.\" \/>\n<meta property=\"article:published_time\" content=\"2015-04-22T10:42:45+00:00\" \/>\n<meta property=\"article:modified_time\" content=\"2015-06-10T12:08:30+00:00\" \/>\n<meta property=\"og:image\" content=\"https:\/\/www.lafarga.com\/corporatiu\/wp-content\/uploads\/2015\/04\/tvhospitalet-festes.jpg\" \/>\n\t<meta property=\"og:image:width\" content=\"461\" \/>\n\t<meta property=\"og:image:height\" content=\"251\" \/>\n\t<meta property=\"og:image:type\" content=\"image\/jpeg\" \/>\n<meta name=\"author\" content=\"admfarga\" \/>\n<meta name=\"twitter:label1\" content=\"Escrit per\" \/>\n\t<meta name=\"twitter:data1\" content=\"admfarga\" \/>\n\t<meta name=\"twitter:label2\" content=\"Temps estimat de lectura\" \/>\n\t<meta name=\"twitter:data2\" content=\"2 minuts\" \/>\n<script type=\"application\/ld+json\" class=\"yoast-schema-graph\">{\"@context\":\"https:\\\/\\\/schema.org\",\"@graph\":[{\"@type\":\"Article\",\"@id\":\"https:\\\/\\\/www.lafarga.com\\\/corporatiu\\\/programacio-especial-mitjans-comunicacio-festes-primavera\\\/#article\",\"isPartOf\":{\"@id\":\"https:\\\/\\\/www.lafarga.com\\\/corporatiu\\\/programacio-especial-mitjans-comunicacio-festes-primavera\\\/\"},\"author\":{\"name\":\"admfarga\",\"@id\":\"https:\\\/\\\/www.lafarga.com\\\/corporatiu\\\/#\\\/schema\\\/person\\\/0ad4bc37b46f53e6b85ad51c2ac2d685\"},\"headline\":\"Programaci\u00f3 especial dels Mitjans de Comunicaci\u00f3 per Festes de Primavera\",\"datePublished\":\"2015-04-22T10:42:45+00:00\",\"dateModified\":\"2015-06-10T12:08:30+00:00\",\"mainEntityOfPage\":{\"@id\":\"https:\\\/\\\/www.lafarga.com\\\/corporatiu\\\/programacio-especial-mitjans-comunicacio-festes-primavera\\\/\"},\"wordCount\":326,\"publisher\":{\"@id\":\"https:\\\/\\\/www.lafarga.com\\\/corporatiu\\\/#organization\"},\"image\":{\"@id\":\"https:\\\/\\\/www.lafarga.com\\\/corporatiu\\\/programacio-especial-mitjans-comunicacio-festes-primavera\\\/#primaryimage\"},\"thumbnailUrl\":\"https:\\\/\\\/www.lafarga.com\\\/corporatiu\\\/wp-content\\\/uploads\\\/2015\\\/04\\\/tvhospitalet-festes.jpg\",\"articleSection\":[\"Mitjans de Comunicaci\u00f3\"],\"inLanguage\":\"ca\"},{\"@type\":\"WebPage\",\"@id\":\"https:\\\/\\\/www.lafarga.com\\\/corporatiu\\\/programacio-especial-mitjans-comunicacio-festes-primavera\\\/\",\"url\":\"https:\\\/\\\/www.lafarga.com\\\/corporatiu\\\/programacio-especial-mitjans-comunicacio-festes-primavera\\\/\",\"name\":\"Programaci\u00f3 especial dels Mitjans de Comunicaci\u00f3 per Festes de Primavera - La Farga Gesti\u00f3n de Equipamientos Municipales, S.A.\",\"isPartOf\":{\"@id\":\"https:\\\/\\\/www.lafarga.com\\\/corporatiu\\\/#website\"},\"primaryImageOfPage\":{\"@id\":\"https:\\\/\\\/www.lafarga.com\\\/corporatiu\\\/programacio-especial-mitjans-comunicacio-festes-primavera\\\/#primaryimage\"},\"image\":{\"@id\":\"https:\\\/\\\/www.lafarga.com\\\/corporatiu\\\/programacio-especial-mitjans-comunicacio-festes-primavera\\\/#primaryimage\"},\"thumbnailUrl\":\"https:\\\/\\\/www.lafarga.com\\\/corporatiu\\\/wp-content\\\/uploads\\\/2015\\\/04\\\/tvhospitalet-festes.jpg\",\"datePublished\":\"2015-04-22T10:42:45+00:00\",\"dateModified\":\"2015-06-10T12:08:30+00:00\",\"breadcrumb\":{\"@id\":\"https:\\\/\\\/www.lafarga.com\\\/corporatiu\\\/programacio-especial-mitjans-comunicacio-festes-primavera\\\/#breadcrumb\"},\"inLanguage\":\"ca\",\"potentialAction\":[{\"@type\":\"ReadAction\",\"target\":[\"https:\\\/\\\/www.lafarga.com\\\/corporatiu\\\/programacio-especial-mitjans-comunicacio-festes-primavera\\\/\"]}]},{\"@type\":\"ImageObject\",\"inLanguage\":\"ca\",\"@id\":\"https:\\\/\\\/www.lafarga.com\\\/corporatiu\\\/programacio-especial-mitjans-comunicacio-festes-primavera\\\/#primaryimage\",\"url\":\"https:\\\/\\\/www.lafarga.com\\\/corporatiu\\\/wp-content\\\/uploads\\\/2015\\\/04\\\/tvhospitalet-festes.jpg\",\"contentUrl\":\"https:\\\/\\\/www.lafarga.com\\\/corporatiu\\\/wp-content\\\/uploads\\\/2015\\\/04\\\/tvhospitalet-festes.jpg\",\"width\":461,\"height\":251},{\"@type\":\"BreadcrumbList\",\"@id\":\"https:\\\/\\\/www.lafarga.com\\\/corporatiu\\\/programacio-especial-mitjans-comunicacio-festes-primavera\\\/#breadcrumb\",\"itemListElement\":[{\"@type\":\"ListItem\",\"position\":1,\"name\":\"Home\",\"item\":\"https:\\\/\\\/www.lafarga.com\\\/corporatiu\\\/lafarga-hospitalet-llobregat\\\/\"},{\"@type\":\"ListItem\",\"position\":2,\"name\":\"Programaci\u00f3 especial dels Mitjans de Comunicaci\u00f3 per Festes de Primavera\"}]},{\"@type\":\"WebSite\",\"@id\":\"https:\\\/\\\/www.lafarga.com\\\/corporatiu\\\/#website\",\"url\":\"https:\\\/\\\/www.lafarga.com\\\/corporatiu\\\/\",\"name\":\"La Farga Gesti\u00f3 d&#039;Equipaments Municipals, SA\",\"description\":\"\",\"publisher\":{\"@id\":\"https:\\\/\\\/www.lafarga.com\\\/corporatiu\\\/#organization\"},\"potentialAction\":[{\"@type\":\"SearchAction\",\"target\":{\"@type\":\"EntryPoint\",\"urlTemplate\":\"https:\\\/\\\/www.lafarga.com\\\/corporatiu\\\/?s={search_term_string}\"},\"query-input\":{\"@type\":\"PropertyValueSpecification\",\"valueRequired\":true,\"valueName\":\"search_term_string\"}}],\"inLanguage\":\"ca\"},{\"@type\":\"Organization\",\"@id\":\"https:\\\/\\\/www.lafarga.com\\\/corporatiu\\\/#organization\",\"name\":\"La Farga Gesti\u00f3 d&#039;Equipaments Municipals, SA\",\"url\":\"https:\\\/\\\/www.lafarga.com\\\/corporatiu\\\/\",\"logo\":{\"@type\":\"ImageObject\",\"inLanguage\":\"ca\",\"@id\":\"https:\\\/\\\/www.lafarga.com\\\/corporatiu\\\/#\\\/schema\\\/logo\\\/image\\\/\",\"url\":\"https:\\\/\\\/www.lafarga.com\\\/corporatiu\\\/wp-content\\\/uploads\\\/2023\\\/11\\\/logotipo_lafarga_gemsa.svg\",\"contentUrl\":\"https:\\\/\\\/www.lafarga.com\\\/corporatiu\\\/wp-content\\\/uploads\\\/2023\\\/11\\\/logotipo_lafarga_gemsa.svg\",\"width\":102,\"height\":103,\"caption\":\"La Farga Gesti\u00f3 d&#039;Equipaments Municipals, SA\"},\"image\":{\"@id\":\"https:\\\/\\\/www.lafarga.com\\\/corporatiu\\\/#\\\/schema\\\/logo\\\/image\\\/\"}},{\"@type\":\"Person\",\"@id\":\"https:\\\/\\\/www.lafarga.com\\\/corporatiu\\\/#\\\/schema\\\/person\\\/0ad4bc37b46f53e6b85ad51c2ac2d685\",\"name\":\"admfarga\",\"image\":{\"@type\":\"ImageObject\",\"inLanguage\":\"ca\",\"@id\":\"https:\\\/\\\/secure.gravatar.com\\\/avatar\\\/2a2db0975754ce87d41cab8623874e9e5ef5d0add52244aba02a09775feab5cb?s=96&d=mm&r=g\",\"url\":\"https:\\\/\\\/secure.gravatar.com\\\/avatar\\\/2a2db0975754ce87d41cab8623874e9e5ef5d0add52244aba02a09775feab5cb?s=96&d=mm&r=g\",\"contentUrl\":\"https:\\\/\\\/secure.gravatar.com\\\/avatar\\\/2a2db0975754ce87d41cab8623874e9e5ef5d0add52244aba02a09775feab5cb?s=96&d=mm&r=g\",\"caption\":\"admfarga\"},\"url\":\"https:\\\/\\\/www.lafarga.com\\\/corporatiu\\\/author\\\/admfarga\\\/\"}]}<\/script>\n<!-- \/ Yoast SEO plugin. -->","yoast_head_json":{"title":"Programaci\u00f3 especial dels Mitjans de Comunicaci\u00f3 per Festes de Primavera - La Farga Gesti\u00f3n de Equipamientos Municipales, S.A.","robots":{"index":"index","follow":"follow","max-snippet":"max-snippet:-1","max-image-preview":"max-image-preview:large","max-video-preview":"max-video-preview:-1"},"canonical":"https:\/\/www.lafarga.com\/corporatiu\/programacio-especial-mitjans-comunicacio-festes-primavera\/","og_locale":"ca_ES","og_type":"article","og_title":"Programaci\u00f3 especial dels Mitjans de Comunicaci\u00f3 per Festes de Primavera - La Farga Gesti\u00f3n de Equipamientos Municipales, S.A.","og_description":"La Televisi\u00f3 de L\u2019Hospitalet i el portal multim\u00e8dia L\u2019Hdigital han preparat continguts i cobertures especials amb motiu de les Festes de Primavera perqu\u00e8 tota la ciutadania pugui gaudir-ne.","og_url":"https:\/\/www.lafarga.com\/corporatiu\/programacio-especial-mitjans-comunicacio-festes-primavera\/","og_site_name":"La Farga Gesti\u00f3n de Equipamientos Municipales, S.A.","article_published_time":"2015-04-22T10:42:45+00:00","article_modified_time":"2015-06-10T12:08:30+00:00","og_image":[{"width":461,"height":251,"url":"https:\/\/www.lafarga.com\/corporatiu\/wp-content\/uploads\/2015\/04\/tvhospitalet-festes.jpg","type":"image\/jpeg"}],"author":"admfarga","twitter_misc":{"Escrit per":"admfarga","Temps estimat de lectura":"2 minuts"},"schema":{"@context":"https:\/\/schema.org","@graph":[{"@type":"Article","@id":"https:\/\/www.lafarga.com\/corporatiu\/programacio-especial-mitjans-comunicacio-festes-primavera\/#article","isPartOf":{"@id":"https:\/\/www.lafarga.com\/corporatiu\/programacio-especial-mitjans-comunicacio-festes-primavera\/"},"author":{"name":"admfarga","@id":"https:\/\/www.lafarga.com\/corporatiu\/#\/schema\/person\/0ad4bc37b46f53e6b85ad51c2ac2d685"},"headline":"Programaci\u00f3 especial dels Mitjans de Comunicaci\u00f3 per Festes de Primavera","datePublished":"2015-04-22T10:42:45+00:00","dateModified":"2015-06-10T12:08:30+00:00","mainEntityOfPage":{"@id":"https:\/\/www.lafarga.com\/corporatiu\/programacio-especial-mitjans-comunicacio-festes-primavera\/"},"wordCount":326,"publisher":{"@id":"https:\/\/www.lafarga.com\/corporatiu\/#organization"},"image":{"@id":"https:\/\/www.lafarga.com\/corporatiu\/programacio-especial-mitjans-comunicacio-festes-primavera\/#primaryimage"},"thumbnailUrl":"https:\/\/www.lafarga.com\/corporatiu\/wp-content\/uploads\/2015\/04\/tvhospitalet-festes.jpg","articleSection":["Mitjans de Comunicaci\u00f3"],"inLanguage":"ca"},{"@type":"WebPage","@id":"https:\/\/www.lafarga.com\/corporatiu\/programacio-especial-mitjans-comunicacio-festes-primavera\/","url":"https:\/\/www.lafarga.com\/corporatiu\/programacio-especial-mitjans-comunicacio-festes-primavera\/","name":"Programaci\u00f3 especial dels Mitjans de Comunicaci\u00f3 per Festes de Primavera - La Farga Gesti\u00f3n de Equipamientos Municipales, S.A.","isPartOf":{"@id":"https:\/\/www.lafarga.com\/corporatiu\/#website"},"primaryImageOfPage":{"@id":"https:\/\/www.lafarga.com\/corporatiu\/programacio-especial-mitjans-comunicacio-festes-primavera\/#primaryimage"},"image":{"@id":"https:\/\/www.lafarga.com\/corporatiu\/programacio-especial-mitjans-comunicacio-festes-primavera\/#primaryimage"},"thumbnailUrl":"https:\/\/www.lafarga.com\/corporatiu\/wp-content\/uploads\/2015\/04\/tvhospitalet-festes.jpg","datePublished":"2015-04-22T10:42:45+00:00","dateModified":"2015-06-10T12:08:30+00:00","breadcrumb":{"@id":"https:\/\/www.lafarga.com\/corporatiu\/programacio-especial-mitjans-comunicacio-festes-primavera\/#breadcrumb"},"inLanguage":"ca","potentialAction":[{"@type":"ReadAction","target":["https:\/\/www.lafarga.com\/corporatiu\/programacio-especial-mitjans-comunicacio-festes-primavera\/"]}]},{"@type":"ImageObject","inLanguage":"ca","@id":"https:\/\/www.lafarga.com\/corporatiu\/programacio-especial-mitjans-comunicacio-festes-primavera\/#primaryimage","url":"https:\/\/www.lafarga.com\/corporatiu\/wp-content\/uploads\/2015\/04\/tvhospitalet-festes.jpg","contentUrl":"https:\/\/www.lafarga.com\/corporatiu\/wp-content\/uploads\/2015\/04\/tvhospitalet-festes.jpg","width":461,"height":251},{"@type":"BreadcrumbList","@id":"https:\/\/www.lafarga.com\/corporatiu\/programacio-especial-mitjans-comunicacio-festes-primavera\/#breadcrumb","itemListElement":[{"@type":"ListItem","position":1,"name":"Home","item":"https:\/\/www.lafarga.com\/corporatiu\/lafarga-hospitalet-llobregat\/"},{"@type":"ListItem","position":2,"name":"Programaci\u00f3 especial dels Mitjans de Comunicaci\u00f3 per Festes de Primavera"}]},{"@type":"WebSite","@id":"https:\/\/www.lafarga.com\/corporatiu\/#website","url":"https:\/\/www.lafarga.com\/corporatiu\/","name":"La Farga Gesti\u00f3 d&#039;Equipaments Municipals, SA","description":"","publisher":{"@id":"https:\/\/www.lafarga.com\/corporatiu\/#organization"},"potentialAction":[{"@type":"SearchAction","target":{"@type":"EntryPoint","urlTemplate":"https:\/\/www.lafarga.com\/corporatiu\/?s={search_term_string}"},"query-input":{"@type":"PropertyValueSpecification","valueRequired":true,"valueName":"search_term_string"}}],"inLanguage":"ca"},{"@type":"Organization","@id":"https:\/\/www.lafarga.com\/corporatiu\/#organization","name":"La Farga Gesti\u00f3 d&#039;Equipaments Municipals, SA","url":"https:\/\/www.lafarga.com\/corporatiu\/","logo":{"@type":"ImageObject","inLanguage":"ca","@id":"https:\/\/www.lafarga.com\/corporatiu\/#\/schema\/logo\/image\/","url":"https:\/\/www.lafarga.com\/corporatiu\/wp-content\/uploads\/2023\/11\/logotipo_lafarga_gemsa.svg","contentUrl":"https:\/\/www.lafarga.com\/corporatiu\/wp-content\/uploads\/2023\/11\/logotipo_lafarga_gemsa.svg","width":102,"height":103,"caption":"La Farga Gesti\u00f3 d&#039;Equipaments Municipals, SA"},"image":{"@id":"https:\/\/www.lafarga.com\/corporatiu\/#\/schema\/logo\/image\/"}},{"@type":"Person","@id":"https:\/\/www.lafarga.com\/corporatiu\/#\/schema\/person\/0ad4bc37b46f53e6b85ad51c2ac2d685","name":"admfarga","image":{"@type":"ImageObject","inLanguage":"ca","@id":"https:\/\/secure.gravatar.com\/avatar\/2a2db0975754ce87d41cab8623874e9e5ef5d0add52244aba02a09775feab5cb?s=96&d=mm&r=g","url":"https:\/\/secure.gravatar.com\/avatar\/2a2db0975754ce87d41cab8623874e9e5ef5d0add52244aba02a09775feab5cb?s=96&d=mm&r=g","contentUrl":"https:\/\/secure.gravatar.com\/avatar\/2a2db0975754ce87d41cab8623874e9e5ef5d0add52244aba02a09775feab5cb?s=96&d=mm&r=g","caption":"admfarga"},"url":"https:\/\/www.lafarga.com\/corporatiu\/author\/admfarga\/"}]}},"uagb_featured_image_src":{"full":["https:\/\/www.lafarga.com\/corporatiu\/wp-content\/uploads\/2015\/04\/tvhospitalet-festes.jpg",461,251,false],"thumbnail":["https:\/\/www.lafarga.com\/corporatiu\/wp-content\/uploads\/2015\/04\/tvhospitalet-festes-150x150.jpg",150,150,true],"medium":["https:\/\/www.lafarga.com\/corporatiu\/wp-content\/uploads\/2015\/04\/tvhospitalet-festes-300x163.jpg",300,163,true],"medium_large":["https:\/\/www.lafarga.com\/corporatiu\/wp-content\/uploads\/2015\/04\/tvhospitalet-festes.jpg",461,251,false],"large":["https:\/\/www.lafarga.com\/corporatiu\/wp-content\/uploads\/2015\/04\/tvhospitalet-festes.jpg",461,251,false],"1536x1536":["https:\/\/www.lafarga.com\/corporatiu\/wp-content\/uploads\/2015\/04\/tvhospitalet-festes.jpg",461,251,false],"2048x2048":["https:\/\/www.lafarga.com\/corporatiu\/wp-content\/uploads\/2015\/04\/tvhospitalet-festes.jpg",461,251,false],"mailpoet_newsletter_max":["https:\/\/www.lafarga.com\/corporatiu\/wp-content\/uploads\/2015\/04\/tvhospitalet-festes.jpg",461,251,false]},"uagb_author_info":{"display_name":"admfarga","author_link":"https:\/\/www.lafarga.com\/corporatiu\/author\/admfarga\/"},"uagb_comment_info":0,"uagb_excerpt":"La Televisi\u00f3 de L\u2019Hospitalet i el portal multim\u00e8dia L\u2019Hdigital han preparat continguts i cobertures especials amb motiu de les Festes de Primavera perqu\u00e8 tota la ciutadania pugui gaudir-ne.","_links":{"self":[{"href":"https:\/\/www.lafarga.com\/corporatiu\/wp-json\/wp\/v2\/posts\/3110","targetHints":{"allow":["GET"]}}],"collection":[{"href":"https:\/\/www.lafarga.com\/corporatiu\/wp-json\/wp\/v2\/posts"}],"about":[{"href":"https:\/\/www.lafarga.com\/corporatiu\/wp-json\/wp\/v2\/types\/post"}],"author":[{"embeddable":true,"href":"https:\/\/www.lafarga.com\/corporatiu\/wp-json\/wp\/v2\/users\/8"}],"replies":[{"embeddable":true,"href":"https:\/\/www.lafarga.com\/corporatiu\/wp-json\/wp\/v2\/comments?post=3110"}],"version-history":[{"count":10,"href":"https:\/\/www.lafarga.com\/corporatiu\/wp-json\/wp\/v2\/posts\/3110\/revisions"}],"predecessor-version":[{"id":4360,"href":"https:\/\/www.lafarga.com\/corporatiu\/wp-json\/wp\/v2\/posts\/3110\/revisions\/4360"}],"wp:featuredmedia":[{"embeddable":true,"href":"https:\/\/www.lafarga.com\/corporatiu\/wp-json\/wp\/v2\/media\/3118"}],"wp:attachment":[{"href":"https:\/\/www.lafarga.com\/corporatiu\/wp-json\/wp\/v2\/media?parent=3110"}],"wp:term":[{"taxonomy":"category","embeddable":true,"href":"https:\/\/www.lafarga.com\/corporatiu\/wp-json\/wp\/v2\/categories?post=3110"},{"taxonomy":"post_tag","embeddable":true,"href":"https:\/\/www.lafarga.com\/corporatiu\/wp-json\/wp\/v2\/tags?post=3110"}],"curies":[{"name":"wp","href":"https:\/\/api.w.org\/{rel}","templated":true}]}}