{"id":3094,"date":"2015-04-21T10:53:11","date_gmt":"2015-04-21T10:53:11","guid":{"rendered":"http:\/\/www.lafarga.com\/corporatiu\/?p=3094"},"modified":"2015-06-10T12:04:02","modified_gmt":"2015-06-10T12:04:02","slug":"la-farga-lhospitalet-festa-tres-concerts","status":"publish","type":"post","link":"https:\/\/www.lafarga.com\/corporatiu\/la-farga-lhospitalet-festa-tres-concerts\/","title":{"rendered":"La Farga de L\u2019Hospitalet es vesteix de festa amb tres grans concerts"},"content":{"rendered":"<p style=\"text-align: center;\"><span style=\"color: #003366;\"><strong>Rosario, Siniestro Total, Mclan i Gemeliers, actuacions de les Festes de Primavera 2015<\/strong><\/span><\/p>\n<p>La Farga de L\u2019Hospitalet torna a ser escenari, com cada any, dels concerts multitudinaris de les <span style=\"color: #003366;\"><a style=\"color: #003366;\" href=\"http:\/\/www.l-h.cat\/webs\/especials\/festesprimavera\/inici.aspx\" target=\"_blank\">Festes de Primavera de L\u2019Hospitalet<\/a><\/span>. Enguany l\u2019ampli espai del Centre d\u2019Activitats veur\u00e0 del 24 al 26 d\u2019abril les actuacions de Rosario, Mclan, Siniestro Total i Gemeliers, en tres concerts per a tots els p\u00fablics.<\/p>\n<p>Divendres 24 d\u2019abril, a les 21:30h, obrir\u00e0 el foc <span style=\"color: #003366;\"><a style=\"color: #003366;\" href=\"http:\/\/www.rosarioflores.info\/\" target=\"_blank\">Rosario Flores<\/a><\/span>. Aquesta incombustible artista torna amb la seva macro banda liderada per Fernando Ill\u00e1n. Rosario, que ja va actuar a La Farga en les Festes de Primavera de 1999, passar\u00e0 pel flamenc, pop, rock, soul, funky, blues proposant-nos tamb\u00e9 els seus temes de sempre.<\/p>\n<p>Un dia m\u00e9s tard, dissabte 25 d\u2019abril a les 21h, hi haur\u00e0 un doble concert\u00a0de la m\u00e0 de <span style=\"color: #003366;\"><a style=\"color: #003366;\" href=\"http:\/\/siniestro.com\/\" target=\"_blank\">Siniestro Total<\/a><\/span> i <span style=\"color: #003366;\"><a style=\"color: #003366;\" href=\"http:\/\/www.m-clan.tv\/\" target=\"_blank\">Mclan<\/a><\/span>, grups cl\u00e0ssics dels panorama del rock espanyol . Siniestro Total sempre fidel al seu estil segueixen com el primer dia a peu d\u2019escenari, mostrant-nos com a cultura de vida el rock and roll. Per la seva banda els murcians de Mclan celebren 20 anys damunt dels escenaris i aquest cop ens ofereixen el seu darrer disc <em>\u201cDos noches en el Price\u201d<\/em>. Carlos Tarque i Ricardo Ruip\u00e9re lideren aquest grup que tamb\u00e9 va actuar a La Farga durant les Festes de Primavera de 2011.<\/p>\n<p>Per \u00faltim, diumenge 26 d\u2019abril a les 19h, ens arriba la parella de germans m\u00e9s popular del moment entre el p\u00fablic m\u00e9s jove. Jes\u00fas i Daniel Oviedo m\u00e9s coneguts com a <span style=\"color: #003366;\"><a style=\"color: #003366;\" href=\"http:\/\/www.gemeliersmusic.com\/\" target=\"_blank\">Gemeliers<\/a><\/span> han revolucionat el panorama musical a trav\u00e9s de les xarxes socials i porten el seu treball publicat al maig de 2014 <em>\u201cLo mejor est\u00e0 por venir\u201d<\/em>. Aquests joves sevillans van aconseguir en pocs dies Disc d\u2019Or i Disc de Plat\u00ed per les seves 40.000 c\u00f2pies venudes.<\/p>\n<p>Per a m\u00e9s informaci\u00f3 i venda d&#8217;entrades: <span style=\"color: #003366;\"><a style=\"color: #003366;\" href=\"http:\/\/www.theproject.es\/\" target=\"_blank\">www.theproject.es<\/a><\/span><\/p>\n<p><span style=\"color: #003366;\"><a style=\"color: #003366;\" href=\"http:\/\/lhdigital.cat\/web\/digital-h\/festesprimavera2015\" target=\"_blank\">Especial de Festes de Primavera 2015 dels Mitjans de Comunicaci\u00f3 de L&#8217;Hospitalet<\/a><\/span><\/p>\n","protected":false},"excerpt":{"rendered":"<p>La Farga de L\u2019Hospitalet torna a ser escenari, com cada any, dels concerts multitudinaris de les Festes de Primavera de L\u2019Hospitalet. Enguany l\u2019ampli espai del Centre d\u2019Activitats veur\u00e0 del 24 al 26 d\u2019abril les actuacions de Rosario, Mclan, Siniestro Total i Gemeliers, en tres concerts per a tots els p\u00fablics.<\/p>\n","protected":false},"author":8,"featured_media":3095,"comment_status":"closed","ping_status":"closed","sticky":false,"template":"","format":"standard","meta":{"inline_featured_image":false,"_uag_custom_page_level_css":"","_monsterinsights_skip_tracking":false,"_monsterinsights_sitenote_active":false,"_monsterinsights_sitenote_note":"","_monsterinsights_sitenote_category":0,"site-sidebar-layout":"default","site-content-layout":"","ast-site-content-layout":"default","site-content-style":"default","site-sidebar-style":"default","ast-global-header-display":"","ast-banner-title-visibility":"","ast-main-header-display":"","ast-hfb-above-header-display":"","ast-hfb-below-header-display":"","ast-hfb-mobile-header-display":"","site-post-title":"","ast-breadcrumbs-content":"","ast-featured-img":"","footer-sml-layout":"","ast-disable-related-posts":"","theme-transparent-header-meta":"","adv-header-id-meta":"","stick-header-meta":"","header-above-stick-meta":"","header-main-stick-meta":"","header-below-stick-meta":"","astra-migrate-meta-layouts":"default","ast-page-background-enabled":"default","ast-page-background-meta":{"desktop":{"background-color":"var(--ast-global-color-4)","background-image":"","background-repeat":"repeat","background-position":"center center","background-size":"auto","background-attachment":"scroll","background-type":"","background-media":"","overlay-type":"","overlay-color":"","overlay-opacity":"","overlay-gradient":""},"tablet":{"background-color":"","background-image":"","background-repeat":"repeat","background-position":"center center","background-size":"auto","background-attachment":"scroll","background-type":"","background-media":"","overlay-type":"","overlay-color":"","overlay-opacity":"","overlay-gradient":""},"mobile":{"background-color":"","background-image":"","background-repeat":"repeat","background-position":"center center","background-size":"auto","background-attachment":"scroll","background-type":"","background-media":"","overlay-type":"","overlay-color":"","overlay-opacity":"","overlay-gradient":""}},"ast-content-background-meta":{"desktop":{"background-color":"var(--ast-global-color-5)","background-image":"","background-repeat":"repeat","background-position":"center center","background-size":"auto","background-attachment":"scroll","background-type":"","background-media":"","overlay-type":"","overlay-color":"","overlay-opacity":"","overlay-gradient":""},"tablet":{"background-color":"var(--ast-global-color-5)","background-image":"","background-repeat":"repeat","background-position":"center center","background-size":"auto","background-attachment":"scroll","background-type":"","background-media":"","overlay-type":"","overlay-color":"","overlay-opacity":"","overlay-gradient":""},"mobile":{"background-color":"var(--ast-global-color-5)","background-image":"","background-repeat":"repeat","background-position":"center center","background-size":"auto","background-attachment":"scroll","background-type":"","background-media":"","overlay-type":"","overlay-color":"","overlay-opacity":"","overlay-gradient":""}},"footnotes":""},"categories":[49],"tags":[],"class_list":["post-3094","post","type-post","status-publish","format-standard","has-post-thumbnail","hentry","category-centre-activitats"],"yoast_head":"<!-- This site is optimized with the Yoast SEO plugin v27.4 - https:\/\/yoast.com\/product\/yoast-seo-wordpress\/ -->\n<title>La Farga de L\u2019Hospitalet es vesteix de festa amb tres grans concerts - La Farga Gesti\u00f3n de Equipamientos Municipales, S.A.<\/title>\n<meta name=\"robots\" content=\"index, follow, max-snippet:-1, max-image-preview:large, max-video-preview:-1\" \/>\n<link rel=\"canonical\" href=\"https:\/\/www.lafarga.com\/corporatiu\/la-farga-lhospitalet-festa-tres-concerts\/\" \/>\n<meta property=\"og:locale\" content=\"ca_ES\" \/>\n<meta property=\"og:type\" content=\"article\" \/>\n<meta property=\"og:title\" content=\"La Farga de L\u2019Hospitalet es vesteix de festa amb tres grans concerts - La Farga Gesti\u00f3n de Equipamientos Municipales, S.A.\" \/>\n<meta property=\"og:description\" content=\"La Farga de L\u2019Hospitalet torna a ser escenari, com cada any, dels concerts multitudinaris de les Festes de Primavera de L\u2019Hospitalet. Enguany l\u2019ampli espai del Centre d\u2019Activitats veur\u00e0 del 24 al 26 d\u2019abril les actuacions de Rosario, Mclan, Siniestro Total i Gemeliers, en tres concerts per a tots els p\u00fablics.\" \/>\n<meta property=\"og:url\" content=\"https:\/\/www.lafarga.com\/corporatiu\/la-farga-lhospitalet-festa-tres-concerts\/\" \/>\n<meta property=\"og:site_name\" content=\"La Farga Gesti\u00f3n de Equipamientos Municipales, S.A.\" \/>\n<meta property=\"article:published_time\" content=\"2015-04-21T10:53:11+00:00\" \/>\n<meta property=\"article:modified_time\" content=\"2015-06-10T12:04:02+00:00\" \/>\n<meta property=\"og:image\" content=\"https:\/\/www.lafarga.com\/corporatiu\/wp-content\/uploads\/2015\/04\/Rosario_Farga_Hospitalet.jpg\" \/>\n\t<meta property=\"og:image:width\" content=\"641\" \/>\n\t<meta property=\"og:image:height\" content=\"360\" \/>\n\t<meta property=\"og:image:type\" content=\"image\/jpeg\" \/>\n<meta name=\"author\" content=\"admfarga\" \/>\n<meta name=\"twitter:label1\" content=\"Escrit per\" \/>\n\t<meta name=\"twitter:data1\" content=\"admfarga\" \/>\n\t<meta name=\"twitter:label2\" content=\"Temps estimat de lectura\" \/>\n\t<meta name=\"twitter:data2\" content=\"2 minuts\" \/>\n<script type=\"application\/ld+json\" class=\"yoast-schema-graph\">{\"@context\":\"https:\\\/\\\/schema.org\",\"@graph\":[{\"@type\":\"Article\",\"@id\":\"https:\\\/\\\/www.lafarga.com\\\/corporatiu\\\/la-farga-lhospitalet-festa-tres-concerts\\\/#article\",\"isPartOf\":{\"@id\":\"https:\\\/\\\/www.lafarga.com\\\/corporatiu\\\/la-farga-lhospitalet-festa-tres-concerts\\\/\"},\"author\":{\"name\":\"admfarga\",\"@id\":\"https:\\\/\\\/www.lafarga.com\\\/corporatiu\\\/#\\\/schema\\\/person\\\/0ad4bc37b46f53e6b85ad51c2ac2d685\"},\"headline\":\"La Farga de L\u2019Hospitalet es vesteix de festa amb tres grans concerts\",\"datePublished\":\"2015-04-21T10:53:11+00:00\",\"dateModified\":\"2015-06-10T12:04:02+00:00\",\"mainEntityOfPage\":{\"@id\":\"https:\\\/\\\/www.lafarga.com\\\/corporatiu\\\/la-farga-lhospitalet-festa-tres-concerts\\\/\"},\"wordCount\":348,\"publisher\":{\"@id\":\"https:\\\/\\\/www.lafarga.com\\\/corporatiu\\\/#organization\"},\"image\":{\"@id\":\"https:\\\/\\\/www.lafarga.com\\\/corporatiu\\\/la-farga-lhospitalet-festa-tres-concerts\\\/#primaryimage\"},\"thumbnailUrl\":\"https:\\\/\\\/www.lafarga.com\\\/corporatiu\\\/wp-content\\\/uploads\\\/2015\\\/04\\\/Rosario_Farga_Hospitalet.jpg\",\"articleSection\":[\"Centre d'Activitats\"],\"inLanguage\":\"ca\"},{\"@type\":\"WebPage\",\"@id\":\"https:\\\/\\\/www.lafarga.com\\\/corporatiu\\\/la-farga-lhospitalet-festa-tres-concerts\\\/\",\"url\":\"https:\\\/\\\/www.lafarga.com\\\/corporatiu\\\/la-farga-lhospitalet-festa-tres-concerts\\\/\",\"name\":\"La Farga de L\u2019Hospitalet es vesteix de festa amb tres grans concerts - La Farga Gesti\u00f3n de Equipamientos Municipales, S.A.\",\"isPartOf\":{\"@id\":\"https:\\\/\\\/www.lafarga.com\\\/corporatiu\\\/#website\"},\"primaryImageOfPage\":{\"@id\":\"https:\\\/\\\/www.lafarga.com\\\/corporatiu\\\/la-farga-lhospitalet-festa-tres-concerts\\\/#primaryimage\"},\"image\":{\"@id\":\"https:\\\/\\\/www.lafarga.com\\\/corporatiu\\\/la-farga-lhospitalet-festa-tres-concerts\\\/#primaryimage\"},\"thumbnailUrl\":\"https:\\\/\\\/www.lafarga.com\\\/corporatiu\\\/wp-content\\\/uploads\\\/2015\\\/04\\\/Rosario_Farga_Hospitalet.jpg\",\"datePublished\":\"2015-04-21T10:53:11+00:00\",\"dateModified\":\"2015-06-10T12:04:02+00:00\",\"breadcrumb\":{\"@id\":\"https:\\\/\\\/www.lafarga.com\\\/corporatiu\\\/la-farga-lhospitalet-festa-tres-concerts\\\/#breadcrumb\"},\"inLanguage\":\"ca\",\"potentialAction\":[{\"@type\":\"ReadAction\",\"target\":[\"https:\\\/\\\/www.lafarga.com\\\/corporatiu\\\/la-farga-lhospitalet-festa-tres-concerts\\\/\"]}]},{\"@type\":\"ImageObject\",\"inLanguage\":\"ca\",\"@id\":\"https:\\\/\\\/www.lafarga.com\\\/corporatiu\\\/la-farga-lhospitalet-festa-tres-concerts\\\/#primaryimage\",\"url\":\"https:\\\/\\\/www.lafarga.com\\\/corporatiu\\\/wp-content\\\/uploads\\\/2015\\\/04\\\/Rosario_Farga_Hospitalet.jpg\",\"contentUrl\":\"https:\\\/\\\/www.lafarga.com\\\/corporatiu\\\/wp-content\\\/uploads\\\/2015\\\/04\\\/Rosario_Farga_Hospitalet.jpg\",\"width\":641,\"height\":360},{\"@type\":\"BreadcrumbList\",\"@id\":\"https:\\\/\\\/www.lafarga.com\\\/corporatiu\\\/la-farga-lhospitalet-festa-tres-concerts\\\/#breadcrumb\",\"itemListElement\":[{\"@type\":\"ListItem\",\"position\":1,\"name\":\"Home\",\"item\":\"https:\\\/\\\/www.lafarga.com\\\/corporatiu\\\/lafarga-hospitalet-llobregat\\\/\"},{\"@type\":\"ListItem\",\"position\":2,\"name\":\"La Farga de L\u2019Hospitalet es vesteix de festa amb tres grans concerts\"}]},{\"@type\":\"WebSite\",\"@id\":\"https:\\\/\\\/www.lafarga.com\\\/corporatiu\\\/#website\",\"url\":\"https:\\\/\\\/www.lafarga.com\\\/corporatiu\\\/\",\"name\":\"La Farga Gesti\u00f3 d&#039;Equipaments Municipals, SA\",\"description\":\"\",\"publisher\":{\"@id\":\"https:\\\/\\\/www.lafarga.com\\\/corporatiu\\\/#organization\"},\"potentialAction\":[{\"@type\":\"SearchAction\",\"target\":{\"@type\":\"EntryPoint\",\"urlTemplate\":\"https:\\\/\\\/www.lafarga.com\\\/corporatiu\\\/?s={search_term_string}\"},\"query-input\":{\"@type\":\"PropertyValueSpecification\",\"valueRequired\":true,\"valueName\":\"search_term_string\"}}],\"inLanguage\":\"ca\"},{\"@type\":\"Organization\",\"@id\":\"https:\\\/\\\/www.lafarga.com\\\/corporatiu\\\/#organization\",\"name\":\"La Farga Gesti\u00f3 d&#039;Equipaments Municipals, SA\",\"url\":\"https:\\\/\\\/www.lafarga.com\\\/corporatiu\\\/\",\"logo\":{\"@type\":\"ImageObject\",\"inLanguage\":\"ca\",\"@id\":\"https:\\\/\\\/www.lafarga.com\\\/corporatiu\\\/#\\\/schema\\\/logo\\\/image\\\/\",\"url\":\"https:\\\/\\\/www.lafarga.com\\\/corporatiu\\\/wp-content\\\/uploads\\\/2023\\\/11\\\/logotipo_lafarga_gemsa.svg\",\"contentUrl\":\"https:\\\/\\\/www.lafarga.com\\\/corporatiu\\\/wp-content\\\/uploads\\\/2023\\\/11\\\/logotipo_lafarga_gemsa.svg\",\"width\":102,\"height\":103,\"caption\":\"La Farga Gesti\u00f3 d&#039;Equipaments Municipals, SA\"},\"image\":{\"@id\":\"https:\\\/\\\/www.lafarga.com\\\/corporatiu\\\/#\\\/schema\\\/logo\\\/image\\\/\"}},{\"@type\":\"Person\",\"@id\":\"https:\\\/\\\/www.lafarga.com\\\/corporatiu\\\/#\\\/schema\\\/person\\\/0ad4bc37b46f53e6b85ad51c2ac2d685\",\"name\":\"admfarga\",\"image\":{\"@type\":\"ImageObject\",\"inLanguage\":\"ca\",\"@id\":\"https:\\\/\\\/secure.gravatar.com\\\/avatar\\\/2a2db0975754ce87d41cab8623874e9e5ef5d0add52244aba02a09775feab5cb?s=96&d=mm&r=g\",\"url\":\"https:\\\/\\\/secure.gravatar.com\\\/avatar\\\/2a2db0975754ce87d41cab8623874e9e5ef5d0add52244aba02a09775feab5cb?s=96&d=mm&r=g\",\"contentUrl\":\"https:\\\/\\\/secure.gravatar.com\\\/avatar\\\/2a2db0975754ce87d41cab8623874e9e5ef5d0add52244aba02a09775feab5cb?s=96&d=mm&r=g\",\"caption\":\"admfarga\"},\"url\":\"https:\\\/\\\/www.lafarga.com\\\/corporatiu\\\/author\\\/admfarga\\\/\"}]}<\/script>\n<!-- \/ Yoast SEO plugin. -->","yoast_head_json":{"title":"La Farga de L\u2019Hospitalet es vesteix de festa amb tres grans concerts - La Farga Gesti\u00f3n de Equipamientos Municipales, S.A.","robots":{"index":"index","follow":"follow","max-snippet":"max-snippet:-1","max-image-preview":"max-image-preview:large","max-video-preview":"max-video-preview:-1"},"canonical":"https:\/\/www.lafarga.com\/corporatiu\/la-farga-lhospitalet-festa-tres-concerts\/","og_locale":"ca_ES","og_type":"article","og_title":"La Farga de L\u2019Hospitalet es vesteix de festa amb tres grans concerts - La Farga Gesti\u00f3n de Equipamientos Municipales, S.A.","og_description":"La Farga de L\u2019Hospitalet torna a ser escenari, com cada any, dels concerts multitudinaris de les Festes de Primavera de L\u2019Hospitalet. Enguany l\u2019ampli espai del Centre d\u2019Activitats veur\u00e0 del 24 al 26 d\u2019abril les actuacions de Rosario, Mclan, Siniestro Total i Gemeliers, en tres concerts per a tots els p\u00fablics.","og_url":"https:\/\/www.lafarga.com\/corporatiu\/la-farga-lhospitalet-festa-tres-concerts\/","og_site_name":"La Farga Gesti\u00f3n de Equipamientos Municipales, S.A.","article_published_time":"2015-04-21T10:53:11+00:00","article_modified_time":"2015-06-10T12:04:02+00:00","og_image":[{"width":641,"height":360,"url":"https:\/\/www.lafarga.com\/corporatiu\/wp-content\/uploads\/2015\/04\/Rosario_Farga_Hospitalet.jpg","type":"image\/jpeg"}],"author":"admfarga","twitter_misc":{"Escrit per":"admfarga","Temps estimat de lectura":"2 minuts"},"schema":{"@context":"https:\/\/schema.org","@graph":[{"@type":"Article","@id":"https:\/\/www.lafarga.com\/corporatiu\/la-farga-lhospitalet-festa-tres-concerts\/#article","isPartOf":{"@id":"https:\/\/www.lafarga.com\/corporatiu\/la-farga-lhospitalet-festa-tres-concerts\/"},"author":{"name":"admfarga","@id":"https:\/\/www.lafarga.com\/corporatiu\/#\/schema\/person\/0ad4bc37b46f53e6b85ad51c2ac2d685"},"headline":"La Farga de L\u2019Hospitalet es vesteix de festa amb tres grans concerts","datePublished":"2015-04-21T10:53:11+00:00","dateModified":"2015-06-10T12:04:02+00:00","mainEntityOfPage":{"@id":"https:\/\/www.lafarga.com\/corporatiu\/la-farga-lhospitalet-festa-tres-concerts\/"},"wordCount":348,"publisher":{"@id":"https:\/\/www.lafarga.com\/corporatiu\/#organization"},"image":{"@id":"https:\/\/www.lafarga.com\/corporatiu\/la-farga-lhospitalet-festa-tres-concerts\/#primaryimage"},"thumbnailUrl":"https:\/\/www.lafarga.com\/corporatiu\/wp-content\/uploads\/2015\/04\/Rosario_Farga_Hospitalet.jpg","articleSection":["Centre d'Activitats"],"inLanguage":"ca"},{"@type":"WebPage","@id":"https:\/\/www.lafarga.com\/corporatiu\/la-farga-lhospitalet-festa-tres-concerts\/","url":"https:\/\/www.lafarga.com\/corporatiu\/la-farga-lhospitalet-festa-tres-concerts\/","name":"La Farga de L\u2019Hospitalet es vesteix de festa amb tres grans concerts - La Farga Gesti\u00f3n de Equipamientos Municipales, S.A.","isPartOf":{"@id":"https:\/\/www.lafarga.com\/corporatiu\/#website"},"primaryImageOfPage":{"@id":"https:\/\/www.lafarga.com\/corporatiu\/la-farga-lhospitalet-festa-tres-concerts\/#primaryimage"},"image":{"@id":"https:\/\/www.lafarga.com\/corporatiu\/la-farga-lhospitalet-festa-tres-concerts\/#primaryimage"},"thumbnailUrl":"https:\/\/www.lafarga.com\/corporatiu\/wp-content\/uploads\/2015\/04\/Rosario_Farga_Hospitalet.jpg","datePublished":"2015-04-21T10:53:11+00:00","dateModified":"2015-06-10T12:04:02+00:00","breadcrumb":{"@id":"https:\/\/www.lafarga.com\/corporatiu\/la-farga-lhospitalet-festa-tres-concerts\/#breadcrumb"},"inLanguage":"ca","potentialAction":[{"@type":"ReadAction","target":["https:\/\/www.lafarga.com\/corporatiu\/la-farga-lhospitalet-festa-tres-concerts\/"]}]},{"@type":"ImageObject","inLanguage":"ca","@id":"https:\/\/www.lafarga.com\/corporatiu\/la-farga-lhospitalet-festa-tres-concerts\/#primaryimage","url":"https:\/\/www.lafarga.com\/corporatiu\/wp-content\/uploads\/2015\/04\/Rosario_Farga_Hospitalet.jpg","contentUrl":"https:\/\/www.lafarga.com\/corporatiu\/wp-content\/uploads\/2015\/04\/Rosario_Farga_Hospitalet.jpg","width":641,"height":360},{"@type":"BreadcrumbList","@id":"https:\/\/www.lafarga.com\/corporatiu\/la-farga-lhospitalet-festa-tres-concerts\/#breadcrumb","itemListElement":[{"@type":"ListItem","position":1,"name":"Home","item":"https:\/\/www.lafarga.com\/corporatiu\/lafarga-hospitalet-llobregat\/"},{"@type":"ListItem","position":2,"name":"La Farga de L\u2019Hospitalet es vesteix de festa amb tres grans concerts"}]},{"@type":"WebSite","@id":"https:\/\/www.lafarga.com\/corporatiu\/#website","url":"https:\/\/www.lafarga.com\/corporatiu\/","name":"La Farga Gesti\u00f3 d&#039;Equipaments Municipals, SA","description":"","publisher":{"@id":"https:\/\/www.lafarga.com\/corporatiu\/#organization"},"potentialAction":[{"@type":"SearchAction","target":{"@type":"EntryPoint","urlTemplate":"https:\/\/www.lafarga.com\/corporatiu\/?s={search_term_string}"},"query-input":{"@type":"PropertyValueSpecification","valueRequired":true,"valueName":"search_term_string"}}],"inLanguage":"ca"},{"@type":"Organization","@id":"https:\/\/www.lafarga.com\/corporatiu\/#organization","name":"La Farga Gesti\u00f3 d&#039;Equipaments Municipals, SA","url":"https:\/\/www.lafarga.com\/corporatiu\/","logo":{"@type":"ImageObject","inLanguage":"ca","@id":"https:\/\/www.lafarga.com\/corporatiu\/#\/schema\/logo\/image\/","url":"https:\/\/www.lafarga.com\/corporatiu\/wp-content\/uploads\/2023\/11\/logotipo_lafarga_gemsa.svg","contentUrl":"https:\/\/www.lafarga.com\/corporatiu\/wp-content\/uploads\/2023\/11\/logotipo_lafarga_gemsa.svg","width":102,"height":103,"caption":"La Farga Gesti\u00f3 d&#039;Equipaments Municipals, SA"},"image":{"@id":"https:\/\/www.lafarga.com\/corporatiu\/#\/schema\/logo\/image\/"}},{"@type":"Person","@id":"https:\/\/www.lafarga.com\/corporatiu\/#\/schema\/person\/0ad4bc37b46f53e6b85ad51c2ac2d685","name":"admfarga","image":{"@type":"ImageObject","inLanguage":"ca","@id":"https:\/\/secure.gravatar.com\/avatar\/2a2db0975754ce87d41cab8623874e9e5ef5d0add52244aba02a09775feab5cb?s=96&d=mm&r=g","url":"https:\/\/secure.gravatar.com\/avatar\/2a2db0975754ce87d41cab8623874e9e5ef5d0add52244aba02a09775feab5cb?s=96&d=mm&r=g","contentUrl":"https:\/\/secure.gravatar.com\/avatar\/2a2db0975754ce87d41cab8623874e9e5ef5d0add52244aba02a09775feab5cb?s=96&d=mm&r=g","caption":"admfarga"},"url":"https:\/\/www.lafarga.com\/corporatiu\/author\/admfarga\/"}]}},"uagb_featured_image_src":{"full":["https:\/\/www.lafarga.com\/corporatiu\/wp-content\/uploads\/2015\/04\/Rosario_Farga_Hospitalet.jpg",641,360,false],"thumbnail":["https:\/\/www.lafarga.com\/corporatiu\/wp-content\/uploads\/2015\/04\/Rosario_Farga_Hospitalet-150x150.jpg",150,150,true],"medium":["https:\/\/www.lafarga.com\/corporatiu\/wp-content\/uploads\/2015\/04\/Rosario_Farga_Hospitalet-300x168.jpg",300,168,true],"medium_large":["https:\/\/www.lafarga.com\/corporatiu\/wp-content\/uploads\/2015\/04\/Rosario_Farga_Hospitalet.jpg",641,360,false],"large":["https:\/\/www.lafarga.com\/corporatiu\/wp-content\/uploads\/2015\/04\/Rosario_Farga_Hospitalet.jpg",641,360,false],"1536x1536":["https:\/\/www.lafarga.com\/corporatiu\/wp-content\/uploads\/2015\/04\/Rosario_Farga_Hospitalet.jpg",641,360,false],"2048x2048":["https:\/\/www.lafarga.com\/corporatiu\/wp-content\/uploads\/2015\/04\/Rosario_Farga_Hospitalet.jpg",641,360,false],"mailpoet_newsletter_max":["https:\/\/www.lafarga.com\/corporatiu\/wp-content\/uploads\/2015\/04\/Rosario_Farga_Hospitalet.jpg",641,360,false]},"uagb_author_info":{"display_name":"admfarga","author_link":"https:\/\/www.lafarga.com\/corporatiu\/author\/admfarga\/"},"uagb_comment_info":0,"uagb_excerpt":"La Farga de L\u2019Hospitalet torna a ser escenari, com cada any, dels concerts multitudinaris de les Festes de Primavera de L\u2019Hospitalet. Enguany l\u2019ampli espai del Centre d\u2019Activitats veur\u00e0 del 24 al 26 d\u2019abril les actuacions de Rosario, Mclan, Siniestro Total i Gemeliers, en tres concerts per a tots els p\u00fablics.","_links":{"self":[{"href":"https:\/\/www.lafarga.com\/corporatiu\/wp-json\/wp\/v2\/posts\/3094","targetHints":{"allow":["GET"]}}],"collection":[{"href":"https:\/\/www.lafarga.com\/corporatiu\/wp-json\/wp\/v2\/posts"}],"about":[{"href":"https:\/\/www.lafarga.com\/corporatiu\/wp-json\/wp\/v2\/types\/post"}],"author":[{"embeddable":true,"href":"https:\/\/www.lafarga.com\/corporatiu\/wp-json\/wp\/v2\/users\/8"}],"replies":[{"embeddable":true,"href":"https:\/\/www.lafarga.com\/corporatiu\/wp-json\/wp\/v2\/comments?post=3094"}],"version-history":[{"count":13,"href":"https:\/\/www.lafarga.com\/corporatiu\/wp-json\/wp\/v2\/posts\/3094\/revisions"}],"predecessor-version":[{"id":4357,"href":"https:\/\/www.lafarga.com\/corporatiu\/wp-json\/wp\/v2\/posts\/3094\/revisions\/4357"}],"wp:featuredmedia":[{"embeddable":true,"href":"https:\/\/www.lafarga.com\/corporatiu\/wp-json\/wp\/v2\/media\/3095"}],"wp:attachment":[{"href":"https:\/\/www.lafarga.com\/corporatiu\/wp-json\/wp\/v2\/media?parent=3094"}],"wp:term":[{"taxonomy":"category","embeddable":true,"href":"https:\/\/www.lafarga.com\/corporatiu\/wp-json\/wp\/v2\/categories?post=3094"},{"taxonomy":"post_tag","embeddable":true,"href":"https:\/\/www.lafarga.com\/corporatiu\/wp-json\/wp\/v2\/tags?post=3094"}],"curies":[{"name":"wp","href":"https:\/\/api.w.org\/{rel}","templated":true}]}}