{"id":22423,"date":"2025-09-29T11:18:00","date_gmt":"2025-09-29T11:18:00","guid":{"rendered":"https:\/\/www.lafarga.com\/corporatiu\/?p=22423"},"modified":"2026-03-03T11:18:25","modified_gmt":"2026-03-03T11:18:25","slug":"entran-en-marcha-nuevas-zonas-de-estacionamiento-regulado-en-el-centre-sant-josep-les-planes-y-la-florida","status":"publish","type":"post","link":"https:\/\/www.lafarga.com\/corporatiu\/entran-en-marcha-nuevas-zonas-de-estacionamiento-regulado-en-el-centre-sant-josep-les-planes-y-la-florida\/","title":{"rendered":"Entran en marcha nuevas zonas de estacionamiento regulado en el Centre, Sant Josep, les Planes y la Florida"},"content":{"rendered":"\n<p>Este mi\u00e9rcoles, 1 de octubre, entran en funcionamiento las nuevas zonas verdes de aparcamiento en los barrios del Centre, Sant Josep, les Planes y la Florida, as\u00ed como las zonas azules en los barrios de Les Planes y Sant Josep.<\/p>\n\n\n\n<p>Tambi\u00e9n se activan las nuevas plazas creadas en barrios donde ya exist\u00edan zonas verdes y azules de aparcamiento. Se han ampliado zonas verdes en Sanfeliu, Santa Eul\u00e0lia y Pubilla Cases, y zonas azules en Sanfeliu, el Centre, Santa Eul\u00e0lia, La Florida y Pubilla Cases.<\/p>\n\n\n\n<h3 class=\"wp-block-heading\">\u00bfC\u00f3mo s\u00e9 en qu\u00e9 zona puedo aparcar?<\/h3>\n\n\n\n<p>Los residentes en los distintos barrios pueden aparcar de forma gratuita en la zona verde del barrio en el que est\u00e1 censado el veh\u00edculo. Para saber concretamente en qu\u00e9 calles, hay que entrar en la <a href=\"https:\/\/seuelectronica.l-h.cat\/tramits\/r\/ConsultaZonaVerda.aspx?id=1\" type=\"link\" id=\"https:\/\/seuelectronica.l-h.cat\/tramits\/r\/ConsultaZonaVerda.aspx?id=1\" target=\"_blank\" rel=\"noreferrer noopener\"><strong>secci\u00f3n de tr\u00e1mites de la Sede electr\u00f3nica<\/strong><\/a> e introducir el DNI del titular del veh\u00edculo y la matr\u00edcula.<\/p>\n\n\n\n<p>En el caso de veh\u00edculos de empresa, renting o leasing, debe existir un contrato o documento de cesi\u00f3n a nombre de la persona residente en el barrio.<\/p>\n\n\n\n<h3 class=\"wp-block-heading\">\u00bfQui\u00e9n debe pagar en las zonas verdes?<\/h3>\n\n\n\n<p>Para los residentes no tiene ning\u00fan coste, est\u00e1 100 % bonificado. Para los residentes familiares tiene un coste de 0,20 euros al d\u00eda y para los residentes comerciales, 1,10 euros al d\u00eda. <strong>En las zonas azules no hay bonificaci\u00f3n y es necesario pagar aunque se sea residente<\/strong>.<\/p>\n\n\n\n<p>Los familiares y los comerciantes deben solicitar el permiso para aparcar en la <a href=\"https:\/\/seuelectronica.l-h.cat\/tramits\/r\/detallTramit.aspx?16cvebUS7VmDsrKtWJzZstEmIpM2pacvWSC1XYFAeCRj8jUKlCNsHtgqazBqazB\" type=\"link\" id=\"https:\/\/seuelectronica.l-h.cat\/tramits\/r\/detallTramit.aspx?16cvebUS7VmDsrKtWJzZstEmIpM2pacvWSC1XYFAeCRj8jUKlCNsHtgqazBqazB\"><strong>Sede electr\u00f3nica, en la secci\u00f3n de tr\u00e1mites<\/strong><\/a>.<\/p>\n\n\n\n<h3 class=\"wp-block-heading\">\u00bfEs necesario sacar tiquet f\u00edsico u online?<\/h3>\n\n\n\n<p>Hasta ahora, para aparcar en zonas verdes, los residentes del barrio deb\u00edan solicitar un distintivo al Ayuntamiento para colocarlo en el parabrisas del coche. A partir del 1 de octubre, ser\u00e1 necesario sacar el tique del parqu\u00edmetro o de la app AMB Aparcament Residents (<a href=\"https:\/\/apps.apple.com\/es\/app\/amb-aparcament-residents\/id1462326887\" type=\"link\" id=\"https:\/\/apps.apple.com\/es\/app\/amb-aparcament-residents\/id1462326887\" target=\"_blank\" rel=\"noreferrer noopener\"><strong>descarga la app para iPhone, descarga la app para Android<\/strong><\/a>).<\/p>\n\n\n\n<p>El tique tiene una validez de siete d\u00edas. En caso de obtener el comprobante en los parqu\u00edmetros, s\u00ed es necesario dejarlo visible en el parabrisas.<\/p>\n\n\n\n<p><a href=\"https:\/\/www.l-h.cat\/utils\/obreFitxer.ashx?Fw9EVw48XS7H7XSuQYaKCcDDpk3zoqazASUJjV889tfyvDOlqazCtFJfRQmW2qazCFpqazCpJ476\" type=\"link\" id=\"https:\/\/www.l-h.cat\/utils\/obreFitxer.ashx?Fw9EVw48XS7H7XSuQYaKCcDDpk3zoqazASUJjV889tfyvDOlqazCtFJfRQmW2qazCFpqazCpJ476\" target=\"_blank\" rel=\"noreferrer noopener\"><strong>Para m\u00e1s informaci\u00f3n, consulta el folleto informativo con todos los datos<\/strong>.<\/a><\/p>\n\n\n\n<h3 class=\"wp-block-heading\">Un 50 % m\u00e1s de plazas de estacionamiento regulado<\/h3>\n\n\n\n<p>Durante el verano, se han llevado a cabo las tareas de pintura de las nuevas zonas verdes y azules de aparcamiento y la instalaci\u00f3n de se\u00f1ales y parqu\u00edmetros. Con el fin de informar a la ciudadan\u00eda, en julio <a href=\"https:\/\/www.l-h.cat\/utils\/obreFitxer.ashx?Fw9EVw48XS7H7XSuQYaKCcDDpk3zoqazASUJjV889tfyvDOlqazCtFJfRQmW2qazCFpqazCpJ476\" type=\"link\" id=\"https:\/\/www.l-h.cat\/utils\/obreFitxer.ashx?Fw9EVw48XS7H7XSuQYaKCcDDpk3zoqazASUJjV889tfyvDOlqazCtFJfRQmW2qazCFpqazCpJ476\" target=\"_blank\" rel=\"noreferrer noopener\"><strong>se distribuy\u00f3 en los domicilios un folleto<\/strong><\/a> con informaci\u00f3n pr\u00e1ctica sobre el funcionamiento de las zonas verdes y esta semana se han distribuido carteles en los barrios con nuevas zonas de aparcamiento para anunciar el d\u00eda de la puesta en marcha del servicio.<\/p>\n\n\n\n<p>En esta fase, se han creado, en total, m\u00e1s de 3.250 nuevas plazas de estacionamiento regulado, que se suman a las 6.287 ya existentes, lo que supone un aumento del 50 %.<\/p>\n\n\n\n<p>Dentro de la actuaci\u00f3n de reordenaci\u00f3n del estacionamiento en el espacio p\u00fablico, tambi\u00e9n se han creado <strong>m\u00e1s plazas para motocicletas<\/strong> en la calzada, con el objetivo de liberar espacio en las aceras y devolverlo a los peatones, al mismo tiempo que se mejora la seguridad vial dando m\u00e1s visibilidad a cruces y pasos de peatones.<\/p>\n\n\n\n<p>Del mismo modo, y de acuerdo con lo que establece el nuevo c\u00f3digo de accesibilidad, se han creado nuevas plazas para personas con movilidad reducida. Adem\u00e1s, en los barrios del Centre, Sant Josep, la Florida, les Planes y Pubilla Cases se han reordenado las plazas de distribuci\u00f3n urbana de mercanc\u00edas (zona amarilla o DUM) para dar respuesta a las necesidades actuales de los barrios.<\/p>\n\n\n\n<p>El conjunto de actuaciones forma parte de una planificaci\u00f3n de la ciudad siguiendo el Plan de Movilidad Urbana Sostenible de L\u2019Hospitalet (PMUS), con el objetivo de conseguir un espacio p\u00fablico m\u00e1s ordenado y pacificado y de mejorar la seguridad y la movilidad, teniendo en cuenta las necesidades actuales de L\u2019Hospitalet.<\/p>\n\n\n\n<p>Cuando la fase III est\u00e9 completada, L\u2019Hospitalet dispondr\u00e1, adem\u00e1s, de <strong>1.350 plazas de carga y descarga<\/strong>.<\/p>\n\n\n\n<p>Esta actuaci\u00f3n, cofinanciada con fondos <strong>Next Generation<\/strong>, forma parte de la III fase de implementaci\u00f3n de las \u00e1reas de regulaci\u00f3n del estacionamiento y tambi\u00e9n incluye m\u00e1s zona azul, carga y descarga y la reordenaci\u00f3n de los aparcamientos de motocicletas en otros barrios de la ciudad como Santa Eul\u00e0lia, Sanfeliu y Pubilla Cases.<\/p>\n","protected":false},"excerpt":{"rendered":"<p>Este mi\u00e9rcoles, 1 de octubre, entran en funcionamiento las nuevas zonas verdes de aparcamiento en los barrios del Centre, Sant Josep, Les Planes y La Florida.<\/p>\n","protected":false},"author":5,"featured_media":22421,"comment_status":"closed","ping_status":"closed","sticky":false,"template":"","format":"standard","meta":{"inline_featured_image":false,"_uag_custom_page_level_css":"","_monsterinsights_skip_tracking":false,"_monsterinsights_sitenote_active":false,"_monsterinsights_sitenote_note":"","_monsterinsights_sitenote_category":0,"site-sidebar-layout":"default","site-content-layout":"","ast-site-content-layout":"default","site-content-style":"default","site-sidebar-style":"default","ast-global-header-display":"","ast-banner-title-visibility":"","ast-main-header-display":"","ast-hfb-above-header-display":"","ast-hfb-below-header-display":"","ast-hfb-mobile-header-display":"","site-post-title":"","ast-breadcrumbs-content":"","ast-featured-img":"","footer-sml-layout":"","ast-disable-related-posts":"","theme-transparent-header-meta":"","adv-header-id-meta":"","stick-header-meta":"","header-above-stick-meta":"","header-main-stick-meta":"","header-below-stick-meta":"","astra-migrate-meta-layouts":"default","ast-page-background-enabled":"default","ast-page-background-meta":{"desktop":{"background-color":"var(--ast-global-color-4)","background-image":"","background-repeat":"repeat","background-position":"center center","background-size":"auto","background-attachment":"scroll","background-type":"","background-media":"","overlay-type":"","overlay-color":"","overlay-opacity":"","overlay-gradient":""},"tablet":{"background-color":"","background-image":"","background-repeat":"repeat","background-position":"center center","background-size":"auto","background-attachment":"scroll","background-type":"","background-media":"","overlay-type":"","overlay-color":"","overlay-opacity":"","overlay-gradient":""},"mobile":{"background-color":"","background-image":"","background-repeat":"repeat","background-position":"center center","background-size":"auto","background-attachment":"scroll","background-type":"","background-media":"","overlay-type":"","overlay-color":"","overlay-opacity":"","overlay-gradient":""}},"ast-content-background-meta":{"desktop":{"background-color":"var(--ast-global-color-5)","background-image":"","background-repeat":"repeat","background-position":"center center","background-size":"auto","background-attachment":"scroll","background-type":"","background-media":"","overlay-type":"","overlay-color":"","overlay-opacity":"","overlay-gradient":""},"tablet":{"background-color":"var(--ast-global-color-5)","background-image":"","background-repeat":"repeat","background-position":"center center","background-size":"auto","background-attachment":"scroll","background-type":"","background-media":"","overlay-type":"","overlay-color":"","overlay-opacity":"","overlay-gradient":""},"mobile":{"background-color":"var(--ast-global-color-5)","background-image":"","background-repeat":"repeat","background-position":"center center","background-size":"auto","background-attachment":"scroll","background-type":"","background-media":"","overlay-type":"","overlay-color":"","overlay-opacity":"","overlay-gradient":""}},"footnotes":""},"categories":[83],"tags":[837],"class_list":["post-22423","post","type-post","status-publish","format-standard","has-post-thumbnail","hentry","category-movilidad","tag-zonas-aire"],"yoast_head":"<!-- This site is optimized with the Yoast SEO plugin v27.4 - https:\/\/yoast.com\/product\/yoast-seo-wordpress\/ -->\n<title>Entran en marcha nuevas zonas de estacionamiento regulado en el Centre, Sant Josep, les Planes y la Florida - La Farga Gesti\u00f3n de Equipamientos Municipales, S.A.<\/title>\n<meta name=\"description\" content=\"Aquest dimecres, 1 d\u2019octubre, entren en funcionament les noves zones verdes d\u2019aparcament al Centre, Sant Josep, les Planes i la Florida.\" \/>\n<meta name=\"robots\" content=\"index, follow, max-snippet:-1, max-image-preview:large, max-video-preview:-1\" \/>\n<link rel=\"canonical\" href=\"https:\/\/www.lafarga.com\/corporatiu\/entran-en-marcha-nuevas-zonas-de-estacionamiento-regulado-en-el-centre-sant-josep-les-planes-y-la-florida\/\" \/>\n<meta property=\"og:locale\" content=\"ca_ES\" \/>\n<meta property=\"og:type\" content=\"article\" \/>\n<meta property=\"og:title\" content=\"Entran en marcha nuevas zonas de estacionamiento regulado en el Centre, Sant Josep, les Planes y la Florida - La Farga Gesti\u00f3n de Equipamientos Municipales, S.A.\" \/>\n<meta property=\"og:description\" content=\"Aquest dimecres, 1 d\u2019octubre, entren en funcionament les noves zones verdes d\u2019aparcament al Centre, Sant Josep, les Planes i la Florida.\" \/>\n<meta property=\"og:url\" content=\"https:\/\/www.lafarga.com\/corporatiu\/entran-en-marcha-nuevas-zonas-de-estacionamiento-regulado-en-el-centre-sant-josep-les-planes-y-la-florida\/\" \/>\n<meta property=\"og:site_name\" content=\"La Farga Gesti\u00f3n de Equipamientos Municipales, S.A.\" \/>\n<meta property=\"article:published_time\" content=\"2025-09-29T11:18:00+00:00\" \/>\n<meta property=\"article:modified_time\" content=\"2026-03-03T11:18:25+00:00\" \/>\n<meta property=\"og:image\" content=\"https:\/\/www.lafarga.com\/corporatiu\/wp-content\/uploads\/2026\/03\/Zones-Aires.png\" \/>\n\t<meta property=\"og:image:width\" content=\"1024\" \/>\n\t<meta property=\"og:image:height\" content=\"611\" \/>\n\t<meta property=\"og:image:type\" content=\"image\/png\" \/>\n<meta name=\"author\" content=\"\u00d2scar Milla\" \/>\n<meta name=\"twitter:label1\" content=\"Escrit per\" \/>\n\t<meta name=\"twitter:data1\" content=\"\u00d2scar Milla\" \/>\n\t<meta name=\"twitter:label2\" content=\"Temps estimat de lectura\" \/>\n\t<meta name=\"twitter:data2\" content=\"5 minuts\" \/>\n<script type=\"application\/ld+json\" class=\"yoast-schema-graph\">{\"@context\":\"https:\\\/\\\/schema.org\",\"@graph\":[{\"@type\":\"Article\",\"@id\":\"https:\\\/\\\/www.lafarga.com\\\/corporatiu\\\/entran-en-marcha-nuevas-zonas-de-estacionamiento-regulado-en-el-centre-sant-josep-les-planes-y-la-florida\\\/#article\",\"isPartOf\":{\"@id\":\"https:\\\/\\\/www.lafarga.com\\\/corporatiu\\\/entran-en-marcha-nuevas-zonas-de-estacionamiento-regulado-en-el-centre-sant-josep-les-planes-y-la-florida\\\/\"},\"author\":{\"name\":\"\u00d2scar Milla\",\"@id\":\"https:\\\/\\\/www.lafarga.com\\\/corporatiu\\\/#\\\/schema\\\/person\\\/70d96fe17d0da1a9c9e80d232bdbcf33\"},\"headline\":\"Entran en marcha nuevas zonas de estacionamiento regulado en el Centre, Sant Josep, les Planes y la Florida\",\"datePublished\":\"2025-09-29T11:18:00+00:00\",\"dateModified\":\"2026-03-03T11:18:25+00:00\",\"mainEntityOfPage\":{\"@id\":\"https:\\\/\\\/www.lafarga.com\\\/corporatiu\\\/entran-en-marcha-nuevas-zonas-de-estacionamiento-regulado-en-el-centre-sant-josep-les-planes-y-la-florida\\\/\"},\"wordCount\":768,\"publisher\":{\"@id\":\"https:\\\/\\\/www.lafarga.com\\\/corporatiu\\\/#organization\"},\"image\":{\"@id\":\"https:\\\/\\\/www.lafarga.com\\\/corporatiu\\\/entran-en-marcha-nuevas-zonas-de-estacionamiento-regulado-en-el-centre-sant-josep-les-planes-y-la-florida\\\/#primaryimage\"},\"thumbnailUrl\":\"https:\\\/\\\/www.lafarga.com\\\/corporatiu\\\/wp-content\\\/uploads\\\/2026\\\/03\\\/Zones-Aires.png\",\"keywords\":[\"Zonas Aire\"],\"articleSection\":[\"Estacionamientos Regulados\"],\"inLanguage\":\"ca\"},{\"@type\":\"WebPage\",\"@id\":\"https:\\\/\\\/www.lafarga.com\\\/corporatiu\\\/entran-en-marcha-nuevas-zonas-de-estacionamiento-regulado-en-el-centre-sant-josep-les-planes-y-la-florida\\\/\",\"url\":\"https:\\\/\\\/www.lafarga.com\\\/corporatiu\\\/entran-en-marcha-nuevas-zonas-de-estacionamiento-regulado-en-el-centre-sant-josep-les-planes-y-la-florida\\\/\",\"name\":\"Entran en marcha nuevas zonas de estacionamiento regulado en el Centre, Sant Josep, les Planes y la Florida - La Farga Gesti\u00f3n de Equipamientos Municipales, S.A.\",\"isPartOf\":{\"@id\":\"https:\\\/\\\/www.lafarga.com\\\/corporatiu\\\/#website\"},\"primaryImageOfPage\":{\"@id\":\"https:\\\/\\\/www.lafarga.com\\\/corporatiu\\\/entran-en-marcha-nuevas-zonas-de-estacionamiento-regulado-en-el-centre-sant-josep-les-planes-y-la-florida\\\/#primaryimage\"},\"image\":{\"@id\":\"https:\\\/\\\/www.lafarga.com\\\/corporatiu\\\/entran-en-marcha-nuevas-zonas-de-estacionamiento-regulado-en-el-centre-sant-josep-les-planes-y-la-florida\\\/#primaryimage\"},\"thumbnailUrl\":\"https:\\\/\\\/www.lafarga.com\\\/corporatiu\\\/wp-content\\\/uploads\\\/2026\\\/03\\\/Zones-Aires.png\",\"datePublished\":\"2025-09-29T11:18:00+00:00\",\"dateModified\":\"2026-03-03T11:18:25+00:00\",\"description\":\"Aquest dimecres, 1 d\u2019octubre, entren en funcionament les noves zones verdes d\u2019aparcament al Centre, Sant Josep, les Planes i la Florida.\",\"breadcrumb\":{\"@id\":\"https:\\\/\\\/www.lafarga.com\\\/corporatiu\\\/entran-en-marcha-nuevas-zonas-de-estacionamiento-regulado-en-el-centre-sant-josep-les-planes-y-la-florida\\\/#breadcrumb\"},\"inLanguage\":\"ca\",\"potentialAction\":[{\"@type\":\"ReadAction\",\"target\":[\"https:\\\/\\\/www.lafarga.com\\\/corporatiu\\\/entran-en-marcha-nuevas-zonas-de-estacionamiento-regulado-en-el-centre-sant-josep-les-planes-y-la-florida\\\/\"]}]},{\"@type\":\"ImageObject\",\"inLanguage\":\"ca\",\"@id\":\"https:\\\/\\\/www.lafarga.com\\\/corporatiu\\\/entran-en-marcha-nuevas-zonas-de-estacionamiento-regulado-en-el-centre-sant-josep-les-planes-y-la-florida\\\/#primaryimage\",\"url\":\"https:\\\/\\\/www.lafarga.com\\\/corporatiu\\\/wp-content\\\/uploads\\\/2026\\\/03\\\/Zones-Aires.png\",\"contentUrl\":\"https:\\\/\\\/www.lafarga.com\\\/corporatiu\\\/wp-content\\\/uploads\\\/2026\\\/03\\\/Zones-Aires.png\",\"width\":1024,\"height\":611},{\"@type\":\"BreadcrumbList\",\"@id\":\"https:\\\/\\\/www.lafarga.com\\\/corporatiu\\\/entran-en-marcha-nuevas-zonas-de-estacionamiento-regulado-en-el-centre-sant-josep-les-planes-y-la-florida\\\/#breadcrumb\",\"itemListElement\":[{\"@type\":\"ListItem\",\"position\":1,\"name\":\"Home\",\"item\":\"https:\\\/\\\/www.lafarga.com\\\/corporatiu\\\/lafarga-hospitalet-llobregat\\\/\"},{\"@type\":\"ListItem\",\"position\":2,\"name\":\"Entran en marcha nuevas zonas de estacionamiento regulado en el Centre, Sant Josep, les Planes y la Florida\"}]},{\"@type\":\"WebSite\",\"@id\":\"https:\\\/\\\/www.lafarga.com\\\/corporatiu\\\/#website\",\"url\":\"https:\\\/\\\/www.lafarga.com\\\/corporatiu\\\/\",\"name\":\"La Farga Gesti\u00f3 d&#039;Equipaments Municipals, SA\",\"description\":\"\",\"publisher\":{\"@id\":\"https:\\\/\\\/www.lafarga.com\\\/corporatiu\\\/#organization\"},\"potentialAction\":[{\"@type\":\"SearchAction\",\"target\":{\"@type\":\"EntryPoint\",\"urlTemplate\":\"https:\\\/\\\/www.lafarga.com\\\/corporatiu\\\/?s={search_term_string}\"},\"query-input\":{\"@type\":\"PropertyValueSpecification\",\"valueRequired\":true,\"valueName\":\"search_term_string\"}}],\"inLanguage\":\"ca\"},{\"@type\":\"Organization\",\"@id\":\"https:\\\/\\\/www.lafarga.com\\\/corporatiu\\\/#organization\",\"name\":\"La Farga Gesti\u00f3 d&#039;Equipaments Municipals, SA\",\"url\":\"https:\\\/\\\/www.lafarga.com\\\/corporatiu\\\/\",\"logo\":{\"@type\":\"ImageObject\",\"inLanguage\":\"ca\",\"@id\":\"https:\\\/\\\/www.lafarga.com\\\/corporatiu\\\/#\\\/schema\\\/logo\\\/image\\\/\",\"url\":\"https:\\\/\\\/www.lafarga.com\\\/corporatiu\\\/wp-content\\\/uploads\\\/2023\\\/11\\\/logotipo_lafarga_gemsa.svg\",\"contentUrl\":\"https:\\\/\\\/www.lafarga.com\\\/corporatiu\\\/wp-content\\\/uploads\\\/2023\\\/11\\\/logotipo_lafarga_gemsa.svg\",\"width\":102,\"height\":103,\"caption\":\"La Farga Gesti\u00f3 d&#039;Equipaments Municipals, SA\"},\"image\":{\"@id\":\"https:\\\/\\\/www.lafarga.com\\\/corporatiu\\\/#\\\/schema\\\/logo\\\/image\\\/\"}},{\"@type\":\"Person\",\"@id\":\"https:\\\/\\\/www.lafarga.com\\\/corporatiu\\\/#\\\/schema\\\/person\\\/70d96fe17d0da1a9c9e80d232bdbcf33\",\"name\":\"\u00d2scar Milla\",\"image\":{\"@type\":\"ImageObject\",\"inLanguage\":\"ca\",\"@id\":\"https:\\\/\\\/secure.gravatar.com\\\/avatar\\\/92e75d184f9d5e0e403bd4ad075b080ad258344ddc259adddb579f6a3ba6494f?s=96&d=mm&r=g\",\"url\":\"https:\\\/\\\/secure.gravatar.com\\\/avatar\\\/92e75d184f9d5e0e403bd4ad075b080ad258344ddc259adddb579f6a3ba6494f?s=96&d=mm&r=g\",\"contentUrl\":\"https:\\\/\\\/secure.gravatar.com\\\/avatar\\\/92e75d184f9d5e0e403bd4ad075b080ad258344ddc259adddb579f6a3ba6494f?s=96&d=mm&r=g\",\"caption\":\"\u00d2scar Milla\"},\"url\":\"https:\\\/\\\/www.lafarga.com\\\/corporatiu\\\/author\\\/omilla\\\/\"}]}<\/script>\n<!-- \/ Yoast SEO plugin. -->","yoast_head_json":{"title":"Entran en marcha nuevas zonas de estacionamiento regulado en el Centre, Sant Josep, les Planes y la Florida - La Farga Gesti\u00f3n de Equipamientos Municipales, S.A.","description":"Aquest dimecres, 1 d\u2019octubre, entren en funcionament les noves zones verdes d\u2019aparcament al Centre, Sant Josep, les Planes i la Florida.","robots":{"index":"index","follow":"follow","max-snippet":"max-snippet:-1","max-image-preview":"max-image-preview:large","max-video-preview":"max-video-preview:-1"},"canonical":"https:\/\/www.lafarga.com\/corporatiu\/entran-en-marcha-nuevas-zonas-de-estacionamiento-regulado-en-el-centre-sant-josep-les-planes-y-la-florida\/","og_locale":"ca_ES","og_type":"article","og_title":"Entran en marcha nuevas zonas de estacionamiento regulado en el Centre, Sant Josep, les Planes y la Florida - La Farga Gesti\u00f3n de Equipamientos Municipales, S.A.","og_description":"Aquest dimecres, 1 d\u2019octubre, entren en funcionament les noves zones verdes d\u2019aparcament al Centre, Sant Josep, les Planes i la Florida.","og_url":"https:\/\/www.lafarga.com\/corporatiu\/entran-en-marcha-nuevas-zonas-de-estacionamiento-regulado-en-el-centre-sant-josep-les-planes-y-la-florida\/","og_site_name":"La Farga Gesti\u00f3n de Equipamientos Municipales, S.A.","article_published_time":"2025-09-29T11:18:00+00:00","article_modified_time":"2026-03-03T11:18:25+00:00","og_image":[{"width":1024,"height":611,"url":"https:\/\/www.lafarga.com\/corporatiu\/wp-content\/uploads\/2026\/03\/Zones-Aires.png","type":"image\/png"}],"author":"\u00d2scar Milla","twitter_misc":{"Escrit per":"\u00d2scar Milla","Temps estimat de lectura":"5 minuts"},"schema":{"@context":"https:\/\/schema.org","@graph":[{"@type":"Article","@id":"https:\/\/www.lafarga.com\/corporatiu\/entran-en-marcha-nuevas-zonas-de-estacionamiento-regulado-en-el-centre-sant-josep-les-planes-y-la-florida\/#article","isPartOf":{"@id":"https:\/\/www.lafarga.com\/corporatiu\/entran-en-marcha-nuevas-zonas-de-estacionamiento-regulado-en-el-centre-sant-josep-les-planes-y-la-florida\/"},"author":{"name":"\u00d2scar Milla","@id":"https:\/\/www.lafarga.com\/corporatiu\/#\/schema\/person\/70d96fe17d0da1a9c9e80d232bdbcf33"},"headline":"Entran en marcha nuevas zonas de estacionamiento regulado en el Centre, Sant Josep, les Planes y la Florida","datePublished":"2025-09-29T11:18:00+00:00","dateModified":"2026-03-03T11:18:25+00:00","mainEntityOfPage":{"@id":"https:\/\/www.lafarga.com\/corporatiu\/entran-en-marcha-nuevas-zonas-de-estacionamiento-regulado-en-el-centre-sant-josep-les-planes-y-la-florida\/"},"wordCount":768,"publisher":{"@id":"https:\/\/www.lafarga.com\/corporatiu\/#organization"},"image":{"@id":"https:\/\/www.lafarga.com\/corporatiu\/entran-en-marcha-nuevas-zonas-de-estacionamiento-regulado-en-el-centre-sant-josep-les-planes-y-la-florida\/#primaryimage"},"thumbnailUrl":"https:\/\/www.lafarga.com\/corporatiu\/wp-content\/uploads\/2026\/03\/Zones-Aires.png","keywords":["Zonas Aire"],"articleSection":["Estacionamientos Regulados"],"inLanguage":"ca"},{"@type":"WebPage","@id":"https:\/\/www.lafarga.com\/corporatiu\/entran-en-marcha-nuevas-zonas-de-estacionamiento-regulado-en-el-centre-sant-josep-les-planes-y-la-florida\/","url":"https:\/\/www.lafarga.com\/corporatiu\/entran-en-marcha-nuevas-zonas-de-estacionamiento-regulado-en-el-centre-sant-josep-les-planes-y-la-florida\/","name":"Entran en marcha nuevas zonas de estacionamiento regulado en el Centre, Sant Josep, les Planes y la Florida - La Farga Gesti\u00f3n de Equipamientos Municipales, S.A.","isPartOf":{"@id":"https:\/\/www.lafarga.com\/corporatiu\/#website"},"primaryImageOfPage":{"@id":"https:\/\/www.lafarga.com\/corporatiu\/entran-en-marcha-nuevas-zonas-de-estacionamiento-regulado-en-el-centre-sant-josep-les-planes-y-la-florida\/#primaryimage"},"image":{"@id":"https:\/\/www.lafarga.com\/corporatiu\/entran-en-marcha-nuevas-zonas-de-estacionamiento-regulado-en-el-centre-sant-josep-les-planes-y-la-florida\/#primaryimage"},"thumbnailUrl":"https:\/\/www.lafarga.com\/corporatiu\/wp-content\/uploads\/2026\/03\/Zones-Aires.png","datePublished":"2025-09-29T11:18:00+00:00","dateModified":"2026-03-03T11:18:25+00:00","description":"Aquest dimecres, 1 d\u2019octubre, entren en funcionament les noves zones verdes d\u2019aparcament al Centre, Sant Josep, les Planes i la Florida.","breadcrumb":{"@id":"https:\/\/www.lafarga.com\/corporatiu\/entran-en-marcha-nuevas-zonas-de-estacionamiento-regulado-en-el-centre-sant-josep-les-planes-y-la-florida\/#breadcrumb"},"inLanguage":"ca","potentialAction":[{"@type":"ReadAction","target":["https:\/\/www.lafarga.com\/corporatiu\/entran-en-marcha-nuevas-zonas-de-estacionamiento-regulado-en-el-centre-sant-josep-les-planes-y-la-florida\/"]}]},{"@type":"ImageObject","inLanguage":"ca","@id":"https:\/\/www.lafarga.com\/corporatiu\/entran-en-marcha-nuevas-zonas-de-estacionamiento-regulado-en-el-centre-sant-josep-les-planes-y-la-florida\/#primaryimage","url":"https:\/\/www.lafarga.com\/corporatiu\/wp-content\/uploads\/2026\/03\/Zones-Aires.png","contentUrl":"https:\/\/www.lafarga.com\/corporatiu\/wp-content\/uploads\/2026\/03\/Zones-Aires.png","width":1024,"height":611},{"@type":"BreadcrumbList","@id":"https:\/\/www.lafarga.com\/corporatiu\/entran-en-marcha-nuevas-zonas-de-estacionamiento-regulado-en-el-centre-sant-josep-les-planes-y-la-florida\/#breadcrumb","itemListElement":[{"@type":"ListItem","position":1,"name":"Home","item":"https:\/\/www.lafarga.com\/corporatiu\/lafarga-hospitalet-llobregat\/"},{"@type":"ListItem","position":2,"name":"Entran en marcha nuevas zonas de estacionamiento regulado en el Centre, Sant Josep, les Planes y la Florida"}]},{"@type":"WebSite","@id":"https:\/\/www.lafarga.com\/corporatiu\/#website","url":"https:\/\/www.lafarga.com\/corporatiu\/","name":"La Farga Gesti\u00f3 d&#039;Equipaments Municipals, SA","description":"","publisher":{"@id":"https:\/\/www.lafarga.com\/corporatiu\/#organization"},"potentialAction":[{"@type":"SearchAction","target":{"@type":"EntryPoint","urlTemplate":"https:\/\/www.lafarga.com\/corporatiu\/?s={search_term_string}"},"query-input":{"@type":"PropertyValueSpecification","valueRequired":true,"valueName":"search_term_string"}}],"inLanguage":"ca"},{"@type":"Organization","@id":"https:\/\/www.lafarga.com\/corporatiu\/#organization","name":"La Farga Gesti\u00f3 d&#039;Equipaments Municipals, SA","url":"https:\/\/www.lafarga.com\/corporatiu\/","logo":{"@type":"ImageObject","inLanguage":"ca","@id":"https:\/\/www.lafarga.com\/corporatiu\/#\/schema\/logo\/image\/","url":"https:\/\/www.lafarga.com\/corporatiu\/wp-content\/uploads\/2023\/11\/logotipo_lafarga_gemsa.svg","contentUrl":"https:\/\/www.lafarga.com\/corporatiu\/wp-content\/uploads\/2023\/11\/logotipo_lafarga_gemsa.svg","width":102,"height":103,"caption":"La Farga Gesti\u00f3 d&#039;Equipaments Municipals, SA"},"image":{"@id":"https:\/\/www.lafarga.com\/corporatiu\/#\/schema\/logo\/image\/"}},{"@type":"Person","@id":"https:\/\/www.lafarga.com\/corporatiu\/#\/schema\/person\/70d96fe17d0da1a9c9e80d232bdbcf33","name":"\u00d2scar Milla","image":{"@type":"ImageObject","inLanguage":"ca","@id":"https:\/\/secure.gravatar.com\/avatar\/92e75d184f9d5e0e403bd4ad075b080ad258344ddc259adddb579f6a3ba6494f?s=96&d=mm&r=g","url":"https:\/\/secure.gravatar.com\/avatar\/92e75d184f9d5e0e403bd4ad075b080ad258344ddc259adddb579f6a3ba6494f?s=96&d=mm&r=g","contentUrl":"https:\/\/secure.gravatar.com\/avatar\/92e75d184f9d5e0e403bd4ad075b080ad258344ddc259adddb579f6a3ba6494f?s=96&d=mm&r=g","caption":"\u00d2scar Milla"},"url":"https:\/\/www.lafarga.com\/corporatiu\/author\/omilla\/"}]}},"uagb_featured_image_src":{"full":["https:\/\/www.lafarga.com\/corporatiu\/wp-content\/uploads\/2026\/03\/Zones-Aires.png",1024,611,false],"thumbnail":["https:\/\/www.lafarga.com\/corporatiu\/wp-content\/uploads\/2026\/03\/Zones-Aires-150x150.png",150,150,true],"medium":["https:\/\/www.lafarga.com\/corporatiu\/wp-content\/uploads\/2026\/03\/Zones-Aires-300x179.png",300,179,true],"medium_large":["https:\/\/www.lafarga.com\/corporatiu\/wp-content\/uploads\/2026\/03\/Zones-Aires-768x458.png",768,458,true],"large":["https:\/\/www.lafarga.com\/corporatiu\/wp-content\/uploads\/2026\/03\/Zones-Aires.png",1024,611,false],"1536x1536":["https:\/\/www.lafarga.com\/corporatiu\/wp-content\/uploads\/2026\/03\/Zones-Aires.png",1024,611,false],"2048x2048":["https:\/\/www.lafarga.com\/corporatiu\/wp-content\/uploads\/2026\/03\/Zones-Aires.png",1024,611,false],"mailpoet_newsletter_max":["https:\/\/www.lafarga.com\/corporatiu\/wp-content\/uploads\/2026\/03\/Zones-Aires.png",1024,611,false]},"uagb_author_info":{"display_name":"\u00d2scar Milla","author_link":"https:\/\/www.lafarga.com\/corporatiu\/author\/omilla\/"},"uagb_comment_info":0,"uagb_excerpt":"Este mi\u00e9rcoles, 1 de octubre, entran en funcionamiento las nuevas zonas verdes de aparcamiento en los barrios del Centre, Sant Josep, Les Planes y La Florida.","_links":{"self":[{"href":"https:\/\/www.lafarga.com\/corporatiu\/wp-json\/wp\/v2\/posts\/22423","targetHints":{"allow":["GET"]}}],"collection":[{"href":"https:\/\/www.lafarga.com\/corporatiu\/wp-json\/wp\/v2\/posts"}],"about":[{"href":"https:\/\/www.lafarga.com\/corporatiu\/wp-json\/wp\/v2\/types\/post"}],"author":[{"embeddable":true,"href":"https:\/\/www.lafarga.com\/corporatiu\/wp-json\/wp\/v2\/users\/5"}],"replies":[{"embeddable":true,"href":"https:\/\/www.lafarga.com\/corporatiu\/wp-json\/wp\/v2\/comments?post=22423"}],"version-history":[{"count":2,"href":"https:\/\/www.lafarga.com\/corporatiu\/wp-json\/wp\/v2\/posts\/22423\/revisions"}],"predecessor-version":[{"id":22425,"href":"https:\/\/www.lafarga.com\/corporatiu\/wp-json\/wp\/v2\/posts\/22423\/revisions\/22425"}],"wp:featuredmedia":[{"embeddable":true,"href":"https:\/\/www.lafarga.com\/corporatiu\/wp-json\/wp\/v2\/media\/22421"}],"wp:attachment":[{"href":"https:\/\/www.lafarga.com\/corporatiu\/wp-json\/wp\/v2\/media?parent=22423"}],"wp:term":[{"taxonomy":"category","embeddable":true,"href":"https:\/\/www.lafarga.com\/corporatiu\/wp-json\/wp\/v2\/categories?post=22423"},{"taxonomy":"post_tag","embeddable":true,"href":"https:\/\/www.lafarga.com\/corporatiu\/wp-json\/wp\/v2\/tags?post=22423"}],"curies":[{"name":"wp","href":"https:\/\/api.w.org\/{rel}","templated":true}]}}