{"id":22420,"date":"2025-09-29T10:56:00","date_gmt":"2025-09-29T10:56:00","guid":{"rendered":"https:\/\/www.lafarga.com\/corporatiu\/?p=22420"},"modified":"2026-03-03T11:03:59","modified_gmt":"2026-03-03T11:03:59","slug":"entren-en-marxa-noves-zones-destacionament-regulat-al-centre-sant-josep-les-planes-i-la-florida","status":"publish","type":"post","link":"https:\/\/www.lafarga.com\/corporatiu\/entren-en-marxa-noves-zones-destacionament-regulat-al-centre-sant-josep-les-planes-i-la-florida\/","title":{"rendered":"Entren en marxa noves zones d&#8217;estacionament regulat al Centre, Sant Josep, les Planes i la Florida"},"content":{"rendered":"\n<p>Aquest dimecres, 1 d\u2019octubre, entren en funcionament les noves zones verdes d\u2019aparcament als barris del Centre, Sant Josep, les Planes i la Florida i tamb\u00e9 les zones blaves als barris de les Planes i Sant Josep.<\/p>\n\n\n\n<p>Tamb\u00e9 s\u2019activen les noves places creades en barris on ja existien zones verdes i blaves d\u2019aparcament. S\u2019han ampliat zones verdes a Sanfeliu, Santa Eul\u00e0lia i Pubilla Cases i zones blaves a Sanfeliu, el Centre, Santa Eul\u00e0lia, la Florida i Pubilla Cases.<\/p>\n\n\n\n<h3 class=\"wp-block-heading\">Com s\u00e9 en quina zona puc aparcar?<\/h3>\n\n\n\n<p>Els residents en els diferents barris poden aparcar de forma gratu\u00efta a la zona verda del barri en qu\u00e8 est\u00e0 censat el vehicle. Per saber concretament en quins carrers, cal entrar&nbsp;<a href=\"https:\/\/seuelectronica.l-h.cat\/tramits\/r\/ConsultaZonaVerda.aspx?id=1\" target=\"_blank\" rel=\"noreferrer noopener\"><strong>a la secci\u00f3 de tr\u00e0mits de la Seu electr\u00f2nica<\/strong><\/a>&nbsp;i posar el DNI del titular del vehicle i la matr\u00edcula.<\/p>\n\n\n\n<p>En el cas de vehicles d\u2019empresa, renting o leasing, hi ha d\u2019haver un contracte o document de cessi\u00f3 a nom de la persona resident al barri.<\/p>\n\n\n\n<h3 class=\"wp-block-heading\">Qui ha de pagar a les zones verdes?<\/h3>\n\n\n\n<p>Pels residents no t\u00e9 cap cost, est\u00e0 100 % bonificat. Pels residents familiars t\u00e9 un cost de 0,20 euros al dia i pels residents comercials, 1,10 euros al dia.&nbsp;<strong>A les zones blaves no hi ha bonificaci\u00f3 i cal pagar tot i ser resident.<\/strong><\/p>\n\n\n\n<p>Els familiars i els comerciants han de sol\u00b7licitar el perm\u00eds per aparcar a la&nbsp;<a href=\"https:\/\/seuelectronica.l-h.cat\/tramits\/r\/detallTramit.aspx?16cvebUS7VmDsrKtWJzZstEmIpM2pacvWSC1XYFAeCRj8jUKlCNsHtgqazBqazB\" target=\"_blank\" rel=\"noreferrer noopener\">Seu electr\u00f2nica, a la secci\u00f3 de tr\u00e0mits.<\/a><\/p>\n\n\n\n<h3 class=\"wp-block-heading\">Cal treure tiquet f\u00edsic o online?<\/h3>\n\n\n\n<p>Fins ara, per aparcar a zones verdes, els residents del barri havien de sol\u00b7licitar un distintiu a l\u2019Ajuntament per posar al parabrisa del cotxe. A partir de l\u20191 d\u2019ctubre, caldr\u00e0 treure el tiquet del parqu\u00edmetre o de la AMB Aparcament Residents (<a href=\"https:\/\/apps.apple.com\/es\/app\/amb-aparcament-residents\/id1462326887\" target=\"_blank\" rel=\"noreferrer noopener\">descarrega l\u2019app para Iphone<\/a>,&nbsp;<a href=\"https:\/\/play.google.com\/store\/apps\/details?id=cat.amb.parkresidents&amp;hl=ca\" target=\"_blank\" rel=\"noreferrer noopener\">descarrega l\u2019app para Android<\/a>).<\/p>\n\n\n\n<p>El tiquet t\u00e9 una validesa de set dies. En cas de treure el comprovant als parqu\u00edmetres, s\u00ed que cal deixar-lo visible al parabrises.<\/p>\n\n\n\n<p><a href=\"https:\/\/www.l-h.cat\/utils\/obreFitxer.ashx?Fw9EVw48XS7H7XSuQYaKCcDDpk3zoqazASUJjV889tfyvDOlqazCtFJfRQmW2qazCFpqazCpJ476\" target=\"_blank\" rel=\"noreferrer noopener\"><strong>Per a m\u00e9s informaci\u00f3, consulta el fullet informatiu amb totes les dades<\/strong><\/a><\/p>\n\n\n\n<h3 class=\"wp-block-heading\">Un 50% m\u00e9s de places d\u2019estacionament regulat<\/h3>\n\n\n\n<p>Durant l\u2019estiu, s\u2019han dut a terme les tasques de pintura de les noves zones verdes i blaves d\u2019aparcament i la instal\u00b7laci\u00f3 de senyals i parqu\u00edmetres. Per tal d\u2019informar la ciutadania, al juliol es&nbsp;<strong><a href=\"https:\/\/www.l-h.cat\/utils\/obreFitxer.ashx?Fw9EVw48XS7H7XSuQYaKCcDDpk3zoqazASUJjV889tfyvDOlqazCtFJfRQmW2qazCFpqazCpJ476\" target=\"_blank\" rel=\"noreferrer noopener\">va distribuir als domicilis un fullet\u00f3<\/a><\/strong>&nbsp;amb informaci\u00f3 pr\u00e0ctica del funcionament de les zones verdes i aquesta setmana s\u2019han distribu\u00eft cartells als barris amb noves zones d\u2019aparcament per anunciar el dia de la posada en marxa del servei.<\/p>\n\n\n\n<p>En aquesta fase, s\u2019han creat, en total, m\u00e9s de 3.250 places noves d\u2019estacionament regulat, que se sumen a les 6.287 ja existents, un 50% d\u2019augment.<\/p>\n\n\n\n<p>Dins de l\u2019actuaci\u00f3 de reordenaci\u00f3 de l\u2019estacionament a l\u2019espai p\u00fablic, tamb\u00e9 s\u2019han creat&nbsp;<strong>m\u00e9s places per motocicletes&nbsp;<\/strong>en cal\u00e7ada, amb l\u2019objectiu d\u2019alliberar espai a les voreres i retornar-lo als vianants, al mateix temps que es millora la seguretat vi\u00e0ria donant m\u00e9s visibilitat a cru\u00eflles i passos de vianants.<\/p>\n\n\n\n<p>De la mateixa manera, i d\u2019acord amb el que estableix el nou codi d\u2019accessibilitat, s\u2019han creat noves places per persones amb mobilitat redu\u00efda. I, a m\u00e9s, als barris del Centre, Sant Josep, la Florida, les Planes i Pubilla Cases s\u2019han reordenat les places de distribuci\u00f3 urbana de mercaderies (zona groga o DUM) per fer front a les necessitats actuals dels barris.<\/p>\n\n\n\n<p>El conjunt d\u2019actuacions formen part d\u2019una planificaci\u00f3 de la ciutat seguint el Pla de mobilitat urbana sostenible de L\u2019Hospitalet (PMUS), amb l\u2019objectiu d\u2019aconseguir un espai p\u00fablic m\u00e9s ordenat i pacificat i de millorar la seguretat i la mobilitat, tenint en compte les necessitats actuals de L\u2019Hospitalet.<\/p>\n\n\n\n<p>Quan la fase III estigui completada, L\u2019Hospitalet disposar\u00e0, a m\u00e9s, de <strong>1.350 places de c\u00e0rrega i desc\u00e0rrega<\/strong>.<\/p>\n\n\n\n<p>Aquesta actuaci\u00f3, cofinan\u00e7ada amb fons <strong>Next Generation<\/strong>, forma part de la III fase d\u2019implementaci\u00f3 de les \u00e0rees de regulaci\u00f3 de l\u2019estacionament i tamb\u00e9 inclou m\u00e9s zona blava, c\u00e0rrega i desc\u00e0rrega i el reordenament dels aparcaments de motocicletes a altres barris de la ciutat com Santa Eul\u00e0lia, Sanfeliu i Pubilla Cases.<\/p>\n","protected":false},"excerpt":{"rendered":"<p>Aquest dimecres, 1 d\u2019octubre, entren en funcionament les noves zones verdes d\u2019aparcament als barris del Centre, Sant Josep, les Planes i la Florida.<\/p>\n","protected":false},"author":5,"featured_media":22421,"comment_status":"closed","ping_status":"closed","sticky":false,"template":"","format":"standard","meta":{"inline_featured_image":false,"_uag_custom_page_level_css":"","_monsterinsights_skip_tracking":false,"_monsterinsights_sitenote_active":false,"_monsterinsights_sitenote_note":"","_monsterinsights_sitenote_category":0,"site-sidebar-layout":"default","site-content-layout":"","ast-site-content-layout":"default","site-content-style":"default","site-sidebar-style":"default","ast-global-header-display":"","ast-banner-title-visibility":"","ast-main-header-display":"","ast-hfb-above-header-display":"","ast-hfb-below-header-display":"","ast-hfb-mobile-header-display":"","site-post-title":"","ast-breadcrumbs-content":"","ast-featured-img":"","footer-sml-layout":"","ast-disable-related-posts":"","theme-transparent-header-meta":"","adv-header-id-meta":"","stick-header-meta":"","header-above-stick-meta":"","header-main-stick-meta":"","header-below-stick-meta":"","astra-migrate-meta-layouts":"default","ast-page-background-enabled":"default","ast-page-background-meta":{"desktop":{"background-color":"var(--ast-global-color-4)","background-image":"","background-repeat":"repeat","background-position":"center center","background-size":"auto","background-attachment":"scroll","background-type":"","background-media":"","overlay-type":"","overlay-color":"","overlay-opacity":"","overlay-gradient":""},"tablet":{"background-color":"","background-image":"","background-repeat":"repeat","background-position":"center center","background-size":"auto","background-attachment":"scroll","background-type":"","background-media":"","overlay-type":"","overlay-color":"","overlay-opacity":"","overlay-gradient":""},"mobile":{"background-color":"","background-image":"","background-repeat":"repeat","background-position":"center center","background-size":"auto","background-attachment":"scroll","background-type":"","background-media":"","overlay-type":"","overlay-color":"","overlay-opacity":"","overlay-gradient":""}},"ast-content-background-meta":{"desktop":{"background-color":"var(--ast-global-color-5)","background-image":"","background-repeat":"repeat","background-position":"center center","background-size":"auto","background-attachment":"scroll","background-type":"","background-media":"","overlay-type":"","overlay-color":"","overlay-opacity":"","overlay-gradient":""},"tablet":{"background-color":"var(--ast-global-color-5)","background-image":"","background-repeat":"repeat","background-position":"center center","background-size":"auto","background-attachment":"scroll","background-type":"","background-media":"","overlay-type":"","overlay-color":"","overlay-opacity":"","overlay-gradient":""},"mobile":{"background-color":"var(--ast-global-color-5)","background-image":"","background-repeat":"repeat","background-position":"center center","background-size":"auto","background-attachment":"scroll","background-type":"","background-media":"","overlay-type":"","overlay-color":"","overlay-opacity":"","overlay-gradient":""}},"footnotes":""},"categories":[55],"tags":[835],"class_list":["post-22420","post","type-post","status-publish","format-standard","has-post-thumbnail","hentry","category-mobilitat","tag-zones-aire"],"yoast_head":"<!-- This site is optimized with the Yoast SEO plugin v27.4 - https:\/\/yoast.com\/product\/yoast-seo-wordpress\/ -->\n<title>Entren en marxa noves zones d&#039;estacionament regulat al Centre, Sant Josep, les Planes i la Florida - La Farga Gesti\u00f3n de Equipamientos Municipales, S.A.<\/title>\n<meta name=\"description\" content=\"Aquest dimecres, 1 d\u2019octubre, entren en funcionament les noves zones verdes d\u2019aparcament al Centre, Sant Josep, les Planes i la Florida.\" \/>\n<meta name=\"robots\" content=\"index, follow, max-snippet:-1, max-image-preview:large, max-video-preview:-1\" \/>\n<link rel=\"canonical\" href=\"https:\/\/www.lafarga.com\/corporatiu\/entren-en-marxa-noves-zones-destacionament-regulat-al-centre-sant-josep-les-planes-i-la-florida\/\" \/>\n<meta property=\"og:locale\" content=\"ca_ES\" \/>\n<meta property=\"og:type\" content=\"article\" \/>\n<meta property=\"og:title\" content=\"Entren en marxa noves zones d&#039;estacionament regulat al Centre, Sant Josep, les Planes i la Florida - La Farga Gesti\u00f3n de Equipamientos Municipales, S.A.\" \/>\n<meta property=\"og:description\" content=\"Aquest dimecres, 1 d\u2019octubre, entren en funcionament les noves zones verdes d\u2019aparcament al Centre, Sant Josep, les Planes i la Florida.\" \/>\n<meta property=\"og:url\" content=\"https:\/\/www.lafarga.com\/corporatiu\/entren-en-marxa-noves-zones-destacionament-regulat-al-centre-sant-josep-les-planes-i-la-florida\/\" \/>\n<meta property=\"og:site_name\" content=\"La Farga Gesti\u00f3n de Equipamientos Municipales, S.A.\" \/>\n<meta property=\"article:published_time\" content=\"2025-09-29T10:56:00+00:00\" \/>\n<meta property=\"article:modified_time\" content=\"2026-03-03T11:03:59+00:00\" \/>\n<meta property=\"og:image\" content=\"https:\/\/www.lafarga.com\/corporatiu\/wp-content\/uploads\/2026\/03\/Zones-Aires.png\" \/>\n\t<meta property=\"og:image:width\" content=\"1024\" \/>\n\t<meta property=\"og:image:height\" content=\"611\" \/>\n\t<meta property=\"og:image:type\" content=\"image\/png\" \/>\n<meta name=\"author\" content=\"\u00d2scar Milla\" \/>\n<meta name=\"twitter:label1\" content=\"Escrit per\" \/>\n\t<meta name=\"twitter:data1\" content=\"\u00d2scar Milla\" \/>\n\t<meta name=\"twitter:label2\" content=\"Temps estimat de lectura\" \/>\n\t<meta name=\"twitter:data2\" content=\"4 minuts\" \/>\n<script type=\"application\/ld+json\" class=\"yoast-schema-graph\">{\"@context\":\"https:\\\/\\\/schema.org\",\"@graph\":[{\"@type\":\"Article\",\"@id\":\"https:\\\/\\\/www.lafarga.com\\\/corporatiu\\\/entren-en-marxa-noves-zones-destacionament-regulat-al-centre-sant-josep-les-planes-i-la-florida\\\/#article\",\"isPartOf\":{\"@id\":\"https:\\\/\\\/www.lafarga.com\\\/corporatiu\\\/entren-en-marxa-noves-zones-destacionament-regulat-al-centre-sant-josep-les-planes-i-la-florida\\\/\"},\"author\":{\"name\":\"\u00d2scar Milla\",\"@id\":\"https:\\\/\\\/www.lafarga.com\\\/corporatiu\\\/#\\\/schema\\\/person\\\/70d96fe17d0da1a9c9e80d232bdbcf33\"},\"headline\":\"Entren en marxa noves zones d&#8217;estacionament regulat al Centre, Sant Josep, les Planes i la Florida\",\"datePublished\":\"2025-09-29T10:56:00+00:00\",\"dateModified\":\"2026-03-03T11:03:59+00:00\",\"mainEntityOfPage\":{\"@id\":\"https:\\\/\\\/www.lafarga.com\\\/corporatiu\\\/entren-en-marxa-noves-zones-destacionament-regulat-al-centre-sant-josep-les-planes-i-la-florida\\\/\"},\"wordCount\":744,\"publisher\":{\"@id\":\"https:\\\/\\\/www.lafarga.com\\\/corporatiu\\\/#organization\"},\"image\":{\"@id\":\"https:\\\/\\\/www.lafarga.com\\\/corporatiu\\\/entren-en-marxa-noves-zones-destacionament-regulat-al-centre-sant-josep-les-planes-i-la-florida\\\/#primaryimage\"},\"thumbnailUrl\":\"https:\\\/\\\/www.lafarga.com\\\/corporatiu\\\/wp-content\\\/uploads\\\/2026\\\/03\\\/Zones-Aires.png\",\"keywords\":[\"Zones AIRE\"],\"articleSection\":[\"Estacionaments Regulats\"],\"inLanguage\":\"ca\"},{\"@type\":\"WebPage\",\"@id\":\"https:\\\/\\\/www.lafarga.com\\\/corporatiu\\\/entren-en-marxa-noves-zones-destacionament-regulat-al-centre-sant-josep-les-planes-i-la-florida\\\/\",\"url\":\"https:\\\/\\\/www.lafarga.com\\\/corporatiu\\\/entren-en-marxa-noves-zones-destacionament-regulat-al-centre-sant-josep-les-planes-i-la-florida\\\/\",\"name\":\"Entren en marxa noves zones d'estacionament regulat al Centre, Sant Josep, les Planes i la Florida - La Farga Gesti\u00f3n de Equipamientos Municipales, S.A.\",\"isPartOf\":{\"@id\":\"https:\\\/\\\/www.lafarga.com\\\/corporatiu\\\/#website\"},\"primaryImageOfPage\":{\"@id\":\"https:\\\/\\\/www.lafarga.com\\\/corporatiu\\\/entren-en-marxa-noves-zones-destacionament-regulat-al-centre-sant-josep-les-planes-i-la-florida\\\/#primaryimage\"},\"image\":{\"@id\":\"https:\\\/\\\/www.lafarga.com\\\/corporatiu\\\/entren-en-marxa-noves-zones-destacionament-regulat-al-centre-sant-josep-les-planes-i-la-florida\\\/#primaryimage\"},\"thumbnailUrl\":\"https:\\\/\\\/www.lafarga.com\\\/corporatiu\\\/wp-content\\\/uploads\\\/2026\\\/03\\\/Zones-Aires.png\",\"datePublished\":\"2025-09-29T10:56:00+00:00\",\"dateModified\":\"2026-03-03T11:03:59+00:00\",\"description\":\"Aquest dimecres, 1 d\u2019octubre, entren en funcionament les noves zones verdes d\u2019aparcament al Centre, Sant Josep, les Planes i la Florida.\",\"breadcrumb\":{\"@id\":\"https:\\\/\\\/www.lafarga.com\\\/corporatiu\\\/entren-en-marxa-noves-zones-destacionament-regulat-al-centre-sant-josep-les-planes-i-la-florida\\\/#breadcrumb\"},\"inLanguage\":\"ca\",\"potentialAction\":[{\"@type\":\"ReadAction\",\"target\":[\"https:\\\/\\\/www.lafarga.com\\\/corporatiu\\\/entren-en-marxa-noves-zones-destacionament-regulat-al-centre-sant-josep-les-planes-i-la-florida\\\/\"]}]},{\"@type\":\"ImageObject\",\"inLanguage\":\"ca\",\"@id\":\"https:\\\/\\\/www.lafarga.com\\\/corporatiu\\\/entren-en-marxa-noves-zones-destacionament-regulat-al-centre-sant-josep-les-planes-i-la-florida\\\/#primaryimage\",\"url\":\"https:\\\/\\\/www.lafarga.com\\\/corporatiu\\\/wp-content\\\/uploads\\\/2026\\\/03\\\/Zones-Aires.png\",\"contentUrl\":\"https:\\\/\\\/www.lafarga.com\\\/corporatiu\\\/wp-content\\\/uploads\\\/2026\\\/03\\\/Zones-Aires.png\",\"width\":1024,\"height\":611},{\"@type\":\"BreadcrumbList\",\"@id\":\"https:\\\/\\\/www.lafarga.com\\\/corporatiu\\\/entren-en-marxa-noves-zones-destacionament-regulat-al-centre-sant-josep-les-planes-i-la-florida\\\/#breadcrumb\",\"itemListElement\":[{\"@type\":\"ListItem\",\"position\":1,\"name\":\"Home\",\"item\":\"https:\\\/\\\/www.lafarga.com\\\/corporatiu\\\/lafarga-hospitalet-llobregat\\\/\"},{\"@type\":\"ListItem\",\"position\":2,\"name\":\"Entren en marxa noves zones d&#8217;estacionament regulat al Centre, Sant Josep, les Planes i la Florida\"}]},{\"@type\":\"WebSite\",\"@id\":\"https:\\\/\\\/www.lafarga.com\\\/corporatiu\\\/#website\",\"url\":\"https:\\\/\\\/www.lafarga.com\\\/corporatiu\\\/\",\"name\":\"La Farga Gesti\u00f3 d&#039;Equipaments Municipals, SA\",\"description\":\"\",\"publisher\":{\"@id\":\"https:\\\/\\\/www.lafarga.com\\\/corporatiu\\\/#organization\"},\"potentialAction\":[{\"@type\":\"SearchAction\",\"target\":{\"@type\":\"EntryPoint\",\"urlTemplate\":\"https:\\\/\\\/www.lafarga.com\\\/corporatiu\\\/?s={search_term_string}\"},\"query-input\":{\"@type\":\"PropertyValueSpecification\",\"valueRequired\":true,\"valueName\":\"search_term_string\"}}],\"inLanguage\":\"ca\"},{\"@type\":\"Organization\",\"@id\":\"https:\\\/\\\/www.lafarga.com\\\/corporatiu\\\/#organization\",\"name\":\"La Farga Gesti\u00f3 d&#039;Equipaments Municipals, SA\",\"url\":\"https:\\\/\\\/www.lafarga.com\\\/corporatiu\\\/\",\"logo\":{\"@type\":\"ImageObject\",\"inLanguage\":\"ca\",\"@id\":\"https:\\\/\\\/www.lafarga.com\\\/corporatiu\\\/#\\\/schema\\\/logo\\\/image\\\/\",\"url\":\"https:\\\/\\\/www.lafarga.com\\\/corporatiu\\\/wp-content\\\/uploads\\\/2023\\\/11\\\/logotipo_lafarga_gemsa.svg\",\"contentUrl\":\"https:\\\/\\\/www.lafarga.com\\\/corporatiu\\\/wp-content\\\/uploads\\\/2023\\\/11\\\/logotipo_lafarga_gemsa.svg\",\"width\":102,\"height\":103,\"caption\":\"La Farga Gesti\u00f3 d&#039;Equipaments Municipals, SA\"},\"image\":{\"@id\":\"https:\\\/\\\/www.lafarga.com\\\/corporatiu\\\/#\\\/schema\\\/logo\\\/image\\\/\"}},{\"@type\":\"Person\",\"@id\":\"https:\\\/\\\/www.lafarga.com\\\/corporatiu\\\/#\\\/schema\\\/person\\\/70d96fe17d0da1a9c9e80d232bdbcf33\",\"name\":\"\u00d2scar Milla\",\"image\":{\"@type\":\"ImageObject\",\"inLanguage\":\"ca\",\"@id\":\"https:\\\/\\\/secure.gravatar.com\\\/avatar\\\/92e75d184f9d5e0e403bd4ad075b080ad258344ddc259adddb579f6a3ba6494f?s=96&d=mm&r=g\",\"url\":\"https:\\\/\\\/secure.gravatar.com\\\/avatar\\\/92e75d184f9d5e0e403bd4ad075b080ad258344ddc259adddb579f6a3ba6494f?s=96&d=mm&r=g\",\"contentUrl\":\"https:\\\/\\\/secure.gravatar.com\\\/avatar\\\/92e75d184f9d5e0e403bd4ad075b080ad258344ddc259adddb579f6a3ba6494f?s=96&d=mm&r=g\",\"caption\":\"\u00d2scar Milla\"},\"url\":\"https:\\\/\\\/www.lafarga.com\\\/corporatiu\\\/author\\\/omilla\\\/\"}]}<\/script>\n<!-- \/ Yoast SEO plugin. -->","yoast_head_json":{"title":"Entren en marxa noves zones d'estacionament regulat al Centre, Sant Josep, les Planes i la Florida - La Farga Gesti\u00f3n de Equipamientos Municipales, S.A.","description":"Aquest dimecres, 1 d\u2019octubre, entren en funcionament les noves zones verdes d\u2019aparcament al Centre, Sant Josep, les Planes i la Florida.","robots":{"index":"index","follow":"follow","max-snippet":"max-snippet:-1","max-image-preview":"max-image-preview:large","max-video-preview":"max-video-preview:-1"},"canonical":"https:\/\/www.lafarga.com\/corporatiu\/entren-en-marxa-noves-zones-destacionament-regulat-al-centre-sant-josep-les-planes-i-la-florida\/","og_locale":"ca_ES","og_type":"article","og_title":"Entren en marxa noves zones d'estacionament regulat al Centre, Sant Josep, les Planes i la Florida - La Farga Gesti\u00f3n de Equipamientos Municipales, S.A.","og_description":"Aquest dimecres, 1 d\u2019octubre, entren en funcionament les noves zones verdes d\u2019aparcament al Centre, Sant Josep, les Planes i la Florida.","og_url":"https:\/\/www.lafarga.com\/corporatiu\/entren-en-marxa-noves-zones-destacionament-regulat-al-centre-sant-josep-les-planes-i-la-florida\/","og_site_name":"La Farga Gesti\u00f3n de Equipamientos Municipales, S.A.","article_published_time":"2025-09-29T10:56:00+00:00","article_modified_time":"2026-03-03T11:03:59+00:00","og_image":[{"width":1024,"height":611,"url":"https:\/\/www.lafarga.com\/corporatiu\/wp-content\/uploads\/2026\/03\/Zones-Aires.png","type":"image\/png"}],"author":"\u00d2scar Milla","twitter_misc":{"Escrit per":"\u00d2scar Milla","Temps estimat de lectura":"4 minuts"},"schema":{"@context":"https:\/\/schema.org","@graph":[{"@type":"Article","@id":"https:\/\/www.lafarga.com\/corporatiu\/entren-en-marxa-noves-zones-destacionament-regulat-al-centre-sant-josep-les-planes-i-la-florida\/#article","isPartOf":{"@id":"https:\/\/www.lafarga.com\/corporatiu\/entren-en-marxa-noves-zones-destacionament-regulat-al-centre-sant-josep-les-planes-i-la-florida\/"},"author":{"name":"\u00d2scar Milla","@id":"https:\/\/www.lafarga.com\/corporatiu\/#\/schema\/person\/70d96fe17d0da1a9c9e80d232bdbcf33"},"headline":"Entren en marxa noves zones d&#8217;estacionament regulat al Centre, Sant Josep, les Planes i la Florida","datePublished":"2025-09-29T10:56:00+00:00","dateModified":"2026-03-03T11:03:59+00:00","mainEntityOfPage":{"@id":"https:\/\/www.lafarga.com\/corporatiu\/entren-en-marxa-noves-zones-destacionament-regulat-al-centre-sant-josep-les-planes-i-la-florida\/"},"wordCount":744,"publisher":{"@id":"https:\/\/www.lafarga.com\/corporatiu\/#organization"},"image":{"@id":"https:\/\/www.lafarga.com\/corporatiu\/entren-en-marxa-noves-zones-destacionament-regulat-al-centre-sant-josep-les-planes-i-la-florida\/#primaryimage"},"thumbnailUrl":"https:\/\/www.lafarga.com\/corporatiu\/wp-content\/uploads\/2026\/03\/Zones-Aires.png","keywords":["Zones AIRE"],"articleSection":["Estacionaments Regulats"],"inLanguage":"ca"},{"@type":"WebPage","@id":"https:\/\/www.lafarga.com\/corporatiu\/entren-en-marxa-noves-zones-destacionament-regulat-al-centre-sant-josep-les-planes-i-la-florida\/","url":"https:\/\/www.lafarga.com\/corporatiu\/entren-en-marxa-noves-zones-destacionament-regulat-al-centre-sant-josep-les-planes-i-la-florida\/","name":"Entren en marxa noves zones d'estacionament regulat al Centre, Sant Josep, les Planes i la Florida - La Farga Gesti\u00f3n de Equipamientos Municipales, S.A.","isPartOf":{"@id":"https:\/\/www.lafarga.com\/corporatiu\/#website"},"primaryImageOfPage":{"@id":"https:\/\/www.lafarga.com\/corporatiu\/entren-en-marxa-noves-zones-destacionament-regulat-al-centre-sant-josep-les-planes-i-la-florida\/#primaryimage"},"image":{"@id":"https:\/\/www.lafarga.com\/corporatiu\/entren-en-marxa-noves-zones-destacionament-regulat-al-centre-sant-josep-les-planes-i-la-florida\/#primaryimage"},"thumbnailUrl":"https:\/\/www.lafarga.com\/corporatiu\/wp-content\/uploads\/2026\/03\/Zones-Aires.png","datePublished":"2025-09-29T10:56:00+00:00","dateModified":"2026-03-03T11:03:59+00:00","description":"Aquest dimecres, 1 d\u2019octubre, entren en funcionament les noves zones verdes d\u2019aparcament al Centre, Sant Josep, les Planes i la Florida.","breadcrumb":{"@id":"https:\/\/www.lafarga.com\/corporatiu\/entren-en-marxa-noves-zones-destacionament-regulat-al-centre-sant-josep-les-planes-i-la-florida\/#breadcrumb"},"inLanguage":"ca","potentialAction":[{"@type":"ReadAction","target":["https:\/\/www.lafarga.com\/corporatiu\/entren-en-marxa-noves-zones-destacionament-regulat-al-centre-sant-josep-les-planes-i-la-florida\/"]}]},{"@type":"ImageObject","inLanguage":"ca","@id":"https:\/\/www.lafarga.com\/corporatiu\/entren-en-marxa-noves-zones-destacionament-regulat-al-centre-sant-josep-les-planes-i-la-florida\/#primaryimage","url":"https:\/\/www.lafarga.com\/corporatiu\/wp-content\/uploads\/2026\/03\/Zones-Aires.png","contentUrl":"https:\/\/www.lafarga.com\/corporatiu\/wp-content\/uploads\/2026\/03\/Zones-Aires.png","width":1024,"height":611},{"@type":"BreadcrumbList","@id":"https:\/\/www.lafarga.com\/corporatiu\/entren-en-marxa-noves-zones-destacionament-regulat-al-centre-sant-josep-les-planes-i-la-florida\/#breadcrumb","itemListElement":[{"@type":"ListItem","position":1,"name":"Home","item":"https:\/\/www.lafarga.com\/corporatiu\/lafarga-hospitalet-llobregat\/"},{"@type":"ListItem","position":2,"name":"Entren en marxa noves zones d&#8217;estacionament regulat al Centre, Sant Josep, les Planes i la Florida"}]},{"@type":"WebSite","@id":"https:\/\/www.lafarga.com\/corporatiu\/#website","url":"https:\/\/www.lafarga.com\/corporatiu\/","name":"La Farga Gesti\u00f3 d&#039;Equipaments Municipals, SA","description":"","publisher":{"@id":"https:\/\/www.lafarga.com\/corporatiu\/#organization"},"potentialAction":[{"@type":"SearchAction","target":{"@type":"EntryPoint","urlTemplate":"https:\/\/www.lafarga.com\/corporatiu\/?s={search_term_string}"},"query-input":{"@type":"PropertyValueSpecification","valueRequired":true,"valueName":"search_term_string"}}],"inLanguage":"ca"},{"@type":"Organization","@id":"https:\/\/www.lafarga.com\/corporatiu\/#organization","name":"La Farga Gesti\u00f3 d&#039;Equipaments Municipals, SA","url":"https:\/\/www.lafarga.com\/corporatiu\/","logo":{"@type":"ImageObject","inLanguage":"ca","@id":"https:\/\/www.lafarga.com\/corporatiu\/#\/schema\/logo\/image\/","url":"https:\/\/www.lafarga.com\/corporatiu\/wp-content\/uploads\/2023\/11\/logotipo_lafarga_gemsa.svg","contentUrl":"https:\/\/www.lafarga.com\/corporatiu\/wp-content\/uploads\/2023\/11\/logotipo_lafarga_gemsa.svg","width":102,"height":103,"caption":"La Farga Gesti\u00f3 d&#039;Equipaments Municipals, SA"},"image":{"@id":"https:\/\/www.lafarga.com\/corporatiu\/#\/schema\/logo\/image\/"}},{"@type":"Person","@id":"https:\/\/www.lafarga.com\/corporatiu\/#\/schema\/person\/70d96fe17d0da1a9c9e80d232bdbcf33","name":"\u00d2scar Milla","image":{"@type":"ImageObject","inLanguage":"ca","@id":"https:\/\/secure.gravatar.com\/avatar\/92e75d184f9d5e0e403bd4ad075b080ad258344ddc259adddb579f6a3ba6494f?s=96&d=mm&r=g","url":"https:\/\/secure.gravatar.com\/avatar\/92e75d184f9d5e0e403bd4ad075b080ad258344ddc259adddb579f6a3ba6494f?s=96&d=mm&r=g","contentUrl":"https:\/\/secure.gravatar.com\/avatar\/92e75d184f9d5e0e403bd4ad075b080ad258344ddc259adddb579f6a3ba6494f?s=96&d=mm&r=g","caption":"\u00d2scar Milla"},"url":"https:\/\/www.lafarga.com\/corporatiu\/author\/omilla\/"}]}},"uagb_featured_image_src":{"full":["https:\/\/www.lafarga.com\/corporatiu\/wp-content\/uploads\/2026\/03\/Zones-Aires.png",1024,611,false],"thumbnail":["https:\/\/www.lafarga.com\/corporatiu\/wp-content\/uploads\/2026\/03\/Zones-Aires-150x150.png",150,150,true],"medium":["https:\/\/www.lafarga.com\/corporatiu\/wp-content\/uploads\/2026\/03\/Zones-Aires-300x179.png",300,179,true],"medium_large":["https:\/\/www.lafarga.com\/corporatiu\/wp-content\/uploads\/2026\/03\/Zones-Aires-768x458.png",768,458,true],"large":["https:\/\/www.lafarga.com\/corporatiu\/wp-content\/uploads\/2026\/03\/Zones-Aires.png",1024,611,false],"1536x1536":["https:\/\/www.lafarga.com\/corporatiu\/wp-content\/uploads\/2026\/03\/Zones-Aires.png",1024,611,false],"2048x2048":["https:\/\/www.lafarga.com\/corporatiu\/wp-content\/uploads\/2026\/03\/Zones-Aires.png",1024,611,false],"mailpoet_newsletter_max":["https:\/\/www.lafarga.com\/corporatiu\/wp-content\/uploads\/2026\/03\/Zones-Aires.png",1024,611,false]},"uagb_author_info":{"display_name":"\u00d2scar Milla","author_link":"https:\/\/www.lafarga.com\/corporatiu\/author\/omilla\/"},"uagb_comment_info":0,"uagb_excerpt":"Aquest dimecres, 1 d\u2019octubre, entren en funcionament les noves zones verdes d\u2019aparcament als barris del Centre, Sant Josep, les Planes i la Florida.","_links":{"self":[{"href":"https:\/\/www.lafarga.com\/corporatiu\/wp-json\/wp\/v2\/posts\/22420","targetHints":{"allow":["GET"]}}],"collection":[{"href":"https:\/\/www.lafarga.com\/corporatiu\/wp-json\/wp\/v2\/posts"}],"about":[{"href":"https:\/\/www.lafarga.com\/corporatiu\/wp-json\/wp\/v2\/types\/post"}],"author":[{"embeddable":true,"href":"https:\/\/www.lafarga.com\/corporatiu\/wp-json\/wp\/v2\/users\/5"}],"replies":[{"embeddable":true,"href":"https:\/\/www.lafarga.com\/corporatiu\/wp-json\/wp\/v2\/comments?post=22420"}],"version-history":[{"count":1,"href":"https:\/\/www.lafarga.com\/corporatiu\/wp-json\/wp\/v2\/posts\/22420\/revisions"}],"predecessor-version":[{"id":22422,"href":"https:\/\/www.lafarga.com\/corporatiu\/wp-json\/wp\/v2\/posts\/22420\/revisions\/22422"}],"wp:featuredmedia":[{"embeddable":true,"href":"https:\/\/www.lafarga.com\/corporatiu\/wp-json\/wp\/v2\/media\/22421"}],"wp:attachment":[{"href":"https:\/\/www.lafarga.com\/corporatiu\/wp-json\/wp\/v2\/media?parent=22420"}],"wp:term":[{"taxonomy":"category","embeddable":true,"href":"https:\/\/www.lafarga.com\/corporatiu\/wp-json\/wp\/v2\/categories?post=22420"},{"taxonomy":"post_tag","embeddable":true,"href":"https:\/\/www.lafarga.com\/corporatiu\/wp-json\/wp\/v2\/tags?post=22420"}],"curies":[{"name":"wp","href":"https:\/\/api.w.org\/{rel}","templated":true}]}}