{"id":22411,"date":"2026-03-03T09:42:17","date_gmt":"2026-03-03T09:42:17","guid":{"rendered":"https:\/\/www.lafarga.com\/corporatiu\/?p=22411"},"modified":"2026-03-03T09:50:38","modified_gmt":"2026-03-03T09:50:38","slug":"la-farga-dona-suport-al-manifest-del-dia-internacional-de-la-dona","status":"publish","type":"post","link":"https:\/\/www.lafarga.com\/corporatiu\/la-farga-dona-suport-al-manifest-del-dia-internacional-de-la-dona\/","title":{"rendered":"La Farga dona suport al manifest del Dia Internacional de la Dona"},"content":{"rendered":"\n<p>La Farga Gesti\u00f3 d\u2019Equipaments Municipals S.A. dona suport al manifest <strong>\u201cNo anem massa lluny: avancem\u201d<\/strong>, impulsat per les entitats i associacions de dones de la ciutat amb motiu del Dia Internacional de la Dona, que se celebra el pr\u00f2xim 8 de mar\u00e7.<\/p>\n\n\n\n<p>El manifest, al qual <strong>s&#8217;ha adherit el ple de l&#8217;Ajuntament de L&#8217;Hospitalet<\/strong>, defensa que exigir igualtat i respecte no \u00e9s anar massa lluny, sin\u00f3 reclamar drets fonamentals encara no plenament garantits. El text posa de manifest que les desigualtats que pateixen les dones s\u00f3n estructurals i es manifesten en m\u00faltiples \u00e0mbits, com el laboral, el social i l\u2019institucional, generant situacions de precarietat i discriminaci\u00f3.<br><br>Amb aquesta adhesi\u00f3, <strong>La Farga reafirma el seu comprom\u00eds<\/strong> amb la igualtat de g\u00e8nere, la just\u00edcia social i la defensa dels drets de les dones, sumant-se al posicionament majoritari del teixit social i institucional de la ciutat en favor d\u2019una societat m\u00e9s equitativa, inclusiva i lliure de discriminacions.<br><br>L\u2019acte central de <strong>celebraci\u00f3 del 8M<\/strong> a la ciutat tindr\u00e0 lloc diumenge, 8 de mar\u00e7, amb la concentraci\u00f3 dels grups de dones a les 11 hores a la rambla de Just Oliveras i la posterior marxa fins a la pla\u00e7a de l\u2019Ajuntament, on es far\u00e0 la lectura del manifest \u201cNo anem massa lluny: avancem\u201d.<br><br>Durant el mat\u00ed, la pla\u00e7a acollir\u00e0 una nova edici\u00f3 del Festidona, amb activitats esportives, tallers, espais participatius i propostes culturals impulsades per les entitats de la ciutat. La jornada inclour\u00e0 l\u2019espectacle Aix\u00f2 tamb\u00e9 \u00e9s per tu, a c\u00e0rrec de l\u2019Associaci\u00f3 de Diables Kabra, i altres actuacions obertes a la ciutadania.<br><br><a href=\"https:\/\/www.l-h.cat\/utils\/obreFitxer.ashx?Fw9EVw48XS7rjCSOMJHqazARAzhDOeqDG3VCSDHCEuPwyFFFfVVcHqazCmMOjmwftQvwqy\" type=\"link\" id=\"https:\/\/www.l-h.cat\/utils\/obreFitxer.ashx?Fw9EVw48XS7rjCSOMJHqazARAzhDOeqDG3VCSDHCEuPwyFFFfVVcHqazCmMOjmwftQvwqy\" target=\"_blank\" rel=\"noreferrer noopener\">Programa complet del Dia Internacional de la Dona a L&#8217;Hospitalet<\/a><\/p>\n","protected":false},"excerpt":{"rendered":"<p>La Farga Gesti\u00f3 d\u2019Equipaments Municipals S.A. dona suport al manifest \u201cNo anem massa lluny: avancem\u201d.<\/p>\n","protected":false},"author":5,"featured_media":22417,"comment_status":"closed","ping_status":"closed","sticky":false,"template":"","format":"standard","meta":{"inline_featured_image":false,"_uag_custom_page_level_css":"","_monsterinsights_skip_tracking":false,"_monsterinsights_sitenote_active":false,"_monsterinsights_sitenote_note":"","_monsterinsights_sitenote_category":0,"site-sidebar-layout":"default","site-content-layout":"","ast-site-content-layout":"default","site-content-style":"default","site-sidebar-style":"default","ast-global-header-display":"","ast-banner-title-visibility":"","ast-main-header-display":"","ast-hfb-above-header-display":"","ast-hfb-below-header-display":"","ast-hfb-mobile-header-display":"","site-post-title":"","ast-breadcrumbs-content":"","ast-featured-img":"","footer-sml-layout":"","ast-disable-related-posts":"","theme-transparent-header-meta":"","adv-header-id-meta":"","stick-header-meta":"","header-above-stick-meta":"","header-main-stick-meta":"","header-below-stick-meta":"","astra-migrate-meta-layouts":"default","ast-page-background-enabled":"default","ast-page-background-meta":{"desktop":{"background-color":"var(--ast-global-color-4)","background-image":"","background-repeat":"repeat","background-position":"center center","background-size":"auto","background-attachment":"scroll","background-type":"","background-media":"","overlay-type":"","overlay-color":"","overlay-opacity":"","overlay-gradient":""},"tablet":{"background-color":"","background-image":"","background-repeat":"repeat","background-position":"center center","background-size":"auto","background-attachment":"scroll","background-type":"","background-media":"","overlay-type":"","overlay-color":"","overlay-opacity":"","overlay-gradient":""},"mobile":{"background-color":"","background-image":"","background-repeat":"repeat","background-position":"center center","background-size":"auto","background-attachment":"scroll","background-type":"","background-media":"","overlay-type":"","overlay-color":"","overlay-opacity":"","overlay-gradient":""}},"ast-content-background-meta":{"desktop":{"background-color":"var(--ast-global-color-5)","background-image":"","background-repeat":"repeat","background-position":"center center","background-size":"auto","background-attachment":"scroll","background-type":"","background-media":"","overlay-type":"","overlay-color":"","overlay-opacity":"","overlay-gradient":""},"tablet":{"background-color":"var(--ast-global-color-5)","background-image":"","background-repeat":"repeat","background-position":"center center","background-size":"auto","background-attachment":"scroll","background-type":"","background-media":"","overlay-type":"","overlay-color":"","overlay-opacity":"","overlay-gradient":""},"mobile":{"background-color":"var(--ast-global-color-5)","background-image":"","background-repeat":"repeat","background-position":"center center","background-size":"auto","background-attachment":"scroll","background-type":"","background-media":"","overlay-type":"","overlay-color":"","overlay-opacity":"","overlay-gradient":""}},"footnotes":""},"categories":[1],"tags":[874],"class_list":["post-22411","post","type-post","status-publish","format-standard","has-post-thumbnail","hentry","category-general-catala","tag-dia-internacional-de-les-dones"],"yoast_head":"<!-- This site is optimized with the Yoast SEO plugin v27.5 - https:\/\/yoast.com\/product\/yoast-seo-wordpress\/ -->\n<title>La Farga dona suport al manifest del Dia Internacional de la Dona - La Farga Gesti\u00f3n de Equipamientos Municipales, S.A.<\/title>\n<meta name=\"description\" content=\"La Farga Gesti\u00f3 d\u2019Equipaments Municipals S.A. dona suport al manifest \u201cNo anem massa lluny: avancem\u201d elaborat per celebrar el 8M.\" \/>\n<meta name=\"robots\" content=\"index, follow, max-snippet:-1, max-image-preview:large, max-video-preview:-1\" \/>\n<link rel=\"canonical\" href=\"https:\/\/www.lafarga.com\/corporatiu\/la-farga-dona-suport-al-manifest-del-dia-internacional-de-la-dona\/\" \/>\n<meta property=\"og:locale\" content=\"ca_ES\" \/>\n<meta property=\"og:type\" content=\"article\" \/>\n<meta property=\"og:title\" content=\"La Farga dona suport al manifest del Dia Internacional de la Dona - La Farga Gesti\u00f3n de Equipamientos Municipales, S.A.\" \/>\n<meta property=\"og:description\" content=\"La Farga Gesti\u00f3 d\u2019Equipaments Municipals S.A. dona suport al manifest \u201cNo anem massa lluny: avancem\u201d elaborat per celebrar el 8M.\" \/>\n<meta property=\"og:url\" content=\"https:\/\/www.lafarga.com\/corporatiu\/la-farga-dona-suport-al-manifest-del-dia-internacional-de-la-dona\/\" \/>\n<meta property=\"og:site_name\" content=\"La Farga Gesti\u00f3n de Equipamientos Municipales, S.A.\" \/>\n<meta property=\"article:published_time\" content=\"2026-03-03T09:42:17+00:00\" \/>\n<meta property=\"article:modified_time\" content=\"2026-03-03T09:50:38+00:00\" \/>\n<meta property=\"og:image\" content=\"https:\/\/www.lafarga.com\/corporatiu\/wp-content\/uploads\/2026\/03\/LaFarga-8M-1.jpg\" \/>\n\t<meta property=\"og:image:width\" content=\"2000\" \/>\n\t<meta property=\"og:image:height\" content=\"1200\" \/>\n\t<meta property=\"og:image:type\" content=\"image\/jpeg\" \/>\n<meta name=\"author\" content=\"\u00d2scar Milla\" \/>\n<meta name=\"twitter:label1\" content=\"Escrit per\" \/>\n\t<meta name=\"twitter:data1\" content=\"\u00d2scar Milla\" \/>\n\t<meta name=\"twitter:label2\" content=\"Temps estimat de lectura\" \/>\n\t<meta name=\"twitter:data2\" content=\"2 minuts\" \/>\n<script type=\"application\/ld+json\" class=\"yoast-schema-graph\">{\"@context\":\"https:\\\/\\\/schema.org\",\"@graph\":[{\"@type\":\"Article\",\"@id\":\"https:\\\/\\\/www.lafarga.com\\\/corporatiu\\\/la-farga-dona-suport-al-manifest-del-dia-internacional-de-la-dona\\\/#article\",\"isPartOf\":{\"@id\":\"https:\\\/\\\/www.lafarga.com\\\/corporatiu\\\/la-farga-dona-suport-al-manifest-del-dia-internacional-de-la-dona\\\/\"},\"author\":{\"name\":\"\u00d2scar Milla\",\"@id\":\"https:\\\/\\\/www.lafarga.com\\\/corporatiu\\\/#\\\/schema\\\/person\\\/70d96fe17d0da1a9c9e80d232bdbcf33\"},\"headline\":\"La Farga dona suport al manifest del Dia Internacional de la Dona\",\"datePublished\":\"2026-03-03T09:42:17+00:00\",\"dateModified\":\"2026-03-03T09:50:38+00:00\",\"mainEntityOfPage\":{\"@id\":\"https:\\\/\\\/www.lafarga.com\\\/corporatiu\\\/la-farga-dona-suport-al-manifest-del-dia-internacional-de-la-dona\\\/\"},\"wordCount\":299,\"publisher\":{\"@id\":\"https:\\\/\\\/www.lafarga.com\\\/corporatiu\\\/#organization\"},\"image\":{\"@id\":\"https:\\\/\\\/www.lafarga.com\\\/corporatiu\\\/la-farga-dona-suport-al-manifest-del-dia-internacional-de-la-dona\\\/#primaryimage\"},\"thumbnailUrl\":\"https:\\\/\\\/www.lafarga.com\\\/corporatiu\\\/wp-content\\\/uploads\\\/2026\\\/03\\\/LaFarga-8M-1.jpg\",\"keywords\":[\"Dia Internacional de les Dones\"],\"articleSection\":[\"La Farga\"],\"inLanguage\":\"ca\"},{\"@type\":\"WebPage\",\"@id\":\"https:\\\/\\\/www.lafarga.com\\\/corporatiu\\\/la-farga-dona-suport-al-manifest-del-dia-internacional-de-la-dona\\\/\",\"url\":\"https:\\\/\\\/www.lafarga.com\\\/corporatiu\\\/la-farga-dona-suport-al-manifest-del-dia-internacional-de-la-dona\\\/\",\"name\":\"La Farga dona suport al manifest del Dia Internacional de la Dona - La Farga Gesti\u00f3n de Equipamientos Municipales, S.A.\",\"isPartOf\":{\"@id\":\"https:\\\/\\\/www.lafarga.com\\\/corporatiu\\\/#website\"},\"primaryImageOfPage\":{\"@id\":\"https:\\\/\\\/www.lafarga.com\\\/corporatiu\\\/la-farga-dona-suport-al-manifest-del-dia-internacional-de-la-dona\\\/#primaryimage\"},\"image\":{\"@id\":\"https:\\\/\\\/www.lafarga.com\\\/corporatiu\\\/la-farga-dona-suport-al-manifest-del-dia-internacional-de-la-dona\\\/#primaryimage\"},\"thumbnailUrl\":\"https:\\\/\\\/www.lafarga.com\\\/corporatiu\\\/wp-content\\\/uploads\\\/2026\\\/03\\\/LaFarga-8M-1.jpg\",\"datePublished\":\"2026-03-03T09:42:17+00:00\",\"dateModified\":\"2026-03-03T09:50:38+00:00\",\"description\":\"La Farga Gesti\u00f3 d\u2019Equipaments Municipals S.A. dona suport al manifest \u201cNo anem massa lluny: avancem\u201d elaborat per celebrar el 8M.\",\"breadcrumb\":{\"@id\":\"https:\\\/\\\/www.lafarga.com\\\/corporatiu\\\/la-farga-dona-suport-al-manifest-del-dia-internacional-de-la-dona\\\/#breadcrumb\"},\"inLanguage\":\"ca\",\"potentialAction\":[{\"@type\":\"ReadAction\",\"target\":[\"https:\\\/\\\/www.lafarga.com\\\/corporatiu\\\/la-farga-dona-suport-al-manifest-del-dia-internacional-de-la-dona\\\/\"]}]},{\"@type\":\"ImageObject\",\"inLanguage\":\"ca\",\"@id\":\"https:\\\/\\\/www.lafarga.com\\\/corporatiu\\\/la-farga-dona-suport-al-manifest-del-dia-internacional-de-la-dona\\\/#primaryimage\",\"url\":\"https:\\\/\\\/www.lafarga.com\\\/corporatiu\\\/wp-content\\\/uploads\\\/2026\\\/03\\\/LaFarga-8M-1.jpg\",\"contentUrl\":\"https:\\\/\\\/www.lafarga.com\\\/corporatiu\\\/wp-content\\\/uploads\\\/2026\\\/03\\\/LaFarga-8M-1.jpg\",\"width\":2000,\"height\":1200},{\"@type\":\"BreadcrumbList\",\"@id\":\"https:\\\/\\\/www.lafarga.com\\\/corporatiu\\\/la-farga-dona-suport-al-manifest-del-dia-internacional-de-la-dona\\\/#breadcrumb\",\"itemListElement\":[{\"@type\":\"ListItem\",\"position\":1,\"name\":\"Home\",\"item\":\"https:\\\/\\\/www.lafarga.com\\\/corporatiu\\\/lafarga-hospitalet-llobregat\\\/\"},{\"@type\":\"ListItem\",\"position\":2,\"name\":\"La Farga dona suport al manifest del Dia Internacional de la Dona\"}]},{\"@type\":\"WebSite\",\"@id\":\"https:\\\/\\\/www.lafarga.com\\\/corporatiu\\\/#website\",\"url\":\"https:\\\/\\\/www.lafarga.com\\\/corporatiu\\\/\",\"name\":\"La Farga Gesti\u00f3 d&#039;Equipaments Municipals, SA\",\"description\":\"\",\"publisher\":{\"@id\":\"https:\\\/\\\/www.lafarga.com\\\/corporatiu\\\/#organization\"},\"potentialAction\":[{\"@type\":\"SearchAction\",\"target\":{\"@type\":\"EntryPoint\",\"urlTemplate\":\"https:\\\/\\\/www.lafarga.com\\\/corporatiu\\\/?s={search_term_string}\"},\"query-input\":{\"@type\":\"PropertyValueSpecification\",\"valueRequired\":true,\"valueName\":\"search_term_string\"}}],\"inLanguage\":\"ca\"},{\"@type\":\"Organization\",\"@id\":\"https:\\\/\\\/www.lafarga.com\\\/corporatiu\\\/#organization\",\"name\":\"La Farga Gesti\u00f3 d&#039;Equipaments Municipals, SA\",\"url\":\"https:\\\/\\\/www.lafarga.com\\\/corporatiu\\\/\",\"logo\":{\"@type\":\"ImageObject\",\"inLanguage\":\"ca\",\"@id\":\"https:\\\/\\\/www.lafarga.com\\\/corporatiu\\\/#\\\/schema\\\/logo\\\/image\\\/\",\"url\":\"https:\\\/\\\/www.lafarga.com\\\/corporatiu\\\/wp-content\\\/uploads\\\/2023\\\/11\\\/logotipo_lafarga_gemsa.svg\",\"contentUrl\":\"https:\\\/\\\/www.lafarga.com\\\/corporatiu\\\/wp-content\\\/uploads\\\/2023\\\/11\\\/logotipo_lafarga_gemsa.svg\",\"width\":102,\"height\":103,\"caption\":\"La Farga Gesti\u00f3 d&#039;Equipaments Municipals, SA\"},\"image\":{\"@id\":\"https:\\\/\\\/www.lafarga.com\\\/corporatiu\\\/#\\\/schema\\\/logo\\\/image\\\/\"}},{\"@type\":\"Person\",\"@id\":\"https:\\\/\\\/www.lafarga.com\\\/corporatiu\\\/#\\\/schema\\\/person\\\/70d96fe17d0da1a9c9e80d232bdbcf33\",\"name\":\"\u00d2scar Milla\",\"image\":{\"@type\":\"ImageObject\",\"inLanguage\":\"ca\",\"@id\":\"https:\\\/\\\/secure.gravatar.com\\\/avatar\\\/92e75d184f9d5e0e403bd4ad075b080ad258344ddc259adddb579f6a3ba6494f?s=96&d=mm&r=g\",\"url\":\"https:\\\/\\\/secure.gravatar.com\\\/avatar\\\/92e75d184f9d5e0e403bd4ad075b080ad258344ddc259adddb579f6a3ba6494f?s=96&d=mm&r=g\",\"contentUrl\":\"https:\\\/\\\/secure.gravatar.com\\\/avatar\\\/92e75d184f9d5e0e403bd4ad075b080ad258344ddc259adddb579f6a3ba6494f?s=96&d=mm&r=g\",\"caption\":\"\u00d2scar Milla\"},\"url\":\"https:\\\/\\\/www.lafarga.com\\\/corporatiu\\\/author\\\/omilla\\\/\"}]}<\/script>\n<!-- \/ Yoast SEO plugin. -->","yoast_head_json":{"title":"La Farga dona suport al manifest del Dia Internacional de la Dona - La Farga Gesti\u00f3n de Equipamientos Municipales, S.A.","description":"La Farga Gesti\u00f3 d\u2019Equipaments Municipals S.A. dona suport al manifest \u201cNo anem massa lluny: avancem\u201d elaborat per celebrar el 8M.","robots":{"index":"index","follow":"follow","max-snippet":"max-snippet:-1","max-image-preview":"max-image-preview:large","max-video-preview":"max-video-preview:-1"},"canonical":"https:\/\/www.lafarga.com\/corporatiu\/la-farga-dona-suport-al-manifest-del-dia-internacional-de-la-dona\/","og_locale":"ca_ES","og_type":"article","og_title":"La Farga dona suport al manifest del Dia Internacional de la Dona - La Farga Gesti\u00f3n de Equipamientos Municipales, S.A.","og_description":"La Farga Gesti\u00f3 d\u2019Equipaments Municipals S.A. dona suport al manifest \u201cNo anem massa lluny: avancem\u201d elaborat per celebrar el 8M.","og_url":"https:\/\/www.lafarga.com\/corporatiu\/la-farga-dona-suport-al-manifest-del-dia-internacional-de-la-dona\/","og_site_name":"La Farga Gesti\u00f3n de Equipamientos Municipales, S.A.","article_published_time":"2026-03-03T09:42:17+00:00","article_modified_time":"2026-03-03T09:50:38+00:00","og_image":[{"width":2000,"height":1200,"url":"https:\/\/www.lafarga.com\/corporatiu\/wp-content\/uploads\/2026\/03\/LaFarga-8M-1.jpg","type":"image\/jpeg"}],"author":"\u00d2scar Milla","twitter_misc":{"Escrit per":"\u00d2scar Milla","Temps estimat de lectura":"2 minuts"},"schema":{"@context":"https:\/\/schema.org","@graph":[{"@type":"Article","@id":"https:\/\/www.lafarga.com\/corporatiu\/la-farga-dona-suport-al-manifest-del-dia-internacional-de-la-dona\/#article","isPartOf":{"@id":"https:\/\/www.lafarga.com\/corporatiu\/la-farga-dona-suport-al-manifest-del-dia-internacional-de-la-dona\/"},"author":{"name":"\u00d2scar Milla","@id":"https:\/\/www.lafarga.com\/corporatiu\/#\/schema\/person\/70d96fe17d0da1a9c9e80d232bdbcf33"},"headline":"La Farga dona suport al manifest del Dia Internacional de la Dona","datePublished":"2026-03-03T09:42:17+00:00","dateModified":"2026-03-03T09:50:38+00:00","mainEntityOfPage":{"@id":"https:\/\/www.lafarga.com\/corporatiu\/la-farga-dona-suport-al-manifest-del-dia-internacional-de-la-dona\/"},"wordCount":299,"publisher":{"@id":"https:\/\/www.lafarga.com\/corporatiu\/#organization"},"image":{"@id":"https:\/\/www.lafarga.com\/corporatiu\/la-farga-dona-suport-al-manifest-del-dia-internacional-de-la-dona\/#primaryimage"},"thumbnailUrl":"https:\/\/www.lafarga.com\/corporatiu\/wp-content\/uploads\/2026\/03\/LaFarga-8M-1.jpg","keywords":["Dia Internacional de les Dones"],"articleSection":["La Farga"],"inLanguage":"ca"},{"@type":"WebPage","@id":"https:\/\/www.lafarga.com\/corporatiu\/la-farga-dona-suport-al-manifest-del-dia-internacional-de-la-dona\/","url":"https:\/\/www.lafarga.com\/corporatiu\/la-farga-dona-suport-al-manifest-del-dia-internacional-de-la-dona\/","name":"La Farga dona suport al manifest del Dia Internacional de la Dona - La Farga Gesti\u00f3n de Equipamientos Municipales, S.A.","isPartOf":{"@id":"https:\/\/www.lafarga.com\/corporatiu\/#website"},"primaryImageOfPage":{"@id":"https:\/\/www.lafarga.com\/corporatiu\/la-farga-dona-suport-al-manifest-del-dia-internacional-de-la-dona\/#primaryimage"},"image":{"@id":"https:\/\/www.lafarga.com\/corporatiu\/la-farga-dona-suport-al-manifest-del-dia-internacional-de-la-dona\/#primaryimage"},"thumbnailUrl":"https:\/\/www.lafarga.com\/corporatiu\/wp-content\/uploads\/2026\/03\/LaFarga-8M-1.jpg","datePublished":"2026-03-03T09:42:17+00:00","dateModified":"2026-03-03T09:50:38+00:00","description":"La Farga Gesti\u00f3 d\u2019Equipaments Municipals S.A. dona suport al manifest \u201cNo anem massa lluny: avancem\u201d elaborat per celebrar el 8M.","breadcrumb":{"@id":"https:\/\/www.lafarga.com\/corporatiu\/la-farga-dona-suport-al-manifest-del-dia-internacional-de-la-dona\/#breadcrumb"},"inLanguage":"ca","potentialAction":[{"@type":"ReadAction","target":["https:\/\/www.lafarga.com\/corporatiu\/la-farga-dona-suport-al-manifest-del-dia-internacional-de-la-dona\/"]}]},{"@type":"ImageObject","inLanguage":"ca","@id":"https:\/\/www.lafarga.com\/corporatiu\/la-farga-dona-suport-al-manifest-del-dia-internacional-de-la-dona\/#primaryimage","url":"https:\/\/www.lafarga.com\/corporatiu\/wp-content\/uploads\/2026\/03\/LaFarga-8M-1.jpg","contentUrl":"https:\/\/www.lafarga.com\/corporatiu\/wp-content\/uploads\/2026\/03\/LaFarga-8M-1.jpg","width":2000,"height":1200},{"@type":"BreadcrumbList","@id":"https:\/\/www.lafarga.com\/corporatiu\/la-farga-dona-suport-al-manifest-del-dia-internacional-de-la-dona\/#breadcrumb","itemListElement":[{"@type":"ListItem","position":1,"name":"Home","item":"https:\/\/www.lafarga.com\/corporatiu\/lafarga-hospitalet-llobregat\/"},{"@type":"ListItem","position":2,"name":"La Farga dona suport al manifest del Dia Internacional de la Dona"}]},{"@type":"WebSite","@id":"https:\/\/www.lafarga.com\/corporatiu\/#website","url":"https:\/\/www.lafarga.com\/corporatiu\/","name":"La Farga Gesti\u00f3 d&#039;Equipaments Municipals, SA","description":"","publisher":{"@id":"https:\/\/www.lafarga.com\/corporatiu\/#organization"},"potentialAction":[{"@type":"SearchAction","target":{"@type":"EntryPoint","urlTemplate":"https:\/\/www.lafarga.com\/corporatiu\/?s={search_term_string}"},"query-input":{"@type":"PropertyValueSpecification","valueRequired":true,"valueName":"search_term_string"}}],"inLanguage":"ca"},{"@type":"Organization","@id":"https:\/\/www.lafarga.com\/corporatiu\/#organization","name":"La Farga Gesti\u00f3 d&#039;Equipaments Municipals, SA","url":"https:\/\/www.lafarga.com\/corporatiu\/","logo":{"@type":"ImageObject","inLanguage":"ca","@id":"https:\/\/www.lafarga.com\/corporatiu\/#\/schema\/logo\/image\/","url":"https:\/\/www.lafarga.com\/corporatiu\/wp-content\/uploads\/2023\/11\/logotipo_lafarga_gemsa.svg","contentUrl":"https:\/\/www.lafarga.com\/corporatiu\/wp-content\/uploads\/2023\/11\/logotipo_lafarga_gemsa.svg","width":102,"height":103,"caption":"La Farga Gesti\u00f3 d&#039;Equipaments Municipals, SA"},"image":{"@id":"https:\/\/www.lafarga.com\/corporatiu\/#\/schema\/logo\/image\/"}},{"@type":"Person","@id":"https:\/\/www.lafarga.com\/corporatiu\/#\/schema\/person\/70d96fe17d0da1a9c9e80d232bdbcf33","name":"\u00d2scar Milla","image":{"@type":"ImageObject","inLanguage":"ca","@id":"https:\/\/secure.gravatar.com\/avatar\/92e75d184f9d5e0e403bd4ad075b080ad258344ddc259adddb579f6a3ba6494f?s=96&d=mm&r=g","url":"https:\/\/secure.gravatar.com\/avatar\/92e75d184f9d5e0e403bd4ad075b080ad258344ddc259adddb579f6a3ba6494f?s=96&d=mm&r=g","contentUrl":"https:\/\/secure.gravatar.com\/avatar\/92e75d184f9d5e0e403bd4ad075b080ad258344ddc259adddb579f6a3ba6494f?s=96&d=mm&r=g","caption":"\u00d2scar Milla"},"url":"https:\/\/www.lafarga.com\/corporatiu\/author\/omilla\/"}]}},"uagb_featured_image_src":{"full":["https:\/\/www.lafarga.com\/corporatiu\/wp-content\/uploads\/2026\/03\/LaFarga-8M-1.jpg",2000,1200,false],"thumbnail":["https:\/\/www.lafarga.com\/corporatiu\/wp-content\/uploads\/2026\/03\/LaFarga-8M-1-150x150.jpg",150,150,true],"medium":["https:\/\/www.lafarga.com\/corporatiu\/wp-content\/uploads\/2026\/03\/LaFarga-8M-1-300x180.jpg",300,180,true],"medium_large":["https:\/\/www.lafarga.com\/corporatiu\/wp-content\/uploads\/2026\/03\/LaFarga-8M-1-768x461.jpg",768,461,true],"large":["https:\/\/www.lafarga.com\/corporatiu\/wp-content\/uploads\/2026\/03\/LaFarga-8M-1-1024x614.jpg",1024,614,true],"1536x1536":["https:\/\/www.lafarga.com\/corporatiu\/wp-content\/uploads\/2026\/03\/LaFarga-8M-1-1536x922.jpg",1536,922,true],"2048x2048":["https:\/\/www.lafarga.com\/corporatiu\/wp-content\/uploads\/2026\/03\/LaFarga-8M-1.jpg",2000,1200,false],"mailpoet_newsletter_max":["https:\/\/www.lafarga.com\/corporatiu\/wp-content\/uploads\/2026\/03\/LaFarga-8M-1-1320x792.jpg",1320,792,true]},"uagb_author_info":{"display_name":"\u00d2scar Milla","author_link":"https:\/\/www.lafarga.com\/corporatiu\/author\/omilla\/"},"uagb_comment_info":0,"uagb_excerpt":"La Farga Gesti\u00f3 d\u2019Equipaments Municipals S.A. dona suport al manifest \u201cNo anem massa lluny: avancem\u201d.","_links":{"self":[{"href":"https:\/\/www.lafarga.com\/corporatiu\/wp-json\/wp\/v2\/posts\/22411","targetHints":{"allow":["GET"]}}],"collection":[{"href":"https:\/\/www.lafarga.com\/corporatiu\/wp-json\/wp\/v2\/posts"}],"about":[{"href":"https:\/\/www.lafarga.com\/corporatiu\/wp-json\/wp\/v2\/types\/post"}],"author":[{"embeddable":true,"href":"https:\/\/www.lafarga.com\/corporatiu\/wp-json\/wp\/v2\/users\/5"}],"replies":[{"embeddable":true,"href":"https:\/\/www.lafarga.com\/corporatiu\/wp-json\/wp\/v2\/comments?post=22411"}],"version-history":[{"count":2,"href":"https:\/\/www.lafarga.com\/corporatiu\/wp-json\/wp\/v2\/posts\/22411\/revisions"}],"predecessor-version":[{"id":22416,"href":"https:\/\/www.lafarga.com\/corporatiu\/wp-json\/wp\/v2\/posts\/22411\/revisions\/22416"}],"wp:featuredmedia":[{"embeddable":true,"href":"https:\/\/www.lafarga.com\/corporatiu\/wp-json\/wp\/v2\/media\/22417"}],"wp:attachment":[{"href":"https:\/\/www.lafarga.com\/corporatiu\/wp-json\/wp\/v2\/media?parent=22411"}],"wp:term":[{"taxonomy":"category","embeddable":true,"href":"https:\/\/www.lafarga.com\/corporatiu\/wp-json\/wp\/v2\/categories?post=22411"},{"taxonomy":"post_tag","embeddable":true,"href":"https:\/\/www.lafarga.com\/corporatiu\/wp-json\/wp\/v2\/tags?post=22411"}],"curies":[{"name":"wp","href":"https:\/\/api.w.org\/{rel}","templated":true}]}}