{"id":22394,"date":"2026-02-26T12:22:52","date_gmt":"2026-02-26T12:22:52","guid":{"rendered":"https:\/\/www.lafarga.com\/corporatiu\/?p=22394"},"modified":"2026-02-26T12:27:09","modified_gmt":"2026-02-26T12:27:09","slug":"torna-la-viquimarato-a-torre-barrina-per-donar-visibilitat-a-les-dones-de-lhospitalet-a-la-viquipedia","status":"publish","type":"post","link":"https:\/\/www.lafarga.com\/corporatiu\/torna-la-viquimarato-a-torre-barrina-per-donar-visibilitat-a-les-dones-de-lhospitalet-a-la-viquipedia\/","title":{"rendered":"Torna la viquimarat\u00f3, a Torre Barrina, per donar visibilitat a les dones de L\u2019Hospitalet a la Viquip\u00e8dia"},"content":{"rendered":"\n<p>El Club de Viquipedistes de L\u2019Hospitalet impulsa, per cinqu\u00e8 any consecutiu, una nova edici\u00f3 de la <strong>Viquimarat\u00f3 Feminista<\/strong>, una iniciativa que vol ampliar i millorar la pres\u00e8ncia de dones hospitalenques a la Viquip\u00e8dia catalana.<br><br>La jornada central s\u2019ha celebrat de manera presencial a <strong><a href=\"https:\/\/torrebarrina.l-h.cat\/\" type=\"link\" id=\"https:\/\/torrebarrina.l-h.cat\/\" target=\"_blank\" rel=\"noreferrer noopener\">Torre Barrina<\/a><\/strong>, amb personal t\u00e8cnic de <strong>La Farga GEMSA<\/strong>, tot i que la participaci\u00f3 en l\u00ednia continua oberta fins diumenge. L\u2019objectiu \u00e9s contribuir a reduir la bretxa de g\u00e8nere en aquesta enciclop\u00e8dia digital, on actualment nom\u00e9s el 20% de les biografies corresponen a dones.<br><br>Durant la setmana, les persones participants treballen en la creaci\u00f3 i actualitzaci\u00f3 d\u2019articles biogr\u00e0fics de dones destacades de la ciutat en \u00e0mbits com la cultura, l\u2019esport, l\u2019activisme o la recerca, seguint criteris rigorosos de verificaci\u00f3, objectivitat i referenciaci\u00f3.<br><br>La iniciativa compta amb la col\u00b7laboraci\u00f3 del <strong>Centre d\u2019Estudis de L\u2019Hospitalet, el Museu d\u2019Hist\u00f2ria, el Centre de Normalitzaci\u00f3 Ling\u00fc\u00edstica i l\u2019Arxiu Municipal<\/strong>, i s\u2019emmarca dins de les accions de foment del coneixement lliure, la igualtat i la visibilitzaci\u00f3 del talent femen\u00ed al territori.<br><br>Aquesta viquimarat\u00f3 forma part d\u2019un conjunt d\u2019activitats que el Club de Viquipedistes organitza al llarg de l\u2019any per promoure la participaci\u00f3 ciutadana i l\u2019acc\u00e9s universal al coneixement.<\/p>\n","protected":false},"excerpt":{"rendered":"<p>El Club de Viquipedistes de L\u2019Hospitalet impulsa una nova edici\u00f3 de la Viquimarat\u00f3 Feminista.<\/p>\n","protected":false},"author":5,"featured_media":22395,"comment_status":"closed","ping_status":"closed","sticky":false,"template":"","format":"standard","meta":{"inline_featured_image":false,"_uag_custom_page_level_css":"","_monsterinsights_skip_tracking":false,"_monsterinsights_sitenote_active":false,"_monsterinsights_sitenote_note":"","_monsterinsights_sitenote_category":0,"site-sidebar-layout":"default","site-content-layout":"","ast-site-content-layout":"default","site-content-style":"default","site-sidebar-style":"default","ast-global-header-display":"","ast-banner-title-visibility":"","ast-main-header-display":"","ast-hfb-above-header-display":"","ast-hfb-below-header-display":"","ast-hfb-mobile-header-display":"","site-post-title":"","ast-breadcrumbs-content":"","ast-featured-img":"","footer-sml-layout":"","ast-disable-related-posts":"","theme-transparent-header-meta":"","adv-header-id-meta":"","stick-header-meta":"","header-above-stick-meta":"","header-main-stick-meta":"","header-below-stick-meta":"","astra-migrate-meta-layouts":"default","ast-page-background-enabled":"default","ast-page-background-meta":{"desktop":{"background-color":"var(--ast-global-color-4)","background-image":"","background-repeat":"repeat","background-position":"center center","background-size":"auto","background-attachment":"scroll","background-type":"","background-media":"","overlay-type":"","overlay-color":"","overlay-opacity":"","overlay-gradient":""},"tablet":{"background-color":"","background-image":"","background-repeat":"repeat","background-position":"center center","background-size":"auto","background-attachment":"scroll","background-type":"","background-media":"","overlay-type":"","overlay-color":"","overlay-opacity":"","overlay-gradient":""},"mobile":{"background-color":"","background-image":"","background-repeat":"repeat","background-position":"center center","background-size":"auto","background-attachment":"scroll","background-type":"","background-media":"","overlay-type":"","overlay-color":"","overlay-opacity":"","overlay-gradient":""}},"ast-content-background-meta":{"desktop":{"background-color":"var(--ast-global-color-5)","background-image":"","background-repeat":"repeat","background-position":"center center","background-size":"auto","background-attachment":"scroll","background-type":"","background-media":"","overlay-type":"","overlay-color":"","overlay-opacity":"","overlay-gradient":""},"tablet":{"background-color":"var(--ast-global-color-5)","background-image":"","background-repeat":"repeat","background-position":"center center","background-size":"auto","background-attachment":"scroll","background-type":"","background-media":"","overlay-type":"","overlay-color":"","overlay-opacity":"","overlay-gradient":""},"mobile":{"background-color":"var(--ast-global-color-5)","background-image":"","background-repeat":"repeat","background-position":"center center","background-size":"auto","background-attachment":"scroll","background-type":"","background-media":"","overlay-type":"","overlay-color":"","overlay-opacity":"","overlay-gradient":""}},"footnotes":""},"categories":[57],"tags":[867],"class_list":["post-22394","post","type-post","status-publish","format-standard","has-post-thumbnail","hentry","category-torre-barrina","tag-torre-barrina"],"yoast_head":"<!-- This site is optimized with the Yoast SEO plugin v27.4 - https:\/\/yoast.com\/product\/yoast-seo-wordpress\/ -->\n<title>Torna la viquimarat\u00f3, a Torre Barrina, per donar visibilitat a les dones de L\u2019Hospitalet a la Viquip\u00e8dia - La Farga Gesti\u00f3n de Equipamientos Municipales, S.A.<\/title>\n<meta name=\"description\" content=\"El Club de Viquipedistes de L\u2019Hospitalet impulsa una nova edici\u00f3 de la Viquimarat\u00f3 Feminista.\" \/>\n<meta name=\"robots\" content=\"index, follow, max-snippet:-1, max-image-preview:large, max-video-preview:-1\" \/>\n<link rel=\"canonical\" href=\"https:\/\/www.lafarga.com\/corporatiu\/torna-la-viquimarato-a-torre-barrina-per-donar-visibilitat-a-les-dones-de-lhospitalet-a-la-viquipedia\/\" \/>\n<meta property=\"og:locale\" content=\"ca_ES\" \/>\n<meta property=\"og:type\" content=\"article\" \/>\n<meta property=\"og:title\" content=\"Torna la viquimarat\u00f3, a Torre Barrina, per donar visibilitat a les dones de L\u2019Hospitalet a la Viquip\u00e8dia - La Farga Gesti\u00f3n de Equipamientos Municipales, S.A.\" \/>\n<meta property=\"og:description\" content=\"El Club de Viquipedistes de L\u2019Hospitalet impulsa una nova edici\u00f3 de la Viquimarat\u00f3 Feminista.\" \/>\n<meta property=\"og:url\" content=\"https:\/\/www.lafarga.com\/corporatiu\/torna-la-viquimarato-a-torre-barrina-per-donar-visibilitat-a-les-dones-de-lhospitalet-a-la-viquipedia\/\" \/>\n<meta property=\"og:site_name\" content=\"La Farga Gesti\u00f3n de Equipamientos Municipales, S.A.\" \/>\n<meta property=\"article:published_time\" content=\"2026-02-26T12:22:52+00:00\" \/>\n<meta property=\"article:modified_time\" content=\"2026-02-26T12:27:09+00:00\" \/>\n<meta property=\"og:image\" content=\"https:\/\/www.lafarga.com\/corporatiu\/wp-content\/uploads\/2026\/02\/Viquimarato-Dones.png\" \/>\n\t<meta property=\"og:image:width\" content=\"1143\" \/>\n\t<meta property=\"og:image:height\" content=\"732\" \/>\n\t<meta property=\"og:image:type\" content=\"image\/png\" \/>\n<meta name=\"author\" content=\"\u00d2scar Milla\" \/>\n<meta name=\"twitter:label1\" content=\"Escrit per\" \/>\n\t<meta name=\"twitter:data1\" content=\"\u00d2scar Milla\" \/>\n\t<meta name=\"twitter:label2\" content=\"Temps estimat de lectura\" \/>\n\t<meta name=\"twitter:data2\" content=\"2 minuts\" \/>\n<script type=\"application\/ld+json\" class=\"yoast-schema-graph\">{\"@context\":\"https:\\\/\\\/schema.org\",\"@graph\":[{\"@type\":\"Article\",\"@id\":\"https:\\\/\\\/www.lafarga.com\\\/corporatiu\\\/torna-la-viquimarato-a-torre-barrina-per-donar-visibilitat-a-les-dones-de-lhospitalet-a-la-viquipedia\\\/#article\",\"isPartOf\":{\"@id\":\"https:\\\/\\\/www.lafarga.com\\\/corporatiu\\\/torna-la-viquimarato-a-torre-barrina-per-donar-visibilitat-a-les-dones-de-lhospitalet-a-la-viquipedia\\\/\"},\"author\":{\"name\":\"\u00d2scar Milla\",\"@id\":\"https:\\\/\\\/www.lafarga.com\\\/corporatiu\\\/#\\\/schema\\\/person\\\/70d96fe17d0da1a9c9e80d232bdbcf33\"},\"headline\":\"Torna la viquimarat\u00f3, a Torre Barrina, per donar visibilitat a les dones de L\u2019Hospitalet a la Viquip\u00e8dia\",\"datePublished\":\"2026-02-26T12:22:52+00:00\",\"dateModified\":\"2026-02-26T12:27:09+00:00\",\"mainEntityOfPage\":{\"@id\":\"https:\\\/\\\/www.lafarga.com\\\/corporatiu\\\/torna-la-viquimarato-a-torre-barrina-per-donar-visibilitat-a-les-dones-de-lhospitalet-a-la-viquipedia\\\/\"},\"wordCount\":240,\"publisher\":{\"@id\":\"https:\\\/\\\/www.lafarga.com\\\/corporatiu\\\/#organization\"},\"image\":{\"@id\":\"https:\\\/\\\/www.lafarga.com\\\/corporatiu\\\/torna-la-viquimarato-a-torre-barrina-per-donar-visibilitat-a-les-dones-de-lhospitalet-a-la-viquipedia\\\/#primaryimage\"},\"thumbnailUrl\":\"https:\\\/\\\/www.lafarga.com\\\/corporatiu\\\/wp-content\\\/uploads\\\/2026\\\/02\\\/Viquimarato-Dones.png\",\"keywords\":[\"Torre Barrina\"],\"articleSection\":[\"Torre Barrina\"],\"inLanguage\":\"ca\"},{\"@type\":\"WebPage\",\"@id\":\"https:\\\/\\\/www.lafarga.com\\\/corporatiu\\\/torna-la-viquimarato-a-torre-barrina-per-donar-visibilitat-a-les-dones-de-lhospitalet-a-la-viquipedia\\\/\",\"url\":\"https:\\\/\\\/www.lafarga.com\\\/corporatiu\\\/torna-la-viquimarato-a-torre-barrina-per-donar-visibilitat-a-les-dones-de-lhospitalet-a-la-viquipedia\\\/\",\"name\":\"Torna la viquimarat\u00f3, a Torre Barrina, per donar visibilitat a les dones de L\u2019Hospitalet a la Viquip\u00e8dia - La Farga Gesti\u00f3n de Equipamientos Municipales, S.A.\",\"isPartOf\":{\"@id\":\"https:\\\/\\\/www.lafarga.com\\\/corporatiu\\\/#website\"},\"primaryImageOfPage\":{\"@id\":\"https:\\\/\\\/www.lafarga.com\\\/corporatiu\\\/torna-la-viquimarato-a-torre-barrina-per-donar-visibilitat-a-les-dones-de-lhospitalet-a-la-viquipedia\\\/#primaryimage\"},\"image\":{\"@id\":\"https:\\\/\\\/www.lafarga.com\\\/corporatiu\\\/torna-la-viquimarato-a-torre-barrina-per-donar-visibilitat-a-les-dones-de-lhospitalet-a-la-viquipedia\\\/#primaryimage\"},\"thumbnailUrl\":\"https:\\\/\\\/www.lafarga.com\\\/corporatiu\\\/wp-content\\\/uploads\\\/2026\\\/02\\\/Viquimarato-Dones.png\",\"datePublished\":\"2026-02-26T12:22:52+00:00\",\"dateModified\":\"2026-02-26T12:27:09+00:00\",\"description\":\"El Club de Viquipedistes de L\u2019Hospitalet impulsa una nova edici\u00f3 de la Viquimarat\u00f3 Feminista.\",\"breadcrumb\":{\"@id\":\"https:\\\/\\\/www.lafarga.com\\\/corporatiu\\\/torna-la-viquimarato-a-torre-barrina-per-donar-visibilitat-a-les-dones-de-lhospitalet-a-la-viquipedia\\\/#breadcrumb\"},\"inLanguage\":\"ca\",\"potentialAction\":[{\"@type\":\"ReadAction\",\"target\":[\"https:\\\/\\\/www.lafarga.com\\\/corporatiu\\\/torna-la-viquimarato-a-torre-barrina-per-donar-visibilitat-a-les-dones-de-lhospitalet-a-la-viquipedia\\\/\"]}]},{\"@type\":\"ImageObject\",\"inLanguage\":\"ca\",\"@id\":\"https:\\\/\\\/www.lafarga.com\\\/corporatiu\\\/torna-la-viquimarato-a-torre-barrina-per-donar-visibilitat-a-les-dones-de-lhospitalet-a-la-viquipedia\\\/#primaryimage\",\"url\":\"https:\\\/\\\/www.lafarga.com\\\/corporatiu\\\/wp-content\\\/uploads\\\/2026\\\/02\\\/Viquimarato-Dones.png\",\"contentUrl\":\"https:\\\/\\\/www.lafarga.com\\\/corporatiu\\\/wp-content\\\/uploads\\\/2026\\\/02\\\/Viquimarato-Dones.png\",\"width\":1143,\"height\":732},{\"@type\":\"BreadcrumbList\",\"@id\":\"https:\\\/\\\/www.lafarga.com\\\/corporatiu\\\/torna-la-viquimarato-a-torre-barrina-per-donar-visibilitat-a-les-dones-de-lhospitalet-a-la-viquipedia\\\/#breadcrumb\",\"itemListElement\":[{\"@type\":\"ListItem\",\"position\":1,\"name\":\"Home\",\"item\":\"https:\\\/\\\/www.lafarga.com\\\/corporatiu\\\/lafarga-hospitalet-llobregat\\\/\"},{\"@type\":\"ListItem\",\"position\":2,\"name\":\"Torna la viquimarat\u00f3, a Torre Barrina, per donar visibilitat a les dones de L\u2019Hospitalet a la Viquip\u00e8dia\"}]},{\"@type\":\"WebSite\",\"@id\":\"https:\\\/\\\/www.lafarga.com\\\/corporatiu\\\/#website\",\"url\":\"https:\\\/\\\/www.lafarga.com\\\/corporatiu\\\/\",\"name\":\"La Farga Gesti\u00f3 d&#039;Equipaments Municipals, SA\",\"description\":\"\",\"publisher\":{\"@id\":\"https:\\\/\\\/www.lafarga.com\\\/corporatiu\\\/#organization\"},\"potentialAction\":[{\"@type\":\"SearchAction\",\"target\":{\"@type\":\"EntryPoint\",\"urlTemplate\":\"https:\\\/\\\/www.lafarga.com\\\/corporatiu\\\/?s={search_term_string}\"},\"query-input\":{\"@type\":\"PropertyValueSpecification\",\"valueRequired\":true,\"valueName\":\"search_term_string\"}}],\"inLanguage\":\"ca\"},{\"@type\":\"Organization\",\"@id\":\"https:\\\/\\\/www.lafarga.com\\\/corporatiu\\\/#organization\",\"name\":\"La Farga Gesti\u00f3 d&#039;Equipaments Municipals, SA\",\"url\":\"https:\\\/\\\/www.lafarga.com\\\/corporatiu\\\/\",\"logo\":{\"@type\":\"ImageObject\",\"inLanguage\":\"ca\",\"@id\":\"https:\\\/\\\/www.lafarga.com\\\/corporatiu\\\/#\\\/schema\\\/logo\\\/image\\\/\",\"url\":\"https:\\\/\\\/www.lafarga.com\\\/corporatiu\\\/wp-content\\\/uploads\\\/2023\\\/11\\\/logotipo_lafarga_gemsa.svg\",\"contentUrl\":\"https:\\\/\\\/www.lafarga.com\\\/corporatiu\\\/wp-content\\\/uploads\\\/2023\\\/11\\\/logotipo_lafarga_gemsa.svg\",\"width\":102,\"height\":103,\"caption\":\"La Farga Gesti\u00f3 d&#039;Equipaments Municipals, SA\"},\"image\":{\"@id\":\"https:\\\/\\\/www.lafarga.com\\\/corporatiu\\\/#\\\/schema\\\/logo\\\/image\\\/\"}},{\"@type\":\"Person\",\"@id\":\"https:\\\/\\\/www.lafarga.com\\\/corporatiu\\\/#\\\/schema\\\/person\\\/70d96fe17d0da1a9c9e80d232bdbcf33\",\"name\":\"\u00d2scar Milla\",\"image\":{\"@type\":\"ImageObject\",\"inLanguage\":\"ca\",\"@id\":\"https:\\\/\\\/secure.gravatar.com\\\/avatar\\\/92e75d184f9d5e0e403bd4ad075b080ad258344ddc259adddb579f6a3ba6494f?s=96&d=mm&r=g\",\"url\":\"https:\\\/\\\/secure.gravatar.com\\\/avatar\\\/92e75d184f9d5e0e403bd4ad075b080ad258344ddc259adddb579f6a3ba6494f?s=96&d=mm&r=g\",\"contentUrl\":\"https:\\\/\\\/secure.gravatar.com\\\/avatar\\\/92e75d184f9d5e0e403bd4ad075b080ad258344ddc259adddb579f6a3ba6494f?s=96&d=mm&r=g\",\"caption\":\"\u00d2scar Milla\"},\"url\":\"https:\\\/\\\/www.lafarga.com\\\/corporatiu\\\/author\\\/omilla\\\/\"}]}<\/script>\n<!-- \/ Yoast SEO plugin. -->","yoast_head_json":{"title":"Torna la viquimarat\u00f3, a Torre Barrina, per donar visibilitat a les dones de L\u2019Hospitalet a la Viquip\u00e8dia - La Farga Gesti\u00f3n de Equipamientos Municipales, S.A.","description":"El Club de Viquipedistes de L\u2019Hospitalet impulsa una nova edici\u00f3 de la Viquimarat\u00f3 Feminista.","robots":{"index":"index","follow":"follow","max-snippet":"max-snippet:-1","max-image-preview":"max-image-preview:large","max-video-preview":"max-video-preview:-1"},"canonical":"https:\/\/www.lafarga.com\/corporatiu\/torna-la-viquimarato-a-torre-barrina-per-donar-visibilitat-a-les-dones-de-lhospitalet-a-la-viquipedia\/","og_locale":"ca_ES","og_type":"article","og_title":"Torna la viquimarat\u00f3, a Torre Barrina, per donar visibilitat a les dones de L\u2019Hospitalet a la Viquip\u00e8dia - La Farga Gesti\u00f3n de Equipamientos Municipales, S.A.","og_description":"El Club de Viquipedistes de L\u2019Hospitalet impulsa una nova edici\u00f3 de la Viquimarat\u00f3 Feminista.","og_url":"https:\/\/www.lafarga.com\/corporatiu\/torna-la-viquimarato-a-torre-barrina-per-donar-visibilitat-a-les-dones-de-lhospitalet-a-la-viquipedia\/","og_site_name":"La Farga Gesti\u00f3n de Equipamientos Municipales, S.A.","article_published_time":"2026-02-26T12:22:52+00:00","article_modified_time":"2026-02-26T12:27:09+00:00","og_image":[{"width":1143,"height":732,"url":"https:\/\/www.lafarga.com\/corporatiu\/wp-content\/uploads\/2026\/02\/Viquimarato-Dones.png","type":"image\/png"}],"author":"\u00d2scar Milla","twitter_misc":{"Escrit per":"\u00d2scar Milla","Temps estimat de lectura":"2 minuts"},"schema":{"@context":"https:\/\/schema.org","@graph":[{"@type":"Article","@id":"https:\/\/www.lafarga.com\/corporatiu\/torna-la-viquimarato-a-torre-barrina-per-donar-visibilitat-a-les-dones-de-lhospitalet-a-la-viquipedia\/#article","isPartOf":{"@id":"https:\/\/www.lafarga.com\/corporatiu\/torna-la-viquimarato-a-torre-barrina-per-donar-visibilitat-a-les-dones-de-lhospitalet-a-la-viquipedia\/"},"author":{"name":"\u00d2scar Milla","@id":"https:\/\/www.lafarga.com\/corporatiu\/#\/schema\/person\/70d96fe17d0da1a9c9e80d232bdbcf33"},"headline":"Torna la viquimarat\u00f3, a Torre Barrina, per donar visibilitat a les dones de L\u2019Hospitalet a la Viquip\u00e8dia","datePublished":"2026-02-26T12:22:52+00:00","dateModified":"2026-02-26T12:27:09+00:00","mainEntityOfPage":{"@id":"https:\/\/www.lafarga.com\/corporatiu\/torna-la-viquimarato-a-torre-barrina-per-donar-visibilitat-a-les-dones-de-lhospitalet-a-la-viquipedia\/"},"wordCount":240,"publisher":{"@id":"https:\/\/www.lafarga.com\/corporatiu\/#organization"},"image":{"@id":"https:\/\/www.lafarga.com\/corporatiu\/torna-la-viquimarato-a-torre-barrina-per-donar-visibilitat-a-les-dones-de-lhospitalet-a-la-viquipedia\/#primaryimage"},"thumbnailUrl":"https:\/\/www.lafarga.com\/corporatiu\/wp-content\/uploads\/2026\/02\/Viquimarato-Dones.png","keywords":["Torre Barrina"],"articleSection":["Torre Barrina"],"inLanguage":"ca"},{"@type":"WebPage","@id":"https:\/\/www.lafarga.com\/corporatiu\/torna-la-viquimarato-a-torre-barrina-per-donar-visibilitat-a-les-dones-de-lhospitalet-a-la-viquipedia\/","url":"https:\/\/www.lafarga.com\/corporatiu\/torna-la-viquimarato-a-torre-barrina-per-donar-visibilitat-a-les-dones-de-lhospitalet-a-la-viquipedia\/","name":"Torna la viquimarat\u00f3, a Torre Barrina, per donar visibilitat a les dones de L\u2019Hospitalet a la Viquip\u00e8dia - La Farga Gesti\u00f3n de Equipamientos Municipales, S.A.","isPartOf":{"@id":"https:\/\/www.lafarga.com\/corporatiu\/#website"},"primaryImageOfPage":{"@id":"https:\/\/www.lafarga.com\/corporatiu\/torna-la-viquimarato-a-torre-barrina-per-donar-visibilitat-a-les-dones-de-lhospitalet-a-la-viquipedia\/#primaryimage"},"image":{"@id":"https:\/\/www.lafarga.com\/corporatiu\/torna-la-viquimarato-a-torre-barrina-per-donar-visibilitat-a-les-dones-de-lhospitalet-a-la-viquipedia\/#primaryimage"},"thumbnailUrl":"https:\/\/www.lafarga.com\/corporatiu\/wp-content\/uploads\/2026\/02\/Viquimarato-Dones.png","datePublished":"2026-02-26T12:22:52+00:00","dateModified":"2026-02-26T12:27:09+00:00","description":"El Club de Viquipedistes de L\u2019Hospitalet impulsa una nova edici\u00f3 de la Viquimarat\u00f3 Feminista.","breadcrumb":{"@id":"https:\/\/www.lafarga.com\/corporatiu\/torna-la-viquimarato-a-torre-barrina-per-donar-visibilitat-a-les-dones-de-lhospitalet-a-la-viquipedia\/#breadcrumb"},"inLanguage":"ca","potentialAction":[{"@type":"ReadAction","target":["https:\/\/www.lafarga.com\/corporatiu\/torna-la-viquimarato-a-torre-barrina-per-donar-visibilitat-a-les-dones-de-lhospitalet-a-la-viquipedia\/"]}]},{"@type":"ImageObject","inLanguage":"ca","@id":"https:\/\/www.lafarga.com\/corporatiu\/torna-la-viquimarato-a-torre-barrina-per-donar-visibilitat-a-les-dones-de-lhospitalet-a-la-viquipedia\/#primaryimage","url":"https:\/\/www.lafarga.com\/corporatiu\/wp-content\/uploads\/2026\/02\/Viquimarato-Dones.png","contentUrl":"https:\/\/www.lafarga.com\/corporatiu\/wp-content\/uploads\/2026\/02\/Viquimarato-Dones.png","width":1143,"height":732},{"@type":"BreadcrumbList","@id":"https:\/\/www.lafarga.com\/corporatiu\/torna-la-viquimarato-a-torre-barrina-per-donar-visibilitat-a-les-dones-de-lhospitalet-a-la-viquipedia\/#breadcrumb","itemListElement":[{"@type":"ListItem","position":1,"name":"Home","item":"https:\/\/www.lafarga.com\/corporatiu\/lafarga-hospitalet-llobregat\/"},{"@type":"ListItem","position":2,"name":"Torna la viquimarat\u00f3, a Torre Barrina, per donar visibilitat a les dones de L\u2019Hospitalet a la Viquip\u00e8dia"}]},{"@type":"WebSite","@id":"https:\/\/www.lafarga.com\/corporatiu\/#website","url":"https:\/\/www.lafarga.com\/corporatiu\/","name":"La Farga Gesti\u00f3 d&#039;Equipaments Municipals, SA","description":"","publisher":{"@id":"https:\/\/www.lafarga.com\/corporatiu\/#organization"},"potentialAction":[{"@type":"SearchAction","target":{"@type":"EntryPoint","urlTemplate":"https:\/\/www.lafarga.com\/corporatiu\/?s={search_term_string}"},"query-input":{"@type":"PropertyValueSpecification","valueRequired":true,"valueName":"search_term_string"}}],"inLanguage":"ca"},{"@type":"Organization","@id":"https:\/\/www.lafarga.com\/corporatiu\/#organization","name":"La Farga Gesti\u00f3 d&#039;Equipaments Municipals, SA","url":"https:\/\/www.lafarga.com\/corporatiu\/","logo":{"@type":"ImageObject","inLanguage":"ca","@id":"https:\/\/www.lafarga.com\/corporatiu\/#\/schema\/logo\/image\/","url":"https:\/\/www.lafarga.com\/corporatiu\/wp-content\/uploads\/2023\/11\/logotipo_lafarga_gemsa.svg","contentUrl":"https:\/\/www.lafarga.com\/corporatiu\/wp-content\/uploads\/2023\/11\/logotipo_lafarga_gemsa.svg","width":102,"height":103,"caption":"La Farga Gesti\u00f3 d&#039;Equipaments Municipals, SA"},"image":{"@id":"https:\/\/www.lafarga.com\/corporatiu\/#\/schema\/logo\/image\/"}},{"@type":"Person","@id":"https:\/\/www.lafarga.com\/corporatiu\/#\/schema\/person\/70d96fe17d0da1a9c9e80d232bdbcf33","name":"\u00d2scar Milla","image":{"@type":"ImageObject","inLanguage":"ca","@id":"https:\/\/secure.gravatar.com\/avatar\/92e75d184f9d5e0e403bd4ad075b080ad258344ddc259adddb579f6a3ba6494f?s=96&d=mm&r=g","url":"https:\/\/secure.gravatar.com\/avatar\/92e75d184f9d5e0e403bd4ad075b080ad258344ddc259adddb579f6a3ba6494f?s=96&d=mm&r=g","contentUrl":"https:\/\/secure.gravatar.com\/avatar\/92e75d184f9d5e0e403bd4ad075b080ad258344ddc259adddb579f6a3ba6494f?s=96&d=mm&r=g","caption":"\u00d2scar Milla"},"url":"https:\/\/www.lafarga.com\/corporatiu\/author\/omilla\/"}]}},"uagb_featured_image_src":{"full":["https:\/\/www.lafarga.com\/corporatiu\/wp-content\/uploads\/2026\/02\/Viquimarato-Dones.png",1143,732,false],"thumbnail":["https:\/\/www.lafarga.com\/corporatiu\/wp-content\/uploads\/2026\/02\/Viquimarato-Dones-150x150.png",150,150,true],"medium":["https:\/\/www.lafarga.com\/corporatiu\/wp-content\/uploads\/2026\/02\/Viquimarato-Dones-300x192.png",300,192,true],"medium_large":["https:\/\/www.lafarga.com\/corporatiu\/wp-content\/uploads\/2026\/02\/Viquimarato-Dones-768x492.png",768,492,true],"large":["https:\/\/www.lafarga.com\/corporatiu\/wp-content\/uploads\/2026\/02\/Viquimarato-Dones-1024x656.png",1024,656,true],"1536x1536":["https:\/\/www.lafarga.com\/corporatiu\/wp-content\/uploads\/2026\/02\/Viquimarato-Dones.png",1143,732,false],"2048x2048":["https:\/\/www.lafarga.com\/corporatiu\/wp-content\/uploads\/2026\/02\/Viquimarato-Dones.png",1143,732,false],"mailpoet_newsletter_max":["https:\/\/www.lafarga.com\/corporatiu\/wp-content\/uploads\/2026\/02\/Viquimarato-Dones.png",1143,732,false]},"uagb_author_info":{"display_name":"\u00d2scar Milla","author_link":"https:\/\/www.lafarga.com\/corporatiu\/author\/omilla\/"},"uagb_comment_info":0,"uagb_excerpt":"El Club de Viquipedistes de L\u2019Hospitalet impulsa una nova edici\u00f3 de la Viquimarat\u00f3 Feminista.","_links":{"self":[{"href":"https:\/\/www.lafarga.com\/corporatiu\/wp-json\/wp\/v2\/posts\/22394","targetHints":{"allow":["GET"]}}],"collection":[{"href":"https:\/\/www.lafarga.com\/corporatiu\/wp-json\/wp\/v2\/posts"}],"about":[{"href":"https:\/\/www.lafarga.com\/corporatiu\/wp-json\/wp\/v2\/types\/post"}],"author":[{"embeddable":true,"href":"https:\/\/www.lafarga.com\/corporatiu\/wp-json\/wp\/v2\/users\/5"}],"replies":[{"embeddable":true,"href":"https:\/\/www.lafarga.com\/corporatiu\/wp-json\/wp\/v2\/comments?post=22394"}],"version-history":[{"count":7,"href":"https:\/\/www.lafarga.com\/corporatiu\/wp-json\/wp\/v2\/posts\/22394\/revisions"}],"predecessor-version":[{"id":22402,"href":"https:\/\/www.lafarga.com\/corporatiu\/wp-json\/wp\/v2\/posts\/22394\/revisions\/22402"}],"wp:featuredmedia":[{"embeddable":true,"href":"https:\/\/www.lafarga.com\/corporatiu\/wp-json\/wp\/v2\/media\/22395"}],"wp:attachment":[{"href":"https:\/\/www.lafarga.com\/corporatiu\/wp-json\/wp\/v2\/media?parent=22394"}],"wp:term":[{"taxonomy":"category","embeddable":true,"href":"https:\/\/www.lafarga.com\/corporatiu\/wp-json\/wp\/v2\/categories?post=22394"},{"taxonomy":"post_tag","embeddable":true,"href":"https:\/\/www.lafarga.com\/corporatiu\/wp-json\/wp\/v2\/tags?post=22394"}],"curies":[{"name":"wp","href":"https:\/\/api.w.org\/{rel}","templated":true}]}}