{"id":22333,"date":"2026-02-18T14:54:05","date_gmt":"2026-02-18T14:54:05","guid":{"rendered":"https:\/\/www.lafarga.com\/corporatiu\/?p=22333"},"modified":"2026-02-18T14:54:07","modified_gmt":"2026-02-18T14:54:07","slug":"el-uso-del-aparcamiento-para-residentes-mediante-la-app-amb-residents-se-dispara-un-505","status":"publish","type":"post","link":"https:\/\/www.lafarga.com\/corporatiu\/el-uso-del-aparcamiento-para-residentes-mediante-la-app-amb-residents-se-dispara-un-505\/","title":{"rendered":"El uso del aparcamiento para residentes mediante la app AMB Residents se dispara un 505%"},"content":{"rendered":"\n<h4 class=\"wp-block-heading\">El sistema registra m\u00e1s de 76.000 operaciones entre enero y principios de febrero<\/h4>\n\n\n\n<p>El uso del <a href=\"https:\/\/www.lafarga.com\/corporatiu\/estacionamientos-regulados-hospitalet\/\" type=\"link\" id=\"https:\/\/www.lafarga.com\/corporatiu\/estacionamientos-regulados-hospitalet\/\" target=\"_blank\" rel=\"noreferrer noopener\">aparcamiento regulado<\/a> para residentes en L\u2019Hospitalet de Llobregat ha experimentado un fuerte incremento durante el inicio de 2026, <strong>con 76.426 operaciones registradas<\/strong> entre el 1 de enero y el 6 de febrero, un 505% m\u00e1s que en el mismo per\u00edodo del a\u00f1o anterior.<\/p>\n\n\n\n<p>El mes de enero concentra la mayor parte de la actividad, con 64.299 operaciones, mientras que los primeros seis d\u00edas de febrero ya acumulan 12.127 estacionamientos, confirmando una tendencia claramente al alza.<\/p>\n\n\n\n<p>Las zonas con mayor movimiento son <strong>Santa Eul\u00e0lia<\/strong> (18%), el <strong>Centre<\/strong> (14%), <strong>Sant Josep<\/strong> (12%) y <strong>Pubilla Cases <\/strong>(10%), barrios con una alta densidad residencial y actividad comercial.<\/p>\n\n\n\n<p>En cuanto a la duraci\u00f3n, m\u00e1s de la mitad de las <strong>operaciones son de un solo d\u00eda (53%)<\/strong>, aunque tambi\u00e9n destaca el uso semanal, con un 37% de estacionamientos de seis o siete d\u00edas. Los fines de semana concentran el mayor volumen, especialmente los domingos, que representan el 22% del total.<\/p>\n\n\n\n<p>Actualmente, el municipio dispone de m\u00e1s de <strong>7.100 plazas para residentes<\/strong>, una red que permite absorber la demanda, aunque los datos apuntan a una presi\u00f3n creciente sobre el espacio de aparcamiento urbano.<\/p>\n","protected":false},"excerpt":{"rendered":"<p>El sistema registra m\u00e1s de 76.000 operaciones entre enero y principios de febrero.<\/p>\n","protected":false},"author":5,"featured_media":22328,"comment_status":"closed","ping_status":"closed","sticky":false,"template":"","format":"standard","meta":{"inline_featured_image":false,"_uag_custom_page_level_css":"","_monsterinsights_skip_tracking":false,"_monsterinsights_sitenote_active":false,"_monsterinsights_sitenote_note":"","_monsterinsights_sitenote_category":0,"site-sidebar-layout":"default","site-content-layout":"","ast-site-content-layout":"default","site-content-style":"default","site-sidebar-style":"default","ast-global-header-display":"","ast-banner-title-visibility":"","ast-main-header-display":"","ast-hfb-above-header-display":"","ast-hfb-below-header-display":"","ast-hfb-mobile-header-display":"","site-post-title":"","ast-breadcrumbs-content":"","ast-featured-img":"","footer-sml-layout":"","ast-disable-related-posts":"","theme-transparent-header-meta":"","adv-header-id-meta":"","stick-header-meta":"","header-above-stick-meta":"","header-main-stick-meta":"","header-below-stick-meta":"","astra-migrate-meta-layouts":"default","ast-page-background-enabled":"default","ast-page-background-meta":{"desktop":{"background-color":"var(--ast-global-color-4)","background-image":"","background-repeat":"repeat","background-position":"center center","background-size":"auto","background-attachment":"scroll","background-type":"","background-media":"","overlay-type":"","overlay-color":"","overlay-opacity":"","overlay-gradient":""},"tablet":{"background-color":"","background-image":"","background-repeat":"repeat","background-position":"center center","background-size":"auto","background-attachment":"scroll","background-type":"","background-media":"","overlay-type":"","overlay-color":"","overlay-opacity":"","overlay-gradient":""},"mobile":{"background-color":"","background-image":"","background-repeat":"repeat","background-position":"center center","background-size":"auto","background-attachment":"scroll","background-type":"","background-media":"","overlay-type":"","overlay-color":"","overlay-opacity":"","overlay-gradient":""}},"ast-content-background-meta":{"desktop":{"background-color":"var(--ast-global-color-5)","background-image":"","background-repeat":"repeat","background-position":"center center","background-size":"auto","background-attachment":"scroll","background-type":"","background-media":"","overlay-type":"","overlay-color":"","overlay-opacity":"","overlay-gradient":""},"tablet":{"background-color":"var(--ast-global-color-5)","background-image":"","background-repeat":"repeat","background-position":"center center","background-size":"auto","background-attachment":"scroll","background-type":"","background-media":"","overlay-type":"","overlay-color":"","overlay-opacity":"","overlay-gradient":""},"mobile":{"background-color":"var(--ast-global-color-5)","background-image":"","background-repeat":"repeat","background-position":"center center","background-size":"auto","background-attachment":"scroll","background-type":"","background-media":"","overlay-type":"","overlay-color":"","overlay-opacity":"","overlay-gradient":""}},"footnotes":""},"categories":[83],"tags":[858,837],"class_list":["post-22333","post","type-post","status-publish","format-standard","has-post-thumbnail","hentry","category-movilidad","tag-mobilidad","tag-zonas-aire"],"yoast_head":"<!-- This site is optimized with the Yoast SEO plugin v27.4 - https:\/\/yoast.com\/product\/yoast-seo-wordpress\/ -->\n<title>El uso del aparcamiento para residentes mediante la app AMB Residents se dispara un 505% - La Farga Gesti\u00f3n de Equipamientos Municipales, S.A.<\/title>\n<meta name=\"robots\" content=\"index, follow, max-snippet:-1, max-image-preview:large, max-video-preview:-1\" \/>\n<link rel=\"canonical\" href=\"https:\/\/www.lafarga.com\/corporatiu\/el-uso-del-aparcamiento-para-residentes-mediante-la-app-amb-residents-se-dispara-un-505\/\" \/>\n<meta property=\"og:locale\" content=\"ca_ES\" \/>\n<meta property=\"og:type\" content=\"article\" \/>\n<meta property=\"og:title\" content=\"El uso del aparcamiento para residentes mediante la app AMB Residents se dispara un 505% - La Farga Gesti\u00f3n de Equipamientos Municipales, S.A.\" \/>\n<meta property=\"og:description\" content=\"El sistema registra m\u00e1s de 76.000 operaciones entre enero y principios de febrero.\" \/>\n<meta property=\"og:url\" content=\"https:\/\/www.lafarga.com\/corporatiu\/el-uso-del-aparcamiento-para-residentes-mediante-la-app-amb-residents-se-dispara-un-505\/\" \/>\n<meta property=\"og:site_name\" content=\"La Farga Gesti\u00f3n de Equipamientos Municipales, S.A.\" \/>\n<meta property=\"article:published_time\" content=\"2026-02-18T14:54:05+00:00\" \/>\n<meta property=\"article:modified_time\" content=\"2026-02-18T14:54:07+00:00\" \/>\n<meta property=\"og:image\" content=\"https:\/\/www.lafarga.com\/corporatiu\/wp-content\/uploads\/2026\/02\/APP-Mobilitat.jpeg\" \/>\n\t<meta property=\"og:image:width\" content=\"2000\" \/>\n\t<meta property=\"og:image:height\" content=\"1125\" \/>\n\t<meta property=\"og:image:type\" content=\"image\/jpeg\" \/>\n<meta name=\"author\" content=\"\u00d2scar Milla\" \/>\n<meta name=\"twitter:label1\" content=\"Escrit per\" \/>\n\t<meta name=\"twitter:data1\" content=\"\u00d2scar Milla\" \/>\n\t<meta name=\"twitter:label2\" content=\"Temps estimat de lectura\" \/>\n\t<meta name=\"twitter:data2\" content=\"2 minuts\" \/>\n<script type=\"application\/ld+json\" class=\"yoast-schema-graph\">{\"@context\":\"https:\\\/\\\/schema.org\",\"@graph\":[{\"@type\":\"Article\",\"@id\":\"https:\\\/\\\/www.lafarga.com\\\/corporatiu\\\/el-uso-del-aparcamiento-para-residentes-mediante-la-app-amb-residents-se-dispara-un-505\\\/#article\",\"isPartOf\":{\"@id\":\"https:\\\/\\\/www.lafarga.com\\\/corporatiu\\\/el-uso-del-aparcamiento-para-residentes-mediante-la-app-amb-residents-se-dispara-un-505\\\/\"},\"author\":{\"name\":\"\u00d2scar Milla\",\"@id\":\"https:\\\/\\\/www.lafarga.com\\\/corporatiu\\\/#\\\/schema\\\/person\\\/70d96fe17d0da1a9c9e80d232bdbcf33\"},\"headline\":\"El uso del aparcamiento para residentes mediante la app AMB Residents se dispara un 505%\",\"datePublished\":\"2026-02-18T14:54:05+00:00\",\"dateModified\":\"2026-02-18T14:54:07+00:00\",\"mainEntityOfPage\":{\"@id\":\"https:\\\/\\\/www.lafarga.com\\\/corporatiu\\\/el-uso-del-aparcamiento-para-residentes-mediante-la-app-amb-residents-se-dispara-un-505\\\/\"},\"wordCount\":214,\"publisher\":{\"@id\":\"https:\\\/\\\/www.lafarga.com\\\/corporatiu\\\/#organization\"},\"image\":{\"@id\":\"https:\\\/\\\/www.lafarga.com\\\/corporatiu\\\/el-uso-del-aparcamiento-para-residentes-mediante-la-app-amb-residents-se-dispara-un-505\\\/#primaryimage\"},\"thumbnailUrl\":\"https:\\\/\\\/www.lafarga.com\\\/corporatiu\\\/wp-content\\\/uploads\\\/2026\\\/02\\\/APP-Mobilitat.jpeg\",\"keywords\":[\"Mobilidad\",\"Zonas Aire\"],\"articleSection\":[\"Estacionamientos Regulados\"],\"inLanguage\":\"ca\"},{\"@type\":\"WebPage\",\"@id\":\"https:\\\/\\\/www.lafarga.com\\\/corporatiu\\\/el-uso-del-aparcamiento-para-residentes-mediante-la-app-amb-residents-se-dispara-un-505\\\/\",\"url\":\"https:\\\/\\\/www.lafarga.com\\\/corporatiu\\\/el-uso-del-aparcamiento-para-residentes-mediante-la-app-amb-residents-se-dispara-un-505\\\/\",\"name\":\"El uso del aparcamiento para residentes mediante la app AMB Residents se dispara un 505% - La Farga Gesti\u00f3n de Equipamientos Municipales, S.A.\",\"isPartOf\":{\"@id\":\"https:\\\/\\\/www.lafarga.com\\\/corporatiu\\\/#website\"},\"primaryImageOfPage\":{\"@id\":\"https:\\\/\\\/www.lafarga.com\\\/corporatiu\\\/el-uso-del-aparcamiento-para-residentes-mediante-la-app-amb-residents-se-dispara-un-505\\\/#primaryimage\"},\"image\":{\"@id\":\"https:\\\/\\\/www.lafarga.com\\\/corporatiu\\\/el-uso-del-aparcamiento-para-residentes-mediante-la-app-amb-residents-se-dispara-un-505\\\/#primaryimage\"},\"thumbnailUrl\":\"https:\\\/\\\/www.lafarga.com\\\/corporatiu\\\/wp-content\\\/uploads\\\/2026\\\/02\\\/APP-Mobilitat.jpeg\",\"datePublished\":\"2026-02-18T14:54:05+00:00\",\"dateModified\":\"2026-02-18T14:54:07+00:00\",\"breadcrumb\":{\"@id\":\"https:\\\/\\\/www.lafarga.com\\\/corporatiu\\\/el-uso-del-aparcamiento-para-residentes-mediante-la-app-amb-residents-se-dispara-un-505\\\/#breadcrumb\"},\"inLanguage\":\"ca\",\"potentialAction\":[{\"@type\":\"ReadAction\",\"target\":[\"https:\\\/\\\/www.lafarga.com\\\/corporatiu\\\/el-uso-del-aparcamiento-para-residentes-mediante-la-app-amb-residents-se-dispara-un-505\\\/\"]}]},{\"@type\":\"ImageObject\",\"inLanguage\":\"ca\",\"@id\":\"https:\\\/\\\/www.lafarga.com\\\/corporatiu\\\/el-uso-del-aparcamiento-para-residentes-mediante-la-app-amb-residents-se-dispara-un-505\\\/#primaryimage\",\"url\":\"https:\\\/\\\/www.lafarga.com\\\/corporatiu\\\/wp-content\\\/uploads\\\/2026\\\/02\\\/APP-Mobilitat.jpeg\",\"contentUrl\":\"https:\\\/\\\/www.lafarga.com\\\/corporatiu\\\/wp-content\\\/uploads\\\/2026\\\/02\\\/APP-Mobilitat.jpeg\",\"width\":2000,\"height\":1125},{\"@type\":\"BreadcrumbList\",\"@id\":\"https:\\\/\\\/www.lafarga.com\\\/corporatiu\\\/el-uso-del-aparcamiento-para-residentes-mediante-la-app-amb-residents-se-dispara-un-505\\\/#breadcrumb\",\"itemListElement\":[{\"@type\":\"ListItem\",\"position\":1,\"name\":\"Home\",\"item\":\"https:\\\/\\\/www.lafarga.com\\\/corporatiu\\\/lafarga-hospitalet-llobregat\\\/\"},{\"@type\":\"ListItem\",\"position\":2,\"name\":\"El uso del aparcamiento para residentes mediante la app AMB Residents se dispara un 505%\"}]},{\"@type\":\"WebSite\",\"@id\":\"https:\\\/\\\/www.lafarga.com\\\/corporatiu\\\/#website\",\"url\":\"https:\\\/\\\/www.lafarga.com\\\/corporatiu\\\/\",\"name\":\"La Farga Gesti\u00f3 d&#039;Equipaments Municipals, SA\",\"description\":\"\",\"publisher\":{\"@id\":\"https:\\\/\\\/www.lafarga.com\\\/corporatiu\\\/#organization\"},\"potentialAction\":[{\"@type\":\"SearchAction\",\"target\":{\"@type\":\"EntryPoint\",\"urlTemplate\":\"https:\\\/\\\/www.lafarga.com\\\/corporatiu\\\/?s={search_term_string}\"},\"query-input\":{\"@type\":\"PropertyValueSpecification\",\"valueRequired\":true,\"valueName\":\"search_term_string\"}}],\"inLanguage\":\"ca\"},{\"@type\":\"Organization\",\"@id\":\"https:\\\/\\\/www.lafarga.com\\\/corporatiu\\\/#organization\",\"name\":\"La Farga Gesti\u00f3 d&#039;Equipaments Municipals, SA\",\"url\":\"https:\\\/\\\/www.lafarga.com\\\/corporatiu\\\/\",\"logo\":{\"@type\":\"ImageObject\",\"inLanguage\":\"ca\",\"@id\":\"https:\\\/\\\/www.lafarga.com\\\/corporatiu\\\/#\\\/schema\\\/logo\\\/image\\\/\",\"url\":\"https:\\\/\\\/www.lafarga.com\\\/corporatiu\\\/wp-content\\\/uploads\\\/2023\\\/11\\\/logotipo_lafarga_gemsa.svg\",\"contentUrl\":\"https:\\\/\\\/www.lafarga.com\\\/corporatiu\\\/wp-content\\\/uploads\\\/2023\\\/11\\\/logotipo_lafarga_gemsa.svg\",\"width\":102,\"height\":103,\"caption\":\"La Farga Gesti\u00f3 d&#039;Equipaments Municipals, SA\"},\"image\":{\"@id\":\"https:\\\/\\\/www.lafarga.com\\\/corporatiu\\\/#\\\/schema\\\/logo\\\/image\\\/\"}},{\"@type\":\"Person\",\"@id\":\"https:\\\/\\\/www.lafarga.com\\\/corporatiu\\\/#\\\/schema\\\/person\\\/70d96fe17d0da1a9c9e80d232bdbcf33\",\"name\":\"\u00d2scar Milla\",\"image\":{\"@type\":\"ImageObject\",\"inLanguage\":\"ca\",\"@id\":\"https:\\\/\\\/secure.gravatar.com\\\/avatar\\\/92e75d184f9d5e0e403bd4ad075b080ad258344ddc259adddb579f6a3ba6494f?s=96&d=mm&r=g\",\"url\":\"https:\\\/\\\/secure.gravatar.com\\\/avatar\\\/92e75d184f9d5e0e403bd4ad075b080ad258344ddc259adddb579f6a3ba6494f?s=96&d=mm&r=g\",\"contentUrl\":\"https:\\\/\\\/secure.gravatar.com\\\/avatar\\\/92e75d184f9d5e0e403bd4ad075b080ad258344ddc259adddb579f6a3ba6494f?s=96&d=mm&r=g\",\"caption\":\"\u00d2scar Milla\"},\"url\":\"https:\\\/\\\/www.lafarga.com\\\/corporatiu\\\/author\\\/omilla\\\/\"}]}<\/script>\n<!-- \/ Yoast SEO plugin. -->","yoast_head_json":{"title":"El uso del aparcamiento para residentes mediante la app AMB Residents se dispara un 505% - La Farga Gesti\u00f3n de Equipamientos Municipales, S.A.","robots":{"index":"index","follow":"follow","max-snippet":"max-snippet:-1","max-image-preview":"max-image-preview:large","max-video-preview":"max-video-preview:-1"},"canonical":"https:\/\/www.lafarga.com\/corporatiu\/el-uso-del-aparcamiento-para-residentes-mediante-la-app-amb-residents-se-dispara-un-505\/","og_locale":"ca_ES","og_type":"article","og_title":"El uso del aparcamiento para residentes mediante la app AMB Residents se dispara un 505% - La Farga Gesti\u00f3n de Equipamientos Municipales, S.A.","og_description":"El sistema registra m\u00e1s de 76.000 operaciones entre enero y principios de febrero.","og_url":"https:\/\/www.lafarga.com\/corporatiu\/el-uso-del-aparcamiento-para-residentes-mediante-la-app-amb-residents-se-dispara-un-505\/","og_site_name":"La Farga Gesti\u00f3n de Equipamientos Municipales, S.A.","article_published_time":"2026-02-18T14:54:05+00:00","article_modified_time":"2026-02-18T14:54:07+00:00","og_image":[{"width":2000,"height":1125,"url":"https:\/\/www.lafarga.com\/corporatiu\/wp-content\/uploads\/2026\/02\/APP-Mobilitat.jpeg","type":"image\/jpeg"}],"author":"\u00d2scar Milla","twitter_misc":{"Escrit per":"\u00d2scar Milla","Temps estimat de lectura":"2 minuts"},"schema":{"@context":"https:\/\/schema.org","@graph":[{"@type":"Article","@id":"https:\/\/www.lafarga.com\/corporatiu\/el-uso-del-aparcamiento-para-residentes-mediante-la-app-amb-residents-se-dispara-un-505\/#article","isPartOf":{"@id":"https:\/\/www.lafarga.com\/corporatiu\/el-uso-del-aparcamiento-para-residentes-mediante-la-app-amb-residents-se-dispara-un-505\/"},"author":{"name":"\u00d2scar Milla","@id":"https:\/\/www.lafarga.com\/corporatiu\/#\/schema\/person\/70d96fe17d0da1a9c9e80d232bdbcf33"},"headline":"El uso del aparcamiento para residentes mediante la app AMB Residents se dispara un 505%","datePublished":"2026-02-18T14:54:05+00:00","dateModified":"2026-02-18T14:54:07+00:00","mainEntityOfPage":{"@id":"https:\/\/www.lafarga.com\/corporatiu\/el-uso-del-aparcamiento-para-residentes-mediante-la-app-amb-residents-se-dispara-un-505\/"},"wordCount":214,"publisher":{"@id":"https:\/\/www.lafarga.com\/corporatiu\/#organization"},"image":{"@id":"https:\/\/www.lafarga.com\/corporatiu\/el-uso-del-aparcamiento-para-residentes-mediante-la-app-amb-residents-se-dispara-un-505\/#primaryimage"},"thumbnailUrl":"https:\/\/www.lafarga.com\/corporatiu\/wp-content\/uploads\/2026\/02\/APP-Mobilitat.jpeg","keywords":["Mobilidad","Zonas Aire"],"articleSection":["Estacionamientos Regulados"],"inLanguage":"ca"},{"@type":"WebPage","@id":"https:\/\/www.lafarga.com\/corporatiu\/el-uso-del-aparcamiento-para-residentes-mediante-la-app-amb-residents-se-dispara-un-505\/","url":"https:\/\/www.lafarga.com\/corporatiu\/el-uso-del-aparcamiento-para-residentes-mediante-la-app-amb-residents-se-dispara-un-505\/","name":"El uso del aparcamiento para residentes mediante la app AMB Residents se dispara un 505% - La Farga Gesti\u00f3n de Equipamientos Municipales, S.A.","isPartOf":{"@id":"https:\/\/www.lafarga.com\/corporatiu\/#website"},"primaryImageOfPage":{"@id":"https:\/\/www.lafarga.com\/corporatiu\/el-uso-del-aparcamiento-para-residentes-mediante-la-app-amb-residents-se-dispara-un-505\/#primaryimage"},"image":{"@id":"https:\/\/www.lafarga.com\/corporatiu\/el-uso-del-aparcamiento-para-residentes-mediante-la-app-amb-residents-se-dispara-un-505\/#primaryimage"},"thumbnailUrl":"https:\/\/www.lafarga.com\/corporatiu\/wp-content\/uploads\/2026\/02\/APP-Mobilitat.jpeg","datePublished":"2026-02-18T14:54:05+00:00","dateModified":"2026-02-18T14:54:07+00:00","breadcrumb":{"@id":"https:\/\/www.lafarga.com\/corporatiu\/el-uso-del-aparcamiento-para-residentes-mediante-la-app-amb-residents-se-dispara-un-505\/#breadcrumb"},"inLanguage":"ca","potentialAction":[{"@type":"ReadAction","target":["https:\/\/www.lafarga.com\/corporatiu\/el-uso-del-aparcamiento-para-residentes-mediante-la-app-amb-residents-se-dispara-un-505\/"]}]},{"@type":"ImageObject","inLanguage":"ca","@id":"https:\/\/www.lafarga.com\/corporatiu\/el-uso-del-aparcamiento-para-residentes-mediante-la-app-amb-residents-se-dispara-un-505\/#primaryimage","url":"https:\/\/www.lafarga.com\/corporatiu\/wp-content\/uploads\/2026\/02\/APP-Mobilitat.jpeg","contentUrl":"https:\/\/www.lafarga.com\/corporatiu\/wp-content\/uploads\/2026\/02\/APP-Mobilitat.jpeg","width":2000,"height":1125},{"@type":"BreadcrumbList","@id":"https:\/\/www.lafarga.com\/corporatiu\/el-uso-del-aparcamiento-para-residentes-mediante-la-app-amb-residents-se-dispara-un-505\/#breadcrumb","itemListElement":[{"@type":"ListItem","position":1,"name":"Home","item":"https:\/\/www.lafarga.com\/corporatiu\/lafarga-hospitalet-llobregat\/"},{"@type":"ListItem","position":2,"name":"El uso del aparcamiento para residentes mediante la app AMB Residents se dispara un 505%"}]},{"@type":"WebSite","@id":"https:\/\/www.lafarga.com\/corporatiu\/#website","url":"https:\/\/www.lafarga.com\/corporatiu\/","name":"La Farga Gesti\u00f3 d&#039;Equipaments Municipals, SA","description":"","publisher":{"@id":"https:\/\/www.lafarga.com\/corporatiu\/#organization"},"potentialAction":[{"@type":"SearchAction","target":{"@type":"EntryPoint","urlTemplate":"https:\/\/www.lafarga.com\/corporatiu\/?s={search_term_string}"},"query-input":{"@type":"PropertyValueSpecification","valueRequired":true,"valueName":"search_term_string"}}],"inLanguage":"ca"},{"@type":"Organization","@id":"https:\/\/www.lafarga.com\/corporatiu\/#organization","name":"La Farga Gesti\u00f3 d&#039;Equipaments Municipals, SA","url":"https:\/\/www.lafarga.com\/corporatiu\/","logo":{"@type":"ImageObject","inLanguage":"ca","@id":"https:\/\/www.lafarga.com\/corporatiu\/#\/schema\/logo\/image\/","url":"https:\/\/www.lafarga.com\/corporatiu\/wp-content\/uploads\/2023\/11\/logotipo_lafarga_gemsa.svg","contentUrl":"https:\/\/www.lafarga.com\/corporatiu\/wp-content\/uploads\/2023\/11\/logotipo_lafarga_gemsa.svg","width":102,"height":103,"caption":"La Farga Gesti\u00f3 d&#039;Equipaments Municipals, SA"},"image":{"@id":"https:\/\/www.lafarga.com\/corporatiu\/#\/schema\/logo\/image\/"}},{"@type":"Person","@id":"https:\/\/www.lafarga.com\/corporatiu\/#\/schema\/person\/70d96fe17d0da1a9c9e80d232bdbcf33","name":"\u00d2scar Milla","image":{"@type":"ImageObject","inLanguage":"ca","@id":"https:\/\/secure.gravatar.com\/avatar\/92e75d184f9d5e0e403bd4ad075b080ad258344ddc259adddb579f6a3ba6494f?s=96&d=mm&r=g","url":"https:\/\/secure.gravatar.com\/avatar\/92e75d184f9d5e0e403bd4ad075b080ad258344ddc259adddb579f6a3ba6494f?s=96&d=mm&r=g","contentUrl":"https:\/\/secure.gravatar.com\/avatar\/92e75d184f9d5e0e403bd4ad075b080ad258344ddc259adddb579f6a3ba6494f?s=96&d=mm&r=g","caption":"\u00d2scar Milla"},"url":"https:\/\/www.lafarga.com\/corporatiu\/author\/omilla\/"}]}},"uagb_featured_image_src":{"full":["https:\/\/www.lafarga.com\/corporatiu\/wp-content\/uploads\/2026\/02\/APP-Mobilitat.jpeg",2000,1125,false],"thumbnail":["https:\/\/www.lafarga.com\/corporatiu\/wp-content\/uploads\/2026\/02\/APP-Mobilitat-150x150.jpeg",150,150,true],"medium":["https:\/\/www.lafarga.com\/corporatiu\/wp-content\/uploads\/2026\/02\/APP-Mobilitat-300x169.jpeg",300,169,true],"medium_large":["https:\/\/www.lafarga.com\/corporatiu\/wp-content\/uploads\/2026\/02\/APP-Mobilitat-768x432.jpeg",768,432,true],"large":["https:\/\/www.lafarga.com\/corporatiu\/wp-content\/uploads\/2026\/02\/APP-Mobilitat-1024x576.jpeg",1024,576,true],"1536x1536":["https:\/\/www.lafarga.com\/corporatiu\/wp-content\/uploads\/2026\/02\/APP-Mobilitat-1536x864.jpeg",1536,864,true],"2048x2048":["https:\/\/www.lafarga.com\/corporatiu\/wp-content\/uploads\/2026\/02\/APP-Mobilitat.jpeg",2000,1125,false],"mailpoet_newsletter_max":["https:\/\/www.lafarga.com\/corporatiu\/wp-content\/uploads\/2026\/02\/APP-Mobilitat-1320x743.jpeg",1320,743,true]},"uagb_author_info":{"display_name":"\u00d2scar Milla","author_link":"https:\/\/www.lafarga.com\/corporatiu\/author\/omilla\/"},"uagb_comment_info":0,"uagb_excerpt":"El sistema registra m\u00e1s de 76.000 operaciones entre enero y principios de febrero.","_links":{"self":[{"href":"https:\/\/www.lafarga.com\/corporatiu\/wp-json\/wp\/v2\/posts\/22333","targetHints":{"allow":["GET"]}}],"collection":[{"href":"https:\/\/www.lafarga.com\/corporatiu\/wp-json\/wp\/v2\/posts"}],"about":[{"href":"https:\/\/www.lafarga.com\/corporatiu\/wp-json\/wp\/v2\/types\/post"}],"author":[{"embeddable":true,"href":"https:\/\/www.lafarga.com\/corporatiu\/wp-json\/wp\/v2\/users\/5"}],"replies":[{"embeddable":true,"href":"https:\/\/www.lafarga.com\/corporatiu\/wp-json\/wp\/v2\/comments?post=22333"}],"version-history":[{"count":1,"href":"https:\/\/www.lafarga.com\/corporatiu\/wp-json\/wp\/v2\/posts\/22333\/revisions"}],"predecessor-version":[{"id":22334,"href":"https:\/\/www.lafarga.com\/corporatiu\/wp-json\/wp\/v2\/posts\/22333\/revisions\/22334"}],"wp:featuredmedia":[{"embeddable":true,"href":"https:\/\/www.lafarga.com\/corporatiu\/wp-json\/wp\/v2\/media\/22328"}],"wp:attachment":[{"href":"https:\/\/www.lafarga.com\/corporatiu\/wp-json\/wp\/v2\/media?parent=22333"}],"wp:term":[{"taxonomy":"category","embeddable":true,"href":"https:\/\/www.lafarga.com\/corporatiu\/wp-json\/wp\/v2\/categories?post=22333"},{"taxonomy":"post_tag","embeddable":true,"href":"https:\/\/www.lafarga.com\/corporatiu\/wp-json\/wp\/v2\/tags?post=22333"}],"curies":[{"name":"wp","href":"https:\/\/api.w.org\/{rel}","templated":true}]}}