{"id":22295,"date":"2026-02-17T11:58:38","date_gmt":"2026-02-17T11:58:38","guid":{"rendered":"https:\/\/www.lafarga.com\/corporatiu\/?p=22295"},"modified":"2026-02-17T11:59:47","modified_gmt":"2026-02-17T11:59:47","slug":"la-farga-acull-el-salo-making-pharma-spain","status":"publish","type":"post","link":"https:\/\/www.lafarga.com\/corporatiu\/la-farga-acull-el-salo-making-pharma-spain\/","title":{"rendered":"La Farga acull el sal\u00f3 Making Pharma Spain"},"content":{"rendered":"\n<p>El recinte de\u00a0<strong>La Farga Centre d\u2019Activitats<\/strong>\u00a0acull des de dem\u00e0,\u00a0<strong>18 de febrer<\/strong>, i fins dijous,\u00a0<strong>19 de febrer<\/strong>, la primera edici\u00f3 del sal\u00f3\u00a0<strong><a href=\"https:\/\/www.makingpharmaspain.com\/\" target=\"_blank\" rel=\"noreferrer noopener\">Making Pharma Spain<\/a><\/strong>, esdeveniment professional de refer\u00e8ncia dedicat al desenvolupament, la fabricaci\u00f3, la regulaci\u00f3, la sostenibilitat i la distribuci\u00f3 de productes farmac\u00e8utics.<\/p>\n\n\n\n<p>El certamen est\u00e0&nbsp;<strong>organitzat per&nbsp;<a href=\"https:\/\/www.step-exhibitions.com\/\" target=\"_blank\" rel=\"noreferrer noopener\">Step Exhibitions<\/a><\/strong>, empresa especialitzada en fires professionals B2B, que tamb\u00e9 impulsa a&nbsp;<strong>La Farga<\/strong>&nbsp;altres salons sectorials consolidats com&nbsp;<strong>Cosmetorium<\/strong>&nbsp;(ind\u00fastria cosm\u00e8tica), aix\u00ed com&nbsp;<strong>Plastics &amp; Rubber<\/strong>, dedicat a la ind\u00fastria del pl\u00e0stic i el cautx\u00fa, i&nbsp;<strong>Paint &amp; Coatings<\/strong>, centrat en el sector de les pintures, recobriments i tractaments de superf\u00edcies.<\/p>\n\n\n\n<p>Making Pharma Spain ocupar\u00e0&nbsp;<strong>una superf\u00edcie expositiva d\u2019uns 2.000 metres quadrats<\/strong>, corresponents a la planta baixa del recinte de La Farga, on s\u2019ubiquen la zona d\u2019exposici\u00f3, els espais de confer\u00e8ncies, a l\u2019Auditori de La Farga Congress, i \u00e0rees de networking.<\/p>\n\n\n\n<p>El sal\u00f3 reunir\u00e0&nbsp;<strong>professionals, empreses i experts del sector farmac\u00e8utic<\/strong>&nbsp;amb l\u2019objectiu de fomentar el&nbsp;<strong>networking<\/strong>, l\u2019intercanvi de coneixement i la presentaci\u00f3 de&nbsp;<strong>noves solucions tecnol\u00f2giques, industrials i de proc\u00e9s<\/strong>. El programa inclou una \u00e0mplia exposici\u00f3 comercial, pon\u00e8ncies t\u00e8cniques, confer\u00e8ncies especialitzades i espais de debat sobre els principals reptes actuals de la ind\u00fastria.<\/p>\n\n\n\n<p>L\u2019esdeveniment s\u2019adre\u00e7a especialment a&nbsp;<strong>directius, responsables de producci\u00f3, enginyeria, qualitat, R+D, log\u00edstica i regulaci\u00f3<\/strong>, consolidant-se com una cita estrat\u00e8gica per impulsar la innovaci\u00f3 i la competitivitat del sector farmac\u00e8utic a Espanya.<\/p>\n\n\n\n<p>L\u2019horari d\u2019obertura ser\u00e0&nbsp;<strong>dimecres de 9 a 18 h<\/strong>&nbsp;i&nbsp;<strong>dijous de 9 a 17.30 h<\/strong>, amb entrada gratu\u00efta pr\u00e8via inscripci\u00f3.<\/p>\n","protected":false},"excerpt":{"rendered":"<p>Aquesta \u00e9s la primera edici\u00f3 d&#8217;aquest sal\u00f3 professional.<\/p>\n","protected":false},"author":5,"featured_media":22296,"comment_status":"closed","ping_status":"closed","sticky":false,"template":"","format":"standard","meta":{"inline_featured_image":false,"_uag_custom_page_level_css":"","_monsterinsights_skip_tracking":false,"_monsterinsights_sitenote_active":false,"_monsterinsights_sitenote_note":"","_monsterinsights_sitenote_category":0,"site-sidebar-layout":"default","site-content-layout":"","ast-site-content-layout":"default","site-content-style":"default","site-sidebar-style":"default","ast-global-header-display":"","ast-banner-title-visibility":"","ast-main-header-display":"","ast-hfb-above-header-display":"","ast-hfb-below-header-display":"","ast-hfb-mobile-header-display":"","site-post-title":"","ast-breadcrumbs-content":"","ast-featured-img":"","footer-sml-layout":"","ast-disable-related-posts":"","theme-transparent-header-meta":"","adv-header-id-meta":"","stick-header-meta":"","header-above-stick-meta":"","header-main-stick-meta":"","header-below-stick-meta":"","astra-migrate-meta-layouts":"default","ast-page-background-enabled":"default","ast-page-background-meta":{"desktop":{"background-color":"var(--ast-global-color-4)","background-image":"","background-repeat":"repeat","background-position":"center center","background-size":"auto","background-attachment":"scroll","background-type":"","background-media":"","overlay-type":"","overlay-color":"","overlay-opacity":"","overlay-gradient":""},"tablet":{"background-color":"","background-image":"","background-repeat":"repeat","background-position":"center center","background-size":"auto","background-attachment":"scroll","background-type":"","background-media":"","overlay-type":"","overlay-color":"","overlay-opacity":"","overlay-gradient":""},"mobile":{"background-color":"","background-image":"","background-repeat":"repeat","background-position":"center center","background-size":"auto","background-attachment":"scroll","background-type":"","background-media":"","overlay-type":"","overlay-color":"","overlay-opacity":"","overlay-gradient":""}},"ast-content-background-meta":{"desktop":{"background-color":"var(--ast-global-color-5)","background-image":"","background-repeat":"repeat","background-position":"center center","background-size":"auto","background-attachment":"scroll","background-type":"","background-media":"","overlay-type":"","overlay-color":"","overlay-opacity":"","overlay-gradient":""},"tablet":{"background-color":"var(--ast-global-color-5)","background-image":"","background-repeat":"repeat","background-position":"center center","background-size":"auto","background-attachment":"scroll","background-type":"","background-media":"","overlay-type":"","overlay-color":"","overlay-opacity":"","overlay-gradient":""},"mobile":{"background-color":"var(--ast-global-color-5)","background-image":"","background-repeat":"repeat","background-position":"center center","background-size":"auto","background-attachment":"scroll","background-type":"","background-media":"","overlay-type":"","overlay-color":"","overlay-opacity":"","overlay-gradient":""}},"footnotes":""},"categories":[49],"tags":[815],"class_list":["post-22295","post","type-post","status-publish","format-standard","has-post-thumbnail","hentry","category-centre-activitats","tag-centre-dactivitats"],"yoast_head":"<!-- This site is optimized with the Yoast SEO plugin v27.4 - https:\/\/yoast.com\/product\/yoast-seo-wordpress\/ -->\n<title>La Farga acull el sal\u00f3 Making Pharma Spain - La Farga Gesti\u00f3n de Equipamientos Municipales, S.A.<\/title>\n<meta name=\"description\" content=\"El recinte de\u00a0La Farga Centre d\u2019Activitats\u00a0acull des de dem\u00e0,\u00a018 de febrer, i fins dijous,\u00a019 de febrer de 2026, el sal\u00f3\u00a0Making Pharma Spain,\" \/>\n<meta name=\"robots\" content=\"index, follow, max-snippet:-1, max-image-preview:large, max-video-preview:-1\" \/>\n<link rel=\"canonical\" href=\"https:\/\/www.lafarga.com\/corporatiu\/la-farga-acull-el-salo-making-pharma-spain\/\" \/>\n<meta property=\"og:locale\" content=\"ca_ES\" \/>\n<meta property=\"og:type\" content=\"article\" \/>\n<meta property=\"og:title\" content=\"La Farga acull el sal\u00f3 Making Pharma Spain - La Farga Gesti\u00f3n de Equipamientos Municipales, S.A.\" \/>\n<meta property=\"og:description\" content=\"El recinte de\u00a0La Farga Centre d\u2019Activitats\u00a0acull des de dem\u00e0,\u00a018 de febrer, i fins dijous,\u00a019 de febrer de 2026, el sal\u00f3\u00a0Making Pharma Spain,\" \/>\n<meta property=\"og:url\" content=\"https:\/\/www.lafarga.com\/corporatiu\/la-farga-acull-el-salo-making-pharma-spain\/\" \/>\n<meta property=\"og:site_name\" content=\"La Farga Gesti\u00f3n de Equipamientos Municipales, S.A.\" \/>\n<meta property=\"article:published_time\" content=\"2026-02-17T11:58:38+00:00\" \/>\n<meta property=\"article:modified_time\" content=\"2026-02-17T11:59:47+00:00\" \/>\n<meta property=\"og:image\" content=\"https:\/\/www.lafarga.com\/corporatiu\/wp-content\/uploads\/2026\/02\/La-Farga-Salo.png\" \/>\n\t<meta property=\"og:image:width\" content=\"957\" \/>\n\t<meta property=\"og:image:height\" content=\"634\" \/>\n\t<meta property=\"og:image:type\" content=\"image\/png\" \/>\n<meta name=\"author\" content=\"\u00d2scar Milla\" \/>\n<meta name=\"twitter:label1\" content=\"Escrit per\" \/>\n\t<meta name=\"twitter:data1\" content=\"\u00d2scar Milla\" \/>\n\t<meta name=\"twitter:label2\" content=\"Temps estimat de lectura\" \/>\n\t<meta name=\"twitter:data2\" content=\"2 minuts\" \/>\n<script type=\"application\/ld+json\" class=\"yoast-schema-graph\">{\"@context\":\"https:\\\/\\\/schema.org\",\"@graph\":[{\"@type\":\"Article\",\"@id\":\"https:\\\/\\\/www.lafarga.com\\\/corporatiu\\\/la-farga-acull-el-salo-making-pharma-spain\\\/#article\",\"isPartOf\":{\"@id\":\"https:\\\/\\\/www.lafarga.com\\\/corporatiu\\\/la-farga-acull-el-salo-making-pharma-spain\\\/\"},\"author\":{\"name\":\"\u00d2scar Milla\",\"@id\":\"https:\\\/\\\/www.lafarga.com\\\/corporatiu\\\/#\\\/schema\\\/person\\\/70d96fe17d0da1a9c9e80d232bdbcf33\"},\"headline\":\"La Farga acull el sal\u00f3 Making Pharma Spain\",\"datePublished\":\"2026-02-17T11:58:38+00:00\",\"dateModified\":\"2026-02-17T11:59:47+00:00\",\"mainEntityOfPage\":{\"@id\":\"https:\\\/\\\/www.lafarga.com\\\/corporatiu\\\/la-farga-acull-el-salo-making-pharma-spain\\\/\"},\"wordCount\":302,\"publisher\":{\"@id\":\"https:\\\/\\\/www.lafarga.com\\\/corporatiu\\\/#organization\"},\"image\":{\"@id\":\"https:\\\/\\\/www.lafarga.com\\\/corporatiu\\\/la-farga-acull-el-salo-making-pharma-spain\\\/#primaryimage\"},\"thumbnailUrl\":\"https:\\\/\\\/www.lafarga.com\\\/corporatiu\\\/wp-content\\\/uploads\\\/2026\\\/02\\\/La-Farga-Salo.png\",\"keywords\":[\"Centre d'Activitats\"],\"articleSection\":[\"Centre d'Activitats\"],\"inLanguage\":\"ca\"},{\"@type\":\"WebPage\",\"@id\":\"https:\\\/\\\/www.lafarga.com\\\/corporatiu\\\/la-farga-acull-el-salo-making-pharma-spain\\\/\",\"url\":\"https:\\\/\\\/www.lafarga.com\\\/corporatiu\\\/la-farga-acull-el-salo-making-pharma-spain\\\/\",\"name\":\"La Farga acull el sal\u00f3 Making Pharma Spain - La Farga Gesti\u00f3n de Equipamientos Municipales, S.A.\",\"isPartOf\":{\"@id\":\"https:\\\/\\\/www.lafarga.com\\\/corporatiu\\\/#website\"},\"primaryImageOfPage\":{\"@id\":\"https:\\\/\\\/www.lafarga.com\\\/corporatiu\\\/la-farga-acull-el-salo-making-pharma-spain\\\/#primaryimage\"},\"image\":{\"@id\":\"https:\\\/\\\/www.lafarga.com\\\/corporatiu\\\/la-farga-acull-el-salo-making-pharma-spain\\\/#primaryimage\"},\"thumbnailUrl\":\"https:\\\/\\\/www.lafarga.com\\\/corporatiu\\\/wp-content\\\/uploads\\\/2026\\\/02\\\/La-Farga-Salo.png\",\"datePublished\":\"2026-02-17T11:58:38+00:00\",\"dateModified\":\"2026-02-17T11:59:47+00:00\",\"description\":\"El recinte de\u00a0La Farga Centre d\u2019Activitats\u00a0acull des de dem\u00e0,\u00a018 de febrer, i fins dijous,\u00a019 de febrer de 2026, el sal\u00f3\u00a0Making Pharma Spain,\",\"breadcrumb\":{\"@id\":\"https:\\\/\\\/www.lafarga.com\\\/corporatiu\\\/la-farga-acull-el-salo-making-pharma-spain\\\/#breadcrumb\"},\"inLanguage\":\"ca\",\"potentialAction\":[{\"@type\":\"ReadAction\",\"target\":[\"https:\\\/\\\/www.lafarga.com\\\/corporatiu\\\/la-farga-acull-el-salo-making-pharma-spain\\\/\"]}]},{\"@type\":\"ImageObject\",\"inLanguage\":\"ca\",\"@id\":\"https:\\\/\\\/www.lafarga.com\\\/corporatiu\\\/la-farga-acull-el-salo-making-pharma-spain\\\/#primaryimage\",\"url\":\"https:\\\/\\\/www.lafarga.com\\\/corporatiu\\\/wp-content\\\/uploads\\\/2026\\\/02\\\/La-Farga-Salo.png\",\"contentUrl\":\"https:\\\/\\\/www.lafarga.com\\\/corporatiu\\\/wp-content\\\/uploads\\\/2026\\\/02\\\/La-Farga-Salo.png\",\"width\":957,\"height\":634},{\"@type\":\"BreadcrumbList\",\"@id\":\"https:\\\/\\\/www.lafarga.com\\\/corporatiu\\\/la-farga-acull-el-salo-making-pharma-spain\\\/#breadcrumb\",\"itemListElement\":[{\"@type\":\"ListItem\",\"position\":1,\"name\":\"Home\",\"item\":\"https:\\\/\\\/www.lafarga.com\\\/corporatiu\\\/lafarga-hospitalet-llobregat\\\/\"},{\"@type\":\"ListItem\",\"position\":2,\"name\":\"La Farga acull el sal\u00f3 Making Pharma Spain\"}]},{\"@type\":\"WebSite\",\"@id\":\"https:\\\/\\\/www.lafarga.com\\\/corporatiu\\\/#website\",\"url\":\"https:\\\/\\\/www.lafarga.com\\\/corporatiu\\\/\",\"name\":\"La Farga Gesti\u00f3 d&#039;Equipaments Municipals, SA\",\"description\":\"\",\"publisher\":{\"@id\":\"https:\\\/\\\/www.lafarga.com\\\/corporatiu\\\/#organization\"},\"potentialAction\":[{\"@type\":\"SearchAction\",\"target\":{\"@type\":\"EntryPoint\",\"urlTemplate\":\"https:\\\/\\\/www.lafarga.com\\\/corporatiu\\\/?s={search_term_string}\"},\"query-input\":{\"@type\":\"PropertyValueSpecification\",\"valueRequired\":true,\"valueName\":\"search_term_string\"}}],\"inLanguage\":\"ca\"},{\"@type\":\"Organization\",\"@id\":\"https:\\\/\\\/www.lafarga.com\\\/corporatiu\\\/#organization\",\"name\":\"La Farga Gesti\u00f3 d&#039;Equipaments Municipals, SA\",\"url\":\"https:\\\/\\\/www.lafarga.com\\\/corporatiu\\\/\",\"logo\":{\"@type\":\"ImageObject\",\"inLanguage\":\"ca\",\"@id\":\"https:\\\/\\\/www.lafarga.com\\\/corporatiu\\\/#\\\/schema\\\/logo\\\/image\\\/\",\"url\":\"https:\\\/\\\/www.lafarga.com\\\/corporatiu\\\/wp-content\\\/uploads\\\/2023\\\/11\\\/logotipo_lafarga_gemsa.svg\",\"contentUrl\":\"https:\\\/\\\/www.lafarga.com\\\/corporatiu\\\/wp-content\\\/uploads\\\/2023\\\/11\\\/logotipo_lafarga_gemsa.svg\",\"width\":102,\"height\":103,\"caption\":\"La Farga Gesti\u00f3 d&#039;Equipaments Municipals, SA\"},\"image\":{\"@id\":\"https:\\\/\\\/www.lafarga.com\\\/corporatiu\\\/#\\\/schema\\\/logo\\\/image\\\/\"}},{\"@type\":\"Person\",\"@id\":\"https:\\\/\\\/www.lafarga.com\\\/corporatiu\\\/#\\\/schema\\\/person\\\/70d96fe17d0da1a9c9e80d232bdbcf33\",\"name\":\"\u00d2scar Milla\",\"image\":{\"@type\":\"ImageObject\",\"inLanguage\":\"ca\",\"@id\":\"https:\\\/\\\/secure.gravatar.com\\\/avatar\\\/92e75d184f9d5e0e403bd4ad075b080ad258344ddc259adddb579f6a3ba6494f?s=96&d=mm&r=g\",\"url\":\"https:\\\/\\\/secure.gravatar.com\\\/avatar\\\/92e75d184f9d5e0e403bd4ad075b080ad258344ddc259adddb579f6a3ba6494f?s=96&d=mm&r=g\",\"contentUrl\":\"https:\\\/\\\/secure.gravatar.com\\\/avatar\\\/92e75d184f9d5e0e403bd4ad075b080ad258344ddc259adddb579f6a3ba6494f?s=96&d=mm&r=g\",\"caption\":\"\u00d2scar Milla\"},\"url\":\"https:\\\/\\\/www.lafarga.com\\\/corporatiu\\\/author\\\/omilla\\\/\"}]}<\/script>\n<!-- \/ Yoast SEO plugin. -->","yoast_head_json":{"title":"La Farga acull el sal\u00f3 Making Pharma Spain - La Farga Gesti\u00f3n de Equipamientos Municipales, S.A.","description":"El recinte de\u00a0La Farga Centre d\u2019Activitats\u00a0acull des de dem\u00e0,\u00a018 de febrer, i fins dijous,\u00a019 de febrer de 2026, el sal\u00f3\u00a0Making Pharma Spain,","robots":{"index":"index","follow":"follow","max-snippet":"max-snippet:-1","max-image-preview":"max-image-preview:large","max-video-preview":"max-video-preview:-1"},"canonical":"https:\/\/www.lafarga.com\/corporatiu\/la-farga-acull-el-salo-making-pharma-spain\/","og_locale":"ca_ES","og_type":"article","og_title":"La Farga acull el sal\u00f3 Making Pharma Spain - La Farga Gesti\u00f3n de Equipamientos Municipales, S.A.","og_description":"El recinte de\u00a0La Farga Centre d\u2019Activitats\u00a0acull des de dem\u00e0,\u00a018 de febrer, i fins dijous,\u00a019 de febrer de 2026, el sal\u00f3\u00a0Making Pharma Spain,","og_url":"https:\/\/www.lafarga.com\/corporatiu\/la-farga-acull-el-salo-making-pharma-spain\/","og_site_name":"La Farga Gesti\u00f3n de Equipamientos Municipales, S.A.","article_published_time":"2026-02-17T11:58:38+00:00","article_modified_time":"2026-02-17T11:59:47+00:00","og_image":[{"width":957,"height":634,"url":"https:\/\/www.lafarga.com\/corporatiu\/wp-content\/uploads\/2026\/02\/La-Farga-Salo.png","type":"image\/png"}],"author":"\u00d2scar Milla","twitter_misc":{"Escrit per":"\u00d2scar Milla","Temps estimat de lectura":"2 minuts"},"schema":{"@context":"https:\/\/schema.org","@graph":[{"@type":"Article","@id":"https:\/\/www.lafarga.com\/corporatiu\/la-farga-acull-el-salo-making-pharma-spain\/#article","isPartOf":{"@id":"https:\/\/www.lafarga.com\/corporatiu\/la-farga-acull-el-salo-making-pharma-spain\/"},"author":{"name":"\u00d2scar Milla","@id":"https:\/\/www.lafarga.com\/corporatiu\/#\/schema\/person\/70d96fe17d0da1a9c9e80d232bdbcf33"},"headline":"La Farga acull el sal\u00f3 Making Pharma Spain","datePublished":"2026-02-17T11:58:38+00:00","dateModified":"2026-02-17T11:59:47+00:00","mainEntityOfPage":{"@id":"https:\/\/www.lafarga.com\/corporatiu\/la-farga-acull-el-salo-making-pharma-spain\/"},"wordCount":302,"publisher":{"@id":"https:\/\/www.lafarga.com\/corporatiu\/#organization"},"image":{"@id":"https:\/\/www.lafarga.com\/corporatiu\/la-farga-acull-el-salo-making-pharma-spain\/#primaryimage"},"thumbnailUrl":"https:\/\/www.lafarga.com\/corporatiu\/wp-content\/uploads\/2026\/02\/La-Farga-Salo.png","keywords":["Centre d'Activitats"],"articleSection":["Centre d'Activitats"],"inLanguage":"ca"},{"@type":"WebPage","@id":"https:\/\/www.lafarga.com\/corporatiu\/la-farga-acull-el-salo-making-pharma-spain\/","url":"https:\/\/www.lafarga.com\/corporatiu\/la-farga-acull-el-salo-making-pharma-spain\/","name":"La Farga acull el sal\u00f3 Making Pharma Spain - La Farga Gesti\u00f3n de Equipamientos Municipales, S.A.","isPartOf":{"@id":"https:\/\/www.lafarga.com\/corporatiu\/#website"},"primaryImageOfPage":{"@id":"https:\/\/www.lafarga.com\/corporatiu\/la-farga-acull-el-salo-making-pharma-spain\/#primaryimage"},"image":{"@id":"https:\/\/www.lafarga.com\/corporatiu\/la-farga-acull-el-salo-making-pharma-spain\/#primaryimage"},"thumbnailUrl":"https:\/\/www.lafarga.com\/corporatiu\/wp-content\/uploads\/2026\/02\/La-Farga-Salo.png","datePublished":"2026-02-17T11:58:38+00:00","dateModified":"2026-02-17T11:59:47+00:00","description":"El recinte de\u00a0La Farga Centre d\u2019Activitats\u00a0acull des de dem\u00e0,\u00a018 de febrer, i fins dijous,\u00a019 de febrer de 2026, el sal\u00f3\u00a0Making Pharma Spain,","breadcrumb":{"@id":"https:\/\/www.lafarga.com\/corporatiu\/la-farga-acull-el-salo-making-pharma-spain\/#breadcrumb"},"inLanguage":"ca","potentialAction":[{"@type":"ReadAction","target":["https:\/\/www.lafarga.com\/corporatiu\/la-farga-acull-el-salo-making-pharma-spain\/"]}]},{"@type":"ImageObject","inLanguage":"ca","@id":"https:\/\/www.lafarga.com\/corporatiu\/la-farga-acull-el-salo-making-pharma-spain\/#primaryimage","url":"https:\/\/www.lafarga.com\/corporatiu\/wp-content\/uploads\/2026\/02\/La-Farga-Salo.png","contentUrl":"https:\/\/www.lafarga.com\/corporatiu\/wp-content\/uploads\/2026\/02\/La-Farga-Salo.png","width":957,"height":634},{"@type":"BreadcrumbList","@id":"https:\/\/www.lafarga.com\/corporatiu\/la-farga-acull-el-salo-making-pharma-spain\/#breadcrumb","itemListElement":[{"@type":"ListItem","position":1,"name":"Home","item":"https:\/\/www.lafarga.com\/corporatiu\/lafarga-hospitalet-llobregat\/"},{"@type":"ListItem","position":2,"name":"La Farga acull el sal\u00f3 Making Pharma Spain"}]},{"@type":"WebSite","@id":"https:\/\/www.lafarga.com\/corporatiu\/#website","url":"https:\/\/www.lafarga.com\/corporatiu\/","name":"La Farga Gesti\u00f3 d&#039;Equipaments Municipals, SA","description":"","publisher":{"@id":"https:\/\/www.lafarga.com\/corporatiu\/#organization"},"potentialAction":[{"@type":"SearchAction","target":{"@type":"EntryPoint","urlTemplate":"https:\/\/www.lafarga.com\/corporatiu\/?s={search_term_string}"},"query-input":{"@type":"PropertyValueSpecification","valueRequired":true,"valueName":"search_term_string"}}],"inLanguage":"ca"},{"@type":"Organization","@id":"https:\/\/www.lafarga.com\/corporatiu\/#organization","name":"La Farga Gesti\u00f3 d&#039;Equipaments Municipals, SA","url":"https:\/\/www.lafarga.com\/corporatiu\/","logo":{"@type":"ImageObject","inLanguage":"ca","@id":"https:\/\/www.lafarga.com\/corporatiu\/#\/schema\/logo\/image\/","url":"https:\/\/www.lafarga.com\/corporatiu\/wp-content\/uploads\/2023\/11\/logotipo_lafarga_gemsa.svg","contentUrl":"https:\/\/www.lafarga.com\/corporatiu\/wp-content\/uploads\/2023\/11\/logotipo_lafarga_gemsa.svg","width":102,"height":103,"caption":"La Farga Gesti\u00f3 d&#039;Equipaments Municipals, SA"},"image":{"@id":"https:\/\/www.lafarga.com\/corporatiu\/#\/schema\/logo\/image\/"}},{"@type":"Person","@id":"https:\/\/www.lafarga.com\/corporatiu\/#\/schema\/person\/70d96fe17d0da1a9c9e80d232bdbcf33","name":"\u00d2scar Milla","image":{"@type":"ImageObject","inLanguage":"ca","@id":"https:\/\/secure.gravatar.com\/avatar\/92e75d184f9d5e0e403bd4ad075b080ad258344ddc259adddb579f6a3ba6494f?s=96&d=mm&r=g","url":"https:\/\/secure.gravatar.com\/avatar\/92e75d184f9d5e0e403bd4ad075b080ad258344ddc259adddb579f6a3ba6494f?s=96&d=mm&r=g","contentUrl":"https:\/\/secure.gravatar.com\/avatar\/92e75d184f9d5e0e403bd4ad075b080ad258344ddc259adddb579f6a3ba6494f?s=96&d=mm&r=g","caption":"\u00d2scar Milla"},"url":"https:\/\/www.lafarga.com\/corporatiu\/author\/omilla\/"}]}},"uagb_featured_image_src":{"full":["https:\/\/www.lafarga.com\/corporatiu\/wp-content\/uploads\/2026\/02\/La-Farga-Salo.png",957,634,false],"thumbnail":["https:\/\/www.lafarga.com\/corporatiu\/wp-content\/uploads\/2026\/02\/La-Farga-Salo-150x150.png",150,150,true],"medium":["https:\/\/www.lafarga.com\/corporatiu\/wp-content\/uploads\/2026\/02\/La-Farga-Salo-300x199.png",300,199,true],"medium_large":["https:\/\/www.lafarga.com\/corporatiu\/wp-content\/uploads\/2026\/02\/La-Farga-Salo-768x509.png",768,509,true],"large":["https:\/\/www.lafarga.com\/corporatiu\/wp-content\/uploads\/2026\/02\/La-Farga-Salo.png",957,634,false],"1536x1536":["https:\/\/www.lafarga.com\/corporatiu\/wp-content\/uploads\/2026\/02\/La-Farga-Salo.png",957,634,false],"2048x2048":["https:\/\/www.lafarga.com\/corporatiu\/wp-content\/uploads\/2026\/02\/La-Farga-Salo.png",957,634,false],"mailpoet_newsletter_max":["https:\/\/www.lafarga.com\/corporatiu\/wp-content\/uploads\/2026\/02\/La-Farga-Salo.png",957,634,false]},"uagb_author_info":{"display_name":"\u00d2scar Milla","author_link":"https:\/\/www.lafarga.com\/corporatiu\/author\/omilla\/"},"uagb_comment_info":0,"uagb_excerpt":"Aquesta \u00e9s la primera edici\u00f3 d'aquest sal\u00f3 professional.","_links":{"self":[{"href":"https:\/\/www.lafarga.com\/corporatiu\/wp-json\/wp\/v2\/posts\/22295","targetHints":{"allow":["GET"]}}],"collection":[{"href":"https:\/\/www.lafarga.com\/corporatiu\/wp-json\/wp\/v2\/posts"}],"about":[{"href":"https:\/\/www.lafarga.com\/corporatiu\/wp-json\/wp\/v2\/types\/post"}],"author":[{"embeddable":true,"href":"https:\/\/www.lafarga.com\/corporatiu\/wp-json\/wp\/v2\/users\/5"}],"replies":[{"embeddable":true,"href":"https:\/\/www.lafarga.com\/corporatiu\/wp-json\/wp\/v2\/comments?post=22295"}],"version-history":[{"count":2,"href":"https:\/\/www.lafarga.com\/corporatiu\/wp-json\/wp\/v2\/posts\/22295\/revisions"}],"predecessor-version":[{"id":22298,"href":"https:\/\/www.lafarga.com\/corporatiu\/wp-json\/wp\/v2\/posts\/22295\/revisions\/22298"}],"wp:featuredmedia":[{"embeddable":true,"href":"https:\/\/www.lafarga.com\/corporatiu\/wp-json\/wp\/v2\/media\/22296"}],"wp:attachment":[{"href":"https:\/\/www.lafarga.com\/corporatiu\/wp-json\/wp\/v2\/media?parent=22295"}],"wp:term":[{"taxonomy":"category","embeddable":true,"href":"https:\/\/www.lafarga.com\/corporatiu\/wp-json\/wp\/v2\/categories?post=22295"},{"taxonomy":"post_tag","embeddable":true,"href":"https:\/\/www.lafarga.com\/corporatiu\/wp-json\/wp\/v2\/tags?post=22295"}],"curies":[{"name":"wp","href":"https:\/\/api.w.org\/{rel}","templated":true}]}}