{"id":22282,"date":"2026-02-16T08:59:16","date_gmt":"2026-02-16T08:59:16","guid":{"rendered":"https:\/\/www.lafarga.com\/corporatiu\/?p=22282"},"modified":"2026-02-17T09:33:21","modified_gmt":"2026-02-17T09:33:21","slug":"la-pressio-policial-contra-bars-conflictius-i-mes-controls-en-portada-del-diari-de-lh","status":"publish","type":"post","link":"https:\/\/www.lafarga.com\/corporatiu\/la-pressio-policial-contra-bars-conflictius-i-mes-controls-en-portada-del-diari-de-lh\/","title":{"rendered":"La pressi\u00f3 policial contra bars conflictius i m\u00e9s controls, en portada del Diari de L&#8217;Hospitalet"},"content":{"rendered":"\n<p><a href=\"https:\/\/www.l-h.cat\/\" type=\"link\" id=\"https:\/\/www.l-h.cat\/\" target=\"_blank\" rel=\"noreferrer noopener\">L\u2019Ajuntament de L\u2019Hospitalet<\/a> ha intensificat les actuacions contra els bars i locals conflictius amb un nou pla municipal que preveu inspeccions peri\u00f2diques i operatius policials conjunts. \u00c9s el que destaca la portada del <a href=\"https:\/\/lhdigital.cat\/pdfs\/diari-de-lhospitalet-no419\/\" type=\"link\" id=\"https:\/\/lhdigital.cat\/pdfs\/diari-de-lhospitalet-no419\/\" target=\"_blank\" rel=\"noreferrer noopener\">Diari de L&#8217;Hospitalet<\/a> d&#8217;aquest mes de febrer. <\/p>\n\n\n\n<p>Durant l\u2019\u00faltim any, s\u2019han tancat 26 establiments, 15 dels quals de manera definitiva, com a part d\u2019una <strong>estrat\u00e8gia per millorar la conviv\u00e8ncia<\/strong> i la seguretat als barris.<\/p>\n\n\n\n<p>Els dispositius tamb\u00e9 s\u2019han ampliat a xurreries i petits supermercats oberts les 24 hores, amb l\u2019objectiu de garantir el compliment de la normativa i reduir les mol\u00e8sties ve\u00efnals. Paral\u00b7lelament, el consistori ha refor\u00e7at els controls sobre l\u2019\u00fas de patinets el\u00e8ctrics, davant l\u2019augment d\u2019incid\u00e8ncies i infraccions.<\/p>\n\n\n\n<p>En l\u2019\u00e0mbit econ\u00f2mic, el Diari tamb\u00e9 recull que el ple municipal ha aprovat el <strong>pressupost per al 2026<\/strong>, que ascendeix a 364 milions d\u2019euros, amb un increment destinat principalment a serveis p\u00fablics, seguretat i manteniment urb\u00e0.<\/p>\n\n\n\n<p>Tamb\u00e9 destaca l\u2019activitat cultural de la ciutat, amb la celebraci\u00f3 del <strong>Let\u2019s Festival<\/strong>, que arriba als 20 anys amb un cartell especial. <\/p>\n\n\n\n<h5 class=\"wp-block-heading\">Altres temes destacats<\/h5>\n\n\n\n<p>La portada tamb\u00e9 recull que s\u2019ha aturat durant un any la concessi\u00f3 de noves llic\u00e8ncies per a hotels i apartaments tur\u00edstics, amb l\u2019objectiu de regular el creixement d\u2019aquest tipus d\u2019allotjaments. En l\u2019\u00e0mbit sanitari, l\u2019<strong>Hospital Universitari de Bellvitge<\/strong> continua en el podi estatal dels trasplantaments, consolidant-se com un centre de refer\u00e8ncia. Pel que fa a l\u2019urbanisme, onze propostes opten a la licitaci\u00f3 de les obres per reformar el bressol de Sant Josep. <\/p>\n\n\n\n<p>En cultura, el <strong>Festival Dansa Metropolitana<\/strong> s\u2019inaugura el 6 de mar\u00e7 a la pla\u00e7a de la Cultura, a Bellvitge. <\/p>\n\n\n\n<p>Finalment, en esports, el Sand\u00e1 <strong>CB L\u2019Hospitalet<\/strong> i el Sand\u00e1 <strong>BC Tecla Sala<\/strong> compleixen a la tercera federaci\u00f3 de b\u00e0squet.<\/p>\n\n\n\n<p>El <strong>Diari de L\u2019Hospitalet<\/strong>, editat per La Farga Gesti\u00f3 d&#8217;Equipaments Municipals, t\u00e9 actualment una tirada de 113.000 exemplars, que es distribueixen gratu\u00eftament a totes les llars de la ciutat, a m\u00e9s de la seva versi\u00f3 digital interactiva a <a href=\"https:\/\/lhdigital.cat\/\" type=\"link\" id=\"https:\/\/lhdigital.cat\/\" target=\"_blank\" rel=\"noreferrer noopener\">lhdigital.cat<\/a>.<\/p>\n","protected":false},"excerpt":{"rendered":"<p>Edici\u00f3 419 del Diari de L&#8217;Hospitalet.<\/p>\n","protected":false},"author":5,"featured_media":22285,"comment_status":"closed","ping_status":"closed","sticky":false,"template":"","format":"standard","meta":{"inline_featured_image":false,"_uag_custom_page_level_css":"","_monsterinsights_skip_tracking":false,"_monsterinsights_sitenote_active":false,"_monsterinsights_sitenote_note":"","_monsterinsights_sitenote_category":0,"site-sidebar-layout":"default","site-content-layout":"","ast-site-content-layout":"default","site-content-style":"default","site-sidebar-style":"default","ast-global-header-display":"","ast-banner-title-visibility":"","ast-main-header-display":"","ast-hfb-above-header-display":"","ast-hfb-below-header-display":"","ast-hfb-mobile-header-display":"","site-post-title":"","ast-breadcrumbs-content":"","ast-featured-img":"","footer-sml-layout":"","ast-disable-related-posts":"","theme-transparent-header-meta":"","adv-header-id-meta":"","stick-header-meta":"","header-above-stick-meta":"","header-main-stick-meta":"","header-below-stick-meta":"","astra-migrate-meta-layouts":"default","ast-page-background-enabled":"default","ast-page-background-meta":{"desktop":{"background-color":"var(--ast-global-color-4)","background-image":"","background-repeat":"repeat","background-position":"center center","background-size":"auto","background-attachment":"scroll","background-type":"","background-media":"","overlay-type":"","overlay-color":"","overlay-opacity":"","overlay-gradient":""},"tablet":{"background-color":"","background-image":"","background-repeat":"repeat","background-position":"center center","background-size":"auto","background-attachment":"scroll","background-type":"","background-media":"","overlay-type":"","overlay-color":"","overlay-opacity":"","overlay-gradient":""},"mobile":{"background-color":"","background-image":"","background-repeat":"repeat","background-position":"center center","background-size":"auto","background-attachment":"scroll","background-type":"","background-media":"","overlay-type":"","overlay-color":"","overlay-opacity":"","overlay-gradient":""}},"ast-content-background-meta":{"desktop":{"background-color":"var(--ast-global-color-5)","background-image":"","background-repeat":"repeat","background-position":"center center","background-size":"auto","background-attachment":"scroll","background-type":"","background-media":"","overlay-type":"","overlay-color":"","overlay-opacity":"","overlay-gradient":""},"tablet":{"background-color":"var(--ast-global-color-5)","background-image":"","background-repeat":"repeat","background-position":"center center","background-size":"auto","background-attachment":"scroll","background-type":"","background-media":"","overlay-type":"","overlay-color":"","overlay-opacity":"","overlay-gradient":""},"mobile":{"background-color":"var(--ast-global-color-5)","background-image":"","background-repeat":"repeat","background-position":"center center","background-size":"auto","background-attachment":"scroll","background-type":"","background-media":"","overlay-type":"","overlay-color":"","overlay-opacity":"","overlay-gradient":""}},"footnotes":""},"categories":[51],"tags":[852],"class_list":["post-22282","post","type-post","status-publish","format-standard","has-post-thumbnail","hentry","category-mitjans-comunicacio","tag-diari-de-lhospitalet"],"yoast_head":"<!-- This site is optimized with the Yoast SEO plugin v27.4 - https:\/\/yoast.com\/product\/yoast-seo-wordpress\/ -->\n<title>La pressi\u00f3 policial contra bars conflictius i m\u00e9s controls, en portada del Diari de L&#039;Hospitalet - La Farga Gesti\u00f3n de Equipamientos Municipales, S.A.<\/title>\n<meta name=\"description\" content=\"El Diari de L\u2019Hospitalet, editat per La Farga Gesti\u00f3 d&#039;Equipaments Municipals, t\u00e9 actualment una tirada de 113.000 exemplars.\" \/>\n<meta name=\"robots\" content=\"index, follow, max-snippet:-1, max-image-preview:large, max-video-preview:-1\" \/>\n<link rel=\"canonical\" href=\"https:\/\/www.lafarga.com\/corporatiu\/la-pressio-policial-contra-bars-conflictius-i-mes-controls-en-portada-del-diari-de-lh\/\" \/>\n<meta property=\"og:locale\" content=\"ca_ES\" \/>\n<meta property=\"og:type\" content=\"article\" \/>\n<meta property=\"og:title\" content=\"La pressi\u00f3 policial contra bars conflictius i m\u00e9s controls, en portada del Diari de L&#039;Hospitalet - La Farga Gesti\u00f3n de Equipamientos Municipales, S.A.\" \/>\n<meta property=\"og:description\" content=\"El Diari de L\u2019Hospitalet, editat per La Farga Gesti\u00f3 d&#039;Equipaments Municipals, t\u00e9 actualment una tirada de 113.000 exemplars.\" \/>\n<meta property=\"og:url\" content=\"https:\/\/www.lafarga.com\/corporatiu\/la-pressio-policial-contra-bars-conflictius-i-mes-controls-en-portada-del-diari-de-lh\/\" \/>\n<meta property=\"og:site_name\" content=\"La Farga Gesti\u00f3n de Equipamientos Municipales, S.A.\" \/>\n<meta property=\"article:published_time\" content=\"2026-02-16T08:59:16+00:00\" \/>\n<meta property=\"article:modified_time\" content=\"2026-02-17T09:33:21+00:00\" \/>\n<meta property=\"og:image\" content=\"https:\/\/www.lafarga.com\/corporatiu\/wp-content\/uploads\/2026\/02\/Diari-LH-Farga.jpg\" \/>\n\t<meta property=\"og:image:width\" content=\"800\" \/>\n\t<meta property=\"og:image:height\" content=\"533\" \/>\n\t<meta property=\"og:image:type\" content=\"image\/jpeg\" \/>\n<meta name=\"author\" content=\"\u00d2scar Milla\" \/>\n<meta name=\"twitter:label1\" content=\"Escrit per\" \/>\n\t<meta name=\"twitter:data1\" content=\"\u00d2scar Milla\" \/>\n\t<meta name=\"twitter:label2\" content=\"Temps estimat de lectura\" \/>\n\t<meta name=\"twitter:data2\" content=\"2 minuts\" \/>\n<script type=\"application\/ld+json\" class=\"yoast-schema-graph\">{\"@context\":\"https:\\\/\\\/schema.org\",\"@graph\":[{\"@type\":\"Article\",\"@id\":\"https:\\\/\\\/www.lafarga.com\\\/corporatiu\\\/la-pressio-policial-contra-bars-conflictius-i-mes-controls-en-portada-del-diari-de-lh\\\/#article\",\"isPartOf\":{\"@id\":\"https:\\\/\\\/www.lafarga.com\\\/corporatiu\\\/la-pressio-policial-contra-bars-conflictius-i-mes-controls-en-portada-del-diari-de-lh\\\/\"},\"author\":{\"name\":\"\u00d2scar Milla\",\"@id\":\"https:\\\/\\\/www.lafarga.com\\\/corporatiu\\\/#\\\/schema\\\/person\\\/70d96fe17d0da1a9c9e80d232bdbcf33\"},\"headline\":\"La pressi\u00f3 policial contra bars conflictius i m\u00e9s controls, en portada del Diari de L&#8217;Hospitalet\",\"datePublished\":\"2026-02-16T08:59:16+00:00\",\"dateModified\":\"2026-02-17T09:33:21+00:00\",\"mainEntityOfPage\":{\"@id\":\"https:\\\/\\\/www.lafarga.com\\\/corporatiu\\\/la-pressio-policial-contra-bars-conflictius-i-mes-controls-en-portada-del-diari-de-lh\\\/\"},\"wordCount\":377,\"publisher\":{\"@id\":\"https:\\\/\\\/www.lafarga.com\\\/corporatiu\\\/#organization\"},\"image\":{\"@id\":\"https:\\\/\\\/www.lafarga.com\\\/corporatiu\\\/la-pressio-policial-contra-bars-conflictius-i-mes-controls-en-portada-del-diari-de-lh\\\/#primaryimage\"},\"thumbnailUrl\":\"https:\\\/\\\/www.lafarga.com\\\/corporatiu\\\/wp-content\\\/uploads\\\/2026\\\/02\\\/Diari-LH-Farga.jpg\",\"keywords\":[\"Diari de L'Hospitalet\"],\"articleSection\":[\"Mitjans de Comunicaci\u00f3\"],\"inLanguage\":\"ca\"},{\"@type\":\"WebPage\",\"@id\":\"https:\\\/\\\/www.lafarga.com\\\/corporatiu\\\/la-pressio-policial-contra-bars-conflictius-i-mes-controls-en-portada-del-diari-de-lh\\\/\",\"url\":\"https:\\\/\\\/www.lafarga.com\\\/corporatiu\\\/la-pressio-policial-contra-bars-conflictius-i-mes-controls-en-portada-del-diari-de-lh\\\/\",\"name\":\"La pressi\u00f3 policial contra bars conflictius i m\u00e9s controls, en portada del Diari de L'Hospitalet - La Farga Gesti\u00f3n de Equipamientos Municipales, S.A.\",\"isPartOf\":{\"@id\":\"https:\\\/\\\/www.lafarga.com\\\/corporatiu\\\/#website\"},\"primaryImageOfPage\":{\"@id\":\"https:\\\/\\\/www.lafarga.com\\\/corporatiu\\\/la-pressio-policial-contra-bars-conflictius-i-mes-controls-en-portada-del-diari-de-lh\\\/#primaryimage\"},\"image\":{\"@id\":\"https:\\\/\\\/www.lafarga.com\\\/corporatiu\\\/la-pressio-policial-contra-bars-conflictius-i-mes-controls-en-portada-del-diari-de-lh\\\/#primaryimage\"},\"thumbnailUrl\":\"https:\\\/\\\/www.lafarga.com\\\/corporatiu\\\/wp-content\\\/uploads\\\/2026\\\/02\\\/Diari-LH-Farga.jpg\",\"datePublished\":\"2026-02-16T08:59:16+00:00\",\"dateModified\":\"2026-02-17T09:33:21+00:00\",\"description\":\"El Diari de L\u2019Hospitalet, editat per La Farga Gesti\u00f3 d'Equipaments Municipals, t\u00e9 actualment una tirada de 113.000 exemplars.\",\"breadcrumb\":{\"@id\":\"https:\\\/\\\/www.lafarga.com\\\/corporatiu\\\/la-pressio-policial-contra-bars-conflictius-i-mes-controls-en-portada-del-diari-de-lh\\\/#breadcrumb\"},\"inLanguage\":\"ca\",\"potentialAction\":[{\"@type\":\"ReadAction\",\"target\":[\"https:\\\/\\\/www.lafarga.com\\\/corporatiu\\\/la-pressio-policial-contra-bars-conflictius-i-mes-controls-en-portada-del-diari-de-lh\\\/\"]}]},{\"@type\":\"ImageObject\",\"inLanguage\":\"ca\",\"@id\":\"https:\\\/\\\/www.lafarga.com\\\/corporatiu\\\/la-pressio-policial-contra-bars-conflictius-i-mes-controls-en-portada-del-diari-de-lh\\\/#primaryimage\",\"url\":\"https:\\\/\\\/www.lafarga.com\\\/corporatiu\\\/wp-content\\\/uploads\\\/2026\\\/02\\\/Diari-LH-Farga.jpg\",\"contentUrl\":\"https:\\\/\\\/www.lafarga.com\\\/corporatiu\\\/wp-content\\\/uploads\\\/2026\\\/02\\\/Diari-LH-Farga.jpg\",\"width\":800,\"height\":533},{\"@type\":\"BreadcrumbList\",\"@id\":\"https:\\\/\\\/www.lafarga.com\\\/corporatiu\\\/la-pressio-policial-contra-bars-conflictius-i-mes-controls-en-portada-del-diari-de-lh\\\/#breadcrumb\",\"itemListElement\":[{\"@type\":\"ListItem\",\"position\":1,\"name\":\"Home\",\"item\":\"https:\\\/\\\/www.lafarga.com\\\/corporatiu\\\/lafarga-hospitalet-llobregat\\\/\"},{\"@type\":\"ListItem\",\"position\":2,\"name\":\"La pressi\u00f3 policial contra bars conflictius i m\u00e9s controls, en portada del Diari de L&#8217;Hospitalet\"}]},{\"@type\":\"WebSite\",\"@id\":\"https:\\\/\\\/www.lafarga.com\\\/corporatiu\\\/#website\",\"url\":\"https:\\\/\\\/www.lafarga.com\\\/corporatiu\\\/\",\"name\":\"La Farga Gesti\u00f3 d&#039;Equipaments Municipals, SA\",\"description\":\"\",\"publisher\":{\"@id\":\"https:\\\/\\\/www.lafarga.com\\\/corporatiu\\\/#organization\"},\"potentialAction\":[{\"@type\":\"SearchAction\",\"target\":{\"@type\":\"EntryPoint\",\"urlTemplate\":\"https:\\\/\\\/www.lafarga.com\\\/corporatiu\\\/?s={search_term_string}\"},\"query-input\":{\"@type\":\"PropertyValueSpecification\",\"valueRequired\":true,\"valueName\":\"search_term_string\"}}],\"inLanguage\":\"ca\"},{\"@type\":\"Organization\",\"@id\":\"https:\\\/\\\/www.lafarga.com\\\/corporatiu\\\/#organization\",\"name\":\"La Farga Gesti\u00f3 d&#039;Equipaments Municipals, SA\",\"url\":\"https:\\\/\\\/www.lafarga.com\\\/corporatiu\\\/\",\"logo\":{\"@type\":\"ImageObject\",\"inLanguage\":\"ca\",\"@id\":\"https:\\\/\\\/www.lafarga.com\\\/corporatiu\\\/#\\\/schema\\\/logo\\\/image\\\/\",\"url\":\"https:\\\/\\\/www.lafarga.com\\\/corporatiu\\\/wp-content\\\/uploads\\\/2023\\\/11\\\/logotipo_lafarga_gemsa.svg\",\"contentUrl\":\"https:\\\/\\\/www.lafarga.com\\\/corporatiu\\\/wp-content\\\/uploads\\\/2023\\\/11\\\/logotipo_lafarga_gemsa.svg\",\"width\":102,\"height\":103,\"caption\":\"La Farga Gesti\u00f3 d&#039;Equipaments Municipals, SA\"},\"image\":{\"@id\":\"https:\\\/\\\/www.lafarga.com\\\/corporatiu\\\/#\\\/schema\\\/logo\\\/image\\\/\"}},{\"@type\":\"Person\",\"@id\":\"https:\\\/\\\/www.lafarga.com\\\/corporatiu\\\/#\\\/schema\\\/person\\\/70d96fe17d0da1a9c9e80d232bdbcf33\",\"name\":\"\u00d2scar Milla\",\"image\":{\"@type\":\"ImageObject\",\"inLanguage\":\"ca\",\"@id\":\"https:\\\/\\\/secure.gravatar.com\\\/avatar\\\/92e75d184f9d5e0e403bd4ad075b080ad258344ddc259adddb579f6a3ba6494f?s=96&d=mm&r=g\",\"url\":\"https:\\\/\\\/secure.gravatar.com\\\/avatar\\\/92e75d184f9d5e0e403bd4ad075b080ad258344ddc259adddb579f6a3ba6494f?s=96&d=mm&r=g\",\"contentUrl\":\"https:\\\/\\\/secure.gravatar.com\\\/avatar\\\/92e75d184f9d5e0e403bd4ad075b080ad258344ddc259adddb579f6a3ba6494f?s=96&d=mm&r=g\",\"caption\":\"\u00d2scar Milla\"},\"url\":\"https:\\\/\\\/www.lafarga.com\\\/corporatiu\\\/author\\\/omilla\\\/\"}]}<\/script>\n<!-- \/ Yoast SEO plugin. -->","yoast_head_json":{"title":"La pressi\u00f3 policial contra bars conflictius i m\u00e9s controls, en portada del Diari de L'Hospitalet - La Farga Gesti\u00f3n de Equipamientos Municipales, S.A.","description":"El Diari de L\u2019Hospitalet, editat per La Farga Gesti\u00f3 d'Equipaments Municipals, t\u00e9 actualment una tirada de 113.000 exemplars.","robots":{"index":"index","follow":"follow","max-snippet":"max-snippet:-1","max-image-preview":"max-image-preview:large","max-video-preview":"max-video-preview:-1"},"canonical":"https:\/\/www.lafarga.com\/corporatiu\/la-pressio-policial-contra-bars-conflictius-i-mes-controls-en-portada-del-diari-de-lh\/","og_locale":"ca_ES","og_type":"article","og_title":"La pressi\u00f3 policial contra bars conflictius i m\u00e9s controls, en portada del Diari de L'Hospitalet - La Farga Gesti\u00f3n de Equipamientos Municipales, S.A.","og_description":"El Diari de L\u2019Hospitalet, editat per La Farga Gesti\u00f3 d'Equipaments Municipals, t\u00e9 actualment una tirada de 113.000 exemplars.","og_url":"https:\/\/www.lafarga.com\/corporatiu\/la-pressio-policial-contra-bars-conflictius-i-mes-controls-en-portada-del-diari-de-lh\/","og_site_name":"La Farga Gesti\u00f3n de Equipamientos Municipales, S.A.","article_published_time":"2026-02-16T08:59:16+00:00","article_modified_time":"2026-02-17T09:33:21+00:00","og_image":[{"width":800,"height":533,"url":"https:\/\/www.lafarga.com\/corporatiu\/wp-content\/uploads\/2026\/02\/Diari-LH-Farga.jpg","type":"image\/jpeg"}],"author":"\u00d2scar Milla","twitter_misc":{"Escrit per":"\u00d2scar Milla","Temps estimat de lectura":"2 minuts"},"schema":{"@context":"https:\/\/schema.org","@graph":[{"@type":"Article","@id":"https:\/\/www.lafarga.com\/corporatiu\/la-pressio-policial-contra-bars-conflictius-i-mes-controls-en-portada-del-diari-de-lh\/#article","isPartOf":{"@id":"https:\/\/www.lafarga.com\/corporatiu\/la-pressio-policial-contra-bars-conflictius-i-mes-controls-en-portada-del-diari-de-lh\/"},"author":{"name":"\u00d2scar Milla","@id":"https:\/\/www.lafarga.com\/corporatiu\/#\/schema\/person\/70d96fe17d0da1a9c9e80d232bdbcf33"},"headline":"La pressi\u00f3 policial contra bars conflictius i m\u00e9s controls, en portada del Diari de L&#8217;Hospitalet","datePublished":"2026-02-16T08:59:16+00:00","dateModified":"2026-02-17T09:33:21+00:00","mainEntityOfPage":{"@id":"https:\/\/www.lafarga.com\/corporatiu\/la-pressio-policial-contra-bars-conflictius-i-mes-controls-en-portada-del-diari-de-lh\/"},"wordCount":377,"publisher":{"@id":"https:\/\/www.lafarga.com\/corporatiu\/#organization"},"image":{"@id":"https:\/\/www.lafarga.com\/corporatiu\/la-pressio-policial-contra-bars-conflictius-i-mes-controls-en-portada-del-diari-de-lh\/#primaryimage"},"thumbnailUrl":"https:\/\/www.lafarga.com\/corporatiu\/wp-content\/uploads\/2026\/02\/Diari-LH-Farga.jpg","keywords":["Diari de L'Hospitalet"],"articleSection":["Mitjans de Comunicaci\u00f3"],"inLanguage":"ca"},{"@type":"WebPage","@id":"https:\/\/www.lafarga.com\/corporatiu\/la-pressio-policial-contra-bars-conflictius-i-mes-controls-en-portada-del-diari-de-lh\/","url":"https:\/\/www.lafarga.com\/corporatiu\/la-pressio-policial-contra-bars-conflictius-i-mes-controls-en-portada-del-diari-de-lh\/","name":"La pressi\u00f3 policial contra bars conflictius i m\u00e9s controls, en portada del Diari de L'Hospitalet - La Farga Gesti\u00f3n de Equipamientos Municipales, S.A.","isPartOf":{"@id":"https:\/\/www.lafarga.com\/corporatiu\/#website"},"primaryImageOfPage":{"@id":"https:\/\/www.lafarga.com\/corporatiu\/la-pressio-policial-contra-bars-conflictius-i-mes-controls-en-portada-del-diari-de-lh\/#primaryimage"},"image":{"@id":"https:\/\/www.lafarga.com\/corporatiu\/la-pressio-policial-contra-bars-conflictius-i-mes-controls-en-portada-del-diari-de-lh\/#primaryimage"},"thumbnailUrl":"https:\/\/www.lafarga.com\/corporatiu\/wp-content\/uploads\/2026\/02\/Diari-LH-Farga.jpg","datePublished":"2026-02-16T08:59:16+00:00","dateModified":"2026-02-17T09:33:21+00:00","description":"El Diari de L\u2019Hospitalet, editat per La Farga Gesti\u00f3 d'Equipaments Municipals, t\u00e9 actualment una tirada de 113.000 exemplars.","breadcrumb":{"@id":"https:\/\/www.lafarga.com\/corporatiu\/la-pressio-policial-contra-bars-conflictius-i-mes-controls-en-portada-del-diari-de-lh\/#breadcrumb"},"inLanguage":"ca","potentialAction":[{"@type":"ReadAction","target":["https:\/\/www.lafarga.com\/corporatiu\/la-pressio-policial-contra-bars-conflictius-i-mes-controls-en-portada-del-diari-de-lh\/"]}]},{"@type":"ImageObject","inLanguage":"ca","@id":"https:\/\/www.lafarga.com\/corporatiu\/la-pressio-policial-contra-bars-conflictius-i-mes-controls-en-portada-del-diari-de-lh\/#primaryimage","url":"https:\/\/www.lafarga.com\/corporatiu\/wp-content\/uploads\/2026\/02\/Diari-LH-Farga.jpg","contentUrl":"https:\/\/www.lafarga.com\/corporatiu\/wp-content\/uploads\/2026\/02\/Diari-LH-Farga.jpg","width":800,"height":533},{"@type":"BreadcrumbList","@id":"https:\/\/www.lafarga.com\/corporatiu\/la-pressio-policial-contra-bars-conflictius-i-mes-controls-en-portada-del-diari-de-lh\/#breadcrumb","itemListElement":[{"@type":"ListItem","position":1,"name":"Home","item":"https:\/\/www.lafarga.com\/corporatiu\/lafarga-hospitalet-llobregat\/"},{"@type":"ListItem","position":2,"name":"La pressi\u00f3 policial contra bars conflictius i m\u00e9s controls, en portada del Diari de L&#8217;Hospitalet"}]},{"@type":"WebSite","@id":"https:\/\/www.lafarga.com\/corporatiu\/#website","url":"https:\/\/www.lafarga.com\/corporatiu\/","name":"La Farga Gesti\u00f3 d&#039;Equipaments Municipals, SA","description":"","publisher":{"@id":"https:\/\/www.lafarga.com\/corporatiu\/#organization"},"potentialAction":[{"@type":"SearchAction","target":{"@type":"EntryPoint","urlTemplate":"https:\/\/www.lafarga.com\/corporatiu\/?s={search_term_string}"},"query-input":{"@type":"PropertyValueSpecification","valueRequired":true,"valueName":"search_term_string"}}],"inLanguage":"ca"},{"@type":"Organization","@id":"https:\/\/www.lafarga.com\/corporatiu\/#organization","name":"La Farga Gesti\u00f3 d&#039;Equipaments Municipals, SA","url":"https:\/\/www.lafarga.com\/corporatiu\/","logo":{"@type":"ImageObject","inLanguage":"ca","@id":"https:\/\/www.lafarga.com\/corporatiu\/#\/schema\/logo\/image\/","url":"https:\/\/www.lafarga.com\/corporatiu\/wp-content\/uploads\/2023\/11\/logotipo_lafarga_gemsa.svg","contentUrl":"https:\/\/www.lafarga.com\/corporatiu\/wp-content\/uploads\/2023\/11\/logotipo_lafarga_gemsa.svg","width":102,"height":103,"caption":"La Farga Gesti\u00f3 d&#039;Equipaments Municipals, SA"},"image":{"@id":"https:\/\/www.lafarga.com\/corporatiu\/#\/schema\/logo\/image\/"}},{"@type":"Person","@id":"https:\/\/www.lafarga.com\/corporatiu\/#\/schema\/person\/70d96fe17d0da1a9c9e80d232bdbcf33","name":"\u00d2scar Milla","image":{"@type":"ImageObject","inLanguage":"ca","@id":"https:\/\/secure.gravatar.com\/avatar\/92e75d184f9d5e0e403bd4ad075b080ad258344ddc259adddb579f6a3ba6494f?s=96&d=mm&r=g","url":"https:\/\/secure.gravatar.com\/avatar\/92e75d184f9d5e0e403bd4ad075b080ad258344ddc259adddb579f6a3ba6494f?s=96&d=mm&r=g","contentUrl":"https:\/\/secure.gravatar.com\/avatar\/92e75d184f9d5e0e403bd4ad075b080ad258344ddc259adddb579f6a3ba6494f?s=96&d=mm&r=g","caption":"\u00d2scar Milla"},"url":"https:\/\/www.lafarga.com\/corporatiu\/author\/omilla\/"}]}},"uagb_featured_image_src":{"full":["https:\/\/www.lafarga.com\/corporatiu\/wp-content\/uploads\/2026\/02\/Diari-LH-Farga.jpg",800,533,false],"thumbnail":["https:\/\/www.lafarga.com\/corporatiu\/wp-content\/uploads\/2026\/02\/Diari-LH-Farga-150x150.jpg",150,150,true],"medium":["https:\/\/www.lafarga.com\/corporatiu\/wp-content\/uploads\/2026\/02\/Diari-LH-Farga-300x200.jpg",300,200,true],"medium_large":["https:\/\/www.lafarga.com\/corporatiu\/wp-content\/uploads\/2026\/02\/Diari-LH-Farga-768x512.jpg",768,512,true],"large":["https:\/\/www.lafarga.com\/corporatiu\/wp-content\/uploads\/2026\/02\/Diari-LH-Farga.jpg",800,533,false],"1536x1536":["https:\/\/www.lafarga.com\/corporatiu\/wp-content\/uploads\/2026\/02\/Diari-LH-Farga.jpg",800,533,false],"2048x2048":["https:\/\/www.lafarga.com\/corporatiu\/wp-content\/uploads\/2026\/02\/Diari-LH-Farga.jpg",800,533,false],"mailpoet_newsletter_max":["https:\/\/www.lafarga.com\/corporatiu\/wp-content\/uploads\/2026\/02\/Diari-LH-Farga.jpg",800,533,false]},"uagb_author_info":{"display_name":"\u00d2scar Milla","author_link":"https:\/\/www.lafarga.com\/corporatiu\/author\/omilla\/"},"uagb_comment_info":0,"uagb_excerpt":"Edici\u00f3 419 del Diari de L'Hospitalet.","_links":{"self":[{"href":"https:\/\/www.lafarga.com\/corporatiu\/wp-json\/wp\/v2\/posts\/22282","targetHints":{"allow":["GET"]}}],"collection":[{"href":"https:\/\/www.lafarga.com\/corporatiu\/wp-json\/wp\/v2\/posts"}],"about":[{"href":"https:\/\/www.lafarga.com\/corporatiu\/wp-json\/wp\/v2\/types\/post"}],"author":[{"embeddable":true,"href":"https:\/\/www.lafarga.com\/corporatiu\/wp-json\/wp\/v2\/users\/5"}],"replies":[{"embeddable":true,"href":"https:\/\/www.lafarga.com\/corporatiu\/wp-json\/wp\/v2\/comments?post=22282"}],"version-history":[{"count":5,"href":"https:\/\/www.lafarga.com\/corporatiu\/wp-json\/wp\/v2\/posts\/22282\/revisions"}],"predecessor-version":[{"id":22290,"href":"https:\/\/www.lafarga.com\/corporatiu\/wp-json\/wp\/v2\/posts\/22282\/revisions\/22290"}],"wp:featuredmedia":[{"embeddable":true,"href":"https:\/\/www.lafarga.com\/corporatiu\/wp-json\/wp\/v2\/media\/22285"}],"wp:attachment":[{"href":"https:\/\/www.lafarga.com\/corporatiu\/wp-json\/wp\/v2\/media?parent=22282"}],"wp:term":[{"taxonomy":"category","embeddable":true,"href":"https:\/\/www.lafarga.com\/corporatiu\/wp-json\/wp\/v2\/categories?post=22282"},{"taxonomy":"post_tag","embeddable":true,"href":"https:\/\/www.lafarga.com\/corporatiu\/wp-json\/wp\/v2\/tags?post=22282"}],"curies":[{"name":"wp","href":"https:\/\/api.w.org\/{rel}","templated":true}]}}