{"id":20761,"date":"2024-04-18T10:09:25","date_gmt":"2024-04-18T10:09:25","guid":{"rendered":"https:\/\/www.lafarga.com\/corporatiu\/?p=20761"},"modified":"2024-04-18T10:16:34","modified_gmt":"2024-04-18T10:16:34","slug":"programacio-especial-dels-mitjans-de-comunicacio-en-motiu-de-les-festes-de-primavera","status":"publish","type":"post","link":"https:\/\/www.lafarga.com\/corporatiu\/programacio-especial-dels-mitjans-de-comunicacio-en-motiu-de-les-festes-de-primavera\/","title":{"rendered":"Programaci\u00f3 especial dels Mitjans de Comunicaci\u00f3 en motiu de les Festes de Primavera"},"content":{"rendered":"\n<p>Els <a href=\"https:\/\/www.lafarga.com\/corporatiu\/mitjans-comunicacio-hospitalet-la-farga\/\" target=\"_blank\" rel=\"noreferrer noopener\">Mitjans de Comunicaci\u00f3 de L\u2019H<\/a> es bolquen amb les Festes de Primavera 2024 i com cada any Televisi\u00f3 L\u2019H, L\u2019Hdigital i el Diari L\u2019H ofereixen espais especials per informar de l\u2019agenda i fer seguiment de les activitats.<\/p>\n\n\n\n<h5 class=\"wp-block-heading\">El preg\u00f3 i el Toc d\u2019Inici, en directe a les 19.50h<\/h5>\n\n\n\n<p>Dijous, a les 19.50 hores, Televisi\u00f3 L\u2019Hospitalet i L\u2019Hdigital ofereixen en directe el preg\u00f3 de Dani Flaco. El programa especial, que presentaran Laura Alsina i Anna Rodr\u00edguez, comptar\u00e0 tamb\u00e9 amb els comentaris de Toni Martorell. Secretari de Tro, per donar tots els detalls de les entitats de cultura tradicional que participen en el Toc d\u2019Inici. El programa tamb\u00e9 oferir\u00e0 una entrevista amb el pregoner, Dani Flaco.<\/p>\n\n\n\n<h5 class=\"wp-block-heading\">Televisi\u00f3 L\u2019H en directe des de la pla\u00e7a de l\u2019Ajuntament dissabte i diumenge<\/h5>\n\n\n\n<p>El plat\u00f3 de <a href=\"https:\/\/lhdigital.cat\/en-directe\/\" target=\"_blank\" rel=\"noreferrer noopener\">Televisi\u00f3 L\u2019Hospitalet<\/a> es trasllada a la pla\u00e7a de l\u2019Ajuntament per oferir programes en directe en que s\u2019entrevistar\u00e0 als protagonistes de les festes, es connectar\u00e0 amb les activitats en temps reals i s\u2019informar\u00e0 de la resta d\u2019espais festius.<\/p>\n\n\n\n<p>Dissabte, 20 d\u2019abril, 18 hores. El programa, que tamb\u00e9 presenten Laura Alsina i Anna Rodr\u00edguez, seguir\u00e0 en directe el Fabulari, es despla\u00e7ar\u00e0 al festival de dansa urbana Breaking Contest i a la Remunta per parlar amb La Cabra Mec\u00e1nica. Des del plat\u00f3 hi haur\u00e0 entrevistes sobre la Primavera de Tapes, sobre els Mon\u00f2legs i Humor i a l\u2019autor del cartell de les Festes de Primavera, entre altres coses.<\/p>\n\n\n\n<p>Diumenge, 21 d\u2019abril, 12 hores. Diumenge el programa en directe seguir\u00e0 als gegants i als trabucaires i la jornada castellera, que comptar\u00e0 amb els comentaris experts del Jordi Fern\u00e1ndez. El plat\u00f3 de la pla\u00e7a de l\u2019Ajuntament el visitaran els Manolos i una cervesera artesana local que participa a la fira, entre d\u2019altres. Tamb\u00e9 es connectar\u00e0 amb el Parc de les Meravelles, amb la desfilada de vestits de paper i amb el concurs de cocteleria.<\/p>\n\n\n\n<figure class=\"wp-block-video\"><video height=\"702\" style=\"aspect-ratio: 1280 \/ 702;\" width=\"1280\" controls src=\"https:\/\/www.lafarga.com\/corporatiu\/wp-content\/uploads\/2024\/04\/promo-festes-prbb579313-6ad3_H1500.mp4\"><\/video><\/figure>\n\n\n\n<h5 class=\"wp-block-heading\">A la carta, a L\u2019Hdigital<\/h5>\n\n\n\n<p>Tots els programes es poden seguir en directe a L\u2019Hdigital i posteriorment a la carta tant a l\u2019<a href=\"https:\/\/lhdigital.cat\/festes-de-primavera-2024\/\" target=\"_blank\" rel=\"noreferrer noopener\">especial Festes de Primavera 2024<\/a> com a la secci\u00f3 dedicada a les festes que sempre es pot consulta a la p\u00e0gina de Televisi\u00f3 L\u2019Hospitalet al portal.<\/p>\n\n\n\n<p>Durant totes les festes, L\u2019Hdigital far\u00e0 un seguiment intensiu amb not\u00edcies i v\u00eddeos de les diferents activitats que s\u2019aniran emmagatzemant a l\u2019especial Festes de Primavera 2024.<\/p>\n\n\n\n<p>Tamb\u00e9 en l\u2019especial es pot obtenir una doble versi\u00f3 del programa d\u2019activitats. D\u2019una banda, el programa en PDF i d\u2019una altra, les <a href=\"https:\/\/img.lhdigital.cat\/wp-content\/uploads\/2024\/04\/diari_hospitalet399.pdf\" target=\"_blank\" rel=\"noreferrer noopener\">p\u00e0gines especials del Diari de L\u2019Hospitalet<\/a>, que tamb\u00e9 s\u00f3n descarregables.<\/p>\n","protected":false},"excerpt":{"rendered":"<p>Els Mitjans de Comunicaci\u00f3 de L\u2019H es bolquen amb les Festes de Primavera 2024 oferint una programaci\u00f3 especial.<\/p>\n","protected":false},"author":5,"featured_media":20765,"comment_status":"closed","ping_status":"closed","sticky":false,"template":"","format":"standard","meta":{"inline_featured_image":false,"_uag_custom_page_level_css":"","_monsterinsights_skip_tracking":false,"_monsterinsights_sitenote_active":false,"_monsterinsights_sitenote_note":"","_monsterinsights_sitenote_category":0,"site-sidebar-layout":"default","site-content-layout":"","ast-site-content-layout":"default","site-content-style":"default","site-sidebar-style":"default","ast-global-header-display":"","ast-banner-title-visibility":"","ast-main-header-display":"","ast-hfb-above-header-display":"","ast-hfb-below-header-display":"","ast-hfb-mobile-header-display":"","site-post-title":"","ast-breadcrumbs-content":"","ast-featured-img":"","footer-sml-layout":"","ast-disable-related-posts":"","theme-transparent-header-meta":"","adv-header-id-meta":"","stick-header-meta":"","header-above-stick-meta":"","header-main-stick-meta":"","header-below-stick-meta":"","astra-migrate-meta-layouts":"default","ast-page-background-enabled":"default","ast-page-background-meta":{"desktop":{"background-color":"var(--ast-global-color-4)","background-image":"","background-repeat":"repeat","background-position":"center center","background-size":"auto","background-attachment":"scroll","background-type":"","background-media":"","overlay-type":"","overlay-color":"","overlay-opacity":"","overlay-gradient":""},"tablet":{"background-color":"","background-image":"","background-repeat":"repeat","background-position":"center center","background-size":"auto","background-attachment":"scroll","background-type":"","background-media":"","overlay-type":"","overlay-color":"","overlay-opacity":"","overlay-gradient":""},"mobile":{"background-color":"","background-image":"","background-repeat":"repeat","background-position":"center center","background-size":"auto","background-attachment":"scroll","background-type":"","background-media":"","overlay-type":"","overlay-color":"","overlay-opacity":"","overlay-gradient":""}},"ast-content-background-meta":{"desktop":{"background-color":"var(--ast-global-color-5)","background-image":"","background-repeat":"repeat","background-position":"center center","background-size":"auto","background-attachment":"scroll","background-type":"","background-media":"","overlay-type":"","overlay-color":"","overlay-opacity":"","overlay-gradient":""},"tablet":{"background-color":"var(--ast-global-color-5)","background-image":"","background-repeat":"repeat","background-position":"center center","background-size":"auto","background-attachment":"scroll","background-type":"","background-media":"","overlay-type":"","overlay-color":"","overlay-opacity":"","overlay-gradient":""},"mobile":{"background-color":"var(--ast-global-color-5)","background-image":"","background-repeat":"repeat","background-position":"center center","background-size":"auto","background-attachment":"scroll","background-type":"","background-media":"","overlay-type":"","overlay-color":"","overlay-opacity":"","overlay-gradient":""}},"footnotes":""},"categories":[51],"tags":[],"class_list":["post-20761","post","type-post","status-publish","format-standard","has-post-thumbnail","hentry","category-mitjans-comunicacio"],"yoast_head":"<!-- This site is optimized with the Yoast SEO plugin v27.4 - https:\/\/yoast.com\/product\/yoast-seo-wordpress\/ -->\n<title>Programaci\u00f3 especial dels Mitjans de Comunicaci\u00f3 en motiu de les Festes de Primavera - La Farga Gesti\u00f3n de Equipamientos Municipales, S.A.<\/title>\n<meta name=\"description\" content=\"Els Mitjans de Comunicaci\u00f3 de L\u2019H es bolquen amb les Festes de Primavera 2024 oferint una programaci\u00f3 especial.\" \/>\n<meta name=\"robots\" content=\"index, follow, max-snippet:-1, max-image-preview:large, max-video-preview:-1\" \/>\n<link rel=\"canonical\" href=\"https:\/\/www.lafarga.com\/corporatiu\/programacio-especial-dels-mitjans-de-comunicacio-en-motiu-de-les-festes-de-primavera\/\" \/>\n<meta property=\"og:locale\" content=\"ca_ES\" \/>\n<meta property=\"og:type\" content=\"article\" \/>\n<meta property=\"og:title\" content=\"Programaci\u00f3 especial dels Mitjans de Comunicaci\u00f3 en motiu de les Festes de Primavera - La Farga Gesti\u00f3n de Equipamientos Municipales, S.A.\" \/>\n<meta property=\"og:description\" content=\"Els Mitjans de Comunicaci\u00f3 de L\u2019H es bolquen amb les Festes de Primavera 2024 oferint una programaci\u00f3 especial.\" \/>\n<meta property=\"og:url\" content=\"https:\/\/www.lafarga.com\/corporatiu\/programacio-especial-dels-mitjans-de-comunicacio-en-motiu-de-les-festes-de-primavera\/\" \/>\n<meta property=\"og:site_name\" content=\"La Farga Gesti\u00f3n de Equipamientos Municipales, S.A.\" \/>\n<meta property=\"article:published_time\" content=\"2024-04-18T10:09:25+00:00\" \/>\n<meta property=\"article:modified_time\" content=\"2024-04-18T10:16:34+00:00\" \/>\n<meta property=\"og:image\" content=\"https:\/\/www.lafarga.com\/corporatiu\/wp-content\/uploads\/2024\/04\/Festes-Primavera-24.png\" \/>\n\t<meta property=\"og:image:width\" content=\"883\" \/>\n\t<meta property=\"og:image:height\" content=\"493\" \/>\n\t<meta property=\"og:image:type\" content=\"image\/png\" \/>\n<meta name=\"author\" content=\"\u00d2scar Milla\" \/>\n<meta name=\"twitter:label1\" content=\"Escrit per\" \/>\n\t<meta name=\"twitter:data1\" content=\"\u00d2scar Milla\" \/>\n\t<meta name=\"twitter:label2\" content=\"Temps estimat de lectura\" \/>\n\t<meta name=\"twitter:data2\" content=\"3 minuts\" \/>\n<script type=\"application\/ld+json\" class=\"yoast-schema-graph\">{\"@context\":\"https:\\\/\\\/schema.org\",\"@graph\":[{\"@type\":\"Article\",\"@id\":\"https:\\\/\\\/www.lafarga.com\\\/corporatiu\\\/programacio-especial-dels-mitjans-de-comunicacio-en-motiu-de-les-festes-de-primavera\\\/#article\",\"isPartOf\":{\"@id\":\"https:\\\/\\\/www.lafarga.com\\\/corporatiu\\\/programacio-especial-dels-mitjans-de-comunicacio-en-motiu-de-les-festes-de-primavera\\\/\"},\"author\":{\"name\":\"\u00d2scar Milla\",\"@id\":\"https:\\\/\\\/www.lafarga.com\\\/corporatiu\\\/#\\\/schema\\\/person\\\/70d96fe17d0da1a9c9e80d232bdbcf33\"},\"headline\":\"Programaci\u00f3 especial dels Mitjans de Comunicaci\u00f3 en motiu de les Festes de Primavera\",\"datePublished\":\"2024-04-18T10:09:25+00:00\",\"dateModified\":\"2024-04-18T10:16:34+00:00\",\"mainEntityOfPage\":{\"@id\":\"https:\\\/\\\/www.lafarga.com\\\/corporatiu\\\/programacio-especial-dels-mitjans-de-comunicacio-en-motiu-de-les-festes-de-primavera\\\/\"},\"wordCount\":468,\"publisher\":{\"@id\":\"https:\\\/\\\/www.lafarga.com\\\/corporatiu\\\/#organization\"},\"image\":{\"@id\":\"https:\\\/\\\/www.lafarga.com\\\/corporatiu\\\/programacio-especial-dels-mitjans-de-comunicacio-en-motiu-de-les-festes-de-primavera\\\/#primaryimage\"},\"thumbnailUrl\":\"https:\\\/\\\/www.lafarga.com\\\/corporatiu\\\/wp-content\\\/uploads\\\/2024\\\/04\\\/Festes-Primavera-24.png\",\"articleSection\":[\"Mitjans de Comunicaci\u00f3\"],\"inLanguage\":\"ca\"},{\"@type\":\"WebPage\",\"@id\":\"https:\\\/\\\/www.lafarga.com\\\/corporatiu\\\/programacio-especial-dels-mitjans-de-comunicacio-en-motiu-de-les-festes-de-primavera\\\/\",\"url\":\"https:\\\/\\\/www.lafarga.com\\\/corporatiu\\\/programacio-especial-dels-mitjans-de-comunicacio-en-motiu-de-les-festes-de-primavera\\\/\",\"name\":\"Programaci\u00f3 especial dels Mitjans de Comunicaci\u00f3 en motiu de les Festes de Primavera - La Farga Gesti\u00f3n de Equipamientos Municipales, S.A.\",\"isPartOf\":{\"@id\":\"https:\\\/\\\/www.lafarga.com\\\/corporatiu\\\/#website\"},\"primaryImageOfPage\":{\"@id\":\"https:\\\/\\\/www.lafarga.com\\\/corporatiu\\\/programacio-especial-dels-mitjans-de-comunicacio-en-motiu-de-les-festes-de-primavera\\\/#primaryimage\"},\"image\":{\"@id\":\"https:\\\/\\\/www.lafarga.com\\\/corporatiu\\\/programacio-especial-dels-mitjans-de-comunicacio-en-motiu-de-les-festes-de-primavera\\\/#primaryimage\"},\"thumbnailUrl\":\"https:\\\/\\\/www.lafarga.com\\\/corporatiu\\\/wp-content\\\/uploads\\\/2024\\\/04\\\/Festes-Primavera-24.png\",\"datePublished\":\"2024-04-18T10:09:25+00:00\",\"dateModified\":\"2024-04-18T10:16:34+00:00\",\"description\":\"Els Mitjans de Comunicaci\u00f3 de L\u2019H es bolquen amb les Festes de Primavera 2024 oferint una programaci\u00f3 especial.\",\"breadcrumb\":{\"@id\":\"https:\\\/\\\/www.lafarga.com\\\/corporatiu\\\/programacio-especial-dels-mitjans-de-comunicacio-en-motiu-de-les-festes-de-primavera\\\/#breadcrumb\"},\"inLanguage\":\"ca\",\"potentialAction\":[{\"@type\":\"ReadAction\",\"target\":[\"https:\\\/\\\/www.lafarga.com\\\/corporatiu\\\/programacio-especial-dels-mitjans-de-comunicacio-en-motiu-de-les-festes-de-primavera\\\/\"]}]},{\"@type\":\"ImageObject\",\"inLanguage\":\"ca\",\"@id\":\"https:\\\/\\\/www.lafarga.com\\\/corporatiu\\\/programacio-especial-dels-mitjans-de-comunicacio-en-motiu-de-les-festes-de-primavera\\\/#primaryimage\",\"url\":\"https:\\\/\\\/www.lafarga.com\\\/corporatiu\\\/wp-content\\\/uploads\\\/2024\\\/04\\\/Festes-Primavera-24.png\",\"contentUrl\":\"https:\\\/\\\/www.lafarga.com\\\/corporatiu\\\/wp-content\\\/uploads\\\/2024\\\/04\\\/Festes-Primavera-24.png\",\"width\":883,\"height\":493,\"caption\":\"Festes Privamera Fiestas\"},{\"@type\":\"BreadcrumbList\",\"@id\":\"https:\\\/\\\/www.lafarga.com\\\/corporatiu\\\/programacio-especial-dels-mitjans-de-comunicacio-en-motiu-de-les-festes-de-primavera\\\/#breadcrumb\",\"itemListElement\":[{\"@type\":\"ListItem\",\"position\":1,\"name\":\"Home\",\"item\":\"https:\\\/\\\/www.lafarga.com\\\/corporatiu\\\/lafarga-hospitalet-llobregat\\\/\"},{\"@type\":\"ListItem\",\"position\":2,\"name\":\"Programaci\u00f3 especial dels Mitjans de Comunicaci\u00f3 en motiu de les Festes de Primavera\"}]},{\"@type\":\"WebSite\",\"@id\":\"https:\\\/\\\/www.lafarga.com\\\/corporatiu\\\/#website\",\"url\":\"https:\\\/\\\/www.lafarga.com\\\/corporatiu\\\/\",\"name\":\"La Farga Gesti\u00f3 d&#039;Equipaments Municipals, SA\",\"description\":\"\",\"publisher\":{\"@id\":\"https:\\\/\\\/www.lafarga.com\\\/corporatiu\\\/#organization\"},\"potentialAction\":[{\"@type\":\"SearchAction\",\"target\":{\"@type\":\"EntryPoint\",\"urlTemplate\":\"https:\\\/\\\/www.lafarga.com\\\/corporatiu\\\/?s={search_term_string}\"},\"query-input\":{\"@type\":\"PropertyValueSpecification\",\"valueRequired\":true,\"valueName\":\"search_term_string\"}}],\"inLanguage\":\"ca\"},{\"@type\":\"Organization\",\"@id\":\"https:\\\/\\\/www.lafarga.com\\\/corporatiu\\\/#organization\",\"name\":\"La Farga Gesti\u00f3 d&#039;Equipaments Municipals, SA\",\"url\":\"https:\\\/\\\/www.lafarga.com\\\/corporatiu\\\/\",\"logo\":{\"@type\":\"ImageObject\",\"inLanguage\":\"ca\",\"@id\":\"https:\\\/\\\/www.lafarga.com\\\/corporatiu\\\/#\\\/schema\\\/logo\\\/image\\\/\",\"url\":\"https:\\\/\\\/www.lafarga.com\\\/corporatiu\\\/wp-content\\\/uploads\\\/2023\\\/11\\\/logotipo_lafarga_gemsa.svg\",\"contentUrl\":\"https:\\\/\\\/www.lafarga.com\\\/corporatiu\\\/wp-content\\\/uploads\\\/2023\\\/11\\\/logotipo_lafarga_gemsa.svg\",\"width\":102,\"height\":103,\"caption\":\"La Farga Gesti\u00f3 d&#039;Equipaments Municipals, SA\"},\"image\":{\"@id\":\"https:\\\/\\\/www.lafarga.com\\\/corporatiu\\\/#\\\/schema\\\/logo\\\/image\\\/\"}},{\"@type\":\"Person\",\"@id\":\"https:\\\/\\\/www.lafarga.com\\\/corporatiu\\\/#\\\/schema\\\/person\\\/70d96fe17d0da1a9c9e80d232bdbcf33\",\"name\":\"\u00d2scar Milla\",\"image\":{\"@type\":\"ImageObject\",\"inLanguage\":\"ca\",\"@id\":\"https:\\\/\\\/secure.gravatar.com\\\/avatar\\\/92e75d184f9d5e0e403bd4ad075b080ad258344ddc259adddb579f6a3ba6494f?s=96&d=mm&r=g\",\"url\":\"https:\\\/\\\/secure.gravatar.com\\\/avatar\\\/92e75d184f9d5e0e403bd4ad075b080ad258344ddc259adddb579f6a3ba6494f?s=96&d=mm&r=g\",\"contentUrl\":\"https:\\\/\\\/secure.gravatar.com\\\/avatar\\\/92e75d184f9d5e0e403bd4ad075b080ad258344ddc259adddb579f6a3ba6494f?s=96&d=mm&r=g\",\"caption\":\"\u00d2scar Milla\"},\"url\":\"https:\\\/\\\/www.lafarga.com\\\/corporatiu\\\/author\\\/omilla\\\/\"}]}<\/script>\n<!-- \/ Yoast SEO plugin. -->","yoast_head_json":{"title":"Programaci\u00f3 especial dels Mitjans de Comunicaci\u00f3 en motiu de les Festes de Primavera - La Farga Gesti\u00f3n de Equipamientos Municipales, S.A.","description":"Els Mitjans de Comunicaci\u00f3 de L\u2019H es bolquen amb les Festes de Primavera 2024 oferint una programaci\u00f3 especial.","robots":{"index":"index","follow":"follow","max-snippet":"max-snippet:-1","max-image-preview":"max-image-preview:large","max-video-preview":"max-video-preview:-1"},"canonical":"https:\/\/www.lafarga.com\/corporatiu\/programacio-especial-dels-mitjans-de-comunicacio-en-motiu-de-les-festes-de-primavera\/","og_locale":"ca_ES","og_type":"article","og_title":"Programaci\u00f3 especial dels Mitjans de Comunicaci\u00f3 en motiu de les Festes de Primavera - La Farga Gesti\u00f3n de Equipamientos Municipales, S.A.","og_description":"Els Mitjans de Comunicaci\u00f3 de L\u2019H es bolquen amb les Festes de Primavera 2024 oferint una programaci\u00f3 especial.","og_url":"https:\/\/www.lafarga.com\/corporatiu\/programacio-especial-dels-mitjans-de-comunicacio-en-motiu-de-les-festes-de-primavera\/","og_site_name":"La Farga Gesti\u00f3n de Equipamientos Municipales, S.A.","article_published_time":"2024-04-18T10:09:25+00:00","article_modified_time":"2024-04-18T10:16:34+00:00","og_image":[{"width":883,"height":493,"url":"https:\/\/www.lafarga.com\/corporatiu\/wp-content\/uploads\/2024\/04\/Festes-Primavera-24.png","type":"image\/png"}],"author":"\u00d2scar Milla","twitter_misc":{"Escrit per":"\u00d2scar Milla","Temps estimat de lectura":"3 minuts"},"schema":{"@context":"https:\/\/schema.org","@graph":[{"@type":"Article","@id":"https:\/\/www.lafarga.com\/corporatiu\/programacio-especial-dels-mitjans-de-comunicacio-en-motiu-de-les-festes-de-primavera\/#article","isPartOf":{"@id":"https:\/\/www.lafarga.com\/corporatiu\/programacio-especial-dels-mitjans-de-comunicacio-en-motiu-de-les-festes-de-primavera\/"},"author":{"name":"\u00d2scar Milla","@id":"https:\/\/www.lafarga.com\/corporatiu\/#\/schema\/person\/70d96fe17d0da1a9c9e80d232bdbcf33"},"headline":"Programaci\u00f3 especial dels Mitjans de Comunicaci\u00f3 en motiu de les Festes de Primavera","datePublished":"2024-04-18T10:09:25+00:00","dateModified":"2024-04-18T10:16:34+00:00","mainEntityOfPage":{"@id":"https:\/\/www.lafarga.com\/corporatiu\/programacio-especial-dels-mitjans-de-comunicacio-en-motiu-de-les-festes-de-primavera\/"},"wordCount":468,"publisher":{"@id":"https:\/\/www.lafarga.com\/corporatiu\/#organization"},"image":{"@id":"https:\/\/www.lafarga.com\/corporatiu\/programacio-especial-dels-mitjans-de-comunicacio-en-motiu-de-les-festes-de-primavera\/#primaryimage"},"thumbnailUrl":"https:\/\/www.lafarga.com\/corporatiu\/wp-content\/uploads\/2024\/04\/Festes-Primavera-24.png","articleSection":["Mitjans de Comunicaci\u00f3"],"inLanguage":"ca"},{"@type":"WebPage","@id":"https:\/\/www.lafarga.com\/corporatiu\/programacio-especial-dels-mitjans-de-comunicacio-en-motiu-de-les-festes-de-primavera\/","url":"https:\/\/www.lafarga.com\/corporatiu\/programacio-especial-dels-mitjans-de-comunicacio-en-motiu-de-les-festes-de-primavera\/","name":"Programaci\u00f3 especial dels Mitjans de Comunicaci\u00f3 en motiu de les Festes de Primavera - La Farga Gesti\u00f3n de Equipamientos Municipales, S.A.","isPartOf":{"@id":"https:\/\/www.lafarga.com\/corporatiu\/#website"},"primaryImageOfPage":{"@id":"https:\/\/www.lafarga.com\/corporatiu\/programacio-especial-dels-mitjans-de-comunicacio-en-motiu-de-les-festes-de-primavera\/#primaryimage"},"image":{"@id":"https:\/\/www.lafarga.com\/corporatiu\/programacio-especial-dels-mitjans-de-comunicacio-en-motiu-de-les-festes-de-primavera\/#primaryimage"},"thumbnailUrl":"https:\/\/www.lafarga.com\/corporatiu\/wp-content\/uploads\/2024\/04\/Festes-Primavera-24.png","datePublished":"2024-04-18T10:09:25+00:00","dateModified":"2024-04-18T10:16:34+00:00","description":"Els Mitjans de Comunicaci\u00f3 de L\u2019H es bolquen amb les Festes de Primavera 2024 oferint una programaci\u00f3 especial.","breadcrumb":{"@id":"https:\/\/www.lafarga.com\/corporatiu\/programacio-especial-dels-mitjans-de-comunicacio-en-motiu-de-les-festes-de-primavera\/#breadcrumb"},"inLanguage":"ca","potentialAction":[{"@type":"ReadAction","target":["https:\/\/www.lafarga.com\/corporatiu\/programacio-especial-dels-mitjans-de-comunicacio-en-motiu-de-les-festes-de-primavera\/"]}]},{"@type":"ImageObject","inLanguage":"ca","@id":"https:\/\/www.lafarga.com\/corporatiu\/programacio-especial-dels-mitjans-de-comunicacio-en-motiu-de-les-festes-de-primavera\/#primaryimage","url":"https:\/\/www.lafarga.com\/corporatiu\/wp-content\/uploads\/2024\/04\/Festes-Primavera-24.png","contentUrl":"https:\/\/www.lafarga.com\/corporatiu\/wp-content\/uploads\/2024\/04\/Festes-Primavera-24.png","width":883,"height":493,"caption":"Festes Privamera Fiestas"},{"@type":"BreadcrumbList","@id":"https:\/\/www.lafarga.com\/corporatiu\/programacio-especial-dels-mitjans-de-comunicacio-en-motiu-de-les-festes-de-primavera\/#breadcrumb","itemListElement":[{"@type":"ListItem","position":1,"name":"Home","item":"https:\/\/www.lafarga.com\/corporatiu\/lafarga-hospitalet-llobregat\/"},{"@type":"ListItem","position":2,"name":"Programaci\u00f3 especial dels Mitjans de Comunicaci\u00f3 en motiu de les Festes de Primavera"}]},{"@type":"WebSite","@id":"https:\/\/www.lafarga.com\/corporatiu\/#website","url":"https:\/\/www.lafarga.com\/corporatiu\/","name":"La Farga Gesti\u00f3 d&#039;Equipaments Municipals, SA","description":"","publisher":{"@id":"https:\/\/www.lafarga.com\/corporatiu\/#organization"},"potentialAction":[{"@type":"SearchAction","target":{"@type":"EntryPoint","urlTemplate":"https:\/\/www.lafarga.com\/corporatiu\/?s={search_term_string}"},"query-input":{"@type":"PropertyValueSpecification","valueRequired":true,"valueName":"search_term_string"}}],"inLanguage":"ca"},{"@type":"Organization","@id":"https:\/\/www.lafarga.com\/corporatiu\/#organization","name":"La Farga Gesti\u00f3 d&#039;Equipaments Municipals, SA","url":"https:\/\/www.lafarga.com\/corporatiu\/","logo":{"@type":"ImageObject","inLanguage":"ca","@id":"https:\/\/www.lafarga.com\/corporatiu\/#\/schema\/logo\/image\/","url":"https:\/\/www.lafarga.com\/corporatiu\/wp-content\/uploads\/2023\/11\/logotipo_lafarga_gemsa.svg","contentUrl":"https:\/\/www.lafarga.com\/corporatiu\/wp-content\/uploads\/2023\/11\/logotipo_lafarga_gemsa.svg","width":102,"height":103,"caption":"La Farga Gesti\u00f3 d&#039;Equipaments Municipals, SA"},"image":{"@id":"https:\/\/www.lafarga.com\/corporatiu\/#\/schema\/logo\/image\/"}},{"@type":"Person","@id":"https:\/\/www.lafarga.com\/corporatiu\/#\/schema\/person\/70d96fe17d0da1a9c9e80d232bdbcf33","name":"\u00d2scar Milla","image":{"@type":"ImageObject","inLanguage":"ca","@id":"https:\/\/secure.gravatar.com\/avatar\/92e75d184f9d5e0e403bd4ad075b080ad258344ddc259adddb579f6a3ba6494f?s=96&d=mm&r=g","url":"https:\/\/secure.gravatar.com\/avatar\/92e75d184f9d5e0e403bd4ad075b080ad258344ddc259adddb579f6a3ba6494f?s=96&d=mm&r=g","contentUrl":"https:\/\/secure.gravatar.com\/avatar\/92e75d184f9d5e0e403bd4ad075b080ad258344ddc259adddb579f6a3ba6494f?s=96&d=mm&r=g","caption":"\u00d2scar Milla"},"url":"https:\/\/www.lafarga.com\/corporatiu\/author\/omilla\/"}]}},"uagb_featured_image_src":{"full":["https:\/\/www.lafarga.com\/corporatiu\/wp-content\/uploads\/2024\/04\/Festes-Primavera-24.png",883,493,false],"thumbnail":["https:\/\/www.lafarga.com\/corporatiu\/wp-content\/uploads\/2024\/04\/Festes-Primavera-24-150x150.png",150,150,true],"medium":["https:\/\/www.lafarga.com\/corporatiu\/wp-content\/uploads\/2024\/04\/Festes-Primavera-24-300x167.png",300,167,true],"medium_large":["https:\/\/www.lafarga.com\/corporatiu\/wp-content\/uploads\/2024\/04\/Festes-Primavera-24-768x429.png",768,429,true],"large":["https:\/\/www.lafarga.com\/corporatiu\/wp-content\/uploads\/2024\/04\/Festes-Primavera-24.png",883,493,false],"1536x1536":["https:\/\/www.lafarga.com\/corporatiu\/wp-content\/uploads\/2024\/04\/Festes-Primavera-24.png",883,493,false],"2048x2048":["https:\/\/www.lafarga.com\/corporatiu\/wp-content\/uploads\/2024\/04\/Festes-Primavera-24.png",883,493,false],"mailpoet_newsletter_max":["https:\/\/www.lafarga.com\/corporatiu\/wp-content\/uploads\/2024\/04\/Festes-Primavera-24.png",883,493,false]},"uagb_author_info":{"display_name":"\u00d2scar Milla","author_link":"https:\/\/www.lafarga.com\/corporatiu\/author\/omilla\/"},"uagb_comment_info":0,"uagb_excerpt":"Els Mitjans de Comunicaci\u00f3 de L\u2019H es bolquen amb les Festes de Primavera 2024 oferint una programaci\u00f3 especial.","_links":{"self":[{"href":"https:\/\/www.lafarga.com\/corporatiu\/wp-json\/wp\/v2\/posts\/20761","targetHints":{"allow":["GET"]}}],"collection":[{"href":"https:\/\/www.lafarga.com\/corporatiu\/wp-json\/wp\/v2\/posts"}],"about":[{"href":"https:\/\/www.lafarga.com\/corporatiu\/wp-json\/wp\/v2\/types\/post"}],"author":[{"embeddable":true,"href":"https:\/\/www.lafarga.com\/corporatiu\/wp-json\/wp\/v2\/users\/5"}],"replies":[{"embeddable":true,"href":"https:\/\/www.lafarga.com\/corporatiu\/wp-json\/wp\/v2\/comments?post=20761"}],"version-history":[{"count":3,"href":"https:\/\/www.lafarga.com\/corporatiu\/wp-json\/wp\/v2\/posts\/20761\/revisions"}],"predecessor-version":[{"id":20770,"href":"https:\/\/www.lafarga.com\/corporatiu\/wp-json\/wp\/v2\/posts\/20761\/revisions\/20770"}],"wp:featuredmedia":[{"embeddable":true,"href":"https:\/\/www.lafarga.com\/corporatiu\/wp-json\/wp\/v2\/media\/20765"}],"wp:attachment":[{"href":"https:\/\/www.lafarga.com\/corporatiu\/wp-json\/wp\/v2\/media?parent=20761"}],"wp:term":[{"taxonomy":"category","embeddable":true,"href":"https:\/\/www.lafarga.com\/corporatiu\/wp-json\/wp\/v2\/categories?post=20761"},{"taxonomy":"post_tag","embeddable":true,"href":"https:\/\/www.lafarga.com\/corporatiu\/wp-json\/wp\/v2\/tags?post=20761"}],"curies":[{"name":"wp","href":"https:\/\/api.w.org\/{rel}","templated":true}]}}