{"id":20724,"date":"2024-04-17T16:17:46","date_gmt":"2024-04-17T16:17:46","guid":{"rendered":"https:\/\/www.lafarga.com\/corporatiu\/?p=20724"},"modified":"2024-04-17T16:36:42","modified_gmt":"2024-04-17T16:36:42","slug":"la-farga-acull-els-concerts-multitudinaris-de-festes-de-primavera","status":"publish","type":"post","link":"https:\/\/www.lafarga.com\/corporatiu\/la-farga-acull-els-concerts-multitudinaris-de-festes-de-primavera\/","title":{"rendered":"La Farga acull els concerts multitudinaris de Festes de Primavera"},"content":{"rendered":"\n<p>La Farga Centre d&#8217;Activitats acull tres concerts multitudinaris, dins les <strong>Festes de Primavera<\/strong> que comencen aquest dijous, 18 d&#8217;abril. En aquesta edici\u00f3 de les festes de 2024, com \u00e9s habitual, el cartell inclou tres propostes per a tots els p\u00fablics: dues vetllades amb els divertid\u00edssims Ojete Calor i els hits llatins de Juan Mag\u00e1n i el concert infantil de D\u00e0maris Gelabert.<\/p>\n\n\n\n<h5 class=\"wp-block-heading\"><strong>DIVENDRES 19, 21.30h. JUAN MAG\u00c1N<\/strong><\/h5>\n\n\n\n<p>Gr\u00e0cies a les altes vendes dels seus senzills, <strong>Juan Mag\u00e1n<\/strong> \u00e9s l&#8217;artista espanyol l\u00edder al m\u00f3n digital, per la qual cosa acumula nombrosos discos m\u00faltiple Plat\u00ed i Diamant, a m\u00e9s d&#8217;assolir diversos reconeixements, aix\u00ed com la privilegiada posici\u00f3 1 com a artista espanyol amb el major nombre de streamings al m\u00f3n. Amb milions de senzills venuts i una col\u00b7lecci\u00f3 de hits que l&#8217;han portat al #1 en desc\u00e0rregues, al top de r\u00e0dio, charts internacionals i centenars de concerts a nivell mundial amb milions d&#8217;assistents, Juan Mag\u00e1n ha estat nominat 6 vegades al Latin Grammy, en 6 ocasions als Latin Music Awards de Billboard i en 5 als Premis Lo Nuestro.<\/p>\n\n\n\n<h5 class=\"wp-block-heading\"><strong>DISSABTE 20, 11.30h. CONCERT INFANTIL<\/strong><\/h5>\n\n\n\n<p><strong>Da\u0300maris Gelabert<\/strong> celebra 25 anys de carrera amb una darrera gira. En aquesta gran festa l&#8217;acompanyaran The Grow Up Singing Band i un grup de joves ballarins i ballarines, fent d&#8217;aquest concert familiar un esdeveniment u\u0301nic, fresc i divertit. La direccio\u0301 musical anira\u0300 a ca\u0300rrec del pianista-compositor A\u0300lex Marti\u0301nez.<\/p>\n\n\n\n<h5 class=\"wp-block-heading\"><strong>DISSABTE 20, 21.30h. OJETE CALOR<\/strong><\/h5>\n\n\n\n<p>Els Reis del Subnopop estan menys en forma que mai, per\u00f2 continuen ocupant el tron. El 2024 arriba la seva nova gira, Vota UPyD Summer Tour 2024, amb la qual el seu \u00e8xit anir\u00e0 encara a m\u00e9s o no. \u00c9s el moment dels grans recintes, en qu\u00e8 tornaran a demostrar que el seu ritme llat\u00ed \u00e9s m\u00e9s viu que mai. <strong>Carlos Ojete i An\u00edbal Calor<\/strong> seguiran escopint hits com Viejoven, Morreo, Tonta gilip\u00f3, Opino de que, Mocatriz, Agapim\u00fa, Extremismo mal, Cuidado con el cyborg, Qu\u00e9 bien tan mal, i a m\u00e9s hi haur\u00e0 espai per a can\u00e7ons lletges.<\/p>\n\n\n\n<p>Les entrades dels tres concerts es poden adquirir a trav\u00e9s del portal: <a href=\"https:\/\/www.theproject.es\/es\/llegan-las-festes-de-primavera-de-lhospitalet\" target=\"_blank\" rel=\"noreferrer noopener\">theproject<\/a><\/p>\n","protected":false},"excerpt":{"rendered":"<p>La Farga Centre d&#8217;Activitats acull tres concerts multitudinaris, dins les Festes de Primavera que comencen aquest dijous, 18 d&#8217;abril. <\/p>\n","protected":false},"author":5,"featured_media":20725,"comment_status":"closed","ping_status":"closed","sticky":false,"template":"","format":"standard","meta":{"inline_featured_image":false,"_uag_custom_page_level_css":"","_monsterinsights_skip_tracking":false,"_monsterinsights_sitenote_active":false,"_monsterinsights_sitenote_note":"","_monsterinsights_sitenote_category":0,"site-sidebar-layout":"default","site-content-layout":"","ast-site-content-layout":"default","site-content-style":"default","site-sidebar-style":"default","ast-global-header-display":"","ast-banner-title-visibility":"","ast-main-header-display":"","ast-hfb-above-header-display":"","ast-hfb-below-header-display":"","ast-hfb-mobile-header-display":"","site-post-title":"","ast-breadcrumbs-content":"","ast-featured-img":"","footer-sml-layout":"","ast-disable-related-posts":"","theme-transparent-header-meta":"","adv-header-id-meta":"","stick-header-meta":"","header-above-stick-meta":"","header-main-stick-meta":"","header-below-stick-meta":"","astra-migrate-meta-layouts":"default","ast-page-background-enabled":"default","ast-page-background-meta":{"desktop":{"background-color":"var(--ast-global-color-4)","background-image":"","background-repeat":"repeat","background-position":"center center","background-size":"auto","background-attachment":"scroll","background-type":"","background-media":"","overlay-type":"","overlay-color":"","overlay-opacity":"","overlay-gradient":""},"tablet":{"background-color":"","background-image":"","background-repeat":"repeat","background-position":"center center","background-size":"auto","background-attachment":"scroll","background-type":"","background-media":"","overlay-type":"","overlay-color":"","overlay-opacity":"","overlay-gradient":""},"mobile":{"background-color":"","background-image":"","background-repeat":"repeat","background-position":"center center","background-size":"auto","background-attachment":"scroll","background-type":"","background-media":"","overlay-type":"","overlay-color":"","overlay-opacity":"","overlay-gradient":""}},"ast-content-background-meta":{"desktop":{"background-color":"var(--ast-global-color-5)","background-image":"","background-repeat":"repeat","background-position":"center center","background-size":"auto","background-attachment":"scroll","background-type":"","background-media":"","overlay-type":"","overlay-color":"","overlay-opacity":"","overlay-gradient":""},"tablet":{"background-color":"var(--ast-global-color-5)","background-image":"","background-repeat":"repeat","background-position":"center center","background-size":"auto","background-attachment":"scroll","background-type":"","background-media":"","overlay-type":"","overlay-color":"","overlay-opacity":"","overlay-gradient":""},"mobile":{"background-color":"var(--ast-global-color-5)","background-image":"","background-repeat":"repeat","background-position":"center center","background-size":"auto","background-attachment":"scroll","background-type":"","background-media":"","overlay-type":"","overlay-color":"","overlay-opacity":"","overlay-gradient":""}},"footnotes":""},"categories":[49],"tags":[],"class_list":["post-20724","post","type-post","status-publish","format-standard","has-post-thumbnail","hentry","category-centre-activitats"],"yoast_head":"<!-- This site is optimized with the Yoast SEO plugin v27.4 - https:\/\/yoast.com\/product\/yoast-seo-wordpress\/ -->\n<title>La Farga acull els concerts multitudinaris de Festes de Primavera - La Farga Gesti\u00f3n de Equipamientos Municipales, S.A.<\/title>\n<meta name=\"description\" content=\"La Farga Centre d&#039;Activitats acull tres concerts multitudinaris, dins les Festes de Primavera que comencen aquest dijous, 18 d&#039;abril.\" \/>\n<meta name=\"robots\" content=\"index, follow, max-snippet:-1, max-image-preview:large, max-video-preview:-1\" \/>\n<link rel=\"canonical\" href=\"https:\/\/www.lafarga.com\/corporatiu\/la-farga-acull-els-concerts-multitudinaris-de-festes-de-primavera\/\" \/>\n<meta property=\"og:locale\" content=\"ca_ES\" \/>\n<meta property=\"og:type\" content=\"article\" \/>\n<meta property=\"og:title\" content=\"La Farga acull els concerts multitudinaris de Festes de Primavera - La Farga Gesti\u00f3n de Equipamientos Municipales, S.A.\" \/>\n<meta property=\"og:description\" content=\"La Farga Centre d&#039;Activitats acull tres concerts multitudinaris, dins les Festes de Primavera que comencen aquest dijous, 18 d&#039;abril.\" \/>\n<meta property=\"og:url\" content=\"https:\/\/www.lafarga.com\/corporatiu\/la-farga-acull-els-concerts-multitudinaris-de-festes-de-primavera\/\" \/>\n<meta property=\"og:site_name\" content=\"La Farga Gesti\u00f3n de Equipamientos Municipales, S.A.\" \/>\n<meta property=\"article:published_time\" content=\"2024-04-17T16:17:46+00:00\" \/>\n<meta property=\"article:modified_time\" content=\"2024-04-17T16:36:42+00:00\" \/>\n<meta property=\"og:image\" content=\"https:\/\/www.lafarga.com\/corporatiu\/wp-content\/uploads\/2024\/04\/Festes-Primavera-24.jpg\" \/>\n\t<meta property=\"og:image:width\" content=\"1748\" \/>\n\t<meta property=\"og:image:height\" content=\"1240\" \/>\n\t<meta property=\"og:image:type\" content=\"image\/jpeg\" \/>\n<meta name=\"author\" content=\"\u00d2scar Milla\" \/>\n<meta name=\"twitter:label1\" content=\"Escrit per\" \/>\n\t<meta name=\"twitter:data1\" content=\"\u00d2scar Milla\" \/>\n\t<meta name=\"twitter:label2\" content=\"Temps estimat de lectura\" \/>\n\t<meta name=\"twitter:data2\" content=\"3 minuts\" \/>\n<script type=\"application\/ld+json\" class=\"yoast-schema-graph\">{\"@context\":\"https:\\\/\\\/schema.org\",\"@graph\":[{\"@type\":\"Article\",\"@id\":\"https:\\\/\\\/www.lafarga.com\\\/corporatiu\\\/la-farga-acull-els-concerts-multitudinaris-de-festes-de-primavera\\\/#article\",\"isPartOf\":{\"@id\":\"https:\\\/\\\/www.lafarga.com\\\/corporatiu\\\/la-farga-acull-els-concerts-multitudinaris-de-festes-de-primavera\\\/\"},\"author\":{\"name\":\"\u00d2scar Milla\",\"@id\":\"https:\\\/\\\/www.lafarga.com\\\/corporatiu\\\/#\\\/schema\\\/person\\\/70d96fe17d0da1a9c9e80d232bdbcf33\"},\"headline\":\"La Farga acull els concerts multitudinaris de Festes de Primavera\",\"datePublished\":\"2024-04-17T16:17:46+00:00\",\"dateModified\":\"2024-04-17T16:36:42+00:00\",\"mainEntityOfPage\":{\"@id\":\"https:\\\/\\\/www.lafarga.com\\\/corporatiu\\\/la-farga-acull-els-concerts-multitudinaris-de-festes-de-primavera\\\/\"},\"wordCount\":378,\"publisher\":{\"@id\":\"https:\\\/\\\/www.lafarga.com\\\/corporatiu\\\/#organization\"},\"image\":{\"@id\":\"https:\\\/\\\/www.lafarga.com\\\/corporatiu\\\/la-farga-acull-els-concerts-multitudinaris-de-festes-de-primavera\\\/#primaryimage\"},\"thumbnailUrl\":\"https:\\\/\\\/www.lafarga.com\\\/corporatiu\\\/wp-content\\\/uploads\\\/2024\\\/04\\\/Festes-Primavera-24.jpg\",\"articleSection\":[\"Centre d'Activitats\"],\"inLanguage\":\"ca\"},{\"@type\":\"WebPage\",\"@id\":\"https:\\\/\\\/www.lafarga.com\\\/corporatiu\\\/la-farga-acull-els-concerts-multitudinaris-de-festes-de-primavera\\\/\",\"url\":\"https:\\\/\\\/www.lafarga.com\\\/corporatiu\\\/la-farga-acull-els-concerts-multitudinaris-de-festes-de-primavera\\\/\",\"name\":\"La Farga acull els concerts multitudinaris de Festes de Primavera - La Farga Gesti\u00f3n de Equipamientos Municipales, S.A.\",\"isPartOf\":{\"@id\":\"https:\\\/\\\/www.lafarga.com\\\/corporatiu\\\/#website\"},\"primaryImageOfPage\":{\"@id\":\"https:\\\/\\\/www.lafarga.com\\\/corporatiu\\\/la-farga-acull-els-concerts-multitudinaris-de-festes-de-primavera\\\/#primaryimage\"},\"image\":{\"@id\":\"https:\\\/\\\/www.lafarga.com\\\/corporatiu\\\/la-farga-acull-els-concerts-multitudinaris-de-festes-de-primavera\\\/#primaryimage\"},\"thumbnailUrl\":\"https:\\\/\\\/www.lafarga.com\\\/corporatiu\\\/wp-content\\\/uploads\\\/2024\\\/04\\\/Festes-Primavera-24.jpg\",\"datePublished\":\"2024-04-17T16:17:46+00:00\",\"dateModified\":\"2024-04-17T16:36:42+00:00\",\"description\":\"La Farga Centre d'Activitats acull tres concerts multitudinaris, dins les Festes de Primavera que comencen aquest dijous, 18 d'abril.\",\"breadcrumb\":{\"@id\":\"https:\\\/\\\/www.lafarga.com\\\/corporatiu\\\/la-farga-acull-els-concerts-multitudinaris-de-festes-de-primavera\\\/#breadcrumb\"},\"inLanguage\":\"ca\",\"potentialAction\":[{\"@type\":\"ReadAction\",\"target\":[\"https:\\\/\\\/www.lafarga.com\\\/corporatiu\\\/la-farga-acull-els-concerts-multitudinaris-de-festes-de-primavera\\\/\"]}]},{\"@type\":\"ImageObject\",\"inLanguage\":\"ca\",\"@id\":\"https:\\\/\\\/www.lafarga.com\\\/corporatiu\\\/la-farga-acull-els-concerts-multitudinaris-de-festes-de-primavera\\\/#primaryimage\",\"url\":\"https:\\\/\\\/www.lafarga.com\\\/corporatiu\\\/wp-content\\\/uploads\\\/2024\\\/04\\\/Festes-Primavera-24.jpg\",\"contentUrl\":\"https:\\\/\\\/www.lafarga.com\\\/corporatiu\\\/wp-content\\\/uploads\\\/2024\\\/04\\\/Festes-Primavera-24.jpg\",\"width\":1748,\"height\":1240,\"caption\":\"Festes de Primavera\"},{\"@type\":\"BreadcrumbList\",\"@id\":\"https:\\\/\\\/www.lafarga.com\\\/corporatiu\\\/la-farga-acull-els-concerts-multitudinaris-de-festes-de-primavera\\\/#breadcrumb\",\"itemListElement\":[{\"@type\":\"ListItem\",\"position\":1,\"name\":\"Home\",\"item\":\"https:\\\/\\\/www.lafarga.com\\\/corporatiu\\\/lafarga-hospitalet-llobregat\\\/\"},{\"@type\":\"ListItem\",\"position\":2,\"name\":\"La Farga acull els concerts multitudinaris de Festes de Primavera\"}]},{\"@type\":\"WebSite\",\"@id\":\"https:\\\/\\\/www.lafarga.com\\\/corporatiu\\\/#website\",\"url\":\"https:\\\/\\\/www.lafarga.com\\\/corporatiu\\\/\",\"name\":\"La Farga Gesti\u00f3 d&#039;Equipaments Municipals, SA\",\"description\":\"\",\"publisher\":{\"@id\":\"https:\\\/\\\/www.lafarga.com\\\/corporatiu\\\/#organization\"},\"potentialAction\":[{\"@type\":\"SearchAction\",\"target\":{\"@type\":\"EntryPoint\",\"urlTemplate\":\"https:\\\/\\\/www.lafarga.com\\\/corporatiu\\\/?s={search_term_string}\"},\"query-input\":{\"@type\":\"PropertyValueSpecification\",\"valueRequired\":true,\"valueName\":\"search_term_string\"}}],\"inLanguage\":\"ca\"},{\"@type\":\"Organization\",\"@id\":\"https:\\\/\\\/www.lafarga.com\\\/corporatiu\\\/#organization\",\"name\":\"La Farga Gesti\u00f3 d&#039;Equipaments Municipals, SA\",\"url\":\"https:\\\/\\\/www.lafarga.com\\\/corporatiu\\\/\",\"logo\":{\"@type\":\"ImageObject\",\"inLanguage\":\"ca\",\"@id\":\"https:\\\/\\\/www.lafarga.com\\\/corporatiu\\\/#\\\/schema\\\/logo\\\/image\\\/\",\"url\":\"https:\\\/\\\/www.lafarga.com\\\/corporatiu\\\/wp-content\\\/uploads\\\/2023\\\/11\\\/logotipo_lafarga_gemsa.svg\",\"contentUrl\":\"https:\\\/\\\/www.lafarga.com\\\/corporatiu\\\/wp-content\\\/uploads\\\/2023\\\/11\\\/logotipo_lafarga_gemsa.svg\",\"width\":102,\"height\":103,\"caption\":\"La Farga Gesti\u00f3 d&#039;Equipaments Municipals, SA\"},\"image\":{\"@id\":\"https:\\\/\\\/www.lafarga.com\\\/corporatiu\\\/#\\\/schema\\\/logo\\\/image\\\/\"}},{\"@type\":\"Person\",\"@id\":\"https:\\\/\\\/www.lafarga.com\\\/corporatiu\\\/#\\\/schema\\\/person\\\/70d96fe17d0da1a9c9e80d232bdbcf33\",\"name\":\"\u00d2scar Milla\",\"image\":{\"@type\":\"ImageObject\",\"inLanguage\":\"ca\",\"@id\":\"https:\\\/\\\/secure.gravatar.com\\\/avatar\\\/92e75d184f9d5e0e403bd4ad075b080ad258344ddc259adddb579f6a3ba6494f?s=96&d=mm&r=g\",\"url\":\"https:\\\/\\\/secure.gravatar.com\\\/avatar\\\/92e75d184f9d5e0e403bd4ad075b080ad258344ddc259adddb579f6a3ba6494f?s=96&d=mm&r=g\",\"contentUrl\":\"https:\\\/\\\/secure.gravatar.com\\\/avatar\\\/92e75d184f9d5e0e403bd4ad075b080ad258344ddc259adddb579f6a3ba6494f?s=96&d=mm&r=g\",\"caption\":\"\u00d2scar Milla\"},\"url\":\"https:\\\/\\\/www.lafarga.com\\\/corporatiu\\\/author\\\/omilla\\\/\"}]}<\/script>\n<!-- \/ Yoast SEO plugin. -->","yoast_head_json":{"title":"La Farga acull els concerts multitudinaris de Festes de Primavera - La Farga Gesti\u00f3n de Equipamientos Municipales, S.A.","description":"La Farga Centre d'Activitats acull tres concerts multitudinaris, dins les Festes de Primavera que comencen aquest dijous, 18 d'abril.","robots":{"index":"index","follow":"follow","max-snippet":"max-snippet:-1","max-image-preview":"max-image-preview:large","max-video-preview":"max-video-preview:-1"},"canonical":"https:\/\/www.lafarga.com\/corporatiu\/la-farga-acull-els-concerts-multitudinaris-de-festes-de-primavera\/","og_locale":"ca_ES","og_type":"article","og_title":"La Farga acull els concerts multitudinaris de Festes de Primavera - La Farga Gesti\u00f3n de Equipamientos Municipales, S.A.","og_description":"La Farga Centre d'Activitats acull tres concerts multitudinaris, dins les Festes de Primavera que comencen aquest dijous, 18 d'abril.","og_url":"https:\/\/www.lafarga.com\/corporatiu\/la-farga-acull-els-concerts-multitudinaris-de-festes-de-primavera\/","og_site_name":"La Farga Gesti\u00f3n de Equipamientos Municipales, S.A.","article_published_time":"2024-04-17T16:17:46+00:00","article_modified_time":"2024-04-17T16:36:42+00:00","og_image":[{"width":1748,"height":1240,"url":"https:\/\/www.lafarga.com\/corporatiu\/wp-content\/uploads\/2024\/04\/Festes-Primavera-24.jpg","type":"image\/jpeg"}],"author":"\u00d2scar Milla","twitter_misc":{"Escrit per":"\u00d2scar Milla","Temps estimat de lectura":"3 minuts"},"schema":{"@context":"https:\/\/schema.org","@graph":[{"@type":"Article","@id":"https:\/\/www.lafarga.com\/corporatiu\/la-farga-acull-els-concerts-multitudinaris-de-festes-de-primavera\/#article","isPartOf":{"@id":"https:\/\/www.lafarga.com\/corporatiu\/la-farga-acull-els-concerts-multitudinaris-de-festes-de-primavera\/"},"author":{"name":"\u00d2scar Milla","@id":"https:\/\/www.lafarga.com\/corporatiu\/#\/schema\/person\/70d96fe17d0da1a9c9e80d232bdbcf33"},"headline":"La Farga acull els concerts multitudinaris de Festes de Primavera","datePublished":"2024-04-17T16:17:46+00:00","dateModified":"2024-04-17T16:36:42+00:00","mainEntityOfPage":{"@id":"https:\/\/www.lafarga.com\/corporatiu\/la-farga-acull-els-concerts-multitudinaris-de-festes-de-primavera\/"},"wordCount":378,"publisher":{"@id":"https:\/\/www.lafarga.com\/corporatiu\/#organization"},"image":{"@id":"https:\/\/www.lafarga.com\/corporatiu\/la-farga-acull-els-concerts-multitudinaris-de-festes-de-primavera\/#primaryimage"},"thumbnailUrl":"https:\/\/www.lafarga.com\/corporatiu\/wp-content\/uploads\/2024\/04\/Festes-Primavera-24.jpg","articleSection":["Centre d'Activitats"],"inLanguage":"ca"},{"@type":"WebPage","@id":"https:\/\/www.lafarga.com\/corporatiu\/la-farga-acull-els-concerts-multitudinaris-de-festes-de-primavera\/","url":"https:\/\/www.lafarga.com\/corporatiu\/la-farga-acull-els-concerts-multitudinaris-de-festes-de-primavera\/","name":"La Farga acull els concerts multitudinaris de Festes de Primavera - La Farga Gesti\u00f3n de Equipamientos Municipales, S.A.","isPartOf":{"@id":"https:\/\/www.lafarga.com\/corporatiu\/#website"},"primaryImageOfPage":{"@id":"https:\/\/www.lafarga.com\/corporatiu\/la-farga-acull-els-concerts-multitudinaris-de-festes-de-primavera\/#primaryimage"},"image":{"@id":"https:\/\/www.lafarga.com\/corporatiu\/la-farga-acull-els-concerts-multitudinaris-de-festes-de-primavera\/#primaryimage"},"thumbnailUrl":"https:\/\/www.lafarga.com\/corporatiu\/wp-content\/uploads\/2024\/04\/Festes-Primavera-24.jpg","datePublished":"2024-04-17T16:17:46+00:00","dateModified":"2024-04-17T16:36:42+00:00","description":"La Farga Centre d'Activitats acull tres concerts multitudinaris, dins les Festes de Primavera que comencen aquest dijous, 18 d'abril.","breadcrumb":{"@id":"https:\/\/www.lafarga.com\/corporatiu\/la-farga-acull-els-concerts-multitudinaris-de-festes-de-primavera\/#breadcrumb"},"inLanguage":"ca","potentialAction":[{"@type":"ReadAction","target":["https:\/\/www.lafarga.com\/corporatiu\/la-farga-acull-els-concerts-multitudinaris-de-festes-de-primavera\/"]}]},{"@type":"ImageObject","inLanguage":"ca","@id":"https:\/\/www.lafarga.com\/corporatiu\/la-farga-acull-els-concerts-multitudinaris-de-festes-de-primavera\/#primaryimage","url":"https:\/\/www.lafarga.com\/corporatiu\/wp-content\/uploads\/2024\/04\/Festes-Primavera-24.jpg","contentUrl":"https:\/\/www.lafarga.com\/corporatiu\/wp-content\/uploads\/2024\/04\/Festes-Primavera-24.jpg","width":1748,"height":1240,"caption":"Festes de Primavera"},{"@type":"BreadcrumbList","@id":"https:\/\/www.lafarga.com\/corporatiu\/la-farga-acull-els-concerts-multitudinaris-de-festes-de-primavera\/#breadcrumb","itemListElement":[{"@type":"ListItem","position":1,"name":"Home","item":"https:\/\/www.lafarga.com\/corporatiu\/lafarga-hospitalet-llobregat\/"},{"@type":"ListItem","position":2,"name":"La Farga acull els concerts multitudinaris de Festes de Primavera"}]},{"@type":"WebSite","@id":"https:\/\/www.lafarga.com\/corporatiu\/#website","url":"https:\/\/www.lafarga.com\/corporatiu\/","name":"La Farga Gesti\u00f3 d&#039;Equipaments Municipals, SA","description":"","publisher":{"@id":"https:\/\/www.lafarga.com\/corporatiu\/#organization"},"potentialAction":[{"@type":"SearchAction","target":{"@type":"EntryPoint","urlTemplate":"https:\/\/www.lafarga.com\/corporatiu\/?s={search_term_string}"},"query-input":{"@type":"PropertyValueSpecification","valueRequired":true,"valueName":"search_term_string"}}],"inLanguage":"ca"},{"@type":"Organization","@id":"https:\/\/www.lafarga.com\/corporatiu\/#organization","name":"La Farga Gesti\u00f3 d&#039;Equipaments Municipals, SA","url":"https:\/\/www.lafarga.com\/corporatiu\/","logo":{"@type":"ImageObject","inLanguage":"ca","@id":"https:\/\/www.lafarga.com\/corporatiu\/#\/schema\/logo\/image\/","url":"https:\/\/www.lafarga.com\/corporatiu\/wp-content\/uploads\/2023\/11\/logotipo_lafarga_gemsa.svg","contentUrl":"https:\/\/www.lafarga.com\/corporatiu\/wp-content\/uploads\/2023\/11\/logotipo_lafarga_gemsa.svg","width":102,"height":103,"caption":"La Farga Gesti\u00f3 d&#039;Equipaments Municipals, SA"},"image":{"@id":"https:\/\/www.lafarga.com\/corporatiu\/#\/schema\/logo\/image\/"}},{"@type":"Person","@id":"https:\/\/www.lafarga.com\/corporatiu\/#\/schema\/person\/70d96fe17d0da1a9c9e80d232bdbcf33","name":"\u00d2scar Milla","image":{"@type":"ImageObject","inLanguage":"ca","@id":"https:\/\/secure.gravatar.com\/avatar\/92e75d184f9d5e0e403bd4ad075b080ad258344ddc259adddb579f6a3ba6494f?s=96&d=mm&r=g","url":"https:\/\/secure.gravatar.com\/avatar\/92e75d184f9d5e0e403bd4ad075b080ad258344ddc259adddb579f6a3ba6494f?s=96&d=mm&r=g","contentUrl":"https:\/\/secure.gravatar.com\/avatar\/92e75d184f9d5e0e403bd4ad075b080ad258344ddc259adddb579f6a3ba6494f?s=96&d=mm&r=g","caption":"\u00d2scar Milla"},"url":"https:\/\/www.lafarga.com\/corporatiu\/author\/omilla\/"}]}},"uagb_featured_image_src":{"full":["https:\/\/www.lafarga.com\/corporatiu\/wp-content\/uploads\/2024\/04\/Festes-Primavera-24.jpg",1748,1240,false],"thumbnail":["https:\/\/www.lafarga.com\/corporatiu\/wp-content\/uploads\/2024\/04\/Festes-Primavera-24-150x150.jpg",150,150,true],"medium":["https:\/\/www.lafarga.com\/corporatiu\/wp-content\/uploads\/2024\/04\/Festes-Primavera-24-300x213.jpg",300,213,true],"medium_large":["https:\/\/www.lafarga.com\/corporatiu\/wp-content\/uploads\/2024\/04\/Festes-Primavera-24-768x545.jpg",768,545,true],"large":["https:\/\/www.lafarga.com\/corporatiu\/wp-content\/uploads\/2024\/04\/Festes-Primavera-24-1024x726.jpg",1024,726,true],"1536x1536":["https:\/\/www.lafarga.com\/corporatiu\/wp-content\/uploads\/2024\/04\/Festes-Primavera-24-1536x1090.jpg",1536,1090,true],"2048x2048":["https:\/\/www.lafarga.com\/corporatiu\/wp-content\/uploads\/2024\/04\/Festes-Primavera-24.jpg",1748,1240,false],"mailpoet_newsletter_max":["https:\/\/www.lafarga.com\/corporatiu\/wp-content\/uploads\/2024\/04\/Festes-Primavera-24.jpg",1320,936,false]},"uagb_author_info":{"display_name":"\u00d2scar Milla","author_link":"https:\/\/www.lafarga.com\/corporatiu\/author\/omilla\/"},"uagb_comment_info":0,"uagb_excerpt":"La Farga Centre d'Activitats acull tres concerts multitudinaris, dins les Festes de Primavera que comencen aquest dijous, 18 d'abril.","_links":{"self":[{"href":"https:\/\/www.lafarga.com\/corporatiu\/wp-json\/wp\/v2\/posts\/20724","targetHints":{"allow":["GET"]}}],"collection":[{"href":"https:\/\/www.lafarga.com\/corporatiu\/wp-json\/wp\/v2\/posts"}],"about":[{"href":"https:\/\/www.lafarga.com\/corporatiu\/wp-json\/wp\/v2\/types\/post"}],"author":[{"embeddable":true,"href":"https:\/\/www.lafarga.com\/corporatiu\/wp-json\/wp\/v2\/users\/5"}],"replies":[{"embeddable":true,"href":"https:\/\/www.lafarga.com\/corporatiu\/wp-json\/wp\/v2\/comments?post=20724"}],"version-history":[{"count":3,"href":"https:\/\/www.lafarga.com\/corporatiu\/wp-json\/wp\/v2\/posts\/20724\/revisions"}],"predecessor-version":[{"id":20733,"href":"https:\/\/www.lafarga.com\/corporatiu\/wp-json\/wp\/v2\/posts\/20724\/revisions\/20733"}],"wp:featuredmedia":[{"embeddable":true,"href":"https:\/\/www.lafarga.com\/corporatiu\/wp-json\/wp\/v2\/media\/20725"}],"wp:attachment":[{"href":"https:\/\/www.lafarga.com\/corporatiu\/wp-json\/wp\/v2\/media?parent=20724"}],"wp:term":[{"taxonomy":"category","embeddable":true,"href":"https:\/\/www.lafarga.com\/corporatiu\/wp-json\/wp\/v2\/categories?post=20724"},{"taxonomy":"post_tag","embeddable":true,"href":"https:\/\/www.lafarga.com\/corporatiu\/wp-json\/wp\/v2\/tags?post=20724"}],"curies":[{"name":"wp","href":"https:\/\/api.w.org\/{rel}","templated":true}]}}