{"id":20475,"date":"2024-02-05T11:18:00","date_gmt":"2024-02-05T11:18:00","guid":{"rendered":"https:\/\/www.lafarga.com\/novaweb\/?p=20475"},"modified":"2024-02-08T11:20:09","modified_gmt":"2024-02-08T11:20:09","slug":"semana-de-exposolidos-polusolidos-y-expofluidos","status":"publish","type":"post","link":"https:\/\/www.lafarga.com\/corporatiu\/semana-de-exposolidos-polusolidos-y-expofluidos\/","title":{"rendered":"Vuelve Expos\u00f3lidos, Polus\u00f3lidos y Expofluidos"},"content":{"rendered":"\n<p>La Farga Centro de Actividades acoge del 6 al 8 de febrero los salones&nbsp;<strong>Expos\u00f3lidos, Polus\u00f3lidos y Expofluidos<\/strong>, tres eventos en un mismo recinto, pensados para hacer negocios, networking y buscar soluciones espec\u00edficas a las necesidades de las empresas que manejan s\u00f3lidos, s\u00f3lidos y requieren separar l\u00edquido-s\u00f3lido.<\/p>\n\n\n\n<p><a href=\"https:\/\/exposolidos.com\/\" target=\"_blank\" rel=\"noreferrer noopener\">Expos\u00f3lidos<\/a>, que llega su 11\u00aa edici\u00f3n, es el Sal\u00f3n de la Tecnolog\u00eda y el Procesamiento de S\u00f3lidos, principal feria de sur de Europa especializada en la manipulaci\u00f3n y procesamiento de s\u00f3lidos, materiales a granel, polvo seco, semi s\u00f3lidos y separaci\u00f3n de s\u00f3lidos , l\u00edquidos.<\/p>\n\n\n\n<p>La presencia de las marcas l\u00edderes en Expos\u00f3lidos convierten el sal\u00f3n en el sitio id\u00f3neo para analizar y comparar soluciones a las necesidades tecnol\u00f3gicas de los visitantes. Expos\u00f3lidos cuenta con el soporte de las principales empresas europeas del sector y de los agentes sectoriales.<\/p>\n\n\n\n<p><a href=\"https:\/\/polusolidos.com\/\" target=\"_blank\" rel=\"noreferrer noopener\">Polus\u00f3lidos<\/a>, Sal\u00f3n de la Tecnolog\u00eda para la Captaci\u00f3n y Filtraci\u00f3n es un evento internacional \u00fanico en el mundo especializado en tecnolog\u00eda para la captaci\u00f3n y filtraci\u00f3n de emisiones en procesos. Esta es la quarta edici\u00f3 del certamen.<\/p>\n\n\n\n<p><a href=\"http:\/\/expofluidos.com\/\" target=\"_blank\" rel=\"noreferrer noopener\">Expofluidos<\/a>, Sal\u00f3n de la Tecnolog\u00eda y el Proceso de Fluidos, es una feria, en su segunda edici\u00f3n, \u00fanica en Europa especializada en la tecnolog\u00eda para gestionar los fluidos en los procesos industriales.<\/p>\n\n\n\n<h3 class=\"wp-block-heading\">Xavier Sala i Mart\u00edn y Victor K\u00fcppers, destacados invitados<\/h3>\n\n\n\n<p>Expos\u00f3lidos, Polus\u00f3lidos y Expofluidos vuelve a organizar los&nbsp;<a href=\"https:\/\/exposolidos.com\/actividades\/almuerzos-solidos\/\" target=\"_blank\" rel=\"noreferrer noopener\">\u201cAlmuerzos s\u00f3lidos\u201d<\/a>, mi\u00e9rcoles 7, este a\u00f1o con la presencia de Xavier Sala i Mart\u00edn, catedr\u00e1tico J. y M. Grossman de Econom\u00eda de la Universidad Columbia de Nueva York y profesor visitante de la Universidad Pompeu Fabra de Barcelona. Desde 2003 es el asesor econ\u00f3mico principal y el autor del Global Competitiveness Index del Foro Econ\u00f3mico Mundial de Davos y, desde 1990, investigador del National Bureau of Economic Research de Cambridge de Massachusetts (Estados Unidos).<\/p>\n\n\n\n<p>En el almuerzo, el dr. Xavier Sala i Mart\u00edn centrar\u00e1 su intervenci\u00f3n sobre sus previsiones de la evoluci\u00f3n de la econom\u00eda en 2024 detallando las principales variables que la van a determinar.<\/p>\n\n\n\n<p>Victor K\u00fcppers dar\u00e1 la\u00a0<a href=\"https:\/\/exposolidos.com\/actividades\/conferencia-gratuita-de-victor-kupper\/\" target=\"_blank\" rel=\"noreferrer noopener\">conferencia<\/a>\u00a0de la edici\u00f3n de este a\u00f1o, el pr\u00f3ximo jueves 8, a las 15.30 h. El reconocido conferenciante a nivel internacional sobre motivaci\u00f3n, actitud, psicolog\u00eda positiva y crecimiento personal es un apasionado de la motivaci\u00f3n y el liderazgo, traslad\u00e1ndolo a trav\u00e9s de las conferencias, la publicaci\u00f3n de libros y la educaci\u00f3n. Uno de sus principales libros es \u201cEl efecto de la actitud\u201d, dedicado a la gesti\u00f3n del entusiasmo y la vida con sentido.<\/p>\n\n\n\n<h3 class=\"wp-block-heading\">Premios Nova, en el Auditorio<\/h3>\n\n\n\n<p>Los\u00a0<strong>Premios Nova<\/strong>\u00a0quieren dar visibilidad a la formaci\u00f3n, divulgaci\u00f3n, investigaciones e innovaciones en procesos industriales en los que se incluyan tecnolog\u00edas de s\u00f3lidos, de fluidos y de captaci\u00f3n y filtraci\u00f3n de emisiones en industrias de usuarios finales.<\/p>\n\n\n\n<p>La gala de entrega de los galardones ser\u00e1 el martes 6, a las 18.15 h, en el Auditorio de La Farga Congress. [<a href=\"https:\/\/exposolidos.com\/premios-nova\/\" target=\"_blank\" rel=\"noreferrer noopener\">NOMINADOS]<\/a><\/p>\n","protected":false},"excerpt":{"rendered":"<p>La Farga Centro de Actividades acoge del 6 al 8 de febrero los salones\u00a0Expos\u00f3lidos, Polus\u00f3lidos y Expofluidos, tres eventos en un mismo recinto.<\/p>\n","protected":false},"author":5,"featured_media":20476,"comment_status":"closed","ping_status":"closed","sticky":false,"template":"","format":"standard","meta":{"inline_featured_image":false,"_uag_custom_page_level_css":"","_monsterinsights_skip_tracking":false,"_monsterinsights_sitenote_active":false,"_monsterinsights_sitenote_note":"","_monsterinsights_sitenote_category":0,"site-sidebar-layout":"default","site-content-layout":"","ast-site-content-layout":"default","site-content-style":"default","site-sidebar-style":"default","ast-global-header-display":"","ast-banner-title-visibility":"","ast-main-header-display":"","ast-hfb-above-header-display":"","ast-hfb-below-header-display":"","ast-hfb-mobile-header-display":"","site-post-title":"","ast-breadcrumbs-content":"","ast-featured-img":"","footer-sml-layout":"","ast-disable-related-posts":"","theme-transparent-header-meta":"","adv-header-id-meta":"","stick-header-meta":"","header-above-stick-meta":"","header-main-stick-meta":"","header-below-stick-meta":"","astra-migrate-meta-layouts":"default","ast-page-background-enabled":"default","ast-page-background-meta":{"desktop":{"background-color":"var(--ast-global-color-4)","background-image":"","background-repeat":"repeat","background-position":"center center","background-size":"auto","background-attachment":"scroll","background-type":"","background-media":"","overlay-type":"","overlay-color":"","overlay-opacity":"","overlay-gradient":""},"tablet":{"background-color":"","background-image":"","background-repeat":"repeat","background-position":"center center","background-size":"auto","background-attachment":"scroll","background-type":"","background-media":"","overlay-type":"","overlay-color":"","overlay-opacity":"","overlay-gradient":""},"mobile":{"background-color":"","background-image":"","background-repeat":"repeat","background-position":"center center","background-size":"auto","background-attachment":"scroll","background-type":"","background-media":"","overlay-type":"","overlay-color":"","overlay-opacity":"","overlay-gradient":""}},"ast-content-background-meta":{"desktop":{"background-color":"var(--ast-global-color-5)","background-image":"","background-repeat":"repeat","background-position":"center center","background-size":"auto","background-attachment":"scroll","background-type":"","background-media":"","overlay-type":"","overlay-color":"","overlay-opacity":"","overlay-gradient":""},"tablet":{"background-color":"var(--ast-global-color-5)","background-image":"","background-repeat":"repeat","background-position":"center center","background-size":"auto","background-attachment":"scroll","background-type":"","background-media":"","overlay-type":"","overlay-color":"","overlay-opacity":"","overlay-gradient":""},"mobile":{"background-color":"var(--ast-global-color-5)","background-image":"","background-repeat":"repeat","background-position":"center center","background-size":"auto","background-attachment":"scroll","background-type":"","background-media":"","overlay-type":"","overlay-color":"","overlay-opacity":"","overlay-gradient":""}},"footnotes":""},"categories":[73],"tags":[],"class_list":["post-20475","post","type-post","status-publish","format-standard","has-post-thumbnail","hentry","category-centro-de-actividades"],"yoast_head":"<!-- This site is optimized with the Yoast SEO plugin v27.4 - https:\/\/yoast.com\/product\/yoast-seo-wordpress\/ -->\n<title>Vuelve Expos\u00f3lidos, Polus\u00f3lidos y Expofluidos - La Farga Gesti\u00f3n de Equipamientos Municipales, S.A.<\/title>\n<meta name=\"description\" content=\"La Farga Centre d\u2019Activitats acull els salons\u00a0Expos\u00f3lidos, Polus\u00f3lidos i Expofluidos, tres esdeveniments en un mateix recinte.\" \/>\n<meta name=\"robots\" content=\"index, follow, max-snippet:-1, max-image-preview:large, max-video-preview:-1\" \/>\n<link rel=\"canonical\" href=\"https:\/\/www.lafarga.com\/corporatiu\/semana-de-exposolidos-polusolidos-y-expofluidos\/\" \/>\n<meta property=\"og:locale\" content=\"ca_ES\" \/>\n<meta property=\"og:type\" content=\"article\" \/>\n<meta property=\"og:title\" content=\"Vuelve Expos\u00f3lidos, Polus\u00f3lidos y Expofluidos - La Farga Gesti\u00f3n de Equipamientos Municipales, S.A.\" \/>\n<meta property=\"og:description\" content=\"La Farga Centre d\u2019Activitats acull els salons\u00a0Expos\u00f3lidos, Polus\u00f3lidos i Expofluidos, tres esdeveniments en un mateix recinte.\" \/>\n<meta property=\"og:url\" content=\"https:\/\/www.lafarga.com\/corporatiu\/semana-de-exposolidos-polusolidos-y-expofluidos\/\" \/>\n<meta property=\"og:site_name\" content=\"La Farga Gesti\u00f3n de Equipamientos Municipales, S.A.\" \/>\n<meta property=\"article:published_time\" content=\"2024-02-05T11:18:00+00:00\" \/>\n<meta property=\"article:modified_time\" content=\"2024-02-08T11:20:09+00:00\" \/>\n<meta property=\"og:image\" content=\"https:\/\/www.lafarga.com\/corporatiu\/wp-content\/uploads\/2024\/02\/Exposolidos-Farga-1.jpg\" \/>\n\t<meta property=\"og:image:width\" content=\"730\" \/>\n\t<meta property=\"og:image:height\" content=\"410\" \/>\n\t<meta property=\"og:image:type\" content=\"image\/jpeg\" \/>\n<meta name=\"author\" content=\"\u00d2scar Milla\" \/>\n<meta name=\"twitter:label1\" content=\"Escrit per\" \/>\n\t<meta name=\"twitter:data1\" content=\"\u00d2scar Milla\" \/>\n\t<meta name=\"twitter:label2\" content=\"Temps estimat de lectura\" \/>\n\t<meta name=\"twitter:data2\" content=\"3 minuts\" \/>\n<script type=\"application\/ld+json\" class=\"yoast-schema-graph\">{\"@context\":\"https:\\\/\\\/schema.org\",\"@graph\":[{\"@type\":\"Article\",\"@id\":\"https:\\\/\\\/www.lafarga.com\\\/corporatiu\\\/semana-de-exposolidos-polusolidos-y-expofluidos\\\/#article\",\"isPartOf\":{\"@id\":\"https:\\\/\\\/www.lafarga.com\\\/corporatiu\\\/semana-de-exposolidos-polusolidos-y-expofluidos\\\/\"},\"author\":{\"name\":\"\u00d2scar Milla\",\"@id\":\"https:\\\/\\\/www.lafarga.com\\\/corporatiu\\\/#\\\/schema\\\/person\\\/70d96fe17d0da1a9c9e80d232bdbcf33\"},\"headline\":\"Vuelve Expos\u00f3lidos, Polus\u00f3lidos y Expofluidos\",\"datePublished\":\"2024-02-05T11:18:00+00:00\",\"dateModified\":\"2024-02-08T11:20:09+00:00\",\"mainEntityOfPage\":{\"@id\":\"https:\\\/\\\/www.lafarga.com\\\/corporatiu\\\/semana-de-exposolidos-polusolidos-y-expofluidos\\\/\"},\"wordCount\":537,\"publisher\":{\"@id\":\"https:\\\/\\\/www.lafarga.com\\\/corporatiu\\\/#organization\"},\"image\":{\"@id\":\"https:\\\/\\\/www.lafarga.com\\\/corporatiu\\\/semana-de-exposolidos-polusolidos-y-expofluidos\\\/#primaryimage\"},\"thumbnailUrl\":\"https:\\\/\\\/www.lafarga.com\\\/corporatiu\\\/wp-content\\\/uploads\\\/2024\\\/02\\\/Exposolidos-Farga-1.jpg\",\"articleSection\":[\"Centro de Actividades\"],\"inLanguage\":\"ca\"},{\"@type\":\"WebPage\",\"@id\":\"https:\\\/\\\/www.lafarga.com\\\/corporatiu\\\/semana-de-exposolidos-polusolidos-y-expofluidos\\\/\",\"url\":\"https:\\\/\\\/www.lafarga.com\\\/corporatiu\\\/semana-de-exposolidos-polusolidos-y-expofluidos\\\/\",\"name\":\"Vuelve Expos\u00f3lidos, Polus\u00f3lidos y Expofluidos - La Farga Gesti\u00f3n de Equipamientos Municipales, S.A.\",\"isPartOf\":{\"@id\":\"https:\\\/\\\/www.lafarga.com\\\/corporatiu\\\/#website\"},\"primaryImageOfPage\":{\"@id\":\"https:\\\/\\\/www.lafarga.com\\\/corporatiu\\\/semana-de-exposolidos-polusolidos-y-expofluidos\\\/#primaryimage\"},\"image\":{\"@id\":\"https:\\\/\\\/www.lafarga.com\\\/corporatiu\\\/semana-de-exposolidos-polusolidos-y-expofluidos\\\/#primaryimage\"},\"thumbnailUrl\":\"https:\\\/\\\/www.lafarga.com\\\/corporatiu\\\/wp-content\\\/uploads\\\/2024\\\/02\\\/Exposolidos-Farga-1.jpg\",\"datePublished\":\"2024-02-05T11:18:00+00:00\",\"dateModified\":\"2024-02-08T11:20:09+00:00\",\"description\":\"La Farga Centre d\u2019Activitats acull els salons\u00a0Expos\u00f3lidos, Polus\u00f3lidos i Expofluidos, tres esdeveniments en un mateix recinte.\",\"breadcrumb\":{\"@id\":\"https:\\\/\\\/www.lafarga.com\\\/corporatiu\\\/semana-de-exposolidos-polusolidos-y-expofluidos\\\/#breadcrumb\"},\"inLanguage\":\"ca\",\"potentialAction\":[{\"@type\":\"ReadAction\",\"target\":[\"https:\\\/\\\/www.lafarga.com\\\/corporatiu\\\/semana-de-exposolidos-polusolidos-y-expofluidos\\\/\"]}]},{\"@type\":\"ImageObject\",\"inLanguage\":\"ca\",\"@id\":\"https:\\\/\\\/www.lafarga.com\\\/corporatiu\\\/semana-de-exposolidos-polusolidos-y-expofluidos\\\/#primaryimage\",\"url\":\"https:\\\/\\\/www.lafarga.com\\\/corporatiu\\\/wp-content\\\/uploads\\\/2024\\\/02\\\/Exposolidos-Farga-1.jpg\",\"contentUrl\":\"https:\\\/\\\/www.lafarga.com\\\/corporatiu\\\/wp-content\\\/uploads\\\/2024\\\/02\\\/Exposolidos-Farga-1.jpg\",\"width\":730,\"height\":410},{\"@type\":\"BreadcrumbList\",\"@id\":\"https:\\\/\\\/www.lafarga.com\\\/corporatiu\\\/semana-de-exposolidos-polusolidos-y-expofluidos\\\/#breadcrumb\",\"itemListElement\":[{\"@type\":\"ListItem\",\"position\":1,\"name\":\"Home\",\"item\":\"https:\\\/\\\/www.lafarga.com\\\/corporatiu\\\/lafarga-hospitalet-llobregat\\\/\"},{\"@type\":\"ListItem\",\"position\":2,\"name\":\"Vuelve Expos\u00f3lidos, Polus\u00f3lidos y Expofluidos\"}]},{\"@type\":\"WebSite\",\"@id\":\"https:\\\/\\\/www.lafarga.com\\\/corporatiu\\\/#website\",\"url\":\"https:\\\/\\\/www.lafarga.com\\\/corporatiu\\\/\",\"name\":\"La Farga Gesti\u00f3 d&#039;Equipaments Municipals, SA\",\"description\":\"\",\"publisher\":{\"@id\":\"https:\\\/\\\/www.lafarga.com\\\/corporatiu\\\/#organization\"},\"potentialAction\":[{\"@type\":\"SearchAction\",\"target\":{\"@type\":\"EntryPoint\",\"urlTemplate\":\"https:\\\/\\\/www.lafarga.com\\\/corporatiu\\\/?s={search_term_string}\"},\"query-input\":{\"@type\":\"PropertyValueSpecification\",\"valueRequired\":true,\"valueName\":\"search_term_string\"}}],\"inLanguage\":\"ca\"},{\"@type\":\"Organization\",\"@id\":\"https:\\\/\\\/www.lafarga.com\\\/corporatiu\\\/#organization\",\"name\":\"La Farga Gesti\u00f3 d&#039;Equipaments Municipals, SA\",\"url\":\"https:\\\/\\\/www.lafarga.com\\\/corporatiu\\\/\",\"logo\":{\"@type\":\"ImageObject\",\"inLanguage\":\"ca\",\"@id\":\"https:\\\/\\\/www.lafarga.com\\\/corporatiu\\\/#\\\/schema\\\/logo\\\/image\\\/\",\"url\":\"https:\\\/\\\/www.lafarga.com\\\/corporatiu\\\/wp-content\\\/uploads\\\/2023\\\/11\\\/logotipo_lafarga_gemsa.svg\",\"contentUrl\":\"https:\\\/\\\/www.lafarga.com\\\/corporatiu\\\/wp-content\\\/uploads\\\/2023\\\/11\\\/logotipo_lafarga_gemsa.svg\",\"width\":102,\"height\":103,\"caption\":\"La Farga Gesti\u00f3 d&#039;Equipaments Municipals, SA\"},\"image\":{\"@id\":\"https:\\\/\\\/www.lafarga.com\\\/corporatiu\\\/#\\\/schema\\\/logo\\\/image\\\/\"}},{\"@type\":\"Person\",\"@id\":\"https:\\\/\\\/www.lafarga.com\\\/corporatiu\\\/#\\\/schema\\\/person\\\/70d96fe17d0da1a9c9e80d232bdbcf33\",\"name\":\"\u00d2scar Milla\",\"image\":{\"@type\":\"ImageObject\",\"inLanguage\":\"ca\",\"@id\":\"https:\\\/\\\/secure.gravatar.com\\\/avatar\\\/92e75d184f9d5e0e403bd4ad075b080ad258344ddc259adddb579f6a3ba6494f?s=96&d=mm&r=g\",\"url\":\"https:\\\/\\\/secure.gravatar.com\\\/avatar\\\/92e75d184f9d5e0e403bd4ad075b080ad258344ddc259adddb579f6a3ba6494f?s=96&d=mm&r=g\",\"contentUrl\":\"https:\\\/\\\/secure.gravatar.com\\\/avatar\\\/92e75d184f9d5e0e403bd4ad075b080ad258344ddc259adddb579f6a3ba6494f?s=96&d=mm&r=g\",\"caption\":\"\u00d2scar Milla\"},\"url\":\"https:\\\/\\\/www.lafarga.com\\\/corporatiu\\\/author\\\/omilla\\\/\"}]}<\/script>\n<!-- \/ Yoast SEO plugin. -->","yoast_head_json":{"title":"Vuelve Expos\u00f3lidos, Polus\u00f3lidos y Expofluidos - La Farga Gesti\u00f3n de Equipamientos Municipales, S.A.","description":"La Farga Centre d\u2019Activitats acull els salons\u00a0Expos\u00f3lidos, Polus\u00f3lidos i Expofluidos, tres esdeveniments en un mateix recinte.","robots":{"index":"index","follow":"follow","max-snippet":"max-snippet:-1","max-image-preview":"max-image-preview:large","max-video-preview":"max-video-preview:-1"},"canonical":"https:\/\/www.lafarga.com\/corporatiu\/semana-de-exposolidos-polusolidos-y-expofluidos\/","og_locale":"ca_ES","og_type":"article","og_title":"Vuelve Expos\u00f3lidos, Polus\u00f3lidos y Expofluidos - La Farga Gesti\u00f3n de Equipamientos Municipales, S.A.","og_description":"La Farga Centre d\u2019Activitats acull els salons\u00a0Expos\u00f3lidos, Polus\u00f3lidos i Expofluidos, tres esdeveniments en un mateix recinte.","og_url":"https:\/\/www.lafarga.com\/corporatiu\/semana-de-exposolidos-polusolidos-y-expofluidos\/","og_site_name":"La Farga Gesti\u00f3n de Equipamientos Municipales, S.A.","article_published_time":"2024-02-05T11:18:00+00:00","article_modified_time":"2024-02-08T11:20:09+00:00","og_image":[{"width":730,"height":410,"url":"https:\/\/www.lafarga.com\/corporatiu\/wp-content\/uploads\/2024\/02\/Exposolidos-Farga-1.jpg","type":"image\/jpeg"}],"author":"\u00d2scar Milla","twitter_misc":{"Escrit per":"\u00d2scar Milla","Temps estimat de lectura":"3 minuts"},"schema":{"@context":"https:\/\/schema.org","@graph":[{"@type":"Article","@id":"https:\/\/www.lafarga.com\/corporatiu\/semana-de-exposolidos-polusolidos-y-expofluidos\/#article","isPartOf":{"@id":"https:\/\/www.lafarga.com\/corporatiu\/semana-de-exposolidos-polusolidos-y-expofluidos\/"},"author":{"name":"\u00d2scar Milla","@id":"https:\/\/www.lafarga.com\/corporatiu\/#\/schema\/person\/70d96fe17d0da1a9c9e80d232bdbcf33"},"headline":"Vuelve Expos\u00f3lidos, Polus\u00f3lidos y Expofluidos","datePublished":"2024-02-05T11:18:00+00:00","dateModified":"2024-02-08T11:20:09+00:00","mainEntityOfPage":{"@id":"https:\/\/www.lafarga.com\/corporatiu\/semana-de-exposolidos-polusolidos-y-expofluidos\/"},"wordCount":537,"publisher":{"@id":"https:\/\/www.lafarga.com\/corporatiu\/#organization"},"image":{"@id":"https:\/\/www.lafarga.com\/corporatiu\/semana-de-exposolidos-polusolidos-y-expofluidos\/#primaryimage"},"thumbnailUrl":"https:\/\/www.lafarga.com\/corporatiu\/wp-content\/uploads\/2024\/02\/Exposolidos-Farga-1.jpg","articleSection":["Centro de Actividades"],"inLanguage":"ca"},{"@type":"WebPage","@id":"https:\/\/www.lafarga.com\/corporatiu\/semana-de-exposolidos-polusolidos-y-expofluidos\/","url":"https:\/\/www.lafarga.com\/corporatiu\/semana-de-exposolidos-polusolidos-y-expofluidos\/","name":"Vuelve Expos\u00f3lidos, Polus\u00f3lidos y Expofluidos - La Farga Gesti\u00f3n de Equipamientos Municipales, S.A.","isPartOf":{"@id":"https:\/\/www.lafarga.com\/corporatiu\/#website"},"primaryImageOfPage":{"@id":"https:\/\/www.lafarga.com\/corporatiu\/semana-de-exposolidos-polusolidos-y-expofluidos\/#primaryimage"},"image":{"@id":"https:\/\/www.lafarga.com\/corporatiu\/semana-de-exposolidos-polusolidos-y-expofluidos\/#primaryimage"},"thumbnailUrl":"https:\/\/www.lafarga.com\/corporatiu\/wp-content\/uploads\/2024\/02\/Exposolidos-Farga-1.jpg","datePublished":"2024-02-05T11:18:00+00:00","dateModified":"2024-02-08T11:20:09+00:00","description":"La Farga Centre d\u2019Activitats acull els salons\u00a0Expos\u00f3lidos, Polus\u00f3lidos i Expofluidos, tres esdeveniments en un mateix recinte.","breadcrumb":{"@id":"https:\/\/www.lafarga.com\/corporatiu\/semana-de-exposolidos-polusolidos-y-expofluidos\/#breadcrumb"},"inLanguage":"ca","potentialAction":[{"@type":"ReadAction","target":["https:\/\/www.lafarga.com\/corporatiu\/semana-de-exposolidos-polusolidos-y-expofluidos\/"]}]},{"@type":"ImageObject","inLanguage":"ca","@id":"https:\/\/www.lafarga.com\/corporatiu\/semana-de-exposolidos-polusolidos-y-expofluidos\/#primaryimage","url":"https:\/\/www.lafarga.com\/corporatiu\/wp-content\/uploads\/2024\/02\/Exposolidos-Farga-1.jpg","contentUrl":"https:\/\/www.lafarga.com\/corporatiu\/wp-content\/uploads\/2024\/02\/Exposolidos-Farga-1.jpg","width":730,"height":410},{"@type":"BreadcrumbList","@id":"https:\/\/www.lafarga.com\/corporatiu\/semana-de-exposolidos-polusolidos-y-expofluidos\/#breadcrumb","itemListElement":[{"@type":"ListItem","position":1,"name":"Home","item":"https:\/\/www.lafarga.com\/corporatiu\/lafarga-hospitalet-llobregat\/"},{"@type":"ListItem","position":2,"name":"Vuelve Expos\u00f3lidos, Polus\u00f3lidos y Expofluidos"}]},{"@type":"WebSite","@id":"https:\/\/www.lafarga.com\/corporatiu\/#website","url":"https:\/\/www.lafarga.com\/corporatiu\/","name":"La Farga Gesti\u00f3 d&#039;Equipaments Municipals, SA","description":"","publisher":{"@id":"https:\/\/www.lafarga.com\/corporatiu\/#organization"},"potentialAction":[{"@type":"SearchAction","target":{"@type":"EntryPoint","urlTemplate":"https:\/\/www.lafarga.com\/corporatiu\/?s={search_term_string}"},"query-input":{"@type":"PropertyValueSpecification","valueRequired":true,"valueName":"search_term_string"}}],"inLanguage":"ca"},{"@type":"Organization","@id":"https:\/\/www.lafarga.com\/corporatiu\/#organization","name":"La Farga Gesti\u00f3 d&#039;Equipaments Municipals, SA","url":"https:\/\/www.lafarga.com\/corporatiu\/","logo":{"@type":"ImageObject","inLanguage":"ca","@id":"https:\/\/www.lafarga.com\/corporatiu\/#\/schema\/logo\/image\/","url":"https:\/\/www.lafarga.com\/corporatiu\/wp-content\/uploads\/2023\/11\/logotipo_lafarga_gemsa.svg","contentUrl":"https:\/\/www.lafarga.com\/corporatiu\/wp-content\/uploads\/2023\/11\/logotipo_lafarga_gemsa.svg","width":102,"height":103,"caption":"La Farga Gesti\u00f3 d&#039;Equipaments Municipals, SA"},"image":{"@id":"https:\/\/www.lafarga.com\/corporatiu\/#\/schema\/logo\/image\/"}},{"@type":"Person","@id":"https:\/\/www.lafarga.com\/corporatiu\/#\/schema\/person\/70d96fe17d0da1a9c9e80d232bdbcf33","name":"\u00d2scar Milla","image":{"@type":"ImageObject","inLanguage":"ca","@id":"https:\/\/secure.gravatar.com\/avatar\/92e75d184f9d5e0e403bd4ad075b080ad258344ddc259adddb579f6a3ba6494f?s=96&d=mm&r=g","url":"https:\/\/secure.gravatar.com\/avatar\/92e75d184f9d5e0e403bd4ad075b080ad258344ddc259adddb579f6a3ba6494f?s=96&d=mm&r=g","contentUrl":"https:\/\/secure.gravatar.com\/avatar\/92e75d184f9d5e0e403bd4ad075b080ad258344ddc259adddb579f6a3ba6494f?s=96&d=mm&r=g","caption":"\u00d2scar Milla"},"url":"https:\/\/www.lafarga.com\/corporatiu\/author\/omilla\/"}]}},"uagb_featured_image_src":{"full":["https:\/\/www.lafarga.com\/corporatiu\/wp-content\/uploads\/2024\/02\/Exposolidos-Farga-1.jpg",730,410,false],"thumbnail":["https:\/\/www.lafarga.com\/corporatiu\/wp-content\/uploads\/2024\/02\/Exposolidos-Farga-1-150x150.jpg",150,150,true],"medium":["https:\/\/www.lafarga.com\/corporatiu\/wp-content\/uploads\/2024\/02\/Exposolidos-Farga-1-300x168.jpg",300,168,true],"medium_large":["https:\/\/www.lafarga.com\/corporatiu\/wp-content\/uploads\/2024\/02\/Exposolidos-Farga-1.jpg",730,410,false],"large":["https:\/\/www.lafarga.com\/corporatiu\/wp-content\/uploads\/2024\/02\/Exposolidos-Farga-1.jpg",730,410,false],"1536x1536":["https:\/\/www.lafarga.com\/corporatiu\/wp-content\/uploads\/2024\/02\/Exposolidos-Farga-1.jpg",730,410,false],"2048x2048":["https:\/\/www.lafarga.com\/corporatiu\/wp-content\/uploads\/2024\/02\/Exposolidos-Farga-1.jpg",730,410,false],"mailpoet_newsletter_max":["https:\/\/www.lafarga.com\/corporatiu\/wp-content\/uploads\/2024\/02\/Exposolidos-Farga-1.jpg",730,410,false]},"uagb_author_info":{"display_name":"\u00d2scar Milla","author_link":"https:\/\/www.lafarga.com\/corporatiu\/author\/omilla\/"},"uagb_comment_info":0,"uagb_excerpt":"La Farga Centro de Actividades acoge del 6 al 8 de febrero los salones\u00a0Expos\u00f3lidos, Polus\u00f3lidos y Expofluidos, tres eventos en un mismo recinto.","_links":{"self":[{"href":"https:\/\/www.lafarga.com\/corporatiu\/wp-json\/wp\/v2\/posts\/20475","targetHints":{"allow":["GET"]}}],"collection":[{"href":"https:\/\/www.lafarga.com\/corporatiu\/wp-json\/wp\/v2\/posts"}],"about":[{"href":"https:\/\/www.lafarga.com\/corporatiu\/wp-json\/wp\/v2\/types\/post"}],"author":[{"embeddable":true,"href":"https:\/\/www.lafarga.com\/corporatiu\/wp-json\/wp\/v2\/users\/5"}],"replies":[{"embeddable":true,"href":"https:\/\/www.lafarga.com\/corporatiu\/wp-json\/wp\/v2\/comments?post=20475"}],"version-history":[{"count":1,"href":"https:\/\/www.lafarga.com\/corporatiu\/wp-json\/wp\/v2\/posts\/20475\/revisions"}],"predecessor-version":[{"id":20477,"href":"https:\/\/www.lafarga.com\/corporatiu\/wp-json\/wp\/v2\/posts\/20475\/revisions\/20477"}],"wp:featuredmedia":[{"embeddable":true,"href":"https:\/\/www.lafarga.com\/corporatiu\/wp-json\/wp\/v2\/media\/20476"}],"wp:attachment":[{"href":"https:\/\/www.lafarga.com\/corporatiu\/wp-json\/wp\/v2\/media?parent=20475"}],"wp:term":[{"taxonomy":"category","embeddable":true,"href":"https:\/\/www.lafarga.com\/corporatiu\/wp-json\/wp\/v2\/categories?post=20475"},{"taxonomy":"post_tag","embeddable":true,"href":"https:\/\/www.lafarga.com\/corporatiu\/wp-json\/wp\/v2\/tags?post=20475"}],"curies":[{"name":"wp","href":"https:\/\/api.w.org\/{rel}","templated":true}]}}