{"id":17685,"date":"2023-09-12T10:31:16","date_gmt":"2023-09-12T10:31:16","guid":{"rendered":"https:\/\/www.lafarga.com\/corporatiu\/?p=17685"},"modified":"2023-09-14T11:19:13","modified_gmt":"2023-09-14T11:19:13","slug":"nova-etapa-a-lhdigital","status":"publish","type":"post","link":"https:\/\/www.lafarga.com\/corporatiu\/nova-etapa-a-lhdigital\/","title":{"rendered":"Nova etapa a L&#8217;Hdigital"},"content":{"rendered":"\n<h5 class=\"wp-block-heading\">Nou disseny i funcionalitat del portal dels Mitjans de Comunicaci\u00f3<\/h5>\n\n\n\n<p>L\u2019Hdigital (<strong><a href=\"https:\/\/lhdigital.cat\/\" target=\"_blank\" rel=\"noreferrer noopener\">www.lhdigital.cat<\/a><\/strong>), el portal d\u2019informaci\u00f3 de la ciutat, ha engegat nova etapa. El web presenta un nou disseny i incorpora noves funcions per oferir millor servei i m\u00e9s contingut de proximitat.<\/p>\n\n\n\n<p>Segons el director dels Mitjans de Comunicaci\u00f3 de L\u2019H, <strong>Oscar S\u00e1nchez<\/strong>, el portal s\u2019adapta als nous h\u00e0bits de consum d\u2019informaci\u00f3 en l\u00ednia, en qu\u00e8 els dispositius m\u00f2bils guanyen terreny com a principal pantalla, i <em>\u201cfacilita l\u2019acc\u00e9s a tot el seu contingut d\u2019una forma m\u00e9s intu\u00eftiva, senzilla i agradable\u201d<\/em>.<\/p>\n\n\n\n<p>La gesti\u00f3 i administraci\u00f3 del servei p\u00fablic dels <strong><a href=\"https:\/\/www.lafarga.com\/corporatiu\/mitjans-comunicacio-hospitalet-la-farga\/\" target=\"_blank\" rel=\"noreferrer noopener\">Mitjans de Comunicaci\u00f3<\/a><\/strong> municipals de L\u2019Hospitalet -LHdigital, Televisi\u00f3 de L\u2019Hospitalet i el Diari L\u2019Hospitalet\u2013 recau sobre la societat municipal La Farga, GEMSA, per encomana de l\u2019Ajuntament de L\u2019Hospitalet.<br><br>Algunes de les novetats s\u00f3n:<\/p>\n\n\n\n<ul class=\"wp-block-list\">\n<li>Disseny responsive per visualitzar el web de forma \u00f2ptima en tots els dispositius.<\/li>\n\n\n\n<li>Portada renovada amb acc\u00e9s directe i intu\u00eftiu als principals continguts.<\/li>\n\n\n\n<li>Facilitat per compartir els continguts a les xarxes socials.<\/li>\n\n\n\n<li>Totes les edicions del Diari de L\u2019Hospitalet, des de 1994, en format electr\u00f2nic.<\/li>\n\n\n\n<li>Televisi\u00f3 L\u2019H en directe i a la carta, m\u00e9s visible.<\/li>\n\n\n\n<li>Les not\u00edcies dels barris en un clic, a trav\u00e9s d\u2019un mapa interactiu.<\/li>\n\n\n\n<li>Nova imatge dels resultats esportius de la setmana.<\/li>\n\n\n\n<li>Noves seccions tem\u00e0tiques com ara Educaci\u00f3, Economia i Empresa i Salut.<\/li>\n\n\n\n<li>P\u00e0gina actualitzada per seguir el Ple municipal en directe o consultar-lo a la carta.<\/li>\n\n\n\n<li>Servei de notificacions push que, sota consentiment previ, informa sobre les<br>not\u00edcies d\u2019\u00faltima hora i noves publicacions.<\/li>\n\n\n\n<li>Opci\u00f3 de subscripci\u00f3 al butllet\u00ed electr\u00f2nic de periodicitat setmanal, amb les<br>noIcies m\u00e9s importants directament al correu electr\u00f2nic facilitat.<\/li>\n<\/ul>\n\n\n\n<h5 class=\"wp-block-heading\">L\u2019Hemeroteca de L\u2019Hospitalet<\/h5>\n\n\n\n<p>Tot i el canvi de disseny i de navegaci\u00f3, L\u2019Hdigital mant\u00e9 l\u2019hist\u00f2ric de not\u00edcies, videos i programes de temporades anteriors. A trav\u00e9s d\u2019un cercador avan\u00e7at es poden localitzar informacions publicades des de l\u2019any 2000, any en qu\u00e8 va n\u00e9ixer el Canal-h.net, l\u2019antecessor de l\u2019actual L\u2019Hdigital.<\/p>\n\n\n\n<p>Pel que fa al <strong><a href=\"https:\/\/lhdigital.cat\/pdfs\/diari-de-lhospitalet-no-391\/\" target=\"_blank\" rel=\"noreferrer noopener\">Diari de L\u2019Hospitalet<\/a><\/strong>, el mitj\u00e0 deg\u00e0 de la ciutat, es poden consultar m\u00e9s de 390 edicions d\u2019una forma m\u00e9s visual i c\u00f2moda, ja que tots els n\u00famero, del del primer publicat l\u2019octubre del 1994, s\u2019han transformat a flipbooks (format digital interactiu).<\/p>\n\n\n\n<h5 class=\"wp-block-heading\">Televisi\u00f3 de L\u2019H en directe i a la carta<\/h5>\n\n\n\n<p>L\u2019Hdigital continua sent una finestra per accedir a <strong><a href=\"https:\/\/lhdigital.cat\/televisio-lh\/\" target=\"_blank\" rel=\"noreferrer noopener\">Televisi\u00f3 de L\u2019Hospitalet<\/a><\/strong>. Tant en directe, via streaming, com a la carta, es poden veure tots els programes que conformen la graella actual i tamb\u00e9 l\u2019arxiu hist\u00f2ric de programacions anteriors.<\/p>\n\n\n\n<p>La graella setmanal, que en el nou portal \u00e9s interactiva i de f\u00e0cil consulta, mant\u00e9 l\u2019Informatiu local del dia a les 15h, i la franja de programes tem\u00e0tics de producci\u00f3 pr\u00f2pia a partir de les 20h: L\u2019H en Joc (actualitat esportiva), els dilluns; Ve\u00efns (teixit associatiu i ciutadania), els dimarts; Aula L\u2019H (el m\u00f3n educatiu), els dimecres; Taquilla Inversa (magazine cultural), els dijous.<\/p>\n\n\n\n<p>La programaci\u00f3 di\u00e0ria es completa amb espais en directe produ\u00efts per la Xarxa de TV Locals de Catalunya com el magazine de tarda Fet a Mida (16.30h), amb entrevistes i entreteniment, i l\u2019informatiu metropolit\u00e0 Via 15 (18.30h), que de dilluns a divendres segueix l\u2019actualitat de L\u2019Hospitalet i d\u2019altres 14 municipis ve\u00efns. Documentals, esports d\u2019aventura, patrimoni, cr\u00edtica de cinema, rutes pel territori i gastronomia formen part tamb\u00e9 de la graella televisiva de TVL\u2019H sota la producci\u00f3 de La Xarxa.<\/p>\n\n\n\n<p>Mentrestant TVL\u2019H escalfa motors per fer un salt qualitatiu a partir del 2024 ja que migrar\u00e0 les emissions TDT a alta definici\u00f3 HD, seguint les directrius del Pla T\u00e8cnic Nacional de la Televisi\u00f3 Digital Terrestre.<\/p>\n","protected":false},"excerpt":{"rendered":"<p>L\u2019Hdigital, el portal d\u2019informaci\u00f3 de la ciutat, ha engegat nova etapa. El web presenta un nou disseny i incorpora noves funcions per oferir millor servei i m\u00e9s contingut de proximitat.<\/p>\n","protected":false},"author":5,"featured_media":17687,"comment_status":"closed","ping_status":"closed","sticky":false,"template":"","format":"standard","meta":{"inline_featured_image":false,"_uag_custom_page_level_css":"","_monsterinsights_skip_tracking":false,"_monsterinsights_sitenote_active":false,"_monsterinsights_sitenote_note":"","_monsterinsights_sitenote_category":0,"site-sidebar-layout":"default","site-content-layout":"","ast-site-content-layout":"default","site-content-style":"default","site-sidebar-style":"default","ast-global-header-display":"","ast-banner-title-visibility":"","ast-main-header-display":"","ast-hfb-above-header-display":"","ast-hfb-below-header-display":"","ast-hfb-mobile-header-display":"","site-post-title":"","ast-breadcrumbs-content":"","ast-featured-img":"","footer-sml-layout":"","ast-disable-related-posts":"","theme-transparent-header-meta":"","adv-header-id-meta":"","stick-header-meta":"","header-above-stick-meta":"","header-main-stick-meta":"","header-below-stick-meta":"","astra-migrate-meta-layouts":"default","ast-page-background-enabled":"default","ast-page-background-meta":{"desktop":{"background-color":"var(--ast-global-color-4)","background-image":"","background-repeat":"repeat","background-position":"center center","background-size":"auto","background-attachment":"scroll","background-type":"","background-media":"","overlay-type":"","overlay-color":"","overlay-opacity":"","overlay-gradient":""},"tablet":{"background-color":"","background-image":"","background-repeat":"repeat","background-position":"center center","background-size":"auto","background-attachment":"scroll","background-type":"","background-media":"","overlay-type":"","overlay-color":"","overlay-opacity":"","overlay-gradient":""},"mobile":{"background-color":"","background-image":"","background-repeat":"repeat","background-position":"center center","background-size":"auto","background-attachment":"scroll","background-type":"","background-media":"","overlay-type":"","overlay-color":"","overlay-opacity":"","overlay-gradient":""}},"ast-content-background-meta":{"desktop":{"background-color":"var(--ast-global-color-5)","background-image":"","background-repeat":"repeat","background-position":"center center","background-size":"auto","background-attachment":"scroll","background-type":"","background-media":"","overlay-type":"","overlay-color":"","overlay-opacity":"","overlay-gradient":""},"tablet":{"background-color":"var(--ast-global-color-5)","background-image":"","background-repeat":"repeat","background-position":"center center","background-size":"auto","background-attachment":"scroll","background-type":"","background-media":"","overlay-type":"","overlay-color":"","overlay-opacity":"","overlay-gradient":""},"mobile":{"background-color":"var(--ast-global-color-5)","background-image":"","background-repeat":"repeat","background-position":"center center","background-size":"auto","background-attachment":"scroll","background-type":"","background-media":"","overlay-type":"","overlay-color":"","overlay-opacity":"","overlay-gradient":""}},"footnotes":""},"categories":[51],"tags":[],"class_list":["post-17685","post","type-post","status-publish","format-standard","has-post-thumbnail","hentry","category-mitjans-comunicacio"],"yoast_head":"<!-- This site is optimized with the Yoast SEO plugin v27.4 - https:\/\/yoast.com\/product\/yoast-seo-wordpress\/ -->\n<title>Nova etapa a L&#039;Hdigital - La Farga Gesti\u00f3n de Equipamientos Municipales, S.A.<\/title>\n<meta name=\"description\" content=\"L\u2019Hdigital el portal d\u2019informaci\u00f3 de la ciutat, ha engegat nova etapa. El webpresenta un nou disseny i incorpora noves funcions\" \/>\n<meta name=\"robots\" content=\"index, follow, max-snippet:-1, max-image-preview:large, max-video-preview:-1\" \/>\n<link rel=\"canonical\" href=\"https:\/\/www.lafarga.com\/corporatiu\/nova-etapa-a-lhdigital\/\" \/>\n<meta property=\"og:locale\" content=\"ca_ES\" \/>\n<meta property=\"og:type\" content=\"article\" \/>\n<meta property=\"og:title\" content=\"Nova etapa a L&#039;Hdigital - La Farga Gesti\u00f3n de Equipamientos Municipales, S.A.\" \/>\n<meta property=\"og:description\" content=\"L\u2019Hdigital el portal d\u2019informaci\u00f3 de la ciutat, ha engegat nova etapa. El webpresenta un nou disseny i incorpora noves funcions\" \/>\n<meta property=\"og:url\" content=\"https:\/\/www.lafarga.com\/corporatiu\/nova-etapa-a-lhdigital\/\" \/>\n<meta property=\"og:site_name\" content=\"La Farga Gesti\u00f3n de Equipamientos Municipales, S.A.\" \/>\n<meta property=\"article:published_time\" content=\"2023-09-12T10:31:16+00:00\" \/>\n<meta property=\"article:modified_time\" content=\"2023-09-14T11:19:13+00:00\" \/>\n<meta property=\"og:image\" content=\"https:\/\/www.lafarga.com\/corporatiu\/wp-content\/uploads\/2023\/09\/Nou-LHdigital-Farga.jpg\" \/>\n\t<meta property=\"og:image:width\" content=\"730\" \/>\n\t<meta property=\"og:image:height\" content=\"410\" \/>\n\t<meta property=\"og:image:type\" content=\"image\/jpeg\" \/>\n<meta name=\"author\" content=\"\u00d2scar Milla\" \/>\n<meta name=\"twitter:label1\" content=\"Escrit per\" \/>\n\t<meta name=\"twitter:data1\" content=\"\u00d2scar Milla\" \/>\n\t<meta name=\"twitter:label2\" content=\"Temps estimat de lectura\" \/>\n\t<meta name=\"twitter:data2\" content=\"4 minuts\" \/>\n<script type=\"application\/ld+json\" class=\"yoast-schema-graph\">{\"@context\":\"https:\\\/\\\/schema.org\",\"@graph\":[{\"@type\":\"Article\",\"@id\":\"https:\\\/\\\/www.lafarga.com\\\/corporatiu\\\/nova-etapa-a-lhdigital\\\/#article\",\"isPartOf\":{\"@id\":\"https:\\\/\\\/www.lafarga.com\\\/corporatiu\\\/nova-etapa-a-lhdigital\\\/\"},\"author\":{\"name\":\"\u00d2scar Milla\",\"@id\":\"https:\\\/\\\/www.lafarga.com\\\/corporatiu\\\/#\\\/schema\\\/person\\\/70d96fe17d0da1a9c9e80d232bdbcf33\"},\"headline\":\"Nova etapa a L&#8217;Hdigital\",\"datePublished\":\"2023-09-12T10:31:16+00:00\",\"dateModified\":\"2023-09-14T11:19:13+00:00\",\"mainEntityOfPage\":{\"@id\":\"https:\\\/\\\/www.lafarga.com\\\/corporatiu\\\/nova-etapa-a-lhdigital\\\/\"},\"wordCount\":666,\"publisher\":{\"@id\":\"https:\\\/\\\/www.lafarga.com\\\/corporatiu\\\/#organization\"},\"image\":{\"@id\":\"https:\\\/\\\/www.lafarga.com\\\/corporatiu\\\/nova-etapa-a-lhdigital\\\/#primaryimage\"},\"thumbnailUrl\":\"https:\\\/\\\/www.lafarga.com\\\/corporatiu\\\/wp-content\\\/uploads\\\/2023\\\/09\\\/Nou-LHdigital-Farga.jpg\",\"articleSection\":[\"Mitjans de Comunicaci\u00f3\"],\"inLanguage\":\"ca\"},{\"@type\":\"WebPage\",\"@id\":\"https:\\\/\\\/www.lafarga.com\\\/corporatiu\\\/nova-etapa-a-lhdigital\\\/\",\"url\":\"https:\\\/\\\/www.lafarga.com\\\/corporatiu\\\/nova-etapa-a-lhdigital\\\/\",\"name\":\"Nova etapa a L'Hdigital - La Farga Gesti\u00f3n de Equipamientos Municipales, S.A.\",\"isPartOf\":{\"@id\":\"https:\\\/\\\/www.lafarga.com\\\/corporatiu\\\/#website\"},\"primaryImageOfPage\":{\"@id\":\"https:\\\/\\\/www.lafarga.com\\\/corporatiu\\\/nova-etapa-a-lhdigital\\\/#primaryimage\"},\"image\":{\"@id\":\"https:\\\/\\\/www.lafarga.com\\\/corporatiu\\\/nova-etapa-a-lhdigital\\\/#primaryimage\"},\"thumbnailUrl\":\"https:\\\/\\\/www.lafarga.com\\\/corporatiu\\\/wp-content\\\/uploads\\\/2023\\\/09\\\/Nou-LHdigital-Farga.jpg\",\"datePublished\":\"2023-09-12T10:31:16+00:00\",\"dateModified\":\"2023-09-14T11:19:13+00:00\",\"description\":\"L\u2019Hdigital el portal d\u2019informaci\u00f3 de la ciutat, ha engegat nova etapa. El webpresenta un nou disseny i incorpora noves funcions\",\"breadcrumb\":{\"@id\":\"https:\\\/\\\/www.lafarga.com\\\/corporatiu\\\/nova-etapa-a-lhdigital\\\/#breadcrumb\"},\"inLanguage\":\"ca\",\"potentialAction\":[{\"@type\":\"ReadAction\",\"target\":[\"https:\\\/\\\/www.lafarga.com\\\/corporatiu\\\/nova-etapa-a-lhdigital\\\/\"]}]},{\"@type\":\"ImageObject\",\"inLanguage\":\"ca\",\"@id\":\"https:\\\/\\\/www.lafarga.com\\\/corporatiu\\\/nova-etapa-a-lhdigital\\\/#primaryimage\",\"url\":\"https:\\\/\\\/www.lafarga.com\\\/corporatiu\\\/wp-content\\\/uploads\\\/2023\\\/09\\\/Nou-LHdigital-Farga.jpg\",\"contentUrl\":\"https:\\\/\\\/www.lafarga.com\\\/corporatiu\\\/wp-content\\\/uploads\\\/2023\\\/09\\\/Nou-LHdigital-Farga.jpg\",\"width\":730,\"height\":410,\"caption\":\"Farga L'Hdigital\"},{\"@type\":\"BreadcrumbList\",\"@id\":\"https:\\\/\\\/www.lafarga.com\\\/corporatiu\\\/nova-etapa-a-lhdigital\\\/#breadcrumb\",\"itemListElement\":[{\"@type\":\"ListItem\",\"position\":1,\"name\":\"Home\",\"item\":\"https:\\\/\\\/www.lafarga.com\\\/corporatiu\\\/lafarga-hospitalet-llobregat\\\/\"},{\"@type\":\"ListItem\",\"position\":2,\"name\":\"Nova etapa a L&#8217;Hdigital\"}]},{\"@type\":\"WebSite\",\"@id\":\"https:\\\/\\\/www.lafarga.com\\\/corporatiu\\\/#website\",\"url\":\"https:\\\/\\\/www.lafarga.com\\\/corporatiu\\\/\",\"name\":\"La Farga Gesti\u00f3 d&#039;Equipaments Municipals, SA\",\"description\":\"\",\"publisher\":{\"@id\":\"https:\\\/\\\/www.lafarga.com\\\/corporatiu\\\/#organization\"},\"potentialAction\":[{\"@type\":\"SearchAction\",\"target\":{\"@type\":\"EntryPoint\",\"urlTemplate\":\"https:\\\/\\\/www.lafarga.com\\\/corporatiu\\\/?s={search_term_string}\"},\"query-input\":{\"@type\":\"PropertyValueSpecification\",\"valueRequired\":true,\"valueName\":\"search_term_string\"}}],\"inLanguage\":\"ca\"},{\"@type\":\"Organization\",\"@id\":\"https:\\\/\\\/www.lafarga.com\\\/corporatiu\\\/#organization\",\"name\":\"La Farga Gesti\u00f3 d&#039;Equipaments Municipals, SA\",\"url\":\"https:\\\/\\\/www.lafarga.com\\\/corporatiu\\\/\",\"logo\":{\"@type\":\"ImageObject\",\"inLanguage\":\"ca\",\"@id\":\"https:\\\/\\\/www.lafarga.com\\\/corporatiu\\\/#\\\/schema\\\/logo\\\/image\\\/\",\"url\":\"https:\\\/\\\/www.lafarga.com\\\/corporatiu\\\/wp-content\\\/uploads\\\/2023\\\/11\\\/logotipo_lafarga_gemsa.svg\",\"contentUrl\":\"https:\\\/\\\/www.lafarga.com\\\/corporatiu\\\/wp-content\\\/uploads\\\/2023\\\/11\\\/logotipo_lafarga_gemsa.svg\",\"width\":102,\"height\":103,\"caption\":\"La Farga Gesti\u00f3 d&#039;Equipaments Municipals, SA\"},\"image\":{\"@id\":\"https:\\\/\\\/www.lafarga.com\\\/corporatiu\\\/#\\\/schema\\\/logo\\\/image\\\/\"}},{\"@type\":\"Person\",\"@id\":\"https:\\\/\\\/www.lafarga.com\\\/corporatiu\\\/#\\\/schema\\\/person\\\/70d96fe17d0da1a9c9e80d232bdbcf33\",\"name\":\"\u00d2scar Milla\",\"image\":{\"@type\":\"ImageObject\",\"inLanguage\":\"ca\",\"@id\":\"https:\\\/\\\/secure.gravatar.com\\\/avatar\\\/92e75d184f9d5e0e403bd4ad075b080ad258344ddc259adddb579f6a3ba6494f?s=96&d=mm&r=g\",\"url\":\"https:\\\/\\\/secure.gravatar.com\\\/avatar\\\/92e75d184f9d5e0e403bd4ad075b080ad258344ddc259adddb579f6a3ba6494f?s=96&d=mm&r=g\",\"contentUrl\":\"https:\\\/\\\/secure.gravatar.com\\\/avatar\\\/92e75d184f9d5e0e403bd4ad075b080ad258344ddc259adddb579f6a3ba6494f?s=96&d=mm&r=g\",\"caption\":\"\u00d2scar Milla\"},\"url\":\"https:\\\/\\\/www.lafarga.com\\\/corporatiu\\\/author\\\/omilla\\\/\"}]}<\/script>\n<!-- \/ Yoast SEO plugin. -->","yoast_head_json":{"title":"Nova etapa a L'Hdigital - La Farga Gesti\u00f3n de Equipamientos Municipales, S.A.","description":"L\u2019Hdigital el portal d\u2019informaci\u00f3 de la ciutat, ha engegat nova etapa. El webpresenta un nou disseny i incorpora noves funcions","robots":{"index":"index","follow":"follow","max-snippet":"max-snippet:-1","max-image-preview":"max-image-preview:large","max-video-preview":"max-video-preview:-1"},"canonical":"https:\/\/www.lafarga.com\/corporatiu\/nova-etapa-a-lhdigital\/","og_locale":"ca_ES","og_type":"article","og_title":"Nova etapa a L'Hdigital - La Farga Gesti\u00f3n de Equipamientos Municipales, S.A.","og_description":"L\u2019Hdigital el portal d\u2019informaci\u00f3 de la ciutat, ha engegat nova etapa. El webpresenta un nou disseny i incorpora noves funcions","og_url":"https:\/\/www.lafarga.com\/corporatiu\/nova-etapa-a-lhdigital\/","og_site_name":"La Farga Gesti\u00f3n de Equipamientos Municipales, S.A.","article_published_time":"2023-09-12T10:31:16+00:00","article_modified_time":"2023-09-14T11:19:13+00:00","og_image":[{"width":730,"height":410,"url":"https:\/\/www.lafarga.com\/corporatiu\/wp-content\/uploads\/2023\/09\/Nou-LHdigital-Farga.jpg","type":"image\/jpeg"}],"author":"\u00d2scar Milla","twitter_misc":{"Escrit per":"\u00d2scar Milla","Temps estimat de lectura":"4 minuts"},"schema":{"@context":"https:\/\/schema.org","@graph":[{"@type":"Article","@id":"https:\/\/www.lafarga.com\/corporatiu\/nova-etapa-a-lhdigital\/#article","isPartOf":{"@id":"https:\/\/www.lafarga.com\/corporatiu\/nova-etapa-a-lhdigital\/"},"author":{"name":"\u00d2scar Milla","@id":"https:\/\/www.lafarga.com\/corporatiu\/#\/schema\/person\/70d96fe17d0da1a9c9e80d232bdbcf33"},"headline":"Nova etapa a L&#8217;Hdigital","datePublished":"2023-09-12T10:31:16+00:00","dateModified":"2023-09-14T11:19:13+00:00","mainEntityOfPage":{"@id":"https:\/\/www.lafarga.com\/corporatiu\/nova-etapa-a-lhdigital\/"},"wordCount":666,"publisher":{"@id":"https:\/\/www.lafarga.com\/corporatiu\/#organization"},"image":{"@id":"https:\/\/www.lafarga.com\/corporatiu\/nova-etapa-a-lhdigital\/#primaryimage"},"thumbnailUrl":"https:\/\/www.lafarga.com\/corporatiu\/wp-content\/uploads\/2023\/09\/Nou-LHdigital-Farga.jpg","articleSection":["Mitjans de Comunicaci\u00f3"],"inLanguage":"ca"},{"@type":"WebPage","@id":"https:\/\/www.lafarga.com\/corporatiu\/nova-etapa-a-lhdigital\/","url":"https:\/\/www.lafarga.com\/corporatiu\/nova-etapa-a-lhdigital\/","name":"Nova etapa a L'Hdigital - La Farga Gesti\u00f3n de Equipamientos Municipales, S.A.","isPartOf":{"@id":"https:\/\/www.lafarga.com\/corporatiu\/#website"},"primaryImageOfPage":{"@id":"https:\/\/www.lafarga.com\/corporatiu\/nova-etapa-a-lhdigital\/#primaryimage"},"image":{"@id":"https:\/\/www.lafarga.com\/corporatiu\/nova-etapa-a-lhdigital\/#primaryimage"},"thumbnailUrl":"https:\/\/www.lafarga.com\/corporatiu\/wp-content\/uploads\/2023\/09\/Nou-LHdigital-Farga.jpg","datePublished":"2023-09-12T10:31:16+00:00","dateModified":"2023-09-14T11:19:13+00:00","description":"L\u2019Hdigital el portal d\u2019informaci\u00f3 de la ciutat, ha engegat nova etapa. El webpresenta un nou disseny i incorpora noves funcions","breadcrumb":{"@id":"https:\/\/www.lafarga.com\/corporatiu\/nova-etapa-a-lhdigital\/#breadcrumb"},"inLanguage":"ca","potentialAction":[{"@type":"ReadAction","target":["https:\/\/www.lafarga.com\/corporatiu\/nova-etapa-a-lhdigital\/"]}]},{"@type":"ImageObject","inLanguage":"ca","@id":"https:\/\/www.lafarga.com\/corporatiu\/nova-etapa-a-lhdigital\/#primaryimage","url":"https:\/\/www.lafarga.com\/corporatiu\/wp-content\/uploads\/2023\/09\/Nou-LHdigital-Farga.jpg","contentUrl":"https:\/\/www.lafarga.com\/corporatiu\/wp-content\/uploads\/2023\/09\/Nou-LHdigital-Farga.jpg","width":730,"height":410,"caption":"Farga L'Hdigital"},{"@type":"BreadcrumbList","@id":"https:\/\/www.lafarga.com\/corporatiu\/nova-etapa-a-lhdigital\/#breadcrumb","itemListElement":[{"@type":"ListItem","position":1,"name":"Home","item":"https:\/\/www.lafarga.com\/corporatiu\/lafarga-hospitalet-llobregat\/"},{"@type":"ListItem","position":2,"name":"Nova etapa a L&#8217;Hdigital"}]},{"@type":"WebSite","@id":"https:\/\/www.lafarga.com\/corporatiu\/#website","url":"https:\/\/www.lafarga.com\/corporatiu\/","name":"La Farga Gesti\u00f3 d&#039;Equipaments Municipals, SA","description":"","publisher":{"@id":"https:\/\/www.lafarga.com\/corporatiu\/#organization"},"potentialAction":[{"@type":"SearchAction","target":{"@type":"EntryPoint","urlTemplate":"https:\/\/www.lafarga.com\/corporatiu\/?s={search_term_string}"},"query-input":{"@type":"PropertyValueSpecification","valueRequired":true,"valueName":"search_term_string"}}],"inLanguage":"ca"},{"@type":"Organization","@id":"https:\/\/www.lafarga.com\/corporatiu\/#organization","name":"La Farga Gesti\u00f3 d&#039;Equipaments Municipals, SA","url":"https:\/\/www.lafarga.com\/corporatiu\/","logo":{"@type":"ImageObject","inLanguage":"ca","@id":"https:\/\/www.lafarga.com\/corporatiu\/#\/schema\/logo\/image\/","url":"https:\/\/www.lafarga.com\/corporatiu\/wp-content\/uploads\/2023\/11\/logotipo_lafarga_gemsa.svg","contentUrl":"https:\/\/www.lafarga.com\/corporatiu\/wp-content\/uploads\/2023\/11\/logotipo_lafarga_gemsa.svg","width":102,"height":103,"caption":"La Farga Gesti\u00f3 d&#039;Equipaments Municipals, SA"},"image":{"@id":"https:\/\/www.lafarga.com\/corporatiu\/#\/schema\/logo\/image\/"}},{"@type":"Person","@id":"https:\/\/www.lafarga.com\/corporatiu\/#\/schema\/person\/70d96fe17d0da1a9c9e80d232bdbcf33","name":"\u00d2scar Milla","image":{"@type":"ImageObject","inLanguage":"ca","@id":"https:\/\/secure.gravatar.com\/avatar\/92e75d184f9d5e0e403bd4ad075b080ad258344ddc259adddb579f6a3ba6494f?s=96&d=mm&r=g","url":"https:\/\/secure.gravatar.com\/avatar\/92e75d184f9d5e0e403bd4ad075b080ad258344ddc259adddb579f6a3ba6494f?s=96&d=mm&r=g","contentUrl":"https:\/\/secure.gravatar.com\/avatar\/92e75d184f9d5e0e403bd4ad075b080ad258344ddc259adddb579f6a3ba6494f?s=96&d=mm&r=g","caption":"\u00d2scar Milla"},"url":"https:\/\/www.lafarga.com\/corporatiu\/author\/omilla\/"}]}},"uagb_featured_image_src":{"full":["https:\/\/www.lafarga.com\/corporatiu\/wp-content\/uploads\/2023\/09\/Nou-LHdigital-Farga.jpg",730,410,false],"thumbnail":["https:\/\/www.lafarga.com\/corporatiu\/wp-content\/uploads\/2023\/09\/Nou-LHdigital-Farga-150x150.jpg",150,150,true],"medium":["https:\/\/www.lafarga.com\/corporatiu\/wp-content\/uploads\/2023\/09\/Nou-LHdigital-Farga-300x168.jpg",300,168,true],"medium_large":["https:\/\/www.lafarga.com\/corporatiu\/wp-content\/uploads\/2023\/09\/Nou-LHdigital-Farga.jpg",730,410,false],"large":["https:\/\/www.lafarga.com\/corporatiu\/wp-content\/uploads\/2023\/09\/Nou-LHdigital-Farga.jpg",730,410,false],"1536x1536":["https:\/\/www.lafarga.com\/corporatiu\/wp-content\/uploads\/2023\/09\/Nou-LHdigital-Farga.jpg",730,410,false],"2048x2048":["https:\/\/www.lafarga.com\/corporatiu\/wp-content\/uploads\/2023\/09\/Nou-LHdigital-Farga.jpg",730,410,false],"mailpoet_newsletter_max":["https:\/\/www.lafarga.com\/corporatiu\/wp-content\/uploads\/2023\/09\/Nou-LHdigital-Farga.jpg",730,410,false]},"uagb_author_info":{"display_name":"\u00d2scar Milla","author_link":"https:\/\/www.lafarga.com\/corporatiu\/author\/omilla\/"},"uagb_comment_info":0,"uagb_excerpt":"L\u2019Hdigital, el portal d\u2019informaci\u00f3 de la ciutat, ha engegat nova etapa. El web presenta un nou disseny i incorpora noves funcions per oferir millor servei i m\u00e9s contingut de proximitat.","_links":{"self":[{"href":"https:\/\/www.lafarga.com\/corporatiu\/wp-json\/wp\/v2\/posts\/17685","targetHints":{"allow":["GET"]}}],"collection":[{"href":"https:\/\/www.lafarga.com\/corporatiu\/wp-json\/wp\/v2\/posts"}],"about":[{"href":"https:\/\/www.lafarga.com\/corporatiu\/wp-json\/wp\/v2\/types\/post"}],"author":[{"embeddable":true,"href":"https:\/\/www.lafarga.com\/corporatiu\/wp-json\/wp\/v2\/users\/5"}],"replies":[{"embeddable":true,"href":"https:\/\/www.lafarga.com\/corporatiu\/wp-json\/wp\/v2\/comments?post=17685"}],"version-history":[{"count":6,"href":"https:\/\/www.lafarga.com\/corporatiu\/wp-json\/wp\/v2\/posts\/17685\/revisions"}],"predecessor-version":[{"id":17700,"href":"https:\/\/www.lafarga.com\/corporatiu\/wp-json\/wp\/v2\/posts\/17685\/revisions\/17700"}],"wp:featuredmedia":[{"embeddable":true,"href":"https:\/\/www.lafarga.com\/corporatiu\/wp-json\/wp\/v2\/media\/17687"}],"wp:attachment":[{"href":"https:\/\/www.lafarga.com\/corporatiu\/wp-json\/wp\/v2\/media?parent=17685"}],"wp:term":[{"taxonomy":"category","embeddable":true,"href":"https:\/\/www.lafarga.com\/corporatiu\/wp-json\/wp\/v2\/categories?post=17685"},{"taxonomy":"post_tag","embeddable":true,"href":"https:\/\/www.lafarga.com\/corporatiu\/wp-json\/wp\/v2\/tags?post=17685"}],"curies":[{"name":"wp","href":"https:\/\/api.w.org\/{rel}","templated":true}]}}