{"id":17217,"date":"2023-03-20T13:28:16","date_gmt":"2023-03-20T13:28:16","guid":{"rendered":"http:\/\/www.lafarga.com\/corporatiu\/?p=17217"},"modified":"2023-03-20T13:28:51","modified_gmt":"2023-03-20T13:28:51","slug":"jornada-sobre-comercio-local-de-la-diputacion-de-barcelona","status":"publish","type":"post","link":"https:\/\/www.lafarga.com\/corporatiu\/jornada-sobre-comercio-local-de-la-diputacion-de-barcelona\/","title":{"rendered":"Jornada sobre comercio local de la Diputaci\u00f3n de Barcelona"},"content":{"rendered":"\n<p>El pr\u00f3ximo 23 de marzo la Diputaci\u00f3n de Barcelona celebrar\u00e1 en La Farga Congress la jornada \u201cLos fondos NGEU por la transformaci\u00f3n del comercio local\u201d, una sesi\u00f3n donde se reflexionar\u00e1 con representantes p\u00fablicos y privados del comercio local sobre la potencialidad de los fondos Next Generation EU para impulsar el comercio urbano; y tambi\u00e9n un espacio donde se compartiran experiencias y proyectos transformadores que est\u00e1n impulsando los entes locales gracias a estas l\u00edneas de financiaci\u00f3n, que ilustran propuestas innovadoras para entornos urbanos, rurales y tur\u00edsticos as\u00ed como para los mercados municipales y la venta no sedentaria.<\/p>\n\n\n\n<p>Una jornada financiada por la Uni\u00f3n Europea, mediante los fondos NextGenerationEU, en el marco del Plan de Recuperaci\u00f3n, Transformaci\u00f3n y Resiliencia. En concreto, se enmarca en el Subproyecto \u201cInnovaci\u00f3n en las \u00e1reas comerciales urbanas. APEU. Proyecto para implantar las innovadoras \u00c1reas de Promoci\u00f3n Econ\u00f3mica Urbana (APEU) en 10 \u00e1reas comerciales urbanas de la provincia de Barcelona\u201d desarrollado por la Gerencia de Servicios de Comercio.<\/p>\n\n\n\n<p><a href=\"https:\/\/www.diba.cat\/documents\/153833\/384770465\/23.03.23+Programa+Castellano.pdf\/fff44edd-9c4b-34a6-acf3-91ee6ee48b3d?t=1676627493681\" target=\"_blank\" rel=\"noreferrer noopener\"><strong>M\u00e1s informaci\u00f3n<\/strong><\/a><\/p>\n","protected":false},"excerpt":{"rendered":"<p>El pr\u00f3ximo 23 de marzo la Diputaci\u00f3n de Barcelona celebrar\u00e1 en La Farga Congress la jornada \u201cLos fondos NGEU por la transformaci\u00f3n del comercio local\u201d.<\/p>\n","protected":false},"author":5,"featured_media":17216,"comment_status":"closed","ping_status":"closed","sticky":false,"template":"","format":"standard","meta":{"inline_featured_image":false,"_uag_custom_page_level_css":"","_monsterinsights_skip_tracking":false,"_monsterinsights_sitenote_active":false,"_monsterinsights_sitenote_note":"","_monsterinsights_sitenote_category":0,"site-sidebar-layout":"default","site-content-layout":"","ast-site-content-layout":"default","site-content-style":"default","site-sidebar-style":"default","ast-global-header-display":"","ast-banner-title-visibility":"","ast-main-header-display":"","ast-hfb-above-header-display":"","ast-hfb-below-header-display":"","ast-hfb-mobile-header-display":"","site-post-title":"","ast-breadcrumbs-content":"","ast-featured-img":"","footer-sml-layout":"","ast-disable-related-posts":"","theme-transparent-header-meta":"","adv-header-id-meta":"","stick-header-meta":"","header-above-stick-meta":"","header-main-stick-meta":"","header-below-stick-meta":"","astra-migrate-meta-layouts":"default","ast-page-background-enabled":"default","ast-page-background-meta":{"desktop":{"background-color":"var(--ast-global-color-4)","background-image":"","background-repeat":"repeat","background-position":"center center","background-size":"auto","background-attachment":"scroll","background-type":"","background-media":"","overlay-type":"","overlay-color":"","overlay-opacity":"","overlay-gradient":""},"tablet":{"background-color":"","background-image":"","background-repeat":"repeat","background-position":"center center","background-size":"auto","background-attachment":"scroll","background-type":"","background-media":"","overlay-type":"","overlay-color":"","overlay-opacity":"","overlay-gradient":""},"mobile":{"background-color":"","background-image":"","background-repeat":"repeat","background-position":"center center","background-size":"auto","background-attachment":"scroll","background-type":"","background-media":"","overlay-type":"","overlay-color":"","overlay-opacity":"","overlay-gradient":""}},"ast-content-background-meta":{"desktop":{"background-color":"var(--ast-global-color-5)","background-image":"","background-repeat":"repeat","background-position":"center center","background-size":"auto","background-attachment":"scroll","background-type":"","background-media":"","overlay-type":"","overlay-color":"","overlay-opacity":"","overlay-gradient":""},"tablet":{"background-color":"var(--ast-global-color-5)","background-image":"","background-repeat":"repeat","background-position":"center center","background-size":"auto","background-attachment":"scroll","background-type":"","background-media":"","overlay-type":"","overlay-color":"","overlay-opacity":"","overlay-gradient":""},"mobile":{"background-color":"var(--ast-global-color-5)","background-image":"","background-repeat":"repeat","background-position":"center center","background-size":"auto","background-attachment":"scroll","background-type":"","background-media":"","overlay-type":"","overlay-color":"","overlay-opacity":"","overlay-gradient":""}},"footnotes":""},"categories":[73],"tags":[],"class_list":["post-17217","post","type-post","status-publish","format-standard","has-post-thumbnail","hentry","category-centro-de-actividades"],"yoast_head":"<!-- This site is optimized with the Yoast SEO plugin v27.4 - https:\/\/yoast.com\/product\/yoast-seo-wordpress\/ -->\n<title>Jornada sobre comercio local de la Diputaci\u00f3n de Barcelona - La Farga Gesti\u00f3n de Equipamientos Municipales, S.A.<\/title>\n<meta name=\"description\" content=\"El proper 23 de mar\u00e7 la Diputaci\u00f3 de Barcelona celebra a La Farga Congress la jornada \u201cEls fons NGEU per la transformaci\u00f3 del comer\u00e7 local\u201d.\" \/>\n<meta name=\"robots\" content=\"index, follow, max-snippet:-1, max-image-preview:large, max-video-preview:-1\" \/>\n<link rel=\"canonical\" href=\"https:\/\/www.lafarga.com\/corporatiu\/jornada-sobre-comercio-local-de-la-diputacion-de-barcelona\/\" \/>\n<meta property=\"og:locale\" content=\"ca_ES\" \/>\n<meta property=\"og:type\" content=\"article\" \/>\n<meta property=\"og:title\" content=\"Jornada sobre comercio local de la Diputaci\u00f3n de Barcelona - La Farga Gesti\u00f3n de Equipamientos Municipales, S.A.\" \/>\n<meta property=\"og:description\" content=\"El proper 23 de mar\u00e7 la Diputaci\u00f3 de Barcelona celebra a La Farga Congress la jornada \u201cEls fons NGEU per la transformaci\u00f3 del comer\u00e7 local\u201d.\" \/>\n<meta property=\"og:url\" content=\"https:\/\/www.lafarga.com\/corporatiu\/jornada-sobre-comercio-local-de-la-diputacion-de-barcelona\/\" \/>\n<meta property=\"og:site_name\" content=\"La Farga Gesti\u00f3n de Equipamientos Municipales, S.A.\" \/>\n<meta property=\"article:published_time\" content=\"2023-03-20T13:28:16+00:00\" \/>\n<meta property=\"article:modified_time\" content=\"2023-03-20T13:28:51+00:00\" \/>\n<meta property=\"og:image\" content=\"https:\/\/www.lafarga.com\/corporatiu\/wp-content\/uploads\/2023\/03\/Jornada-Diba-Farga.jpg\" \/>\n\t<meta property=\"og:image:width\" content=\"730\" \/>\n\t<meta property=\"og:image:height\" content=\"410\" \/>\n\t<meta property=\"og:image:type\" content=\"image\/jpeg\" \/>\n<meta name=\"author\" content=\"\u00d2scar Milla\" \/>\n<meta name=\"twitter:label1\" content=\"Escrit per\" \/>\n\t<meta name=\"twitter:data1\" content=\"\u00d2scar Milla\" \/>\n\t<meta name=\"twitter:label2\" content=\"Temps estimat de lectura\" \/>\n\t<meta name=\"twitter:data2\" content=\"1 minut\" \/>\n<script type=\"application\/ld+json\" class=\"yoast-schema-graph\">{\"@context\":\"https:\\\/\\\/schema.org\",\"@graph\":[{\"@type\":\"Article\",\"@id\":\"https:\\\/\\\/www.lafarga.com\\\/corporatiu\\\/jornada-sobre-comercio-local-de-la-diputacion-de-barcelona\\\/#article\",\"isPartOf\":{\"@id\":\"https:\\\/\\\/www.lafarga.com\\\/corporatiu\\\/jornada-sobre-comercio-local-de-la-diputacion-de-barcelona\\\/\"},\"author\":{\"name\":\"\u00d2scar Milla\",\"@id\":\"https:\\\/\\\/www.lafarga.com\\\/corporatiu\\\/#\\\/schema\\\/person\\\/70d96fe17d0da1a9c9e80d232bdbcf33\"},\"headline\":\"Jornada sobre comercio local de la Diputaci\u00f3n de Barcelona\",\"datePublished\":\"2023-03-20T13:28:16+00:00\",\"dateModified\":\"2023-03-20T13:28:51+00:00\",\"mainEntityOfPage\":{\"@id\":\"https:\\\/\\\/www.lafarga.com\\\/corporatiu\\\/jornada-sobre-comercio-local-de-la-diputacion-de-barcelona\\\/\"},\"wordCount\":188,\"publisher\":{\"@id\":\"https:\\\/\\\/www.lafarga.com\\\/corporatiu\\\/#organization\"},\"image\":{\"@id\":\"https:\\\/\\\/www.lafarga.com\\\/corporatiu\\\/jornada-sobre-comercio-local-de-la-diputacion-de-barcelona\\\/#primaryimage\"},\"thumbnailUrl\":\"https:\\\/\\\/www.lafarga.com\\\/corporatiu\\\/wp-content\\\/uploads\\\/2023\\\/03\\\/Jornada-Diba-Farga.jpg\",\"articleSection\":[\"Centro de Actividades\"],\"inLanguage\":\"ca\"},{\"@type\":\"WebPage\",\"@id\":\"https:\\\/\\\/www.lafarga.com\\\/corporatiu\\\/jornada-sobre-comercio-local-de-la-diputacion-de-barcelona\\\/\",\"url\":\"https:\\\/\\\/www.lafarga.com\\\/corporatiu\\\/jornada-sobre-comercio-local-de-la-diputacion-de-barcelona\\\/\",\"name\":\"Jornada sobre comercio local de la Diputaci\u00f3n de Barcelona - La Farga Gesti\u00f3n de Equipamientos Municipales, S.A.\",\"isPartOf\":{\"@id\":\"https:\\\/\\\/www.lafarga.com\\\/corporatiu\\\/#website\"},\"primaryImageOfPage\":{\"@id\":\"https:\\\/\\\/www.lafarga.com\\\/corporatiu\\\/jornada-sobre-comercio-local-de-la-diputacion-de-barcelona\\\/#primaryimage\"},\"image\":{\"@id\":\"https:\\\/\\\/www.lafarga.com\\\/corporatiu\\\/jornada-sobre-comercio-local-de-la-diputacion-de-barcelona\\\/#primaryimage\"},\"thumbnailUrl\":\"https:\\\/\\\/www.lafarga.com\\\/corporatiu\\\/wp-content\\\/uploads\\\/2023\\\/03\\\/Jornada-Diba-Farga.jpg\",\"datePublished\":\"2023-03-20T13:28:16+00:00\",\"dateModified\":\"2023-03-20T13:28:51+00:00\",\"description\":\"El proper 23 de mar\u00e7 la Diputaci\u00f3 de Barcelona celebra a La Farga Congress la jornada \u201cEls fons NGEU per la transformaci\u00f3 del comer\u00e7 local\u201d.\",\"breadcrumb\":{\"@id\":\"https:\\\/\\\/www.lafarga.com\\\/corporatiu\\\/jornada-sobre-comercio-local-de-la-diputacion-de-barcelona\\\/#breadcrumb\"},\"inLanguage\":\"ca\",\"potentialAction\":[{\"@type\":\"ReadAction\",\"target\":[\"https:\\\/\\\/www.lafarga.com\\\/corporatiu\\\/jornada-sobre-comercio-local-de-la-diputacion-de-barcelona\\\/\"]}]},{\"@type\":\"ImageObject\",\"inLanguage\":\"ca\",\"@id\":\"https:\\\/\\\/www.lafarga.com\\\/corporatiu\\\/jornada-sobre-comercio-local-de-la-diputacion-de-barcelona\\\/#primaryimage\",\"url\":\"https:\\\/\\\/www.lafarga.com\\\/corporatiu\\\/wp-content\\\/uploads\\\/2023\\\/03\\\/Jornada-Diba-Farga.jpg\",\"contentUrl\":\"https:\\\/\\\/www.lafarga.com\\\/corporatiu\\\/wp-content\\\/uploads\\\/2023\\\/03\\\/Jornada-Diba-Farga.jpg\",\"width\":730,\"height\":410,\"caption\":\"Comer\u00e7\"},{\"@type\":\"BreadcrumbList\",\"@id\":\"https:\\\/\\\/www.lafarga.com\\\/corporatiu\\\/jornada-sobre-comercio-local-de-la-diputacion-de-barcelona\\\/#breadcrumb\",\"itemListElement\":[{\"@type\":\"ListItem\",\"position\":1,\"name\":\"Home\",\"item\":\"https:\\\/\\\/www.lafarga.com\\\/corporatiu\\\/lafarga-hospitalet-llobregat\\\/\"},{\"@type\":\"ListItem\",\"position\":2,\"name\":\"Jornada sobre comercio local de la Diputaci\u00f3n de Barcelona\"}]},{\"@type\":\"WebSite\",\"@id\":\"https:\\\/\\\/www.lafarga.com\\\/corporatiu\\\/#website\",\"url\":\"https:\\\/\\\/www.lafarga.com\\\/corporatiu\\\/\",\"name\":\"La Farga Gesti\u00f3 d&#039;Equipaments Municipals, SA\",\"description\":\"\",\"publisher\":{\"@id\":\"https:\\\/\\\/www.lafarga.com\\\/corporatiu\\\/#organization\"},\"potentialAction\":[{\"@type\":\"SearchAction\",\"target\":{\"@type\":\"EntryPoint\",\"urlTemplate\":\"https:\\\/\\\/www.lafarga.com\\\/corporatiu\\\/?s={search_term_string}\"},\"query-input\":{\"@type\":\"PropertyValueSpecification\",\"valueRequired\":true,\"valueName\":\"search_term_string\"}}],\"inLanguage\":\"ca\"},{\"@type\":\"Organization\",\"@id\":\"https:\\\/\\\/www.lafarga.com\\\/corporatiu\\\/#organization\",\"name\":\"La Farga Gesti\u00f3 d&#039;Equipaments Municipals, SA\",\"url\":\"https:\\\/\\\/www.lafarga.com\\\/corporatiu\\\/\",\"logo\":{\"@type\":\"ImageObject\",\"inLanguage\":\"ca\",\"@id\":\"https:\\\/\\\/www.lafarga.com\\\/corporatiu\\\/#\\\/schema\\\/logo\\\/image\\\/\",\"url\":\"https:\\\/\\\/www.lafarga.com\\\/corporatiu\\\/wp-content\\\/uploads\\\/2023\\\/11\\\/logotipo_lafarga_gemsa.svg\",\"contentUrl\":\"https:\\\/\\\/www.lafarga.com\\\/corporatiu\\\/wp-content\\\/uploads\\\/2023\\\/11\\\/logotipo_lafarga_gemsa.svg\",\"width\":102,\"height\":103,\"caption\":\"La Farga Gesti\u00f3 d&#039;Equipaments Municipals, SA\"},\"image\":{\"@id\":\"https:\\\/\\\/www.lafarga.com\\\/corporatiu\\\/#\\\/schema\\\/logo\\\/image\\\/\"}},{\"@type\":\"Person\",\"@id\":\"https:\\\/\\\/www.lafarga.com\\\/corporatiu\\\/#\\\/schema\\\/person\\\/70d96fe17d0da1a9c9e80d232bdbcf33\",\"name\":\"\u00d2scar Milla\",\"image\":{\"@type\":\"ImageObject\",\"inLanguage\":\"ca\",\"@id\":\"https:\\\/\\\/secure.gravatar.com\\\/avatar\\\/92e75d184f9d5e0e403bd4ad075b080ad258344ddc259adddb579f6a3ba6494f?s=96&d=mm&r=g\",\"url\":\"https:\\\/\\\/secure.gravatar.com\\\/avatar\\\/92e75d184f9d5e0e403bd4ad075b080ad258344ddc259adddb579f6a3ba6494f?s=96&d=mm&r=g\",\"contentUrl\":\"https:\\\/\\\/secure.gravatar.com\\\/avatar\\\/92e75d184f9d5e0e403bd4ad075b080ad258344ddc259adddb579f6a3ba6494f?s=96&d=mm&r=g\",\"caption\":\"\u00d2scar Milla\"},\"url\":\"https:\\\/\\\/www.lafarga.com\\\/corporatiu\\\/author\\\/omilla\\\/\"}]}<\/script>\n<!-- \/ Yoast SEO plugin. -->","yoast_head_json":{"title":"Jornada sobre comercio local de la Diputaci\u00f3n de Barcelona - La Farga Gesti\u00f3n de Equipamientos Municipales, S.A.","description":"El proper 23 de mar\u00e7 la Diputaci\u00f3 de Barcelona celebra a La Farga Congress la jornada \u201cEls fons NGEU per la transformaci\u00f3 del comer\u00e7 local\u201d.","robots":{"index":"index","follow":"follow","max-snippet":"max-snippet:-1","max-image-preview":"max-image-preview:large","max-video-preview":"max-video-preview:-1"},"canonical":"https:\/\/www.lafarga.com\/corporatiu\/jornada-sobre-comercio-local-de-la-diputacion-de-barcelona\/","og_locale":"ca_ES","og_type":"article","og_title":"Jornada sobre comercio local de la Diputaci\u00f3n de Barcelona - La Farga Gesti\u00f3n de Equipamientos Municipales, S.A.","og_description":"El proper 23 de mar\u00e7 la Diputaci\u00f3 de Barcelona celebra a La Farga Congress la jornada \u201cEls fons NGEU per la transformaci\u00f3 del comer\u00e7 local\u201d.","og_url":"https:\/\/www.lafarga.com\/corporatiu\/jornada-sobre-comercio-local-de-la-diputacion-de-barcelona\/","og_site_name":"La Farga Gesti\u00f3n de Equipamientos Municipales, S.A.","article_published_time":"2023-03-20T13:28:16+00:00","article_modified_time":"2023-03-20T13:28:51+00:00","og_image":[{"width":730,"height":410,"url":"https:\/\/www.lafarga.com\/corporatiu\/wp-content\/uploads\/2023\/03\/Jornada-Diba-Farga.jpg","type":"image\/jpeg"}],"author":"\u00d2scar Milla","twitter_misc":{"Escrit per":"\u00d2scar Milla","Temps estimat de lectura":"1 minut"},"schema":{"@context":"https:\/\/schema.org","@graph":[{"@type":"Article","@id":"https:\/\/www.lafarga.com\/corporatiu\/jornada-sobre-comercio-local-de-la-diputacion-de-barcelona\/#article","isPartOf":{"@id":"https:\/\/www.lafarga.com\/corporatiu\/jornada-sobre-comercio-local-de-la-diputacion-de-barcelona\/"},"author":{"name":"\u00d2scar Milla","@id":"https:\/\/www.lafarga.com\/corporatiu\/#\/schema\/person\/70d96fe17d0da1a9c9e80d232bdbcf33"},"headline":"Jornada sobre comercio local de la Diputaci\u00f3n de Barcelona","datePublished":"2023-03-20T13:28:16+00:00","dateModified":"2023-03-20T13:28:51+00:00","mainEntityOfPage":{"@id":"https:\/\/www.lafarga.com\/corporatiu\/jornada-sobre-comercio-local-de-la-diputacion-de-barcelona\/"},"wordCount":188,"publisher":{"@id":"https:\/\/www.lafarga.com\/corporatiu\/#organization"},"image":{"@id":"https:\/\/www.lafarga.com\/corporatiu\/jornada-sobre-comercio-local-de-la-diputacion-de-barcelona\/#primaryimage"},"thumbnailUrl":"https:\/\/www.lafarga.com\/corporatiu\/wp-content\/uploads\/2023\/03\/Jornada-Diba-Farga.jpg","articleSection":["Centro de Actividades"],"inLanguage":"ca"},{"@type":"WebPage","@id":"https:\/\/www.lafarga.com\/corporatiu\/jornada-sobre-comercio-local-de-la-diputacion-de-barcelona\/","url":"https:\/\/www.lafarga.com\/corporatiu\/jornada-sobre-comercio-local-de-la-diputacion-de-barcelona\/","name":"Jornada sobre comercio local de la Diputaci\u00f3n de Barcelona - La Farga Gesti\u00f3n de Equipamientos Municipales, S.A.","isPartOf":{"@id":"https:\/\/www.lafarga.com\/corporatiu\/#website"},"primaryImageOfPage":{"@id":"https:\/\/www.lafarga.com\/corporatiu\/jornada-sobre-comercio-local-de-la-diputacion-de-barcelona\/#primaryimage"},"image":{"@id":"https:\/\/www.lafarga.com\/corporatiu\/jornada-sobre-comercio-local-de-la-diputacion-de-barcelona\/#primaryimage"},"thumbnailUrl":"https:\/\/www.lafarga.com\/corporatiu\/wp-content\/uploads\/2023\/03\/Jornada-Diba-Farga.jpg","datePublished":"2023-03-20T13:28:16+00:00","dateModified":"2023-03-20T13:28:51+00:00","description":"El proper 23 de mar\u00e7 la Diputaci\u00f3 de Barcelona celebra a La Farga Congress la jornada \u201cEls fons NGEU per la transformaci\u00f3 del comer\u00e7 local\u201d.","breadcrumb":{"@id":"https:\/\/www.lafarga.com\/corporatiu\/jornada-sobre-comercio-local-de-la-diputacion-de-barcelona\/#breadcrumb"},"inLanguage":"ca","potentialAction":[{"@type":"ReadAction","target":["https:\/\/www.lafarga.com\/corporatiu\/jornada-sobre-comercio-local-de-la-diputacion-de-barcelona\/"]}]},{"@type":"ImageObject","inLanguage":"ca","@id":"https:\/\/www.lafarga.com\/corporatiu\/jornada-sobre-comercio-local-de-la-diputacion-de-barcelona\/#primaryimage","url":"https:\/\/www.lafarga.com\/corporatiu\/wp-content\/uploads\/2023\/03\/Jornada-Diba-Farga.jpg","contentUrl":"https:\/\/www.lafarga.com\/corporatiu\/wp-content\/uploads\/2023\/03\/Jornada-Diba-Farga.jpg","width":730,"height":410,"caption":"Comer\u00e7"},{"@type":"BreadcrumbList","@id":"https:\/\/www.lafarga.com\/corporatiu\/jornada-sobre-comercio-local-de-la-diputacion-de-barcelona\/#breadcrumb","itemListElement":[{"@type":"ListItem","position":1,"name":"Home","item":"https:\/\/www.lafarga.com\/corporatiu\/lafarga-hospitalet-llobregat\/"},{"@type":"ListItem","position":2,"name":"Jornada sobre comercio local de la Diputaci\u00f3n de Barcelona"}]},{"@type":"WebSite","@id":"https:\/\/www.lafarga.com\/corporatiu\/#website","url":"https:\/\/www.lafarga.com\/corporatiu\/","name":"La Farga Gesti\u00f3 d&#039;Equipaments Municipals, SA","description":"","publisher":{"@id":"https:\/\/www.lafarga.com\/corporatiu\/#organization"},"potentialAction":[{"@type":"SearchAction","target":{"@type":"EntryPoint","urlTemplate":"https:\/\/www.lafarga.com\/corporatiu\/?s={search_term_string}"},"query-input":{"@type":"PropertyValueSpecification","valueRequired":true,"valueName":"search_term_string"}}],"inLanguage":"ca"},{"@type":"Organization","@id":"https:\/\/www.lafarga.com\/corporatiu\/#organization","name":"La Farga Gesti\u00f3 d&#039;Equipaments Municipals, SA","url":"https:\/\/www.lafarga.com\/corporatiu\/","logo":{"@type":"ImageObject","inLanguage":"ca","@id":"https:\/\/www.lafarga.com\/corporatiu\/#\/schema\/logo\/image\/","url":"https:\/\/www.lafarga.com\/corporatiu\/wp-content\/uploads\/2023\/11\/logotipo_lafarga_gemsa.svg","contentUrl":"https:\/\/www.lafarga.com\/corporatiu\/wp-content\/uploads\/2023\/11\/logotipo_lafarga_gemsa.svg","width":102,"height":103,"caption":"La Farga Gesti\u00f3 d&#039;Equipaments Municipals, SA"},"image":{"@id":"https:\/\/www.lafarga.com\/corporatiu\/#\/schema\/logo\/image\/"}},{"@type":"Person","@id":"https:\/\/www.lafarga.com\/corporatiu\/#\/schema\/person\/70d96fe17d0da1a9c9e80d232bdbcf33","name":"\u00d2scar Milla","image":{"@type":"ImageObject","inLanguage":"ca","@id":"https:\/\/secure.gravatar.com\/avatar\/92e75d184f9d5e0e403bd4ad075b080ad258344ddc259adddb579f6a3ba6494f?s=96&d=mm&r=g","url":"https:\/\/secure.gravatar.com\/avatar\/92e75d184f9d5e0e403bd4ad075b080ad258344ddc259adddb579f6a3ba6494f?s=96&d=mm&r=g","contentUrl":"https:\/\/secure.gravatar.com\/avatar\/92e75d184f9d5e0e403bd4ad075b080ad258344ddc259adddb579f6a3ba6494f?s=96&d=mm&r=g","caption":"\u00d2scar Milla"},"url":"https:\/\/www.lafarga.com\/corporatiu\/author\/omilla\/"}]}},"uagb_featured_image_src":{"full":["https:\/\/www.lafarga.com\/corporatiu\/wp-content\/uploads\/2023\/03\/Jornada-Diba-Farga.jpg",730,410,false],"thumbnail":["https:\/\/www.lafarga.com\/corporatiu\/wp-content\/uploads\/2023\/03\/Jornada-Diba-Farga-150x150.jpg",150,150,true],"medium":["https:\/\/www.lafarga.com\/corporatiu\/wp-content\/uploads\/2023\/03\/Jornada-Diba-Farga-300x168.jpg",300,168,true],"medium_large":["https:\/\/www.lafarga.com\/corporatiu\/wp-content\/uploads\/2023\/03\/Jornada-Diba-Farga.jpg",730,410,false],"large":["https:\/\/www.lafarga.com\/corporatiu\/wp-content\/uploads\/2023\/03\/Jornada-Diba-Farga.jpg",730,410,false],"1536x1536":["https:\/\/www.lafarga.com\/corporatiu\/wp-content\/uploads\/2023\/03\/Jornada-Diba-Farga.jpg",730,410,false],"2048x2048":["https:\/\/www.lafarga.com\/corporatiu\/wp-content\/uploads\/2023\/03\/Jornada-Diba-Farga.jpg",730,410,false],"mailpoet_newsletter_max":["https:\/\/www.lafarga.com\/corporatiu\/wp-content\/uploads\/2023\/03\/Jornada-Diba-Farga.jpg",730,410,false]},"uagb_author_info":{"display_name":"\u00d2scar Milla","author_link":"https:\/\/www.lafarga.com\/corporatiu\/author\/omilla\/"},"uagb_comment_info":0,"uagb_excerpt":"El pr\u00f3ximo 23 de marzo la Diputaci\u00f3n de Barcelona celebrar\u00e1 en La Farga Congress la jornada \u201cLos fondos NGEU por la transformaci\u00f3n del comercio local\u201d.","_links":{"self":[{"href":"https:\/\/www.lafarga.com\/corporatiu\/wp-json\/wp\/v2\/posts\/17217","targetHints":{"allow":["GET"]}}],"collection":[{"href":"https:\/\/www.lafarga.com\/corporatiu\/wp-json\/wp\/v2\/posts"}],"about":[{"href":"https:\/\/www.lafarga.com\/corporatiu\/wp-json\/wp\/v2\/types\/post"}],"author":[{"embeddable":true,"href":"https:\/\/www.lafarga.com\/corporatiu\/wp-json\/wp\/v2\/users\/5"}],"replies":[{"embeddable":true,"href":"https:\/\/www.lafarga.com\/corporatiu\/wp-json\/wp\/v2\/comments?post=17217"}],"version-history":[{"count":2,"href":"https:\/\/www.lafarga.com\/corporatiu\/wp-json\/wp\/v2\/posts\/17217\/revisions"}],"predecessor-version":[{"id":17219,"href":"https:\/\/www.lafarga.com\/corporatiu\/wp-json\/wp\/v2\/posts\/17217\/revisions\/17219"}],"wp:featuredmedia":[{"embeddable":true,"href":"https:\/\/www.lafarga.com\/corporatiu\/wp-json\/wp\/v2\/media\/17216"}],"wp:attachment":[{"href":"https:\/\/www.lafarga.com\/corporatiu\/wp-json\/wp\/v2\/media?parent=17217"}],"wp:term":[{"taxonomy":"category","embeddable":true,"href":"https:\/\/www.lafarga.com\/corporatiu\/wp-json\/wp\/v2\/categories?post=17217"},{"taxonomy":"post_tag","embeddable":true,"href":"https:\/\/www.lafarga.com\/corporatiu\/wp-json\/wp\/v2\/tags?post=17217"}],"curies":[{"name":"wp","href":"https:\/\/api.w.org\/{rel}","templated":true}]}}