{"id":17167,"date":"2023-02-23T11:58:27","date_gmt":"2023-02-23T11:58:27","guid":{"rendered":"http:\/\/www.lafarga.com\/corporatiu\/?p=17167"},"modified":"2023-02-23T11:58:28","modified_gmt":"2023-02-23T11:58:28","slug":"vuelve-el-dia-de-andalucia-en-su-maximo-esplendor","status":"publish","type":"post","link":"https:\/\/www.lafarga.com\/corporatiu\/vuelve-el-dia-de-andalucia-en-su-maximo-esplendor\/","title":{"rendered":"Vuelve el D\u00eda de Andaluc\u00eda en su m\u00e1ximo esplendor"},"content":{"rendered":"\n<h5 class=\"wp-block-heading\">25 y 26 de febrero<\/h5>\n\n\n\n<p>Vuelve el D\u00eda de Andaluc\u00eda a La Farga de L\u2019Hospitalet, que acoge las actividades centrales de la 35 edici\u00f3n de estas jornadas que organiza la Federaci\u00f3n Coordinadora de Entidades Andaluzas de L\u2019Hospitalet y que tendr\u00e1 a Ja\u00e9n como provincia invitada.<\/p>\n\n\n\n<p>Este fin de semana, 25 y 26 de febrero, La Farga Centro de Actividades ser\u00e1 escenario del tradicional Festival de Entidades, la siempre emotiva Misa Rociera, la degustaci\u00f3n de un plato t\u00edpico andaluz, y este a\u00f1o el regreso de la Gala Radiol\u00e9, con la presencia destacada de Mar\u00eda del Monte, Las Carlotas, H\u00fangara, entre otros.<\/p>\n\n\n\n<p><em>S\u00e1bado 25 de febrero<\/em><\/p>\n\n\n\n<p>17.15h.&nbsp;<strong>Festival de Entidades (primera parte):&nbsp;<\/strong>Hermandad Pastora Almonte\u00f1a, Hermandad Rociera Andaluza de L\u2019H, Hermandad Rocieros de Carmona, Marismas del Guadalquivir, Escuela de Danza Concha Ruiz, Casa Fuente Obejuna, Centro Blas Infante, Asociaci\u00f3n Cultural Andaluza, Asociaci\u00f3n Hijos de Bedmar, Tertulia Flamenca y Centro Alhambra.<\/p>\n\n\n\n<p>22.30h.&nbsp;<strong>Espect\u00e1culo de baile de entidades de la FECEAL\u2019H:&nbsp;<\/strong>Somos Andaluc\u00eda: Centro Blas Infante, Asociaci\u00f3n Cultural Andaluza de L\u2019H, Marismas del Guadalquivir y Asociaci\u00f3n Fuente Obejuna.<\/p>\n\n\n\n<p><em>Domingo 26 de febrero<\/em><\/p>\n\n\n\n<p>10h.&nbsp;<strong>Festival de entidades (segunda parte):&nbsp;<\/strong>Cofrad\u00eda Virgen de la Cabeza y Cofrad\u00eda 15+1.<br>11h.&nbsp;<strong>Misa rociera<\/strong>. Oficiada por el padre Enric Canet. Coro de la Hermandad Pastorcillo Divino.<br>12h.&nbsp;<strong>Ofrenda floral en el olivo<\/strong>. Con la coral de la Asociaci\u00f3n Hijos de Bedmar.<br>12.30h.&nbsp;<strong>Espect\u00e1culo de cante Aires de Ja\u00e9n de las entidades de la FECEAL\u2019H:<\/strong>&nbsp;Cofrad\u00eda Virgen de la Cabeza, Hermandad Rociera de Hospitalet y la Asociaci\u00f3n Hijos de Bedmar.<br>12.45h.&nbsp;<strong>Festival de entidades (tercera parte) y espacio infantil:<\/strong>&nbsp;Cofrad\u00eda 15+1, Asociaci\u00f3n Cultural Andaluza de L\u2019H y Marismas del Guadalquivir.<br>13.15h.&nbsp;<strong>Degustaci\u00f3n plato t\u00edpico andaluz<\/strong>. Escuela Municipal de Hosteler\u00eda.<br>17h.&nbsp;<strong>Festival de entidades (cuarta parte):<\/strong>&nbsp;Rocieros de Carmona, Tertulia Flamenca, Casa de Baena.<br>18h.&nbsp;<strong>Gala Radiol\u00e9:<\/strong>&nbsp;Kiko &amp; Sara, Demarco, La H\u00fangara, Elena Varga, Sylvia Pantoja, Las Soles, Lucrecia, Ismael Fern\u00e1ndez, Guadaljarafe y Las Carlotas.<\/p>\n\n\n\n<p>M\u00e1s informaci\u00f3n:&nbsp;<a href=\"https:\/\/www.facebook.com\/fecealh\/\" target=\"_blank\" rel=\"noreferrer noopener\"><strong>FECEAL\u2019H<\/strong><\/a><\/p>\n","protected":false},"excerpt":{"rendered":"<p>Vuelve el D\u00eda de Andaluc\u00eda a La Farga de L\u2019Hospitalet, que acoge las actividades centrales de la 35 edici\u00f3n de estas jornadas que organiza la Federaci\u00f3n Coordinadora de Entidades Andaluzas de L\u2019Hospitalet.<\/p>\n","protected":false},"author":5,"featured_media":17165,"comment_status":"closed","ping_status":"closed","sticky":false,"template":"","format":"standard","meta":{"inline_featured_image":false,"_uag_custom_page_level_css":"","_monsterinsights_skip_tracking":false,"_monsterinsights_sitenote_active":false,"_monsterinsights_sitenote_note":"","_monsterinsights_sitenote_category":0,"site-sidebar-layout":"default","site-content-layout":"","ast-site-content-layout":"default","site-content-style":"default","site-sidebar-style":"default","ast-global-header-display":"","ast-banner-title-visibility":"","ast-main-header-display":"","ast-hfb-above-header-display":"","ast-hfb-below-header-display":"","ast-hfb-mobile-header-display":"","site-post-title":"","ast-breadcrumbs-content":"","ast-featured-img":"","footer-sml-layout":"","ast-disable-related-posts":"","theme-transparent-header-meta":"","adv-header-id-meta":"","stick-header-meta":"","header-above-stick-meta":"","header-main-stick-meta":"","header-below-stick-meta":"","astra-migrate-meta-layouts":"default","ast-page-background-enabled":"default","ast-page-background-meta":{"desktop":{"background-color":"var(--ast-global-color-4)","background-image":"","background-repeat":"repeat","background-position":"center center","background-size":"auto","background-attachment":"scroll","background-type":"","background-media":"","overlay-type":"","overlay-color":"","overlay-opacity":"","overlay-gradient":""},"tablet":{"background-color":"","background-image":"","background-repeat":"repeat","background-position":"center center","background-size":"auto","background-attachment":"scroll","background-type":"","background-media":"","overlay-type":"","overlay-color":"","overlay-opacity":"","overlay-gradient":""},"mobile":{"background-color":"","background-image":"","background-repeat":"repeat","background-position":"center center","background-size":"auto","background-attachment":"scroll","background-type":"","background-media":"","overlay-type":"","overlay-color":"","overlay-opacity":"","overlay-gradient":""}},"ast-content-background-meta":{"desktop":{"background-color":"var(--ast-global-color-5)","background-image":"","background-repeat":"repeat","background-position":"center center","background-size":"auto","background-attachment":"scroll","background-type":"","background-media":"","overlay-type":"","overlay-color":"","overlay-opacity":"","overlay-gradient":""},"tablet":{"background-color":"var(--ast-global-color-5)","background-image":"","background-repeat":"repeat","background-position":"center center","background-size":"auto","background-attachment":"scroll","background-type":"","background-media":"","overlay-type":"","overlay-color":"","overlay-opacity":"","overlay-gradient":""},"mobile":{"background-color":"var(--ast-global-color-5)","background-image":"","background-repeat":"repeat","background-position":"center center","background-size":"auto","background-attachment":"scroll","background-type":"","background-media":"","overlay-type":"","overlay-color":"","overlay-opacity":"","overlay-gradient":""}},"footnotes":""},"categories":[73],"tags":[],"class_list":["post-17167","post","type-post","status-publish","format-standard","has-post-thumbnail","hentry","category-centro-de-actividades"],"yoast_head":"<!-- This site is optimized with the Yoast SEO plugin v27.4 - https:\/\/yoast.com\/product\/yoast-seo-wordpress\/ -->\n<title>Vuelve el D\u00eda de Andaluc\u00eda en su m\u00e1ximo esplendor - La Farga Gesti\u00f3n de Equipamientos Municipales, S.A.<\/title>\n<meta name=\"description\" content=\"Vuelve el D\u00eda de Andaluc\u00eda a La Farga de L\u2019Hospitalet, que acoge las actividades centrales de estas jornadas que organiza la FECEAL&#039;H.\" \/>\n<meta name=\"robots\" content=\"index, follow, max-snippet:-1, max-image-preview:large, max-video-preview:-1\" \/>\n<link rel=\"canonical\" href=\"https:\/\/www.lafarga.com\/corporatiu\/vuelve-el-dia-de-andalucia-en-su-maximo-esplendor\/\" \/>\n<meta property=\"og:locale\" content=\"ca_ES\" \/>\n<meta property=\"og:type\" content=\"article\" \/>\n<meta property=\"og:title\" content=\"Vuelve el D\u00eda de Andaluc\u00eda en su m\u00e1ximo esplendor - La Farga Gesti\u00f3n de Equipamientos Municipales, S.A.\" \/>\n<meta property=\"og:description\" content=\"Vuelve el D\u00eda de Andaluc\u00eda a La Farga de L\u2019Hospitalet, que acoge las actividades centrales de estas jornadas que organiza la FECEAL&#039;H.\" \/>\n<meta property=\"og:url\" content=\"https:\/\/www.lafarga.com\/corporatiu\/vuelve-el-dia-de-andalucia-en-su-maximo-esplendor\/\" \/>\n<meta property=\"og:site_name\" content=\"La Farga Gesti\u00f3n de Equipamientos Municipales, S.A.\" \/>\n<meta property=\"article:published_time\" content=\"2023-02-23T11:58:27+00:00\" \/>\n<meta property=\"article:modified_time\" content=\"2023-02-23T11:58:28+00:00\" \/>\n<meta property=\"og:image\" content=\"https:\/\/www.lafarga.com\/corporatiu\/wp-content\/uploads\/2023\/02\/DIA-ANDALUSIA-Farga23.jpg\" \/>\n\t<meta property=\"og:image:width\" content=\"730\" \/>\n\t<meta property=\"og:image:height\" content=\"410\" \/>\n\t<meta property=\"og:image:type\" content=\"image\/jpeg\" \/>\n<meta name=\"author\" content=\"\u00d2scar Milla\" \/>\n<meta name=\"twitter:label1\" content=\"Escrit per\" \/>\n\t<meta name=\"twitter:data1\" content=\"\u00d2scar Milla\" \/>\n\t<meta name=\"twitter:label2\" content=\"Temps estimat de lectura\" \/>\n\t<meta name=\"twitter:data2\" content=\"2 minuts\" \/>\n<script type=\"application\/ld+json\" class=\"yoast-schema-graph\">{\"@context\":\"https:\\\/\\\/schema.org\",\"@graph\":[{\"@type\":\"Article\",\"@id\":\"https:\\\/\\\/www.lafarga.com\\\/corporatiu\\\/vuelve-el-dia-de-andalucia-en-su-maximo-esplendor\\\/#article\",\"isPartOf\":{\"@id\":\"https:\\\/\\\/www.lafarga.com\\\/corporatiu\\\/vuelve-el-dia-de-andalucia-en-su-maximo-esplendor\\\/\"},\"author\":{\"name\":\"\u00d2scar Milla\",\"@id\":\"https:\\\/\\\/www.lafarga.com\\\/corporatiu\\\/#\\\/schema\\\/person\\\/70d96fe17d0da1a9c9e80d232bdbcf33\"},\"headline\":\"Vuelve el D\u00eda de Andaluc\u00eda en su m\u00e1ximo esplendor\",\"datePublished\":\"2023-02-23T11:58:27+00:00\",\"dateModified\":\"2023-02-23T11:58:28+00:00\",\"mainEntityOfPage\":{\"@id\":\"https:\\\/\\\/www.lafarga.com\\\/corporatiu\\\/vuelve-el-dia-de-andalucia-en-su-maximo-esplendor\\\/\"},\"wordCount\":381,\"publisher\":{\"@id\":\"https:\\\/\\\/www.lafarga.com\\\/corporatiu\\\/#organization\"},\"image\":{\"@id\":\"https:\\\/\\\/www.lafarga.com\\\/corporatiu\\\/vuelve-el-dia-de-andalucia-en-su-maximo-esplendor\\\/#primaryimage\"},\"thumbnailUrl\":\"https:\\\/\\\/www.lafarga.com\\\/corporatiu\\\/wp-content\\\/uploads\\\/2023\\\/02\\\/DIA-ANDALUSIA-Farga23.jpg\",\"articleSection\":[\"Centro de Actividades\"],\"inLanguage\":\"ca\"},{\"@type\":\"WebPage\",\"@id\":\"https:\\\/\\\/www.lafarga.com\\\/corporatiu\\\/vuelve-el-dia-de-andalucia-en-su-maximo-esplendor\\\/\",\"url\":\"https:\\\/\\\/www.lafarga.com\\\/corporatiu\\\/vuelve-el-dia-de-andalucia-en-su-maximo-esplendor\\\/\",\"name\":\"Vuelve el D\u00eda de Andaluc\u00eda en su m\u00e1ximo esplendor - La Farga Gesti\u00f3n de Equipamientos Municipales, S.A.\",\"isPartOf\":{\"@id\":\"https:\\\/\\\/www.lafarga.com\\\/corporatiu\\\/#website\"},\"primaryImageOfPage\":{\"@id\":\"https:\\\/\\\/www.lafarga.com\\\/corporatiu\\\/vuelve-el-dia-de-andalucia-en-su-maximo-esplendor\\\/#primaryimage\"},\"image\":{\"@id\":\"https:\\\/\\\/www.lafarga.com\\\/corporatiu\\\/vuelve-el-dia-de-andalucia-en-su-maximo-esplendor\\\/#primaryimage\"},\"thumbnailUrl\":\"https:\\\/\\\/www.lafarga.com\\\/corporatiu\\\/wp-content\\\/uploads\\\/2023\\\/02\\\/DIA-ANDALUSIA-Farga23.jpg\",\"datePublished\":\"2023-02-23T11:58:27+00:00\",\"dateModified\":\"2023-02-23T11:58:28+00:00\",\"description\":\"Vuelve el D\u00eda de Andaluc\u00eda a La Farga de L\u2019Hospitalet, que acoge las actividades centrales de estas jornadas que organiza la FECEAL'H.\",\"breadcrumb\":{\"@id\":\"https:\\\/\\\/www.lafarga.com\\\/corporatiu\\\/vuelve-el-dia-de-andalucia-en-su-maximo-esplendor\\\/#breadcrumb\"},\"inLanguage\":\"ca\",\"potentialAction\":[{\"@type\":\"ReadAction\",\"target\":[\"https:\\\/\\\/www.lafarga.com\\\/corporatiu\\\/vuelve-el-dia-de-andalucia-en-su-maximo-esplendor\\\/\"]}]},{\"@type\":\"ImageObject\",\"inLanguage\":\"ca\",\"@id\":\"https:\\\/\\\/www.lafarga.com\\\/corporatiu\\\/vuelve-el-dia-de-andalucia-en-su-maximo-esplendor\\\/#primaryimage\",\"url\":\"https:\\\/\\\/www.lafarga.com\\\/corporatiu\\\/wp-content\\\/uploads\\\/2023\\\/02\\\/DIA-ANDALUSIA-Farga23.jpg\",\"contentUrl\":\"https:\\\/\\\/www.lafarga.com\\\/corporatiu\\\/wp-content\\\/uploads\\\/2023\\\/02\\\/DIA-ANDALUSIA-Farga23.jpg\",\"width\":730,\"height\":410,\"caption\":\"Andalusia Andaluc\u00eda Farga\"},{\"@type\":\"BreadcrumbList\",\"@id\":\"https:\\\/\\\/www.lafarga.com\\\/corporatiu\\\/vuelve-el-dia-de-andalucia-en-su-maximo-esplendor\\\/#breadcrumb\",\"itemListElement\":[{\"@type\":\"ListItem\",\"position\":1,\"name\":\"Home\",\"item\":\"https:\\\/\\\/www.lafarga.com\\\/corporatiu\\\/lafarga-hospitalet-llobregat\\\/\"},{\"@type\":\"ListItem\",\"position\":2,\"name\":\"Vuelve el D\u00eda de Andaluc\u00eda en su m\u00e1ximo esplendor\"}]},{\"@type\":\"WebSite\",\"@id\":\"https:\\\/\\\/www.lafarga.com\\\/corporatiu\\\/#website\",\"url\":\"https:\\\/\\\/www.lafarga.com\\\/corporatiu\\\/\",\"name\":\"La Farga Gesti\u00f3 d&#039;Equipaments Municipals, SA\",\"description\":\"\",\"publisher\":{\"@id\":\"https:\\\/\\\/www.lafarga.com\\\/corporatiu\\\/#organization\"},\"potentialAction\":[{\"@type\":\"SearchAction\",\"target\":{\"@type\":\"EntryPoint\",\"urlTemplate\":\"https:\\\/\\\/www.lafarga.com\\\/corporatiu\\\/?s={search_term_string}\"},\"query-input\":{\"@type\":\"PropertyValueSpecification\",\"valueRequired\":true,\"valueName\":\"search_term_string\"}}],\"inLanguage\":\"ca\"},{\"@type\":\"Organization\",\"@id\":\"https:\\\/\\\/www.lafarga.com\\\/corporatiu\\\/#organization\",\"name\":\"La Farga Gesti\u00f3 d&#039;Equipaments Municipals, SA\",\"url\":\"https:\\\/\\\/www.lafarga.com\\\/corporatiu\\\/\",\"logo\":{\"@type\":\"ImageObject\",\"inLanguage\":\"ca\",\"@id\":\"https:\\\/\\\/www.lafarga.com\\\/corporatiu\\\/#\\\/schema\\\/logo\\\/image\\\/\",\"url\":\"https:\\\/\\\/www.lafarga.com\\\/corporatiu\\\/wp-content\\\/uploads\\\/2023\\\/11\\\/logotipo_lafarga_gemsa.svg\",\"contentUrl\":\"https:\\\/\\\/www.lafarga.com\\\/corporatiu\\\/wp-content\\\/uploads\\\/2023\\\/11\\\/logotipo_lafarga_gemsa.svg\",\"width\":102,\"height\":103,\"caption\":\"La Farga Gesti\u00f3 d&#039;Equipaments Municipals, SA\"},\"image\":{\"@id\":\"https:\\\/\\\/www.lafarga.com\\\/corporatiu\\\/#\\\/schema\\\/logo\\\/image\\\/\"}},{\"@type\":\"Person\",\"@id\":\"https:\\\/\\\/www.lafarga.com\\\/corporatiu\\\/#\\\/schema\\\/person\\\/70d96fe17d0da1a9c9e80d232bdbcf33\",\"name\":\"\u00d2scar Milla\",\"image\":{\"@type\":\"ImageObject\",\"inLanguage\":\"ca\",\"@id\":\"https:\\\/\\\/secure.gravatar.com\\\/avatar\\\/92e75d184f9d5e0e403bd4ad075b080ad258344ddc259adddb579f6a3ba6494f?s=96&d=mm&r=g\",\"url\":\"https:\\\/\\\/secure.gravatar.com\\\/avatar\\\/92e75d184f9d5e0e403bd4ad075b080ad258344ddc259adddb579f6a3ba6494f?s=96&d=mm&r=g\",\"contentUrl\":\"https:\\\/\\\/secure.gravatar.com\\\/avatar\\\/92e75d184f9d5e0e403bd4ad075b080ad258344ddc259adddb579f6a3ba6494f?s=96&d=mm&r=g\",\"caption\":\"\u00d2scar Milla\"},\"url\":\"https:\\\/\\\/www.lafarga.com\\\/corporatiu\\\/author\\\/omilla\\\/\"}]}<\/script>\n<!-- \/ Yoast SEO plugin. -->","yoast_head_json":{"title":"Vuelve el D\u00eda de Andaluc\u00eda en su m\u00e1ximo esplendor - La Farga Gesti\u00f3n de Equipamientos Municipales, S.A.","description":"Vuelve el D\u00eda de Andaluc\u00eda a La Farga de L\u2019Hospitalet, que acoge las actividades centrales de estas jornadas que organiza la FECEAL'H.","robots":{"index":"index","follow":"follow","max-snippet":"max-snippet:-1","max-image-preview":"max-image-preview:large","max-video-preview":"max-video-preview:-1"},"canonical":"https:\/\/www.lafarga.com\/corporatiu\/vuelve-el-dia-de-andalucia-en-su-maximo-esplendor\/","og_locale":"ca_ES","og_type":"article","og_title":"Vuelve el D\u00eda de Andaluc\u00eda en su m\u00e1ximo esplendor - La Farga Gesti\u00f3n de Equipamientos Municipales, S.A.","og_description":"Vuelve el D\u00eda de Andaluc\u00eda a La Farga de L\u2019Hospitalet, que acoge las actividades centrales de estas jornadas que organiza la FECEAL'H.","og_url":"https:\/\/www.lafarga.com\/corporatiu\/vuelve-el-dia-de-andalucia-en-su-maximo-esplendor\/","og_site_name":"La Farga Gesti\u00f3n de Equipamientos Municipales, S.A.","article_published_time":"2023-02-23T11:58:27+00:00","article_modified_time":"2023-02-23T11:58:28+00:00","og_image":[{"width":730,"height":410,"url":"https:\/\/www.lafarga.com\/corporatiu\/wp-content\/uploads\/2023\/02\/DIA-ANDALUSIA-Farga23.jpg","type":"image\/jpeg"}],"author":"\u00d2scar Milla","twitter_misc":{"Escrit per":"\u00d2scar Milla","Temps estimat de lectura":"2 minuts"},"schema":{"@context":"https:\/\/schema.org","@graph":[{"@type":"Article","@id":"https:\/\/www.lafarga.com\/corporatiu\/vuelve-el-dia-de-andalucia-en-su-maximo-esplendor\/#article","isPartOf":{"@id":"https:\/\/www.lafarga.com\/corporatiu\/vuelve-el-dia-de-andalucia-en-su-maximo-esplendor\/"},"author":{"name":"\u00d2scar Milla","@id":"https:\/\/www.lafarga.com\/corporatiu\/#\/schema\/person\/70d96fe17d0da1a9c9e80d232bdbcf33"},"headline":"Vuelve el D\u00eda de Andaluc\u00eda en su m\u00e1ximo esplendor","datePublished":"2023-02-23T11:58:27+00:00","dateModified":"2023-02-23T11:58:28+00:00","mainEntityOfPage":{"@id":"https:\/\/www.lafarga.com\/corporatiu\/vuelve-el-dia-de-andalucia-en-su-maximo-esplendor\/"},"wordCount":381,"publisher":{"@id":"https:\/\/www.lafarga.com\/corporatiu\/#organization"},"image":{"@id":"https:\/\/www.lafarga.com\/corporatiu\/vuelve-el-dia-de-andalucia-en-su-maximo-esplendor\/#primaryimage"},"thumbnailUrl":"https:\/\/www.lafarga.com\/corporatiu\/wp-content\/uploads\/2023\/02\/DIA-ANDALUSIA-Farga23.jpg","articleSection":["Centro de Actividades"],"inLanguage":"ca"},{"@type":"WebPage","@id":"https:\/\/www.lafarga.com\/corporatiu\/vuelve-el-dia-de-andalucia-en-su-maximo-esplendor\/","url":"https:\/\/www.lafarga.com\/corporatiu\/vuelve-el-dia-de-andalucia-en-su-maximo-esplendor\/","name":"Vuelve el D\u00eda de Andaluc\u00eda en su m\u00e1ximo esplendor - La Farga Gesti\u00f3n de Equipamientos Municipales, S.A.","isPartOf":{"@id":"https:\/\/www.lafarga.com\/corporatiu\/#website"},"primaryImageOfPage":{"@id":"https:\/\/www.lafarga.com\/corporatiu\/vuelve-el-dia-de-andalucia-en-su-maximo-esplendor\/#primaryimage"},"image":{"@id":"https:\/\/www.lafarga.com\/corporatiu\/vuelve-el-dia-de-andalucia-en-su-maximo-esplendor\/#primaryimage"},"thumbnailUrl":"https:\/\/www.lafarga.com\/corporatiu\/wp-content\/uploads\/2023\/02\/DIA-ANDALUSIA-Farga23.jpg","datePublished":"2023-02-23T11:58:27+00:00","dateModified":"2023-02-23T11:58:28+00:00","description":"Vuelve el D\u00eda de Andaluc\u00eda a La Farga de L\u2019Hospitalet, que acoge las actividades centrales de estas jornadas que organiza la FECEAL'H.","breadcrumb":{"@id":"https:\/\/www.lafarga.com\/corporatiu\/vuelve-el-dia-de-andalucia-en-su-maximo-esplendor\/#breadcrumb"},"inLanguage":"ca","potentialAction":[{"@type":"ReadAction","target":["https:\/\/www.lafarga.com\/corporatiu\/vuelve-el-dia-de-andalucia-en-su-maximo-esplendor\/"]}]},{"@type":"ImageObject","inLanguage":"ca","@id":"https:\/\/www.lafarga.com\/corporatiu\/vuelve-el-dia-de-andalucia-en-su-maximo-esplendor\/#primaryimage","url":"https:\/\/www.lafarga.com\/corporatiu\/wp-content\/uploads\/2023\/02\/DIA-ANDALUSIA-Farga23.jpg","contentUrl":"https:\/\/www.lafarga.com\/corporatiu\/wp-content\/uploads\/2023\/02\/DIA-ANDALUSIA-Farga23.jpg","width":730,"height":410,"caption":"Andalusia Andaluc\u00eda Farga"},{"@type":"BreadcrumbList","@id":"https:\/\/www.lafarga.com\/corporatiu\/vuelve-el-dia-de-andalucia-en-su-maximo-esplendor\/#breadcrumb","itemListElement":[{"@type":"ListItem","position":1,"name":"Home","item":"https:\/\/www.lafarga.com\/corporatiu\/lafarga-hospitalet-llobregat\/"},{"@type":"ListItem","position":2,"name":"Vuelve el D\u00eda de Andaluc\u00eda en su m\u00e1ximo esplendor"}]},{"@type":"WebSite","@id":"https:\/\/www.lafarga.com\/corporatiu\/#website","url":"https:\/\/www.lafarga.com\/corporatiu\/","name":"La Farga Gesti\u00f3 d&#039;Equipaments Municipals, SA","description":"","publisher":{"@id":"https:\/\/www.lafarga.com\/corporatiu\/#organization"},"potentialAction":[{"@type":"SearchAction","target":{"@type":"EntryPoint","urlTemplate":"https:\/\/www.lafarga.com\/corporatiu\/?s={search_term_string}"},"query-input":{"@type":"PropertyValueSpecification","valueRequired":true,"valueName":"search_term_string"}}],"inLanguage":"ca"},{"@type":"Organization","@id":"https:\/\/www.lafarga.com\/corporatiu\/#organization","name":"La Farga Gesti\u00f3 d&#039;Equipaments Municipals, SA","url":"https:\/\/www.lafarga.com\/corporatiu\/","logo":{"@type":"ImageObject","inLanguage":"ca","@id":"https:\/\/www.lafarga.com\/corporatiu\/#\/schema\/logo\/image\/","url":"https:\/\/www.lafarga.com\/corporatiu\/wp-content\/uploads\/2023\/11\/logotipo_lafarga_gemsa.svg","contentUrl":"https:\/\/www.lafarga.com\/corporatiu\/wp-content\/uploads\/2023\/11\/logotipo_lafarga_gemsa.svg","width":102,"height":103,"caption":"La Farga Gesti\u00f3 d&#039;Equipaments Municipals, SA"},"image":{"@id":"https:\/\/www.lafarga.com\/corporatiu\/#\/schema\/logo\/image\/"}},{"@type":"Person","@id":"https:\/\/www.lafarga.com\/corporatiu\/#\/schema\/person\/70d96fe17d0da1a9c9e80d232bdbcf33","name":"\u00d2scar Milla","image":{"@type":"ImageObject","inLanguage":"ca","@id":"https:\/\/secure.gravatar.com\/avatar\/92e75d184f9d5e0e403bd4ad075b080ad258344ddc259adddb579f6a3ba6494f?s=96&d=mm&r=g","url":"https:\/\/secure.gravatar.com\/avatar\/92e75d184f9d5e0e403bd4ad075b080ad258344ddc259adddb579f6a3ba6494f?s=96&d=mm&r=g","contentUrl":"https:\/\/secure.gravatar.com\/avatar\/92e75d184f9d5e0e403bd4ad075b080ad258344ddc259adddb579f6a3ba6494f?s=96&d=mm&r=g","caption":"\u00d2scar Milla"},"url":"https:\/\/www.lafarga.com\/corporatiu\/author\/omilla\/"}]}},"uagb_featured_image_src":{"full":["https:\/\/www.lafarga.com\/corporatiu\/wp-content\/uploads\/2023\/02\/DIA-ANDALUSIA-Farga23.jpg",730,410,false],"thumbnail":["https:\/\/www.lafarga.com\/corporatiu\/wp-content\/uploads\/2023\/02\/DIA-ANDALUSIA-Farga23-150x150.jpg",150,150,true],"medium":["https:\/\/www.lafarga.com\/corporatiu\/wp-content\/uploads\/2023\/02\/DIA-ANDALUSIA-Farga23-300x168.jpg",300,168,true],"medium_large":["https:\/\/www.lafarga.com\/corporatiu\/wp-content\/uploads\/2023\/02\/DIA-ANDALUSIA-Farga23.jpg",730,410,false],"large":["https:\/\/www.lafarga.com\/corporatiu\/wp-content\/uploads\/2023\/02\/DIA-ANDALUSIA-Farga23.jpg",730,410,false],"1536x1536":["https:\/\/www.lafarga.com\/corporatiu\/wp-content\/uploads\/2023\/02\/DIA-ANDALUSIA-Farga23.jpg",730,410,false],"2048x2048":["https:\/\/www.lafarga.com\/corporatiu\/wp-content\/uploads\/2023\/02\/DIA-ANDALUSIA-Farga23.jpg",730,410,false],"mailpoet_newsletter_max":["https:\/\/www.lafarga.com\/corporatiu\/wp-content\/uploads\/2023\/02\/DIA-ANDALUSIA-Farga23.jpg",730,410,false]},"uagb_author_info":{"display_name":"\u00d2scar Milla","author_link":"https:\/\/www.lafarga.com\/corporatiu\/author\/omilla\/"},"uagb_comment_info":0,"uagb_excerpt":"Vuelve el D\u00eda de Andaluc\u00eda a La Farga de L\u2019Hospitalet, que acoge las actividades centrales de la 35 edici\u00f3n de estas jornadas que organiza la Federaci\u00f3n Coordinadora de Entidades Andaluzas de L\u2019Hospitalet.","_links":{"self":[{"href":"https:\/\/www.lafarga.com\/corporatiu\/wp-json\/wp\/v2\/posts\/17167","targetHints":{"allow":["GET"]}}],"collection":[{"href":"https:\/\/www.lafarga.com\/corporatiu\/wp-json\/wp\/v2\/posts"}],"about":[{"href":"https:\/\/www.lafarga.com\/corporatiu\/wp-json\/wp\/v2\/types\/post"}],"author":[{"embeddable":true,"href":"https:\/\/www.lafarga.com\/corporatiu\/wp-json\/wp\/v2\/users\/5"}],"replies":[{"embeddable":true,"href":"https:\/\/www.lafarga.com\/corporatiu\/wp-json\/wp\/v2\/comments?post=17167"}],"version-history":[{"count":1,"href":"https:\/\/www.lafarga.com\/corporatiu\/wp-json\/wp\/v2\/posts\/17167\/revisions"}],"predecessor-version":[{"id":17168,"href":"https:\/\/www.lafarga.com\/corporatiu\/wp-json\/wp\/v2\/posts\/17167\/revisions\/17168"}],"wp:featuredmedia":[{"embeddable":true,"href":"https:\/\/www.lafarga.com\/corporatiu\/wp-json\/wp\/v2\/media\/17165"}],"wp:attachment":[{"href":"https:\/\/www.lafarga.com\/corporatiu\/wp-json\/wp\/v2\/media?parent=17167"}],"wp:term":[{"taxonomy":"category","embeddable":true,"href":"https:\/\/www.lafarga.com\/corporatiu\/wp-json\/wp\/v2\/categories?post=17167"},{"taxonomy":"post_tag","embeddable":true,"href":"https:\/\/www.lafarga.com\/corporatiu\/wp-json\/wp\/v2\/tags?post=17167"}],"curies":[{"name":"wp","href":"https:\/\/api.w.org\/{rel}","templated":true}]}}