{"id":17163,"date":"2023-02-23T11:55:43","date_gmt":"2023-02-23T11:55:43","guid":{"rendered":"http:\/\/www.lafarga.com\/corporatiu\/?p=17163"},"modified":"2023-02-23T11:55:43","modified_gmt":"2023-02-23T11:55:43","slug":"torna-el-dia-dandalusia-en-el-seu-maxim-esplendor","status":"publish","type":"post","link":"https:\/\/www.lafarga.com\/corporatiu\/torna-el-dia-dandalusia-en-el-seu-maxim-esplendor\/","title":{"rendered":"Torna el Dia d\u2019Andalusia en el seu m\u00e0xim esplendor"},"content":{"rendered":"\r\n<h5 class=\"wp-block-heading\">25 i 26 de febrer<\/h5>\r\n\r\n\r\n\r\n<p>Torna el Dia d\u2019Andalusia a La Farga de L\u2019Hospitalet, que acull les activitats centrals de la 35a edici\u00f3 d\u2019aquestes jornades que organitza la Federaci\u00f3n Coordinadora de Entidades Andaluzas de L\u2019Hospitalet i que tindr\u00e0 Ja\u00e9n com a prov\u00edncia convidada.<\/p>\r\n\r\n\r\n\r\n<p>Aquest cap de setmana, 25 i 26 de febrer, La Farga Centre d\u2019Activitats ser\u00e0 escenari del tradicional Festival d\u2019Entitats, la sempre emotiva Missa Rociera, la degustaci\u00f3 d\u2019un plat t\u00edpic andal\u00fas, i enguany el retorn de la Gala Radiol\u00e9, amb la pres\u00e8ncia destacada de Mar\u00eda del Monte, Las Carlotas, la H\u00fangara, entre d\u2019altres.<\/p>\r\n\r\n\r\n\r\n<p><em>Dissabte 25 de febrer<\/em><\/p>\r\n\r\n\r\n\r\n<p>17.15h.\u00a0<strong>Festival d\u2019Entitats (primera part):\u00a0<\/strong>Hermandad Pastora Almonte\u00f1a, Hermandad Rociera Andaluza de L\u2019H, Hermandad Rocieros de Carmona, Marismas del Guadalquivir, Escuela de Danza Concha Ruiz, Casa Fuente Obejuna, Centro Blas Infante, Asociaci\u00f3n Cultural Andaluza, Asociaci\u00f3n Hijos de Bedmar, Tertulia Flamenca i Centro Alhambra.<\/p>\r\n\r\n\r\n\r\n<p>22.30h.\u00a0<strong>Espectacle de ball d\u2019entitats de la FECEAL\u2019H:\u00a0<\/strong>Somos Andaluc\u00eda: Centro Blas Infante, Asociaci\u00f3n Cultural Andaluza de L\u2019H, Marismas del Guadalquivir i Asociaci\u00f3n Fuente Obejuna.<\/p>\r\n\r\n\r\n\r\n<p><em>Diumenge 26 de febrer<\/em><\/p>\r\n\r\n\r\n\r\n<p>10h.\u00a0<strong>Festival d\u2019Entitats (segona part):\u00a0<\/strong>Cofrad\u00eda Virgen de la Cabeza y Cofrad\u00eda 15+1.<br \/>11h.\u00a0<strong>Missa rociera<\/strong>. Oficiada pel pare Enric Canet. Cor de la Hermandad Pastorcillo Divino.<br \/>12h.\u00a0<strong>Ofrena floral a l\u2019olivera<\/strong>. Amb la coral de l\u2019Asociaci\u00f3n Hijos de Bedmar.<br \/>12.30h.\u00a0<strong>Espectacle de cant Aires de Ja\u00e9n de les entitats de la FECEAL\u2019H:\u00a0<\/strong>Cofrad\u00eda Virgen de la Cabeza, Hermandad Rociera de Hospitalet i la Asociaci\u00f3n Hijos de Bedmar.<br \/>12.45h.\u00a0<strong>Festival d\u2019Entitats (tercera part) i espai infantil:\u00a0<\/strong>Cofrad\u00eda 15+1, Asociaci\u00f3n Cultural Andaluza de L\u2019H i Marismas del Guadalquivir.<br \/>13.15h.\u00a0<strong>Degustaci\u00f3 plat t\u00edpic andal\u00fas<\/strong>. Escola Municipal d\u2019Hostaleria.<br \/>17h.\u00a0<strong>Festival d\u2019Entitats (quarta part)<\/strong>: Rocieros de Carmona, Tertulia Flamenca i Casa de Baena.<br \/>18h.\u00a0<strong>Gala Radiol\u00e9<\/strong>: Kiko &amp; Sara, Demarco, La H\u00fangara, Elena Varga, Sylvia Pantoja, Las Soles, Lucrecia, Ismael Fern\u00e1ndez, Guadaljarafe i Las Carlotas.<\/p>\r\n\r\n\r\n\r\n<p>M\u00e9s informaci\u00f3:\u00a0<a href=\"https:\/\/www.facebook.com\/fecealh\/\" target=\"_blank\" rel=\"noreferrer noopener\"><strong>FECEAL\u2019H<\/strong><\/a><\/p>\r\n","protected":false},"excerpt":{"rendered":"<p>Torna el Dia d\u2019Andalusia a La Farga de L\u2019Hospitalet, que acull les activitats centrals de la 35a edici\u00f3 d\u2019aquestes jornades que organitza la Federaci\u00f3n Coordinadora de Entidades Andaluzas de L\u2019Hospitalet.<\/p>\n","protected":false},"author":5,"featured_media":17165,"comment_status":"closed","ping_status":"closed","sticky":false,"template":"","format":"standard","meta":{"inline_featured_image":false,"_uag_custom_page_level_css":"","_monsterinsights_skip_tracking":false,"_monsterinsights_sitenote_active":false,"_monsterinsights_sitenote_note":"","_monsterinsights_sitenote_category":0,"site-sidebar-layout":"default","site-content-layout":"","ast-site-content-layout":"default","site-content-style":"default","site-sidebar-style":"default","ast-global-header-display":"","ast-banner-title-visibility":"","ast-main-header-display":"","ast-hfb-above-header-display":"","ast-hfb-below-header-display":"","ast-hfb-mobile-header-display":"","site-post-title":"","ast-breadcrumbs-content":"","ast-featured-img":"","footer-sml-layout":"","ast-disable-related-posts":"","theme-transparent-header-meta":"","adv-header-id-meta":"","stick-header-meta":"","header-above-stick-meta":"","header-main-stick-meta":"","header-below-stick-meta":"","astra-migrate-meta-layouts":"default","ast-page-background-enabled":"default","ast-page-background-meta":{"desktop":{"background-color":"var(--ast-global-color-4)","background-image":"","background-repeat":"repeat","background-position":"center center","background-size":"auto","background-attachment":"scroll","background-type":"","background-media":"","overlay-type":"","overlay-color":"","overlay-opacity":"","overlay-gradient":""},"tablet":{"background-color":"","background-image":"","background-repeat":"repeat","background-position":"center center","background-size":"auto","background-attachment":"scroll","background-type":"","background-media":"","overlay-type":"","overlay-color":"","overlay-opacity":"","overlay-gradient":""},"mobile":{"background-color":"","background-image":"","background-repeat":"repeat","background-position":"center center","background-size":"auto","background-attachment":"scroll","background-type":"","background-media":"","overlay-type":"","overlay-color":"","overlay-opacity":"","overlay-gradient":""}},"ast-content-background-meta":{"desktop":{"background-color":"var(--ast-global-color-5)","background-image":"","background-repeat":"repeat","background-position":"center center","background-size":"auto","background-attachment":"scroll","background-type":"","background-media":"","overlay-type":"","overlay-color":"","overlay-opacity":"","overlay-gradient":""},"tablet":{"background-color":"var(--ast-global-color-5)","background-image":"","background-repeat":"repeat","background-position":"center center","background-size":"auto","background-attachment":"scroll","background-type":"","background-media":"","overlay-type":"","overlay-color":"","overlay-opacity":"","overlay-gradient":""},"mobile":{"background-color":"var(--ast-global-color-5)","background-image":"","background-repeat":"repeat","background-position":"center center","background-size":"auto","background-attachment":"scroll","background-type":"","background-media":"","overlay-type":"","overlay-color":"","overlay-opacity":"","overlay-gradient":""}},"footnotes":""},"categories":[49],"tags":[],"class_list":["post-17163","post","type-post","status-publish","format-standard","has-post-thumbnail","hentry","category-centre-activitats"],"yoast_head":"<!-- This site is optimized with the Yoast SEO plugin v27.4 - https:\/\/yoast.com\/product\/yoast-seo-wordpress\/ -->\n<title>Torna el Dia d\u2019Andalusia en el seu m\u00e0xim esplendor - La Farga Gesti\u00f3n de Equipamientos Municipales, S.A.<\/title>\n<meta name=\"description\" content=\"Torna el Dia d\u2019Andalusia a La Farga de L\u2019H, que acull les activitats centrals de la 35a edici\u00f3 de les jornades que organitza la FECEAL&#039;H.\" \/>\n<meta name=\"robots\" content=\"index, follow, max-snippet:-1, max-image-preview:large, max-video-preview:-1\" \/>\n<link rel=\"canonical\" href=\"https:\/\/www.lafarga.com\/corporatiu\/torna-el-dia-dandalusia-en-el-seu-maxim-esplendor\/\" \/>\n<meta property=\"og:locale\" content=\"ca_ES\" \/>\n<meta property=\"og:type\" content=\"article\" \/>\n<meta property=\"og:title\" content=\"Torna el Dia d\u2019Andalusia en el seu m\u00e0xim esplendor - La Farga Gesti\u00f3n de Equipamientos Municipales, S.A.\" \/>\n<meta property=\"og:description\" content=\"Torna el Dia d\u2019Andalusia a La Farga de L\u2019H, que acull les activitats centrals de la 35a edici\u00f3 de les jornades que organitza la FECEAL&#039;H.\" \/>\n<meta property=\"og:url\" content=\"https:\/\/www.lafarga.com\/corporatiu\/torna-el-dia-dandalusia-en-el-seu-maxim-esplendor\/\" \/>\n<meta property=\"og:site_name\" content=\"La Farga Gesti\u00f3n de Equipamientos Municipales, S.A.\" \/>\n<meta property=\"article:published_time\" content=\"2023-02-23T11:55:43+00:00\" \/>\n<meta property=\"og:image\" content=\"https:\/\/www.lafarga.com\/corporatiu\/wp-content\/uploads\/2023\/02\/DIA-ANDALUSIA-Farga23.jpg\" \/>\n\t<meta property=\"og:image:width\" content=\"730\" \/>\n\t<meta property=\"og:image:height\" content=\"410\" \/>\n\t<meta property=\"og:image:type\" content=\"image\/jpeg\" \/>\n<meta name=\"author\" content=\"\u00d2scar Milla\" \/>\n<meta name=\"twitter:label1\" content=\"Escrit per\" \/>\n\t<meta name=\"twitter:data1\" content=\"\u00d2scar Milla\" \/>\n\t<meta name=\"twitter:label2\" content=\"Temps estimat de lectura\" \/>\n\t<meta name=\"twitter:data2\" content=\"2 minuts\" \/>\n<script type=\"application\/ld+json\" class=\"yoast-schema-graph\">{\"@context\":\"https:\\\/\\\/schema.org\",\"@graph\":[{\"@type\":\"Article\",\"@id\":\"https:\\\/\\\/www.lafarga.com\\\/corporatiu\\\/torna-el-dia-dandalusia-en-el-seu-maxim-esplendor\\\/#article\",\"isPartOf\":{\"@id\":\"https:\\\/\\\/www.lafarga.com\\\/corporatiu\\\/torna-el-dia-dandalusia-en-el-seu-maxim-esplendor\\\/\"},\"author\":{\"name\":\"\u00d2scar Milla\",\"@id\":\"https:\\\/\\\/www.lafarga.com\\\/corporatiu\\\/#\\\/schema\\\/person\\\/70d96fe17d0da1a9c9e80d232bdbcf33\"},\"headline\":\"Torna el Dia d\u2019Andalusia en el seu m\u00e0xim esplendor\",\"datePublished\":\"2023-02-23T11:55:43+00:00\",\"mainEntityOfPage\":{\"@id\":\"https:\\\/\\\/www.lafarga.com\\\/corporatiu\\\/torna-el-dia-dandalusia-en-el-seu-maxim-esplendor\\\/\"},\"wordCount\":357,\"publisher\":{\"@id\":\"https:\\\/\\\/www.lafarga.com\\\/corporatiu\\\/#organization\"},\"image\":{\"@id\":\"https:\\\/\\\/www.lafarga.com\\\/corporatiu\\\/torna-el-dia-dandalusia-en-el-seu-maxim-esplendor\\\/#primaryimage\"},\"thumbnailUrl\":\"https:\\\/\\\/www.lafarga.com\\\/corporatiu\\\/wp-content\\\/uploads\\\/2023\\\/02\\\/DIA-ANDALUSIA-Farga23.jpg\",\"articleSection\":[\"Centre d'Activitats\"],\"inLanguage\":\"ca\"},{\"@type\":\"WebPage\",\"@id\":\"https:\\\/\\\/www.lafarga.com\\\/corporatiu\\\/torna-el-dia-dandalusia-en-el-seu-maxim-esplendor\\\/\",\"url\":\"https:\\\/\\\/www.lafarga.com\\\/corporatiu\\\/torna-el-dia-dandalusia-en-el-seu-maxim-esplendor\\\/\",\"name\":\"Torna el Dia d\u2019Andalusia en el seu m\u00e0xim esplendor - La Farga Gesti\u00f3n de Equipamientos Municipales, S.A.\",\"isPartOf\":{\"@id\":\"https:\\\/\\\/www.lafarga.com\\\/corporatiu\\\/#website\"},\"primaryImageOfPage\":{\"@id\":\"https:\\\/\\\/www.lafarga.com\\\/corporatiu\\\/torna-el-dia-dandalusia-en-el-seu-maxim-esplendor\\\/#primaryimage\"},\"image\":{\"@id\":\"https:\\\/\\\/www.lafarga.com\\\/corporatiu\\\/torna-el-dia-dandalusia-en-el-seu-maxim-esplendor\\\/#primaryimage\"},\"thumbnailUrl\":\"https:\\\/\\\/www.lafarga.com\\\/corporatiu\\\/wp-content\\\/uploads\\\/2023\\\/02\\\/DIA-ANDALUSIA-Farga23.jpg\",\"datePublished\":\"2023-02-23T11:55:43+00:00\",\"description\":\"Torna el Dia d\u2019Andalusia a La Farga de L\u2019H, que acull les activitats centrals de la 35a edici\u00f3 de les jornades que organitza la FECEAL'H.\",\"breadcrumb\":{\"@id\":\"https:\\\/\\\/www.lafarga.com\\\/corporatiu\\\/torna-el-dia-dandalusia-en-el-seu-maxim-esplendor\\\/#breadcrumb\"},\"inLanguage\":\"ca\",\"potentialAction\":[{\"@type\":\"ReadAction\",\"target\":[\"https:\\\/\\\/www.lafarga.com\\\/corporatiu\\\/torna-el-dia-dandalusia-en-el-seu-maxim-esplendor\\\/\"]}]},{\"@type\":\"ImageObject\",\"inLanguage\":\"ca\",\"@id\":\"https:\\\/\\\/www.lafarga.com\\\/corporatiu\\\/torna-el-dia-dandalusia-en-el-seu-maxim-esplendor\\\/#primaryimage\",\"url\":\"https:\\\/\\\/www.lafarga.com\\\/corporatiu\\\/wp-content\\\/uploads\\\/2023\\\/02\\\/DIA-ANDALUSIA-Farga23.jpg\",\"contentUrl\":\"https:\\\/\\\/www.lafarga.com\\\/corporatiu\\\/wp-content\\\/uploads\\\/2023\\\/02\\\/DIA-ANDALUSIA-Farga23.jpg\",\"width\":730,\"height\":410,\"caption\":\"Andalusia Andaluc\u00eda Farga\"},{\"@type\":\"BreadcrumbList\",\"@id\":\"https:\\\/\\\/www.lafarga.com\\\/corporatiu\\\/torna-el-dia-dandalusia-en-el-seu-maxim-esplendor\\\/#breadcrumb\",\"itemListElement\":[{\"@type\":\"ListItem\",\"position\":1,\"name\":\"Home\",\"item\":\"https:\\\/\\\/www.lafarga.com\\\/corporatiu\\\/lafarga-hospitalet-llobregat\\\/\"},{\"@type\":\"ListItem\",\"position\":2,\"name\":\"Torna el Dia d\u2019Andalusia en el seu m\u00e0xim esplendor\"}]},{\"@type\":\"WebSite\",\"@id\":\"https:\\\/\\\/www.lafarga.com\\\/corporatiu\\\/#website\",\"url\":\"https:\\\/\\\/www.lafarga.com\\\/corporatiu\\\/\",\"name\":\"La Farga Gesti\u00f3 d&#039;Equipaments Municipals, SA\",\"description\":\"\",\"publisher\":{\"@id\":\"https:\\\/\\\/www.lafarga.com\\\/corporatiu\\\/#organization\"},\"potentialAction\":[{\"@type\":\"SearchAction\",\"target\":{\"@type\":\"EntryPoint\",\"urlTemplate\":\"https:\\\/\\\/www.lafarga.com\\\/corporatiu\\\/?s={search_term_string}\"},\"query-input\":{\"@type\":\"PropertyValueSpecification\",\"valueRequired\":true,\"valueName\":\"search_term_string\"}}],\"inLanguage\":\"ca\"},{\"@type\":\"Organization\",\"@id\":\"https:\\\/\\\/www.lafarga.com\\\/corporatiu\\\/#organization\",\"name\":\"La Farga Gesti\u00f3 d&#039;Equipaments Municipals, SA\",\"url\":\"https:\\\/\\\/www.lafarga.com\\\/corporatiu\\\/\",\"logo\":{\"@type\":\"ImageObject\",\"inLanguage\":\"ca\",\"@id\":\"https:\\\/\\\/www.lafarga.com\\\/corporatiu\\\/#\\\/schema\\\/logo\\\/image\\\/\",\"url\":\"https:\\\/\\\/www.lafarga.com\\\/corporatiu\\\/wp-content\\\/uploads\\\/2023\\\/11\\\/logotipo_lafarga_gemsa.svg\",\"contentUrl\":\"https:\\\/\\\/www.lafarga.com\\\/corporatiu\\\/wp-content\\\/uploads\\\/2023\\\/11\\\/logotipo_lafarga_gemsa.svg\",\"width\":102,\"height\":103,\"caption\":\"La Farga Gesti\u00f3 d&#039;Equipaments Municipals, SA\"},\"image\":{\"@id\":\"https:\\\/\\\/www.lafarga.com\\\/corporatiu\\\/#\\\/schema\\\/logo\\\/image\\\/\"}},{\"@type\":\"Person\",\"@id\":\"https:\\\/\\\/www.lafarga.com\\\/corporatiu\\\/#\\\/schema\\\/person\\\/70d96fe17d0da1a9c9e80d232bdbcf33\",\"name\":\"\u00d2scar Milla\",\"image\":{\"@type\":\"ImageObject\",\"inLanguage\":\"ca\",\"@id\":\"https:\\\/\\\/secure.gravatar.com\\\/avatar\\\/92e75d184f9d5e0e403bd4ad075b080ad258344ddc259adddb579f6a3ba6494f?s=96&d=mm&r=g\",\"url\":\"https:\\\/\\\/secure.gravatar.com\\\/avatar\\\/92e75d184f9d5e0e403bd4ad075b080ad258344ddc259adddb579f6a3ba6494f?s=96&d=mm&r=g\",\"contentUrl\":\"https:\\\/\\\/secure.gravatar.com\\\/avatar\\\/92e75d184f9d5e0e403bd4ad075b080ad258344ddc259adddb579f6a3ba6494f?s=96&d=mm&r=g\",\"caption\":\"\u00d2scar Milla\"},\"url\":\"https:\\\/\\\/www.lafarga.com\\\/corporatiu\\\/author\\\/omilla\\\/\"}]}<\/script>\n<!-- \/ Yoast SEO plugin. -->","yoast_head_json":{"title":"Torna el Dia d\u2019Andalusia en el seu m\u00e0xim esplendor - La Farga Gesti\u00f3n de Equipamientos Municipales, S.A.","description":"Torna el Dia d\u2019Andalusia a La Farga de L\u2019H, que acull les activitats centrals de la 35a edici\u00f3 de les jornades que organitza la FECEAL'H.","robots":{"index":"index","follow":"follow","max-snippet":"max-snippet:-1","max-image-preview":"max-image-preview:large","max-video-preview":"max-video-preview:-1"},"canonical":"https:\/\/www.lafarga.com\/corporatiu\/torna-el-dia-dandalusia-en-el-seu-maxim-esplendor\/","og_locale":"ca_ES","og_type":"article","og_title":"Torna el Dia d\u2019Andalusia en el seu m\u00e0xim esplendor - La Farga Gesti\u00f3n de Equipamientos Municipales, S.A.","og_description":"Torna el Dia d\u2019Andalusia a La Farga de L\u2019H, que acull les activitats centrals de la 35a edici\u00f3 de les jornades que organitza la FECEAL'H.","og_url":"https:\/\/www.lafarga.com\/corporatiu\/torna-el-dia-dandalusia-en-el-seu-maxim-esplendor\/","og_site_name":"La Farga Gesti\u00f3n de Equipamientos Municipales, S.A.","article_published_time":"2023-02-23T11:55:43+00:00","og_image":[{"width":730,"height":410,"url":"https:\/\/www.lafarga.com\/corporatiu\/wp-content\/uploads\/2023\/02\/DIA-ANDALUSIA-Farga23.jpg","type":"image\/jpeg"}],"author":"\u00d2scar Milla","twitter_misc":{"Escrit per":"\u00d2scar Milla","Temps estimat de lectura":"2 minuts"},"schema":{"@context":"https:\/\/schema.org","@graph":[{"@type":"Article","@id":"https:\/\/www.lafarga.com\/corporatiu\/torna-el-dia-dandalusia-en-el-seu-maxim-esplendor\/#article","isPartOf":{"@id":"https:\/\/www.lafarga.com\/corporatiu\/torna-el-dia-dandalusia-en-el-seu-maxim-esplendor\/"},"author":{"name":"\u00d2scar Milla","@id":"https:\/\/www.lafarga.com\/corporatiu\/#\/schema\/person\/70d96fe17d0da1a9c9e80d232bdbcf33"},"headline":"Torna el Dia d\u2019Andalusia en el seu m\u00e0xim esplendor","datePublished":"2023-02-23T11:55:43+00:00","mainEntityOfPage":{"@id":"https:\/\/www.lafarga.com\/corporatiu\/torna-el-dia-dandalusia-en-el-seu-maxim-esplendor\/"},"wordCount":357,"publisher":{"@id":"https:\/\/www.lafarga.com\/corporatiu\/#organization"},"image":{"@id":"https:\/\/www.lafarga.com\/corporatiu\/torna-el-dia-dandalusia-en-el-seu-maxim-esplendor\/#primaryimage"},"thumbnailUrl":"https:\/\/www.lafarga.com\/corporatiu\/wp-content\/uploads\/2023\/02\/DIA-ANDALUSIA-Farga23.jpg","articleSection":["Centre d'Activitats"],"inLanguage":"ca"},{"@type":"WebPage","@id":"https:\/\/www.lafarga.com\/corporatiu\/torna-el-dia-dandalusia-en-el-seu-maxim-esplendor\/","url":"https:\/\/www.lafarga.com\/corporatiu\/torna-el-dia-dandalusia-en-el-seu-maxim-esplendor\/","name":"Torna el Dia d\u2019Andalusia en el seu m\u00e0xim esplendor - La Farga Gesti\u00f3n de Equipamientos Municipales, S.A.","isPartOf":{"@id":"https:\/\/www.lafarga.com\/corporatiu\/#website"},"primaryImageOfPage":{"@id":"https:\/\/www.lafarga.com\/corporatiu\/torna-el-dia-dandalusia-en-el-seu-maxim-esplendor\/#primaryimage"},"image":{"@id":"https:\/\/www.lafarga.com\/corporatiu\/torna-el-dia-dandalusia-en-el-seu-maxim-esplendor\/#primaryimage"},"thumbnailUrl":"https:\/\/www.lafarga.com\/corporatiu\/wp-content\/uploads\/2023\/02\/DIA-ANDALUSIA-Farga23.jpg","datePublished":"2023-02-23T11:55:43+00:00","description":"Torna el Dia d\u2019Andalusia a La Farga de L\u2019H, que acull les activitats centrals de la 35a edici\u00f3 de les jornades que organitza la FECEAL'H.","breadcrumb":{"@id":"https:\/\/www.lafarga.com\/corporatiu\/torna-el-dia-dandalusia-en-el-seu-maxim-esplendor\/#breadcrumb"},"inLanguage":"ca","potentialAction":[{"@type":"ReadAction","target":["https:\/\/www.lafarga.com\/corporatiu\/torna-el-dia-dandalusia-en-el-seu-maxim-esplendor\/"]}]},{"@type":"ImageObject","inLanguage":"ca","@id":"https:\/\/www.lafarga.com\/corporatiu\/torna-el-dia-dandalusia-en-el-seu-maxim-esplendor\/#primaryimage","url":"https:\/\/www.lafarga.com\/corporatiu\/wp-content\/uploads\/2023\/02\/DIA-ANDALUSIA-Farga23.jpg","contentUrl":"https:\/\/www.lafarga.com\/corporatiu\/wp-content\/uploads\/2023\/02\/DIA-ANDALUSIA-Farga23.jpg","width":730,"height":410,"caption":"Andalusia Andaluc\u00eda Farga"},{"@type":"BreadcrumbList","@id":"https:\/\/www.lafarga.com\/corporatiu\/torna-el-dia-dandalusia-en-el-seu-maxim-esplendor\/#breadcrumb","itemListElement":[{"@type":"ListItem","position":1,"name":"Home","item":"https:\/\/www.lafarga.com\/corporatiu\/lafarga-hospitalet-llobregat\/"},{"@type":"ListItem","position":2,"name":"Torna el Dia d\u2019Andalusia en el seu m\u00e0xim esplendor"}]},{"@type":"WebSite","@id":"https:\/\/www.lafarga.com\/corporatiu\/#website","url":"https:\/\/www.lafarga.com\/corporatiu\/","name":"La Farga Gesti\u00f3 d&#039;Equipaments Municipals, SA","description":"","publisher":{"@id":"https:\/\/www.lafarga.com\/corporatiu\/#organization"},"potentialAction":[{"@type":"SearchAction","target":{"@type":"EntryPoint","urlTemplate":"https:\/\/www.lafarga.com\/corporatiu\/?s={search_term_string}"},"query-input":{"@type":"PropertyValueSpecification","valueRequired":true,"valueName":"search_term_string"}}],"inLanguage":"ca"},{"@type":"Organization","@id":"https:\/\/www.lafarga.com\/corporatiu\/#organization","name":"La Farga Gesti\u00f3 d&#039;Equipaments Municipals, SA","url":"https:\/\/www.lafarga.com\/corporatiu\/","logo":{"@type":"ImageObject","inLanguage":"ca","@id":"https:\/\/www.lafarga.com\/corporatiu\/#\/schema\/logo\/image\/","url":"https:\/\/www.lafarga.com\/corporatiu\/wp-content\/uploads\/2023\/11\/logotipo_lafarga_gemsa.svg","contentUrl":"https:\/\/www.lafarga.com\/corporatiu\/wp-content\/uploads\/2023\/11\/logotipo_lafarga_gemsa.svg","width":102,"height":103,"caption":"La Farga Gesti\u00f3 d&#039;Equipaments Municipals, SA"},"image":{"@id":"https:\/\/www.lafarga.com\/corporatiu\/#\/schema\/logo\/image\/"}},{"@type":"Person","@id":"https:\/\/www.lafarga.com\/corporatiu\/#\/schema\/person\/70d96fe17d0da1a9c9e80d232bdbcf33","name":"\u00d2scar Milla","image":{"@type":"ImageObject","inLanguage":"ca","@id":"https:\/\/secure.gravatar.com\/avatar\/92e75d184f9d5e0e403bd4ad075b080ad258344ddc259adddb579f6a3ba6494f?s=96&d=mm&r=g","url":"https:\/\/secure.gravatar.com\/avatar\/92e75d184f9d5e0e403bd4ad075b080ad258344ddc259adddb579f6a3ba6494f?s=96&d=mm&r=g","contentUrl":"https:\/\/secure.gravatar.com\/avatar\/92e75d184f9d5e0e403bd4ad075b080ad258344ddc259adddb579f6a3ba6494f?s=96&d=mm&r=g","caption":"\u00d2scar Milla"},"url":"https:\/\/www.lafarga.com\/corporatiu\/author\/omilla\/"}]}},"uagb_featured_image_src":{"full":["https:\/\/www.lafarga.com\/corporatiu\/wp-content\/uploads\/2023\/02\/DIA-ANDALUSIA-Farga23.jpg",730,410,false],"thumbnail":["https:\/\/www.lafarga.com\/corporatiu\/wp-content\/uploads\/2023\/02\/DIA-ANDALUSIA-Farga23-150x150.jpg",150,150,true],"medium":["https:\/\/www.lafarga.com\/corporatiu\/wp-content\/uploads\/2023\/02\/DIA-ANDALUSIA-Farga23-300x168.jpg",300,168,true],"medium_large":["https:\/\/www.lafarga.com\/corporatiu\/wp-content\/uploads\/2023\/02\/DIA-ANDALUSIA-Farga23.jpg",730,410,false],"large":["https:\/\/www.lafarga.com\/corporatiu\/wp-content\/uploads\/2023\/02\/DIA-ANDALUSIA-Farga23.jpg",730,410,false],"1536x1536":["https:\/\/www.lafarga.com\/corporatiu\/wp-content\/uploads\/2023\/02\/DIA-ANDALUSIA-Farga23.jpg",730,410,false],"2048x2048":["https:\/\/www.lafarga.com\/corporatiu\/wp-content\/uploads\/2023\/02\/DIA-ANDALUSIA-Farga23.jpg",730,410,false],"mailpoet_newsletter_max":["https:\/\/www.lafarga.com\/corporatiu\/wp-content\/uploads\/2023\/02\/DIA-ANDALUSIA-Farga23.jpg",730,410,false]},"uagb_author_info":{"display_name":"\u00d2scar Milla","author_link":"https:\/\/www.lafarga.com\/corporatiu\/author\/omilla\/"},"uagb_comment_info":0,"uagb_excerpt":"Torna el Dia d\u2019Andalusia a La Farga de L\u2019Hospitalet, que acull les activitats centrals de la 35a edici\u00f3 d\u2019aquestes jornades que organitza la Federaci\u00f3n Coordinadora de Entidades Andaluzas de L\u2019Hospitalet.","_links":{"self":[{"href":"https:\/\/www.lafarga.com\/corporatiu\/wp-json\/wp\/v2\/posts\/17163","targetHints":{"allow":["GET"]}}],"collection":[{"href":"https:\/\/www.lafarga.com\/corporatiu\/wp-json\/wp\/v2\/posts"}],"about":[{"href":"https:\/\/www.lafarga.com\/corporatiu\/wp-json\/wp\/v2\/types\/post"}],"author":[{"embeddable":true,"href":"https:\/\/www.lafarga.com\/corporatiu\/wp-json\/wp\/v2\/users\/5"}],"replies":[{"embeddable":true,"href":"https:\/\/www.lafarga.com\/corporatiu\/wp-json\/wp\/v2\/comments?post=17163"}],"version-history":[{"count":2,"href":"https:\/\/www.lafarga.com\/corporatiu\/wp-json\/wp\/v2\/posts\/17163\/revisions"}],"predecessor-version":[{"id":17166,"href":"https:\/\/www.lafarga.com\/corporatiu\/wp-json\/wp\/v2\/posts\/17163\/revisions\/17166"}],"wp:featuredmedia":[{"embeddable":true,"href":"https:\/\/www.lafarga.com\/corporatiu\/wp-json\/wp\/v2\/media\/17165"}],"wp:attachment":[{"href":"https:\/\/www.lafarga.com\/corporatiu\/wp-json\/wp\/v2\/media?parent=17163"}],"wp:term":[{"taxonomy":"category","embeddable":true,"href":"https:\/\/www.lafarga.com\/corporatiu\/wp-json\/wp\/v2\/categories?post=17163"},{"taxonomy":"post_tag","embeddable":true,"href":"https:\/\/www.lafarga.com\/corporatiu\/wp-json\/wp\/v2\/tags?post=17163"}],"curies":[{"name":"wp","href":"https:\/\/api.w.org\/{rel}","templated":true}]}}