{"id":17138,"date":"2023-02-16T11:54:50","date_gmt":"2023-02-16T11:54:50","guid":{"rendered":"http:\/\/www.lafarga.com\/corporatiu\/?p=17138"},"modified":"2023-02-16T11:54:51","modified_gmt":"2023-02-16T11:54:51","slug":"loquillo-y-fangoria-por-fiestas-de-primavera-2023","status":"publish","type":"post","link":"https:\/\/www.lafarga.com\/corporatiu\/loquillo-y-fangoria-por-fiestas-de-primavera-2023\/","title":{"rendered":"Loquillo y Fangoria por Fiestas de Primavera 2023"},"content":{"rendered":"\n<h5 class=\"wp-block-heading\">Dani Flaco y Nancys Rubias completan el cartel de los d\u00edas 21 y 22 de abril<\/h5>\n\n\n\n<p>La Farga de L\u00b4Hospitalet ser\u00e1 escenario de los conciertos multitudinarios de Fiestas de Primavera, este a\u00f1o los d\u00edas 21 y 22 de abril con grandes protagonistas de la m\u00fasica espa\u00f1ola.<\/p>\n\n\n\n<p>La programaci\u00f3n ofrece el mejor rock y pop bailable nacional con dos de los principales referentes de la escena espa\u00f1ola.<\/p>\n\n\n\n<p>El viernes, 21 de abril, el gran&nbsp;<strong>Loquillo<\/strong>&nbsp;regresa a La Farga para descargar su repertorio estelar en el marco de su gira actual, que sin tapujos recibe el nombre de El Rey. Esta expl\u00edcita declaraci\u00f3n de intenciones no es gratuita, pues el de El Clot sigue representando como nadie el esp\u00edritu libre y peligroso del rock\u2019n\u2019roll, reinando con una envidiable trayectoria llena de himnos que forman parte de la memoria colectiva de varias generaciones.<\/p>\n\n\n\n<p>Abrir\u00e1 la noche el carism\u00e1tico cantautor hospitalense,&nbsp;<strong>Dani Flaco<\/strong>, con su personal\u00edsima propuesta de autor.<\/p>\n\n\n\n<p>Dicen las cr\u00f3nicas de la \u00e9poca que Jos\u00e9 Mar\u00eda Sanz lleg\u00f3 al epicentro de la Movida Madrile\u00f1a de la mano de una de sus figuras clave: Olvido Gara, m\u00e1s conocida como Alaska. El s\u00e1bado, 22 de abril, los no menos imprescindibles&nbsp;<strong>Fangoria<\/strong>&nbsp;actuar\u00e1n en La Farga para certificar, una vez m\u00e1s, su categor\u00eda de cl\u00e1sicos. Sus emociones a flor de piel, servidas sobre rotundas bases electr\u00f3nicas, hacen de Alaska y Nacho Canut maestros indiscutibles de la pista de baile, en una cita con sus grandes \u00e9xitos que conviene no pasar por alto. Parafraseando a sus adorados Ultravox, \u201cdancing with tears in my eyes\u201d.<\/p>\n\n\n\n<p>Y para redondear una velada llena de diversi\u00f3n, las&nbsp;<strong>Nancys Rubias<\/strong>&nbsp;de Mario Vaquerizo ser\u00e1n las encargadas de calentar el ambiente con ritmo y petardeo de altos vuelos.<\/p>\n\n\n\n<p><a href=\"https:\/\/www.theproject.es\/es\/c-4141\/loquillo-dani-flaco\" target=\"_blank\" rel=\"noreferrer noopener\">Venta de entradas Loquillo y Dani Flaco<\/a><\/p>\n\n\n\n<p><a href=\"https:\/\/www.theproject.es\/es\/c-4140\/fangoria-nancys-rubias\" target=\"_blank\" rel=\"noreferrer noopener\">Venta de entradas Fangoria y Nancys Rubias<\/a><\/p>\n","protected":false},"excerpt":{"rendered":"<p>La Farga de L\u00b4Hospitalet ser\u00e1 escenario de los conciertos multitudinarios de Fiestas de Primavera, este a\u00f1o los d\u00edas 21 y 22 de abril con grandes protagonistas de la m\u00fasica espa\u00f1ola.<\/p>\n","protected":false},"author":5,"featured_media":17136,"comment_status":"closed","ping_status":"closed","sticky":false,"template":"","format":"standard","meta":{"inline_featured_image":false,"_uag_custom_page_level_css":"","_monsterinsights_skip_tracking":false,"_monsterinsights_sitenote_active":false,"_monsterinsights_sitenote_note":"","_monsterinsights_sitenote_category":0,"site-sidebar-layout":"default","site-content-layout":"","ast-site-content-layout":"default","site-content-style":"default","site-sidebar-style":"default","ast-global-header-display":"","ast-banner-title-visibility":"","ast-main-header-display":"","ast-hfb-above-header-display":"","ast-hfb-below-header-display":"","ast-hfb-mobile-header-display":"","site-post-title":"","ast-breadcrumbs-content":"","ast-featured-img":"","footer-sml-layout":"","ast-disable-related-posts":"","theme-transparent-header-meta":"","adv-header-id-meta":"","stick-header-meta":"","header-above-stick-meta":"","header-main-stick-meta":"","header-below-stick-meta":"","astra-migrate-meta-layouts":"default","ast-page-background-enabled":"default","ast-page-background-meta":{"desktop":{"background-color":"var(--ast-global-color-4)","background-image":"","background-repeat":"repeat","background-position":"center center","background-size":"auto","background-attachment":"scroll","background-type":"","background-media":"","overlay-type":"","overlay-color":"","overlay-opacity":"","overlay-gradient":""},"tablet":{"background-color":"","background-image":"","background-repeat":"repeat","background-position":"center center","background-size":"auto","background-attachment":"scroll","background-type":"","background-media":"","overlay-type":"","overlay-color":"","overlay-opacity":"","overlay-gradient":""},"mobile":{"background-color":"","background-image":"","background-repeat":"repeat","background-position":"center center","background-size":"auto","background-attachment":"scroll","background-type":"","background-media":"","overlay-type":"","overlay-color":"","overlay-opacity":"","overlay-gradient":""}},"ast-content-background-meta":{"desktop":{"background-color":"var(--ast-global-color-5)","background-image":"","background-repeat":"repeat","background-position":"center center","background-size":"auto","background-attachment":"scroll","background-type":"","background-media":"","overlay-type":"","overlay-color":"","overlay-opacity":"","overlay-gradient":""},"tablet":{"background-color":"var(--ast-global-color-5)","background-image":"","background-repeat":"repeat","background-position":"center center","background-size":"auto","background-attachment":"scroll","background-type":"","background-media":"","overlay-type":"","overlay-color":"","overlay-opacity":"","overlay-gradient":""},"mobile":{"background-color":"var(--ast-global-color-5)","background-image":"","background-repeat":"repeat","background-position":"center center","background-size":"auto","background-attachment":"scroll","background-type":"","background-media":"","overlay-type":"","overlay-color":"","overlay-opacity":"","overlay-gradient":""}},"footnotes":""},"categories":[73],"tags":[],"class_list":["post-17138","post","type-post","status-publish","format-standard","has-post-thumbnail","hentry","category-centro-de-actividades"],"yoast_head":"<!-- This site is optimized with the Yoast SEO plugin v27.4 - https:\/\/yoast.com\/product\/yoast-seo-wordpress\/ -->\n<title>Loquillo y Fangoria por Fiestas de Primavera 2023 - La Farga Gesti\u00f3n de Equipamientos Municipales, S.A.<\/title>\n<meta name=\"description\" content=\"La Farga de L\u2019Hospitalet ser\u00e0 escenari dels concerts de Festes de Primavera, enguany amb Loquillo i Fangoria.\" \/>\n<meta name=\"robots\" content=\"index, follow, max-snippet:-1, max-image-preview:large, max-video-preview:-1\" \/>\n<link rel=\"canonical\" href=\"https:\/\/www.lafarga.com\/corporatiu\/loquillo-y-fangoria-por-fiestas-de-primavera-2023\/\" \/>\n<meta property=\"og:locale\" content=\"ca_ES\" \/>\n<meta property=\"og:type\" content=\"article\" \/>\n<meta property=\"og:title\" content=\"Loquillo y Fangoria por Fiestas de Primavera 2023 - La Farga Gesti\u00f3n de Equipamientos Municipales, S.A.\" \/>\n<meta property=\"og:description\" content=\"La Farga de L\u2019Hospitalet ser\u00e0 escenari dels concerts de Festes de Primavera, enguany amb Loquillo i Fangoria.\" \/>\n<meta property=\"og:url\" content=\"https:\/\/www.lafarga.com\/corporatiu\/loquillo-y-fangoria-por-fiestas-de-primavera-2023\/\" \/>\n<meta property=\"og:site_name\" content=\"La Farga Gesti\u00f3n de Equipamientos Municipales, S.A.\" \/>\n<meta property=\"article:published_time\" content=\"2023-02-16T11:54:50+00:00\" \/>\n<meta property=\"article:modified_time\" content=\"2023-02-16T11:54:51+00:00\" \/>\n<meta property=\"og:image\" content=\"https:\/\/www.lafarga.com\/corporatiu\/wp-content\/uploads\/2023\/02\/Concerts-Festes-23.jpg\" \/>\n\t<meta property=\"og:image:width\" content=\"730\" \/>\n\t<meta property=\"og:image:height\" content=\"410\" \/>\n\t<meta property=\"og:image:type\" content=\"image\/jpeg\" \/>\n<meta name=\"author\" content=\"\u00d2scar Milla\" \/>\n<meta name=\"twitter:label1\" content=\"Escrit per\" \/>\n\t<meta name=\"twitter:data1\" content=\"\u00d2scar Milla\" \/>\n\t<meta name=\"twitter:label2\" content=\"Temps estimat de lectura\" \/>\n\t<meta name=\"twitter:data2\" content=\"2 minuts\" \/>\n<script type=\"application\/ld+json\" class=\"yoast-schema-graph\">{\"@context\":\"https:\\\/\\\/schema.org\",\"@graph\":[{\"@type\":\"Article\",\"@id\":\"https:\\\/\\\/www.lafarga.com\\\/corporatiu\\\/loquillo-y-fangoria-por-fiestas-de-primavera-2023\\\/#article\",\"isPartOf\":{\"@id\":\"https:\\\/\\\/www.lafarga.com\\\/corporatiu\\\/loquillo-y-fangoria-por-fiestas-de-primavera-2023\\\/\"},\"author\":{\"name\":\"\u00d2scar Milla\",\"@id\":\"https:\\\/\\\/www.lafarga.com\\\/corporatiu\\\/#\\\/schema\\\/person\\\/70d96fe17d0da1a9c9e80d232bdbcf33\"},\"headline\":\"Loquillo y Fangoria por Fiestas de Primavera 2023\",\"datePublished\":\"2023-02-16T11:54:50+00:00\",\"dateModified\":\"2023-02-16T11:54:51+00:00\",\"mainEntityOfPage\":{\"@id\":\"https:\\\/\\\/www.lafarga.com\\\/corporatiu\\\/loquillo-y-fangoria-por-fiestas-de-primavera-2023\\\/\"},\"wordCount\":336,\"publisher\":{\"@id\":\"https:\\\/\\\/www.lafarga.com\\\/corporatiu\\\/#organization\"},\"image\":{\"@id\":\"https:\\\/\\\/www.lafarga.com\\\/corporatiu\\\/loquillo-y-fangoria-por-fiestas-de-primavera-2023\\\/#primaryimage\"},\"thumbnailUrl\":\"https:\\\/\\\/www.lafarga.com\\\/corporatiu\\\/wp-content\\\/uploads\\\/2023\\\/02\\\/Concerts-Festes-23.jpg\",\"articleSection\":[\"Centro de Actividades\"],\"inLanguage\":\"ca\"},{\"@type\":\"WebPage\",\"@id\":\"https:\\\/\\\/www.lafarga.com\\\/corporatiu\\\/loquillo-y-fangoria-por-fiestas-de-primavera-2023\\\/\",\"url\":\"https:\\\/\\\/www.lafarga.com\\\/corporatiu\\\/loquillo-y-fangoria-por-fiestas-de-primavera-2023\\\/\",\"name\":\"Loquillo y Fangoria por Fiestas de Primavera 2023 - La Farga Gesti\u00f3n de Equipamientos Municipales, S.A.\",\"isPartOf\":{\"@id\":\"https:\\\/\\\/www.lafarga.com\\\/corporatiu\\\/#website\"},\"primaryImageOfPage\":{\"@id\":\"https:\\\/\\\/www.lafarga.com\\\/corporatiu\\\/loquillo-y-fangoria-por-fiestas-de-primavera-2023\\\/#primaryimage\"},\"image\":{\"@id\":\"https:\\\/\\\/www.lafarga.com\\\/corporatiu\\\/loquillo-y-fangoria-por-fiestas-de-primavera-2023\\\/#primaryimage\"},\"thumbnailUrl\":\"https:\\\/\\\/www.lafarga.com\\\/corporatiu\\\/wp-content\\\/uploads\\\/2023\\\/02\\\/Concerts-Festes-23.jpg\",\"datePublished\":\"2023-02-16T11:54:50+00:00\",\"dateModified\":\"2023-02-16T11:54:51+00:00\",\"description\":\"La Farga de L\u2019Hospitalet ser\u00e0 escenari dels concerts de Festes de Primavera, enguany amb Loquillo i Fangoria.\",\"breadcrumb\":{\"@id\":\"https:\\\/\\\/www.lafarga.com\\\/corporatiu\\\/loquillo-y-fangoria-por-fiestas-de-primavera-2023\\\/#breadcrumb\"},\"inLanguage\":\"ca\",\"potentialAction\":[{\"@type\":\"ReadAction\",\"target\":[\"https:\\\/\\\/www.lafarga.com\\\/corporatiu\\\/loquillo-y-fangoria-por-fiestas-de-primavera-2023\\\/\"]}]},{\"@type\":\"ImageObject\",\"inLanguage\":\"ca\",\"@id\":\"https:\\\/\\\/www.lafarga.com\\\/corporatiu\\\/loquillo-y-fangoria-por-fiestas-de-primavera-2023\\\/#primaryimage\",\"url\":\"https:\\\/\\\/www.lafarga.com\\\/corporatiu\\\/wp-content\\\/uploads\\\/2023\\\/02\\\/Concerts-Festes-23.jpg\",\"contentUrl\":\"https:\\\/\\\/www.lafarga.com\\\/corporatiu\\\/wp-content\\\/uploads\\\/2023\\\/02\\\/Concerts-Festes-23.jpg\",\"width\":730,\"height\":410,\"caption\":\"Fangoria Loquillo Farga\"},{\"@type\":\"BreadcrumbList\",\"@id\":\"https:\\\/\\\/www.lafarga.com\\\/corporatiu\\\/loquillo-y-fangoria-por-fiestas-de-primavera-2023\\\/#breadcrumb\",\"itemListElement\":[{\"@type\":\"ListItem\",\"position\":1,\"name\":\"Home\",\"item\":\"https:\\\/\\\/www.lafarga.com\\\/corporatiu\\\/lafarga-hospitalet-llobregat\\\/\"},{\"@type\":\"ListItem\",\"position\":2,\"name\":\"Loquillo y Fangoria por Fiestas de Primavera 2023\"}]},{\"@type\":\"WebSite\",\"@id\":\"https:\\\/\\\/www.lafarga.com\\\/corporatiu\\\/#website\",\"url\":\"https:\\\/\\\/www.lafarga.com\\\/corporatiu\\\/\",\"name\":\"La Farga Gesti\u00f3 d&#039;Equipaments Municipals, SA\",\"description\":\"\",\"publisher\":{\"@id\":\"https:\\\/\\\/www.lafarga.com\\\/corporatiu\\\/#organization\"},\"potentialAction\":[{\"@type\":\"SearchAction\",\"target\":{\"@type\":\"EntryPoint\",\"urlTemplate\":\"https:\\\/\\\/www.lafarga.com\\\/corporatiu\\\/?s={search_term_string}\"},\"query-input\":{\"@type\":\"PropertyValueSpecification\",\"valueRequired\":true,\"valueName\":\"search_term_string\"}}],\"inLanguage\":\"ca\"},{\"@type\":\"Organization\",\"@id\":\"https:\\\/\\\/www.lafarga.com\\\/corporatiu\\\/#organization\",\"name\":\"La Farga Gesti\u00f3 d&#039;Equipaments Municipals, SA\",\"url\":\"https:\\\/\\\/www.lafarga.com\\\/corporatiu\\\/\",\"logo\":{\"@type\":\"ImageObject\",\"inLanguage\":\"ca\",\"@id\":\"https:\\\/\\\/www.lafarga.com\\\/corporatiu\\\/#\\\/schema\\\/logo\\\/image\\\/\",\"url\":\"https:\\\/\\\/www.lafarga.com\\\/corporatiu\\\/wp-content\\\/uploads\\\/2023\\\/11\\\/logotipo_lafarga_gemsa.svg\",\"contentUrl\":\"https:\\\/\\\/www.lafarga.com\\\/corporatiu\\\/wp-content\\\/uploads\\\/2023\\\/11\\\/logotipo_lafarga_gemsa.svg\",\"width\":102,\"height\":103,\"caption\":\"La Farga Gesti\u00f3 d&#039;Equipaments Municipals, SA\"},\"image\":{\"@id\":\"https:\\\/\\\/www.lafarga.com\\\/corporatiu\\\/#\\\/schema\\\/logo\\\/image\\\/\"}},{\"@type\":\"Person\",\"@id\":\"https:\\\/\\\/www.lafarga.com\\\/corporatiu\\\/#\\\/schema\\\/person\\\/70d96fe17d0da1a9c9e80d232bdbcf33\",\"name\":\"\u00d2scar Milla\",\"image\":{\"@type\":\"ImageObject\",\"inLanguage\":\"ca\",\"@id\":\"https:\\\/\\\/secure.gravatar.com\\\/avatar\\\/92e75d184f9d5e0e403bd4ad075b080ad258344ddc259adddb579f6a3ba6494f?s=96&d=mm&r=g\",\"url\":\"https:\\\/\\\/secure.gravatar.com\\\/avatar\\\/92e75d184f9d5e0e403bd4ad075b080ad258344ddc259adddb579f6a3ba6494f?s=96&d=mm&r=g\",\"contentUrl\":\"https:\\\/\\\/secure.gravatar.com\\\/avatar\\\/92e75d184f9d5e0e403bd4ad075b080ad258344ddc259adddb579f6a3ba6494f?s=96&d=mm&r=g\",\"caption\":\"\u00d2scar Milla\"},\"url\":\"https:\\\/\\\/www.lafarga.com\\\/corporatiu\\\/author\\\/omilla\\\/\"}]}<\/script>\n<!-- \/ Yoast SEO plugin. -->","yoast_head_json":{"title":"Loquillo y Fangoria por Fiestas de Primavera 2023 - La Farga Gesti\u00f3n de Equipamientos Municipales, S.A.","description":"La Farga de L\u2019Hospitalet ser\u00e0 escenari dels concerts de Festes de Primavera, enguany amb Loquillo i Fangoria.","robots":{"index":"index","follow":"follow","max-snippet":"max-snippet:-1","max-image-preview":"max-image-preview:large","max-video-preview":"max-video-preview:-1"},"canonical":"https:\/\/www.lafarga.com\/corporatiu\/loquillo-y-fangoria-por-fiestas-de-primavera-2023\/","og_locale":"ca_ES","og_type":"article","og_title":"Loquillo y Fangoria por Fiestas de Primavera 2023 - La Farga Gesti\u00f3n de Equipamientos Municipales, S.A.","og_description":"La Farga de L\u2019Hospitalet ser\u00e0 escenari dels concerts de Festes de Primavera, enguany amb Loquillo i Fangoria.","og_url":"https:\/\/www.lafarga.com\/corporatiu\/loquillo-y-fangoria-por-fiestas-de-primavera-2023\/","og_site_name":"La Farga Gesti\u00f3n de Equipamientos Municipales, S.A.","article_published_time":"2023-02-16T11:54:50+00:00","article_modified_time":"2023-02-16T11:54:51+00:00","og_image":[{"width":730,"height":410,"url":"https:\/\/www.lafarga.com\/corporatiu\/wp-content\/uploads\/2023\/02\/Concerts-Festes-23.jpg","type":"image\/jpeg"}],"author":"\u00d2scar Milla","twitter_misc":{"Escrit per":"\u00d2scar Milla","Temps estimat de lectura":"2 minuts"},"schema":{"@context":"https:\/\/schema.org","@graph":[{"@type":"Article","@id":"https:\/\/www.lafarga.com\/corporatiu\/loquillo-y-fangoria-por-fiestas-de-primavera-2023\/#article","isPartOf":{"@id":"https:\/\/www.lafarga.com\/corporatiu\/loquillo-y-fangoria-por-fiestas-de-primavera-2023\/"},"author":{"name":"\u00d2scar Milla","@id":"https:\/\/www.lafarga.com\/corporatiu\/#\/schema\/person\/70d96fe17d0da1a9c9e80d232bdbcf33"},"headline":"Loquillo y Fangoria por Fiestas de Primavera 2023","datePublished":"2023-02-16T11:54:50+00:00","dateModified":"2023-02-16T11:54:51+00:00","mainEntityOfPage":{"@id":"https:\/\/www.lafarga.com\/corporatiu\/loquillo-y-fangoria-por-fiestas-de-primavera-2023\/"},"wordCount":336,"publisher":{"@id":"https:\/\/www.lafarga.com\/corporatiu\/#organization"},"image":{"@id":"https:\/\/www.lafarga.com\/corporatiu\/loquillo-y-fangoria-por-fiestas-de-primavera-2023\/#primaryimage"},"thumbnailUrl":"https:\/\/www.lafarga.com\/corporatiu\/wp-content\/uploads\/2023\/02\/Concerts-Festes-23.jpg","articleSection":["Centro de Actividades"],"inLanguage":"ca"},{"@type":"WebPage","@id":"https:\/\/www.lafarga.com\/corporatiu\/loquillo-y-fangoria-por-fiestas-de-primavera-2023\/","url":"https:\/\/www.lafarga.com\/corporatiu\/loquillo-y-fangoria-por-fiestas-de-primavera-2023\/","name":"Loquillo y Fangoria por Fiestas de Primavera 2023 - La Farga Gesti\u00f3n de Equipamientos Municipales, S.A.","isPartOf":{"@id":"https:\/\/www.lafarga.com\/corporatiu\/#website"},"primaryImageOfPage":{"@id":"https:\/\/www.lafarga.com\/corporatiu\/loquillo-y-fangoria-por-fiestas-de-primavera-2023\/#primaryimage"},"image":{"@id":"https:\/\/www.lafarga.com\/corporatiu\/loquillo-y-fangoria-por-fiestas-de-primavera-2023\/#primaryimage"},"thumbnailUrl":"https:\/\/www.lafarga.com\/corporatiu\/wp-content\/uploads\/2023\/02\/Concerts-Festes-23.jpg","datePublished":"2023-02-16T11:54:50+00:00","dateModified":"2023-02-16T11:54:51+00:00","description":"La Farga de L\u2019Hospitalet ser\u00e0 escenari dels concerts de Festes de Primavera, enguany amb Loquillo i Fangoria.","breadcrumb":{"@id":"https:\/\/www.lafarga.com\/corporatiu\/loquillo-y-fangoria-por-fiestas-de-primavera-2023\/#breadcrumb"},"inLanguage":"ca","potentialAction":[{"@type":"ReadAction","target":["https:\/\/www.lafarga.com\/corporatiu\/loquillo-y-fangoria-por-fiestas-de-primavera-2023\/"]}]},{"@type":"ImageObject","inLanguage":"ca","@id":"https:\/\/www.lafarga.com\/corporatiu\/loquillo-y-fangoria-por-fiestas-de-primavera-2023\/#primaryimage","url":"https:\/\/www.lafarga.com\/corporatiu\/wp-content\/uploads\/2023\/02\/Concerts-Festes-23.jpg","contentUrl":"https:\/\/www.lafarga.com\/corporatiu\/wp-content\/uploads\/2023\/02\/Concerts-Festes-23.jpg","width":730,"height":410,"caption":"Fangoria Loquillo Farga"},{"@type":"BreadcrumbList","@id":"https:\/\/www.lafarga.com\/corporatiu\/loquillo-y-fangoria-por-fiestas-de-primavera-2023\/#breadcrumb","itemListElement":[{"@type":"ListItem","position":1,"name":"Home","item":"https:\/\/www.lafarga.com\/corporatiu\/lafarga-hospitalet-llobregat\/"},{"@type":"ListItem","position":2,"name":"Loquillo y Fangoria por Fiestas de Primavera 2023"}]},{"@type":"WebSite","@id":"https:\/\/www.lafarga.com\/corporatiu\/#website","url":"https:\/\/www.lafarga.com\/corporatiu\/","name":"La Farga Gesti\u00f3 d&#039;Equipaments Municipals, SA","description":"","publisher":{"@id":"https:\/\/www.lafarga.com\/corporatiu\/#organization"},"potentialAction":[{"@type":"SearchAction","target":{"@type":"EntryPoint","urlTemplate":"https:\/\/www.lafarga.com\/corporatiu\/?s={search_term_string}"},"query-input":{"@type":"PropertyValueSpecification","valueRequired":true,"valueName":"search_term_string"}}],"inLanguage":"ca"},{"@type":"Organization","@id":"https:\/\/www.lafarga.com\/corporatiu\/#organization","name":"La Farga Gesti\u00f3 d&#039;Equipaments Municipals, SA","url":"https:\/\/www.lafarga.com\/corporatiu\/","logo":{"@type":"ImageObject","inLanguage":"ca","@id":"https:\/\/www.lafarga.com\/corporatiu\/#\/schema\/logo\/image\/","url":"https:\/\/www.lafarga.com\/corporatiu\/wp-content\/uploads\/2023\/11\/logotipo_lafarga_gemsa.svg","contentUrl":"https:\/\/www.lafarga.com\/corporatiu\/wp-content\/uploads\/2023\/11\/logotipo_lafarga_gemsa.svg","width":102,"height":103,"caption":"La Farga Gesti\u00f3 d&#039;Equipaments Municipals, SA"},"image":{"@id":"https:\/\/www.lafarga.com\/corporatiu\/#\/schema\/logo\/image\/"}},{"@type":"Person","@id":"https:\/\/www.lafarga.com\/corporatiu\/#\/schema\/person\/70d96fe17d0da1a9c9e80d232bdbcf33","name":"\u00d2scar Milla","image":{"@type":"ImageObject","inLanguage":"ca","@id":"https:\/\/secure.gravatar.com\/avatar\/92e75d184f9d5e0e403bd4ad075b080ad258344ddc259adddb579f6a3ba6494f?s=96&d=mm&r=g","url":"https:\/\/secure.gravatar.com\/avatar\/92e75d184f9d5e0e403bd4ad075b080ad258344ddc259adddb579f6a3ba6494f?s=96&d=mm&r=g","contentUrl":"https:\/\/secure.gravatar.com\/avatar\/92e75d184f9d5e0e403bd4ad075b080ad258344ddc259adddb579f6a3ba6494f?s=96&d=mm&r=g","caption":"\u00d2scar Milla"},"url":"https:\/\/www.lafarga.com\/corporatiu\/author\/omilla\/"}]}},"uagb_featured_image_src":{"full":["https:\/\/www.lafarga.com\/corporatiu\/wp-content\/uploads\/2023\/02\/Concerts-Festes-23.jpg",730,410,false],"thumbnail":["https:\/\/www.lafarga.com\/corporatiu\/wp-content\/uploads\/2023\/02\/Concerts-Festes-23-150x150.jpg",150,150,true],"medium":["https:\/\/www.lafarga.com\/corporatiu\/wp-content\/uploads\/2023\/02\/Concerts-Festes-23-300x168.jpg",300,168,true],"medium_large":["https:\/\/www.lafarga.com\/corporatiu\/wp-content\/uploads\/2023\/02\/Concerts-Festes-23.jpg",730,410,false],"large":["https:\/\/www.lafarga.com\/corporatiu\/wp-content\/uploads\/2023\/02\/Concerts-Festes-23.jpg",730,410,false],"1536x1536":["https:\/\/www.lafarga.com\/corporatiu\/wp-content\/uploads\/2023\/02\/Concerts-Festes-23.jpg",730,410,false],"2048x2048":["https:\/\/www.lafarga.com\/corporatiu\/wp-content\/uploads\/2023\/02\/Concerts-Festes-23.jpg",730,410,false],"mailpoet_newsletter_max":["https:\/\/www.lafarga.com\/corporatiu\/wp-content\/uploads\/2023\/02\/Concerts-Festes-23.jpg",730,410,false]},"uagb_author_info":{"display_name":"\u00d2scar Milla","author_link":"https:\/\/www.lafarga.com\/corporatiu\/author\/omilla\/"},"uagb_comment_info":0,"uagb_excerpt":"La Farga de L\u00b4Hospitalet ser\u00e1 escenario de los conciertos multitudinarios de Fiestas de Primavera, este a\u00f1o los d\u00edas 21 y 22 de abril con grandes protagonistas de la m\u00fasica espa\u00f1ola.","_links":{"self":[{"href":"https:\/\/www.lafarga.com\/corporatiu\/wp-json\/wp\/v2\/posts\/17138","targetHints":{"allow":["GET"]}}],"collection":[{"href":"https:\/\/www.lafarga.com\/corporatiu\/wp-json\/wp\/v2\/posts"}],"about":[{"href":"https:\/\/www.lafarga.com\/corporatiu\/wp-json\/wp\/v2\/types\/post"}],"author":[{"embeddable":true,"href":"https:\/\/www.lafarga.com\/corporatiu\/wp-json\/wp\/v2\/users\/5"}],"replies":[{"embeddable":true,"href":"https:\/\/www.lafarga.com\/corporatiu\/wp-json\/wp\/v2\/comments?post=17138"}],"version-history":[{"count":1,"href":"https:\/\/www.lafarga.com\/corporatiu\/wp-json\/wp\/v2\/posts\/17138\/revisions"}],"predecessor-version":[{"id":17139,"href":"https:\/\/www.lafarga.com\/corporatiu\/wp-json\/wp\/v2\/posts\/17138\/revisions\/17139"}],"wp:featuredmedia":[{"embeddable":true,"href":"https:\/\/www.lafarga.com\/corporatiu\/wp-json\/wp\/v2\/media\/17136"}],"wp:attachment":[{"href":"https:\/\/www.lafarga.com\/corporatiu\/wp-json\/wp\/v2\/media?parent=17138"}],"wp:term":[{"taxonomy":"category","embeddable":true,"href":"https:\/\/www.lafarga.com\/corporatiu\/wp-json\/wp\/v2\/categories?post=17138"},{"taxonomy":"post_tag","embeddable":true,"href":"https:\/\/www.lafarga.com\/corporatiu\/wp-json\/wp\/v2\/tags?post=17138"}],"curies":[{"name":"wp","href":"https:\/\/api.w.org\/{rel}","templated":true}]}}