{"id":17133,"date":"2023-02-16T11:51:49","date_gmt":"2023-02-16T11:51:49","guid":{"rendered":"http:\/\/www.lafarga.com\/corporatiu\/?p=17133"},"modified":"2023-02-16T11:51:49","modified_gmt":"2023-02-16T11:51:49","slug":"loquillo-i-fangoria-concerts-de-festes-de-primavera-2023","status":"publish","type":"post","link":"https:\/\/www.lafarga.com\/corporatiu\/loquillo-i-fangoria-concerts-de-festes-de-primavera-2023\/","title":{"rendered":"Loquillo i Fangoria, concerts de Festes de Primavera 2023"},"content":{"rendered":"\r\n<h5 class=\"wp-block-heading\">Dani Flaco i Nancys Rubias completen el cartell dels dies 21 i 22 d\u2019abril<\/h5>\r\n\r\n\r\n\r\n<p>La Farga de L\u2019Hospitalet ser\u00e0 escenari dels concerts multitudinaris de Festes de Primavera, enguany els dies 21 i 22 d\u2019abril amb grans protagonistes de la m\u00fasica espanyola.<\/p>\r\n\r\n\r\n\r\n<p>La programaci\u00f3 ofereix el millor rock i pop ballable nacional amb dos dels principals referents de l\u2019escena espanyola. Divendres, 21 d\u2019abril, el gran\u00a0<strong>Loquillo<\/strong>\u00a0torna a La Farga per descarregar el seu repertori estel\u00b7lar en el marc de la seva gira actual, que sense embuts rep el nom d\u2019El Rey. Aquesta expl\u00edcita declaraci\u00f3 d\u2019intencions no \u00e9s gratu\u00efta, doncs el d\u2019El Clot segueix representant com ning\u00fa l\u2019esperit lliure i perill\u00f3s del rock\u2019n\u2019roll, regnant amb una envejable traject\u00f2ria farcida d\u2019himnes que formen part de la mem\u00f2ria col\u00b7lectiva de diverses generacions.<\/p>\r\n\r\n\r\n\r\n<p>Obrir\u00e0 la nit el carism\u00e0tic cantautor hospitalenc,\u00a0<strong>Dani Flaco<\/strong>, amb la seva personal\u00edssima proposta d\u2019autor.<\/p>\r\n\r\n\r\n\r\n<p>Diuen les cr\u00f2niques de l\u2019\u00e8poca que Jos\u00e9 Mar\u00eda Sanz va arribar a l\u2019epicentre de la Movida Madrile\u00f1a de la m\u00e0 d\u2019una de les seves figures clau: Olvido Gara, m\u00e9s coneguda com Alaska.<\/p>\r\n\r\n\r\n\r\n<p>Dissabte, 22 d\u2019abril, els no menys imprescindibles\u00a0<strong>Fangoria<\/strong>\u00a0actuaran a La Farga per certificar, un cop m\u00e9s, la seva categoria de cl\u00e0ssics. Les seves emocions a flor de pell, servides sobre rotundes bases electr\u00f2niques, fan d\u2019Alaska i Nacho Canut mestres indiscutibles de la pista de ball, en una cita amb els seus grans \u00e8xits que conv\u00e9 no passar per alt. Tot parafrasejant els seus adorats Ultravox, \u201cdancing with tears in my eyes\u201d.<\/p>\r\n\r\n\r\n\r\n<p>I per arrodonir una vetllada plena de diversi\u00f3, les\u00a0<strong>Nancys Rubias<\/strong>\u00a0de Mario Vaquerizo seran les encarregades d\u2019escalfar l\u2019ambient amb ritme i petardeo d\u2019alta volada.<\/p>\r\n\r\n\r\n\r\n<p><a href=\"https:\/\/www.theproject.es\/es\/c-4141\/loquillo-dani-flaco\" target=\"_blank\" rel=\"noreferrer noopener\">Venda d\u2019entrades Loquillo i Dani Flaco<\/a><\/p>\r\n\r\n\r\n\r\n<p><a href=\"https:\/\/www.theproject.es\/es\/c-4140\/fangoria-nancys-rubias\" target=\"_blank\" rel=\"noreferrer noopener\">Venda d\u2019entrades Fangoria i Nancys Rubias<\/a><\/p>\r\n","protected":false},"excerpt":{"rendered":"<p>La Farga de L\u2019Hospitalet ser\u00e0 escenari dels concerts multitudinaris de Festes de Primavera, enguany els dies 21 i 22 d\u2019abril amb grans protagonistes de la m\u00fasica espanyola.<\/p>\n","protected":false},"author":5,"featured_media":17136,"comment_status":"closed","ping_status":"closed","sticky":false,"template":"","format":"standard","meta":{"inline_featured_image":false,"_uag_custom_page_level_css":"","_monsterinsights_skip_tracking":false,"_monsterinsights_sitenote_active":false,"_monsterinsights_sitenote_note":"","_monsterinsights_sitenote_category":0,"site-sidebar-layout":"default","site-content-layout":"","ast-site-content-layout":"default","site-content-style":"default","site-sidebar-style":"default","ast-global-header-display":"","ast-banner-title-visibility":"","ast-main-header-display":"","ast-hfb-above-header-display":"","ast-hfb-below-header-display":"","ast-hfb-mobile-header-display":"","site-post-title":"","ast-breadcrumbs-content":"","ast-featured-img":"","footer-sml-layout":"","ast-disable-related-posts":"","theme-transparent-header-meta":"","adv-header-id-meta":"","stick-header-meta":"","header-above-stick-meta":"","header-main-stick-meta":"","header-below-stick-meta":"","astra-migrate-meta-layouts":"default","ast-page-background-enabled":"default","ast-page-background-meta":{"desktop":{"background-color":"var(--ast-global-color-4)","background-image":"","background-repeat":"repeat","background-position":"center center","background-size":"auto","background-attachment":"scroll","background-type":"","background-media":"","overlay-type":"","overlay-color":"","overlay-opacity":"","overlay-gradient":""},"tablet":{"background-color":"","background-image":"","background-repeat":"repeat","background-position":"center center","background-size":"auto","background-attachment":"scroll","background-type":"","background-media":"","overlay-type":"","overlay-color":"","overlay-opacity":"","overlay-gradient":""},"mobile":{"background-color":"","background-image":"","background-repeat":"repeat","background-position":"center center","background-size":"auto","background-attachment":"scroll","background-type":"","background-media":"","overlay-type":"","overlay-color":"","overlay-opacity":"","overlay-gradient":""}},"ast-content-background-meta":{"desktop":{"background-color":"var(--ast-global-color-5)","background-image":"","background-repeat":"repeat","background-position":"center center","background-size":"auto","background-attachment":"scroll","background-type":"","background-media":"","overlay-type":"","overlay-color":"","overlay-opacity":"","overlay-gradient":""},"tablet":{"background-color":"var(--ast-global-color-5)","background-image":"","background-repeat":"repeat","background-position":"center center","background-size":"auto","background-attachment":"scroll","background-type":"","background-media":"","overlay-type":"","overlay-color":"","overlay-opacity":"","overlay-gradient":""},"mobile":{"background-color":"var(--ast-global-color-5)","background-image":"","background-repeat":"repeat","background-position":"center center","background-size":"auto","background-attachment":"scroll","background-type":"","background-media":"","overlay-type":"","overlay-color":"","overlay-opacity":"","overlay-gradient":""}},"footnotes":""},"categories":[49],"tags":[],"class_list":["post-17133","post","type-post","status-publish","format-standard","has-post-thumbnail","hentry","category-centre-activitats"],"yoast_head":"<!-- This site is optimized with the Yoast SEO plugin v27.4 - https:\/\/yoast.com\/product\/yoast-seo-wordpress\/ -->\n<title>Loquillo i Fangoria, concerts de Festes de Primavera 2023 - La Farga Gesti\u00f3n de Equipamientos Municipales, S.A.<\/title>\n<meta name=\"description\" content=\"La Farga de L\u2019Hospitalet ser\u00e0 escenari dels concerts de Festes de Primavera, enguany amb Loquillo i Fangoria.\" \/>\n<meta name=\"robots\" content=\"index, follow, max-snippet:-1, max-image-preview:large, max-video-preview:-1\" \/>\n<link rel=\"canonical\" href=\"https:\/\/www.lafarga.com\/corporatiu\/loquillo-i-fangoria-concerts-de-festes-de-primavera-2023\/\" \/>\n<meta property=\"og:locale\" content=\"ca_ES\" \/>\n<meta property=\"og:type\" content=\"article\" \/>\n<meta property=\"og:title\" content=\"Loquillo i Fangoria, concerts de Festes de Primavera 2023 - La Farga Gesti\u00f3n de Equipamientos Municipales, S.A.\" \/>\n<meta property=\"og:description\" content=\"La Farga de L\u2019Hospitalet ser\u00e0 escenari dels concerts de Festes de Primavera, enguany amb Loquillo i Fangoria.\" \/>\n<meta property=\"og:url\" content=\"https:\/\/www.lafarga.com\/corporatiu\/loquillo-i-fangoria-concerts-de-festes-de-primavera-2023\/\" \/>\n<meta property=\"og:site_name\" content=\"La Farga Gesti\u00f3n de Equipamientos Municipales, S.A.\" \/>\n<meta property=\"article:published_time\" content=\"2023-02-16T11:51:49+00:00\" \/>\n<meta property=\"og:image\" content=\"https:\/\/www.lafarga.com\/corporatiu\/wp-content\/uploads\/2023\/02\/Concerts-Festes-23.jpg\" \/>\n\t<meta property=\"og:image:width\" content=\"730\" \/>\n\t<meta property=\"og:image:height\" content=\"410\" \/>\n\t<meta property=\"og:image:type\" content=\"image\/jpeg\" \/>\n<meta name=\"author\" content=\"\u00d2scar Milla\" \/>\n<meta name=\"twitter:label1\" content=\"Escrit per\" \/>\n\t<meta name=\"twitter:data1\" content=\"\u00d2scar Milla\" \/>\n\t<meta name=\"twitter:label2\" content=\"Temps estimat de lectura\" \/>\n\t<meta name=\"twitter:data2\" content=\"2 minuts\" \/>\n<script type=\"application\/ld+json\" class=\"yoast-schema-graph\">{\"@context\":\"https:\\\/\\\/schema.org\",\"@graph\":[{\"@type\":\"Article\",\"@id\":\"https:\\\/\\\/www.lafarga.com\\\/corporatiu\\\/loquillo-i-fangoria-concerts-de-festes-de-primavera-2023\\\/#article\",\"isPartOf\":{\"@id\":\"https:\\\/\\\/www.lafarga.com\\\/corporatiu\\\/loquillo-i-fangoria-concerts-de-festes-de-primavera-2023\\\/\"},\"author\":{\"name\":\"\u00d2scar Milla\",\"@id\":\"https:\\\/\\\/www.lafarga.com\\\/corporatiu\\\/#\\\/schema\\\/person\\\/70d96fe17d0da1a9c9e80d232bdbcf33\"},\"headline\":\"Loquillo i Fangoria, concerts de Festes de Primavera 2023\",\"datePublished\":\"2023-02-16T11:51:49+00:00\",\"mainEntityOfPage\":{\"@id\":\"https:\\\/\\\/www.lafarga.com\\\/corporatiu\\\/loquillo-i-fangoria-concerts-de-festes-de-primavera-2023\\\/\"},\"wordCount\":327,\"publisher\":{\"@id\":\"https:\\\/\\\/www.lafarga.com\\\/corporatiu\\\/#organization\"},\"image\":{\"@id\":\"https:\\\/\\\/www.lafarga.com\\\/corporatiu\\\/loquillo-i-fangoria-concerts-de-festes-de-primavera-2023\\\/#primaryimage\"},\"thumbnailUrl\":\"https:\\\/\\\/www.lafarga.com\\\/corporatiu\\\/wp-content\\\/uploads\\\/2023\\\/02\\\/Concerts-Festes-23.jpg\",\"articleSection\":[\"Centre d'Activitats\"],\"inLanguage\":\"ca\"},{\"@type\":\"WebPage\",\"@id\":\"https:\\\/\\\/www.lafarga.com\\\/corporatiu\\\/loquillo-i-fangoria-concerts-de-festes-de-primavera-2023\\\/\",\"url\":\"https:\\\/\\\/www.lafarga.com\\\/corporatiu\\\/loquillo-i-fangoria-concerts-de-festes-de-primavera-2023\\\/\",\"name\":\"Loquillo i Fangoria, concerts de Festes de Primavera 2023 - La Farga Gesti\u00f3n de Equipamientos Municipales, S.A.\",\"isPartOf\":{\"@id\":\"https:\\\/\\\/www.lafarga.com\\\/corporatiu\\\/#website\"},\"primaryImageOfPage\":{\"@id\":\"https:\\\/\\\/www.lafarga.com\\\/corporatiu\\\/loquillo-i-fangoria-concerts-de-festes-de-primavera-2023\\\/#primaryimage\"},\"image\":{\"@id\":\"https:\\\/\\\/www.lafarga.com\\\/corporatiu\\\/loquillo-i-fangoria-concerts-de-festes-de-primavera-2023\\\/#primaryimage\"},\"thumbnailUrl\":\"https:\\\/\\\/www.lafarga.com\\\/corporatiu\\\/wp-content\\\/uploads\\\/2023\\\/02\\\/Concerts-Festes-23.jpg\",\"datePublished\":\"2023-02-16T11:51:49+00:00\",\"description\":\"La Farga de L\u2019Hospitalet ser\u00e0 escenari dels concerts de Festes de Primavera, enguany amb Loquillo i Fangoria.\",\"breadcrumb\":{\"@id\":\"https:\\\/\\\/www.lafarga.com\\\/corporatiu\\\/loquillo-i-fangoria-concerts-de-festes-de-primavera-2023\\\/#breadcrumb\"},\"inLanguage\":\"ca\",\"potentialAction\":[{\"@type\":\"ReadAction\",\"target\":[\"https:\\\/\\\/www.lafarga.com\\\/corporatiu\\\/loquillo-i-fangoria-concerts-de-festes-de-primavera-2023\\\/\"]}]},{\"@type\":\"ImageObject\",\"inLanguage\":\"ca\",\"@id\":\"https:\\\/\\\/www.lafarga.com\\\/corporatiu\\\/loquillo-i-fangoria-concerts-de-festes-de-primavera-2023\\\/#primaryimage\",\"url\":\"https:\\\/\\\/www.lafarga.com\\\/corporatiu\\\/wp-content\\\/uploads\\\/2023\\\/02\\\/Concerts-Festes-23.jpg\",\"contentUrl\":\"https:\\\/\\\/www.lafarga.com\\\/corporatiu\\\/wp-content\\\/uploads\\\/2023\\\/02\\\/Concerts-Festes-23.jpg\",\"width\":730,\"height\":410,\"caption\":\"Fangoria Loquillo Farga\"},{\"@type\":\"BreadcrumbList\",\"@id\":\"https:\\\/\\\/www.lafarga.com\\\/corporatiu\\\/loquillo-i-fangoria-concerts-de-festes-de-primavera-2023\\\/#breadcrumb\",\"itemListElement\":[{\"@type\":\"ListItem\",\"position\":1,\"name\":\"Home\",\"item\":\"https:\\\/\\\/www.lafarga.com\\\/corporatiu\\\/lafarga-hospitalet-llobregat\\\/\"},{\"@type\":\"ListItem\",\"position\":2,\"name\":\"Loquillo i Fangoria, concerts de Festes de Primavera 2023\"}]},{\"@type\":\"WebSite\",\"@id\":\"https:\\\/\\\/www.lafarga.com\\\/corporatiu\\\/#website\",\"url\":\"https:\\\/\\\/www.lafarga.com\\\/corporatiu\\\/\",\"name\":\"La Farga Gesti\u00f3 d&#039;Equipaments Municipals, SA\",\"description\":\"\",\"publisher\":{\"@id\":\"https:\\\/\\\/www.lafarga.com\\\/corporatiu\\\/#organization\"},\"potentialAction\":[{\"@type\":\"SearchAction\",\"target\":{\"@type\":\"EntryPoint\",\"urlTemplate\":\"https:\\\/\\\/www.lafarga.com\\\/corporatiu\\\/?s={search_term_string}\"},\"query-input\":{\"@type\":\"PropertyValueSpecification\",\"valueRequired\":true,\"valueName\":\"search_term_string\"}}],\"inLanguage\":\"ca\"},{\"@type\":\"Organization\",\"@id\":\"https:\\\/\\\/www.lafarga.com\\\/corporatiu\\\/#organization\",\"name\":\"La Farga Gesti\u00f3 d&#039;Equipaments Municipals, SA\",\"url\":\"https:\\\/\\\/www.lafarga.com\\\/corporatiu\\\/\",\"logo\":{\"@type\":\"ImageObject\",\"inLanguage\":\"ca\",\"@id\":\"https:\\\/\\\/www.lafarga.com\\\/corporatiu\\\/#\\\/schema\\\/logo\\\/image\\\/\",\"url\":\"https:\\\/\\\/www.lafarga.com\\\/corporatiu\\\/wp-content\\\/uploads\\\/2023\\\/11\\\/logotipo_lafarga_gemsa.svg\",\"contentUrl\":\"https:\\\/\\\/www.lafarga.com\\\/corporatiu\\\/wp-content\\\/uploads\\\/2023\\\/11\\\/logotipo_lafarga_gemsa.svg\",\"width\":102,\"height\":103,\"caption\":\"La Farga Gesti\u00f3 d&#039;Equipaments Municipals, SA\"},\"image\":{\"@id\":\"https:\\\/\\\/www.lafarga.com\\\/corporatiu\\\/#\\\/schema\\\/logo\\\/image\\\/\"}},{\"@type\":\"Person\",\"@id\":\"https:\\\/\\\/www.lafarga.com\\\/corporatiu\\\/#\\\/schema\\\/person\\\/70d96fe17d0da1a9c9e80d232bdbcf33\",\"name\":\"\u00d2scar Milla\",\"image\":{\"@type\":\"ImageObject\",\"inLanguage\":\"ca\",\"@id\":\"https:\\\/\\\/secure.gravatar.com\\\/avatar\\\/92e75d184f9d5e0e403bd4ad075b080ad258344ddc259adddb579f6a3ba6494f?s=96&d=mm&r=g\",\"url\":\"https:\\\/\\\/secure.gravatar.com\\\/avatar\\\/92e75d184f9d5e0e403bd4ad075b080ad258344ddc259adddb579f6a3ba6494f?s=96&d=mm&r=g\",\"contentUrl\":\"https:\\\/\\\/secure.gravatar.com\\\/avatar\\\/92e75d184f9d5e0e403bd4ad075b080ad258344ddc259adddb579f6a3ba6494f?s=96&d=mm&r=g\",\"caption\":\"\u00d2scar Milla\"},\"url\":\"https:\\\/\\\/www.lafarga.com\\\/corporatiu\\\/author\\\/omilla\\\/\"}]}<\/script>\n<!-- \/ Yoast SEO plugin. -->","yoast_head_json":{"title":"Loquillo i Fangoria, concerts de Festes de Primavera 2023 - La Farga Gesti\u00f3n de Equipamientos Municipales, S.A.","description":"La Farga de L\u2019Hospitalet ser\u00e0 escenari dels concerts de Festes de Primavera, enguany amb Loquillo i Fangoria.","robots":{"index":"index","follow":"follow","max-snippet":"max-snippet:-1","max-image-preview":"max-image-preview:large","max-video-preview":"max-video-preview:-1"},"canonical":"https:\/\/www.lafarga.com\/corporatiu\/loquillo-i-fangoria-concerts-de-festes-de-primavera-2023\/","og_locale":"ca_ES","og_type":"article","og_title":"Loquillo i Fangoria, concerts de Festes de Primavera 2023 - La Farga Gesti\u00f3n de Equipamientos Municipales, S.A.","og_description":"La Farga de L\u2019Hospitalet ser\u00e0 escenari dels concerts de Festes de Primavera, enguany amb Loquillo i Fangoria.","og_url":"https:\/\/www.lafarga.com\/corporatiu\/loquillo-i-fangoria-concerts-de-festes-de-primavera-2023\/","og_site_name":"La Farga Gesti\u00f3n de Equipamientos Municipales, S.A.","article_published_time":"2023-02-16T11:51:49+00:00","og_image":[{"width":730,"height":410,"url":"https:\/\/www.lafarga.com\/corporatiu\/wp-content\/uploads\/2023\/02\/Concerts-Festes-23.jpg","type":"image\/jpeg"}],"author":"\u00d2scar Milla","twitter_misc":{"Escrit per":"\u00d2scar Milla","Temps estimat de lectura":"2 minuts"},"schema":{"@context":"https:\/\/schema.org","@graph":[{"@type":"Article","@id":"https:\/\/www.lafarga.com\/corporatiu\/loquillo-i-fangoria-concerts-de-festes-de-primavera-2023\/#article","isPartOf":{"@id":"https:\/\/www.lafarga.com\/corporatiu\/loquillo-i-fangoria-concerts-de-festes-de-primavera-2023\/"},"author":{"name":"\u00d2scar Milla","@id":"https:\/\/www.lafarga.com\/corporatiu\/#\/schema\/person\/70d96fe17d0da1a9c9e80d232bdbcf33"},"headline":"Loquillo i Fangoria, concerts de Festes de Primavera 2023","datePublished":"2023-02-16T11:51:49+00:00","mainEntityOfPage":{"@id":"https:\/\/www.lafarga.com\/corporatiu\/loquillo-i-fangoria-concerts-de-festes-de-primavera-2023\/"},"wordCount":327,"publisher":{"@id":"https:\/\/www.lafarga.com\/corporatiu\/#organization"},"image":{"@id":"https:\/\/www.lafarga.com\/corporatiu\/loquillo-i-fangoria-concerts-de-festes-de-primavera-2023\/#primaryimage"},"thumbnailUrl":"https:\/\/www.lafarga.com\/corporatiu\/wp-content\/uploads\/2023\/02\/Concerts-Festes-23.jpg","articleSection":["Centre d'Activitats"],"inLanguage":"ca"},{"@type":"WebPage","@id":"https:\/\/www.lafarga.com\/corporatiu\/loquillo-i-fangoria-concerts-de-festes-de-primavera-2023\/","url":"https:\/\/www.lafarga.com\/corporatiu\/loquillo-i-fangoria-concerts-de-festes-de-primavera-2023\/","name":"Loquillo i Fangoria, concerts de Festes de Primavera 2023 - La Farga Gesti\u00f3n de Equipamientos Municipales, S.A.","isPartOf":{"@id":"https:\/\/www.lafarga.com\/corporatiu\/#website"},"primaryImageOfPage":{"@id":"https:\/\/www.lafarga.com\/corporatiu\/loquillo-i-fangoria-concerts-de-festes-de-primavera-2023\/#primaryimage"},"image":{"@id":"https:\/\/www.lafarga.com\/corporatiu\/loquillo-i-fangoria-concerts-de-festes-de-primavera-2023\/#primaryimage"},"thumbnailUrl":"https:\/\/www.lafarga.com\/corporatiu\/wp-content\/uploads\/2023\/02\/Concerts-Festes-23.jpg","datePublished":"2023-02-16T11:51:49+00:00","description":"La Farga de L\u2019Hospitalet ser\u00e0 escenari dels concerts de Festes de Primavera, enguany amb Loquillo i Fangoria.","breadcrumb":{"@id":"https:\/\/www.lafarga.com\/corporatiu\/loquillo-i-fangoria-concerts-de-festes-de-primavera-2023\/#breadcrumb"},"inLanguage":"ca","potentialAction":[{"@type":"ReadAction","target":["https:\/\/www.lafarga.com\/corporatiu\/loquillo-i-fangoria-concerts-de-festes-de-primavera-2023\/"]}]},{"@type":"ImageObject","inLanguage":"ca","@id":"https:\/\/www.lafarga.com\/corporatiu\/loquillo-i-fangoria-concerts-de-festes-de-primavera-2023\/#primaryimage","url":"https:\/\/www.lafarga.com\/corporatiu\/wp-content\/uploads\/2023\/02\/Concerts-Festes-23.jpg","contentUrl":"https:\/\/www.lafarga.com\/corporatiu\/wp-content\/uploads\/2023\/02\/Concerts-Festes-23.jpg","width":730,"height":410,"caption":"Fangoria Loquillo Farga"},{"@type":"BreadcrumbList","@id":"https:\/\/www.lafarga.com\/corporatiu\/loquillo-i-fangoria-concerts-de-festes-de-primavera-2023\/#breadcrumb","itemListElement":[{"@type":"ListItem","position":1,"name":"Home","item":"https:\/\/www.lafarga.com\/corporatiu\/lafarga-hospitalet-llobregat\/"},{"@type":"ListItem","position":2,"name":"Loquillo i Fangoria, concerts de Festes de Primavera 2023"}]},{"@type":"WebSite","@id":"https:\/\/www.lafarga.com\/corporatiu\/#website","url":"https:\/\/www.lafarga.com\/corporatiu\/","name":"La Farga Gesti\u00f3 d&#039;Equipaments Municipals, SA","description":"","publisher":{"@id":"https:\/\/www.lafarga.com\/corporatiu\/#organization"},"potentialAction":[{"@type":"SearchAction","target":{"@type":"EntryPoint","urlTemplate":"https:\/\/www.lafarga.com\/corporatiu\/?s={search_term_string}"},"query-input":{"@type":"PropertyValueSpecification","valueRequired":true,"valueName":"search_term_string"}}],"inLanguage":"ca"},{"@type":"Organization","@id":"https:\/\/www.lafarga.com\/corporatiu\/#organization","name":"La Farga Gesti\u00f3 d&#039;Equipaments Municipals, SA","url":"https:\/\/www.lafarga.com\/corporatiu\/","logo":{"@type":"ImageObject","inLanguage":"ca","@id":"https:\/\/www.lafarga.com\/corporatiu\/#\/schema\/logo\/image\/","url":"https:\/\/www.lafarga.com\/corporatiu\/wp-content\/uploads\/2023\/11\/logotipo_lafarga_gemsa.svg","contentUrl":"https:\/\/www.lafarga.com\/corporatiu\/wp-content\/uploads\/2023\/11\/logotipo_lafarga_gemsa.svg","width":102,"height":103,"caption":"La Farga Gesti\u00f3 d&#039;Equipaments Municipals, SA"},"image":{"@id":"https:\/\/www.lafarga.com\/corporatiu\/#\/schema\/logo\/image\/"}},{"@type":"Person","@id":"https:\/\/www.lafarga.com\/corporatiu\/#\/schema\/person\/70d96fe17d0da1a9c9e80d232bdbcf33","name":"\u00d2scar Milla","image":{"@type":"ImageObject","inLanguage":"ca","@id":"https:\/\/secure.gravatar.com\/avatar\/92e75d184f9d5e0e403bd4ad075b080ad258344ddc259adddb579f6a3ba6494f?s=96&d=mm&r=g","url":"https:\/\/secure.gravatar.com\/avatar\/92e75d184f9d5e0e403bd4ad075b080ad258344ddc259adddb579f6a3ba6494f?s=96&d=mm&r=g","contentUrl":"https:\/\/secure.gravatar.com\/avatar\/92e75d184f9d5e0e403bd4ad075b080ad258344ddc259adddb579f6a3ba6494f?s=96&d=mm&r=g","caption":"\u00d2scar Milla"},"url":"https:\/\/www.lafarga.com\/corporatiu\/author\/omilla\/"}]}},"uagb_featured_image_src":{"full":["https:\/\/www.lafarga.com\/corporatiu\/wp-content\/uploads\/2023\/02\/Concerts-Festes-23.jpg",730,410,false],"thumbnail":["https:\/\/www.lafarga.com\/corporatiu\/wp-content\/uploads\/2023\/02\/Concerts-Festes-23-150x150.jpg",150,150,true],"medium":["https:\/\/www.lafarga.com\/corporatiu\/wp-content\/uploads\/2023\/02\/Concerts-Festes-23-300x168.jpg",300,168,true],"medium_large":["https:\/\/www.lafarga.com\/corporatiu\/wp-content\/uploads\/2023\/02\/Concerts-Festes-23.jpg",730,410,false],"large":["https:\/\/www.lafarga.com\/corporatiu\/wp-content\/uploads\/2023\/02\/Concerts-Festes-23.jpg",730,410,false],"1536x1536":["https:\/\/www.lafarga.com\/corporatiu\/wp-content\/uploads\/2023\/02\/Concerts-Festes-23.jpg",730,410,false],"2048x2048":["https:\/\/www.lafarga.com\/corporatiu\/wp-content\/uploads\/2023\/02\/Concerts-Festes-23.jpg",730,410,false],"mailpoet_newsletter_max":["https:\/\/www.lafarga.com\/corporatiu\/wp-content\/uploads\/2023\/02\/Concerts-Festes-23.jpg",730,410,false]},"uagb_author_info":{"display_name":"\u00d2scar Milla","author_link":"https:\/\/www.lafarga.com\/corporatiu\/author\/omilla\/"},"uagb_comment_info":0,"uagb_excerpt":"La Farga de L\u2019Hospitalet ser\u00e0 escenari dels concerts multitudinaris de Festes de Primavera, enguany els dies 21 i 22 d\u2019abril amb grans protagonistes de la m\u00fasica espanyola.","_links":{"self":[{"href":"https:\/\/www.lafarga.com\/corporatiu\/wp-json\/wp\/v2\/posts\/17133","targetHints":{"allow":["GET"]}}],"collection":[{"href":"https:\/\/www.lafarga.com\/corporatiu\/wp-json\/wp\/v2\/posts"}],"about":[{"href":"https:\/\/www.lafarga.com\/corporatiu\/wp-json\/wp\/v2\/types\/post"}],"author":[{"embeddable":true,"href":"https:\/\/www.lafarga.com\/corporatiu\/wp-json\/wp\/v2\/users\/5"}],"replies":[{"embeddable":true,"href":"https:\/\/www.lafarga.com\/corporatiu\/wp-json\/wp\/v2\/comments?post=17133"}],"version-history":[{"count":2,"href":"https:\/\/www.lafarga.com\/corporatiu\/wp-json\/wp\/v2\/posts\/17133\/revisions"}],"predecessor-version":[{"id":17137,"href":"https:\/\/www.lafarga.com\/corporatiu\/wp-json\/wp\/v2\/posts\/17133\/revisions\/17137"}],"wp:featuredmedia":[{"embeddable":true,"href":"https:\/\/www.lafarga.com\/corporatiu\/wp-json\/wp\/v2\/media\/17136"}],"wp:attachment":[{"href":"https:\/\/www.lafarga.com\/corporatiu\/wp-json\/wp\/v2\/media?parent=17133"}],"wp:term":[{"taxonomy":"category","embeddable":true,"href":"https:\/\/www.lafarga.com\/corporatiu\/wp-json\/wp\/v2\/categories?post=17133"},{"taxonomy":"post_tag","embeddable":true,"href":"https:\/\/www.lafarga.com\/corporatiu\/wp-json\/wp\/v2\/tags?post=17133"}],"curies":[{"name":"wp","href":"https:\/\/api.w.org\/{rel}","templated":true}]}}