{"id":17129,"date":"2023-02-14T11:37:39","date_gmt":"2023-02-14T11:37:39","guid":{"rendered":"http:\/\/www.lafarga.com\/corporatiu\/?p=17129"},"modified":"2023-02-15T11:47:46","modified_gmt":"2023-02-15T11:47:46","slug":"torre-barrina-celebra-10-anos-siendo-el-motor-de-la-innovacion-social-en-lh","status":"publish","type":"post","link":"https:\/\/www.lafarga.com\/corporatiu\/torre-barrina-celebra-10-anos-siendo-el-motor-de-la-innovacion-social-en-lh\/","title":{"rendered":"Torre Barrina celebra 10 a\u00f1os siendo el motor de la innovaci\u00f3n social en L&#8217;H"},"content":{"rendered":"\n<h5 class=\"wp-block-heading\">Naci\u00f3 como centro municipal de creaci\u00f3n multimedia y ha incorporado tambi\u00e9n la vertiente cient\u00edfico-tecnol\u00f3gica<\/h5>\n\n\n\n<p><strong><a href=\"https:\/\/torrebarrina.l-h.cat\/inici_2.aspx\" target=\"_blank\" rel=\"noreferrer noopener\">Torre Barrina<\/a><\/strong>, el equipamiento municipal de referencia en creaci\u00f3n multimedia e innovaci\u00f3n social, celebra este a\u00f1o su d\u00e9cimo aniversario. Para recordar su pasado, compartir su presente y proyectar su futuro, durante el a\u00f1o se suceder\u00e1n una serie de actividades de experimentaci\u00f3n abiertas a toda la ciudadan\u00eda.<\/p>\n\n\n\n<p>El pistoletazo ha sido este, 13 de febrero, con la celebraci\u00f3n de las Jornadas de Comunicaci\u00f3n y Nuevas Tendencias, un espacio de trabajo intergeneracional con centros educativos, servicios municipales y comunitarios y entidades sociales para poner en valor los proyectos radiof\u00f3nicos que se realizan en Torre Barrina.<\/p>\n\n\n\n<p>Esta jornada coincide con el D\u00eda Mundial de la Radio y rinde homenaje a los or\u00edgenes del equipamiento y a todas las personas que han participado desarrollando sus proyectos de radio y podcast desde entonces. Adem\u00e1s, han participado figuras destacadas de la comunicaci\u00f3n: X\u00e8nia Casado (<em>Euforia<\/em>&nbsp;de TV3), los hospitalenses Roxana (prestigiosa&nbsp;<em>youtuber<\/em>) y Xavier Capa (experto en videojuegos) y Jos\u00e9 David Delpueyo,<em>&nbsp;Sunne<\/em>&nbsp;(comunicador y consultor en podcast).<\/p>\n\n\n\n<h5 class=\"wp-block-heading\">M\u00e1s actividades para celebrar el 10\u00ba aniversario<\/h5>\n\n\n\n<p>M\u00e1s adelante, el lunes 20 de marzo a las 21 horas se proyectar\u00e1 un&nbsp;<em>mapping<\/em>&nbsp;sobre la fachada del equipamiento que representar\u00e1 mediante im\u00e1genes algunas de las actividades y proyectos que desarrolla actualmente Torre Barrina para dar respuesta a los principales retos en innovaci\u00f3n social de la ciudad. Sin embargo, antes se llevar\u00e1 a cabo un especial de la actividad mensual SpoilerLH donde se dan a conocer cortometrajes de j\u00f3venes directores de cine para potenciar el talento local. En este especial se recuperar\u00e1 la primera proyecci\u00f3n que se realiz\u00f3 en Torre Barrina el 14 de marzo de 2015.<\/p>\n\n\n\n<p>Durante el segundo trimestre del a\u00f1o y, concretamente, el 10 de junio, Torre Barrina organizar\u00e1 una jornada de puertas abiertas dedicada a las profesiones STEAM. Coincidiendo con la Fiesta Mayor del Distrito II se realizar\u00e1n actividades y talleres para todos los p\u00fablicos.<\/p>\n\n\n\n<h5 class=\"wp-block-heading\">Torre Barrina en cifras<\/h5>\n\n\n\n<p>Los proyectos de radio se inician en Torre Barrina en 2015, a trav\u00e9s de la participaci\u00f3n de diferentes entidades, y se suma el proyecto de Radio EscoLHar del Servicio Educativo en 2016. Desde entonces, el equipamiento ha acompa\u00f1ado e impulsado un total de 94 proyectos radiof\u00f3nicos, con m\u00e1s de 1.082 programas. Entre estudiantes y ciudadan\u00eda, 5.800 personas han pasado por el estudio de radio. En la actualidad, se desarrollan 32 proyectos de comunicaci\u00f3n con la vinculaci\u00f3n de 21 centros educativos y 11 entidades sociales y comunitarias de la ciudad.<\/p>\n\n\n\n<p>La comunicaci\u00f3n, y en este caso la radio, es y ha sido siempre una herramienta de aprendizaje y transformaci\u00f3n social que las instalaciones y el equipo t\u00e9cnico han puesto a disposici\u00f3n de la ciudadan\u00eda, con el objetivo de dar relevancia a sus inquietudes y visi\u00f3n del mundo.<\/p>\n\n\n\n<p>Este aniversario tambi\u00e9n debe servir para reivindicar el rostro en\u00e9rgico de un servicio p\u00fablico que siempre ha tenido clara su vocaci\u00f3n: trabajar por la ciudadan\u00eda. Torre Barrina lidera los contenidos de L&#8217;Hospitalet en el Festival S\u00f3nar+D, impulsa la perspectiva de g\u00e9nero de todos los proyectos tecnol\u00f3gicos, genera experiencias piloto de alfabetizaci\u00f3n digital con gente mayor, ha desarrollado dos laboratorios ciudadanos (LHospitaletXR con retos de ciudad), ha puesto en marcha proyectos gamificados de emprendimiento con j\u00f3venes estudiantes de FP, ha sido sede de formaci\u00f3n de empresas punteras en comunicaci\u00f3n como Gestmusic y Radiof\u00f2nics, e, incluso, ha celebrado el aniversario de un&nbsp;<em>bot<\/em>&nbsp;realizado con inteligencia artificial de DOES Work y el Distrito Cultural.<\/p>\n\n\n\n<p>Adem\u00e1s, se han llevado a cabo m\u00e1s de 230 actividades formativas gratuitas y abiertas a la ciudadan\u00eda, llegando en los \u00faltimos cuatro a\u00f1os a m\u00e1s de 44.581 usos del equipamiento, a pesar de ser unos a\u00f1os marcados tambi\u00e9n por los efectos de la pandemia.<\/p>\n\n\n\n<h5 class=\"wp-block-heading\">El futuro tiene forma de STEAM<\/h5>\n\n\n\n<p>Actualmente, Torre Barrina est\u00e1 inmersa en la reorientaci\u00f3n de su servicio educativo hacia las competencias STEAM, la generaci\u00f3n de actividades y proyectos bajo la estrategia LHCi\u00e8ncia -el nuevo plan estrat\u00e9gico en comunicaci\u00f3n cient\u00edfica de L&#8217;Hospitalet- y el posicionamiento del valor de la sostenibilidad tanto en sus eventos como en otros de nivel internacional: Smart City Expo World Congress, Impact Forum o Mobile World Congress.<\/p>\n\n\n\n<p><strong><a href=\"https:\/\/www.lafarga.com\/corporatiu\/centro-municipal-creacion-multimedia-torre-barrina-hospitalet-la-farga\/\" target=\"_blank\" rel=\"noreferrer noopener\">La Farga Gesti\u00f3n de Equipamientos Municipales<\/a><\/strong> presta, desde el primer d\u00eda, soporte t\u00e9cnico a Torre Barrina.<\/p>\n","protected":false},"excerpt":{"rendered":"<p>Torre Barrina, el equipamiento municipal de referencia en creaci\u00f3n multimedia e innovaci\u00f3n social, celebra este a\u00f1o su d\u00e9cimo aniversario.<\/p>\n","protected":false},"author":5,"featured_media":17124,"comment_status":"closed","ping_status":"closed","sticky":false,"template":"","format":"standard","meta":{"inline_featured_image":false,"_uag_custom_page_level_css":"","_monsterinsights_skip_tracking":false,"_monsterinsights_sitenote_active":false,"_monsterinsights_sitenote_note":"","_monsterinsights_sitenote_category":0,"site-sidebar-layout":"default","site-content-layout":"","ast-site-content-layout":"default","site-content-style":"default","site-sidebar-style":"default","ast-global-header-display":"","ast-banner-title-visibility":"","ast-main-header-display":"","ast-hfb-above-header-display":"","ast-hfb-below-header-display":"","ast-hfb-mobile-header-display":"","site-post-title":"","ast-breadcrumbs-content":"","ast-featured-img":"","footer-sml-layout":"","ast-disable-related-posts":"","theme-transparent-header-meta":"","adv-header-id-meta":"","stick-header-meta":"","header-above-stick-meta":"","header-main-stick-meta":"","header-below-stick-meta":"","astra-migrate-meta-layouts":"default","ast-page-background-enabled":"default","ast-page-background-meta":{"desktop":{"background-color":"var(--ast-global-color-4)","background-image":"","background-repeat":"repeat","background-position":"center center","background-size":"auto","background-attachment":"scroll","background-type":"","background-media":"","overlay-type":"","overlay-color":"","overlay-opacity":"","overlay-gradient":""},"tablet":{"background-color":"","background-image":"","background-repeat":"repeat","background-position":"center center","background-size":"auto","background-attachment":"scroll","background-type":"","background-media":"","overlay-type":"","overlay-color":"","overlay-opacity":"","overlay-gradient":""},"mobile":{"background-color":"","background-image":"","background-repeat":"repeat","background-position":"center center","background-size":"auto","background-attachment":"scroll","background-type":"","background-media":"","overlay-type":"","overlay-color":"","overlay-opacity":"","overlay-gradient":""}},"ast-content-background-meta":{"desktop":{"background-color":"var(--ast-global-color-5)","background-image":"","background-repeat":"repeat","background-position":"center center","background-size":"auto","background-attachment":"scroll","background-type":"","background-media":"","overlay-type":"","overlay-color":"","overlay-opacity":"","overlay-gradient":""},"tablet":{"background-color":"var(--ast-global-color-5)","background-image":"","background-repeat":"repeat","background-position":"center center","background-size":"auto","background-attachment":"scroll","background-type":"","background-media":"","overlay-type":"","overlay-color":"","overlay-opacity":"","overlay-gradient":""},"mobile":{"background-color":"var(--ast-global-color-5)","background-image":"","background-repeat":"repeat","background-position":"center center","background-size":"auto","background-attachment":"scroll","background-type":"","background-media":"","overlay-type":"","overlay-color":"","overlay-opacity":"","overlay-gradient":""}},"footnotes":""},"categories":[87],"tags":[],"class_list":["post-17129","post","type-post","status-publish","format-standard","has-post-thumbnail","hentry","category-torre-barrina-cas"],"yoast_head":"<!-- This site is optimized with the Yoast SEO plugin v27.4 - https:\/\/yoast.com\/product\/yoast-seo-wordpress\/ -->\n<title>Torre Barrina celebra 10 a\u00f1os siendo el motor de la innovaci\u00f3n social en L&#039;H - La Farga Gesti\u00f3n de Equipamientos Municipales, S.A.<\/title>\n<meta name=\"description\" content=\"Torre Barrina, el equipamiento municipal de referencia en creaci\u00f3n multimedia e innovaci\u00f3n social, celebra este a\u00f1o su d\u00e9cimo aniversario.\" \/>\n<meta name=\"robots\" content=\"index, follow, max-snippet:-1, max-image-preview:large, max-video-preview:-1\" \/>\n<link rel=\"canonical\" href=\"https:\/\/www.lafarga.com\/corporatiu\/torre-barrina-celebra-10-anos-siendo-el-motor-de-la-innovacion-social-en-lh\/\" \/>\n<meta property=\"og:locale\" content=\"ca_ES\" \/>\n<meta property=\"og:type\" content=\"article\" \/>\n<meta property=\"og:title\" content=\"Torre Barrina celebra 10 a\u00f1os siendo el motor de la innovaci\u00f3n social en L&#039;H - La Farga Gesti\u00f3n de Equipamientos Municipales, S.A.\" \/>\n<meta property=\"og:description\" content=\"Torre Barrina, el equipamiento municipal de referencia en creaci\u00f3n multimedia e innovaci\u00f3n social, celebra este a\u00f1o su d\u00e9cimo aniversario.\" \/>\n<meta property=\"og:url\" content=\"https:\/\/www.lafarga.com\/corporatiu\/torre-barrina-celebra-10-anos-siendo-el-motor-de-la-innovacion-social-en-lh\/\" \/>\n<meta property=\"og:site_name\" content=\"La Farga Gesti\u00f3n de Equipamientos Municipales, S.A.\" \/>\n<meta property=\"article:published_time\" content=\"2023-02-14T11:37:39+00:00\" \/>\n<meta property=\"article:modified_time\" content=\"2023-02-15T11:47:46+00:00\" \/>\n<meta property=\"og:image\" content=\"https:\/\/www.lafarga.com\/corporatiu\/wp-content\/uploads\/2023\/02\/Torre-Barrina-10anys.jpg\" \/>\n\t<meta property=\"og:image:width\" content=\"730\" \/>\n\t<meta property=\"og:image:height\" content=\"410\" \/>\n\t<meta property=\"og:image:type\" content=\"image\/jpeg\" \/>\n<meta name=\"author\" content=\"\u00d2scar Milla\" \/>\n<meta name=\"twitter:label1\" content=\"Escrit per\" \/>\n\t<meta name=\"twitter:data1\" content=\"\u00d2scar Milla\" \/>\n\t<meta name=\"twitter:label2\" content=\"Temps estimat de lectura\" \/>\n\t<meta name=\"twitter:data2\" content=\"4 minuts\" \/>\n<script type=\"application\/ld+json\" class=\"yoast-schema-graph\">{\"@context\":\"https:\\\/\\\/schema.org\",\"@graph\":[{\"@type\":\"Article\",\"@id\":\"https:\\\/\\\/www.lafarga.com\\\/corporatiu\\\/torre-barrina-celebra-10-anos-siendo-el-motor-de-la-innovacion-social-en-lh\\\/#article\",\"isPartOf\":{\"@id\":\"https:\\\/\\\/www.lafarga.com\\\/corporatiu\\\/torre-barrina-celebra-10-anos-siendo-el-motor-de-la-innovacion-social-en-lh\\\/\"},\"author\":{\"name\":\"\u00d2scar Milla\",\"@id\":\"https:\\\/\\\/www.lafarga.com\\\/corporatiu\\\/#\\\/schema\\\/person\\\/70d96fe17d0da1a9c9e80d232bdbcf33\"},\"headline\":\"Torre Barrina celebra 10 a\u00f1os siendo el motor de la innovaci\u00f3n social en L&#8217;H\",\"datePublished\":\"2023-02-14T11:37:39+00:00\",\"dateModified\":\"2023-02-15T11:47:46+00:00\",\"mainEntityOfPage\":{\"@id\":\"https:\\\/\\\/www.lafarga.com\\\/corporatiu\\\/torre-barrina-celebra-10-anos-siendo-el-motor-de-la-innovacion-social-en-lh\\\/\"},\"wordCount\":787,\"publisher\":{\"@id\":\"https:\\\/\\\/www.lafarga.com\\\/corporatiu\\\/#organization\"},\"image\":{\"@id\":\"https:\\\/\\\/www.lafarga.com\\\/corporatiu\\\/torre-barrina-celebra-10-anos-siendo-el-motor-de-la-innovacion-social-en-lh\\\/#primaryimage\"},\"thumbnailUrl\":\"https:\\\/\\\/www.lafarga.com\\\/corporatiu\\\/wp-content\\\/uploads\\\/2023\\\/02\\\/Torre-Barrina-10anys.jpg\",\"articleSection\":[\"Torre Barrina.\"],\"inLanguage\":\"ca\"},{\"@type\":\"WebPage\",\"@id\":\"https:\\\/\\\/www.lafarga.com\\\/corporatiu\\\/torre-barrina-celebra-10-anos-siendo-el-motor-de-la-innovacion-social-en-lh\\\/\",\"url\":\"https:\\\/\\\/www.lafarga.com\\\/corporatiu\\\/torre-barrina-celebra-10-anos-siendo-el-motor-de-la-innovacion-social-en-lh\\\/\",\"name\":\"Torre Barrina celebra 10 a\u00f1os siendo el motor de la innovaci\u00f3n social en L'H - La Farga Gesti\u00f3n de Equipamientos Municipales, S.A.\",\"isPartOf\":{\"@id\":\"https:\\\/\\\/www.lafarga.com\\\/corporatiu\\\/#website\"},\"primaryImageOfPage\":{\"@id\":\"https:\\\/\\\/www.lafarga.com\\\/corporatiu\\\/torre-barrina-celebra-10-anos-siendo-el-motor-de-la-innovacion-social-en-lh\\\/#primaryimage\"},\"image\":{\"@id\":\"https:\\\/\\\/www.lafarga.com\\\/corporatiu\\\/torre-barrina-celebra-10-anos-siendo-el-motor-de-la-innovacion-social-en-lh\\\/#primaryimage\"},\"thumbnailUrl\":\"https:\\\/\\\/www.lafarga.com\\\/corporatiu\\\/wp-content\\\/uploads\\\/2023\\\/02\\\/Torre-Barrina-10anys.jpg\",\"datePublished\":\"2023-02-14T11:37:39+00:00\",\"dateModified\":\"2023-02-15T11:47:46+00:00\",\"description\":\"Torre Barrina, el equipamiento municipal de referencia en creaci\u00f3n multimedia e innovaci\u00f3n social, celebra este a\u00f1o su d\u00e9cimo aniversario.\",\"breadcrumb\":{\"@id\":\"https:\\\/\\\/www.lafarga.com\\\/corporatiu\\\/torre-barrina-celebra-10-anos-siendo-el-motor-de-la-innovacion-social-en-lh\\\/#breadcrumb\"},\"inLanguage\":\"ca\",\"potentialAction\":[{\"@type\":\"ReadAction\",\"target\":[\"https:\\\/\\\/www.lafarga.com\\\/corporatiu\\\/torre-barrina-celebra-10-anos-siendo-el-motor-de-la-innovacion-social-en-lh\\\/\"]}]},{\"@type\":\"ImageObject\",\"inLanguage\":\"ca\",\"@id\":\"https:\\\/\\\/www.lafarga.com\\\/corporatiu\\\/torre-barrina-celebra-10-anos-siendo-el-motor-de-la-innovacion-social-en-lh\\\/#primaryimage\",\"url\":\"https:\\\/\\\/www.lafarga.com\\\/corporatiu\\\/wp-content\\\/uploads\\\/2023\\\/02\\\/Torre-Barrina-10anys.jpg\",\"contentUrl\":\"https:\\\/\\\/www.lafarga.com\\\/corporatiu\\\/wp-content\\\/uploads\\\/2023\\\/02\\\/Torre-Barrina-10anys.jpg\",\"width\":730,\"height\":410,\"caption\":\"Torre Barrina innovaci\u00f3 10 anys\"},{\"@type\":\"BreadcrumbList\",\"@id\":\"https:\\\/\\\/www.lafarga.com\\\/corporatiu\\\/torre-barrina-celebra-10-anos-siendo-el-motor-de-la-innovacion-social-en-lh\\\/#breadcrumb\",\"itemListElement\":[{\"@type\":\"ListItem\",\"position\":1,\"name\":\"Home\",\"item\":\"https:\\\/\\\/www.lafarga.com\\\/corporatiu\\\/lafarga-hospitalet-llobregat\\\/\"},{\"@type\":\"ListItem\",\"position\":2,\"name\":\"Torre Barrina celebra 10 a\u00f1os siendo el motor de la innovaci\u00f3n social en L&#8217;H\"}]},{\"@type\":\"WebSite\",\"@id\":\"https:\\\/\\\/www.lafarga.com\\\/corporatiu\\\/#website\",\"url\":\"https:\\\/\\\/www.lafarga.com\\\/corporatiu\\\/\",\"name\":\"La Farga Gesti\u00f3 d&#039;Equipaments Municipals, SA\",\"description\":\"\",\"publisher\":{\"@id\":\"https:\\\/\\\/www.lafarga.com\\\/corporatiu\\\/#organization\"},\"potentialAction\":[{\"@type\":\"SearchAction\",\"target\":{\"@type\":\"EntryPoint\",\"urlTemplate\":\"https:\\\/\\\/www.lafarga.com\\\/corporatiu\\\/?s={search_term_string}\"},\"query-input\":{\"@type\":\"PropertyValueSpecification\",\"valueRequired\":true,\"valueName\":\"search_term_string\"}}],\"inLanguage\":\"ca\"},{\"@type\":\"Organization\",\"@id\":\"https:\\\/\\\/www.lafarga.com\\\/corporatiu\\\/#organization\",\"name\":\"La Farga Gesti\u00f3 d&#039;Equipaments Municipals, SA\",\"url\":\"https:\\\/\\\/www.lafarga.com\\\/corporatiu\\\/\",\"logo\":{\"@type\":\"ImageObject\",\"inLanguage\":\"ca\",\"@id\":\"https:\\\/\\\/www.lafarga.com\\\/corporatiu\\\/#\\\/schema\\\/logo\\\/image\\\/\",\"url\":\"https:\\\/\\\/www.lafarga.com\\\/corporatiu\\\/wp-content\\\/uploads\\\/2023\\\/11\\\/logotipo_lafarga_gemsa.svg\",\"contentUrl\":\"https:\\\/\\\/www.lafarga.com\\\/corporatiu\\\/wp-content\\\/uploads\\\/2023\\\/11\\\/logotipo_lafarga_gemsa.svg\",\"width\":102,\"height\":103,\"caption\":\"La Farga Gesti\u00f3 d&#039;Equipaments Municipals, SA\"},\"image\":{\"@id\":\"https:\\\/\\\/www.lafarga.com\\\/corporatiu\\\/#\\\/schema\\\/logo\\\/image\\\/\"}},{\"@type\":\"Person\",\"@id\":\"https:\\\/\\\/www.lafarga.com\\\/corporatiu\\\/#\\\/schema\\\/person\\\/70d96fe17d0da1a9c9e80d232bdbcf33\",\"name\":\"\u00d2scar Milla\",\"image\":{\"@type\":\"ImageObject\",\"inLanguage\":\"ca\",\"@id\":\"https:\\\/\\\/secure.gravatar.com\\\/avatar\\\/92e75d184f9d5e0e403bd4ad075b080ad258344ddc259adddb579f6a3ba6494f?s=96&d=mm&r=g\",\"url\":\"https:\\\/\\\/secure.gravatar.com\\\/avatar\\\/92e75d184f9d5e0e403bd4ad075b080ad258344ddc259adddb579f6a3ba6494f?s=96&d=mm&r=g\",\"contentUrl\":\"https:\\\/\\\/secure.gravatar.com\\\/avatar\\\/92e75d184f9d5e0e403bd4ad075b080ad258344ddc259adddb579f6a3ba6494f?s=96&d=mm&r=g\",\"caption\":\"\u00d2scar Milla\"},\"url\":\"https:\\\/\\\/www.lafarga.com\\\/corporatiu\\\/author\\\/omilla\\\/\"}]}<\/script>\n<!-- \/ Yoast SEO plugin. -->","yoast_head_json":{"title":"Torre Barrina celebra 10 a\u00f1os siendo el motor de la innovaci\u00f3n social en L'H - La Farga Gesti\u00f3n de Equipamientos Municipales, S.A.","description":"Torre Barrina, el equipamiento municipal de referencia en creaci\u00f3n multimedia e innovaci\u00f3n social, celebra este a\u00f1o su d\u00e9cimo aniversario.","robots":{"index":"index","follow":"follow","max-snippet":"max-snippet:-1","max-image-preview":"max-image-preview:large","max-video-preview":"max-video-preview:-1"},"canonical":"https:\/\/www.lafarga.com\/corporatiu\/torre-barrina-celebra-10-anos-siendo-el-motor-de-la-innovacion-social-en-lh\/","og_locale":"ca_ES","og_type":"article","og_title":"Torre Barrina celebra 10 a\u00f1os siendo el motor de la innovaci\u00f3n social en L'H - La Farga Gesti\u00f3n de Equipamientos Municipales, S.A.","og_description":"Torre Barrina, el equipamiento municipal de referencia en creaci\u00f3n multimedia e innovaci\u00f3n social, celebra este a\u00f1o su d\u00e9cimo aniversario.","og_url":"https:\/\/www.lafarga.com\/corporatiu\/torre-barrina-celebra-10-anos-siendo-el-motor-de-la-innovacion-social-en-lh\/","og_site_name":"La Farga Gesti\u00f3n de Equipamientos Municipales, S.A.","article_published_time":"2023-02-14T11:37:39+00:00","article_modified_time":"2023-02-15T11:47:46+00:00","og_image":[{"width":730,"height":410,"url":"https:\/\/www.lafarga.com\/corporatiu\/wp-content\/uploads\/2023\/02\/Torre-Barrina-10anys.jpg","type":"image\/jpeg"}],"author":"\u00d2scar Milla","twitter_misc":{"Escrit per":"\u00d2scar Milla","Temps estimat de lectura":"4 minuts"},"schema":{"@context":"https:\/\/schema.org","@graph":[{"@type":"Article","@id":"https:\/\/www.lafarga.com\/corporatiu\/torre-barrina-celebra-10-anos-siendo-el-motor-de-la-innovacion-social-en-lh\/#article","isPartOf":{"@id":"https:\/\/www.lafarga.com\/corporatiu\/torre-barrina-celebra-10-anos-siendo-el-motor-de-la-innovacion-social-en-lh\/"},"author":{"name":"\u00d2scar Milla","@id":"https:\/\/www.lafarga.com\/corporatiu\/#\/schema\/person\/70d96fe17d0da1a9c9e80d232bdbcf33"},"headline":"Torre Barrina celebra 10 a\u00f1os siendo el motor de la innovaci\u00f3n social en L&#8217;H","datePublished":"2023-02-14T11:37:39+00:00","dateModified":"2023-02-15T11:47:46+00:00","mainEntityOfPage":{"@id":"https:\/\/www.lafarga.com\/corporatiu\/torre-barrina-celebra-10-anos-siendo-el-motor-de-la-innovacion-social-en-lh\/"},"wordCount":787,"publisher":{"@id":"https:\/\/www.lafarga.com\/corporatiu\/#organization"},"image":{"@id":"https:\/\/www.lafarga.com\/corporatiu\/torre-barrina-celebra-10-anos-siendo-el-motor-de-la-innovacion-social-en-lh\/#primaryimage"},"thumbnailUrl":"https:\/\/www.lafarga.com\/corporatiu\/wp-content\/uploads\/2023\/02\/Torre-Barrina-10anys.jpg","articleSection":["Torre Barrina."],"inLanguage":"ca"},{"@type":"WebPage","@id":"https:\/\/www.lafarga.com\/corporatiu\/torre-barrina-celebra-10-anos-siendo-el-motor-de-la-innovacion-social-en-lh\/","url":"https:\/\/www.lafarga.com\/corporatiu\/torre-barrina-celebra-10-anos-siendo-el-motor-de-la-innovacion-social-en-lh\/","name":"Torre Barrina celebra 10 a\u00f1os siendo el motor de la innovaci\u00f3n social en L'H - La Farga Gesti\u00f3n de Equipamientos Municipales, S.A.","isPartOf":{"@id":"https:\/\/www.lafarga.com\/corporatiu\/#website"},"primaryImageOfPage":{"@id":"https:\/\/www.lafarga.com\/corporatiu\/torre-barrina-celebra-10-anos-siendo-el-motor-de-la-innovacion-social-en-lh\/#primaryimage"},"image":{"@id":"https:\/\/www.lafarga.com\/corporatiu\/torre-barrina-celebra-10-anos-siendo-el-motor-de-la-innovacion-social-en-lh\/#primaryimage"},"thumbnailUrl":"https:\/\/www.lafarga.com\/corporatiu\/wp-content\/uploads\/2023\/02\/Torre-Barrina-10anys.jpg","datePublished":"2023-02-14T11:37:39+00:00","dateModified":"2023-02-15T11:47:46+00:00","description":"Torre Barrina, el equipamiento municipal de referencia en creaci\u00f3n multimedia e innovaci\u00f3n social, celebra este a\u00f1o su d\u00e9cimo aniversario.","breadcrumb":{"@id":"https:\/\/www.lafarga.com\/corporatiu\/torre-barrina-celebra-10-anos-siendo-el-motor-de-la-innovacion-social-en-lh\/#breadcrumb"},"inLanguage":"ca","potentialAction":[{"@type":"ReadAction","target":["https:\/\/www.lafarga.com\/corporatiu\/torre-barrina-celebra-10-anos-siendo-el-motor-de-la-innovacion-social-en-lh\/"]}]},{"@type":"ImageObject","inLanguage":"ca","@id":"https:\/\/www.lafarga.com\/corporatiu\/torre-barrina-celebra-10-anos-siendo-el-motor-de-la-innovacion-social-en-lh\/#primaryimage","url":"https:\/\/www.lafarga.com\/corporatiu\/wp-content\/uploads\/2023\/02\/Torre-Barrina-10anys.jpg","contentUrl":"https:\/\/www.lafarga.com\/corporatiu\/wp-content\/uploads\/2023\/02\/Torre-Barrina-10anys.jpg","width":730,"height":410,"caption":"Torre Barrina innovaci\u00f3 10 anys"},{"@type":"BreadcrumbList","@id":"https:\/\/www.lafarga.com\/corporatiu\/torre-barrina-celebra-10-anos-siendo-el-motor-de-la-innovacion-social-en-lh\/#breadcrumb","itemListElement":[{"@type":"ListItem","position":1,"name":"Home","item":"https:\/\/www.lafarga.com\/corporatiu\/lafarga-hospitalet-llobregat\/"},{"@type":"ListItem","position":2,"name":"Torre Barrina celebra 10 a\u00f1os siendo el motor de la innovaci\u00f3n social en L&#8217;H"}]},{"@type":"WebSite","@id":"https:\/\/www.lafarga.com\/corporatiu\/#website","url":"https:\/\/www.lafarga.com\/corporatiu\/","name":"La Farga Gesti\u00f3 d&#039;Equipaments Municipals, SA","description":"","publisher":{"@id":"https:\/\/www.lafarga.com\/corporatiu\/#organization"},"potentialAction":[{"@type":"SearchAction","target":{"@type":"EntryPoint","urlTemplate":"https:\/\/www.lafarga.com\/corporatiu\/?s={search_term_string}"},"query-input":{"@type":"PropertyValueSpecification","valueRequired":true,"valueName":"search_term_string"}}],"inLanguage":"ca"},{"@type":"Organization","@id":"https:\/\/www.lafarga.com\/corporatiu\/#organization","name":"La Farga Gesti\u00f3 d&#039;Equipaments Municipals, SA","url":"https:\/\/www.lafarga.com\/corporatiu\/","logo":{"@type":"ImageObject","inLanguage":"ca","@id":"https:\/\/www.lafarga.com\/corporatiu\/#\/schema\/logo\/image\/","url":"https:\/\/www.lafarga.com\/corporatiu\/wp-content\/uploads\/2023\/11\/logotipo_lafarga_gemsa.svg","contentUrl":"https:\/\/www.lafarga.com\/corporatiu\/wp-content\/uploads\/2023\/11\/logotipo_lafarga_gemsa.svg","width":102,"height":103,"caption":"La Farga Gesti\u00f3 d&#039;Equipaments Municipals, SA"},"image":{"@id":"https:\/\/www.lafarga.com\/corporatiu\/#\/schema\/logo\/image\/"}},{"@type":"Person","@id":"https:\/\/www.lafarga.com\/corporatiu\/#\/schema\/person\/70d96fe17d0da1a9c9e80d232bdbcf33","name":"\u00d2scar Milla","image":{"@type":"ImageObject","inLanguage":"ca","@id":"https:\/\/secure.gravatar.com\/avatar\/92e75d184f9d5e0e403bd4ad075b080ad258344ddc259adddb579f6a3ba6494f?s=96&d=mm&r=g","url":"https:\/\/secure.gravatar.com\/avatar\/92e75d184f9d5e0e403bd4ad075b080ad258344ddc259adddb579f6a3ba6494f?s=96&d=mm&r=g","contentUrl":"https:\/\/secure.gravatar.com\/avatar\/92e75d184f9d5e0e403bd4ad075b080ad258344ddc259adddb579f6a3ba6494f?s=96&d=mm&r=g","caption":"\u00d2scar Milla"},"url":"https:\/\/www.lafarga.com\/corporatiu\/author\/omilla\/"}]}},"uagb_featured_image_src":{"full":["https:\/\/www.lafarga.com\/corporatiu\/wp-content\/uploads\/2023\/02\/Torre-Barrina-10anys.jpg",730,410,false],"thumbnail":["https:\/\/www.lafarga.com\/corporatiu\/wp-content\/uploads\/2023\/02\/Torre-Barrina-10anys-150x150.jpg",150,150,true],"medium":["https:\/\/www.lafarga.com\/corporatiu\/wp-content\/uploads\/2023\/02\/Torre-Barrina-10anys-300x168.jpg",300,168,true],"medium_large":["https:\/\/www.lafarga.com\/corporatiu\/wp-content\/uploads\/2023\/02\/Torre-Barrina-10anys.jpg",730,410,false],"large":["https:\/\/www.lafarga.com\/corporatiu\/wp-content\/uploads\/2023\/02\/Torre-Barrina-10anys.jpg",730,410,false],"1536x1536":["https:\/\/www.lafarga.com\/corporatiu\/wp-content\/uploads\/2023\/02\/Torre-Barrina-10anys.jpg",730,410,false],"2048x2048":["https:\/\/www.lafarga.com\/corporatiu\/wp-content\/uploads\/2023\/02\/Torre-Barrina-10anys.jpg",730,410,false],"mailpoet_newsletter_max":["https:\/\/www.lafarga.com\/corporatiu\/wp-content\/uploads\/2023\/02\/Torre-Barrina-10anys.jpg",730,410,false]},"uagb_author_info":{"display_name":"\u00d2scar Milla","author_link":"https:\/\/www.lafarga.com\/corporatiu\/author\/omilla\/"},"uagb_comment_info":0,"uagb_excerpt":"Torre Barrina, el equipamiento municipal de referencia en creaci\u00f3n multimedia e innovaci\u00f3n social, celebra este a\u00f1o su d\u00e9cimo aniversario.","_links":{"self":[{"href":"https:\/\/www.lafarga.com\/corporatiu\/wp-json\/wp\/v2\/posts\/17129","targetHints":{"allow":["GET"]}}],"collection":[{"href":"https:\/\/www.lafarga.com\/corporatiu\/wp-json\/wp\/v2\/posts"}],"about":[{"href":"https:\/\/www.lafarga.com\/corporatiu\/wp-json\/wp\/v2\/types\/post"}],"author":[{"embeddable":true,"href":"https:\/\/www.lafarga.com\/corporatiu\/wp-json\/wp\/v2\/users\/5"}],"replies":[{"embeddable":true,"href":"https:\/\/www.lafarga.com\/corporatiu\/wp-json\/wp\/v2\/comments?post=17129"}],"version-history":[{"count":2,"href":"https:\/\/www.lafarga.com\/corporatiu\/wp-json\/wp\/v2\/posts\/17129\/revisions"}],"predecessor-version":[{"id":17132,"href":"https:\/\/www.lafarga.com\/corporatiu\/wp-json\/wp\/v2\/posts\/17129\/revisions\/17132"}],"wp:featuredmedia":[{"embeddable":true,"href":"https:\/\/www.lafarga.com\/corporatiu\/wp-json\/wp\/v2\/media\/17124"}],"wp:attachment":[{"href":"https:\/\/www.lafarga.com\/corporatiu\/wp-json\/wp\/v2\/media?parent=17129"}],"wp:term":[{"taxonomy":"category","embeddable":true,"href":"https:\/\/www.lafarga.com\/corporatiu\/wp-json\/wp\/v2\/categories?post=17129"},{"taxonomy":"post_tag","embeddable":true,"href":"https:\/\/www.lafarga.com\/corporatiu\/wp-json\/wp\/v2\/tags?post=17129"}],"curies":[{"name":"wp","href":"https:\/\/api.w.org\/{rel}","templated":true}]}}