{"id":17027,"date":"2023-01-24T08:55:52","date_gmt":"2023-01-24T08:55:52","guid":{"rendered":"http:\/\/www.lafarga.com\/corporatiu\/?p=17027"},"modified":"2023-01-25T09:15:59","modified_gmt":"2023-01-25T09:15:59","slug":"el-projecte-biomedic-de-lh-en-portada-del-diari","status":"publish","type":"post","link":"https:\/\/www.lafarga.com\/corporatiu\/el-projecte-biomedic-de-lh-en-portada-del-diari\/","title":{"rendered":"El projecte biom\u00e8dic de L&#8217;H, en portada del Diari"},"content":{"rendered":"\n<p>La Generalitat se suma al projecte biom\u00e8dic de L\u2019H, \u00e9s el principal tema de portada del <strong><a href=\"https:\/\/lhdigital.cat\/web\/diari\/diari-l-h\" target=\"_blank\" rel=\"noreferrer noopener\">Diari de L\u2019Hospitalet<\/a><\/strong>. El Govern assumeix el BioCl\u00faster ideat pel municipi com \u201cprojecte de pa\u00eds\u201d i motor econ\u00f2mic. Innovaci\u00f3 i salut al voltant dels hospitals de Bellvitge, Duran i Reynals, l\u2019ICO, l\u2019IDIBELL i la UB.<\/p>\n\n\n\n<p>El renaixement dels Blocs Florida i les Planes ho trobem a les p\u00e0gines centrals del Diari, amb un ampli resum del que \u00e9s el Pla Integral Les Planes \u2013 Blocs Florida.<\/p>\n\n\n\n<p>Altres informacions del Diari s\u00f3n que l\u2019atur baixa del 10% de la poblaci\u00f3 activa; que la inseguretat i crisi econ\u00f2mica s\u00f3n els problemes que percep la ciutadania segons el bar\u00f2metre municipal 2022; i els nous web i oficina d\u2019assessorament i formaci\u00f3 per a entitats del municipi.<\/p>\n\n\n\n<p>S\u2019ha obert el CAID Jove contra el masclisme \u00e9s un altra informaci\u00f3 que trobem aquest mes, com tamb\u00e9 la renovaci\u00f3 de Merche Garc\u00eda com a s\u00edndica de L\u2019Hospitalet per cinc any m\u00e9s.<\/p>\n\n\n\n<p>En aquesta edici\u00f3 del Diari hi ha tres entrevistes a portaveus municipals: Sonia Esplugas (Partit Popular), Ana Gonz\u00e1lez (L\u2019H en Com\u00fa Podem) i Miguel Garc\u00eda (Ciutadans).<\/p>\n\n\n\n<p>En l\u2019apartat cultural es destaca la nova cartellera teatral i musical amb \u2018El Brujo\u2019 i companyies com T de Teatre i Els Joglars.<\/p>\n\n\n\n<p>La secci\u00f3 \u2018Et recomanem\u2019 recull el concert solidari amb el Kurdistan que acull La Farga Centre d\u2019Activitats aquest dissabte 28 de gener.<\/p>\n\n\n\n<p>Pel que fa als esports el CE L\u2019Hospitalet mant\u00e9 les opcions despr\u00e9s d\u2019una primera volta amb alts i baixes.<\/p>\n\n\n\n<p>El Diari de L\u2019Hospitalet \u00e9s un mitj\u00e0 editat per <strong><a href=\"https:\/\/www.lafarga.com\/corporatiu\/mitjans-comunicacio-hospitalet-la-farga\/\" target=\"_blank\" rel=\"noreferrer noopener\">La Farga Gesti\u00f3 d\u2019Equipaments Municipals<\/a><\/strong> i t\u00e9 una tirada de 105.00 exemplars.<\/p>\n\n\n\n<p>Aqu\u00ed podeu veure la <strong><a href=\"http:\/\/lhdigital.cat\/diarilh_digital\/385\/index.html\" target=\"_blank\" rel=\"noreferrer noopener\">versi\u00f3 digital<\/a><\/strong> del Diari de L\u2019Hospitalet.<\/p>\n","protected":false},"excerpt":{"rendered":"<p>La Generalitat se suma al projecte biom\u00e8dic de L\u2019H \u00e9s el principal tema de portada del Diari de L\u2019Hospitalet.<\/p>\n","protected":false},"author":5,"featured_media":17029,"comment_status":"closed","ping_status":"closed","sticky":false,"template":"","format":"standard","meta":{"inline_featured_image":false,"_uag_custom_page_level_css":"","_monsterinsights_skip_tracking":false,"_monsterinsights_sitenote_active":false,"_monsterinsights_sitenote_note":"","_monsterinsights_sitenote_category":0,"site-sidebar-layout":"default","site-content-layout":"","ast-site-content-layout":"default","site-content-style":"default","site-sidebar-style":"default","ast-global-header-display":"","ast-banner-title-visibility":"","ast-main-header-display":"","ast-hfb-above-header-display":"","ast-hfb-below-header-display":"","ast-hfb-mobile-header-display":"","site-post-title":"","ast-breadcrumbs-content":"","ast-featured-img":"","footer-sml-layout":"","ast-disable-related-posts":"","theme-transparent-header-meta":"","adv-header-id-meta":"","stick-header-meta":"","header-above-stick-meta":"","header-main-stick-meta":"","header-below-stick-meta":"","astra-migrate-meta-layouts":"default","ast-page-background-enabled":"default","ast-page-background-meta":{"desktop":{"background-color":"var(--ast-global-color-4)","background-image":"","background-repeat":"repeat","background-position":"center center","background-size":"auto","background-attachment":"scroll","background-type":"","background-media":"","overlay-type":"","overlay-color":"","overlay-opacity":"","overlay-gradient":""},"tablet":{"background-color":"","background-image":"","background-repeat":"repeat","background-position":"center center","background-size":"auto","background-attachment":"scroll","background-type":"","background-media":"","overlay-type":"","overlay-color":"","overlay-opacity":"","overlay-gradient":""},"mobile":{"background-color":"","background-image":"","background-repeat":"repeat","background-position":"center center","background-size":"auto","background-attachment":"scroll","background-type":"","background-media":"","overlay-type":"","overlay-color":"","overlay-opacity":"","overlay-gradient":""}},"ast-content-background-meta":{"desktop":{"background-color":"var(--ast-global-color-5)","background-image":"","background-repeat":"repeat","background-position":"center center","background-size":"auto","background-attachment":"scroll","background-type":"","background-media":"","overlay-type":"","overlay-color":"","overlay-opacity":"","overlay-gradient":""},"tablet":{"background-color":"var(--ast-global-color-5)","background-image":"","background-repeat":"repeat","background-position":"center center","background-size":"auto","background-attachment":"scroll","background-type":"","background-media":"","overlay-type":"","overlay-color":"","overlay-opacity":"","overlay-gradient":""},"mobile":{"background-color":"var(--ast-global-color-5)","background-image":"","background-repeat":"repeat","background-position":"center center","background-size":"auto","background-attachment":"scroll","background-type":"","background-media":"","overlay-type":"","overlay-color":"","overlay-opacity":"","overlay-gradient":""}},"footnotes":""},"categories":[51],"tags":[],"class_list":["post-17027","post","type-post","status-publish","format-standard","has-post-thumbnail","hentry","category-mitjans-comunicacio"],"yoast_head":"<!-- This site is optimized with the Yoast SEO plugin v27.4 - https:\/\/yoast.com\/product\/yoast-seo-wordpress\/ -->\n<title>El projecte biom\u00e8dic de L&#039;H, en portada del Diari - La Farga Gesti\u00f3n de Equipamientos Municipales, S.A.<\/title>\n<meta name=\"description\" content=\"La Generalitat se suma al projecte biom\u00e8dic de L\u2019H \u00e9s el principal tema de portada del Diari de L\u2019Hospitalet.\" \/>\n<meta name=\"robots\" content=\"index, follow, max-snippet:-1, max-image-preview:large, max-video-preview:-1\" \/>\n<link rel=\"canonical\" href=\"https:\/\/www.lafarga.com\/corporatiu\/el-projecte-biomedic-de-lh-en-portada-del-diari\/\" \/>\n<meta property=\"og:locale\" content=\"ca_ES\" \/>\n<meta property=\"og:type\" content=\"article\" \/>\n<meta property=\"og:title\" content=\"El projecte biom\u00e8dic de L&#039;H, en portada del Diari - La Farga Gesti\u00f3n de Equipamientos Municipales, S.A.\" \/>\n<meta property=\"og:description\" content=\"La Generalitat se suma al projecte biom\u00e8dic de L\u2019H \u00e9s el principal tema de portada del Diari de L\u2019Hospitalet.\" \/>\n<meta property=\"og:url\" content=\"https:\/\/www.lafarga.com\/corporatiu\/el-projecte-biomedic-de-lh-en-portada-del-diari\/\" \/>\n<meta property=\"og:site_name\" content=\"La Farga Gesti\u00f3n de Equipamientos Municipales, S.A.\" \/>\n<meta property=\"article:published_time\" content=\"2023-01-24T08:55:52+00:00\" \/>\n<meta property=\"article:modified_time\" content=\"2023-01-25T09:15:59+00:00\" \/>\n<meta property=\"og:image\" content=\"https:\/\/www.lafarga.com\/corporatiu\/wp-content\/uploads\/2023\/01\/Diari-LH-Gener-23.jpg\" \/>\n\t<meta property=\"og:image:width\" content=\"730\" \/>\n\t<meta property=\"og:image:height\" content=\"410\" \/>\n\t<meta property=\"og:image:type\" content=\"image\/jpeg\" \/>\n<meta name=\"author\" content=\"\u00d2scar Milla\" \/>\n<meta name=\"twitter:label1\" content=\"Escrit per\" \/>\n\t<meta name=\"twitter:data1\" content=\"\u00d2scar Milla\" \/>\n\t<meta name=\"twitter:label2\" content=\"Temps estimat de lectura\" \/>\n\t<meta name=\"twitter:data2\" content=\"2 minuts\" \/>\n<script type=\"application\/ld+json\" class=\"yoast-schema-graph\">{\"@context\":\"https:\\\/\\\/schema.org\",\"@graph\":[{\"@type\":\"Article\",\"@id\":\"https:\\\/\\\/www.lafarga.com\\\/corporatiu\\\/el-projecte-biomedic-de-lh-en-portada-del-diari\\\/#article\",\"isPartOf\":{\"@id\":\"https:\\\/\\\/www.lafarga.com\\\/corporatiu\\\/el-projecte-biomedic-de-lh-en-portada-del-diari\\\/\"},\"author\":{\"name\":\"\u00d2scar Milla\",\"@id\":\"https:\\\/\\\/www.lafarga.com\\\/corporatiu\\\/#\\\/schema\\\/person\\\/70d96fe17d0da1a9c9e80d232bdbcf33\"},\"headline\":\"El projecte biom\u00e8dic de L&#8217;H, en portada del Diari\",\"datePublished\":\"2023-01-24T08:55:52+00:00\",\"dateModified\":\"2023-01-25T09:15:59+00:00\",\"mainEntityOfPage\":{\"@id\":\"https:\\\/\\\/www.lafarga.com\\\/corporatiu\\\/el-projecte-biomedic-de-lh-en-portada-del-diari\\\/\"},\"wordCount\":318,\"publisher\":{\"@id\":\"https:\\\/\\\/www.lafarga.com\\\/corporatiu\\\/#organization\"},\"image\":{\"@id\":\"https:\\\/\\\/www.lafarga.com\\\/corporatiu\\\/el-projecte-biomedic-de-lh-en-portada-del-diari\\\/#primaryimage\"},\"thumbnailUrl\":\"https:\\\/\\\/www.lafarga.com\\\/corporatiu\\\/wp-content\\\/uploads\\\/2023\\\/01\\\/Diari-LH-Gener-23.jpg\",\"articleSection\":[\"Mitjans de Comunicaci\u00f3\"],\"inLanguage\":\"ca\"},{\"@type\":\"WebPage\",\"@id\":\"https:\\\/\\\/www.lafarga.com\\\/corporatiu\\\/el-projecte-biomedic-de-lh-en-portada-del-diari\\\/\",\"url\":\"https:\\\/\\\/www.lafarga.com\\\/corporatiu\\\/el-projecte-biomedic-de-lh-en-portada-del-diari\\\/\",\"name\":\"El projecte biom\u00e8dic de L'H, en portada del Diari - La Farga Gesti\u00f3n de Equipamientos Municipales, S.A.\",\"isPartOf\":{\"@id\":\"https:\\\/\\\/www.lafarga.com\\\/corporatiu\\\/#website\"},\"primaryImageOfPage\":{\"@id\":\"https:\\\/\\\/www.lafarga.com\\\/corporatiu\\\/el-projecte-biomedic-de-lh-en-portada-del-diari\\\/#primaryimage\"},\"image\":{\"@id\":\"https:\\\/\\\/www.lafarga.com\\\/corporatiu\\\/el-projecte-biomedic-de-lh-en-portada-del-diari\\\/#primaryimage\"},\"thumbnailUrl\":\"https:\\\/\\\/www.lafarga.com\\\/corporatiu\\\/wp-content\\\/uploads\\\/2023\\\/01\\\/Diari-LH-Gener-23.jpg\",\"datePublished\":\"2023-01-24T08:55:52+00:00\",\"dateModified\":\"2023-01-25T09:15:59+00:00\",\"description\":\"La Generalitat se suma al projecte biom\u00e8dic de L\u2019H \u00e9s el principal tema de portada del Diari de L\u2019Hospitalet.\",\"breadcrumb\":{\"@id\":\"https:\\\/\\\/www.lafarga.com\\\/corporatiu\\\/el-projecte-biomedic-de-lh-en-portada-del-diari\\\/#breadcrumb\"},\"inLanguage\":\"ca\",\"potentialAction\":[{\"@type\":\"ReadAction\",\"target\":[\"https:\\\/\\\/www.lafarga.com\\\/corporatiu\\\/el-projecte-biomedic-de-lh-en-portada-del-diari\\\/\"]}]},{\"@type\":\"ImageObject\",\"inLanguage\":\"ca\",\"@id\":\"https:\\\/\\\/www.lafarga.com\\\/corporatiu\\\/el-projecte-biomedic-de-lh-en-portada-del-diari\\\/#primaryimage\",\"url\":\"https:\\\/\\\/www.lafarga.com\\\/corporatiu\\\/wp-content\\\/uploads\\\/2023\\\/01\\\/Diari-LH-Gener-23.jpg\",\"contentUrl\":\"https:\\\/\\\/www.lafarga.com\\\/corporatiu\\\/wp-content\\\/uploads\\\/2023\\\/01\\\/Diari-LH-Gener-23.jpg\",\"width\":730,\"height\":410,\"caption\":\"Biom\u00e8dic Diari Farga\"},{\"@type\":\"BreadcrumbList\",\"@id\":\"https:\\\/\\\/www.lafarga.com\\\/corporatiu\\\/el-projecte-biomedic-de-lh-en-portada-del-diari\\\/#breadcrumb\",\"itemListElement\":[{\"@type\":\"ListItem\",\"position\":1,\"name\":\"Home\",\"item\":\"https:\\\/\\\/www.lafarga.com\\\/corporatiu\\\/lafarga-hospitalet-llobregat\\\/\"},{\"@type\":\"ListItem\",\"position\":2,\"name\":\"El projecte biom\u00e8dic de L&#8217;H, en portada del Diari\"}]},{\"@type\":\"WebSite\",\"@id\":\"https:\\\/\\\/www.lafarga.com\\\/corporatiu\\\/#website\",\"url\":\"https:\\\/\\\/www.lafarga.com\\\/corporatiu\\\/\",\"name\":\"La Farga Gesti\u00f3 d&#039;Equipaments Municipals, SA\",\"description\":\"\",\"publisher\":{\"@id\":\"https:\\\/\\\/www.lafarga.com\\\/corporatiu\\\/#organization\"},\"potentialAction\":[{\"@type\":\"SearchAction\",\"target\":{\"@type\":\"EntryPoint\",\"urlTemplate\":\"https:\\\/\\\/www.lafarga.com\\\/corporatiu\\\/?s={search_term_string}\"},\"query-input\":{\"@type\":\"PropertyValueSpecification\",\"valueRequired\":true,\"valueName\":\"search_term_string\"}}],\"inLanguage\":\"ca\"},{\"@type\":\"Organization\",\"@id\":\"https:\\\/\\\/www.lafarga.com\\\/corporatiu\\\/#organization\",\"name\":\"La Farga Gesti\u00f3 d&#039;Equipaments Municipals, SA\",\"url\":\"https:\\\/\\\/www.lafarga.com\\\/corporatiu\\\/\",\"logo\":{\"@type\":\"ImageObject\",\"inLanguage\":\"ca\",\"@id\":\"https:\\\/\\\/www.lafarga.com\\\/corporatiu\\\/#\\\/schema\\\/logo\\\/image\\\/\",\"url\":\"https:\\\/\\\/www.lafarga.com\\\/corporatiu\\\/wp-content\\\/uploads\\\/2023\\\/11\\\/logotipo_lafarga_gemsa.svg\",\"contentUrl\":\"https:\\\/\\\/www.lafarga.com\\\/corporatiu\\\/wp-content\\\/uploads\\\/2023\\\/11\\\/logotipo_lafarga_gemsa.svg\",\"width\":102,\"height\":103,\"caption\":\"La Farga Gesti\u00f3 d&#039;Equipaments Municipals, SA\"},\"image\":{\"@id\":\"https:\\\/\\\/www.lafarga.com\\\/corporatiu\\\/#\\\/schema\\\/logo\\\/image\\\/\"}},{\"@type\":\"Person\",\"@id\":\"https:\\\/\\\/www.lafarga.com\\\/corporatiu\\\/#\\\/schema\\\/person\\\/70d96fe17d0da1a9c9e80d232bdbcf33\",\"name\":\"\u00d2scar Milla\",\"image\":{\"@type\":\"ImageObject\",\"inLanguage\":\"ca\",\"@id\":\"https:\\\/\\\/secure.gravatar.com\\\/avatar\\\/92e75d184f9d5e0e403bd4ad075b080ad258344ddc259adddb579f6a3ba6494f?s=96&d=mm&r=g\",\"url\":\"https:\\\/\\\/secure.gravatar.com\\\/avatar\\\/92e75d184f9d5e0e403bd4ad075b080ad258344ddc259adddb579f6a3ba6494f?s=96&d=mm&r=g\",\"contentUrl\":\"https:\\\/\\\/secure.gravatar.com\\\/avatar\\\/92e75d184f9d5e0e403bd4ad075b080ad258344ddc259adddb579f6a3ba6494f?s=96&d=mm&r=g\",\"caption\":\"\u00d2scar Milla\"},\"url\":\"https:\\\/\\\/www.lafarga.com\\\/corporatiu\\\/author\\\/omilla\\\/\"}]}<\/script>\n<!-- \/ Yoast SEO plugin. -->","yoast_head_json":{"title":"El projecte biom\u00e8dic de L'H, en portada del Diari - La Farga Gesti\u00f3n de Equipamientos Municipales, S.A.","description":"La Generalitat se suma al projecte biom\u00e8dic de L\u2019H \u00e9s el principal tema de portada del Diari de L\u2019Hospitalet.","robots":{"index":"index","follow":"follow","max-snippet":"max-snippet:-1","max-image-preview":"max-image-preview:large","max-video-preview":"max-video-preview:-1"},"canonical":"https:\/\/www.lafarga.com\/corporatiu\/el-projecte-biomedic-de-lh-en-portada-del-diari\/","og_locale":"ca_ES","og_type":"article","og_title":"El projecte biom\u00e8dic de L'H, en portada del Diari - La Farga Gesti\u00f3n de Equipamientos Municipales, S.A.","og_description":"La Generalitat se suma al projecte biom\u00e8dic de L\u2019H \u00e9s el principal tema de portada del Diari de L\u2019Hospitalet.","og_url":"https:\/\/www.lafarga.com\/corporatiu\/el-projecte-biomedic-de-lh-en-portada-del-diari\/","og_site_name":"La Farga Gesti\u00f3n de Equipamientos Municipales, S.A.","article_published_time":"2023-01-24T08:55:52+00:00","article_modified_time":"2023-01-25T09:15:59+00:00","og_image":[{"width":730,"height":410,"url":"https:\/\/www.lafarga.com\/corporatiu\/wp-content\/uploads\/2023\/01\/Diari-LH-Gener-23.jpg","type":"image\/jpeg"}],"author":"\u00d2scar Milla","twitter_misc":{"Escrit per":"\u00d2scar Milla","Temps estimat de lectura":"2 minuts"},"schema":{"@context":"https:\/\/schema.org","@graph":[{"@type":"Article","@id":"https:\/\/www.lafarga.com\/corporatiu\/el-projecte-biomedic-de-lh-en-portada-del-diari\/#article","isPartOf":{"@id":"https:\/\/www.lafarga.com\/corporatiu\/el-projecte-biomedic-de-lh-en-portada-del-diari\/"},"author":{"name":"\u00d2scar Milla","@id":"https:\/\/www.lafarga.com\/corporatiu\/#\/schema\/person\/70d96fe17d0da1a9c9e80d232bdbcf33"},"headline":"El projecte biom\u00e8dic de L&#8217;H, en portada del Diari","datePublished":"2023-01-24T08:55:52+00:00","dateModified":"2023-01-25T09:15:59+00:00","mainEntityOfPage":{"@id":"https:\/\/www.lafarga.com\/corporatiu\/el-projecte-biomedic-de-lh-en-portada-del-diari\/"},"wordCount":318,"publisher":{"@id":"https:\/\/www.lafarga.com\/corporatiu\/#organization"},"image":{"@id":"https:\/\/www.lafarga.com\/corporatiu\/el-projecte-biomedic-de-lh-en-portada-del-diari\/#primaryimage"},"thumbnailUrl":"https:\/\/www.lafarga.com\/corporatiu\/wp-content\/uploads\/2023\/01\/Diari-LH-Gener-23.jpg","articleSection":["Mitjans de Comunicaci\u00f3"],"inLanguage":"ca"},{"@type":"WebPage","@id":"https:\/\/www.lafarga.com\/corporatiu\/el-projecte-biomedic-de-lh-en-portada-del-diari\/","url":"https:\/\/www.lafarga.com\/corporatiu\/el-projecte-biomedic-de-lh-en-portada-del-diari\/","name":"El projecte biom\u00e8dic de L'H, en portada del Diari - La Farga Gesti\u00f3n de Equipamientos Municipales, S.A.","isPartOf":{"@id":"https:\/\/www.lafarga.com\/corporatiu\/#website"},"primaryImageOfPage":{"@id":"https:\/\/www.lafarga.com\/corporatiu\/el-projecte-biomedic-de-lh-en-portada-del-diari\/#primaryimage"},"image":{"@id":"https:\/\/www.lafarga.com\/corporatiu\/el-projecte-biomedic-de-lh-en-portada-del-diari\/#primaryimage"},"thumbnailUrl":"https:\/\/www.lafarga.com\/corporatiu\/wp-content\/uploads\/2023\/01\/Diari-LH-Gener-23.jpg","datePublished":"2023-01-24T08:55:52+00:00","dateModified":"2023-01-25T09:15:59+00:00","description":"La Generalitat se suma al projecte biom\u00e8dic de L\u2019H \u00e9s el principal tema de portada del Diari de L\u2019Hospitalet.","breadcrumb":{"@id":"https:\/\/www.lafarga.com\/corporatiu\/el-projecte-biomedic-de-lh-en-portada-del-diari\/#breadcrumb"},"inLanguage":"ca","potentialAction":[{"@type":"ReadAction","target":["https:\/\/www.lafarga.com\/corporatiu\/el-projecte-biomedic-de-lh-en-portada-del-diari\/"]}]},{"@type":"ImageObject","inLanguage":"ca","@id":"https:\/\/www.lafarga.com\/corporatiu\/el-projecte-biomedic-de-lh-en-portada-del-diari\/#primaryimage","url":"https:\/\/www.lafarga.com\/corporatiu\/wp-content\/uploads\/2023\/01\/Diari-LH-Gener-23.jpg","contentUrl":"https:\/\/www.lafarga.com\/corporatiu\/wp-content\/uploads\/2023\/01\/Diari-LH-Gener-23.jpg","width":730,"height":410,"caption":"Biom\u00e8dic Diari Farga"},{"@type":"BreadcrumbList","@id":"https:\/\/www.lafarga.com\/corporatiu\/el-projecte-biomedic-de-lh-en-portada-del-diari\/#breadcrumb","itemListElement":[{"@type":"ListItem","position":1,"name":"Home","item":"https:\/\/www.lafarga.com\/corporatiu\/lafarga-hospitalet-llobregat\/"},{"@type":"ListItem","position":2,"name":"El projecte biom\u00e8dic de L&#8217;H, en portada del Diari"}]},{"@type":"WebSite","@id":"https:\/\/www.lafarga.com\/corporatiu\/#website","url":"https:\/\/www.lafarga.com\/corporatiu\/","name":"La Farga Gesti\u00f3 d&#039;Equipaments Municipals, SA","description":"","publisher":{"@id":"https:\/\/www.lafarga.com\/corporatiu\/#organization"},"potentialAction":[{"@type":"SearchAction","target":{"@type":"EntryPoint","urlTemplate":"https:\/\/www.lafarga.com\/corporatiu\/?s={search_term_string}"},"query-input":{"@type":"PropertyValueSpecification","valueRequired":true,"valueName":"search_term_string"}}],"inLanguage":"ca"},{"@type":"Organization","@id":"https:\/\/www.lafarga.com\/corporatiu\/#organization","name":"La Farga Gesti\u00f3 d&#039;Equipaments Municipals, SA","url":"https:\/\/www.lafarga.com\/corporatiu\/","logo":{"@type":"ImageObject","inLanguage":"ca","@id":"https:\/\/www.lafarga.com\/corporatiu\/#\/schema\/logo\/image\/","url":"https:\/\/www.lafarga.com\/corporatiu\/wp-content\/uploads\/2023\/11\/logotipo_lafarga_gemsa.svg","contentUrl":"https:\/\/www.lafarga.com\/corporatiu\/wp-content\/uploads\/2023\/11\/logotipo_lafarga_gemsa.svg","width":102,"height":103,"caption":"La Farga Gesti\u00f3 d&#039;Equipaments Municipals, SA"},"image":{"@id":"https:\/\/www.lafarga.com\/corporatiu\/#\/schema\/logo\/image\/"}},{"@type":"Person","@id":"https:\/\/www.lafarga.com\/corporatiu\/#\/schema\/person\/70d96fe17d0da1a9c9e80d232bdbcf33","name":"\u00d2scar Milla","image":{"@type":"ImageObject","inLanguage":"ca","@id":"https:\/\/secure.gravatar.com\/avatar\/92e75d184f9d5e0e403bd4ad075b080ad258344ddc259adddb579f6a3ba6494f?s=96&d=mm&r=g","url":"https:\/\/secure.gravatar.com\/avatar\/92e75d184f9d5e0e403bd4ad075b080ad258344ddc259adddb579f6a3ba6494f?s=96&d=mm&r=g","contentUrl":"https:\/\/secure.gravatar.com\/avatar\/92e75d184f9d5e0e403bd4ad075b080ad258344ddc259adddb579f6a3ba6494f?s=96&d=mm&r=g","caption":"\u00d2scar Milla"},"url":"https:\/\/www.lafarga.com\/corporatiu\/author\/omilla\/"}]}},"uagb_featured_image_src":{"full":["https:\/\/www.lafarga.com\/corporatiu\/wp-content\/uploads\/2023\/01\/Diari-LH-Gener-23.jpg",730,410,false],"thumbnail":["https:\/\/www.lafarga.com\/corporatiu\/wp-content\/uploads\/2023\/01\/Diari-LH-Gener-23-150x150.jpg",150,150,true],"medium":["https:\/\/www.lafarga.com\/corporatiu\/wp-content\/uploads\/2023\/01\/Diari-LH-Gener-23-300x168.jpg",300,168,true],"medium_large":["https:\/\/www.lafarga.com\/corporatiu\/wp-content\/uploads\/2023\/01\/Diari-LH-Gener-23.jpg",730,410,false],"large":["https:\/\/www.lafarga.com\/corporatiu\/wp-content\/uploads\/2023\/01\/Diari-LH-Gener-23.jpg",730,410,false],"1536x1536":["https:\/\/www.lafarga.com\/corporatiu\/wp-content\/uploads\/2023\/01\/Diari-LH-Gener-23.jpg",730,410,false],"2048x2048":["https:\/\/www.lafarga.com\/corporatiu\/wp-content\/uploads\/2023\/01\/Diari-LH-Gener-23.jpg",730,410,false],"mailpoet_newsletter_max":["https:\/\/www.lafarga.com\/corporatiu\/wp-content\/uploads\/2023\/01\/Diari-LH-Gener-23.jpg",730,410,false]},"uagb_author_info":{"display_name":"\u00d2scar Milla","author_link":"https:\/\/www.lafarga.com\/corporatiu\/author\/omilla\/"},"uagb_comment_info":0,"uagb_excerpt":"La Generalitat se suma al projecte biom\u00e8dic de L\u2019H \u00e9s el principal tema de portada del Diari de L\u2019Hospitalet.","_links":{"self":[{"href":"https:\/\/www.lafarga.com\/corporatiu\/wp-json\/wp\/v2\/posts\/17027","targetHints":{"allow":["GET"]}}],"collection":[{"href":"https:\/\/www.lafarga.com\/corporatiu\/wp-json\/wp\/v2\/posts"}],"about":[{"href":"https:\/\/www.lafarga.com\/corporatiu\/wp-json\/wp\/v2\/types\/post"}],"author":[{"embeddable":true,"href":"https:\/\/www.lafarga.com\/corporatiu\/wp-json\/wp\/v2\/users\/5"}],"replies":[{"embeddable":true,"href":"https:\/\/www.lafarga.com\/corporatiu\/wp-json\/wp\/v2\/comments?post=17027"}],"version-history":[{"count":2,"href":"https:\/\/www.lafarga.com\/corporatiu\/wp-json\/wp\/v2\/posts\/17027\/revisions"}],"predecessor-version":[{"id":17032,"href":"https:\/\/www.lafarga.com\/corporatiu\/wp-json\/wp\/v2\/posts\/17027\/revisions\/17032"}],"wp:featuredmedia":[{"embeddable":true,"href":"https:\/\/www.lafarga.com\/corporatiu\/wp-json\/wp\/v2\/media\/17029"}],"wp:attachment":[{"href":"https:\/\/www.lafarga.com\/corporatiu\/wp-json\/wp\/v2\/media?parent=17027"}],"wp:term":[{"taxonomy":"category","embeddable":true,"href":"https:\/\/www.lafarga.com\/corporatiu\/wp-json\/wp\/v2\/categories?post=17027"},{"taxonomy":"post_tag","embeddable":true,"href":"https:\/\/www.lafarga.com\/corporatiu\/wp-json\/wp\/v2\/tags?post=17027"}],"curies":[{"name":"wp","href":"https:\/\/api.w.org\/{rel}","templated":true}]}}