{"id":17021,"date":"2023-01-16T12:40:08","date_gmt":"2023-01-16T12:40:08","guid":{"rendered":"http:\/\/www.lafarga.com\/corporatiu\/?p=17021"},"modified":"2023-01-23T13:05:00","modified_gmt":"2023-01-23T13:05:00","slug":"el-forum-coffee-festival-novedad-de-2023-en-la-farga","status":"publish","type":"post","link":"https:\/\/www.lafarga.com\/corporatiu\/el-forum-coffee-festival-novedad-de-2023-en-la-farga\/","title":{"rendered":"El F\u00f3rum Coffee Festival, novedad de 2023 en La Farga"},"content":{"rendered":"\n<p><strong><a href=\"https:\/\/www.lafarga.com\/corporatiu\/centro-actividades-hospitalet-la-farga\/\" target=\"_blank\" rel=\"noreferrer noopener\">La Farga Centro de Actividades<\/a><\/strong> se convertir\u00e1, este 2023, en el epicentro del universo del caf\u00e9. Ser\u00e1 gracias a la celebraci\u00f3n del\u00a0<strong><a href=\"http:\/\/www.forumdelcafe.com\/\" target=\"_blank\" rel=\"noreferrer noopener\">F\u00f3rum Coffee Festival<\/a><\/strong>, del\u00a029 de septiembre al 1 de octubre, el mayor certamen dedicado a toda la cadena de valor del caf\u00e9 nunca antes celebrado en el Estado.<\/p>\n\n\n\n<p>Productores, distribuidores, importadores, exportadores, tostadores, fabricantes de maquinaria, estudiantes, baristas, gastr\u00f3nomos, hosteleros y, por supuesto, todos aquellos aficionados y amantes del caf\u00e9 se podr\u00e1n dar cita en un evento que pretende convertirse en lo m\u00e1s importante del pa\u00eds. No en vano, adem\u00e1s de un amplio y variado abanico de actividades en torno a esta estimulante y arom\u00e1tica bebida, el F\u00f3rum Coffee Festival dar\u00e1 a conocer el nombre del mejor barista del pa\u00eds, \u201cla reina o el rey\u201d cafetero que se levante como ganador absoluto del Campeonato Nacional Barista Pro Forum Caf\u00e9.<\/p>\n\n\n\n<p>Esta nueva competici\u00f3n -hasta ahora se hab\u00edan celebrado otros cert\u00e1menes nacionales similares, pero no tan completos- se divide en siete disciplinas (Cata, Pedido, Caf\u00e9 Filtro, Bebida de Autor, Origen, Latte Art y Espresso Blend), y premia a la polivalencia de los mejores baristas, evaluando sus habilidades en diferentes disciplinas para, de esta forma, distinguir a aquella persona que posee un conocimiento global del caf\u00e9. Por este motivo, el evento es uno de los m\u00e1s esperados cada a\u00f1o por el sector barista.<\/p>\n\n\n\n<h5 class=\"wp-block-heading\">Un certamen abierto a todo el mundo<\/h5>\n\n\n\n<p>Pero adem\u00e1s de albergar este campeonato, el Festival conseguir\u00e1 mucho m\u00e1s. Lograr\u00e1 que el aroma y el sabor de caf\u00e9 inunden todos los rincones del recinto ferial de La Farga, pero tambi\u00e9n de otros rincones de Barcelona y alrededores. La idea es que tanto profesionales como aficionados, incluso aquellos que sienten curiosidad pero no se han sumergido todav\u00eda en el mundo de esta bebida puedan empaparse de conocimiento cafetero.<\/p>\n\n\n\n<p>El F\u00f3rum Coffee Festival ser\u00e1, adem\u00e1s, un certamen abierto a todo el mundo. Su principal objetivo es dar visibilidad a toda la cadena de valor de caf\u00e9, desde el caficultor que trabaja en la finca de caf\u00e9 hasta el consumidor final. Para ello, el caf\u00e9 ser\u00e1 protagonista durante estos tres d\u00edas de numerosas actividades, desde catas, exhibiciones y concursos, hasta el primer simposio dedicado a este sector, sin olvidar los workshops, talleres y masterclass, e incluso m\u00fasica en directo o una muestra de fotograf\u00eda.<\/p>\n\n\n\n<h5 class=\"wp-block-heading\">\u00bfPor qu\u00e9 un Festival del caf\u00e9?<\/h5>\n\n\n\n<p>El caf\u00e9 es una de las bebidas m\u00e1s consumidas en nuestro pa\u00eds, y la segunda en todo el mundo, despu\u00e9s del agua. De hecho, el 83% de los espa\u00f1oles consume al menos 1 taza de caf\u00e9 al d\u00eda. Pero no s\u00f3lo consumimos mucho caf\u00e9, lo hacemos como un acto social, ya que el 78% de los consumidores asegura tomar caf\u00e9 con amigos, en familia o con compa\u00f1eros de trabajo.<\/p>\n\n\n\n<p>Pero adem\u00e1s, de ser Espa\u00f1a un pa\u00eds muy cafetero, cabe destacar que pasamos por un momento en que esta bebida cada vez se sofistica m\u00e1s, ya que el mercado exige mayor calidad y variedad.<\/p>\n\n\n\n<p>As\u00ed pues, en un momento como el actual, era imprescindible un evento que ensalzara al caf\u00e9, que le dotar\u00e1 de la importancia que se merece. As\u00ed lo creen de hecho, los organizadores del F\u00f3rum Coffee Festival, F\u00f3rum Cultural Caf\u00e9, la primera organizaci\u00f3n sin \u00e1nimo de lucro del sector del caf\u00e9 en Espa\u00f1a, fundada en 1997 con el objetivo de promover, divulgar y fomentar el consumo del caf\u00e9 de calidad .<\/p>\n\n\n\n<p>Precisamente, este 2023 la entidad celebra sus 25 a\u00f1os de trayectoria, unos a\u00f1os en los que han sido los art\u00edfices e impulsores de todo tipo de actividades en torno al caf\u00e9, abanderadas por los Campeonatos Baristas, as\u00ed como numerosas actividades formativas, y la publicaci\u00f3n de estudios de an\u00e1lisis del caf\u00e9.<\/p>\n","protected":false},"excerpt":{"rendered":"<p>La Farga Centro de Actividades se convertir\u00e1, este 2023, en el epicentro del universo del caf\u00e9. Ser\u00e1 gracias a la celebraci\u00f3n del\u00a0F\u00f3rum Coffee Festival, del\u00a029 de septiembre al 1 de octubre.<\/p>\n","protected":false},"author":5,"featured_media":17020,"comment_status":"closed","ping_status":"closed","sticky":false,"template":"","format":"standard","meta":{"inline_featured_image":false,"_uag_custom_page_level_css":"","_monsterinsights_skip_tracking":false,"_monsterinsights_sitenote_active":false,"_monsterinsights_sitenote_note":"","_monsterinsights_sitenote_category":0,"site-sidebar-layout":"default","site-content-layout":"","ast-site-content-layout":"default","site-content-style":"default","site-sidebar-style":"default","ast-global-header-display":"","ast-banner-title-visibility":"","ast-main-header-display":"","ast-hfb-above-header-display":"","ast-hfb-below-header-display":"","ast-hfb-mobile-header-display":"","site-post-title":"","ast-breadcrumbs-content":"","ast-featured-img":"","footer-sml-layout":"","ast-disable-related-posts":"","theme-transparent-header-meta":"","adv-header-id-meta":"","stick-header-meta":"","header-above-stick-meta":"","header-main-stick-meta":"","header-below-stick-meta":"","astra-migrate-meta-layouts":"default","ast-page-background-enabled":"default","ast-page-background-meta":{"desktop":{"background-color":"var(--ast-global-color-4)","background-image":"","background-repeat":"repeat","background-position":"center center","background-size":"auto","background-attachment":"scroll","background-type":"","background-media":"","overlay-type":"","overlay-color":"","overlay-opacity":"","overlay-gradient":""},"tablet":{"background-color":"","background-image":"","background-repeat":"repeat","background-position":"center center","background-size":"auto","background-attachment":"scroll","background-type":"","background-media":"","overlay-type":"","overlay-color":"","overlay-opacity":"","overlay-gradient":""},"mobile":{"background-color":"","background-image":"","background-repeat":"repeat","background-position":"center center","background-size":"auto","background-attachment":"scroll","background-type":"","background-media":"","overlay-type":"","overlay-color":"","overlay-opacity":"","overlay-gradient":""}},"ast-content-background-meta":{"desktop":{"background-color":"var(--ast-global-color-5)","background-image":"","background-repeat":"repeat","background-position":"center center","background-size":"auto","background-attachment":"scroll","background-type":"","background-media":"","overlay-type":"","overlay-color":"","overlay-opacity":"","overlay-gradient":""},"tablet":{"background-color":"var(--ast-global-color-5)","background-image":"","background-repeat":"repeat","background-position":"center center","background-size":"auto","background-attachment":"scroll","background-type":"","background-media":"","overlay-type":"","overlay-color":"","overlay-opacity":"","overlay-gradient":""},"mobile":{"background-color":"var(--ast-global-color-5)","background-image":"","background-repeat":"repeat","background-position":"center center","background-size":"auto","background-attachment":"scroll","background-type":"","background-media":"","overlay-type":"","overlay-color":"","overlay-opacity":"","overlay-gradient":""}},"footnotes":""},"categories":[73],"tags":[],"class_list":["post-17021","post","type-post","status-publish","format-standard","has-post-thumbnail","hentry","category-centro-de-actividades"],"yoast_head":"<!-- This site is optimized with the Yoast SEO plugin v27.4 - https:\/\/yoast.com\/product\/yoast-seo-wordpress\/ -->\n<title>El F\u00f3rum Coffee Festival, novedad de 2023 en La Farga - La Farga Gesti\u00f3n de Equipamientos Municipales, S.A.<\/title>\n<meta name=\"description\" content=\"La Farga Centro de Actividades ser\u00e1 epicentro del mundo del caf\u00e9, gracias al F\u00f3rum Coffee Festival, del 29 de septiembre al 1 de octubre.\" \/>\n<meta name=\"robots\" content=\"index, follow, max-snippet:-1, max-image-preview:large, max-video-preview:-1\" \/>\n<link rel=\"canonical\" href=\"https:\/\/www.lafarga.com\/corporatiu\/el-forum-coffee-festival-novedad-de-2023-en-la-farga\/\" \/>\n<meta property=\"og:locale\" content=\"ca_ES\" \/>\n<meta property=\"og:type\" content=\"article\" \/>\n<meta property=\"og:title\" content=\"El F\u00f3rum Coffee Festival, novedad de 2023 en La Farga - La Farga Gesti\u00f3n de Equipamientos Municipales, S.A.\" \/>\n<meta property=\"og:description\" content=\"La Farga Centro de Actividades ser\u00e1 epicentro del mundo del caf\u00e9, gracias al F\u00f3rum Coffee Festival, del 29 de septiembre al 1 de octubre.\" \/>\n<meta property=\"og:url\" content=\"https:\/\/www.lafarga.com\/corporatiu\/el-forum-coffee-festival-novedad-de-2023-en-la-farga\/\" \/>\n<meta property=\"og:site_name\" content=\"La Farga Gesti\u00f3n de Equipamientos Municipales, S.A.\" \/>\n<meta property=\"article:published_time\" content=\"2023-01-16T12:40:08+00:00\" \/>\n<meta property=\"article:modified_time\" content=\"2023-01-23T13:05:00+00:00\" \/>\n<meta property=\"og:image\" content=\"https:\/\/www.lafarga.com\/corporatiu\/wp-content\/uploads\/2023\/01\/Forum-Cafe-Farga.jpg\" \/>\n\t<meta property=\"og:image:width\" content=\"730\" \/>\n\t<meta property=\"og:image:height\" content=\"410\" \/>\n\t<meta property=\"og:image:type\" content=\"image\/jpeg\" \/>\n<meta name=\"author\" content=\"\u00d2scar Milla\" \/>\n<meta name=\"twitter:label1\" content=\"Escrit per\" \/>\n\t<meta name=\"twitter:data1\" content=\"\u00d2scar Milla\" \/>\n\t<meta name=\"twitter:label2\" content=\"Temps estimat de lectura\" \/>\n\t<meta name=\"twitter:data2\" content=\"4 minuts\" \/>\n<script type=\"application\/ld+json\" class=\"yoast-schema-graph\">{\"@context\":\"https:\\\/\\\/schema.org\",\"@graph\":[{\"@type\":\"Article\",\"@id\":\"https:\\\/\\\/www.lafarga.com\\\/corporatiu\\\/el-forum-coffee-festival-novedad-de-2023-en-la-farga\\\/#article\",\"isPartOf\":{\"@id\":\"https:\\\/\\\/www.lafarga.com\\\/corporatiu\\\/el-forum-coffee-festival-novedad-de-2023-en-la-farga\\\/\"},\"author\":{\"name\":\"\u00d2scar Milla\",\"@id\":\"https:\\\/\\\/www.lafarga.com\\\/corporatiu\\\/#\\\/schema\\\/person\\\/70d96fe17d0da1a9c9e80d232bdbcf33\"},\"headline\":\"El F\u00f3rum Coffee Festival, novedad de 2023 en La Farga\",\"datePublished\":\"2023-01-16T12:40:08+00:00\",\"dateModified\":\"2023-01-23T13:05:00+00:00\",\"mainEntityOfPage\":{\"@id\":\"https:\\\/\\\/www.lafarga.com\\\/corporatiu\\\/el-forum-coffee-festival-novedad-de-2023-en-la-farga\\\/\"},\"wordCount\":656,\"publisher\":{\"@id\":\"https:\\\/\\\/www.lafarga.com\\\/corporatiu\\\/#organization\"},\"image\":{\"@id\":\"https:\\\/\\\/www.lafarga.com\\\/corporatiu\\\/el-forum-coffee-festival-novedad-de-2023-en-la-farga\\\/#primaryimage\"},\"thumbnailUrl\":\"https:\\\/\\\/www.lafarga.com\\\/corporatiu\\\/wp-content\\\/uploads\\\/2023\\\/01\\\/Forum-Cafe-Farga.jpg\",\"articleSection\":[\"Centro de Actividades\"],\"inLanguage\":\"ca\"},{\"@type\":\"WebPage\",\"@id\":\"https:\\\/\\\/www.lafarga.com\\\/corporatiu\\\/el-forum-coffee-festival-novedad-de-2023-en-la-farga\\\/\",\"url\":\"https:\\\/\\\/www.lafarga.com\\\/corporatiu\\\/el-forum-coffee-festival-novedad-de-2023-en-la-farga\\\/\",\"name\":\"El F\u00f3rum Coffee Festival, novedad de 2023 en La Farga - La Farga Gesti\u00f3n de Equipamientos Municipales, S.A.\",\"isPartOf\":{\"@id\":\"https:\\\/\\\/www.lafarga.com\\\/corporatiu\\\/#website\"},\"primaryImageOfPage\":{\"@id\":\"https:\\\/\\\/www.lafarga.com\\\/corporatiu\\\/el-forum-coffee-festival-novedad-de-2023-en-la-farga\\\/#primaryimage\"},\"image\":{\"@id\":\"https:\\\/\\\/www.lafarga.com\\\/corporatiu\\\/el-forum-coffee-festival-novedad-de-2023-en-la-farga\\\/#primaryimage\"},\"thumbnailUrl\":\"https:\\\/\\\/www.lafarga.com\\\/corporatiu\\\/wp-content\\\/uploads\\\/2023\\\/01\\\/Forum-Cafe-Farga.jpg\",\"datePublished\":\"2023-01-16T12:40:08+00:00\",\"dateModified\":\"2023-01-23T13:05:00+00:00\",\"description\":\"La Farga Centro de Actividades ser\u00e1 epicentro del mundo del caf\u00e9, gracias al F\u00f3rum Coffee Festival, del 29 de septiembre al 1 de octubre.\",\"breadcrumb\":{\"@id\":\"https:\\\/\\\/www.lafarga.com\\\/corporatiu\\\/el-forum-coffee-festival-novedad-de-2023-en-la-farga\\\/#breadcrumb\"},\"inLanguage\":\"ca\",\"potentialAction\":[{\"@type\":\"ReadAction\",\"target\":[\"https:\\\/\\\/www.lafarga.com\\\/corporatiu\\\/el-forum-coffee-festival-novedad-de-2023-en-la-farga\\\/\"]}]},{\"@type\":\"ImageObject\",\"inLanguage\":\"ca\",\"@id\":\"https:\\\/\\\/www.lafarga.com\\\/corporatiu\\\/el-forum-coffee-festival-novedad-de-2023-en-la-farga\\\/#primaryimage\",\"url\":\"https:\\\/\\\/www.lafarga.com\\\/corporatiu\\\/wp-content\\\/uploads\\\/2023\\\/01\\\/Forum-Cafe-Farga.jpg\",\"contentUrl\":\"https:\\\/\\\/www.lafarga.com\\\/corporatiu\\\/wp-content\\\/uploads\\\/2023\\\/01\\\/Forum-Cafe-Farga.jpg\",\"width\":730,\"height\":410,\"caption\":\"Forum Coffee Farga\"},{\"@type\":\"BreadcrumbList\",\"@id\":\"https:\\\/\\\/www.lafarga.com\\\/corporatiu\\\/el-forum-coffee-festival-novedad-de-2023-en-la-farga\\\/#breadcrumb\",\"itemListElement\":[{\"@type\":\"ListItem\",\"position\":1,\"name\":\"Home\",\"item\":\"https:\\\/\\\/www.lafarga.com\\\/corporatiu\\\/lafarga-hospitalet-llobregat\\\/\"},{\"@type\":\"ListItem\",\"position\":2,\"name\":\"El F\u00f3rum Coffee Festival, novedad de 2023 en La Farga\"}]},{\"@type\":\"WebSite\",\"@id\":\"https:\\\/\\\/www.lafarga.com\\\/corporatiu\\\/#website\",\"url\":\"https:\\\/\\\/www.lafarga.com\\\/corporatiu\\\/\",\"name\":\"La Farga Gesti\u00f3 d&#039;Equipaments Municipals, SA\",\"description\":\"\",\"publisher\":{\"@id\":\"https:\\\/\\\/www.lafarga.com\\\/corporatiu\\\/#organization\"},\"potentialAction\":[{\"@type\":\"SearchAction\",\"target\":{\"@type\":\"EntryPoint\",\"urlTemplate\":\"https:\\\/\\\/www.lafarga.com\\\/corporatiu\\\/?s={search_term_string}\"},\"query-input\":{\"@type\":\"PropertyValueSpecification\",\"valueRequired\":true,\"valueName\":\"search_term_string\"}}],\"inLanguage\":\"ca\"},{\"@type\":\"Organization\",\"@id\":\"https:\\\/\\\/www.lafarga.com\\\/corporatiu\\\/#organization\",\"name\":\"La Farga Gesti\u00f3 d&#039;Equipaments Municipals, SA\",\"url\":\"https:\\\/\\\/www.lafarga.com\\\/corporatiu\\\/\",\"logo\":{\"@type\":\"ImageObject\",\"inLanguage\":\"ca\",\"@id\":\"https:\\\/\\\/www.lafarga.com\\\/corporatiu\\\/#\\\/schema\\\/logo\\\/image\\\/\",\"url\":\"https:\\\/\\\/www.lafarga.com\\\/corporatiu\\\/wp-content\\\/uploads\\\/2023\\\/11\\\/logotipo_lafarga_gemsa.svg\",\"contentUrl\":\"https:\\\/\\\/www.lafarga.com\\\/corporatiu\\\/wp-content\\\/uploads\\\/2023\\\/11\\\/logotipo_lafarga_gemsa.svg\",\"width\":102,\"height\":103,\"caption\":\"La Farga Gesti\u00f3 d&#039;Equipaments Municipals, SA\"},\"image\":{\"@id\":\"https:\\\/\\\/www.lafarga.com\\\/corporatiu\\\/#\\\/schema\\\/logo\\\/image\\\/\"}},{\"@type\":\"Person\",\"@id\":\"https:\\\/\\\/www.lafarga.com\\\/corporatiu\\\/#\\\/schema\\\/person\\\/70d96fe17d0da1a9c9e80d232bdbcf33\",\"name\":\"\u00d2scar Milla\",\"image\":{\"@type\":\"ImageObject\",\"inLanguage\":\"ca\",\"@id\":\"https:\\\/\\\/secure.gravatar.com\\\/avatar\\\/92e75d184f9d5e0e403bd4ad075b080ad258344ddc259adddb579f6a3ba6494f?s=96&d=mm&r=g\",\"url\":\"https:\\\/\\\/secure.gravatar.com\\\/avatar\\\/92e75d184f9d5e0e403bd4ad075b080ad258344ddc259adddb579f6a3ba6494f?s=96&d=mm&r=g\",\"contentUrl\":\"https:\\\/\\\/secure.gravatar.com\\\/avatar\\\/92e75d184f9d5e0e403bd4ad075b080ad258344ddc259adddb579f6a3ba6494f?s=96&d=mm&r=g\",\"caption\":\"\u00d2scar Milla\"},\"url\":\"https:\\\/\\\/www.lafarga.com\\\/corporatiu\\\/author\\\/omilla\\\/\"}]}<\/script>\n<!-- \/ Yoast SEO plugin. -->","yoast_head_json":{"title":"El F\u00f3rum Coffee Festival, novedad de 2023 en La Farga - La Farga Gesti\u00f3n de Equipamientos Municipales, S.A.","description":"La Farga Centro de Actividades ser\u00e1 epicentro del mundo del caf\u00e9, gracias al F\u00f3rum Coffee Festival, del 29 de septiembre al 1 de octubre.","robots":{"index":"index","follow":"follow","max-snippet":"max-snippet:-1","max-image-preview":"max-image-preview:large","max-video-preview":"max-video-preview:-1"},"canonical":"https:\/\/www.lafarga.com\/corporatiu\/el-forum-coffee-festival-novedad-de-2023-en-la-farga\/","og_locale":"ca_ES","og_type":"article","og_title":"El F\u00f3rum Coffee Festival, novedad de 2023 en La Farga - La Farga Gesti\u00f3n de Equipamientos Municipales, S.A.","og_description":"La Farga Centro de Actividades ser\u00e1 epicentro del mundo del caf\u00e9, gracias al F\u00f3rum Coffee Festival, del 29 de septiembre al 1 de octubre.","og_url":"https:\/\/www.lafarga.com\/corporatiu\/el-forum-coffee-festival-novedad-de-2023-en-la-farga\/","og_site_name":"La Farga Gesti\u00f3n de Equipamientos Municipales, S.A.","article_published_time":"2023-01-16T12:40:08+00:00","article_modified_time":"2023-01-23T13:05:00+00:00","og_image":[{"width":730,"height":410,"url":"https:\/\/www.lafarga.com\/corporatiu\/wp-content\/uploads\/2023\/01\/Forum-Cafe-Farga.jpg","type":"image\/jpeg"}],"author":"\u00d2scar Milla","twitter_misc":{"Escrit per":"\u00d2scar Milla","Temps estimat de lectura":"4 minuts"},"schema":{"@context":"https:\/\/schema.org","@graph":[{"@type":"Article","@id":"https:\/\/www.lafarga.com\/corporatiu\/el-forum-coffee-festival-novedad-de-2023-en-la-farga\/#article","isPartOf":{"@id":"https:\/\/www.lafarga.com\/corporatiu\/el-forum-coffee-festival-novedad-de-2023-en-la-farga\/"},"author":{"name":"\u00d2scar Milla","@id":"https:\/\/www.lafarga.com\/corporatiu\/#\/schema\/person\/70d96fe17d0da1a9c9e80d232bdbcf33"},"headline":"El F\u00f3rum Coffee Festival, novedad de 2023 en La Farga","datePublished":"2023-01-16T12:40:08+00:00","dateModified":"2023-01-23T13:05:00+00:00","mainEntityOfPage":{"@id":"https:\/\/www.lafarga.com\/corporatiu\/el-forum-coffee-festival-novedad-de-2023-en-la-farga\/"},"wordCount":656,"publisher":{"@id":"https:\/\/www.lafarga.com\/corporatiu\/#organization"},"image":{"@id":"https:\/\/www.lafarga.com\/corporatiu\/el-forum-coffee-festival-novedad-de-2023-en-la-farga\/#primaryimage"},"thumbnailUrl":"https:\/\/www.lafarga.com\/corporatiu\/wp-content\/uploads\/2023\/01\/Forum-Cafe-Farga.jpg","articleSection":["Centro de Actividades"],"inLanguage":"ca"},{"@type":"WebPage","@id":"https:\/\/www.lafarga.com\/corporatiu\/el-forum-coffee-festival-novedad-de-2023-en-la-farga\/","url":"https:\/\/www.lafarga.com\/corporatiu\/el-forum-coffee-festival-novedad-de-2023-en-la-farga\/","name":"El F\u00f3rum Coffee Festival, novedad de 2023 en La Farga - La Farga Gesti\u00f3n de Equipamientos Municipales, S.A.","isPartOf":{"@id":"https:\/\/www.lafarga.com\/corporatiu\/#website"},"primaryImageOfPage":{"@id":"https:\/\/www.lafarga.com\/corporatiu\/el-forum-coffee-festival-novedad-de-2023-en-la-farga\/#primaryimage"},"image":{"@id":"https:\/\/www.lafarga.com\/corporatiu\/el-forum-coffee-festival-novedad-de-2023-en-la-farga\/#primaryimage"},"thumbnailUrl":"https:\/\/www.lafarga.com\/corporatiu\/wp-content\/uploads\/2023\/01\/Forum-Cafe-Farga.jpg","datePublished":"2023-01-16T12:40:08+00:00","dateModified":"2023-01-23T13:05:00+00:00","description":"La Farga Centro de Actividades ser\u00e1 epicentro del mundo del caf\u00e9, gracias al F\u00f3rum Coffee Festival, del 29 de septiembre al 1 de octubre.","breadcrumb":{"@id":"https:\/\/www.lafarga.com\/corporatiu\/el-forum-coffee-festival-novedad-de-2023-en-la-farga\/#breadcrumb"},"inLanguage":"ca","potentialAction":[{"@type":"ReadAction","target":["https:\/\/www.lafarga.com\/corporatiu\/el-forum-coffee-festival-novedad-de-2023-en-la-farga\/"]}]},{"@type":"ImageObject","inLanguage":"ca","@id":"https:\/\/www.lafarga.com\/corporatiu\/el-forum-coffee-festival-novedad-de-2023-en-la-farga\/#primaryimage","url":"https:\/\/www.lafarga.com\/corporatiu\/wp-content\/uploads\/2023\/01\/Forum-Cafe-Farga.jpg","contentUrl":"https:\/\/www.lafarga.com\/corporatiu\/wp-content\/uploads\/2023\/01\/Forum-Cafe-Farga.jpg","width":730,"height":410,"caption":"Forum Coffee Farga"},{"@type":"BreadcrumbList","@id":"https:\/\/www.lafarga.com\/corporatiu\/el-forum-coffee-festival-novedad-de-2023-en-la-farga\/#breadcrumb","itemListElement":[{"@type":"ListItem","position":1,"name":"Home","item":"https:\/\/www.lafarga.com\/corporatiu\/lafarga-hospitalet-llobregat\/"},{"@type":"ListItem","position":2,"name":"El F\u00f3rum Coffee Festival, novedad de 2023 en La Farga"}]},{"@type":"WebSite","@id":"https:\/\/www.lafarga.com\/corporatiu\/#website","url":"https:\/\/www.lafarga.com\/corporatiu\/","name":"La Farga Gesti\u00f3 d&#039;Equipaments Municipals, SA","description":"","publisher":{"@id":"https:\/\/www.lafarga.com\/corporatiu\/#organization"},"potentialAction":[{"@type":"SearchAction","target":{"@type":"EntryPoint","urlTemplate":"https:\/\/www.lafarga.com\/corporatiu\/?s={search_term_string}"},"query-input":{"@type":"PropertyValueSpecification","valueRequired":true,"valueName":"search_term_string"}}],"inLanguage":"ca"},{"@type":"Organization","@id":"https:\/\/www.lafarga.com\/corporatiu\/#organization","name":"La Farga Gesti\u00f3 d&#039;Equipaments Municipals, SA","url":"https:\/\/www.lafarga.com\/corporatiu\/","logo":{"@type":"ImageObject","inLanguage":"ca","@id":"https:\/\/www.lafarga.com\/corporatiu\/#\/schema\/logo\/image\/","url":"https:\/\/www.lafarga.com\/corporatiu\/wp-content\/uploads\/2023\/11\/logotipo_lafarga_gemsa.svg","contentUrl":"https:\/\/www.lafarga.com\/corporatiu\/wp-content\/uploads\/2023\/11\/logotipo_lafarga_gemsa.svg","width":102,"height":103,"caption":"La Farga Gesti\u00f3 d&#039;Equipaments Municipals, SA"},"image":{"@id":"https:\/\/www.lafarga.com\/corporatiu\/#\/schema\/logo\/image\/"}},{"@type":"Person","@id":"https:\/\/www.lafarga.com\/corporatiu\/#\/schema\/person\/70d96fe17d0da1a9c9e80d232bdbcf33","name":"\u00d2scar Milla","image":{"@type":"ImageObject","inLanguage":"ca","@id":"https:\/\/secure.gravatar.com\/avatar\/92e75d184f9d5e0e403bd4ad075b080ad258344ddc259adddb579f6a3ba6494f?s=96&d=mm&r=g","url":"https:\/\/secure.gravatar.com\/avatar\/92e75d184f9d5e0e403bd4ad075b080ad258344ddc259adddb579f6a3ba6494f?s=96&d=mm&r=g","contentUrl":"https:\/\/secure.gravatar.com\/avatar\/92e75d184f9d5e0e403bd4ad075b080ad258344ddc259adddb579f6a3ba6494f?s=96&d=mm&r=g","caption":"\u00d2scar Milla"},"url":"https:\/\/www.lafarga.com\/corporatiu\/author\/omilla\/"}]}},"uagb_featured_image_src":{"full":["https:\/\/www.lafarga.com\/corporatiu\/wp-content\/uploads\/2023\/01\/Forum-Cafe-Farga.jpg",730,410,false],"thumbnail":["https:\/\/www.lafarga.com\/corporatiu\/wp-content\/uploads\/2023\/01\/Forum-Cafe-Farga-150x150.jpg",150,150,true],"medium":["https:\/\/www.lafarga.com\/corporatiu\/wp-content\/uploads\/2023\/01\/Forum-Cafe-Farga-300x168.jpg",300,168,true],"medium_large":["https:\/\/www.lafarga.com\/corporatiu\/wp-content\/uploads\/2023\/01\/Forum-Cafe-Farga.jpg",730,410,false],"large":["https:\/\/www.lafarga.com\/corporatiu\/wp-content\/uploads\/2023\/01\/Forum-Cafe-Farga.jpg",730,410,false],"1536x1536":["https:\/\/www.lafarga.com\/corporatiu\/wp-content\/uploads\/2023\/01\/Forum-Cafe-Farga.jpg",730,410,false],"2048x2048":["https:\/\/www.lafarga.com\/corporatiu\/wp-content\/uploads\/2023\/01\/Forum-Cafe-Farga.jpg",730,410,false],"mailpoet_newsletter_max":["https:\/\/www.lafarga.com\/corporatiu\/wp-content\/uploads\/2023\/01\/Forum-Cafe-Farga.jpg",730,410,false]},"uagb_author_info":{"display_name":"\u00d2scar Milla","author_link":"https:\/\/www.lafarga.com\/corporatiu\/author\/omilla\/"},"uagb_comment_info":0,"uagb_excerpt":"La Farga Centro de Actividades se convertir\u00e1, este 2023, en el epicentro del universo del caf\u00e9. Ser\u00e1 gracias a la celebraci\u00f3n del\u00a0F\u00f3rum Coffee Festival, del\u00a029 de septiembre al 1 de octubre.","_links":{"self":[{"href":"https:\/\/www.lafarga.com\/corporatiu\/wp-json\/wp\/v2\/posts\/17021","targetHints":{"allow":["GET"]}}],"collection":[{"href":"https:\/\/www.lafarga.com\/corporatiu\/wp-json\/wp\/v2\/posts"}],"about":[{"href":"https:\/\/www.lafarga.com\/corporatiu\/wp-json\/wp\/v2\/types\/post"}],"author":[{"embeddable":true,"href":"https:\/\/www.lafarga.com\/corporatiu\/wp-json\/wp\/v2\/users\/5"}],"replies":[{"embeddable":true,"href":"https:\/\/www.lafarga.com\/corporatiu\/wp-json\/wp\/v2\/comments?post=17021"}],"version-history":[{"count":3,"href":"https:\/\/www.lafarga.com\/corporatiu\/wp-json\/wp\/v2\/posts\/17021\/revisions"}],"predecessor-version":[{"id":17026,"href":"https:\/\/www.lafarga.com\/corporatiu\/wp-json\/wp\/v2\/posts\/17021\/revisions\/17026"}],"wp:featuredmedia":[{"embeddable":true,"href":"https:\/\/www.lafarga.com\/corporatiu\/wp-json\/wp\/v2\/media\/17020"}],"wp:attachment":[{"href":"https:\/\/www.lafarga.com\/corporatiu\/wp-json\/wp\/v2\/media?parent=17021"}],"wp:term":[{"taxonomy":"category","embeddable":true,"href":"https:\/\/www.lafarga.com\/corporatiu\/wp-json\/wp\/v2\/categories?post=17021"},{"taxonomy":"post_tag","embeddable":true,"href":"https:\/\/www.lafarga.com\/corporatiu\/wp-json\/wp\/v2\/tags?post=17021"}],"curies":[{"name":"wp","href":"https:\/\/api.w.org\/{rel}","templated":true}]}}