{"id":17018,"date":"2023-01-16T12:35:45","date_gmt":"2023-01-16T12:35:45","guid":{"rendered":"http:\/\/www.lafarga.com\/corporatiu\/?p=17018"},"modified":"2023-01-23T13:03:40","modified_gmt":"2023-01-23T13:03:40","slug":"el-forum-coffee-festival-novetat-de-2023-a-la-farga","status":"publish","type":"post","link":"https:\/\/www.lafarga.com\/corporatiu\/el-forum-coffee-festival-novetat-de-2023-a-la-farga\/","title":{"rendered":"El F\u00f2rum Coffee Festival, novetat de 2023 a La Farga"},"content":{"rendered":"\n<p><strong><a href=\"https:\/\/www.lafarga.com\/corporatiu\/centre-activitats-hospitalet-la-farga\/\" target=\"_blank\" rel=\"noreferrer noopener\">La Farga Centre d\u2019Activitats<\/a><\/strong> es convertir\u00e0, aquest 2023, en l\u2019epicentre de l\u2019univers del caf\u00e8. Ser\u00e0 gr\u00e0cies a la celebraci\u00f3 del\u00a0<strong><a href=\"http:\/\/www.forumdelcafe.com\/\" target=\"_blank\" rel=\"noreferrer noopener\">F\u00f2rum Coffee Festival<\/a><\/strong>, del\u00a029 de setembre a l\u20191 d\u2019octubre, el major certamen dedicat a tota la cadena de valor del caf\u00e8 mai abans celebrat a l\u2019Estat.<\/p>\n\n\n\n<p>Productors, distribu\u00efdors, importadors, exportadors, torradors, fabricadors de maquin\u00e0ria, estudiants, baristes, gastr\u00f2noms, hostalers i, per descomptat, tots aquells aficionats i amants del caf\u00e8 es podran donar cita en un esdeveniment que pret\u00e9n convertir-se en el m\u00e9s important del pa\u00eds. No en va, a m\u00e9s d\u2019un ampli i variat ventall d\u2019activitats al voltant d\u2019aquesta estimulant i arom\u00e0tica beguda, el F\u00f2rum Coffee Festival donar\u00e0 a con\u00e8ixer el nom del millor barista del pa\u00eds, \u201cla reina o el rei\u201d cafeter que s\u2019alci com a guanyador absolut del Campionat Nacional Barista Pro F\u00f2rum Caf\u00e8.<\/p>\n\n\n\n<p>Aquesta nova competici\u00f3 -fins ara s\u2019havien celebrat altres cert\u00e0mens nacionals similars, per\u00f2 no tan complets- es divideix en set disciplines (Tast, Comanda, Caf\u00e8 Filtre, Beguda d\u2019Autor, Origen, Latte Art i Espresso Blend), i premia la polival\u00e8ncia dels millors baristes, avaluant les seves habilitats en diferents disciplines per a, d\u2019aquesta manera, distingir a aquella persona que posseeix un coneixement global del caf\u00e8. Per aquest motiu, l\u2019esdeveniment, \u00e9s un dels m\u00e9s esperats cada any pel sector barista.<\/p>\n\n\n\n<h5 class=\"wp-block-heading\">Un certamen obert a tothom<\/h5>\n\n\n\n<p>Per\u00f2 a m\u00e9s d\u2019acollir aquest campionat, el Festival aconseguir\u00e0 molt m\u00e9s. Aconseguir\u00e0 que l\u2019aroma i el sabor de caf\u00e8 inundin tots els racons del recinte firal de La Farga, per\u00f2 tamb\u00e9 d\u2019altres racons de Barcelona i voltants. La idea \u00e9s que tant professionals com aficionats, fins i tot aquells que senten curiositat per\u00f2 no s\u2019han submergit encara en el m\u00f3n d\u2019aquesta beguda puguin xopar-se de coneixement cafeter.<\/p>\n\n\n\n<p>El F\u00f2rum Coffee Festival ser\u00e0, a m\u00e9s, un certamen obert a tothom. El seu principal objectiu \u00e9s donar visibilitat a tota la cadena de valor del caf\u00e8, des del caficultor que treballa en la finca de caf\u00e8 fins al consumidor final. Per a aix\u00f2, el caf\u00e8 ser\u00e0 protagonista durant aquests tres dies de nombroses activitats, des de tastos, exhibicions i concursos, fins al primer simposi dedicat a aquest sector, sense oblidar els workshops, tallers i masterclass, i fins i tot, m\u00fasica en directe o una mostra de fotografia.<\/p>\n\n\n\n<h5 class=\"wp-block-heading\">Per qu\u00e8 un Festival del caf\u00e8?<\/h5>\n\n\n\n<p>El caf\u00e8 \u00e9s una de les begudes m\u00e9s consumides al nostre pa\u00eds, i la segona a tot el m\u00f3n, despr\u00e9s de l\u2019aigua. De fet, el 83% dels espanyols consumeixen almenys 1 tassa de caf\u00e8 al dia. Per\u00f2 no nom\u00e9s consumim molt caf\u00e8, ho fem com un acte social, ja que el 78% dels consumidors assegura prendre caf\u00e8 amb amics, en fam\u00edlia o amb companys de treball.<\/p>\n\n\n\n<p>Per\u00f2 a m\u00e9s, de ser Espanya un pa\u00eds molt cafeter, cal destacar que passem per un moment on aquesta beguda cada vegada se sofistica m\u00e9s, ja que el mercat exigeix m\u00e9s qualitat i varietat.<\/p>\n\n\n\n<p>Aix\u00ed doncs, en un moment com l\u2019actual, era imprescindible un esdeveniment que enalt\u00eds al caf\u00e8, que li dotar\u00e0 de la import\u00e0ncia que es mereix. Aix\u00ed ho creuen de fet, els organitzadors del F\u00f2rum Coffee Festival, F\u00f2rum Cultural Caf\u00e8, la primera organitzaci\u00f3 sense \u00e0nim de lucre del sector del caf\u00e8 a Espanya, fundada en 1997 amb l\u2019objectiu de promoure, divulgar i fomentar el consum del caf\u00e8 de qualitat.<\/p>\n\n\n\n<p>Precisament, aquest 2023 l\u2019entitat celebra els seus 25 anys de traject\u00f2ria, uns anys en qu\u00e8 han estat els art\u00edfexs i impulsors de tota mena d\u2019activitats al voltant del caf\u00e8, bandereres pels Campionats Baristes, aix\u00ed com nombroses activitats formatives, i la publicaci\u00f3 d\u2019estudis d\u2019an\u00e0lisis del caf\u00e8.<\/p>\n","protected":false},"excerpt":{"rendered":"<p>La Farga Centre d\u2019Activitats es convertir\u00e0, aquest 2023, en l\u2019epicentre de l\u2019univers del caf\u00e8. Ser\u00e0 gr\u00e0cies a la celebraci\u00f3 del\u00a0F\u00f2rum Coffee Festival, del\u00a029 de setembre a l\u20191 d\u2019octubre.<\/p>\n","protected":false},"author":5,"featured_media":17020,"comment_status":"closed","ping_status":"closed","sticky":false,"template":"","format":"standard","meta":{"inline_featured_image":false,"_uag_custom_page_level_css":"","_monsterinsights_skip_tracking":false,"_monsterinsights_sitenote_active":false,"_monsterinsights_sitenote_note":"","_monsterinsights_sitenote_category":0,"site-sidebar-layout":"default","site-content-layout":"","ast-site-content-layout":"default","site-content-style":"default","site-sidebar-style":"default","ast-global-header-display":"","ast-banner-title-visibility":"","ast-main-header-display":"","ast-hfb-above-header-display":"","ast-hfb-below-header-display":"","ast-hfb-mobile-header-display":"","site-post-title":"","ast-breadcrumbs-content":"","ast-featured-img":"","footer-sml-layout":"","ast-disable-related-posts":"","theme-transparent-header-meta":"","adv-header-id-meta":"","stick-header-meta":"","header-above-stick-meta":"","header-main-stick-meta":"","header-below-stick-meta":"","astra-migrate-meta-layouts":"default","ast-page-background-enabled":"default","ast-page-background-meta":{"desktop":{"background-color":"var(--ast-global-color-4)","background-image":"","background-repeat":"repeat","background-position":"center center","background-size":"auto","background-attachment":"scroll","background-type":"","background-media":"","overlay-type":"","overlay-color":"","overlay-opacity":"","overlay-gradient":""},"tablet":{"background-color":"","background-image":"","background-repeat":"repeat","background-position":"center center","background-size":"auto","background-attachment":"scroll","background-type":"","background-media":"","overlay-type":"","overlay-color":"","overlay-opacity":"","overlay-gradient":""},"mobile":{"background-color":"","background-image":"","background-repeat":"repeat","background-position":"center center","background-size":"auto","background-attachment":"scroll","background-type":"","background-media":"","overlay-type":"","overlay-color":"","overlay-opacity":"","overlay-gradient":""}},"ast-content-background-meta":{"desktop":{"background-color":"var(--ast-global-color-5)","background-image":"","background-repeat":"repeat","background-position":"center center","background-size":"auto","background-attachment":"scroll","background-type":"","background-media":"","overlay-type":"","overlay-color":"","overlay-opacity":"","overlay-gradient":""},"tablet":{"background-color":"var(--ast-global-color-5)","background-image":"","background-repeat":"repeat","background-position":"center center","background-size":"auto","background-attachment":"scroll","background-type":"","background-media":"","overlay-type":"","overlay-color":"","overlay-opacity":"","overlay-gradient":""},"mobile":{"background-color":"var(--ast-global-color-5)","background-image":"","background-repeat":"repeat","background-position":"center center","background-size":"auto","background-attachment":"scroll","background-type":"","background-media":"","overlay-type":"","overlay-color":"","overlay-opacity":"","overlay-gradient":""}},"footnotes":""},"categories":[49],"tags":[],"class_list":["post-17018","post","type-post","status-publish","format-standard","has-post-thumbnail","hentry","category-centre-activitats"],"yoast_head":"<!-- This site is optimized with the Yoast SEO plugin v27.4 - https:\/\/yoast.com\/product\/yoast-seo-wordpress\/ -->\n<title>El F\u00f2rum Coffee Festival, novetat de 2023 a La Farga - La Farga Gesti\u00f3n de Equipamientos Municipales, S.A.<\/title>\n<meta name=\"description\" content=\"La Farga Centre d\u2019Activitats ser\u00e0 epicentre de l\u2019univers del caf\u00e8, gr\u00e0cies al F\u00f2rum Coffee Festival, del\u00a029 de setembre a l\u20191 d\u2019octubre.\" \/>\n<meta name=\"robots\" content=\"index, follow, max-snippet:-1, max-image-preview:large, max-video-preview:-1\" \/>\n<link rel=\"canonical\" href=\"https:\/\/www.lafarga.com\/corporatiu\/el-forum-coffee-festival-novetat-de-2023-a-la-farga\/\" \/>\n<meta property=\"og:locale\" content=\"ca_ES\" \/>\n<meta property=\"og:type\" content=\"article\" \/>\n<meta property=\"og:title\" content=\"El F\u00f2rum Coffee Festival, novetat de 2023 a La Farga - La Farga Gesti\u00f3n de Equipamientos Municipales, S.A.\" \/>\n<meta property=\"og:description\" content=\"La Farga Centre d\u2019Activitats ser\u00e0 epicentre de l\u2019univers del caf\u00e8, gr\u00e0cies al F\u00f2rum Coffee Festival, del\u00a029 de setembre a l\u20191 d\u2019octubre.\" \/>\n<meta property=\"og:url\" content=\"https:\/\/www.lafarga.com\/corporatiu\/el-forum-coffee-festival-novetat-de-2023-a-la-farga\/\" \/>\n<meta property=\"og:site_name\" content=\"La Farga Gesti\u00f3n de Equipamientos Municipales, S.A.\" \/>\n<meta property=\"article:published_time\" content=\"2023-01-16T12:35:45+00:00\" \/>\n<meta property=\"article:modified_time\" content=\"2023-01-23T13:03:40+00:00\" \/>\n<meta property=\"og:image\" content=\"https:\/\/www.lafarga.com\/corporatiu\/wp-content\/uploads\/2023\/01\/Forum-Cafe-Farga.jpg\" \/>\n\t<meta property=\"og:image:width\" content=\"730\" \/>\n\t<meta property=\"og:image:height\" content=\"410\" \/>\n\t<meta property=\"og:image:type\" content=\"image\/jpeg\" \/>\n<meta name=\"author\" content=\"\u00d2scar Milla\" \/>\n<meta name=\"twitter:label1\" content=\"Escrit per\" \/>\n\t<meta name=\"twitter:data1\" content=\"\u00d2scar Milla\" \/>\n\t<meta name=\"twitter:label2\" content=\"Temps estimat de lectura\" \/>\n\t<meta name=\"twitter:data2\" content=\"4 minuts\" \/>\n<script type=\"application\/ld+json\" class=\"yoast-schema-graph\">{\"@context\":\"https:\\\/\\\/schema.org\",\"@graph\":[{\"@type\":\"Article\",\"@id\":\"https:\\\/\\\/www.lafarga.com\\\/corporatiu\\\/el-forum-coffee-festival-novetat-de-2023-a-la-farga\\\/#article\",\"isPartOf\":{\"@id\":\"https:\\\/\\\/www.lafarga.com\\\/corporatiu\\\/el-forum-coffee-festival-novetat-de-2023-a-la-farga\\\/\"},\"author\":{\"name\":\"\u00d2scar Milla\",\"@id\":\"https:\\\/\\\/www.lafarga.com\\\/corporatiu\\\/#\\\/schema\\\/person\\\/70d96fe17d0da1a9c9e80d232bdbcf33\"},\"headline\":\"El F\u00f2rum Coffee Festival, novetat de 2023 a La Farga\",\"datePublished\":\"2023-01-16T12:35:45+00:00\",\"dateModified\":\"2023-01-23T13:03:40+00:00\",\"mainEntityOfPage\":{\"@id\":\"https:\\\/\\\/www.lafarga.com\\\/corporatiu\\\/el-forum-coffee-festival-novetat-de-2023-a-la-farga\\\/\"},\"wordCount\":656,\"publisher\":{\"@id\":\"https:\\\/\\\/www.lafarga.com\\\/corporatiu\\\/#organization\"},\"image\":{\"@id\":\"https:\\\/\\\/www.lafarga.com\\\/corporatiu\\\/el-forum-coffee-festival-novetat-de-2023-a-la-farga\\\/#primaryimage\"},\"thumbnailUrl\":\"https:\\\/\\\/www.lafarga.com\\\/corporatiu\\\/wp-content\\\/uploads\\\/2023\\\/01\\\/Forum-Cafe-Farga.jpg\",\"articleSection\":[\"Centre d'Activitats\"],\"inLanguage\":\"ca\"},{\"@type\":\"WebPage\",\"@id\":\"https:\\\/\\\/www.lafarga.com\\\/corporatiu\\\/el-forum-coffee-festival-novetat-de-2023-a-la-farga\\\/\",\"url\":\"https:\\\/\\\/www.lafarga.com\\\/corporatiu\\\/el-forum-coffee-festival-novetat-de-2023-a-la-farga\\\/\",\"name\":\"El F\u00f2rum Coffee Festival, novetat de 2023 a La Farga - La Farga Gesti\u00f3n de Equipamientos Municipales, S.A.\",\"isPartOf\":{\"@id\":\"https:\\\/\\\/www.lafarga.com\\\/corporatiu\\\/#website\"},\"primaryImageOfPage\":{\"@id\":\"https:\\\/\\\/www.lafarga.com\\\/corporatiu\\\/el-forum-coffee-festival-novetat-de-2023-a-la-farga\\\/#primaryimage\"},\"image\":{\"@id\":\"https:\\\/\\\/www.lafarga.com\\\/corporatiu\\\/el-forum-coffee-festival-novetat-de-2023-a-la-farga\\\/#primaryimage\"},\"thumbnailUrl\":\"https:\\\/\\\/www.lafarga.com\\\/corporatiu\\\/wp-content\\\/uploads\\\/2023\\\/01\\\/Forum-Cafe-Farga.jpg\",\"datePublished\":\"2023-01-16T12:35:45+00:00\",\"dateModified\":\"2023-01-23T13:03:40+00:00\",\"description\":\"La Farga Centre d\u2019Activitats ser\u00e0 epicentre de l\u2019univers del caf\u00e8, gr\u00e0cies al F\u00f2rum Coffee Festival, del\u00a029 de setembre a l\u20191 d\u2019octubre.\",\"breadcrumb\":{\"@id\":\"https:\\\/\\\/www.lafarga.com\\\/corporatiu\\\/el-forum-coffee-festival-novetat-de-2023-a-la-farga\\\/#breadcrumb\"},\"inLanguage\":\"ca\",\"potentialAction\":[{\"@type\":\"ReadAction\",\"target\":[\"https:\\\/\\\/www.lafarga.com\\\/corporatiu\\\/el-forum-coffee-festival-novetat-de-2023-a-la-farga\\\/\"]}]},{\"@type\":\"ImageObject\",\"inLanguage\":\"ca\",\"@id\":\"https:\\\/\\\/www.lafarga.com\\\/corporatiu\\\/el-forum-coffee-festival-novetat-de-2023-a-la-farga\\\/#primaryimage\",\"url\":\"https:\\\/\\\/www.lafarga.com\\\/corporatiu\\\/wp-content\\\/uploads\\\/2023\\\/01\\\/Forum-Cafe-Farga.jpg\",\"contentUrl\":\"https:\\\/\\\/www.lafarga.com\\\/corporatiu\\\/wp-content\\\/uploads\\\/2023\\\/01\\\/Forum-Cafe-Farga.jpg\",\"width\":730,\"height\":410,\"caption\":\"Forum Coffee Farga\"},{\"@type\":\"BreadcrumbList\",\"@id\":\"https:\\\/\\\/www.lafarga.com\\\/corporatiu\\\/el-forum-coffee-festival-novetat-de-2023-a-la-farga\\\/#breadcrumb\",\"itemListElement\":[{\"@type\":\"ListItem\",\"position\":1,\"name\":\"Home\",\"item\":\"https:\\\/\\\/www.lafarga.com\\\/corporatiu\\\/lafarga-hospitalet-llobregat\\\/\"},{\"@type\":\"ListItem\",\"position\":2,\"name\":\"El F\u00f2rum Coffee Festival, novetat de 2023 a La Farga\"}]},{\"@type\":\"WebSite\",\"@id\":\"https:\\\/\\\/www.lafarga.com\\\/corporatiu\\\/#website\",\"url\":\"https:\\\/\\\/www.lafarga.com\\\/corporatiu\\\/\",\"name\":\"La Farga Gesti\u00f3 d&#039;Equipaments Municipals, SA\",\"description\":\"\",\"publisher\":{\"@id\":\"https:\\\/\\\/www.lafarga.com\\\/corporatiu\\\/#organization\"},\"potentialAction\":[{\"@type\":\"SearchAction\",\"target\":{\"@type\":\"EntryPoint\",\"urlTemplate\":\"https:\\\/\\\/www.lafarga.com\\\/corporatiu\\\/?s={search_term_string}\"},\"query-input\":{\"@type\":\"PropertyValueSpecification\",\"valueRequired\":true,\"valueName\":\"search_term_string\"}}],\"inLanguage\":\"ca\"},{\"@type\":\"Organization\",\"@id\":\"https:\\\/\\\/www.lafarga.com\\\/corporatiu\\\/#organization\",\"name\":\"La Farga Gesti\u00f3 d&#039;Equipaments Municipals, SA\",\"url\":\"https:\\\/\\\/www.lafarga.com\\\/corporatiu\\\/\",\"logo\":{\"@type\":\"ImageObject\",\"inLanguage\":\"ca\",\"@id\":\"https:\\\/\\\/www.lafarga.com\\\/corporatiu\\\/#\\\/schema\\\/logo\\\/image\\\/\",\"url\":\"https:\\\/\\\/www.lafarga.com\\\/corporatiu\\\/wp-content\\\/uploads\\\/2023\\\/11\\\/logotipo_lafarga_gemsa.svg\",\"contentUrl\":\"https:\\\/\\\/www.lafarga.com\\\/corporatiu\\\/wp-content\\\/uploads\\\/2023\\\/11\\\/logotipo_lafarga_gemsa.svg\",\"width\":102,\"height\":103,\"caption\":\"La Farga Gesti\u00f3 d&#039;Equipaments Municipals, SA\"},\"image\":{\"@id\":\"https:\\\/\\\/www.lafarga.com\\\/corporatiu\\\/#\\\/schema\\\/logo\\\/image\\\/\"}},{\"@type\":\"Person\",\"@id\":\"https:\\\/\\\/www.lafarga.com\\\/corporatiu\\\/#\\\/schema\\\/person\\\/70d96fe17d0da1a9c9e80d232bdbcf33\",\"name\":\"\u00d2scar Milla\",\"image\":{\"@type\":\"ImageObject\",\"inLanguage\":\"ca\",\"@id\":\"https:\\\/\\\/secure.gravatar.com\\\/avatar\\\/92e75d184f9d5e0e403bd4ad075b080ad258344ddc259adddb579f6a3ba6494f?s=96&d=mm&r=g\",\"url\":\"https:\\\/\\\/secure.gravatar.com\\\/avatar\\\/92e75d184f9d5e0e403bd4ad075b080ad258344ddc259adddb579f6a3ba6494f?s=96&d=mm&r=g\",\"contentUrl\":\"https:\\\/\\\/secure.gravatar.com\\\/avatar\\\/92e75d184f9d5e0e403bd4ad075b080ad258344ddc259adddb579f6a3ba6494f?s=96&d=mm&r=g\",\"caption\":\"\u00d2scar Milla\"},\"url\":\"https:\\\/\\\/www.lafarga.com\\\/corporatiu\\\/author\\\/omilla\\\/\"}]}<\/script>\n<!-- \/ Yoast SEO plugin. -->","yoast_head_json":{"title":"El F\u00f2rum Coffee Festival, novetat de 2023 a La Farga - La Farga Gesti\u00f3n de Equipamientos Municipales, S.A.","description":"La Farga Centre d\u2019Activitats ser\u00e0 epicentre de l\u2019univers del caf\u00e8, gr\u00e0cies al F\u00f2rum Coffee Festival, del\u00a029 de setembre a l\u20191 d\u2019octubre.","robots":{"index":"index","follow":"follow","max-snippet":"max-snippet:-1","max-image-preview":"max-image-preview:large","max-video-preview":"max-video-preview:-1"},"canonical":"https:\/\/www.lafarga.com\/corporatiu\/el-forum-coffee-festival-novetat-de-2023-a-la-farga\/","og_locale":"ca_ES","og_type":"article","og_title":"El F\u00f2rum Coffee Festival, novetat de 2023 a La Farga - La Farga Gesti\u00f3n de Equipamientos Municipales, S.A.","og_description":"La Farga Centre d\u2019Activitats ser\u00e0 epicentre de l\u2019univers del caf\u00e8, gr\u00e0cies al F\u00f2rum Coffee Festival, del\u00a029 de setembre a l\u20191 d\u2019octubre.","og_url":"https:\/\/www.lafarga.com\/corporatiu\/el-forum-coffee-festival-novetat-de-2023-a-la-farga\/","og_site_name":"La Farga Gesti\u00f3n de Equipamientos Municipales, S.A.","article_published_time":"2023-01-16T12:35:45+00:00","article_modified_time":"2023-01-23T13:03:40+00:00","og_image":[{"width":730,"height":410,"url":"https:\/\/www.lafarga.com\/corporatiu\/wp-content\/uploads\/2023\/01\/Forum-Cafe-Farga.jpg","type":"image\/jpeg"}],"author":"\u00d2scar Milla","twitter_misc":{"Escrit per":"\u00d2scar Milla","Temps estimat de lectura":"4 minuts"},"schema":{"@context":"https:\/\/schema.org","@graph":[{"@type":"Article","@id":"https:\/\/www.lafarga.com\/corporatiu\/el-forum-coffee-festival-novetat-de-2023-a-la-farga\/#article","isPartOf":{"@id":"https:\/\/www.lafarga.com\/corporatiu\/el-forum-coffee-festival-novetat-de-2023-a-la-farga\/"},"author":{"name":"\u00d2scar Milla","@id":"https:\/\/www.lafarga.com\/corporatiu\/#\/schema\/person\/70d96fe17d0da1a9c9e80d232bdbcf33"},"headline":"El F\u00f2rum Coffee Festival, novetat de 2023 a La Farga","datePublished":"2023-01-16T12:35:45+00:00","dateModified":"2023-01-23T13:03:40+00:00","mainEntityOfPage":{"@id":"https:\/\/www.lafarga.com\/corporatiu\/el-forum-coffee-festival-novetat-de-2023-a-la-farga\/"},"wordCount":656,"publisher":{"@id":"https:\/\/www.lafarga.com\/corporatiu\/#organization"},"image":{"@id":"https:\/\/www.lafarga.com\/corporatiu\/el-forum-coffee-festival-novetat-de-2023-a-la-farga\/#primaryimage"},"thumbnailUrl":"https:\/\/www.lafarga.com\/corporatiu\/wp-content\/uploads\/2023\/01\/Forum-Cafe-Farga.jpg","articleSection":["Centre d'Activitats"],"inLanguage":"ca"},{"@type":"WebPage","@id":"https:\/\/www.lafarga.com\/corporatiu\/el-forum-coffee-festival-novetat-de-2023-a-la-farga\/","url":"https:\/\/www.lafarga.com\/corporatiu\/el-forum-coffee-festival-novetat-de-2023-a-la-farga\/","name":"El F\u00f2rum Coffee Festival, novetat de 2023 a La Farga - La Farga Gesti\u00f3n de Equipamientos Municipales, S.A.","isPartOf":{"@id":"https:\/\/www.lafarga.com\/corporatiu\/#website"},"primaryImageOfPage":{"@id":"https:\/\/www.lafarga.com\/corporatiu\/el-forum-coffee-festival-novetat-de-2023-a-la-farga\/#primaryimage"},"image":{"@id":"https:\/\/www.lafarga.com\/corporatiu\/el-forum-coffee-festival-novetat-de-2023-a-la-farga\/#primaryimage"},"thumbnailUrl":"https:\/\/www.lafarga.com\/corporatiu\/wp-content\/uploads\/2023\/01\/Forum-Cafe-Farga.jpg","datePublished":"2023-01-16T12:35:45+00:00","dateModified":"2023-01-23T13:03:40+00:00","description":"La Farga Centre d\u2019Activitats ser\u00e0 epicentre de l\u2019univers del caf\u00e8, gr\u00e0cies al F\u00f2rum Coffee Festival, del\u00a029 de setembre a l\u20191 d\u2019octubre.","breadcrumb":{"@id":"https:\/\/www.lafarga.com\/corporatiu\/el-forum-coffee-festival-novetat-de-2023-a-la-farga\/#breadcrumb"},"inLanguage":"ca","potentialAction":[{"@type":"ReadAction","target":["https:\/\/www.lafarga.com\/corporatiu\/el-forum-coffee-festival-novetat-de-2023-a-la-farga\/"]}]},{"@type":"ImageObject","inLanguage":"ca","@id":"https:\/\/www.lafarga.com\/corporatiu\/el-forum-coffee-festival-novetat-de-2023-a-la-farga\/#primaryimage","url":"https:\/\/www.lafarga.com\/corporatiu\/wp-content\/uploads\/2023\/01\/Forum-Cafe-Farga.jpg","contentUrl":"https:\/\/www.lafarga.com\/corporatiu\/wp-content\/uploads\/2023\/01\/Forum-Cafe-Farga.jpg","width":730,"height":410,"caption":"Forum Coffee Farga"},{"@type":"BreadcrumbList","@id":"https:\/\/www.lafarga.com\/corporatiu\/el-forum-coffee-festival-novetat-de-2023-a-la-farga\/#breadcrumb","itemListElement":[{"@type":"ListItem","position":1,"name":"Home","item":"https:\/\/www.lafarga.com\/corporatiu\/lafarga-hospitalet-llobregat\/"},{"@type":"ListItem","position":2,"name":"El F\u00f2rum Coffee Festival, novetat de 2023 a La Farga"}]},{"@type":"WebSite","@id":"https:\/\/www.lafarga.com\/corporatiu\/#website","url":"https:\/\/www.lafarga.com\/corporatiu\/","name":"La Farga Gesti\u00f3 d&#039;Equipaments Municipals, SA","description":"","publisher":{"@id":"https:\/\/www.lafarga.com\/corporatiu\/#organization"},"potentialAction":[{"@type":"SearchAction","target":{"@type":"EntryPoint","urlTemplate":"https:\/\/www.lafarga.com\/corporatiu\/?s={search_term_string}"},"query-input":{"@type":"PropertyValueSpecification","valueRequired":true,"valueName":"search_term_string"}}],"inLanguage":"ca"},{"@type":"Organization","@id":"https:\/\/www.lafarga.com\/corporatiu\/#organization","name":"La Farga Gesti\u00f3 d&#039;Equipaments Municipals, SA","url":"https:\/\/www.lafarga.com\/corporatiu\/","logo":{"@type":"ImageObject","inLanguage":"ca","@id":"https:\/\/www.lafarga.com\/corporatiu\/#\/schema\/logo\/image\/","url":"https:\/\/www.lafarga.com\/corporatiu\/wp-content\/uploads\/2023\/11\/logotipo_lafarga_gemsa.svg","contentUrl":"https:\/\/www.lafarga.com\/corporatiu\/wp-content\/uploads\/2023\/11\/logotipo_lafarga_gemsa.svg","width":102,"height":103,"caption":"La Farga Gesti\u00f3 d&#039;Equipaments Municipals, SA"},"image":{"@id":"https:\/\/www.lafarga.com\/corporatiu\/#\/schema\/logo\/image\/"}},{"@type":"Person","@id":"https:\/\/www.lafarga.com\/corporatiu\/#\/schema\/person\/70d96fe17d0da1a9c9e80d232bdbcf33","name":"\u00d2scar Milla","image":{"@type":"ImageObject","inLanguage":"ca","@id":"https:\/\/secure.gravatar.com\/avatar\/92e75d184f9d5e0e403bd4ad075b080ad258344ddc259adddb579f6a3ba6494f?s=96&d=mm&r=g","url":"https:\/\/secure.gravatar.com\/avatar\/92e75d184f9d5e0e403bd4ad075b080ad258344ddc259adddb579f6a3ba6494f?s=96&d=mm&r=g","contentUrl":"https:\/\/secure.gravatar.com\/avatar\/92e75d184f9d5e0e403bd4ad075b080ad258344ddc259adddb579f6a3ba6494f?s=96&d=mm&r=g","caption":"\u00d2scar Milla"},"url":"https:\/\/www.lafarga.com\/corporatiu\/author\/omilla\/"}]}},"uagb_featured_image_src":{"full":["https:\/\/www.lafarga.com\/corporatiu\/wp-content\/uploads\/2023\/01\/Forum-Cafe-Farga.jpg",730,410,false],"thumbnail":["https:\/\/www.lafarga.com\/corporatiu\/wp-content\/uploads\/2023\/01\/Forum-Cafe-Farga-150x150.jpg",150,150,true],"medium":["https:\/\/www.lafarga.com\/corporatiu\/wp-content\/uploads\/2023\/01\/Forum-Cafe-Farga-300x168.jpg",300,168,true],"medium_large":["https:\/\/www.lafarga.com\/corporatiu\/wp-content\/uploads\/2023\/01\/Forum-Cafe-Farga.jpg",730,410,false],"large":["https:\/\/www.lafarga.com\/corporatiu\/wp-content\/uploads\/2023\/01\/Forum-Cafe-Farga.jpg",730,410,false],"1536x1536":["https:\/\/www.lafarga.com\/corporatiu\/wp-content\/uploads\/2023\/01\/Forum-Cafe-Farga.jpg",730,410,false],"2048x2048":["https:\/\/www.lafarga.com\/corporatiu\/wp-content\/uploads\/2023\/01\/Forum-Cafe-Farga.jpg",730,410,false],"mailpoet_newsletter_max":["https:\/\/www.lafarga.com\/corporatiu\/wp-content\/uploads\/2023\/01\/Forum-Cafe-Farga.jpg",730,410,false]},"uagb_author_info":{"display_name":"\u00d2scar Milla","author_link":"https:\/\/www.lafarga.com\/corporatiu\/author\/omilla\/"},"uagb_comment_info":0,"uagb_excerpt":"La Farga Centre d\u2019Activitats es convertir\u00e0, aquest 2023, en l\u2019epicentre de l\u2019univers del caf\u00e8. Ser\u00e0 gr\u00e0cies a la celebraci\u00f3 del\u00a0F\u00f2rum Coffee Festival, del\u00a029 de setembre a l\u20191 d\u2019octubre.","_links":{"self":[{"href":"https:\/\/www.lafarga.com\/corporatiu\/wp-json\/wp\/v2\/posts\/17018","targetHints":{"allow":["GET"]}}],"collection":[{"href":"https:\/\/www.lafarga.com\/corporatiu\/wp-json\/wp\/v2\/posts"}],"about":[{"href":"https:\/\/www.lafarga.com\/corporatiu\/wp-json\/wp\/v2\/types\/post"}],"author":[{"embeddable":true,"href":"https:\/\/www.lafarga.com\/corporatiu\/wp-json\/wp\/v2\/users\/5"}],"replies":[{"embeddable":true,"href":"https:\/\/www.lafarga.com\/corporatiu\/wp-json\/wp\/v2\/comments?post=17018"}],"version-history":[{"count":3,"href":"https:\/\/www.lafarga.com\/corporatiu\/wp-json\/wp\/v2\/posts\/17018\/revisions"}],"predecessor-version":[{"id":17025,"href":"https:\/\/www.lafarga.com\/corporatiu\/wp-json\/wp\/v2\/posts\/17018\/revisions\/17025"}],"wp:featuredmedia":[{"embeddable":true,"href":"https:\/\/www.lafarga.com\/corporatiu\/wp-json\/wp\/v2\/media\/17020"}],"wp:attachment":[{"href":"https:\/\/www.lafarga.com\/corporatiu\/wp-json\/wp\/v2\/media?parent=17018"}],"wp:term":[{"taxonomy":"category","embeddable":true,"href":"https:\/\/www.lafarga.com\/corporatiu\/wp-json\/wp\/v2\/categories?post=17018"},{"taxonomy":"post_tag","embeddable":true,"href":"https:\/\/www.lafarga.com\/corporatiu\/wp-json\/wp\/v2\/tags?post=17018"}],"curies":[{"name":"wp","href":"https:\/\/api.w.org\/{rel}","templated":true}]}}