{"id":16952,"date":"2022-12-13T09:06:12","date_gmt":"2022-12-13T09:06:12","guid":{"rendered":"http:\/\/www.lafarga.com\/corporatiu\/?p=16952"},"modified":"2022-12-14T09:58:07","modified_gmt":"2022-12-14T09:58:07","slug":"connecta-lh-nova-app-municipal-en-portada","status":"publish","type":"post","link":"https:\/\/www.lafarga.com\/corporatiu\/connecta-lh-nova-app-municipal-en-portada\/","title":{"rendered":"Connecta L&#8217;H, nova app municipal, en portada"},"content":{"rendered":"\r\n<p>Connecta L\u2019H, nova app municipal per a m\u00f2bils, \u00e9s el principal tema de portada del <strong><a href=\"https:\/\/lhdigital.cat\/web\/diari\/diari-l-h\" target=\"_blank\" rel=\"noreferrer noopener\">Diari de L\u2019Hospitalet<\/a><\/strong> d\u2019aquest mes desembre.<\/p>\r\n\r\n\r\n\r\n<p>L\u2019aplicaci\u00f3 de l\u2019Ajuntament permet fer tr\u00e0mits fins ara nom\u00e9s presencials. Disposa d\u2019alertes tem\u00e0tiques i un canal directe per enviar queixes i suggeriments. L\u2019OAC obre nous espais digitals.<\/p>\r\n\r\n\r\n\r\n<p>Altres informacions del Diari s\u00f3n els projectes tecnol\u00f2gics per millorar la qualitat de vida de la gent gran; que la Gu\u00e0rdia Urbana intensifica els controls de les terrasses i imposa 500 sancions; que torna a reactivar-se l\u2019illa de vianants de Santa Eul\u00e0lia amb restriccions de tr\u00e0nsit; i trobem l\u2019homenatge que ha rebut el comer\u00e7 local en la Nit del Comer\u00e7.<\/p>\r\n\r\n\r\n\r\n<p>Arriba el Nadal a la ciutat i com sempre el Diari ens ofereix un ampli especial de <strong><a href=\"http:\/\/lhdigital.cat\/c\/document_library\/get_file?uuid=312c606f-7095-4e79-99e8-4a9edd0dae70&amp;groupId=10919\" target=\"_blank\" rel=\"noreferrer noopener\">8 p\u00e0gines<\/a><\/strong> per saber quines s\u00f3n totes les activitats previstes per aquestes dates.<\/p>\r\n\r\n\r\n\r\n<p>En cultura, el diari ens informa que el Festival ES_CULTURA omple d\u2019art urb\u00e0 la pla\u00e7a de la Cultura de Bellvitge.<\/p>\r\n\r\n\r\n\r\n<p>Pel que fa als esports el Torneig de B\u00e0squet J\u00fanior \u201cCiutat de L\u2019Hospitalet\u201d t\u00e9 un destacat, com tamb\u00e9 el Club Nataci\u00f3 L\u2019Hospitalet que ha complet 50 anys de vida, juntament amb les Piscines Municipals.<\/p>\r\n\r\n\r\n\r\n<p>El Diari de L\u2019Hospitalet \u00e9s un mitj\u00e0 editat per <strong><a href=\"https:\/\/www.lafarga.com\/corporatiu\/mitjans-comunicacio-hospitalet-la-farga\/\" target=\"_blank\" rel=\"noreferrer noopener\">La Farga Gesti\u00f3 d\u2019Equipaments Municipals<\/a><\/strong> i t\u00e9 una tirada de 105.000 exemplars.<\/p>\r\n\r\n\r\n\r\n<p>Aqu\u00ed podeu veure la <strong><a href=\"http:\/\/lhdigital.cat\/diarilh_digital\/384\/index.html\" target=\"_blank\" rel=\"noreferrer noopener\">versi\u00f3 digital<\/a><\/strong> del Diari de L\u2019Hospitalet.<\/p>\r\n","protected":false},"excerpt":{"rendered":"<p>Connecta L\u2019H, nova app municipal per a m\u00f2bils, \u00e9s el principal tema de portada del Diari de L\u2019Hospitalet d\u2019aquest mes desembre.<\/p>\n","protected":false},"author":5,"featured_media":16967,"comment_status":"closed","ping_status":"closed","sticky":false,"template":"","format":"standard","meta":{"inline_featured_image":false,"_uag_custom_page_level_css":"","_monsterinsights_skip_tracking":false,"_monsterinsights_sitenote_active":false,"_monsterinsights_sitenote_note":"","_monsterinsights_sitenote_category":0,"site-sidebar-layout":"default","site-content-layout":"","ast-site-content-layout":"default","site-content-style":"default","site-sidebar-style":"default","ast-global-header-display":"","ast-banner-title-visibility":"","ast-main-header-display":"","ast-hfb-above-header-display":"","ast-hfb-below-header-display":"","ast-hfb-mobile-header-display":"","site-post-title":"","ast-breadcrumbs-content":"","ast-featured-img":"","footer-sml-layout":"","ast-disable-related-posts":"","theme-transparent-header-meta":"","adv-header-id-meta":"","stick-header-meta":"","header-above-stick-meta":"","header-main-stick-meta":"","header-below-stick-meta":"","astra-migrate-meta-layouts":"default","ast-page-background-enabled":"default","ast-page-background-meta":{"desktop":{"background-color":"var(--ast-global-color-4)","background-image":"","background-repeat":"repeat","background-position":"center center","background-size":"auto","background-attachment":"scroll","background-type":"","background-media":"","overlay-type":"","overlay-color":"","overlay-opacity":"","overlay-gradient":""},"tablet":{"background-color":"","background-image":"","background-repeat":"repeat","background-position":"center center","background-size":"auto","background-attachment":"scroll","background-type":"","background-media":"","overlay-type":"","overlay-color":"","overlay-opacity":"","overlay-gradient":""},"mobile":{"background-color":"","background-image":"","background-repeat":"repeat","background-position":"center center","background-size":"auto","background-attachment":"scroll","background-type":"","background-media":"","overlay-type":"","overlay-color":"","overlay-opacity":"","overlay-gradient":""}},"ast-content-background-meta":{"desktop":{"background-color":"var(--ast-global-color-5)","background-image":"","background-repeat":"repeat","background-position":"center center","background-size":"auto","background-attachment":"scroll","background-type":"","background-media":"","overlay-type":"","overlay-color":"","overlay-opacity":"","overlay-gradient":""},"tablet":{"background-color":"var(--ast-global-color-5)","background-image":"","background-repeat":"repeat","background-position":"center center","background-size":"auto","background-attachment":"scroll","background-type":"","background-media":"","overlay-type":"","overlay-color":"","overlay-opacity":"","overlay-gradient":""},"mobile":{"background-color":"var(--ast-global-color-5)","background-image":"","background-repeat":"repeat","background-position":"center center","background-size":"auto","background-attachment":"scroll","background-type":"","background-media":"","overlay-type":"","overlay-color":"","overlay-opacity":"","overlay-gradient":""}},"footnotes":""},"categories":[51],"tags":[],"class_list":["post-16952","post","type-post","status-publish","format-standard","has-post-thumbnail","hentry","category-mitjans-comunicacio"],"yoast_head":"<!-- This site is optimized with the Yoast SEO plugin v27.4 - https:\/\/yoast.com\/product\/yoast-seo-wordpress\/ -->\n<title>Connecta L&#039;H, nova app municipal, en portada - La Farga Gesti\u00f3n de Equipamientos Municipales, S.A.<\/title>\n<meta name=\"description\" content=\"Connecta L\u2019H, nova app municipal per a m\u00f2bils, \u00e9s el principal tema de portada del Diari de L\u2019Hospitalet d\u2019aquest mes desembre.\" \/>\n<meta name=\"robots\" content=\"index, follow, max-snippet:-1, max-image-preview:large, max-video-preview:-1\" \/>\n<link rel=\"canonical\" href=\"https:\/\/www.lafarga.com\/corporatiu\/connecta-lh-nova-app-municipal-en-portada\/\" \/>\n<meta property=\"og:locale\" content=\"ca_ES\" \/>\n<meta property=\"og:type\" content=\"article\" \/>\n<meta property=\"og:title\" content=\"Connecta L&#039;H, nova app municipal, en portada - La Farga Gesti\u00f3n de Equipamientos Municipales, S.A.\" \/>\n<meta property=\"og:description\" content=\"Connecta L\u2019H, nova app municipal per a m\u00f2bils, \u00e9s el principal tema de portada del Diari de L\u2019Hospitalet d\u2019aquest mes desembre.\" \/>\n<meta property=\"og:url\" content=\"https:\/\/www.lafarga.com\/corporatiu\/connecta-lh-nova-app-municipal-en-portada\/\" \/>\n<meta property=\"og:site_name\" content=\"La Farga Gesti\u00f3n de Equipamientos Municipales, S.A.\" \/>\n<meta property=\"article:published_time\" content=\"2022-12-13T09:06:12+00:00\" \/>\n<meta property=\"article:modified_time\" content=\"2022-12-14T09:58:07+00:00\" \/>\n<meta property=\"og:image\" content=\"https:\/\/www.lafarga.com\/corporatiu\/wp-content\/uploads\/2022\/12\/Diari-LH-Desembre22-1.jpg\" \/>\n\t<meta property=\"og:image:width\" content=\"730\" \/>\n\t<meta property=\"og:image:height\" content=\"410\" \/>\n\t<meta property=\"og:image:type\" content=\"image\/jpeg\" \/>\n<meta name=\"author\" content=\"\u00d2scar Milla\" \/>\n<meta name=\"twitter:label1\" content=\"Escrit per\" \/>\n\t<meta name=\"twitter:data1\" content=\"\u00d2scar Milla\" \/>\n\t<meta name=\"twitter:label2\" content=\"Temps estimat de lectura\" \/>\n\t<meta name=\"twitter:data2\" content=\"2 minuts\" \/>\n<script type=\"application\/ld+json\" class=\"yoast-schema-graph\">{\"@context\":\"https:\\\/\\\/schema.org\",\"@graph\":[{\"@type\":\"Article\",\"@id\":\"https:\\\/\\\/www.lafarga.com\\\/corporatiu\\\/connecta-lh-nova-app-municipal-en-portada\\\/#article\",\"isPartOf\":{\"@id\":\"https:\\\/\\\/www.lafarga.com\\\/corporatiu\\\/connecta-lh-nova-app-municipal-en-portada\\\/\"},\"author\":{\"name\":\"\u00d2scar Milla\",\"@id\":\"https:\\\/\\\/www.lafarga.com\\\/corporatiu\\\/#\\\/schema\\\/person\\\/70d96fe17d0da1a9c9e80d232bdbcf33\"},\"headline\":\"Connecta L&#8217;H, nova app municipal, en portada\",\"datePublished\":\"2022-12-13T09:06:12+00:00\",\"dateModified\":\"2022-12-14T09:58:07+00:00\",\"mainEntityOfPage\":{\"@id\":\"https:\\\/\\\/www.lafarga.com\\\/corporatiu\\\/connecta-lh-nova-app-municipal-en-portada\\\/\"},\"wordCount\":257,\"publisher\":{\"@id\":\"https:\\\/\\\/www.lafarga.com\\\/corporatiu\\\/#organization\"},\"image\":{\"@id\":\"https:\\\/\\\/www.lafarga.com\\\/corporatiu\\\/connecta-lh-nova-app-municipal-en-portada\\\/#primaryimage\"},\"thumbnailUrl\":\"https:\\\/\\\/www.lafarga.com\\\/corporatiu\\\/wp-content\\\/uploads\\\/2022\\\/12\\\/Diari-LH-Desembre22-1.jpg\",\"articleSection\":[\"Mitjans de Comunicaci\u00f3\"],\"inLanguage\":\"ca\"},{\"@type\":\"WebPage\",\"@id\":\"https:\\\/\\\/www.lafarga.com\\\/corporatiu\\\/connecta-lh-nova-app-municipal-en-portada\\\/\",\"url\":\"https:\\\/\\\/www.lafarga.com\\\/corporatiu\\\/connecta-lh-nova-app-municipal-en-portada\\\/\",\"name\":\"Connecta L'H, nova app municipal, en portada - La Farga Gesti\u00f3n de Equipamientos Municipales, S.A.\",\"isPartOf\":{\"@id\":\"https:\\\/\\\/www.lafarga.com\\\/corporatiu\\\/#website\"},\"primaryImageOfPage\":{\"@id\":\"https:\\\/\\\/www.lafarga.com\\\/corporatiu\\\/connecta-lh-nova-app-municipal-en-portada\\\/#primaryimage\"},\"image\":{\"@id\":\"https:\\\/\\\/www.lafarga.com\\\/corporatiu\\\/connecta-lh-nova-app-municipal-en-portada\\\/#primaryimage\"},\"thumbnailUrl\":\"https:\\\/\\\/www.lafarga.com\\\/corporatiu\\\/wp-content\\\/uploads\\\/2022\\\/12\\\/Diari-LH-Desembre22-1.jpg\",\"datePublished\":\"2022-12-13T09:06:12+00:00\",\"dateModified\":\"2022-12-14T09:58:07+00:00\",\"description\":\"Connecta L\u2019H, nova app municipal per a m\u00f2bils, \u00e9s el principal tema de portada del Diari de L\u2019Hospitalet d\u2019aquest mes desembre.\",\"breadcrumb\":{\"@id\":\"https:\\\/\\\/www.lafarga.com\\\/corporatiu\\\/connecta-lh-nova-app-municipal-en-portada\\\/#breadcrumb\"},\"inLanguage\":\"ca\",\"potentialAction\":[{\"@type\":\"ReadAction\",\"target\":[\"https:\\\/\\\/www.lafarga.com\\\/corporatiu\\\/connecta-lh-nova-app-municipal-en-portada\\\/\"]}]},{\"@type\":\"ImageObject\",\"inLanguage\":\"ca\",\"@id\":\"https:\\\/\\\/www.lafarga.com\\\/corporatiu\\\/connecta-lh-nova-app-municipal-en-portada\\\/#primaryimage\",\"url\":\"https:\\\/\\\/www.lafarga.com\\\/corporatiu\\\/wp-content\\\/uploads\\\/2022\\\/12\\\/Diari-LH-Desembre22-1.jpg\",\"contentUrl\":\"https:\\\/\\\/www.lafarga.com\\\/corporatiu\\\/wp-content\\\/uploads\\\/2022\\\/12\\\/Diari-LH-Desembre22-1.jpg\",\"width\":730,\"height\":410,\"caption\":\"Connecta Diari\"},{\"@type\":\"BreadcrumbList\",\"@id\":\"https:\\\/\\\/www.lafarga.com\\\/corporatiu\\\/connecta-lh-nova-app-municipal-en-portada\\\/#breadcrumb\",\"itemListElement\":[{\"@type\":\"ListItem\",\"position\":1,\"name\":\"Home\",\"item\":\"https:\\\/\\\/www.lafarga.com\\\/corporatiu\\\/lafarga-hospitalet-llobregat\\\/\"},{\"@type\":\"ListItem\",\"position\":2,\"name\":\"Connecta L&#8217;H, nova app municipal, en portada\"}]},{\"@type\":\"WebSite\",\"@id\":\"https:\\\/\\\/www.lafarga.com\\\/corporatiu\\\/#website\",\"url\":\"https:\\\/\\\/www.lafarga.com\\\/corporatiu\\\/\",\"name\":\"La Farga Gesti\u00f3 d&#039;Equipaments Municipals, SA\",\"description\":\"\",\"publisher\":{\"@id\":\"https:\\\/\\\/www.lafarga.com\\\/corporatiu\\\/#organization\"},\"potentialAction\":[{\"@type\":\"SearchAction\",\"target\":{\"@type\":\"EntryPoint\",\"urlTemplate\":\"https:\\\/\\\/www.lafarga.com\\\/corporatiu\\\/?s={search_term_string}\"},\"query-input\":{\"@type\":\"PropertyValueSpecification\",\"valueRequired\":true,\"valueName\":\"search_term_string\"}}],\"inLanguage\":\"ca\"},{\"@type\":\"Organization\",\"@id\":\"https:\\\/\\\/www.lafarga.com\\\/corporatiu\\\/#organization\",\"name\":\"La Farga Gesti\u00f3 d&#039;Equipaments Municipals, SA\",\"url\":\"https:\\\/\\\/www.lafarga.com\\\/corporatiu\\\/\",\"logo\":{\"@type\":\"ImageObject\",\"inLanguage\":\"ca\",\"@id\":\"https:\\\/\\\/www.lafarga.com\\\/corporatiu\\\/#\\\/schema\\\/logo\\\/image\\\/\",\"url\":\"https:\\\/\\\/www.lafarga.com\\\/corporatiu\\\/wp-content\\\/uploads\\\/2023\\\/11\\\/logotipo_lafarga_gemsa.svg\",\"contentUrl\":\"https:\\\/\\\/www.lafarga.com\\\/corporatiu\\\/wp-content\\\/uploads\\\/2023\\\/11\\\/logotipo_lafarga_gemsa.svg\",\"width\":102,\"height\":103,\"caption\":\"La Farga Gesti\u00f3 d&#039;Equipaments Municipals, SA\"},\"image\":{\"@id\":\"https:\\\/\\\/www.lafarga.com\\\/corporatiu\\\/#\\\/schema\\\/logo\\\/image\\\/\"}},{\"@type\":\"Person\",\"@id\":\"https:\\\/\\\/www.lafarga.com\\\/corporatiu\\\/#\\\/schema\\\/person\\\/70d96fe17d0da1a9c9e80d232bdbcf33\",\"name\":\"\u00d2scar Milla\",\"image\":{\"@type\":\"ImageObject\",\"inLanguage\":\"ca\",\"@id\":\"https:\\\/\\\/secure.gravatar.com\\\/avatar\\\/92e75d184f9d5e0e403bd4ad075b080ad258344ddc259adddb579f6a3ba6494f?s=96&d=mm&r=g\",\"url\":\"https:\\\/\\\/secure.gravatar.com\\\/avatar\\\/92e75d184f9d5e0e403bd4ad075b080ad258344ddc259adddb579f6a3ba6494f?s=96&d=mm&r=g\",\"contentUrl\":\"https:\\\/\\\/secure.gravatar.com\\\/avatar\\\/92e75d184f9d5e0e403bd4ad075b080ad258344ddc259adddb579f6a3ba6494f?s=96&d=mm&r=g\",\"caption\":\"\u00d2scar Milla\"},\"url\":\"https:\\\/\\\/www.lafarga.com\\\/corporatiu\\\/author\\\/omilla\\\/\"}]}<\/script>\n<!-- \/ Yoast SEO plugin. -->","yoast_head_json":{"title":"Connecta L'H, nova app municipal, en portada - La Farga Gesti\u00f3n de Equipamientos Municipales, S.A.","description":"Connecta L\u2019H, nova app municipal per a m\u00f2bils, \u00e9s el principal tema de portada del Diari de L\u2019Hospitalet d\u2019aquest mes desembre.","robots":{"index":"index","follow":"follow","max-snippet":"max-snippet:-1","max-image-preview":"max-image-preview:large","max-video-preview":"max-video-preview:-1"},"canonical":"https:\/\/www.lafarga.com\/corporatiu\/connecta-lh-nova-app-municipal-en-portada\/","og_locale":"ca_ES","og_type":"article","og_title":"Connecta L'H, nova app municipal, en portada - La Farga Gesti\u00f3n de Equipamientos Municipales, S.A.","og_description":"Connecta L\u2019H, nova app municipal per a m\u00f2bils, \u00e9s el principal tema de portada del Diari de L\u2019Hospitalet d\u2019aquest mes desembre.","og_url":"https:\/\/www.lafarga.com\/corporatiu\/connecta-lh-nova-app-municipal-en-portada\/","og_site_name":"La Farga Gesti\u00f3n de Equipamientos Municipales, S.A.","article_published_time":"2022-12-13T09:06:12+00:00","article_modified_time":"2022-12-14T09:58:07+00:00","og_image":[{"width":730,"height":410,"url":"https:\/\/www.lafarga.com\/corporatiu\/wp-content\/uploads\/2022\/12\/Diari-LH-Desembre22-1.jpg","type":"image\/jpeg"}],"author":"\u00d2scar Milla","twitter_misc":{"Escrit per":"\u00d2scar Milla","Temps estimat de lectura":"2 minuts"},"schema":{"@context":"https:\/\/schema.org","@graph":[{"@type":"Article","@id":"https:\/\/www.lafarga.com\/corporatiu\/connecta-lh-nova-app-municipal-en-portada\/#article","isPartOf":{"@id":"https:\/\/www.lafarga.com\/corporatiu\/connecta-lh-nova-app-municipal-en-portada\/"},"author":{"name":"\u00d2scar Milla","@id":"https:\/\/www.lafarga.com\/corporatiu\/#\/schema\/person\/70d96fe17d0da1a9c9e80d232bdbcf33"},"headline":"Connecta L&#8217;H, nova app municipal, en portada","datePublished":"2022-12-13T09:06:12+00:00","dateModified":"2022-12-14T09:58:07+00:00","mainEntityOfPage":{"@id":"https:\/\/www.lafarga.com\/corporatiu\/connecta-lh-nova-app-municipal-en-portada\/"},"wordCount":257,"publisher":{"@id":"https:\/\/www.lafarga.com\/corporatiu\/#organization"},"image":{"@id":"https:\/\/www.lafarga.com\/corporatiu\/connecta-lh-nova-app-municipal-en-portada\/#primaryimage"},"thumbnailUrl":"https:\/\/www.lafarga.com\/corporatiu\/wp-content\/uploads\/2022\/12\/Diari-LH-Desembre22-1.jpg","articleSection":["Mitjans de Comunicaci\u00f3"],"inLanguage":"ca"},{"@type":"WebPage","@id":"https:\/\/www.lafarga.com\/corporatiu\/connecta-lh-nova-app-municipal-en-portada\/","url":"https:\/\/www.lafarga.com\/corporatiu\/connecta-lh-nova-app-municipal-en-portada\/","name":"Connecta L'H, nova app municipal, en portada - La Farga Gesti\u00f3n de Equipamientos Municipales, S.A.","isPartOf":{"@id":"https:\/\/www.lafarga.com\/corporatiu\/#website"},"primaryImageOfPage":{"@id":"https:\/\/www.lafarga.com\/corporatiu\/connecta-lh-nova-app-municipal-en-portada\/#primaryimage"},"image":{"@id":"https:\/\/www.lafarga.com\/corporatiu\/connecta-lh-nova-app-municipal-en-portada\/#primaryimage"},"thumbnailUrl":"https:\/\/www.lafarga.com\/corporatiu\/wp-content\/uploads\/2022\/12\/Diari-LH-Desembre22-1.jpg","datePublished":"2022-12-13T09:06:12+00:00","dateModified":"2022-12-14T09:58:07+00:00","description":"Connecta L\u2019H, nova app municipal per a m\u00f2bils, \u00e9s el principal tema de portada del Diari de L\u2019Hospitalet d\u2019aquest mes desembre.","breadcrumb":{"@id":"https:\/\/www.lafarga.com\/corporatiu\/connecta-lh-nova-app-municipal-en-portada\/#breadcrumb"},"inLanguage":"ca","potentialAction":[{"@type":"ReadAction","target":["https:\/\/www.lafarga.com\/corporatiu\/connecta-lh-nova-app-municipal-en-portada\/"]}]},{"@type":"ImageObject","inLanguage":"ca","@id":"https:\/\/www.lafarga.com\/corporatiu\/connecta-lh-nova-app-municipal-en-portada\/#primaryimage","url":"https:\/\/www.lafarga.com\/corporatiu\/wp-content\/uploads\/2022\/12\/Diari-LH-Desembre22-1.jpg","contentUrl":"https:\/\/www.lafarga.com\/corporatiu\/wp-content\/uploads\/2022\/12\/Diari-LH-Desembre22-1.jpg","width":730,"height":410,"caption":"Connecta Diari"},{"@type":"BreadcrumbList","@id":"https:\/\/www.lafarga.com\/corporatiu\/connecta-lh-nova-app-municipal-en-portada\/#breadcrumb","itemListElement":[{"@type":"ListItem","position":1,"name":"Home","item":"https:\/\/www.lafarga.com\/corporatiu\/lafarga-hospitalet-llobregat\/"},{"@type":"ListItem","position":2,"name":"Connecta L&#8217;H, nova app municipal, en portada"}]},{"@type":"WebSite","@id":"https:\/\/www.lafarga.com\/corporatiu\/#website","url":"https:\/\/www.lafarga.com\/corporatiu\/","name":"La Farga Gesti\u00f3 d&#039;Equipaments Municipals, SA","description":"","publisher":{"@id":"https:\/\/www.lafarga.com\/corporatiu\/#organization"},"potentialAction":[{"@type":"SearchAction","target":{"@type":"EntryPoint","urlTemplate":"https:\/\/www.lafarga.com\/corporatiu\/?s={search_term_string}"},"query-input":{"@type":"PropertyValueSpecification","valueRequired":true,"valueName":"search_term_string"}}],"inLanguage":"ca"},{"@type":"Organization","@id":"https:\/\/www.lafarga.com\/corporatiu\/#organization","name":"La Farga Gesti\u00f3 d&#039;Equipaments Municipals, SA","url":"https:\/\/www.lafarga.com\/corporatiu\/","logo":{"@type":"ImageObject","inLanguage":"ca","@id":"https:\/\/www.lafarga.com\/corporatiu\/#\/schema\/logo\/image\/","url":"https:\/\/www.lafarga.com\/corporatiu\/wp-content\/uploads\/2023\/11\/logotipo_lafarga_gemsa.svg","contentUrl":"https:\/\/www.lafarga.com\/corporatiu\/wp-content\/uploads\/2023\/11\/logotipo_lafarga_gemsa.svg","width":102,"height":103,"caption":"La Farga Gesti\u00f3 d&#039;Equipaments Municipals, SA"},"image":{"@id":"https:\/\/www.lafarga.com\/corporatiu\/#\/schema\/logo\/image\/"}},{"@type":"Person","@id":"https:\/\/www.lafarga.com\/corporatiu\/#\/schema\/person\/70d96fe17d0da1a9c9e80d232bdbcf33","name":"\u00d2scar Milla","image":{"@type":"ImageObject","inLanguage":"ca","@id":"https:\/\/secure.gravatar.com\/avatar\/92e75d184f9d5e0e403bd4ad075b080ad258344ddc259adddb579f6a3ba6494f?s=96&d=mm&r=g","url":"https:\/\/secure.gravatar.com\/avatar\/92e75d184f9d5e0e403bd4ad075b080ad258344ddc259adddb579f6a3ba6494f?s=96&d=mm&r=g","contentUrl":"https:\/\/secure.gravatar.com\/avatar\/92e75d184f9d5e0e403bd4ad075b080ad258344ddc259adddb579f6a3ba6494f?s=96&d=mm&r=g","caption":"\u00d2scar Milla"},"url":"https:\/\/www.lafarga.com\/corporatiu\/author\/omilla\/"}]}},"uagb_featured_image_src":{"full":["https:\/\/www.lafarga.com\/corporatiu\/wp-content\/uploads\/2022\/12\/Diari-LH-Desembre22-1.jpg",730,410,false],"thumbnail":["https:\/\/www.lafarga.com\/corporatiu\/wp-content\/uploads\/2022\/12\/Diari-LH-Desembre22-1-150x150.jpg",150,150,true],"medium":["https:\/\/www.lafarga.com\/corporatiu\/wp-content\/uploads\/2022\/12\/Diari-LH-Desembre22-1-300x168.jpg",300,168,true],"medium_large":["https:\/\/www.lafarga.com\/corporatiu\/wp-content\/uploads\/2022\/12\/Diari-LH-Desembre22-1.jpg",730,410,false],"large":["https:\/\/www.lafarga.com\/corporatiu\/wp-content\/uploads\/2022\/12\/Diari-LH-Desembre22-1.jpg",730,410,false],"1536x1536":["https:\/\/www.lafarga.com\/corporatiu\/wp-content\/uploads\/2022\/12\/Diari-LH-Desembre22-1.jpg",730,410,false],"2048x2048":["https:\/\/www.lafarga.com\/corporatiu\/wp-content\/uploads\/2022\/12\/Diari-LH-Desembre22-1.jpg",730,410,false],"mailpoet_newsletter_max":["https:\/\/www.lafarga.com\/corporatiu\/wp-content\/uploads\/2022\/12\/Diari-LH-Desembre22-1.jpg",730,410,false]},"uagb_author_info":{"display_name":"\u00d2scar Milla","author_link":"https:\/\/www.lafarga.com\/corporatiu\/author\/omilla\/"},"uagb_comment_info":0,"uagb_excerpt":"Connecta L\u2019H, nova app municipal per a m\u00f2bils, \u00e9s el principal tema de portada del Diari de L\u2019Hospitalet d\u2019aquest mes desembre.","_links":{"self":[{"href":"https:\/\/www.lafarga.com\/corporatiu\/wp-json\/wp\/v2\/posts\/16952","targetHints":{"allow":["GET"]}}],"collection":[{"href":"https:\/\/www.lafarga.com\/corporatiu\/wp-json\/wp\/v2\/posts"}],"about":[{"href":"https:\/\/www.lafarga.com\/corporatiu\/wp-json\/wp\/v2\/types\/post"}],"author":[{"embeddable":true,"href":"https:\/\/www.lafarga.com\/corporatiu\/wp-json\/wp\/v2\/users\/5"}],"replies":[{"embeddable":true,"href":"https:\/\/www.lafarga.com\/corporatiu\/wp-json\/wp\/v2\/comments?post=16952"}],"version-history":[{"count":3,"href":"https:\/\/www.lafarga.com\/corporatiu\/wp-json\/wp\/v2\/posts\/16952\/revisions"}],"predecessor-version":[{"id":16958,"href":"https:\/\/www.lafarga.com\/corporatiu\/wp-json\/wp\/v2\/posts\/16952\/revisions\/16958"}],"wp:featuredmedia":[{"embeddable":true,"href":"https:\/\/www.lafarga.com\/corporatiu\/wp-json\/wp\/v2\/media\/16967"}],"wp:attachment":[{"href":"https:\/\/www.lafarga.com\/corporatiu\/wp-json\/wp\/v2\/media?parent=16952"}],"wp:term":[{"taxonomy":"category","embeddable":true,"href":"https:\/\/www.lafarga.com\/corporatiu\/wp-json\/wp\/v2\/categories?post=16952"},{"taxonomy":"post_tag","embeddable":true,"href":"https:\/\/www.lafarga.com\/corporatiu\/wp-json\/wp\/v2\/tags?post=16952"}],"curies":[{"name":"wp","href":"https:\/\/api.w.org\/{rel}","templated":true}]}}