{"id":16876,"date":"2022-11-16T13:00:05","date_gmt":"2022-11-16T13:00:05","guid":{"rendered":"http:\/\/www.lafarga.com\/corporatiu\/?p=16876"},"modified":"2022-11-17T11:14:40","modified_gmt":"2022-11-17T11:14:40","slug":"la-farga-escenari-del-nou-saga-salo-del-gaming","status":"publish","type":"post","link":"https:\/\/www.lafarga.com\/corporatiu\/la-farga-escenari-del-nou-saga-salo-del-gaming\/","title":{"rendered":"La Farga, escenari del nou SAGA, sal\u00f3 del gaming"},"content":{"rendered":"\n<p><strong><a href=\"https:\/\/www.plataforma-llengua.cat\/\" target=\"_blank\" rel=\"noreferrer noopener\">Plataforma per la Llengua<\/a><\/strong>\u00a0impulsa, amb el suport del Departament de Cultura de la Generalitat de Catalunya, SAGA, sal\u00f3 del gaming el 3 i 4 de desembre a\u00a0<strong><a href=\"https:\/\/www.lafarga.com\/corporatiu\/centre-activitats-hospitalet-la-farga\/\" target=\"_blank\" rel=\"noreferrer noopener\">La Farga Centre d\u2019Activitats<\/a><\/strong>\u00a0per visibilitzar els videojocs, les competicions i les retransmissions d\u2019esports electr\u00f2nics en catal\u00e0.<\/p>\n\n\n\n<p>El sal\u00f3 oferir\u00e0 un espai firal amb una quarantena d\u2019expositors, una marat\u00f3 de 36 hores de videojocs, partits d\u2019exhibici\u00f3 del Bar\u00e7a eSports, la final a quatre de la competici\u00f3 LlOP del Valorant i una Copa de les Estrelles de la competici\u00f3 LlOP del League of Legends.<\/p>\n\n\n\n<p>En el marc del SAGA, es presentaran els equips de la primera divisi\u00f3 de la competici\u00f3 en catal\u00e0 del League of Legends, que a partir de gener, esdevindr\u00e0 una competici\u00f3 reconeguda als circuits oficials<\/p>\n\n\n\n<p>Els Premis SAGA ja han obert el per\u00edode de votaci\u00f3 popular del millor videojoc en catal\u00e0 i les entrades al sal\u00f3 ja estan a la venda a&nbsp;<strong><a href=\"https:\/\/www.ticketic.org\/ca\/entrades\/saga-salo-del-gaming\" target=\"_blank\" rel=\"noreferrer noopener\">saga.cat.<\/a><\/strong><\/p>\n\n\n\n<p>Plataforma per la Llengua ha presentat tots els detalls de SAGA, sal\u00f3 del gaming, en la presentaci\u00f3 que s\u2019ha fet al Barcelona International Gaming Centre (BIG C) del Poblenou de Barcelona i ha comptat amb la participaci\u00f3 de Roger Baldom\u00e0, membre de la comissi\u00f3 de videojocs i de la junta executiva de l\u2019entitat; Francesc Xavier Vila, secretari de Pol\u00edtica Ling\u00fc\u00edstica de la Generalitat de Catalunya; No\u00e9 Bosch, cofundador del circuit catal\u00e0 de competicions i tornejos Gamesports Electr\u00f2nics; Dani del Amor, cofundador i director creatiu de la incubadora de projectes transm\u00e8dia Petoons Studio, i Norman L\u00f3pez, creador de contingut digital i un dels retransmissors en l\u00ednia en catal\u00e0 amb m\u00e9s seguidors a la plataforma Twitch.<\/p>\n\n\n\n<h5 class=\"wp-block-heading\">Competici\u00f3 d\u2019esports electr\u00f2nics<\/h5>\n\n\n\n<p>Durant la roda de premsa s\u2019ha fet p\u00fablic que, per primera vegada, una competici\u00f3 d\u2019esports electr\u00f2nics en catal\u00e0 passar\u00e0 a ser reconeguda oficialment. Ser\u00e0 la competici\u00f3 LlOP del videojoc League of Legends (LOL), organitzada per Gamesports Electr\u00f2nics, que comen\u00e7ar\u00e0 la nova temporada aquest gener i que presentar\u00e0, en el marc del SAGA, els equips de la primera divisi\u00f3. A m\u00e9s, durant tot el cap de setmana del sal\u00f3, els vuit millors equips competiran en una Copa de les Estrelles, que comen\u00e7ar\u00e0 dissabte al mat\u00ed i s\u2019allargar\u00e0 fins diumenge al migdia, quan tindr\u00e0 lloc la final del torneig. Els equips que hi participaran s\u00f3n de Badalona, Barcelona, Girona, Lleida, Martorell, Sabadell o Sant Cugat del Vall\u00e8s, i els dos finalistes s\u2019enfrontaran despr\u00e9s contra l\u2019equip del Futbol Club Barcelona en dos partits d\u2019exhibici\u00f3.<\/p>\n\n\n\n<p>A l\u2019espai de competicions del sal\u00f3, durant tot el cap de setmana, tamb\u00e9 se celebraran les semifinals i la final de la competici\u00f3 LlOP del videojoc Valorant, una competici\u00f3 que organitza de manera regular Gamesports Electr\u00f2nics, que fa que en totes les seves competicions els jugadors hagin d\u2019interactuar en catal\u00e0 amb el p\u00fablic, i que les retransmissions a trav\u00e9s de Twitch siguin en catal\u00e0. Les semifinals del Valorant tindran lloc dissabte a partir del migdia i fins al vespre i la final se celebrar\u00e0 diumenge a la tarda. En aquest cas, no sabem quins equips hi participaran, perqu\u00e8 dependr\u00e0 de com evolucioni la competici\u00f3 LlOP, per\u00f2 a hores d\u2019ara en aquesta competici\u00f3 hi juguen clubs d\u2019Arenys de Munt, Barber\u00e0 del Vall\u00e8s, Barcelona, l\u2019Ametlla del Vall\u00e8s, Matar\u00f3, Rub\u00ed o Sabadell.<\/p>\n\n\n\n<h5 class=\"wp-block-heading\">Retransmissions en directe<\/h5>\n\n\n\n<p>Totes les competicions es faran en un escenari de 14 metres a l\u2019espai competitiu del sal\u00f3 i es podran seguir en directe a trav\u00e9s d\u2019una pantalla gegant, aix\u00ed com a trav\u00e9s del compte de Twitch de SAGA. Les retransmissions de tots els partits aniran a c\u00e0rrec d\u2019Aniol Novas i Marc \u00c1lvarez i d\u2019altres membres de Gamesports Electr\u00f2nics i la final de la Copa de les Estrelles i els partits d\u2019exhibici\u00f3 del Bar\u00e7a comptaran amb l\u2019an\u00e0lisi de Xixauxas, membre del Bar\u00e7a eSports i retransmissor de la Liga de Videojuegos Profesional, que debutar\u00e0 al SAGA en les retransmissions en catal\u00e0.<\/p>\n\n\n\n<p>A m\u00e9s, els visitants que ho vulguin podran accedir a un punt de trobada amb els videojugadors de tots els equips de les competicions LlOP de LOL i Valorant i tamb\u00e9 de l\u2019equip de LOL del Futbol Club Barcelona quan no estiguin competint. Aquest punt de trobada permetr\u00e0 que els visitants desafi\u00efn els seus \u00eddols i puguin competir contra els millors videojugadors de tots els equips.<\/p>\n\n\n\n<h5 class=\"wp-block-heading\">M\u00e9s de 300 places per jugar durant 36 hores a l\u2019espai LAN<\/h5>\n\n\n\n<p>A m\u00e9s de l\u2019espai de competicions, SAGA inclour\u00e0 un espai firal i un espai LAN amb m\u00e9s de 300 places perqu\u00e8 qui ho vulgui (amb una entrada d\u2019un import superior) instal\u00b7li el seu ordinador o consola en una taula i jugui a diferents jocs durant 36 hores. Els jocs disponibles seran el Legends of Runaterra, el Team Fight Tactics, el FIFA, el Warzone, el Magic the Gathering, el Hearthstone, el Full Guys, el Fortnite, l\u2019Age of Empires, el Counter-Strike: Global Offensive, l\u2019Overwatch 2, el Rocket League, l\u2019Apex Legends, el Paladins, l\u2019Smite, el Guilty Gear Strive, el Super Smash Bros Ultimate, el Dragon Ball FighterZ, l\u2019Skullgirls, el Granblue Fantasy Versus, el Tekken, l\u2019Street Fighter i els mateixos League of Legends i Valorant.<\/p>\n\n\n\n<p>A trav\u00e9s d\u2019un canal de Discord, es dinamitzaran en catal\u00e0 desenes de campionats entre els assistents, i els inscrits tindran acc\u00e9s a totes les skins i els personatges dels jocs de Riot Games, l\u2019empresa que desenvolupa jocs com el League of Legends i el Valorant, mentre estiguin connectats a la LAN de SAGA. Per jugar-hi, els jugadors disposaran de connexi\u00f3 de fibra \u00f2ptica i de tres punts de llum.<\/p>\n\n\n\n<p>Les entrades de SAGA, sal\u00f3 del gaming, ja es poden comprar a trav\u00e9s del web, i hi ha l\u2019opci\u00f3 de comprar-ne per a tot el cap de setmana o nom\u00e9s per a un dels dos dies, a m\u00e9s de l\u2019entrada especial que permet instal\u00b7lar l\u2019ordinador personal a l\u2019espai LAN i jugar durant 36 hores. Els menors de 12 anys tindran entrada gratu\u00efta.<\/p>\n\n\n\n<h5 class=\"wp-block-heading\">Una quarantena d\u2019estands amb videojocs, realitat virtual o un simulador de curses<\/h5>\n\n\n\n<p>Pel que fa a l\u2019espai firal, SAGA, sal\u00f3 del gaming, inclour\u00e0 una quarantena d\u2019estands. N\u2019hi haur\u00e0 d\u2019empreses de videojocs, de clubs d\u2019esports electr\u00f2nics, d\u2019associacions vinculades als videojocs, de centres formatius i d\u2019institucions. Els assistents podran con\u00e8ixer de primera m\u00e0 les diferents possibilitats formatives, descobrir i comprar les darreres novetats de videojocs que tenen versi\u00f3 en catal\u00e0 i jugar als jocs que els clubs els deixen provar, aix\u00ed com tamb\u00e9 als prototips fets pels alumnes dels centres formatius. A m\u00e9s, l\u2019empresa Intech3D oferir\u00e0 als assistents la possibilitat de jugar amb unes ulleres de realitat virtual i el club Heron eSports, un simulador de curses de F\u00f3rmula 1 amb volant i pedals.<\/p>\n\n\n\n<h5 class=\"wp-block-heading\">La llista d\u2019expositors confirmats \u00e9s la seg\u00fcent:<\/h5>\n\n\n\n<p>\u00b7<strong>Centres educatius<br><\/strong>Escola d\u2019Art de Vic, ENTI-UB Escola de Noves Tecnologies, Escola Pia de Nostra Senyora, CTS Creatiu i T\u00e8cnic Sabadell, LCI Barcelona, CITM-UPC, Dei\u00e0 Escola d\u2019Art i Disseny i IFP Innovaci\u00f3 en Formaci\u00f3 Professional.<br>\u00b7<strong>Associacions<br><\/strong>Associaci\u00f3 Gaming.cat, IndieDevDay \u2013 Fira del Videojoc Indie de Barcelona, Projecte Ce Trencada, Xboxers catalans, Creadors.TV, revista 3DNassos, Nintenhype, L\u00fadica, Softcatal\u00e0 i Plataforma per la Llengua.<br>\u00b7<strong>Empreses<br><\/strong>Petoons Studio, Those Who Came: Healing Solarus (Rolldbox Games), Tissue Inu, SandBloom Studio, Intech3D, Sol: una novel\u00b7la visual en catal\u00e0 (Nebuloid Team), GEDI Media \u2013 LopezNorman44, TDO Games, Brello and the Drain Cloud (Froglake Studios), Crispy Fried Chicken Studio i Fisherman\u2019s Games.<br>\u00b7<strong>Clubs de videojugadors<br><\/strong>Gaming Barcelona, Heron eSports, Undarius Gaming (Blows Gaming), Barcelona International Gaming Centre (BIG C), Green Dolphins Sant Cugat del Vall\u00e8s, Gamesports Electr\u00f2nics, Club de Futbol Europa \u2013 Esports Electr\u00f2nics i Mist-Up Lleida (Team Fight Tactics).<br>\u00b7<strong>Institucions<br><\/strong>Generalitat de Catalunya<br>Andorra Business (Govern d\u2019Andorra).<\/p>\n\n\n\n<p>Els expositors tamb\u00e9 s\u2019encarregaran de dinamitzar tallers i confer\u00e8ncies vinculats al m\u00f3n dels videojocs i, de moment, ja n\u2019hi ha deu de confirmats. Hi haur\u00e0 una taula rodona sobre dones i gaming a c\u00e0rrec de l\u2019associaci\u00f3 Gaming.cat, un p\u00f2dcast interactiu de L\u00fadica, presentacions de Petoons Studio i Heron eSports, un torneig de jocs de m\u00f2bils a c\u00e0rrec d\u2019Undarius Gaming (Blows Gaming) i tallers de l\u2019Escola Pia de Granollers, ENTI-Universitat de Barcelona, CTS \u2013 Creatiu i T\u00e8cnic de Sabadell, Dei\u00e0 Escola d\u2019Art i Disseny i LCI Barcelona.<\/p>\n\n\n\n<h5 class=\"wp-block-heading\">Els primers Premis SAGA obren el per\u00edode de votaci\u00f3 popular<\/h5>\n\n\n\n<p>Un altre dels plats forts del sal\u00f3 \u00e9s el lliurament dels primers Premis SAGA als millors videojocs en catal\u00e0. En total seran sis guardons, i reconeixeran els videojocs amb la millor narrativa, el millor art visual, la millor banda sonora i la millor jugabilitat, aix\u00ed com el millor videojoc triat pel p\u00fablic i el millor videojoc de l\u2019any triat pel jurat. Els premis s\u00f3n una iniciativa conjunta de l\u2019ONG del catal\u00e0 amb Gaming.cat i L\u00fadica, i tenen l\u2019objectiu d\u2019incentivar la producci\u00f3 de videojocs en catal\u00e0.<\/p>\n\n\n\n<p>El jurat que s\u2019ha d\u2019encarregar de triar els guanyadors dels premis est\u00e0 format per Albert Garcia (ENTI-UB, Generaci\u00f3 Digital, La Vanguardia), Rafel P\u00e9rez (Escola Pia Granollers), Marc Vilajosana (Metadata), Mariona Valls (Mango Protocol), David Jaumandreu (Undercoders i ENTI-UB), Isaac Serrano (Rare Ltd.), V\u00edctor Fern\u00e1ndez (Mansion Games), Roger Baldom\u00e0 (Plataforma per la Llengua), un redactor de L\u00fadica, un redactor de 3DNassos i Gina Tost (Generaci\u00f3 Digital, DEVICAT, UPC i nomenada aquesta setmana com a secret\u00e0ria de Pol\u00edtiques Digitals de la Generalitat de Catalunya). Pel que fa al premi del millor videojoc triat pel p\u00fablic, el per\u00edode per votar a trav\u00e9s del web ja s\u2019ha obert i tancar\u00e0 el 27 de novembre. Els participants poden triar entre deu opcions: Those Who Came: Healing Solarus, Running on Magic, Endling \u2013 Extinction is forever, Her Name Was Fire, Ikai, Nekomew\u2019s Nightmares, LumbearJack, cyVeRpunk, Blind Fate: Edo No Yami, Gemaboy Zero Origins.<\/p>\n\n\n\n<p>L\u2019entrega de premis es far\u00e0 dissabte 3 a les 20 h i ser\u00e0 presentada per la periodista Mariola Dinar\u00e8s i el creador Norman L\u00f3pez. La gala es podr\u00e0 seguir tamb\u00e9 a trav\u00e9s del canal de YouTube de Plataforma per la Llengua i al canal de Twitch de SAGA, sal\u00f3 del gaming.<\/p>\n\n\n\n<h5 class=\"wp-block-heading\">SAGA, sal\u00f3 del gaming, una iniciativa que vol ser el punt de trobada del sector dels videojocs als territoris de parla catalana per potenciar la llengua al sector<\/h5>\n\n\n\n<p>SAGA, sal\u00f3 del gaming, vol ser el referent d\u2019aquest sector als territoris de parla catalana. La iniciativa neix per ser el punt de trobada de les empreses creadores de videojocs, les comunitats de jugadors, els treballadors del sector, els centres formatius i les institucions p\u00fabliques, i vol agafar el relleu de NiceOne, una fira de videojocs i esports electr\u00f2nics que es va deixar de fer el 2019.<\/p>\n\n\n\n<p>Catalunya concentra el 50% de la facturaci\u00f3 d\u2019aquest sector a l\u2019Estat espanyol i, tanmateix, la pres\u00e8ncia del catal\u00e0 en aquest m\u00f3n continua sent for\u00e7a residual. Plataforma per la Llengua assumeix el repte d\u2019impulsar una fira que sigui un referent per a aquest sector econ\u00f2mic tan important, amb l\u2019objectiu de potenciar la llengua als videojocs i donar visibilitat a les competicions, les retransmissions de partides i els jocs en catal\u00e0.<\/p>\n","protected":false},"excerpt":{"rendered":"<p>Plataforma per la Llengua\u00a0impulsa SAGA, sal\u00f3 del gaming el 3 i 4 de desembre a\u00a0La Farga Centre d\u2019Activitats.<\/p>\n","protected":false},"author":5,"featured_media":16878,"comment_status":"closed","ping_status":"closed","sticky":false,"template":"","format":"standard","meta":{"inline_featured_image":false,"_uag_custom_page_level_css":"","_monsterinsights_skip_tracking":false,"_monsterinsights_sitenote_active":false,"_monsterinsights_sitenote_note":"","_monsterinsights_sitenote_category":0,"site-sidebar-layout":"default","site-content-layout":"","ast-site-content-layout":"default","site-content-style":"default","site-sidebar-style":"default","ast-global-header-display":"","ast-banner-title-visibility":"","ast-main-header-display":"","ast-hfb-above-header-display":"","ast-hfb-below-header-display":"","ast-hfb-mobile-header-display":"","site-post-title":"","ast-breadcrumbs-content":"","ast-featured-img":"","footer-sml-layout":"","ast-disable-related-posts":"","theme-transparent-header-meta":"","adv-header-id-meta":"","stick-header-meta":"","header-above-stick-meta":"","header-main-stick-meta":"","header-below-stick-meta":"","astra-migrate-meta-layouts":"default","ast-page-background-enabled":"default","ast-page-background-meta":{"desktop":{"background-color":"var(--ast-global-color-4)","background-image":"","background-repeat":"repeat","background-position":"center center","background-size":"auto","background-attachment":"scroll","background-type":"","background-media":"","overlay-type":"","overlay-color":"","overlay-opacity":"","overlay-gradient":""},"tablet":{"background-color":"","background-image":"","background-repeat":"repeat","background-position":"center center","background-size":"auto","background-attachment":"scroll","background-type":"","background-media":"","overlay-type":"","overlay-color":"","overlay-opacity":"","overlay-gradient":""},"mobile":{"background-color":"","background-image":"","background-repeat":"repeat","background-position":"center center","background-size":"auto","background-attachment":"scroll","background-type":"","background-media":"","overlay-type":"","overlay-color":"","overlay-opacity":"","overlay-gradient":""}},"ast-content-background-meta":{"desktop":{"background-color":"var(--ast-global-color-5)","background-image":"","background-repeat":"repeat","background-position":"center center","background-size":"auto","background-attachment":"scroll","background-type":"","background-media":"","overlay-type":"","overlay-color":"","overlay-opacity":"","overlay-gradient":""},"tablet":{"background-color":"var(--ast-global-color-5)","background-image":"","background-repeat":"repeat","background-position":"center center","background-size":"auto","background-attachment":"scroll","background-type":"","background-media":"","overlay-type":"","overlay-color":"","overlay-opacity":"","overlay-gradient":""},"mobile":{"background-color":"var(--ast-global-color-5)","background-image":"","background-repeat":"repeat","background-position":"center center","background-size":"auto","background-attachment":"scroll","background-type":"","background-media":"","overlay-type":"","overlay-color":"","overlay-opacity":"","overlay-gradient":""}},"footnotes":""},"categories":[49],"tags":[],"class_list":["post-16876","post","type-post","status-publish","format-standard","has-post-thumbnail","hentry","category-centre-activitats"],"yoast_head":"<!-- This site is optimized with the Yoast SEO plugin v27.4 - https:\/\/yoast.com\/product\/yoast-seo-wordpress\/ -->\n<title>La Farga, escenari del nou SAGA, sal\u00f3 del gaming - La Farga Gesti\u00f3n de Equipamientos Municipales, S.A.<\/title>\n<meta name=\"description\" content=\"Plataforma per la Llengua\u00a0impulsa SAGA, sal\u00f3 del gaming el 3 i 4 de desembre a\u00a0La Farga Centre d\u2019Activitats\u00a0\" \/>\n<meta name=\"robots\" content=\"index, follow, max-snippet:-1, max-image-preview:large, max-video-preview:-1\" \/>\n<link rel=\"canonical\" href=\"https:\/\/www.lafarga.com\/corporatiu\/la-farga-escenari-del-nou-saga-salo-del-gaming\/\" \/>\n<meta property=\"og:locale\" content=\"ca_ES\" \/>\n<meta property=\"og:type\" content=\"article\" \/>\n<meta property=\"og:title\" content=\"La Farga, escenari del nou SAGA, sal\u00f3 del gaming - La Farga Gesti\u00f3n de Equipamientos Municipales, S.A.\" \/>\n<meta property=\"og:description\" content=\"Plataforma per la Llengua\u00a0impulsa SAGA, sal\u00f3 del gaming el 3 i 4 de desembre a\u00a0La Farga Centre d\u2019Activitats\u00a0\" \/>\n<meta property=\"og:url\" content=\"https:\/\/www.lafarga.com\/corporatiu\/la-farga-escenari-del-nou-saga-salo-del-gaming\/\" \/>\n<meta property=\"og:site_name\" content=\"La Farga Gesti\u00f3n de Equipamientos Municipales, S.A.\" \/>\n<meta property=\"article:published_time\" content=\"2022-11-16T13:00:05+00:00\" \/>\n<meta property=\"article:modified_time\" content=\"2022-11-17T11:14:40+00:00\" \/>\n<meta property=\"og:image\" content=\"https:\/\/www.lafarga.com\/corporatiu\/wp-content\/uploads\/2022\/11\/Saga-Farga.jpg\" \/>\n\t<meta property=\"og:image:width\" content=\"730\" \/>\n\t<meta property=\"og:image:height\" content=\"410\" \/>\n\t<meta property=\"og:image:type\" content=\"image\/jpeg\" \/>\n<meta name=\"author\" content=\"\u00d2scar Milla\" \/>\n<meta name=\"twitter:label1\" content=\"Escrit per\" \/>\n\t<meta name=\"twitter:data1\" content=\"\u00d2scar Milla\" \/>\n\t<meta name=\"twitter:label2\" content=\"Temps estimat de lectura\" \/>\n\t<meta name=\"twitter:data2\" content=\"10 minuts\" \/>\n<script type=\"application\/ld+json\" class=\"yoast-schema-graph\">{\"@context\":\"https:\\\/\\\/schema.org\",\"@graph\":[{\"@type\":\"Article\",\"@id\":\"https:\\\/\\\/www.lafarga.com\\\/corporatiu\\\/la-farga-escenari-del-nou-saga-salo-del-gaming\\\/#article\",\"isPartOf\":{\"@id\":\"https:\\\/\\\/www.lafarga.com\\\/corporatiu\\\/la-farga-escenari-del-nou-saga-salo-del-gaming\\\/\"},\"author\":{\"name\":\"\u00d2scar Milla\",\"@id\":\"https:\\\/\\\/www.lafarga.com\\\/corporatiu\\\/#\\\/schema\\\/person\\\/70d96fe17d0da1a9c9e80d232bdbcf33\"},\"headline\":\"La Farga, escenari del nou SAGA, sal\u00f3 del gaming\",\"datePublished\":\"2022-11-16T13:00:05+00:00\",\"dateModified\":\"2022-11-17T11:14:40+00:00\",\"mainEntityOfPage\":{\"@id\":\"https:\\\/\\\/www.lafarga.com\\\/corporatiu\\\/la-farga-escenari-del-nou-saga-salo-del-gaming\\\/\"},\"wordCount\":1938,\"publisher\":{\"@id\":\"https:\\\/\\\/www.lafarga.com\\\/corporatiu\\\/#organization\"},\"image\":{\"@id\":\"https:\\\/\\\/www.lafarga.com\\\/corporatiu\\\/la-farga-escenari-del-nou-saga-salo-del-gaming\\\/#primaryimage\"},\"thumbnailUrl\":\"https:\\\/\\\/www.lafarga.com\\\/corporatiu\\\/wp-content\\\/uploads\\\/2022\\\/11\\\/Saga-Farga.jpg\",\"articleSection\":[\"Centre d'Activitats\"],\"inLanguage\":\"ca\"},{\"@type\":\"WebPage\",\"@id\":\"https:\\\/\\\/www.lafarga.com\\\/corporatiu\\\/la-farga-escenari-del-nou-saga-salo-del-gaming\\\/\",\"url\":\"https:\\\/\\\/www.lafarga.com\\\/corporatiu\\\/la-farga-escenari-del-nou-saga-salo-del-gaming\\\/\",\"name\":\"La Farga, escenari del nou SAGA, sal\u00f3 del gaming - La Farga Gesti\u00f3n de Equipamientos Municipales, S.A.\",\"isPartOf\":{\"@id\":\"https:\\\/\\\/www.lafarga.com\\\/corporatiu\\\/#website\"},\"primaryImageOfPage\":{\"@id\":\"https:\\\/\\\/www.lafarga.com\\\/corporatiu\\\/la-farga-escenari-del-nou-saga-salo-del-gaming\\\/#primaryimage\"},\"image\":{\"@id\":\"https:\\\/\\\/www.lafarga.com\\\/corporatiu\\\/la-farga-escenari-del-nou-saga-salo-del-gaming\\\/#primaryimage\"},\"thumbnailUrl\":\"https:\\\/\\\/www.lafarga.com\\\/corporatiu\\\/wp-content\\\/uploads\\\/2022\\\/11\\\/Saga-Farga.jpg\",\"datePublished\":\"2022-11-16T13:00:05+00:00\",\"dateModified\":\"2022-11-17T11:14:40+00:00\",\"description\":\"Plataforma per la Llengua\u00a0impulsa SAGA, sal\u00f3 del gaming el 3 i 4 de desembre a\u00a0La Farga Centre d\u2019Activitats\u00a0\",\"breadcrumb\":{\"@id\":\"https:\\\/\\\/www.lafarga.com\\\/corporatiu\\\/la-farga-escenari-del-nou-saga-salo-del-gaming\\\/#breadcrumb\"},\"inLanguage\":\"ca\",\"potentialAction\":[{\"@type\":\"ReadAction\",\"target\":[\"https:\\\/\\\/www.lafarga.com\\\/corporatiu\\\/la-farga-escenari-del-nou-saga-salo-del-gaming\\\/\"]}]},{\"@type\":\"ImageObject\",\"inLanguage\":\"ca\",\"@id\":\"https:\\\/\\\/www.lafarga.com\\\/corporatiu\\\/la-farga-escenari-del-nou-saga-salo-del-gaming\\\/#primaryimage\",\"url\":\"https:\\\/\\\/www.lafarga.com\\\/corporatiu\\\/wp-content\\\/uploads\\\/2022\\\/11\\\/Saga-Farga.jpg\",\"contentUrl\":\"https:\\\/\\\/www.lafarga.com\\\/corporatiu\\\/wp-content\\\/uploads\\\/2022\\\/11\\\/Saga-Farga.jpg\",\"width\":730,\"height\":410,\"caption\":\"Saga Farga\"},{\"@type\":\"BreadcrumbList\",\"@id\":\"https:\\\/\\\/www.lafarga.com\\\/corporatiu\\\/la-farga-escenari-del-nou-saga-salo-del-gaming\\\/#breadcrumb\",\"itemListElement\":[{\"@type\":\"ListItem\",\"position\":1,\"name\":\"Home\",\"item\":\"https:\\\/\\\/www.lafarga.com\\\/corporatiu\\\/lafarga-hospitalet-llobregat\\\/\"},{\"@type\":\"ListItem\",\"position\":2,\"name\":\"La Farga, escenari del nou SAGA, sal\u00f3 del gaming\"}]},{\"@type\":\"WebSite\",\"@id\":\"https:\\\/\\\/www.lafarga.com\\\/corporatiu\\\/#website\",\"url\":\"https:\\\/\\\/www.lafarga.com\\\/corporatiu\\\/\",\"name\":\"La Farga Gesti\u00f3 d&#039;Equipaments Municipals, SA\",\"description\":\"\",\"publisher\":{\"@id\":\"https:\\\/\\\/www.lafarga.com\\\/corporatiu\\\/#organization\"},\"potentialAction\":[{\"@type\":\"SearchAction\",\"target\":{\"@type\":\"EntryPoint\",\"urlTemplate\":\"https:\\\/\\\/www.lafarga.com\\\/corporatiu\\\/?s={search_term_string}\"},\"query-input\":{\"@type\":\"PropertyValueSpecification\",\"valueRequired\":true,\"valueName\":\"search_term_string\"}}],\"inLanguage\":\"ca\"},{\"@type\":\"Organization\",\"@id\":\"https:\\\/\\\/www.lafarga.com\\\/corporatiu\\\/#organization\",\"name\":\"La Farga Gesti\u00f3 d&#039;Equipaments Municipals, SA\",\"url\":\"https:\\\/\\\/www.lafarga.com\\\/corporatiu\\\/\",\"logo\":{\"@type\":\"ImageObject\",\"inLanguage\":\"ca\",\"@id\":\"https:\\\/\\\/www.lafarga.com\\\/corporatiu\\\/#\\\/schema\\\/logo\\\/image\\\/\",\"url\":\"https:\\\/\\\/www.lafarga.com\\\/corporatiu\\\/wp-content\\\/uploads\\\/2023\\\/11\\\/logotipo_lafarga_gemsa.svg\",\"contentUrl\":\"https:\\\/\\\/www.lafarga.com\\\/corporatiu\\\/wp-content\\\/uploads\\\/2023\\\/11\\\/logotipo_lafarga_gemsa.svg\",\"width\":102,\"height\":103,\"caption\":\"La Farga Gesti\u00f3 d&#039;Equipaments Municipals, SA\"},\"image\":{\"@id\":\"https:\\\/\\\/www.lafarga.com\\\/corporatiu\\\/#\\\/schema\\\/logo\\\/image\\\/\"}},{\"@type\":\"Person\",\"@id\":\"https:\\\/\\\/www.lafarga.com\\\/corporatiu\\\/#\\\/schema\\\/person\\\/70d96fe17d0da1a9c9e80d232bdbcf33\",\"name\":\"\u00d2scar Milla\",\"image\":{\"@type\":\"ImageObject\",\"inLanguage\":\"ca\",\"@id\":\"https:\\\/\\\/secure.gravatar.com\\\/avatar\\\/92e75d184f9d5e0e403bd4ad075b080ad258344ddc259adddb579f6a3ba6494f?s=96&d=mm&r=g\",\"url\":\"https:\\\/\\\/secure.gravatar.com\\\/avatar\\\/92e75d184f9d5e0e403bd4ad075b080ad258344ddc259adddb579f6a3ba6494f?s=96&d=mm&r=g\",\"contentUrl\":\"https:\\\/\\\/secure.gravatar.com\\\/avatar\\\/92e75d184f9d5e0e403bd4ad075b080ad258344ddc259adddb579f6a3ba6494f?s=96&d=mm&r=g\",\"caption\":\"\u00d2scar Milla\"},\"url\":\"https:\\\/\\\/www.lafarga.com\\\/corporatiu\\\/author\\\/omilla\\\/\"}]}<\/script>\n<!-- \/ Yoast SEO plugin. -->","yoast_head_json":{"title":"La Farga, escenari del nou SAGA, sal\u00f3 del gaming - La Farga Gesti\u00f3n de Equipamientos Municipales, S.A.","description":"Plataforma per la Llengua\u00a0impulsa SAGA, sal\u00f3 del gaming el 3 i 4 de desembre a\u00a0La Farga Centre d\u2019Activitats\u00a0","robots":{"index":"index","follow":"follow","max-snippet":"max-snippet:-1","max-image-preview":"max-image-preview:large","max-video-preview":"max-video-preview:-1"},"canonical":"https:\/\/www.lafarga.com\/corporatiu\/la-farga-escenari-del-nou-saga-salo-del-gaming\/","og_locale":"ca_ES","og_type":"article","og_title":"La Farga, escenari del nou SAGA, sal\u00f3 del gaming - La Farga Gesti\u00f3n de Equipamientos Municipales, S.A.","og_description":"Plataforma per la Llengua\u00a0impulsa SAGA, sal\u00f3 del gaming el 3 i 4 de desembre a\u00a0La Farga Centre d\u2019Activitats\u00a0","og_url":"https:\/\/www.lafarga.com\/corporatiu\/la-farga-escenari-del-nou-saga-salo-del-gaming\/","og_site_name":"La Farga Gesti\u00f3n de Equipamientos Municipales, S.A.","article_published_time":"2022-11-16T13:00:05+00:00","article_modified_time":"2022-11-17T11:14:40+00:00","og_image":[{"width":730,"height":410,"url":"https:\/\/www.lafarga.com\/corporatiu\/wp-content\/uploads\/2022\/11\/Saga-Farga.jpg","type":"image\/jpeg"}],"author":"\u00d2scar Milla","twitter_misc":{"Escrit per":"\u00d2scar Milla","Temps estimat de lectura":"10 minuts"},"schema":{"@context":"https:\/\/schema.org","@graph":[{"@type":"Article","@id":"https:\/\/www.lafarga.com\/corporatiu\/la-farga-escenari-del-nou-saga-salo-del-gaming\/#article","isPartOf":{"@id":"https:\/\/www.lafarga.com\/corporatiu\/la-farga-escenari-del-nou-saga-salo-del-gaming\/"},"author":{"name":"\u00d2scar Milla","@id":"https:\/\/www.lafarga.com\/corporatiu\/#\/schema\/person\/70d96fe17d0da1a9c9e80d232bdbcf33"},"headline":"La Farga, escenari del nou SAGA, sal\u00f3 del gaming","datePublished":"2022-11-16T13:00:05+00:00","dateModified":"2022-11-17T11:14:40+00:00","mainEntityOfPage":{"@id":"https:\/\/www.lafarga.com\/corporatiu\/la-farga-escenari-del-nou-saga-salo-del-gaming\/"},"wordCount":1938,"publisher":{"@id":"https:\/\/www.lafarga.com\/corporatiu\/#organization"},"image":{"@id":"https:\/\/www.lafarga.com\/corporatiu\/la-farga-escenari-del-nou-saga-salo-del-gaming\/#primaryimage"},"thumbnailUrl":"https:\/\/www.lafarga.com\/corporatiu\/wp-content\/uploads\/2022\/11\/Saga-Farga.jpg","articleSection":["Centre d'Activitats"],"inLanguage":"ca"},{"@type":"WebPage","@id":"https:\/\/www.lafarga.com\/corporatiu\/la-farga-escenari-del-nou-saga-salo-del-gaming\/","url":"https:\/\/www.lafarga.com\/corporatiu\/la-farga-escenari-del-nou-saga-salo-del-gaming\/","name":"La Farga, escenari del nou SAGA, sal\u00f3 del gaming - La Farga Gesti\u00f3n de Equipamientos Municipales, S.A.","isPartOf":{"@id":"https:\/\/www.lafarga.com\/corporatiu\/#website"},"primaryImageOfPage":{"@id":"https:\/\/www.lafarga.com\/corporatiu\/la-farga-escenari-del-nou-saga-salo-del-gaming\/#primaryimage"},"image":{"@id":"https:\/\/www.lafarga.com\/corporatiu\/la-farga-escenari-del-nou-saga-salo-del-gaming\/#primaryimage"},"thumbnailUrl":"https:\/\/www.lafarga.com\/corporatiu\/wp-content\/uploads\/2022\/11\/Saga-Farga.jpg","datePublished":"2022-11-16T13:00:05+00:00","dateModified":"2022-11-17T11:14:40+00:00","description":"Plataforma per la Llengua\u00a0impulsa SAGA, sal\u00f3 del gaming el 3 i 4 de desembre a\u00a0La Farga Centre d\u2019Activitats\u00a0","breadcrumb":{"@id":"https:\/\/www.lafarga.com\/corporatiu\/la-farga-escenari-del-nou-saga-salo-del-gaming\/#breadcrumb"},"inLanguage":"ca","potentialAction":[{"@type":"ReadAction","target":["https:\/\/www.lafarga.com\/corporatiu\/la-farga-escenari-del-nou-saga-salo-del-gaming\/"]}]},{"@type":"ImageObject","inLanguage":"ca","@id":"https:\/\/www.lafarga.com\/corporatiu\/la-farga-escenari-del-nou-saga-salo-del-gaming\/#primaryimage","url":"https:\/\/www.lafarga.com\/corporatiu\/wp-content\/uploads\/2022\/11\/Saga-Farga.jpg","contentUrl":"https:\/\/www.lafarga.com\/corporatiu\/wp-content\/uploads\/2022\/11\/Saga-Farga.jpg","width":730,"height":410,"caption":"Saga Farga"},{"@type":"BreadcrumbList","@id":"https:\/\/www.lafarga.com\/corporatiu\/la-farga-escenari-del-nou-saga-salo-del-gaming\/#breadcrumb","itemListElement":[{"@type":"ListItem","position":1,"name":"Home","item":"https:\/\/www.lafarga.com\/corporatiu\/lafarga-hospitalet-llobregat\/"},{"@type":"ListItem","position":2,"name":"La Farga, escenari del nou SAGA, sal\u00f3 del gaming"}]},{"@type":"WebSite","@id":"https:\/\/www.lafarga.com\/corporatiu\/#website","url":"https:\/\/www.lafarga.com\/corporatiu\/","name":"La Farga Gesti\u00f3 d&#039;Equipaments Municipals, SA","description":"","publisher":{"@id":"https:\/\/www.lafarga.com\/corporatiu\/#organization"},"potentialAction":[{"@type":"SearchAction","target":{"@type":"EntryPoint","urlTemplate":"https:\/\/www.lafarga.com\/corporatiu\/?s={search_term_string}"},"query-input":{"@type":"PropertyValueSpecification","valueRequired":true,"valueName":"search_term_string"}}],"inLanguage":"ca"},{"@type":"Organization","@id":"https:\/\/www.lafarga.com\/corporatiu\/#organization","name":"La Farga Gesti\u00f3 d&#039;Equipaments Municipals, SA","url":"https:\/\/www.lafarga.com\/corporatiu\/","logo":{"@type":"ImageObject","inLanguage":"ca","@id":"https:\/\/www.lafarga.com\/corporatiu\/#\/schema\/logo\/image\/","url":"https:\/\/www.lafarga.com\/corporatiu\/wp-content\/uploads\/2023\/11\/logotipo_lafarga_gemsa.svg","contentUrl":"https:\/\/www.lafarga.com\/corporatiu\/wp-content\/uploads\/2023\/11\/logotipo_lafarga_gemsa.svg","width":102,"height":103,"caption":"La Farga Gesti\u00f3 d&#039;Equipaments Municipals, SA"},"image":{"@id":"https:\/\/www.lafarga.com\/corporatiu\/#\/schema\/logo\/image\/"}},{"@type":"Person","@id":"https:\/\/www.lafarga.com\/corporatiu\/#\/schema\/person\/70d96fe17d0da1a9c9e80d232bdbcf33","name":"\u00d2scar Milla","image":{"@type":"ImageObject","inLanguage":"ca","@id":"https:\/\/secure.gravatar.com\/avatar\/92e75d184f9d5e0e403bd4ad075b080ad258344ddc259adddb579f6a3ba6494f?s=96&d=mm&r=g","url":"https:\/\/secure.gravatar.com\/avatar\/92e75d184f9d5e0e403bd4ad075b080ad258344ddc259adddb579f6a3ba6494f?s=96&d=mm&r=g","contentUrl":"https:\/\/secure.gravatar.com\/avatar\/92e75d184f9d5e0e403bd4ad075b080ad258344ddc259adddb579f6a3ba6494f?s=96&d=mm&r=g","caption":"\u00d2scar Milla"},"url":"https:\/\/www.lafarga.com\/corporatiu\/author\/omilla\/"}]}},"uagb_featured_image_src":{"full":["https:\/\/www.lafarga.com\/corporatiu\/wp-content\/uploads\/2022\/11\/Saga-Farga.jpg",730,410,false],"thumbnail":["https:\/\/www.lafarga.com\/corporatiu\/wp-content\/uploads\/2022\/11\/Saga-Farga-150x150.jpg",150,150,true],"medium":["https:\/\/www.lafarga.com\/corporatiu\/wp-content\/uploads\/2022\/11\/Saga-Farga-300x168.jpg",300,168,true],"medium_large":["https:\/\/www.lafarga.com\/corporatiu\/wp-content\/uploads\/2022\/11\/Saga-Farga.jpg",730,410,false],"large":["https:\/\/www.lafarga.com\/corporatiu\/wp-content\/uploads\/2022\/11\/Saga-Farga.jpg",730,410,false],"1536x1536":["https:\/\/www.lafarga.com\/corporatiu\/wp-content\/uploads\/2022\/11\/Saga-Farga.jpg",730,410,false],"2048x2048":["https:\/\/www.lafarga.com\/corporatiu\/wp-content\/uploads\/2022\/11\/Saga-Farga.jpg",730,410,false],"mailpoet_newsletter_max":["https:\/\/www.lafarga.com\/corporatiu\/wp-content\/uploads\/2022\/11\/Saga-Farga.jpg",730,410,false]},"uagb_author_info":{"display_name":"\u00d2scar Milla","author_link":"https:\/\/www.lafarga.com\/corporatiu\/author\/omilla\/"},"uagb_comment_info":0,"uagb_excerpt":"Plataforma per la Llengua\u00a0impulsa SAGA, sal\u00f3 del gaming el 3 i 4 de desembre a\u00a0La Farga Centre d\u2019Activitats.","_links":{"self":[{"href":"https:\/\/www.lafarga.com\/corporatiu\/wp-json\/wp\/v2\/posts\/16876","targetHints":{"allow":["GET"]}}],"collection":[{"href":"https:\/\/www.lafarga.com\/corporatiu\/wp-json\/wp\/v2\/posts"}],"about":[{"href":"https:\/\/www.lafarga.com\/corporatiu\/wp-json\/wp\/v2\/types\/post"}],"author":[{"embeddable":true,"href":"https:\/\/www.lafarga.com\/corporatiu\/wp-json\/wp\/v2\/users\/5"}],"replies":[{"embeddable":true,"href":"https:\/\/www.lafarga.com\/corporatiu\/wp-json\/wp\/v2\/comments?post=16876"}],"version-history":[{"count":3,"href":"https:\/\/www.lafarga.com\/corporatiu\/wp-json\/wp\/v2\/posts\/16876\/revisions"}],"predecessor-version":[{"id":16887,"href":"https:\/\/www.lafarga.com\/corporatiu\/wp-json\/wp\/v2\/posts\/16876\/revisions\/16887"}],"wp:featuredmedia":[{"embeddable":true,"href":"https:\/\/www.lafarga.com\/corporatiu\/wp-json\/wp\/v2\/media\/16878"}],"wp:attachment":[{"href":"https:\/\/www.lafarga.com\/corporatiu\/wp-json\/wp\/v2\/media?parent=16876"}],"wp:term":[{"taxonomy":"category","embeddable":true,"href":"https:\/\/www.lafarga.com\/corporatiu\/wp-json\/wp\/v2\/categories?post=16876"},{"taxonomy":"post_tag","embeddable":true,"href":"https:\/\/www.lafarga.com\/corporatiu\/wp-json\/wp\/v2\/tags?post=16876"}],"curies":[{"name":"wp","href":"https:\/\/api.w.org\/{rel}","templated":true}]}}