{"id":16859,"date":"2022-11-14T12:29:19","date_gmt":"2022-11-14T12:29:19","guid":{"rendered":"http:\/\/www.lafarga.com\/corporatiu\/?p=16859"},"modified":"2022-11-14T12:29:20","modified_gmt":"2022-11-14T12:29:20","slug":"mas-de-18-000-visitantes-en-el-regreso-de-creativa-barcelona","status":"publish","type":"post","link":"https:\/\/www.lafarga.com\/corporatiu\/mas-de-18-000-visitantes-en-el-regreso-de-creativa-barcelona\/","title":{"rendered":"M\u00e1s de 18.000 visitantes en el regreso de Creativa Barcelona"},"content":{"rendered":"\n<p>M\u00e1s de 18.000 personas han pasado por Creativa Barcelona 2022, el\u00a0<strong><a href=\"https:\/\/creativabarcelona.com\/\" target=\"_blank\" rel=\"noreferrer noopener\">Sal\u00f3n de las Manualidades y Artesan\u00edas<\/a><\/strong>, l\u00edder del sector. Cifras que vienen a demostrar que tanto profesionales como aficionados ten\u00edan muchas ganas de reencontrarse, tras varios a\u00f1os de par\u00f3n a causa de la pandemia (la \u00faltima edici\u00f3n se celebr\u00f3 en 2919).\u00a0<\/p>\n\n\n\n<p><strong><a href=\"https:\/\/www.lafarga.com\/corporatiu\/se-presenta-el-renovado-salon-creativa\/\" target=\"_blank\" rel=\"noreferrer noopener\">La Farga de L\u2019Hospitalet<\/a><\/strong> ha albergado el regreso de este sal\u00f3n, que se ha caracterizado por su gran oferta de productos -de todas las t\u00e9cnicas y estilos- as\u00ed como la gran variedad y cantidad de talleres y actividades, muchas de ellas inspiradas en las artesan\u00edas japonesas, no en vano, Jap\u00f3n ha sido pa\u00eds invitado.<\/p>\n\n\n\n<p>Han sido cuatro d\u00edas de actividad fren\u00e9tica en donde se ha demostrado que las manualidades, las artesan\u00edas y el \u201cmovimiento do it yourself\u201d est\u00e1 m\u00e1s de moda que nunca, como lo han demostrado el aforo completo de los m\u00e1s de 250 talleres y actividades que se han celebrado durante estos cuatro d\u00edas, en los que han participado m\u00e1s de 6.000 aficionadas a todo tipo de manualidades y artesan\u00edas.&nbsp;<\/p>\n\n\n\n<p>Y es que el certamen ha dado cabida a todas las vertientes de las manualidades, desde las m\u00e1s tradicionales a las m\u00e1s vanguardias. Abalorios, acolchado, acuarela, bordado, costura creativa, decoupage, escultura, estampaci\u00f3n, ganchillo, lanas, hilos y algod\u00f3n, lettering, macram\u00e9, papiroflexia, fotograf\u00eda creativa, patchwork, punto de cruz, quilling, scrapbook\u2026 Y todo ello pensado para todos los p\u00fablicos, incluso para los m\u00e1s peque\u00f1os de la casa, que han tenido un espacio exclusivo en Creativa Kids.<\/p>\n\n\n\n<p>Entre las numerosas actividades celebradas en Creativa Barcelona 2022<strong>,<\/strong>&nbsp;y como novedad en esta edici\u00f3n, el s\u00e1bado se celebr\u00f3 el homenaje a Jordi Cruz P\u00e9rez, con motivo del 25 aniversario de la primera emisi\u00f3n de \u201cArt Attack\u201d.&nbsp;<\/p>\n\n\n\n<h5 class=\"wp-block-heading\">Un sector con 5 millones de aficionados<\/h5>\n\n\n\n<p>El sector de las manualidades y artesan\u00edas est\u00e1 m\u00e1s de moda que nunca y no deja de crecer, siendo ya m\u00e1s de 5 millones de personas en Espa\u00f1a las que realizan alguna manualidad en casa. Principalmente, el 90%, son mujeres de entre 35 y 65 a\u00f1os, por ello, el regreso de Creativa Barcelona 2022<strong>&nbsp;<\/strong>ha apostado este a\u00f1o por ofrecer un certamen inclusivo, abierto a todos y a todas, para demostrar que el \u201cDo It yourself\u201d no es solo para ellas.&nbsp; Porque, incluso, las manualidades y las artesan\u00edas, adem\u00e1s, pueden representar la salida laboral para muchos. Las cifras as\u00ed lo demuestran: la facturaci\u00f3n alcanza unos 1.200 millones de euros anuales, en un sector compuesto por m\u00e1s de 7.000 empresas, la gran mayor\u00eda peque\u00f1as tiendas aunque van creciendo las tiendas on line (el 98% son micro empresas de menos de 3 trabajadores). Y son m\u00e1s de 25.000 los trabajadores en Espa\u00f1a los que viven del sector.<\/p>\n","protected":false},"excerpt":{"rendered":"<p>M\u00e1s de 18.000 personas han pasado por Creativa Barcelona 2022, el\u00a0Sal\u00f3n de las Manualidades y Artesan\u00edas, l\u00edder del sector.<\/p>\n","protected":false},"author":5,"featured_media":16857,"comment_status":"closed","ping_status":"closed","sticky":false,"template":"","format":"standard","meta":{"inline_featured_image":false,"_uag_custom_page_level_css":"","_monsterinsights_skip_tracking":false,"_monsterinsights_sitenote_active":false,"_monsterinsights_sitenote_note":"","_monsterinsights_sitenote_category":0,"site-sidebar-layout":"default","site-content-layout":"","ast-site-content-layout":"default","site-content-style":"default","site-sidebar-style":"default","ast-global-header-display":"","ast-banner-title-visibility":"","ast-main-header-display":"","ast-hfb-above-header-display":"","ast-hfb-below-header-display":"","ast-hfb-mobile-header-display":"","site-post-title":"","ast-breadcrumbs-content":"","ast-featured-img":"","footer-sml-layout":"","ast-disable-related-posts":"","theme-transparent-header-meta":"","adv-header-id-meta":"","stick-header-meta":"","header-above-stick-meta":"","header-main-stick-meta":"","header-below-stick-meta":"","astra-migrate-meta-layouts":"default","ast-page-background-enabled":"default","ast-page-background-meta":{"desktop":{"background-color":"var(--ast-global-color-4)","background-image":"","background-repeat":"repeat","background-position":"center center","background-size":"auto","background-attachment":"scroll","background-type":"","background-media":"","overlay-type":"","overlay-color":"","overlay-opacity":"","overlay-gradient":""},"tablet":{"background-color":"","background-image":"","background-repeat":"repeat","background-position":"center center","background-size":"auto","background-attachment":"scroll","background-type":"","background-media":"","overlay-type":"","overlay-color":"","overlay-opacity":"","overlay-gradient":""},"mobile":{"background-color":"","background-image":"","background-repeat":"repeat","background-position":"center center","background-size":"auto","background-attachment":"scroll","background-type":"","background-media":"","overlay-type":"","overlay-color":"","overlay-opacity":"","overlay-gradient":""}},"ast-content-background-meta":{"desktop":{"background-color":"var(--ast-global-color-5)","background-image":"","background-repeat":"repeat","background-position":"center center","background-size":"auto","background-attachment":"scroll","background-type":"","background-media":"","overlay-type":"","overlay-color":"","overlay-opacity":"","overlay-gradient":""},"tablet":{"background-color":"var(--ast-global-color-5)","background-image":"","background-repeat":"repeat","background-position":"center center","background-size":"auto","background-attachment":"scroll","background-type":"","background-media":"","overlay-type":"","overlay-color":"","overlay-opacity":"","overlay-gradient":""},"mobile":{"background-color":"var(--ast-global-color-5)","background-image":"","background-repeat":"repeat","background-position":"center center","background-size":"auto","background-attachment":"scroll","background-type":"","background-media":"","overlay-type":"","overlay-color":"","overlay-opacity":"","overlay-gradient":""}},"footnotes":""},"categories":[73],"tags":[],"class_list":["post-16859","post","type-post","status-publish","format-standard","has-post-thumbnail","hentry","category-centro-de-actividades"],"yoast_head":"<!-- This site is optimized with the Yoast SEO plugin v27.5 - https:\/\/yoast.com\/product\/yoast-seo-wordpress\/ -->\n<title>M\u00e1s de 18.000 visitantes en el regreso de Creativa Barcelona - La Farga Gesti\u00f3n de Equipamientos Municipales, S.A.<\/title>\n<meta name=\"description\" content=\"M\u00e9s de 18.000 persones han passat pel retorn de Creativa Barcelona 2022, el\u00a0Sal\u00f3 de les Manualitats i Artesanies, l\u00edder del sector.\" \/>\n<meta name=\"robots\" content=\"index, follow, max-snippet:-1, max-image-preview:large, max-video-preview:-1\" \/>\n<link rel=\"canonical\" href=\"https:\/\/www.lafarga.com\/corporatiu\/mas-de-18-000-visitantes-en-el-regreso-de-creativa-barcelona\/\" \/>\n<meta property=\"og:locale\" content=\"ca_ES\" \/>\n<meta property=\"og:type\" content=\"article\" \/>\n<meta property=\"og:title\" content=\"M\u00e1s de 18.000 visitantes en el regreso de Creativa Barcelona - La Farga Gesti\u00f3n de Equipamientos Municipales, S.A.\" \/>\n<meta property=\"og:description\" content=\"M\u00e9s de 18.000 persones han passat pel retorn de Creativa Barcelona 2022, el\u00a0Sal\u00f3 de les Manualitats i Artesanies, l\u00edder del sector.\" \/>\n<meta property=\"og:url\" content=\"https:\/\/www.lafarga.com\/corporatiu\/mas-de-18-000-visitantes-en-el-regreso-de-creativa-barcelona\/\" \/>\n<meta property=\"og:site_name\" content=\"La Farga Gesti\u00f3n de Equipamientos Municipales, S.A.\" \/>\n<meta property=\"article:published_time\" content=\"2022-11-14T12:29:19+00:00\" \/>\n<meta property=\"article:modified_time\" content=\"2022-11-14T12:29:20+00:00\" \/>\n<meta property=\"og:image\" content=\"https:\/\/www.lafarga.com\/corporatiu\/wp-content\/uploads\/2022\/11\/Creativa-Farga2022.png\" \/>\n\t<meta property=\"og:image:width\" content=\"730\" \/>\n\t<meta property=\"og:image:height\" content=\"410\" \/>\n\t<meta property=\"og:image:type\" content=\"image\/png\" \/>\n<meta name=\"author\" content=\"\u00d2scar Milla\" \/>\n<meta name=\"twitter:label1\" content=\"Escrit per\" \/>\n\t<meta name=\"twitter:data1\" content=\"\u00d2scar Milla\" \/>\n\t<meta name=\"twitter:label2\" content=\"Temps estimat de lectura\" \/>\n\t<meta name=\"twitter:data2\" content=\"3 minuts\" \/>\n<script type=\"application\/ld+json\" class=\"yoast-schema-graph\">{\"@context\":\"https:\\\/\\\/schema.org\",\"@graph\":[{\"@type\":\"Article\",\"@id\":\"https:\\\/\\\/www.lafarga.com\\\/corporatiu\\\/mas-de-18-000-visitantes-en-el-regreso-de-creativa-barcelona\\\/#article\",\"isPartOf\":{\"@id\":\"https:\\\/\\\/www.lafarga.com\\\/corporatiu\\\/mas-de-18-000-visitantes-en-el-regreso-de-creativa-barcelona\\\/\"},\"author\":{\"name\":\"\u00d2scar Milla\",\"@id\":\"https:\\\/\\\/www.lafarga.com\\\/corporatiu\\\/#\\\/schema\\\/person\\\/70d96fe17d0da1a9c9e80d232bdbcf33\"},\"headline\":\"M\u00e1s de 18.000 visitantes en el regreso de Creativa Barcelona\",\"datePublished\":\"2022-11-14T12:29:19+00:00\",\"dateModified\":\"2022-11-14T12:29:20+00:00\",\"mainEntityOfPage\":{\"@id\":\"https:\\\/\\\/www.lafarga.com\\\/corporatiu\\\/mas-de-18-000-visitantes-en-el-regreso-de-creativa-barcelona\\\/\"},\"wordCount\":491,\"publisher\":{\"@id\":\"https:\\\/\\\/www.lafarga.com\\\/corporatiu\\\/#organization\"},\"image\":{\"@id\":\"https:\\\/\\\/www.lafarga.com\\\/corporatiu\\\/mas-de-18-000-visitantes-en-el-regreso-de-creativa-barcelona\\\/#primaryimage\"},\"thumbnailUrl\":\"https:\\\/\\\/www.lafarga.com\\\/corporatiu\\\/wp-content\\\/uploads\\\/2022\\\/11\\\/Creativa-Farga2022.png\",\"articleSection\":[\"Centro de Actividades\"],\"inLanguage\":\"ca\"},{\"@type\":\"WebPage\",\"@id\":\"https:\\\/\\\/www.lafarga.com\\\/corporatiu\\\/mas-de-18-000-visitantes-en-el-regreso-de-creativa-barcelona\\\/\",\"url\":\"https:\\\/\\\/www.lafarga.com\\\/corporatiu\\\/mas-de-18-000-visitantes-en-el-regreso-de-creativa-barcelona\\\/\",\"name\":\"M\u00e1s de 18.000 visitantes en el regreso de Creativa Barcelona - La Farga Gesti\u00f3n de Equipamientos Municipales, S.A.\",\"isPartOf\":{\"@id\":\"https:\\\/\\\/www.lafarga.com\\\/corporatiu\\\/#website\"},\"primaryImageOfPage\":{\"@id\":\"https:\\\/\\\/www.lafarga.com\\\/corporatiu\\\/mas-de-18-000-visitantes-en-el-regreso-de-creativa-barcelona\\\/#primaryimage\"},\"image\":{\"@id\":\"https:\\\/\\\/www.lafarga.com\\\/corporatiu\\\/mas-de-18-000-visitantes-en-el-regreso-de-creativa-barcelona\\\/#primaryimage\"},\"thumbnailUrl\":\"https:\\\/\\\/www.lafarga.com\\\/corporatiu\\\/wp-content\\\/uploads\\\/2022\\\/11\\\/Creativa-Farga2022.png\",\"datePublished\":\"2022-11-14T12:29:19+00:00\",\"dateModified\":\"2022-11-14T12:29:20+00:00\",\"description\":\"M\u00e9s de 18.000 persones han passat pel retorn de Creativa Barcelona 2022, el\u00a0Sal\u00f3 de les Manualitats i Artesanies, l\u00edder del sector.\",\"breadcrumb\":{\"@id\":\"https:\\\/\\\/www.lafarga.com\\\/corporatiu\\\/mas-de-18-000-visitantes-en-el-regreso-de-creativa-barcelona\\\/#breadcrumb\"},\"inLanguage\":\"ca\",\"potentialAction\":[{\"@type\":\"ReadAction\",\"target\":[\"https:\\\/\\\/www.lafarga.com\\\/corporatiu\\\/mas-de-18-000-visitantes-en-el-regreso-de-creativa-barcelona\\\/\"]}]},{\"@type\":\"ImageObject\",\"inLanguage\":\"ca\",\"@id\":\"https:\\\/\\\/www.lafarga.com\\\/corporatiu\\\/mas-de-18-000-visitantes-en-el-regreso-de-creativa-barcelona\\\/#primaryimage\",\"url\":\"https:\\\/\\\/www.lafarga.com\\\/corporatiu\\\/wp-content\\\/uploads\\\/2022\\\/11\\\/Creativa-Farga2022.png\",\"contentUrl\":\"https:\\\/\\\/www.lafarga.com\\\/corporatiu\\\/wp-content\\\/uploads\\\/2022\\\/11\\\/Creativa-Farga2022.png\",\"width\":730,\"height\":410,\"caption\":\"Retorn Creativa\"},{\"@type\":\"BreadcrumbList\",\"@id\":\"https:\\\/\\\/www.lafarga.com\\\/corporatiu\\\/mas-de-18-000-visitantes-en-el-regreso-de-creativa-barcelona\\\/#breadcrumb\",\"itemListElement\":[{\"@type\":\"ListItem\",\"position\":1,\"name\":\"Home\",\"item\":\"https:\\\/\\\/www.lafarga.com\\\/corporatiu\\\/lafarga-hospitalet-llobregat\\\/\"},{\"@type\":\"ListItem\",\"position\":2,\"name\":\"M\u00e1s de 18.000 visitantes en el regreso de Creativa Barcelona\"}]},{\"@type\":\"WebSite\",\"@id\":\"https:\\\/\\\/www.lafarga.com\\\/corporatiu\\\/#website\",\"url\":\"https:\\\/\\\/www.lafarga.com\\\/corporatiu\\\/\",\"name\":\"La Farga Gesti\u00f3 d&#039;Equipaments Municipals, SA\",\"description\":\"\",\"publisher\":{\"@id\":\"https:\\\/\\\/www.lafarga.com\\\/corporatiu\\\/#organization\"},\"potentialAction\":[{\"@type\":\"SearchAction\",\"target\":{\"@type\":\"EntryPoint\",\"urlTemplate\":\"https:\\\/\\\/www.lafarga.com\\\/corporatiu\\\/?s={search_term_string}\"},\"query-input\":{\"@type\":\"PropertyValueSpecification\",\"valueRequired\":true,\"valueName\":\"search_term_string\"}}],\"inLanguage\":\"ca\"},{\"@type\":\"Organization\",\"@id\":\"https:\\\/\\\/www.lafarga.com\\\/corporatiu\\\/#organization\",\"name\":\"La Farga Gesti\u00f3 d&#039;Equipaments Municipals, SA\",\"url\":\"https:\\\/\\\/www.lafarga.com\\\/corporatiu\\\/\",\"logo\":{\"@type\":\"ImageObject\",\"inLanguage\":\"ca\",\"@id\":\"https:\\\/\\\/www.lafarga.com\\\/corporatiu\\\/#\\\/schema\\\/logo\\\/image\\\/\",\"url\":\"https:\\\/\\\/www.lafarga.com\\\/corporatiu\\\/wp-content\\\/uploads\\\/2023\\\/11\\\/logotipo_lafarga_gemsa.svg\",\"contentUrl\":\"https:\\\/\\\/www.lafarga.com\\\/corporatiu\\\/wp-content\\\/uploads\\\/2023\\\/11\\\/logotipo_lafarga_gemsa.svg\",\"width\":102,\"height\":103,\"caption\":\"La Farga Gesti\u00f3 d&#039;Equipaments Municipals, SA\"},\"image\":{\"@id\":\"https:\\\/\\\/www.lafarga.com\\\/corporatiu\\\/#\\\/schema\\\/logo\\\/image\\\/\"}},{\"@type\":\"Person\",\"@id\":\"https:\\\/\\\/www.lafarga.com\\\/corporatiu\\\/#\\\/schema\\\/person\\\/70d96fe17d0da1a9c9e80d232bdbcf33\",\"name\":\"\u00d2scar Milla\",\"image\":{\"@type\":\"ImageObject\",\"inLanguage\":\"ca\",\"@id\":\"https:\\\/\\\/secure.gravatar.com\\\/avatar\\\/92e75d184f9d5e0e403bd4ad075b080ad258344ddc259adddb579f6a3ba6494f?s=96&d=mm&r=g\",\"url\":\"https:\\\/\\\/secure.gravatar.com\\\/avatar\\\/92e75d184f9d5e0e403bd4ad075b080ad258344ddc259adddb579f6a3ba6494f?s=96&d=mm&r=g\",\"contentUrl\":\"https:\\\/\\\/secure.gravatar.com\\\/avatar\\\/92e75d184f9d5e0e403bd4ad075b080ad258344ddc259adddb579f6a3ba6494f?s=96&d=mm&r=g\",\"caption\":\"\u00d2scar Milla\"},\"url\":\"https:\\\/\\\/www.lafarga.com\\\/corporatiu\\\/author\\\/omilla\\\/\"}]}<\/script>\n<!-- \/ Yoast SEO plugin. -->","yoast_head_json":{"title":"M\u00e1s de 18.000 visitantes en el regreso de Creativa Barcelona - La Farga Gesti\u00f3n de Equipamientos Municipales, S.A.","description":"M\u00e9s de 18.000 persones han passat pel retorn de Creativa Barcelona 2022, el\u00a0Sal\u00f3 de les Manualitats i Artesanies, l\u00edder del sector.","robots":{"index":"index","follow":"follow","max-snippet":"max-snippet:-1","max-image-preview":"max-image-preview:large","max-video-preview":"max-video-preview:-1"},"canonical":"https:\/\/www.lafarga.com\/corporatiu\/mas-de-18-000-visitantes-en-el-regreso-de-creativa-barcelona\/","og_locale":"ca_ES","og_type":"article","og_title":"M\u00e1s de 18.000 visitantes en el regreso de Creativa Barcelona - La Farga Gesti\u00f3n de Equipamientos Municipales, S.A.","og_description":"M\u00e9s de 18.000 persones han passat pel retorn de Creativa Barcelona 2022, el\u00a0Sal\u00f3 de les Manualitats i Artesanies, l\u00edder del sector.","og_url":"https:\/\/www.lafarga.com\/corporatiu\/mas-de-18-000-visitantes-en-el-regreso-de-creativa-barcelona\/","og_site_name":"La Farga Gesti\u00f3n de Equipamientos Municipales, S.A.","article_published_time":"2022-11-14T12:29:19+00:00","article_modified_time":"2022-11-14T12:29:20+00:00","og_image":[{"width":730,"height":410,"url":"https:\/\/www.lafarga.com\/corporatiu\/wp-content\/uploads\/2022\/11\/Creativa-Farga2022.png","type":"image\/png"}],"author":"\u00d2scar Milla","twitter_misc":{"Escrit per":"\u00d2scar Milla","Temps estimat de lectura":"3 minuts"},"schema":{"@context":"https:\/\/schema.org","@graph":[{"@type":"Article","@id":"https:\/\/www.lafarga.com\/corporatiu\/mas-de-18-000-visitantes-en-el-regreso-de-creativa-barcelona\/#article","isPartOf":{"@id":"https:\/\/www.lafarga.com\/corporatiu\/mas-de-18-000-visitantes-en-el-regreso-de-creativa-barcelona\/"},"author":{"name":"\u00d2scar Milla","@id":"https:\/\/www.lafarga.com\/corporatiu\/#\/schema\/person\/70d96fe17d0da1a9c9e80d232bdbcf33"},"headline":"M\u00e1s de 18.000 visitantes en el regreso de Creativa Barcelona","datePublished":"2022-11-14T12:29:19+00:00","dateModified":"2022-11-14T12:29:20+00:00","mainEntityOfPage":{"@id":"https:\/\/www.lafarga.com\/corporatiu\/mas-de-18-000-visitantes-en-el-regreso-de-creativa-barcelona\/"},"wordCount":491,"publisher":{"@id":"https:\/\/www.lafarga.com\/corporatiu\/#organization"},"image":{"@id":"https:\/\/www.lafarga.com\/corporatiu\/mas-de-18-000-visitantes-en-el-regreso-de-creativa-barcelona\/#primaryimage"},"thumbnailUrl":"https:\/\/www.lafarga.com\/corporatiu\/wp-content\/uploads\/2022\/11\/Creativa-Farga2022.png","articleSection":["Centro de Actividades"],"inLanguage":"ca"},{"@type":"WebPage","@id":"https:\/\/www.lafarga.com\/corporatiu\/mas-de-18-000-visitantes-en-el-regreso-de-creativa-barcelona\/","url":"https:\/\/www.lafarga.com\/corporatiu\/mas-de-18-000-visitantes-en-el-regreso-de-creativa-barcelona\/","name":"M\u00e1s de 18.000 visitantes en el regreso de Creativa Barcelona - La Farga Gesti\u00f3n de Equipamientos Municipales, S.A.","isPartOf":{"@id":"https:\/\/www.lafarga.com\/corporatiu\/#website"},"primaryImageOfPage":{"@id":"https:\/\/www.lafarga.com\/corporatiu\/mas-de-18-000-visitantes-en-el-regreso-de-creativa-barcelona\/#primaryimage"},"image":{"@id":"https:\/\/www.lafarga.com\/corporatiu\/mas-de-18-000-visitantes-en-el-regreso-de-creativa-barcelona\/#primaryimage"},"thumbnailUrl":"https:\/\/www.lafarga.com\/corporatiu\/wp-content\/uploads\/2022\/11\/Creativa-Farga2022.png","datePublished":"2022-11-14T12:29:19+00:00","dateModified":"2022-11-14T12:29:20+00:00","description":"M\u00e9s de 18.000 persones han passat pel retorn de Creativa Barcelona 2022, el\u00a0Sal\u00f3 de les Manualitats i Artesanies, l\u00edder del sector.","breadcrumb":{"@id":"https:\/\/www.lafarga.com\/corporatiu\/mas-de-18-000-visitantes-en-el-regreso-de-creativa-barcelona\/#breadcrumb"},"inLanguage":"ca","potentialAction":[{"@type":"ReadAction","target":["https:\/\/www.lafarga.com\/corporatiu\/mas-de-18-000-visitantes-en-el-regreso-de-creativa-barcelona\/"]}]},{"@type":"ImageObject","inLanguage":"ca","@id":"https:\/\/www.lafarga.com\/corporatiu\/mas-de-18-000-visitantes-en-el-regreso-de-creativa-barcelona\/#primaryimage","url":"https:\/\/www.lafarga.com\/corporatiu\/wp-content\/uploads\/2022\/11\/Creativa-Farga2022.png","contentUrl":"https:\/\/www.lafarga.com\/corporatiu\/wp-content\/uploads\/2022\/11\/Creativa-Farga2022.png","width":730,"height":410,"caption":"Retorn Creativa"},{"@type":"BreadcrumbList","@id":"https:\/\/www.lafarga.com\/corporatiu\/mas-de-18-000-visitantes-en-el-regreso-de-creativa-barcelona\/#breadcrumb","itemListElement":[{"@type":"ListItem","position":1,"name":"Home","item":"https:\/\/www.lafarga.com\/corporatiu\/lafarga-hospitalet-llobregat\/"},{"@type":"ListItem","position":2,"name":"M\u00e1s de 18.000 visitantes en el regreso de Creativa Barcelona"}]},{"@type":"WebSite","@id":"https:\/\/www.lafarga.com\/corporatiu\/#website","url":"https:\/\/www.lafarga.com\/corporatiu\/","name":"La Farga Gesti\u00f3 d&#039;Equipaments Municipals, SA","description":"","publisher":{"@id":"https:\/\/www.lafarga.com\/corporatiu\/#organization"},"potentialAction":[{"@type":"SearchAction","target":{"@type":"EntryPoint","urlTemplate":"https:\/\/www.lafarga.com\/corporatiu\/?s={search_term_string}"},"query-input":{"@type":"PropertyValueSpecification","valueRequired":true,"valueName":"search_term_string"}}],"inLanguage":"ca"},{"@type":"Organization","@id":"https:\/\/www.lafarga.com\/corporatiu\/#organization","name":"La Farga Gesti\u00f3 d&#039;Equipaments Municipals, SA","url":"https:\/\/www.lafarga.com\/corporatiu\/","logo":{"@type":"ImageObject","inLanguage":"ca","@id":"https:\/\/www.lafarga.com\/corporatiu\/#\/schema\/logo\/image\/","url":"https:\/\/www.lafarga.com\/corporatiu\/wp-content\/uploads\/2023\/11\/logotipo_lafarga_gemsa.svg","contentUrl":"https:\/\/www.lafarga.com\/corporatiu\/wp-content\/uploads\/2023\/11\/logotipo_lafarga_gemsa.svg","width":102,"height":103,"caption":"La Farga Gesti\u00f3 d&#039;Equipaments Municipals, SA"},"image":{"@id":"https:\/\/www.lafarga.com\/corporatiu\/#\/schema\/logo\/image\/"}},{"@type":"Person","@id":"https:\/\/www.lafarga.com\/corporatiu\/#\/schema\/person\/70d96fe17d0da1a9c9e80d232bdbcf33","name":"\u00d2scar Milla","image":{"@type":"ImageObject","inLanguage":"ca","@id":"https:\/\/secure.gravatar.com\/avatar\/92e75d184f9d5e0e403bd4ad075b080ad258344ddc259adddb579f6a3ba6494f?s=96&d=mm&r=g","url":"https:\/\/secure.gravatar.com\/avatar\/92e75d184f9d5e0e403bd4ad075b080ad258344ddc259adddb579f6a3ba6494f?s=96&d=mm&r=g","contentUrl":"https:\/\/secure.gravatar.com\/avatar\/92e75d184f9d5e0e403bd4ad075b080ad258344ddc259adddb579f6a3ba6494f?s=96&d=mm&r=g","caption":"\u00d2scar Milla"},"url":"https:\/\/www.lafarga.com\/corporatiu\/author\/omilla\/"}]}},"uagb_featured_image_src":{"full":["https:\/\/www.lafarga.com\/corporatiu\/wp-content\/uploads\/2022\/11\/Creativa-Farga2022.png",730,410,false],"thumbnail":["https:\/\/www.lafarga.com\/corporatiu\/wp-content\/uploads\/2022\/11\/Creativa-Farga2022-150x150.png",150,150,true],"medium":["https:\/\/www.lafarga.com\/corporatiu\/wp-content\/uploads\/2022\/11\/Creativa-Farga2022-300x168.png",300,168,true],"medium_large":["https:\/\/www.lafarga.com\/corporatiu\/wp-content\/uploads\/2022\/11\/Creativa-Farga2022.png",730,410,false],"large":["https:\/\/www.lafarga.com\/corporatiu\/wp-content\/uploads\/2022\/11\/Creativa-Farga2022.png",730,410,false],"1536x1536":["https:\/\/www.lafarga.com\/corporatiu\/wp-content\/uploads\/2022\/11\/Creativa-Farga2022.png",730,410,false],"2048x2048":["https:\/\/www.lafarga.com\/corporatiu\/wp-content\/uploads\/2022\/11\/Creativa-Farga2022.png",730,410,false],"mailpoet_newsletter_max":["https:\/\/www.lafarga.com\/corporatiu\/wp-content\/uploads\/2022\/11\/Creativa-Farga2022.png",730,410,false]},"uagb_author_info":{"display_name":"\u00d2scar Milla","author_link":"https:\/\/www.lafarga.com\/corporatiu\/author\/omilla\/"},"uagb_comment_info":0,"uagb_excerpt":"M\u00e1s de 18.000 personas han pasado por Creativa Barcelona 2022, el\u00a0Sal\u00f3n de las Manualidades y Artesan\u00edas, l\u00edder del sector.","_links":{"self":[{"href":"https:\/\/www.lafarga.com\/corporatiu\/wp-json\/wp\/v2\/posts\/16859","targetHints":{"allow":["GET"]}}],"collection":[{"href":"https:\/\/www.lafarga.com\/corporatiu\/wp-json\/wp\/v2\/posts"}],"about":[{"href":"https:\/\/www.lafarga.com\/corporatiu\/wp-json\/wp\/v2\/types\/post"}],"author":[{"embeddable":true,"href":"https:\/\/www.lafarga.com\/corporatiu\/wp-json\/wp\/v2\/users\/5"}],"replies":[{"embeddable":true,"href":"https:\/\/www.lafarga.com\/corporatiu\/wp-json\/wp\/v2\/comments?post=16859"}],"version-history":[{"count":1,"href":"https:\/\/www.lafarga.com\/corporatiu\/wp-json\/wp\/v2\/posts\/16859\/revisions"}],"predecessor-version":[{"id":16860,"href":"https:\/\/www.lafarga.com\/corporatiu\/wp-json\/wp\/v2\/posts\/16859\/revisions\/16860"}],"wp:featuredmedia":[{"embeddable":true,"href":"https:\/\/www.lafarga.com\/corporatiu\/wp-json\/wp\/v2\/media\/16857"}],"wp:attachment":[{"href":"https:\/\/www.lafarga.com\/corporatiu\/wp-json\/wp\/v2\/media?parent=16859"}],"wp:term":[{"taxonomy":"category","embeddable":true,"href":"https:\/\/www.lafarga.com\/corporatiu\/wp-json\/wp\/v2\/categories?post=16859"},{"taxonomy":"post_tag","embeddable":true,"href":"https:\/\/www.lafarga.com\/corporatiu\/wp-json\/wp\/v2\/tags?post=16859"}],"curies":[{"name":"wp","href":"https:\/\/api.w.org\/{rel}","templated":true}]}}