{"id":16855,"date":"2022-11-14T12:24:09","date_gmt":"2022-11-14T12:24:09","guid":{"rendered":"http:\/\/www.lafarga.com\/corporatiu\/?p=16855"},"modified":"2022-11-14T12:24:09","modified_gmt":"2022-11-14T12:24:09","slug":"mes-de-18-000-visitants-en-el-retorn-de-creativa-barcelona","status":"publish","type":"post","link":"https:\/\/www.lafarga.com\/corporatiu\/mes-de-18-000-visitants-en-el-retorn-de-creativa-barcelona\/","title":{"rendered":"M\u00e9s de 18.000 visitants en el retorn de Creativa Barcelona"},"content":{"rendered":"<p>[vc_row][vc_column][vc_column_text]<\/p>\r\n<p>M\u00e9s de 18.000 persones han passat per<strong>\u00a0<\/strong>Creativa Barcelona 2022, el\u00a0<strong><a href=\"https:\/\/creativabarcelona.com\/ca\/\" target=\"_blank\" rel=\"noreferrer noopener\">Sal\u00f3 de les Manualitats i Artesanies<\/a><\/strong>, l\u00edder del sector. Xifres que venen a demostrar que tant professionals com aficionats tenien moltes ganes de retrobar-se, despr\u00e9s de diversos anys d\u2019aturada a causa de la pand\u00e8mia (l\u2019\u00faltima edici\u00f3 es va celebrar en 2919).<\/p>\r\n\r\n<p><strong><a href=\"https:\/\/www.lafarga.com\/corporatiu\/es-presenta-el-renovat-salo-creativa\/\" target=\"_blank\" rel=\"noopener\">La Farga de L\u2019Hospitalet<\/a>\u00a0<\/strong>ha acollit el retorn d\u2019aquest sal\u00f3, que s\u2019ha caracteritzat per la seva gran oferta de productes -de totes les t\u00e8cniques i estils- aix\u00ed com la gran varietat i quantitat de tallers i activitats, molts d\u2019ells inspirats en les artesanies japoneses, no en va, el Jap\u00f3 ha estat pa\u00eds convidat.<\/p>\r\n\r\n<p>Han estat quatre dies d\u2019activitat fren\u00e8tica on s\u2019ha demostrat que les manualitats, les artesanies i el \u201cmoviment do it yourself\u201d est\u00e0 m\u00e9s de moda que mai, com ho han demostrat l\u2019aforament complet dels m\u00e9s de 250 tallers i activitats que s\u2019han celebrat durant aquests quatre dies, en els quals han participat m\u00e9s de 6.000 aficionades a tota mena de manualitats i artesanies.<\/p>\r\n\r\n<p>I \u00e9s que el certamen ha donat cabuda a tots els vessants de les manualitats, des de les m\u00e9s tradicionals a les m\u00e9s avantguardes. Granadures, embuatat, aquarel\u00b7la, brodat, costura creativa, decoupage, escultura, estampaci\u00f3, ganxet, llanes, fils i cot\u00f3, lettering, macram\u00e9, papiroflexia, fotografia creativa, patchwork, punt de creu, quilling, scrapbook\u2026 I tot aix\u00f2 pensat per a tots els p\u00fablics, fins i tot per als m\u00e9s petits de la casa, que han tingut un espai exclusiu en Creativa Kids.<\/p>\r\n\r\n<p>Entre les nombroses activitats celebrades en Creativa Barcelona 2022, i com a novetat en aquesta edici\u00f3, el dissabte es va celebrar l\u2019homenatge a Jordi Cruz P\u00e9rez, amb motiu del 25 aniversari de la primera emissi\u00f3 d\u2019\u201cArt Attack\u201d.<\/p>\r\n\r\n<p>&nbsp;<\/p>\r\n\r\n<h5 class=\"wp-block-heading\">Un sector amb 5 milions d\u2019aficionats<\/h5>\r\n\r\n<p>El sector de les manualitats i artesanies est\u00e0 m\u00e9s de moda que mai i no deixa de cr\u00e9ixer, sent ja m\u00e9s de 5 milions de persones a Espanya les que realitzen alguna manualitat a casa. Principalment, el 90%, s\u00f3n dones d\u2019entre 35 i 65 anys, per aix\u00f2, Creativa Barcelona 2022, en el seu retorn, ha apostat enguany per oferir un certamen inclusiu, obert a tots i a totes, per a demostrar que el \u201cDo It yourself\u201d no \u00e9s nom\u00e9s per a elles.<\/p>\r\n\r\n<p>Perqu\u00e8, fins i tot, les manualitats i les artesanies, a m\u00e9s, poden representar la sortida laboral per a molts. Les xifres aix\u00ed ho demostren: la facturaci\u00f3 aconsegueix uns 1.200 milions d\u2019euros anuals, en un sector compost per m\u00e9s de 7.000 empreses, la gran majoria petites botigues encara que van creixent les botigues en l\u00ednia (el 98% s\u00f3n micro empreses de menys de 3 treballadors). I s\u00f3n m\u00e9s de 25.000 els treballadors a Espanya els que viuen del sector.<\/p>\r\n<p>[\/vc_column_text][\/vc_column][\/vc_row]<\/p>","protected":false},"excerpt":{"rendered":"<p>M\u00e9s de 18.000 persones han passat per\u00a0Creativa Barcelona 2022, el\u00a0Sal\u00f3 de les Manualitats i Artesanies, l\u00edder del sector.<\/p>\n","protected":false},"author":5,"featured_media":16857,"comment_status":"closed","ping_status":"closed","sticky":false,"template":"","format":"standard","meta":{"inline_featured_image":false,"_uag_custom_page_level_css":"","_monsterinsights_skip_tracking":false,"_monsterinsights_sitenote_active":false,"_monsterinsights_sitenote_note":"","_monsterinsights_sitenote_category":0,"site-sidebar-layout":"default","site-content-layout":"","ast-site-content-layout":"default","site-content-style":"default","site-sidebar-style":"default","ast-global-header-display":"","ast-banner-title-visibility":"","ast-main-header-display":"","ast-hfb-above-header-display":"","ast-hfb-below-header-display":"","ast-hfb-mobile-header-display":"","site-post-title":"","ast-breadcrumbs-content":"","ast-featured-img":"","footer-sml-layout":"","ast-disable-related-posts":"","theme-transparent-header-meta":"","adv-header-id-meta":"","stick-header-meta":"","header-above-stick-meta":"","header-main-stick-meta":"","header-below-stick-meta":"","astra-migrate-meta-layouts":"default","ast-page-background-enabled":"default","ast-page-background-meta":{"desktop":{"background-color":"var(--ast-global-color-4)","background-image":"","background-repeat":"repeat","background-position":"center center","background-size":"auto","background-attachment":"scroll","background-type":"","background-media":"","overlay-type":"","overlay-color":"","overlay-opacity":"","overlay-gradient":""},"tablet":{"background-color":"","background-image":"","background-repeat":"repeat","background-position":"center center","background-size":"auto","background-attachment":"scroll","background-type":"","background-media":"","overlay-type":"","overlay-color":"","overlay-opacity":"","overlay-gradient":""},"mobile":{"background-color":"","background-image":"","background-repeat":"repeat","background-position":"center center","background-size":"auto","background-attachment":"scroll","background-type":"","background-media":"","overlay-type":"","overlay-color":"","overlay-opacity":"","overlay-gradient":""}},"ast-content-background-meta":{"desktop":{"background-color":"var(--ast-global-color-5)","background-image":"","background-repeat":"repeat","background-position":"center center","background-size":"auto","background-attachment":"scroll","background-type":"","background-media":"","overlay-type":"","overlay-color":"","overlay-opacity":"","overlay-gradient":""},"tablet":{"background-color":"var(--ast-global-color-5)","background-image":"","background-repeat":"repeat","background-position":"center center","background-size":"auto","background-attachment":"scroll","background-type":"","background-media":"","overlay-type":"","overlay-color":"","overlay-opacity":"","overlay-gradient":""},"mobile":{"background-color":"var(--ast-global-color-5)","background-image":"","background-repeat":"repeat","background-position":"center center","background-size":"auto","background-attachment":"scroll","background-type":"","background-media":"","overlay-type":"","overlay-color":"","overlay-opacity":"","overlay-gradient":""}},"footnotes":""},"categories":[49],"tags":[],"class_list":["post-16855","post","type-post","status-publish","format-standard","has-post-thumbnail","hentry","category-centre-activitats"],"yoast_head":"<!-- This site is optimized with the Yoast SEO plugin v27.5 - https:\/\/yoast.com\/product\/yoast-seo-wordpress\/ -->\n<title>M\u00e9s de 18.000 visitants en el retorn de Creativa Barcelona - La Farga Gesti\u00f3n de Equipamientos Municipales, S.A.<\/title>\n<meta name=\"description\" content=\"M\u00e9s de 18.000 persones han passat pel retorn de Creativa Barcelona 2022, el\u00a0Sal\u00f3 de les Manualitats i Artesanies, l\u00edder del sector.\" \/>\n<meta name=\"robots\" content=\"index, follow, max-snippet:-1, max-image-preview:large, max-video-preview:-1\" \/>\n<link rel=\"canonical\" href=\"https:\/\/www.lafarga.com\/corporatiu\/mes-de-18-000-visitants-en-el-retorn-de-creativa-barcelona\/\" \/>\n<meta property=\"og:locale\" content=\"ca_ES\" \/>\n<meta property=\"og:type\" content=\"article\" \/>\n<meta property=\"og:title\" content=\"M\u00e9s de 18.000 visitants en el retorn de Creativa Barcelona - La Farga Gesti\u00f3n de Equipamientos Municipales, S.A.\" \/>\n<meta property=\"og:description\" content=\"M\u00e9s de 18.000 persones han passat pel retorn de Creativa Barcelona 2022, el\u00a0Sal\u00f3 de les Manualitats i Artesanies, l\u00edder del sector.\" \/>\n<meta property=\"og:url\" content=\"https:\/\/www.lafarga.com\/corporatiu\/mes-de-18-000-visitants-en-el-retorn-de-creativa-barcelona\/\" \/>\n<meta property=\"og:site_name\" content=\"La Farga Gesti\u00f3n de Equipamientos Municipales, S.A.\" \/>\n<meta property=\"article:published_time\" content=\"2022-11-14T12:24:09+00:00\" \/>\n<meta property=\"og:image\" content=\"https:\/\/www.lafarga.com\/corporatiu\/wp-content\/uploads\/2022\/11\/Creativa-Farga2022.png\" \/>\n\t<meta property=\"og:image:width\" content=\"730\" \/>\n\t<meta property=\"og:image:height\" content=\"410\" \/>\n\t<meta property=\"og:image:type\" content=\"image\/png\" \/>\n<meta name=\"author\" content=\"\u00d2scar Milla\" \/>\n<meta name=\"twitter:label1\" content=\"Escrit per\" \/>\n\t<meta name=\"twitter:data1\" content=\"\u00d2scar Milla\" \/>\n\t<meta name=\"twitter:label2\" content=\"Temps estimat de lectura\" \/>\n\t<meta name=\"twitter:data2\" content=\"3 minuts\" \/>\n<script type=\"application\/ld+json\" class=\"yoast-schema-graph\">{\"@context\":\"https:\\\/\\\/schema.org\",\"@graph\":[{\"@type\":\"Article\",\"@id\":\"https:\\\/\\\/www.lafarga.com\\\/corporatiu\\\/mes-de-18-000-visitants-en-el-retorn-de-creativa-barcelona\\\/#article\",\"isPartOf\":{\"@id\":\"https:\\\/\\\/www.lafarga.com\\\/corporatiu\\\/mes-de-18-000-visitants-en-el-retorn-de-creativa-barcelona\\\/\"},\"author\":{\"name\":\"\u00d2scar Milla\",\"@id\":\"https:\\\/\\\/www.lafarga.com\\\/corporatiu\\\/#\\\/schema\\\/person\\\/70d96fe17d0da1a9c9e80d232bdbcf33\"},\"headline\":\"M\u00e9s de 18.000 visitants en el retorn de Creativa Barcelona\",\"datePublished\":\"2022-11-14T12:24:09+00:00\",\"mainEntityOfPage\":{\"@id\":\"https:\\\/\\\/www.lafarga.com\\\/corporatiu\\\/mes-de-18-000-visitants-en-el-retorn-de-creativa-barcelona\\\/\"},\"wordCount\":496,\"publisher\":{\"@id\":\"https:\\\/\\\/www.lafarga.com\\\/corporatiu\\\/#organization\"},\"image\":{\"@id\":\"https:\\\/\\\/www.lafarga.com\\\/corporatiu\\\/mes-de-18-000-visitants-en-el-retorn-de-creativa-barcelona\\\/#primaryimage\"},\"thumbnailUrl\":\"https:\\\/\\\/www.lafarga.com\\\/corporatiu\\\/wp-content\\\/uploads\\\/2022\\\/11\\\/Creativa-Farga2022.png\",\"articleSection\":[\"Centre d'Activitats\"],\"inLanguage\":\"ca\"},{\"@type\":\"WebPage\",\"@id\":\"https:\\\/\\\/www.lafarga.com\\\/corporatiu\\\/mes-de-18-000-visitants-en-el-retorn-de-creativa-barcelona\\\/\",\"url\":\"https:\\\/\\\/www.lafarga.com\\\/corporatiu\\\/mes-de-18-000-visitants-en-el-retorn-de-creativa-barcelona\\\/\",\"name\":\"M\u00e9s de 18.000 visitants en el retorn de Creativa Barcelona - La Farga Gesti\u00f3n de Equipamientos Municipales, S.A.\",\"isPartOf\":{\"@id\":\"https:\\\/\\\/www.lafarga.com\\\/corporatiu\\\/#website\"},\"primaryImageOfPage\":{\"@id\":\"https:\\\/\\\/www.lafarga.com\\\/corporatiu\\\/mes-de-18-000-visitants-en-el-retorn-de-creativa-barcelona\\\/#primaryimage\"},\"image\":{\"@id\":\"https:\\\/\\\/www.lafarga.com\\\/corporatiu\\\/mes-de-18-000-visitants-en-el-retorn-de-creativa-barcelona\\\/#primaryimage\"},\"thumbnailUrl\":\"https:\\\/\\\/www.lafarga.com\\\/corporatiu\\\/wp-content\\\/uploads\\\/2022\\\/11\\\/Creativa-Farga2022.png\",\"datePublished\":\"2022-11-14T12:24:09+00:00\",\"description\":\"M\u00e9s de 18.000 persones han passat pel retorn de Creativa Barcelona 2022, el\u00a0Sal\u00f3 de les Manualitats i Artesanies, l\u00edder del sector.\",\"breadcrumb\":{\"@id\":\"https:\\\/\\\/www.lafarga.com\\\/corporatiu\\\/mes-de-18-000-visitants-en-el-retorn-de-creativa-barcelona\\\/#breadcrumb\"},\"inLanguage\":\"ca\",\"potentialAction\":[{\"@type\":\"ReadAction\",\"target\":[\"https:\\\/\\\/www.lafarga.com\\\/corporatiu\\\/mes-de-18-000-visitants-en-el-retorn-de-creativa-barcelona\\\/\"]}]},{\"@type\":\"ImageObject\",\"inLanguage\":\"ca\",\"@id\":\"https:\\\/\\\/www.lafarga.com\\\/corporatiu\\\/mes-de-18-000-visitants-en-el-retorn-de-creativa-barcelona\\\/#primaryimage\",\"url\":\"https:\\\/\\\/www.lafarga.com\\\/corporatiu\\\/wp-content\\\/uploads\\\/2022\\\/11\\\/Creativa-Farga2022.png\",\"contentUrl\":\"https:\\\/\\\/www.lafarga.com\\\/corporatiu\\\/wp-content\\\/uploads\\\/2022\\\/11\\\/Creativa-Farga2022.png\",\"width\":730,\"height\":410,\"caption\":\"Retorn Creativa\"},{\"@type\":\"BreadcrumbList\",\"@id\":\"https:\\\/\\\/www.lafarga.com\\\/corporatiu\\\/mes-de-18-000-visitants-en-el-retorn-de-creativa-barcelona\\\/#breadcrumb\",\"itemListElement\":[{\"@type\":\"ListItem\",\"position\":1,\"name\":\"Home\",\"item\":\"https:\\\/\\\/www.lafarga.com\\\/corporatiu\\\/lafarga-hospitalet-llobregat\\\/\"},{\"@type\":\"ListItem\",\"position\":2,\"name\":\"M\u00e9s de 18.000 visitants en el retorn de Creativa Barcelona\"}]},{\"@type\":\"WebSite\",\"@id\":\"https:\\\/\\\/www.lafarga.com\\\/corporatiu\\\/#website\",\"url\":\"https:\\\/\\\/www.lafarga.com\\\/corporatiu\\\/\",\"name\":\"La Farga Gesti\u00f3 d&#039;Equipaments Municipals, SA\",\"description\":\"\",\"publisher\":{\"@id\":\"https:\\\/\\\/www.lafarga.com\\\/corporatiu\\\/#organization\"},\"potentialAction\":[{\"@type\":\"SearchAction\",\"target\":{\"@type\":\"EntryPoint\",\"urlTemplate\":\"https:\\\/\\\/www.lafarga.com\\\/corporatiu\\\/?s={search_term_string}\"},\"query-input\":{\"@type\":\"PropertyValueSpecification\",\"valueRequired\":true,\"valueName\":\"search_term_string\"}}],\"inLanguage\":\"ca\"},{\"@type\":\"Organization\",\"@id\":\"https:\\\/\\\/www.lafarga.com\\\/corporatiu\\\/#organization\",\"name\":\"La Farga Gesti\u00f3 d&#039;Equipaments Municipals, SA\",\"url\":\"https:\\\/\\\/www.lafarga.com\\\/corporatiu\\\/\",\"logo\":{\"@type\":\"ImageObject\",\"inLanguage\":\"ca\",\"@id\":\"https:\\\/\\\/www.lafarga.com\\\/corporatiu\\\/#\\\/schema\\\/logo\\\/image\\\/\",\"url\":\"https:\\\/\\\/www.lafarga.com\\\/corporatiu\\\/wp-content\\\/uploads\\\/2023\\\/11\\\/logotipo_lafarga_gemsa.svg\",\"contentUrl\":\"https:\\\/\\\/www.lafarga.com\\\/corporatiu\\\/wp-content\\\/uploads\\\/2023\\\/11\\\/logotipo_lafarga_gemsa.svg\",\"width\":102,\"height\":103,\"caption\":\"La Farga Gesti\u00f3 d&#039;Equipaments Municipals, SA\"},\"image\":{\"@id\":\"https:\\\/\\\/www.lafarga.com\\\/corporatiu\\\/#\\\/schema\\\/logo\\\/image\\\/\"}},{\"@type\":\"Person\",\"@id\":\"https:\\\/\\\/www.lafarga.com\\\/corporatiu\\\/#\\\/schema\\\/person\\\/70d96fe17d0da1a9c9e80d232bdbcf33\",\"name\":\"\u00d2scar Milla\",\"image\":{\"@type\":\"ImageObject\",\"inLanguage\":\"ca\",\"@id\":\"https:\\\/\\\/secure.gravatar.com\\\/avatar\\\/92e75d184f9d5e0e403bd4ad075b080ad258344ddc259adddb579f6a3ba6494f?s=96&d=mm&r=g\",\"url\":\"https:\\\/\\\/secure.gravatar.com\\\/avatar\\\/92e75d184f9d5e0e403bd4ad075b080ad258344ddc259adddb579f6a3ba6494f?s=96&d=mm&r=g\",\"contentUrl\":\"https:\\\/\\\/secure.gravatar.com\\\/avatar\\\/92e75d184f9d5e0e403bd4ad075b080ad258344ddc259adddb579f6a3ba6494f?s=96&d=mm&r=g\",\"caption\":\"\u00d2scar Milla\"},\"url\":\"https:\\\/\\\/www.lafarga.com\\\/corporatiu\\\/author\\\/omilla\\\/\"}]}<\/script>\n<!-- \/ Yoast SEO plugin. -->","yoast_head_json":{"title":"M\u00e9s de 18.000 visitants en el retorn de Creativa Barcelona - La Farga Gesti\u00f3n de Equipamientos Municipales, S.A.","description":"M\u00e9s de 18.000 persones han passat pel retorn de Creativa Barcelona 2022, el\u00a0Sal\u00f3 de les Manualitats i Artesanies, l\u00edder del sector.","robots":{"index":"index","follow":"follow","max-snippet":"max-snippet:-1","max-image-preview":"max-image-preview:large","max-video-preview":"max-video-preview:-1"},"canonical":"https:\/\/www.lafarga.com\/corporatiu\/mes-de-18-000-visitants-en-el-retorn-de-creativa-barcelona\/","og_locale":"ca_ES","og_type":"article","og_title":"M\u00e9s de 18.000 visitants en el retorn de Creativa Barcelona - La Farga Gesti\u00f3n de Equipamientos Municipales, S.A.","og_description":"M\u00e9s de 18.000 persones han passat pel retorn de Creativa Barcelona 2022, el\u00a0Sal\u00f3 de les Manualitats i Artesanies, l\u00edder del sector.","og_url":"https:\/\/www.lafarga.com\/corporatiu\/mes-de-18-000-visitants-en-el-retorn-de-creativa-barcelona\/","og_site_name":"La Farga Gesti\u00f3n de Equipamientos Municipales, S.A.","article_published_time":"2022-11-14T12:24:09+00:00","og_image":[{"width":730,"height":410,"url":"https:\/\/www.lafarga.com\/corporatiu\/wp-content\/uploads\/2022\/11\/Creativa-Farga2022.png","type":"image\/png"}],"author":"\u00d2scar Milla","twitter_misc":{"Escrit per":"\u00d2scar Milla","Temps estimat de lectura":"3 minuts"},"schema":{"@context":"https:\/\/schema.org","@graph":[{"@type":"Article","@id":"https:\/\/www.lafarga.com\/corporatiu\/mes-de-18-000-visitants-en-el-retorn-de-creativa-barcelona\/#article","isPartOf":{"@id":"https:\/\/www.lafarga.com\/corporatiu\/mes-de-18-000-visitants-en-el-retorn-de-creativa-barcelona\/"},"author":{"name":"\u00d2scar Milla","@id":"https:\/\/www.lafarga.com\/corporatiu\/#\/schema\/person\/70d96fe17d0da1a9c9e80d232bdbcf33"},"headline":"M\u00e9s de 18.000 visitants en el retorn de Creativa Barcelona","datePublished":"2022-11-14T12:24:09+00:00","mainEntityOfPage":{"@id":"https:\/\/www.lafarga.com\/corporatiu\/mes-de-18-000-visitants-en-el-retorn-de-creativa-barcelona\/"},"wordCount":496,"publisher":{"@id":"https:\/\/www.lafarga.com\/corporatiu\/#organization"},"image":{"@id":"https:\/\/www.lafarga.com\/corporatiu\/mes-de-18-000-visitants-en-el-retorn-de-creativa-barcelona\/#primaryimage"},"thumbnailUrl":"https:\/\/www.lafarga.com\/corporatiu\/wp-content\/uploads\/2022\/11\/Creativa-Farga2022.png","articleSection":["Centre d'Activitats"],"inLanguage":"ca"},{"@type":"WebPage","@id":"https:\/\/www.lafarga.com\/corporatiu\/mes-de-18-000-visitants-en-el-retorn-de-creativa-barcelona\/","url":"https:\/\/www.lafarga.com\/corporatiu\/mes-de-18-000-visitants-en-el-retorn-de-creativa-barcelona\/","name":"M\u00e9s de 18.000 visitants en el retorn de Creativa Barcelona - La Farga Gesti\u00f3n de Equipamientos Municipales, S.A.","isPartOf":{"@id":"https:\/\/www.lafarga.com\/corporatiu\/#website"},"primaryImageOfPage":{"@id":"https:\/\/www.lafarga.com\/corporatiu\/mes-de-18-000-visitants-en-el-retorn-de-creativa-barcelona\/#primaryimage"},"image":{"@id":"https:\/\/www.lafarga.com\/corporatiu\/mes-de-18-000-visitants-en-el-retorn-de-creativa-barcelona\/#primaryimage"},"thumbnailUrl":"https:\/\/www.lafarga.com\/corporatiu\/wp-content\/uploads\/2022\/11\/Creativa-Farga2022.png","datePublished":"2022-11-14T12:24:09+00:00","description":"M\u00e9s de 18.000 persones han passat pel retorn de Creativa Barcelona 2022, el\u00a0Sal\u00f3 de les Manualitats i Artesanies, l\u00edder del sector.","breadcrumb":{"@id":"https:\/\/www.lafarga.com\/corporatiu\/mes-de-18-000-visitants-en-el-retorn-de-creativa-barcelona\/#breadcrumb"},"inLanguage":"ca","potentialAction":[{"@type":"ReadAction","target":["https:\/\/www.lafarga.com\/corporatiu\/mes-de-18-000-visitants-en-el-retorn-de-creativa-barcelona\/"]}]},{"@type":"ImageObject","inLanguage":"ca","@id":"https:\/\/www.lafarga.com\/corporatiu\/mes-de-18-000-visitants-en-el-retorn-de-creativa-barcelona\/#primaryimage","url":"https:\/\/www.lafarga.com\/corporatiu\/wp-content\/uploads\/2022\/11\/Creativa-Farga2022.png","contentUrl":"https:\/\/www.lafarga.com\/corporatiu\/wp-content\/uploads\/2022\/11\/Creativa-Farga2022.png","width":730,"height":410,"caption":"Retorn Creativa"},{"@type":"BreadcrumbList","@id":"https:\/\/www.lafarga.com\/corporatiu\/mes-de-18-000-visitants-en-el-retorn-de-creativa-barcelona\/#breadcrumb","itemListElement":[{"@type":"ListItem","position":1,"name":"Home","item":"https:\/\/www.lafarga.com\/corporatiu\/lafarga-hospitalet-llobregat\/"},{"@type":"ListItem","position":2,"name":"M\u00e9s de 18.000 visitants en el retorn de Creativa Barcelona"}]},{"@type":"WebSite","@id":"https:\/\/www.lafarga.com\/corporatiu\/#website","url":"https:\/\/www.lafarga.com\/corporatiu\/","name":"La Farga Gesti\u00f3 d&#039;Equipaments Municipals, SA","description":"","publisher":{"@id":"https:\/\/www.lafarga.com\/corporatiu\/#organization"},"potentialAction":[{"@type":"SearchAction","target":{"@type":"EntryPoint","urlTemplate":"https:\/\/www.lafarga.com\/corporatiu\/?s={search_term_string}"},"query-input":{"@type":"PropertyValueSpecification","valueRequired":true,"valueName":"search_term_string"}}],"inLanguage":"ca"},{"@type":"Organization","@id":"https:\/\/www.lafarga.com\/corporatiu\/#organization","name":"La Farga Gesti\u00f3 d&#039;Equipaments Municipals, SA","url":"https:\/\/www.lafarga.com\/corporatiu\/","logo":{"@type":"ImageObject","inLanguage":"ca","@id":"https:\/\/www.lafarga.com\/corporatiu\/#\/schema\/logo\/image\/","url":"https:\/\/www.lafarga.com\/corporatiu\/wp-content\/uploads\/2023\/11\/logotipo_lafarga_gemsa.svg","contentUrl":"https:\/\/www.lafarga.com\/corporatiu\/wp-content\/uploads\/2023\/11\/logotipo_lafarga_gemsa.svg","width":102,"height":103,"caption":"La Farga Gesti\u00f3 d&#039;Equipaments Municipals, SA"},"image":{"@id":"https:\/\/www.lafarga.com\/corporatiu\/#\/schema\/logo\/image\/"}},{"@type":"Person","@id":"https:\/\/www.lafarga.com\/corporatiu\/#\/schema\/person\/70d96fe17d0da1a9c9e80d232bdbcf33","name":"\u00d2scar Milla","image":{"@type":"ImageObject","inLanguage":"ca","@id":"https:\/\/secure.gravatar.com\/avatar\/92e75d184f9d5e0e403bd4ad075b080ad258344ddc259adddb579f6a3ba6494f?s=96&d=mm&r=g","url":"https:\/\/secure.gravatar.com\/avatar\/92e75d184f9d5e0e403bd4ad075b080ad258344ddc259adddb579f6a3ba6494f?s=96&d=mm&r=g","contentUrl":"https:\/\/secure.gravatar.com\/avatar\/92e75d184f9d5e0e403bd4ad075b080ad258344ddc259adddb579f6a3ba6494f?s=96&d=mm&r=g","caption":"\u00d2scar Milla"},"url":"https:\/\/www.lafarga.com\/corporatiu\/author\/omilla\/"}]}},"uagb_featured_image_src":{"full":["https:\/\/www.lafarga.com\/corporatiu\/wp-content\/uploads\/2022\/11\/Creativa-Farga2022.png",730,410,false],"thumbnail":["https:\/\/www.lafarga.com\/corporatiu\/wp-content\/uploads\/2022\/11\/Creativa-Farga2022-150x150.png",150,150,true],"medium":["https:\/\/www.lafarga.com\/corporatiu\/wp-content\/uploads\/2022\/11\/Creativa-Farga2022-300x168.png",300,168,true],"medium_large":["https:\/\/www.lafarga.com\/corporatiu\/wp-content\/uploads\/2022\/11\/Creativa-Farga2022.png",730,410,false],"large":["https:\/\/www.lafarga.com\/corporatiu\/wp-content\/uploads\/2022\/11\/Creativa-Farga2022.png",730,410,false],"1536x1536":["https:\/\/www.lafarga.com\/corporatiu\/wp-content\/uploads\/2022\/11\/Creativa-Farga2022.png",730,410,false],"2048x2048":["https:\/\/www.lafarga.com\/corporatiu\/wp-content\/uploads\/2022\/11\/Creativa-Farga2022.png",730,410,false],"mailpoet_newsletter_max":["https:\/\/www.lafarga.com\/corporatiu\/wp-content\/uploads\/2022\/11\/Creativa-Farga2022.png",730,410,false]},"uagb_author_info":{"display_name":"\u00d2scar Milla","author_link":"https:\/\/www.lafarga.com\/corporatiu\/author\/omilla\/"},"uagb_comment_info":0,"uagb_excerpt":"M\u00e9s de 18.000 persones han passat per\u00a0Creativa Barcelona 2022, el\u00a0Sal\u00f3 de les Manualitats i Artesanies, l\u00edder del sector.","_links":{"self":[{"href":"https:\/\/www.lafarga.com\/corporatiu\/wp-json\/wp\/v2\/posts\/16855","targetHints":{"allow":["GET"]}}],"collection":[{"href":"https:\/\/www.lafarga.com\/corporatiu\/wp-json\/wp\/v2\/posts"}],"about":[{"href":"https:\/\/www.lafarga.com\/corporatiu\/wp-json\/wp\/v2\/types\/post"}],"author":[{"embeddable":true,"href":"https:\/\/www.lafarga.com\/corporatiu\/wp-json\/wp\/v2\/users\/5"}],"replies":[{"embeddable":true,"href":"https:\/\/www.lafarga.com\/corporatiu\/wp-json\/wp\/v2\/comments?post=16855"}],"version-history":[{"count":2,"href":"https:\/\/www.lafarga.com\/corporatiu\/wp-json\/wp\/v2\/posts\/16855\/revisions"}],"predecessor-version":[{"id":16858,"href":"https:\/\/www.lafarga.com\/corporatiu\/wp-json\/wp\/v2\/posts\/16855\/revisions\/16858"}],"wp:featuredmedia":[{"embeddable":true,"href":"https:\/\/www.lafarga.com\/corporatiu\/wp-json\/wp\/v2\/media\/16857"}],"wp:attachment":[{"href":"https:\/\/www.lafarga.com\/corporatiu\/wp-json\/wp\/v2\/media?parent=16855"}],"wp:term":[{"taxonomy":"category","embeddable":true,"href":"https:\/\/www.lafarga.com\/corporatiu\/wp-json\/wp\/v2\/categories?post=16855"},{"taxonomy":"post_tag","embeddable":true,"href":"https:\/\/www.lafarga.com\/corporatiu\/wp-json\/wp\/v2\/tags?post=16855"}],"curies":[{"name":"wp","href":"https:\/\/api.w.org\/{rel}","templated":true}]}}