{"id":16851,"date":"2022-11-04T09:18:54","date_gmt":"2022-11-04T09:18:54","guid":{"rendered":"http:\/\/www.lafarga.com\/corporatiu\/?p=16851"},"modified":"2022-11-04T09:23:46","modified_gmt":"2022-11-04T09:23:46","slug":"se-presenta-el-renovado-salon-creativa","status":"publish","type":"post","link":"https:\/\/www.lafarga.com\/corporatiu\/se-presenta-el-renovado-salon-creativa\/","title":{"rendered":"Se presenta el renovado Sal\u00f3n Creativa"},"content":{"rendered":"\n<h4 class=\"wp-block-heading\">La Farga de L\u2019Hospitalet recupera un exitoso sal\u00f3n, con Jap\u00f3n como pa\u00eds invitado<\/h4>\n\n\n\n<p>Todo listo para que abra sus puertas Creativa Barcelona 2022, el&nbsp;<strong><a href=\"https:\/\/creativabarcelona.com\/\" target=\"_blank\" rel=\"noreferrer noopener\">Sal\u00f3n de las Manualidades y Artesan\u00edas<\/a><\/strong>&nbsp;l\u00edder en Espa\u00f1a. Del 10 al 13 de noviembre, La Farga de L\u2019Hospitalet albergar\u00e1 un certamen que espera recibir a m\u00e1s de 18.000 visitantes y que, en esta renovada etapa, cuenta con Jap\u00f3n como pa\u00eds invitado, por lo que el Sal\u00f3n contar\u00e1 con ambientaci\u00f3n, talleres y otras actividades con sello \u201cnip\u00f3n\u201d.<\/p>\n\n\n\n<p>M\u00e1s de 150 actividades (talleres, masterclass, conferencias, exposiciones y concursos) \u201cdecorar\u00e1n\u201d un certamen que espera satisfacer las inquietudes y curiosidades de un nutrido n\u00famero de asistentes. Todxs ellxs podr\u00e1n ver un Sal\u00f3n con mucha ambientaci\u00f3n y tem\u00e1tica japonesa. De hecho, en el \u00c1rea Jap\u00f3n, se podr\u00e1n visitar las exposiciones de shod\u00f4 (caligraf\u00eda japonesa) y sumi-e, del artista Mia San; de cometas (TOKOs) y de kokedamas (una t\u00e9cnica artesanal japonesa de cultivo de plantas muy popular, con m\u00e1s de 500 a\u00f1os de antig\u00fcedad) , organizada en colaboraci\u00f3n con la Associaci\u00f3 Catalana Amics del Bonsai. Tambi\u00e9n, lxs visitantes podr\u00e1n participar en talleres de manualidades japonesas (shod\u00f4, sumi-e, shibori -te\u00f1ido de telas-, origami\u2026), organizados en colaboraci\u00f3n con el Consulado General del Jap\u00f3n en Barcelona y Petit Jap\u00f3.<\/p>\n\n\n\n<p>Pero adem\u00e1s de este toque oriental, el certamen contar\u00e1 con todas las t\u00e9cnicas y vertientes de la artesan\u00eda y las manualidades, desde las m\u00e1s tradicionales a las m\u00e1s vanguardistas. Abalorios, acolchado, acuarela, bordado, costura creativa, decoupage, escultura, estampaci\u00f3n, ganchillo, lanas, hilos y algod\u00f3n, lettering, macram\u00e9, papiroflexia, fotograf\u00eda creativa, patchwork, punto de cruz, quilling, scrapbook\u2026 Y todo ello pensado para todos los p\u00fablicos, incluso para los m\u00e1s peque\u00f1os de la casa, que tendr\u00e1n un espacio exclusivo en Creativa Kids. Y es que, el Sal\u00f3n pretende ser m\u00e1s amplio y abierto que nunca, convirti\u00e9ndose en un certamen plural y transversal, con un hilo conductor: la creatividad.<\/p>\n\n\n\n<h5 class=\"wp-block-heading\">Influencers y talleres<\/h5>\n\n\n\n<p>Adem\u00e1s de la zona expositiva, donde se podr\u00e1n ver m\u00e1s de 5.000 productos, Creativa Barcelona contar\u00e1 con m\u00e1s de una veintena de profesionales e \u201cinfluencers\u201d del sector que compartir\u00e1n sus creaciones, sus t\u00e9cnicas y sus novedades en todas las disciplinas del universo DIY, tanto de las t\u00e9cnicas m\u00e1s tradicionales como las m\u00e1s modernas. Entre ellas, Lul\u00fa Ferris, costurera creativa; Bea Lettering y Valentina\u2019s Words, expertas en lettering y lettering terap\u00e9utico respectivamente; Itzidreams, polifac\u00e9tica DIY que ofrecer\u00e1 varios talleres de pintura en tela y de tarjetas navide\u00f1as; Maru y Caro de Port Macram\u00e9 Studio, las mallorquinas m\u00e1s macrameras; Abi Power-Nastideplastis, que ofrecer\u00e1 un taller de fotograf\u00eda creativa; Camomille Creations, que ofrecer\u00e1 una masterclass de bordado; Gemma Flors de Paper, que impartir\u00e1 un taller de quilling; o Sibux Fotograf\u00eda, que ofrecer\u00e1 una masterclass de fotograf\u00eda creativa.<\/p>\n\n\n\n<p>Pero seguramente, el invitado que m\u00e1s expectaci\u00f3n levante sea Jordi Cruz P\u00e9rez. El presentador recibir\u00e1 un homenaje por parte de Creativa Barcelona por el 25 aniversario de la primera emisi\u00f3n de \u201cArt Attack\u201d (s\u00e1bado 12, a las 15.30h). Adem\u00e1s, el \u201cdicharachero arteman\u00edaco\u201d participar\u00e1 como jurado del concurso \u201cLa caja misteriosa\u201d (s\u00e1bado 12 a las 11h), y firmar\u00e1 ejemplares de su \u00faltimo libro, \u201cMejor no te lo creas\u201d (s\u00e1bado 12 a las 14.30h). Y es que, Jordi Cruz P\u00e9rez sigue siendo todo un referente del sector e impulsor de todas manualidades.&nbsp;<em>\u201cLas artes pl\u00e1sticas, las manualidades y la creatividad deber\u00edan tener una importancia relevante dentro de la educaci\u00f3n de los m\u00e1s peque\u00f1os. Hacer manualidades desarrolla las capacidades intelectuales y nos ayuda a hacer un mundo m\u00e1s sostenible\u201d<\/em>, subraya Cruz.<\/p>\n\n\n\n<h5 class=\"wp-block-heading\">Un sector con 5 millones de aficionados<\/h5>\n\n\n\n<p>Durante los cuatro d\u00edas de certamen, La Farga de L\u2019Hospitalet se convertir\u00e1 en el epicentro del sector<br>de las artesan\u00edas y las manualidades, un mercado que est\u00e1 al alza desde hace a\u00f1os. Cada vez son m\u00e1s los nuevos #creativers y aficionadxs que se deciden apostar por la creatividad, con labores tradicionales como el patchwork, el punto o la costura, pero tambi\u00e9n por otras artes m\u00e1s novedosas como el lettering, la pintura textil o el decoupage. Y es que, el sector \u201cDo It Yourself\u201d vive una \u00e9poca dorada, con la entrada de nuevas generaciones que apuestan por combinar tradici\u00f3n con nuevas t\u00e9cnicas, nuevas aplicaciones y nuevos materiales.<\/p>\n\n\n\n<p>Y en esto, tiene mucho que ver la combinaci\u00f3n del mundo digital con el convencional. As\u00ed,&nbsp;<em>\u201ctanto el sector como los aficionados tienen muchas ganas de volver a encontrarse en persona, porque en estos \u00faltimos a\u00f1os han tenido que hacerlo de forma virtual\u201d<\/em>, subraya Elisabeth Burnett, directora del certamen. En este sentido, Juli Sim\u00f3n, director de Creativa Barcelona 2022, a\u00f1ade que&nbsp;<em>\u201cse constata que el sector ha adaptado algunos de los productos y contenidos del comercio online, fruto de las consecuencias de la COVID, pero los salones experienciales como Creativa Barcelona contin\u00faan siendo necesarios para generar comunidad y como herramienta para fidelizar al consumidor\u201d<\/em>. Y es que, precisamente esa convivencia con el formato digital ha contribuido a \u201cenganchar\u201d a m\u00e1s aficionadxs y a expandir el inter\u00e9s por las manualidades.<\/p>\n\n\n\n<h5 class=\"wp-block-heading\">Sector siempre al alza<\/h5>\n\n\n\n<p>De hecho, seg\u00fan los \u00faltimos estudios de mercado, el sector de las manualidades y artesan\u00edas no deja de crecer, siendo ya m\u00e1s de 5 millones de personas en Espa\u00f1a las que realizan alguna manualidad en casa. Principalmente, el 90%, son mujeres de entre 35 y 65 a\u00f1os, por ello, Creativa Barcelona 2022 ha apostado este a\u00f1o por ofrecer un certamen inclusivo, abierto a todos y a todas, para demostrar que el \u201cDo It yourself\u201d no es solo para ellas.<\/p>\n\n\n\n<p>Porque, incluso, las manualidades y las artesan\u00edas, adem\u00e1s, pueden representar la salida laboral para muchos. Las cifras as\u00ed lo demuestran: la facturaci\u00f3n alcanza unos 1.200 millones de euros anuales, en un sector compuesto por m\u00e1s de 7.000 empresas, la gran mayor\u00eda peque\u00f1as tiendas aunque van creciendo las tiendas on line (el 98% son micro empresas de menos de 3 trabajadores). Y son m\u00e1s de 25.000 los trabajadores en Espa\u00f1a los que viven del sector.<\/p>\n","protected":false},"excerpt":{"rendered":"<p>Del 10 al 13 de noviembre, La Farga de L\u2019Hospitalet albergar\u00e1 un certamen que espera recibir a m\u00e1s de 18.000 visitantes y que, en esta renovada etapa, cuenta con Jap\u00f3n como pa\u00eds invitado.<\/p>\n","protected":false},"author":5,"featured_media":16849,"comment_status":"closed","ping_status":"closed","sticky":false,"template":"","format":"standard","meta":{"inline_featured_image":false,"_uag_custom_page_level_css":"","_monsterinsights_skip_tracking":false,"_monsterinsights_sitenote_active":false,"_monsterinsights_sitenote_note":"","_monsterinsights_sitenote_category":0,"site-sidebar-layout":"default","site-content-layout":"","ast-site-content-layout":"default","site-content-style":"default","site-sidebar-style":"default","ast-global-header-display":"","ast-banner-title-visibility":"","ast-main-header-display":"","ast-hfb-above-header-display":"","ast-hfb-below-header-display":"","ast-hfb-mobile-header-display":"","site-post-title":"","ast-breadcrumbs-content":"","ast-featured-img":"","footer-sml-layout":"","ast-disable-related-posts":"","theme-transparent-header-meta":"","adv-header-id-meta":"","stick-header-meta":"","header-above-stick-meta":"","header-main-stick-meta":"","header-below-stick-meta":"","astra-migrate-meta-layouts":"default","ast-page-background-enabled":"default","ast-page-background-meta":{"desktop":{"background-color":"var(--ast-global-color-4)","background-image":"","background-repeat":"repeat","background-position":"center center","background-size":"auto","background-attachment":"scroll","background-type":"","background-media":"","overlay-type":"","overlay-color":"","overlay-opacity":"","overlay-gradient":""},"tablet":{"background-color":"","background-image":"","background-repeat":"repeat","background-position":"center center","background-size":"auto","background-attachment":"scroll","background-type":"","background-media":"","overlay-type":"","overlay-color":"","overlay-opacity":"","overlay-gradient":""},"mobile":{"background-color":"","background-image":"","background-repeat":"repeat","background-position":"center center","background-size":"auto","background-attachment":"scroll","background-type":"","background-media":"","overlay-type":"","overlay-color":"","overlay-opacity":"","overlay-gradient":""}},"ast-content-background-meta":{"desktop":{"background-color":"var(--ast-global-color-5)","background-image":"","background-repeat":"repeat","background-position":"center center","background-size":"auto","background-attachment":"scroll","background-type":"","background-media":"","overlay-type":"","overlay-color":"","overlay-opacity":"","overlay-gradient":""},"tablet":{"background-color":"var(--ast-global-color-5)","background-image":"","background-repeat":"repeat","background-position":"center center","background-size":"auto","background-attachment":"scroll","background-type":"","background-media":"","overlay-type":"","overlay-color":"","overlay-opacity":"","overlay-gradient":""},"mobile":{"background-color":"var(--ast-global-color-5)","background-image":"","background-repeat":"repeat","background-position":"center center","background-size":"auto","background-attachment":"scroll","background-type":"","background-media":"","overlay-type":"","overlay-color":"","overlay-opacity":"","overlay-gradient":""}},"footnotes":""},"categories":[73],"tags":[],"class_list":["post-16851","post","type-post","status-publish","format-standard","has-post-thumbnail","hentry","category-centro-de-actividades"],"yoast_head":"<!-- This site is optimized with the Yoast SEO plugin v27.5 - https:\/\/yoast.com\/product\/yoast-seo-wordpress\/ -->\n<title>Se presenta el renovado Sal\u00f3n Creativa - La Farga Gesti\u00f3n de Equipamientos Municipales, S.A.<\/title>\n<meta name=\"description\" content=\"Del 10 al 13 de novembre, La Farga de L\u2019Hospitalet acull Creativa un certamen que espera rebre a m\u00e9s de 18.000 visitants.\" \/>\n<meta name=\"robots\" content=\"index, follow, max-snippet:-1, max-image-preview:large, max-video-preview:-1\" \/>\n<link rel=\"canonical\" href=\"https:\/\/www.lafarga.com\/corporatiu\/se-presenta-el-renovado-salon-creativa\/\" \/>\n<meta property=\"og:locale\" content=\"ca_ES\" \/>\n<meta property=\"og:type\" content=\"article\" \/>\n<meta property=\"og:title\" content=\"Se presenta el renovado Sal\u00f3n Creativa - La Farga Gesti\u00f3n de Equipamientos Municipales, S.A.\" \/>\n<meta property=\"og:description\" content=\"Del 10 al 13 de novembre, La Farga de L\u2019Hospitalet acull Creativa un certamen que espera rebre a m\u00e9s de 18.000 visitants.\" \/>\n<meta property=\"og:url\" content=\"https:\/\/www.lafarga.com\/corporatiu\/se-presenta-el-renovado-salon-creativa\/\" \/>\n<meta property=\"og:site_name\" content=\"La Farga Gesti\u00f3n de Equipamientos Municipales, S.A.\" \/>\n<meta property=\"article:published_time\" content=\"2022-11-04T09:18:54+00:00\" \/>\n<meta property=\"article:modified_time\" content=\"2022-11-04T09:23:46+00:00\" \/>\n<meta property=\"og:image\" content=\"https:\/\/www.lafarga.com\/corporatiu\/wp-content\/uploads\/2022\/11\/SaloCreativa22-Farga.jpg\" \/>\n\t<meta property=\"og:image:width\" content=\"730\" \/>\n\t<meta property=\"og:image:height\" content=\"410\" \/>\n\t<meta property=\"og:image:type\" content=\"image\/jpeg\" \/>\n<meta name=\"author\" content=\"\u00d2scar Milla\" \/>\n<meta name=\"twitter:label1\" content=\"Escrit per\" \/>\n\t<meta name=\"twitter:data1\" content=\"\u00d2scar Milla\" \/>\n\t<meta name=\"twitter:label2\" content=\"Temps estimat de lectura\" \/>\n\t<meta name=\"twitter:data2\" content=\"6 minuts\" \/>\n<script type=\"application\/ld+json\" class=\"yoast-schema-graph\">{\"@context\":\"https:\\\/\\\/schema.org\",\"@graph\":[{\"@type\":\"Article\",\"@id\":\"https:\\\/\\\/www.lafarga.com\\\/corporatiu\\\/se-presenta-el-renovado-salon-creativa\\\/#article\",\"isPartOf\":{\"@id\":\"https:\\\/\\\/www.lafarga.com\\\/corporatiu\\\/se-presenta-el-renovado-salon-creativa\\\/\"},\"author\":{\"name\":\"\u00d2scar Milla\",\"@id\":\"https:\\\/\\\/www.lafarga.com\\\/corporatiu\\\/#\\\/schema\\\/person\\\/70d96fe17d0da1a9c9e80d232bdbcf33\"},\"headline\":\"Se presenta el renovado Sal\u00f3n Creativa\",\"datePublished\":\"2022-11-04T09:18:54+00:00\",\"dateModified\":\"2022-11-04T09:23:46+00:00\",\"mainEntityOfPage\":{\"@id\":\"https:\\\/\\\/www.lafarga.com\\\/corporatiu\\\/se-presenta-el-renovado-salon-creativa\\\/\"},\"wordCount\":1073,\"publisher\":{\"@id\":\"https:\\\/\\\/www.lafarga.com\\\/corporatiu\\\/#organization\"},\"image\":{\"@id\":\"https:\\\/\\\/www.lafarga.com\\\/corporatiu\\\/se-presenta-el-renovado-salon-creativa\\\/#primaryimage\"},\"thumbnailUrl\":\"https:\\\/\\\/www.lafarga.com\\\/corporatiu\\\/wp-content\\\/uploads\\\/2022\\\/11\\\/SaloCreativa22-Farga.jpg\",\"articleSection\":[\"Centro de Actividades\"],\"inLanguage\":\"ca\"},{\"@type\":\"WebPage\",\"@id\":\"https:\\\/\\\/www.lafarga.com\\\/corporatiu\\\/se-presenta-el-renovado-salon-creativa\\\/\",\"url\":\"https:\\\/\\\/www.lafarga.com\\\/corporatiu\\\/se-presenta-el-renovado-salon-creativa\\\/\",\"name\":\"Se presenta el renovado Sal\u00f3n Creativa - La Farga Gesti\u00f3n de Equipamientos Municipales, S.A.\",\"isPartOf\":{\"@id\":\"https:\\\/\\\/www.lafarga.com\\\/corporatiu\\\/#website\"},\"primaryImageOfPage\":{\"@id\":\"https:\\\/\\\/www.lafarga.com\\\/corporatiu\\\/se-presenta-el-renovado-salon-creativa\\\/#primaryimage\"},\"image\":{\"@id\":\"https:\\\/\\\/www.lafarga.com\\\/corporatiu\\\/se-presenta-el-renovado-salon-creativa\\\/#primaryimage\"},\"thumbnailUrl\":\"https:\\\/\\\/www.lafarga.com\\\/corporatiu\\\/wp-content\\\/uploads\\\/2022\\\/11\\\/SaloCreativa22-Farga.jpg\",\"datePublished\":\"2022-11-04T09:18:54+00:00\",\"dateModified\":\"2022-11-04T09:23:46+00:00\",\"description\":\"Del 10 al 13 de novembre, La Farga de L\u2019Hospitalet acull Creativa un certamen que espera rebre a m\u00e9s de 18.000 visitants.\",\"breadcrumb\":{\"@id\":\"https:\\\/\\\/www.lafarga.com\\\/corporatiu\\\/se-presenta-el-renovado-salon-creativa\\\/#breadcrumb\"},\"inLanguage\":\"ca\",\"potentialAction\":[{\"@type\":\"ReadAction\",\"target\":[\"https:\\\/\\\/www.lafarga.com\\\/corporatiu\\\/se-presenta-el-renovado-salon-creativa\\\/\"]}]},{\"@type\":\"ImageObject\",\"inLanguage\":\"ca\",\"@id\":\"https:\\\/\\\/www.lafarga.com\\\/corporatiu\\\/se-presenta-el-renovado-salon-creativa\\\/#primaryimage\",\"url\":\"https:\\\/\\\/www.lafarga.com\\\/corporatiu\\\/wp-content\\\/uploads\\\/2022\\\/11\\\/SaloCreativa22-Farga.jpg\",\"contentUrl\":\"https:\\\/\\\/www.lafarga.com\\\/corporatiu\\\/wp-content\\\/uploads\\\/2022\\\/11\\\/SaloCreativa22-Farga.jpg\",\"width\":730,\"height\":410,\"caption\":\"Creativa\"},{\"@type\":\"BreadcrumbList\",\"@id\":\"https:\\\/\\\/www.lafarga.com\\\/corporatiu\\\/se-presenta-el-renovado-salon-creativa\\\/#breadcrumb\",\"itemListElement\":[{\"@type\":\"ListItem\",\"position\":1,\"name\":\"Home\",\"item\":\"https:\\\/\\\/www.lafarga.com\\\/corporatiu\\\/lafarga-hospitalet-llobregat\\\/\"},{\"@type\":\"ListItem\",\"position\":2,\"name\":\"Se presenta el renovado Sal\u00f3n Creativa\"}]},{\"@type\":\"WebSite\",\"@id\":\"https:\\\/\\\/www.lafarga.com\\\/corporatiu\\\/#website\",\"url\":\"https:\\\/\\\/www.lafarga.com\\\/corporatiu\\\/\",\"name\":\"La Farga Gesti\u00f3 d&#039;Equipaments Municipals, SA\",\"description\":\"\",\"publisher\":{\"@id\":\"https:\\\/\\\/www.lafarga.com\\\/corporatiu\\\/#organization\"},\"potentialAction\":[{\"@type\":\"SearchAction\",\"target\":{\"@type\":\"EntryPoint\",\"urlTemplate\":\"https:\\\/\\\/www.lafarga.com\\\/corporatiu\\\/?s={search_term_string}\"},\"query-input\":{\"@type\":\"PropertyValueSpecification\",\"valueRequired\":true,\"valueName\":\"search_term_string\"}}],\"inLanguage\":\"ca\"},{\"@type\":\"Organization\",\"@id\":\"https:\\\/\\\/www.lafarga.com\\\/corporatiu\\\/#organization\",\"name\":\"La Farga Gesti\u00f3 d&#039;Equipaments Municipals, SA\",\"url\":\"https:\\\/\\\/www.lafarga.com\\\/corporatiu\\\/\",\"logo\":{\"@type\":\"ImageObject\",\"inLanguage\":\"ca\",\"@id\":\"https:\\\/\\\/www.lafarga.com\\\/corporatiu\\\/#\\\/schema\\\/logo\\\/image\\\/\",\"url\":\"https:\\\/\\\/www.lafarga.com\\\/corporatiu\\\/wp-content\\\/uploads\\\/2023\\\/11\\\/logotipo_lafarga_gemsa.svg\",\"contentUrl\":\"https:\\\/\\\/www.lafarga.com\\\/corporatiu\\\/wp-content\\\/uploads\\\/2023\\\/11\\\/logotipo_lafarga_gemsa.svg\",\"width\":102,\"height\":103,\"caption\":\"La Farga Gesti\u00f3 d&#039;Equipaments Municipals, SA\"},\"image\":{\"@id\":\"https:\\\/\\\/www.lafarga.com\\\/corporatiu\\\/#\\\/schema\\\/logo\\\/image\\\/\"}},{\"@type\":\"Person\",\"@id\":\"https:\\\/\\\/www.lafarga.com\\\/corporatiu\\\/#\\\/schema\\\/person\\\/70d96fe17d0da1a9c9e80d232bdbcf33\",\"name\":\"\u00d2scar Milla\",\"image\":{\"@type\":\"ImageObject\",\"inLanguage\":\"ca\",\"@id\":\"https:\\\/\\\/secure.gravatar.com\\\/avatar\\\/92e75d184f9d5e0e403bd4ad075b080ad258344ddc259adddb579f6a3ba6494f?s=96&d=mm&r=g\",\"url\":\"https:\\\/\\\/secure.gravatar.com\\\/avatar\\\/92e75d184f9d5e0e403bd4ad075b080ad258344ddc259adddb579f6a3ba6494f?s=96&d=mm&r=g\",\"contentUrl\":\"https:\\\/\\\/secure.gravatar.com\\\/avatar\\\/92e75d184f9d5e0e403bd4ad075b080ad258344ddc259adddb579f6a3ba6494f?s=96&d=mm&r=g\",\"caption\":\"\u00d2scar Milla\"},\"url\":\"https:\\\/\\\/www.lafarga.com\\\/corporatiu\\\/author\\\/omilla\\\/\"}]}<\/script>\n<!-- \/ Yoast SEO plugin. -->","yoast_head_json":{"title":"Se presenta el renovado Sal\u00f3n Creativa - La Farga Gesti\u00f3n de Equipamientos Municipales, S.A.","description":"Del 10 al 13 de novembre, La Farga de L\u2019Hospitalet acull Creativa un certamen que espera rebre a m\u00e9s de 18.000 visitants.","robots":{"index":"index","follow":"follow","max-snippet":"max-snippet:-1","max-image-preview":"max-image-preview:large","max-video-preview":"max-video-preview:-1"},"canonical":"https:\/\/www.lafarga.com\/corporatiu\/se-presenta-el-renovado-salon-creativa\/","og_locale":"ca_ES","og_type":"article","og_title":"Se presenta el renovado Sal\u00f3n Creativa - La Farga Gesti\u00f3n de Equipamientos Municipales, S.A.","og_description":"Del 10 al 13 de novembre, La Farga de L\u2019Hospitalet acull Creativa un certamen que espera rebre a m\u00e9s de 18.000 visitants.","og_url":"https:\/\/www.lafarga.com\/corporatiu\/se-presenta-el-renovado-salon-creativa\/","og_site_name":"La Farga Gesti\u00f3n de Equipamientos Municipales, S.A.","article_published_time":"2022-11-04T09:18:54+00:00","article_modified_time":"2022-11-04T09:23:46+00:00","og_image":[{"width":730,"height":410,"url":"https:\/\/www.lafarga.com\/corporatiu\/wp-content\/uploads\/2022\/11\/SaloCreativa22-Farga.jpg","type":"image\/jpeg"}],"author":"\u00d2scar Milla","twitter_misc":{"Escrit per":"\u00d2scar Milla","Temps estimat de lectura":"6 minuts"},"schema":{"@context":"https:\/\/schema.org","@graph":[{"@type":"Article","@id":"https:\/\/www.lafarga.com\/corporatiu\/se-presenta-el-renovado-salon-creativa\/#article","isPartOf":{"@id":"https:\/\/www.lafarga.com\/corporatiu\/se-presenta-el-renovado-salon-creativa\/"},"author":{"name":"\u00d2scar Milla","@id":"https:\/\/www.lafarga.com\/corporatiu\/#\/schema\/person\/70d96fe17d0da1a9c9e80d232bdbcf33"},"headline":"Se presenta el renovado Sal\u00f3n Creativa","datePublished":"2022-11-04T09:18:54+00:00","dateModified":"2022-11-04T09:23:46+00:00","mainEntityOfPage":{"@id":"https:\/\/www.lafarga.com\/corporatiu\/se-presenta-el-renovado-salon-creativa\/"},"wordCount":1073,"publisher":{"@id":"https:\/\/www.lafarga.com\/corporatiu\/#organization"},"image":{"@id":"https:\/\/www.lafarga.com\/corporatiu\/se-presenta-el-renovado-salon-creativa\/#primaryimage"},"thumbnailUrl":"https:\/\/www.lafarga.com\/corporatiu\/wp-content\/uploads\/2022\/11\/SaloCreativa22-Farga.jpg","articleSection":["Centro de Actividades"],"inLanguage":"ca"},{"@type":"WebPage","@id":"https:\/\/www.lafarga.com\/corporatiu\/se-presenta-el-renovado-salon-creativa\/","url":"https:\/\/www.lafarga.com\/corporatiu\/se-presenta-el-renovado-salon-creativa\/","name":"Se presenta el renovado Sal\u00f3n Creativa - La Farga Gesti\u00f3n de Equipamientos Municipales, S.A.","isPartOf":{"@id":"https:\/\/www.lafarga.com\/corporatiu\/#website"},"primaryImageOfPage":{"@id":"https:\/\/www.lafarga.com\/corporatiu\/se-presenta-el-renovado-salon-creativa\/#primaryimage"},"image":{"@id":"https:\/\/www.lafarga.com\/corporatiu\/se-presenta-el-renovado-salon-creativa\/#primaryimage"},"thumbnailUrl":"https:\/\/www.lafarga.com\/corporatiu\/wp-content\/uploads\/2022\/11\/SaloCreativa22-Farga.jpg","datePublished":"2022-11-04T09:18:54+00:00","dateModified":"2022-11-04T09:23:46+00:00","description":"Del 10 al 13 de novembre, La Farga de L\u2019Hospitalet acull Creativa un certamen que espera rebre a m\u00e9s de 18.000 visitants.","breadcrumb":{"@id":"https:\/\/www.lafarga.com\/corporatiu\/se-presenta-el-renovado-salon-creativa\/#breadcrumb"},"inLanguage":"ca","potentialAction":[{"@type":"ReadAction","target":["https:\/\/www.lafarga.com\/corporatiu\/se-presenta-el-renovado-salon-creativa\/"]}]},{"@type":"ImageObject","inLanguage":"ca","@id":"https:\/\/www.lafarga.com\/corporatiu\/se-presenta-el-renovado-salon-creativa\/#primaryimage","url":"https:\/\/www.lafarga.com\/corporatiu\/wp-content\/uploads\/2022\/11\/SaloCreativa22-Farga.jpg","contentUrl":"https:\/\/www.lafarga.com\/corporatiu\/wp-content\/uploads\/2022\/11\/SaloCreativa22-Farga.jpg","width":730,"height":410,"caption":"Creativa"},{"@type":"BreadcrumbList","@id":"https:\/\/www.lafarga.com\/corporatiu\/se-presenta-el-renovado-salon-creativa\/#breadcrumb","itemListElement":[{"@type":"ListItem","position":1,"name":"Home","item":"https:\/\/www.lafarga.com\/corporatiu\/lafarga-hospitalet-llobregat\/"},{"@type":"ListItem","position":2,"name":"Se presenta el renovado Sal\u00f3n Creativa"}]},{"@type":"WebSite","@id":"https:\/\/www.lafarga.com\/corporatiu\/#website","url":"https:\/\/www.lafarga.com\/corporatiu\/","name":"La Farga Gesti\u00f3 d&#039;Equipaments Municipals, SA","description":"","publisher":{"@id":"https:\/\/www.lafarga.com\/corporatiu\/#organization"},"potentialAction":[{"@type":"SearchAction","target":{"@type":"EntryPoint","urlTemplate":"https:\/\/www.lafarga.com\/corporatiu\/?s={search_term_string}"},"query-input":{"@type":"PropertyValueSpecification","valueRequired":true,"valueName":"search_term_string"}}],"inLanguage":"ca"},{"@type":"Organization","@id":"https:\/\/www.lafarga.com\/corporatiu\/#organization","name":"La Farga Gesti\u00f3 d&#039;Equipaments Municipals, SA","url":"https:\/\/www.lafarga.com\/corporatiu\/","logo":{"@type":"ImageObject","inLanguage":"ca","@id":"https:\/\/www.lafarga.com\/corporatiu\/#\/schema\/logo\/image\/","url":"https:\/\/www.lafarga.com\/corporatiu\/wp-content\/uploads\/2023\/11\/logotipo_lafarga_gemsa.svg","contentUrl":"https:\/\/www.lafarga.com\/corporatiu\/wp-content\/uploads\/2023\/11\/logotipo_lafarga_gemsa.svg","width":102,"height":103,"caption":"La Farga Gesti\u00f3 d&#039;Equipaments Municipals, SA"},"image":{"@id":"https:\/\/www.lafarga.com\/corporatiu\/#\/schema\/logo\/image\/"}},{"@type":"Person","@id":"https:\/\/www.lafarga.com\/corporatiu\/#\/schema\/person\/70d96fe17d0da1a9c9e80d232bdbcf33","name":"\u00d2scar Milla","image":{"@type":"ImageObject","inLanguage":"ca","@id":"https:\/\/secure.gravatar.com\/avatar\/92e75d184f9d5e0e403bd4ad075b080ad258344ddc259adddb579f6a3ba6494f?s=96&d=mm&r=g","url":"https:\/\/secure.gravatar.com\/avatar\/92e75d184f9d5e0e403bd4ad075b080ad258344ddc259adddb579f6a3ba6494f?s=96&d=mm&r=g","contentUrl":"https:\/\/secure.gravatar.com\/avatar\/92e75d184f9d5e0e403bd4ad075b080ad258344ddc259adddb579f6a3ba6494f?s=96&d=mm&r=g","caption":"\u00d2scar Milla"},"url":"https:\/\/www.lafarga.com\/corporatiu\/author\/omilla\/"}]}},"uagb_featured_image_src":{"full":["https:\/\/www.lafarga.com\/corporatiu\/wp-content\/uploads\/2022\/11\/SaloCreativa22-Farga.jpg",730,410,false],"thumbnail":["https:\/\/www.lafarga.com\/corporatiu\/wp-content\/uploads\/2022\/11\/SaloCreativa22-Farga-150x150.jpg",150,150,true],"medium":["https:\/\/www.lafarga.com\/corporatiu\/wp-content\/uploads\/2022\/11\/SaloCreativa22-Farga-300x168.jpg",300,168,true],"medium_large":["https:\/\/www.lafarga.com\/corporatiu\/wp-content\/uploads\/2022\/11\/SaloCreativa22-Farga.jpg",730,410,false],"large":["https:\/\/www.lafarga.com\/corporatiu\/wp-content\/uploads\/2022\/11\/SaloCreativa22-Farga.jpg",730,410,false],"1536x1536":["https:\/\/www.lafarga.com\/corporatiu\/wp-content\/uploads\/2022\/11\/SaloCreativa22-Farga.jpg",730,410,false],"2048x2048":["https:\/\/www.lafarga.com\/corporatiu\/wp-content\/uploads\/2022\/11\/SaloCreativa22-Farga.jpg",730,410,false],"mailpoet_newsletter_max":["https:\/\/www.lafarga.com\/corporatiu\/wp-content\/uploads\/2022\/11\/SaloCreativa22-Farga.jpg",730,410,false]},"uagb_author_info":{"display_name":"\u00d2scar Milla","author_link":"https:\/\/www.lafarga.com\/corporatiu\/author\/omilla\/"},"uagb_comment_info":0,"uagb_excerpt":"Del 10 al 13 de noviembre, La Farga de L\u2019Hospitalet albergar\u00e1 un certamen que espera recibir a m\u00e1s de 18.000 visitantes y que, en esta renovada etapa, cuenta con Jap\u00f3n como pa\u00eds invitado.","_links":{"self":[{"href":"https:\/\/www.lafarga.com\/corporatiu\/wp-json\/wp\/v2\/posts\/16851","targetHints":{"allow":["GET"]}}],"collection":[{"href":"https:\/\/www.lafarga.com\/corporatiu\/wp-json\/wp\/v2\/posts"}],"about":[{"href":"https:\/\/www.lafarga.com\/corporatiu\/wp-json\/wp\/v2\/types\/post"}],"author":[{"embeddable":true,"href":"https:\/\/www.lafarga.com\/corporatiu\/wp-json\/wp\/v2\/users\/5"}],"replies":[{"embeddable":true,"href":"https:\/\/www.lafarga.com\/corporatiu\/wp-json\/wp\/v2\/comments?post=16851"}],"version-history":[{"count":2,"href":"https:\/\/www.lafarga.com\/corporatiu\/wp-json\/wp\/v2\/posts\/16851\/revisions"}],"predecessor-version":[{"id":16853,"href":"https:\/\/www.lafarga.com\/corporatiu\/wp-json\/wp\/v2\/posts\/16851\/revisions\/16853"}],"wp:featuredmedia":[{"embeddable":true,"href":"https:\/\/www.lafarga.com\/corporatiu\/wp-json\/wp\/v2\/media\/16849"}],"wp:attachment":[{"href":"https:\/\/www.lafarga.com\/corporatiu\/wp-json\/wp\/v2\/media?parent=16851"}],"wp:term":[{"taxonomy":"category","embeddable":true,"href":"https:\/\/www.lafarga.com\/corporatiu\/wp-json\/wp\/v2\/categories?post=16851"},{"taxonomy":"post_tag","embeddable":true,"href":"https:\/\/www.lafarga.com\/corporatiu\/wp-json\/wp\/v2\/tags?post=16851"}],"curies":[{"name":"wp","href":"https:\/\/api.w.org\/{rel}","templated":true}]}}