{"id":16793,"date":"2022-10-17T10:20:00","date_gmt":"2022-10-17T10:20:00","guid":{"rendered":"http:\/\/www.lafarga.com\/corporatiu\/?p=16793"},"modified":"2022-10-18T10:22:39","modified_gmt":"2022-10-18T10:22:39","slug":"llega-una-nueva-edicion-de-firagran-con-mas-de-300-actividades","status":"publish","type":"post","link":"https:\/\/www.lafarga.com\/corporatiu\/llega-una-nueva-edicion-de-firagran-con-mas-de-300-actividades\/","title":{"rendered":"Llega una nueva edici\u00f3n de FiraGran con m\u00e1s de 300 actividades"},"content":{"rendered":"\n<h5 class=\"wp-block-heading\">El Sal\u00f3n de la Gente Mayor de Catalu\u00f1a vuelve a La Farga de L&#8217;Hospitalet del 19 al 21 de octubre<\/h5>\n\n\n\n<p>FiraGran 2022, el Sal\u00f3n de la Gente Mayor de Catalu\u00f1a, vuelve del 19 al 21 de octubre en La Farga Centro de Actividades para promover el envejecimiento activo de las personas mayores. Despu\u00e9s del paro por la pandemia de la Covid-19, la edici\u00f3n anterior super\u00f3 los 10.000 visitantes. El acontecimiento se enmarca en la programaci\u00f3n de actividades del\u00a0<a href=\"https:\/\/www.l-h.cat\/detallNoticia_2.aspx?2gCQ8xilLvxXMW0pUPJtz4tbxujHwof2aqazCna2YFqazA5jq9YnBCSR2lFrgudEBpoqmKV\" target=\"_blank\" rel=\"noreferrer noopener\"><strong>Mes de la Gente Mayor<\/strong><\/a>, que tiene lugar en la ciudad del 30 de septiembre al 21 de octubre. La inauguraci\u00f3n ser\u00e1 el mi\u00e9rcoles 19 de octubre a las 11 h.<\/p>\n\n\n\n<p>El objetivo de la Feria es seguir siendo un referente en Europa en acontecimientos dirigidos a las personas mayores. Esta edici\u00f3n incluye m\u00e1s de 300 actividades gratuitas, entre las cuales destaca un di\u00e1logo sobre envejecimiento. Finalmente, Manuela Carmena, exalcaldesa de Madrid, no podr\u00e1 asistir al acto, y la ponente ser\u00e1 Gemma Lienas, escritora y pol\u00edtica. El di\u00e1logo lo conducir\u00e1 la periodista Milagros P\u00e9rez Oliva, el lunes 17 de octubre a las 17 h, en el Auditorio de La Farga.<\/p>\n\n\n\n<p>Y tambi\u00e9n se har\u00e1 una gran caminata para mayores de 60 a\u00f1os, el viernes 21 de octubre, que recorrer\u00e1 las calles y parques de L\u2019Hospitalet de Llobregat, con&nbsp;<a href=\"https:\/\/firagran.com\/es\/salon-de-las-personas-mayores-de-cataluna\/caminata-firagran\/\" target=\"_blank\" rel=\"noreferrer noopener\"><strong>inscripci\u00f3n previa<\/strong><\/a>. Y, por primera vez, se organizar\u00e1 una bicicletada, que saldr\u00e1 desde Barcelona para llegar hasta el recinto ferial.<\/p>\n\n\n\n<h5 class=\"wp-block-heading\">Acceso gratuito<\/h5>\n\n\n\n<p>El acceso es libre y se pueden encontrar talleres para estimular la memoria, un concurso de&nbsp;<em>country&nbsp;<\/em>, una&nbsp;<em>master class&nbsp;<\/em>de m\u00fasica y movimiento, un encuentro sardanista, un festival de corales, un espacio de manualidades, m\u00fasica, deportes, sesiones de teatro y de tai-txi y el concierto de fin de fiesta con el grupo su cubano Son de la Rambla.<\/p>\n\n\n\n<p>FiraGran tambi\u00e9n ofrece la oportunidad de asistir a conferencias y coloquios sobre aquellos temas que interesan y preocupan a las personas mayores. Se tratar\u00e1n cuestiones como el&nbsp;<em>edadismo<\/em>, la participaci\u00f3n de las personas mayores y su incidencia en la sociedad, consejos de seguridad y de prevenci\u00f3n y autoprotecci\u00f3n de incendios dom\u00e9sticos o el abordaje y los derechos al final de la vida, entre muchos otros. Todas las actividades se pueden consultar en el&nbsp;<strong><a href=\"https:\/\/www.l-h.cat\/gdocs\/somgrans\/Som_grans_2022.pdf\" target=\"_blank\" rel=\"noreferrer noopener\">\u201cprograma \u201cdel Mes de la Gente Mayor\u201d<\/a><\/strong>&nbsp;y en la&nbsp;<a href=\"https:\/\/firagran.com\/es\/salon-de-las-personas-mayores-de-cataluna\/\" target=\"_blank\" rel=\"noreferrer noopener\"><strong>web de FiraGran 2022<\/strong><\/a>.<\/p>\n\n\n\n<p>La necesidad de actualizar el indicador de renta de suficiencia en Catalu\u00f1a, requisito que sirve para garantizar el acceso de las personas mayores a ciertas prestaciones sociales y que no ha aumentado desde 2011, es una de las revindicaciones de las entidades de gente mayor presentes en FiraGran y que centrar\u00e1 el coloquio organizado por la Plataforma Unitaria de la Gente Mayor de Catalu\u00f1a, constituida por este motivo.<\/p>\n\n\n\n<h5 class=\"wp-block-heading\">Simulador de los s\u00edntomas de demencia, un circuito pionero<\/h5>\n\n\n\n<p>En FiraGran 2022 habr\u00e1 dos espacios nuevos: un speaking corner (di la tuya), donde cualquier visitante podr\u00e1 exponer al resto aquellos temas que son de su inter\u00e9s, y un simulador de s\u00edntomas de demencia, dirigido a sensibilizar a los cuidadores, que permitir\u00e1 a las personas que se acerquen vivir en su propia piel los efectos del deterioro cognitivo en las actividades de la vida diaria, como vestirse o alimentarse.<\/p>\n\n\n\n<p>Esta feria es tambi\u00e9n una oportunidad a fin de que las personas mayores puedan conocer los programas, servicios, iniciativas, soluciones tecnol\u00f3gicas y productos que ofrecen un centenar de empresas, entidades, organizaciones e instituciones para mejorar su bienestar y su calidad de vida.<\/p>\n\n\n\n<p>En el espacio de los expositores, las personas mayores que se acerquen podr\u00e1n participar en talleres y charlas para mantener su salud, hacer pruebas gratuitas de tensi\u00f3n arterial, de o\u00eddo, de glucosa y de la vista, acceder a sesiones de manicura y belleza y conocer los programas universitarios para seguir con su formaci\u00f3n.<\/p>\n\n\n\n<p>FiraGran 2022 tiene el apoyo de la Generalitat de Catalunya, la Diputaci\u00f3n de Barcelona, el Ayuntamiento de L\u2019Hospitalet de Llobregat y el Ayuntamiento de Barcelona.<\/p>\n","protected":false},"excerpt":{"rendered":"<p>FiraGran 2022, el Sal\u00f3n de la Gente Mayor de Catalu\u00f1a, vuelve del 19 al 21 de octubre en La Farga Centro de Actividades para promover el envejecimiento activo de las personas mayores.<\/p>\n","protected":false},"author":5,"featured_media":16791,"comment_status":"closed","ping_status":"closed","sticky":false,"template":"","format":"standard","meta":{"inline_featured_image":false,"_uag_custom_page_level_css":"","_monsterinsights_skip_tracking":false,"_monsterinsights_sitenote_active":false,"_monsterinsights_sitenote_note":"","_monsterinsights_sitenote_category":0,"site-sidebar-layout":"default","site-content-layout":"","ast-site-content-layout":"default","site-content-style":"default","site-sidebar-style":"default","ast-global-header-display":"","ast-banner-title-visibility":"","ast-main-header-display":"","ast-hfb-above-header-display":"","ast-hfb-below-header-display":"","ast-hfb-mobile-header-display":"","site-post-title":"","ast-breadcrumbs-content":"","ast-featured-img":"","footer-sml-layout":"","ast-disable-related-posts":"","theme-transparent-header-meta":"","adv-header-id-meta":"","stick-header-meta":"","header-above-stick-meta":"","header-main-stick-meta":"","header-below-stick-meta":"","astra-migrate-meta-layouts":"default","ast-page-background-enabled":"default","ast-page-background-meta":{"desktop":{"background-color":"var(--ast-global-color-4)","background-image":"","background-repeat":"repeat","background-position":"center center","background-size":"auto","background-attachment":"scroll","background-type":"","background-media":"","overlay-type":"","overlay-color":"","overlay-opacity":"","overlay-gradient":""},"tablet":{"background-color":"","background-image":"","background-repeat":"repeat","background-position":"center center","background-size":"auto","background-attachment":"scroll","background-type":"","background-media":"","overlay-type":"","overlay-color":"","overlay-opacity":"","overlay-gradient":""},"mobile":{"background-color":"","background-image":"","background-repeat":"repeat","background-position":"center center","background-size":"auto","background-attachment":"scroll","background-type":"","background-media":"","overlay-type":"","overlay-color":"","overlay-opacity":"","overlay-gradient":""}},"ast-content-background-meta":{"desktop":{"background-color":"var(--ast-global-color-5)","background-image":"","background-repeat":"repeat","background-position":"center center","background-size":"auto","background-attachment":"scroll","background-type":"","background-media":"","overlay-type":"","overlay-color":"","overlay-opacity":"","overlay-gradient":""},"tablet":{"background-color":"var(--ast-global-color-5)","background-image":"","background-repeat":"repeat","background-position":"center center","background-size":"auto","background-attachment":"scroll","background-type":"","background-media":"","overlay-type":"","overlay-color":"","overlay-opacity":"","overlay-gradient":""},"mobile":{"background-color":"var(--ast-global-color-5)","background-image":"","background-repeat":"repeat","background-position":"center center","background-size":"auto","background-attachment":"scroll","background-type":"","background-media":"","overlay-type":"","overlay-color":"","overlay-opacity":"","overlay-gradient":""}},"footnotes":""},"categories":[73],"tags":[],"class_list":["post-16793","post","type-post","status-publish","format-standard","has-post-thumbnail","hentry","category-centro-de-actividades"],"yoast_head":"<!-- This site is optimized with the Yoast SEO plugin v27.5 - https:\/\/yoast.com\/product\/yoast-seo-wordpress\/ -->\n<title>Llega una nueva edici\u00f3n de FiraGran con m\u00e1s de 300 actividades - La Farga Gesti\u00f3n de Equipamientos Municipales, S.A.<\/title>\n<meta name=\"description\" content=\"FiraGran 2022, el Sal\u00f3 de la Gent Gran de Catalunya, torna del 19 al 21 d\u2019octubre a La Farga Centre d\u2019Activitats.\" \/>\n<meta name=\"robots\" content=\"index, follow, max-snippet:-1, max-image-preview:large, max-video-preview:-1\" \/>\n<link rel=\"canonical\" href=\"https:\/\/www.lafarga.com\/corporatiu\/llega-una-nueva-edicion-de-firagran-con-mas-de-300-actividades\/\" \/>\n<meta property=\"og:locale\" content=\"ca_ES\" \/>\n<meta property=\"og:type\" content=\"article\" \/>\n<meta property=\"og:title\" content=\"Llega una nueva edici\u00f3n de FiraGran con m\u00e1s de 300 actividades - La Farga Gesti\u00f3n de Equipamientos Municipales, S.A.\" \/>\n<meta property=\"og:description\" content=\"FiraGran 2022, el Sal\u00f3 de la Gent Gran de Catalunya, torna del 19 al 21 d\u2019octubre a La Farga Centre d\u2019Activitats.\" \/>\n<meta property=\"og:url\" content=\"https:\/\/www.lafarga.com\/corporatiu\/llega-una-nueva-edicion-de-firagran-con-mas-de-300-actividades\/\" \/>\n<meta property=\"og:site_name\" content=\"La Farga Gesti\u00f3n de Equipamientos Municipales, S.A.\" \/>\n<meta property=\"article:published_time\" content=\"2022-10-17T10:20:00+00:00\" \/>\n<meta property=\"article:modified_time\" content=\"2022-10-18T10:22:39+00:00\" \/>\n<meta property=\"og:image\" content=\"https:\/\/www.lafarga.com\/corporatiu\/wp-content\/uploads\/2022\/10\/Fira-Gran22-LaFarga.jpg\" \/>\n\t<meta property=\"og:image:width\" content=\"730\" \/>\n\t<meta property=\"og:image:height\" content=\"410\" \/>\n\t<meta property=\"og:image:type\" content=\"image\/jpeg\" \/>\n<meta name=\"author\" content=\"\u00d2scar Milla\" \/>\n<meta name=\"twitter:label1\" content=\"Escrit per\" \/>\n\t<meta name=\"twitter:data1\" content=\"\u00d2scar Milla\" \/>\n\t<meta name=\"twitter:label2\" content=\"Temps estimat de lectura\" \/>\n\t<meta name=\"twitter:data2\" content=\"4 minuts\" \/>\n<script type=\"application\/ld+json\" class=\"yoast-schema-graph\">{\"@context\":\"https:\\\/\\\/schema.org\",\"@graph\":[{\"@type\":\"Article\",\"@id\":\"https:\\\/\\\/www.lafarga.com\\\/corporatiu\\\/llega-una-nueva-edicion-de-firagran-con-mas-de-300-actividades\\\/#article\",\"isPartOf\":{\"@id\":\"https:\\\/\\\/www.lafarga.com\\\/corporatiu\\\/llega-una-nueva-edicion-de-firagran-con-mas-de-300-actividades\\\/\"},\"author\":{\"name\":\"\u00d2scar Milla\",\"@id\":\"https:\\\/\\\/www.lafarga.com\\\/corporatiu\\\/#\\\/schema\\\/person\\\/70d96fe17d0da1a9c9e80d232bdbcf33\"},\"headline\":\"Llega una nueva edici\u00f3n de FiraGran con m\u00e1s de 300 actividades\",\"datePublished\":\"2022-10-17T10:20:00+00:00\",\"dateModified\":\"2022-10-18T10:22:39+00:00\",\"mainEntityOfPage\":{\"@id\":\"https:\\\/\\\/www.lafarga.com\\\/corporatiu\\\/llega-una-nueva-edicion-de-firagran-con-mas-de-300-actividades\\\/\"},\"wordCount\":693,\"publisher\":{\"@id\":\"https:\\\/\\\/www.lafarga.com\\\/corporatiu\\\/#organization\"},\"image\":{\"@id\":\"https:\\\/\\\/www.lafarga.com\\\/corporatiu\\\/llega-una-nueva-edicion-de-firagran-con-mas-de-300-actividades\\\/#primaryimage\"},\"thumbnailUrl\":\"https:\\\/\\\/www.lafarga.com\\\/corporatiu\\\/wp-content\\\/uploads\\\/2022\\\/10\\\/Fira-Gran22-LaFarga.jpg\",\"articleSection\":[\"Centro de Actividades\"],\"inLanguage\":\"ca\"},{\"@type\":\"WebPage\",\"@id\":\"https:\\\/\\\/www.lafarga.com\\\/corporatiu\\\/llega-una-nueva-edicion-de-firagran-con-mas-de-300-actividades\\\/\",\"url\":\"https:\\\/\\\/www.lafarga.com\\\/corporatiu\\\/llega-una-nueva-edicion-de-firagran-con-mas-de-300-actividades\\\/\",\"name\":\"Llega una nueva edici\u00f3n de FiraGran con m\u00e1s de 300 actividades - La Farga Gesti\u00f3n de Equipamientos Municipales, S.A.\",\"isPartOf\":{\"@id\":\"https:\\\/\\\/www.lafarga.com\\\/corporatiu\\\/#website\"},\"primaryImageOfPage\":{\"@id\":\"https:\\\/\\\/www.lafarga.com\\\/corporatiu\\\/llega-una-nueva-edicion-de-firagran-con-mas-de-300-actividades\\\/#primaryimage\"},\"image\":{\"@id\":\"https:\\\/\\\/www.lafarga.com\\\/corporatiu\\\/llega-una-nueva-edicion-de-firagran-con-mas-de-300-actividades\\\/#primaryimage\"},\"thumbnailUrl\":\"https:\\\/\\\/www.lafarga.com\\\/corporatiu\\\/wp-content\\\/uploads\\\/2022\\\/10\\\/Fira-Gran22-LaFarga.jpg\",\"datePublished\":\"2022-10-17T10:20:00+00:00\",\"dateModified\":\"2022-10-18T10:22:39+00:00\",\"description\":\"FiraGran 2022, el Sal\u00f3 de la Gent Gran de Catalunya, torna del 19 al 21 d\u2019octubre a La Farga Centre d\u2019Activitats.\",\"breadcrumb\":{\"@id\":\"https:\\\/\\\/www.lafarga.com\\\/corporatiu\\\/llega-una-nueva-edicion-de-firagran-con-mas-de-300-actividades\\\/#breadcrumb\"},\"inLanguage\":\"ca\",\"potentialAction\":[{\"@type\":\"ReadAction\",\"target\":[\"https:\\\/\\\/www.lafarga.com\\\/corporatiu\\\/llega-una-nueva-edicion-de-firagran-con-mas-de-300-actividades\\\/\"]}]},{\"@type\":\"ImageObject\",\"inLanguage\":\"ca\",\"@id\":\"https:\\\/\\\/www.lafarga.com\\\/corporatiu\\\/llega-una-nueva-edicion-de-firagran-con-mas-de-300-actividades\\\/#primaryimage\",\"url\":\"https:\\\/\\\/www.lafarga.com\\\/corporatiu\\\/wp-content\\\/uploads\\\/2022\\\/10\\\/Fira-Gran22-LaFarga.jpg\",\"contentUrl\":\"https:\\\/\\\/www.lafarga.com\\\/corporatiu\\\/wp-content\\\/uploads\\\/2022\\\/10\\\/Fira-Gran22-LaFarga.jpg\",\"width\":730,\"height\":410,\"caption\":\"FiraGran\"},{\"@type\":\"BreadcrumbList\",\"@id\":\"https:\\\/\\\/www.lafarga.com\\\/corporatiu\\\/llega-una-nueva-edicion-de-firagran-con-mas-de-300-actividades\\\/#breadcrumb\",\"itemListElement\":[{\"@type\":\"ListItem\",\"position\":1,\"name\":\"Home\",\"item\":\"https:\\\/\\\/www.lafarga.com\\\/corporatiu\\\/lafarga-hospitalet-llobregat\\\/\"},{\"@type\":\"ListItem\",\"position\":2,\"name\":\"Llega una nueva edici\u00f3n de FiraGran con m\u00e1s de 300 actividades\"}]},{\"@type\":\"WebSite\",\"@id\":\"https:\\\/\\\/www.lafarga.com\\\/corporatiu\\\/#website\",\"url\":\"https:\\\/\\\/www.lafarga.com\\\/corporatiu\\\/\",\"name\":\"La Farga Gesti\u00f3 d&#039;Equipaments Municipals, SA\",\"description\":\"\",\"publisher\":{\"@id\":\"https:\\\/\\\/www.lafarga.com\\\/corporatiu\\\/#organization\"},\"potentialAction\":[{\"@type\":\"SearchAction\",\"target\":{\"@type\":\"EntryPoint\",\"urlTemplate\":\"https:\\\/\\\/www.lafarga.com\\\/corporatiu\\\/?s={search_term_string}\"},\"query-input\":{\"@type\":\"PropertyValueSpecification\",\"valueRequired\":true,\"valueName\":\"search_term_string\"}}],\"inLanguage\":\"ca\"},{\"@type\":\"Organization\",\"@id\":\"https:\\\/\\\/www.lafarga.com\\\/corporatiu\\\/#organization\",\"name\":\"La Farga Gesti\u00f3 d&#039;Equipaments Municipals, SA\",\"url\":\"https:\\\/\\\/www.lafarga.com\\\/corporatiu\\\/\",\"logo\":{\"@type\":\"ImageObject\",\"inLanguage\":\"ca\",\"@id\":\"https:\\\/\\\/www.lafarga.com\\\/corporatiu\\\/#\\\/schema\\\/logo\\\/image\\\/\",\"url\":\"https:\\\/\\\/www.lafarga.com\\\/corporatiu\\\/wp-content\\\/uploads\\\/2023\\\/11\\\/logotipo_lafarga_gemsa.svg\",\"contentUrl\":\"https:\\\/\\\/www.lafarga.com\\\/corporatiu\\\/wp-content\\\/uploads\\\/2023\\\/11\\\/logotipo_lafarga_gemsa.svg\",\"width\":102,\"height\":103,\"caption\":\"La Farga Gesti\u00f3 d&#039;Equipaments Municipals, SA\"},\"image\":{\"@id\":\"https:\\\/\\\/www.lafarga.com\\\/corporatiu\\\/#\\\/schema\\\/logo\\\/image\\\/\"}},{\"@type\":\"Person\",\"@id\":\"https:\\\/\\\/www.lafarga.com\\\/corporatiu\\\/#\\\/schema\\\/person\\\/70d96fe17d0da1a9c9e80d232bdbcf33\",\"name\":\"\u00d2scar Milla\",\"image\":{\"@type\":\"ImageObject\",\"inLanguage\":\"ca\",\"@id\":\"https:\\\/\\\/secure.gravatar.com\\\/avatar\\\/92e75d184f9d5e0e403bd4ad075b080ad258344ddc259adddb579f6a3ba6494f?s=96&d=mm&r=g\",\"url\":\"https:\\\/\\\/secure.gravatar.com\\\/avatar\\\/92e75d184f9d5e0e403bd4ad075b080ad258344ddc259adddb579f6a3ba6494f?s=96&d=mm&r=g\",\"contentUrl\":\"https:\\\/\\\/secure.gravatar.com\\\/avatar\\\/92e75d184f9d5e0e403bd4ad075b080ad258344ddc259adddb579f6a3ba6494f?s=96&d=mm&r=g\",\"caption\":\"\u00d2scar Milla\"},\"url\":\"https:\\\/\\\/www.lafarga.com\\\/corporatiu\\\/author\\\/omilla\\\/\"}]}<\/script>\n<!-- \/ Yoast SEO plugin. -->","yoast_head_json":{"title":"Llega una nueva edici\u00f3n de FiraGran con m\u00e1s de 300 actividades - La Farga Gesti\u00f3n de Equipamientos Municipales, S.A.","description":"FiraGran 2022, el Sal\u00f3 de la Gent Gran de Catalunya, torna del 19 al 21 d\u2019octubre a La Farga Centre d\u2019Activitats.","robots":{"index":"index","follow":"follow","max-snippet":"max-snippet:-1","max-image-preview":"max-image-preview:large","max-video-preview":"max-video-preview:-1"},"canonical":"https:\/\/www.lafarga.com\/corporatiu\/llega-una-nueva-edicion-de-firagran-con-mas-de-300-actividades\/","og_locale":"ca_ES","og_type":"article","og_title":"Llega una nueva edici\u00f3n de FiraGran con m\u00e1s de 300 actividades - La Farga Gesti\u00f3n de Equipamientos Municipales, S.A.","og_description":"FiraGran 2022, el Sal\u00f3 de la Gent Gran de Catalunya, torna del 19 al 21 d\u2019octubre a La Farga Centre d\u2019Activitats.","og_url":"https:\/\/www.lafarga.com\/corporatiu\/llega-una-nueva-edicion-de-firagran-con-mas-de-300-actividades\/","og_site_name":"La Farga Gesti\u00f3n de Equipamientos Municipales, S.A.","article_published_time":"2022-10-17T10:20:00+00:00","article_modified_time":"2022-10-18T10:22:39+00:00","og_image":[{"width":730,"height":410,"url":"https:\/\/www.lafarga.com\/corporatiu\/wp-content\/uploads\/2022\/10\/Fira-Gran22-LaFarga.jpg","type":"image\/jpeg"}],"author":"\u00d2scar Milla","twitter_misc":{"Escrit per":"\u00d2scar Milla","Temps estimat de lectura":"4 minuts"},"schema":{"@context":"https:\/\/schema.org","@graph":[{"@type":"Article","@id":"https:\/\/www.lafarga.com\/corporatiu\/llega-una-nueva-edicion-de-firagran-con-mas-de-300-actividades\/#article","isPartOf":{"@id":"https:\/\/www.lafarga.com\/corporatiu\/llega-una-nueva-edicion-de-firagran-con-mas-de-300-actividades\/"},"author":{"name":"\u00d2scar Milla","@id":"https:\/\/www.lafarga.com\/corporatiu\/#\/schema\/person\/70d96fe17d0da1a9c9e80d232bdbcf33"},"headline":"Llega una nueva edici\u00f3n de FiraGran con m\u00e1s de 300 actividades","datePublished":"2022-10-17T10:20:00+00:00","dateModified":"2022-10-18T10:22:39+00:00","mainEntityOfPage":{"@id":"https:\/\/www.lafarga.com\/corporatiu\/llega-una-nueva-edicion-de-firagran-con-mas-de-300-actividades\/"},"wordCount":693,"publisher":{"@id":"https:\/\/www.lafarga.com\/corporatiu\/#organization"},"image":{"@id":"https:\/\/www.lafarga.com\/corporatiu\/llega-una-nueva-edicion-de-firagran-con-mas-de-300-actividades\/#primaryimage"},"thumbnailUrl":"https:\/\/www.lafarga.com\/corporatiu\/wp-content\/uploads\/2022\/10\/Fira-Gran22-LaFarga.jpg","articleSection":["Centro de Actividades"],"inLanguage":"ca"},{"@type":"WebPage","@id":"https:\/\/www.lafarga.com\/corporatiu\/llega-una-nueva-edicion-de-firagran-con-mas-de-300-actividades\/","url":"https:\/\/www.lafarga.com\/corporatiu\/llega-una-nueva-edicion-de-firagran-con-mas-de-300-actividades\/","name":"Llega una nueva edici\u00f3n de FiraGran con m\u00e1s de 300 actividades - La Farga Gesti\u00f3n de Equipamientos Municipales, S.A.","isPartOf":{"@id":"https:\/\/www.lafarga.com\/corporatiu\/#website"},"primaryImageOfPage":{"@id":"https:\/\/www.lafarga.com\/corporatiu\/llega-una-nueva-edicion-de-firagran-con-mas-de-300-actividades\/#primaryimage"},"image":{"@id":"https:\/\/www.lafarga.com\/corporatiu\/llega-una-nueva-edicion-de-firagran-con-mas-de-300-actividades\/#primaryimage"},"thumbnailUrl":"https:\/\/www.lafarga.com\/corporatiu\/wp-content\/uploads\/2022\/10\/Fira-Gran22-LaFarga.jpg","datePublished":"2022-10-17T10:20:00+00:00","dateModified":"2022-10-18T10:22:39+00:00","description":"FiraGran 2022, el Sal\u00f3 de la Gent Gran de Catalunya, torna del 19 al 21 d\u2019octubre a La Farga Centre d\u2019Activitats.","breadcrumb":{"@id":"https:\/\/www.lafarga.com\/corporatiu\/llega-una-nueva-edicion-de-firagran-con-mas-de-300-actividades\/#breadcrumb"},"inLanguage":"ca","potentialAction":[{"@type":"ReadAction","target":["https:\/\/www.lafarga.com\/corporatiu\/llega-una-nueva-edicion-de-firagran-con-mas-de-300-actividades\/"]}]},{"@type":"ImageObject","inLanguage":"ca","@id":"https:\/\/www.lafarga.com\/corporatiu\/llega-una-nueva-edicion-de-firagran-con-mas-de-300-actividades\/#primaryimage","url":"https:\/\/www.lafarga.com\/corporatiu\/wp-content\/uploads\/2022\/10\/Fira-Gran22-LaFarga.jpg","contentUrl":"https:\/\/www.lafarga.com\/corporatiu\/wp-content\/uploads\/2022\/10\/Fira-Gran22-LaFarga.jpg","width":730,"height":410,"caption":"FiraGran"},{"@type":"BreadcrumbList","@id":"https:\/\/www.lafarga.com\/corporatiu\/llega-una-nueva-edicion-de-firagran-con-mas-de-300-actividades\/#breadcrumb","itemListElement":[{"@type":"ListItem","position":1,"name":"Home","item":"https:\/\/www.lafarga.com\/corporatiu\/lafarga-hospitalet-llobregat\/"},{"@type":"ListItem","position":2,"name":"Llega una nueva edici\u00f3n de FiraGran con m\u00e1s de 300 actividades"}]},{"@type":"WebSite","@id":"https:\/\/www.lafarga.com\/corporatiu\/#website","url":"https:\/\/www.lafarga.com\/corporatiu\/","name":"La Farga Gesti\u00f3 d&#039;Equipaments Municipals, SA","description":"","publisher":{"@id":"https:\/\/www.lafarga.com\/corporatiu\/#organization"},"potentialAction":[{"@type":"SearchAction","target":{"@type":"EntryPoint","urlTemplate":"https:\/\/www.lafarga.com\/corporatiu\/?s={search_term_string}"},"query-input":{"@type":"PropertyValueSpecification","valueRequired":true,"valueName":"search_term_string"}}],"inLanguage":"ca"},{"@type":"Organization","@id":"https:\/\/www.lafarga.com\/corporatiu\/#organization","name":"La Farga Gesti\u00f3 d&#039;Equipaments Municipals, SA","url":"https:\/\/www.lafarga.com\/corporatiu\/","logo":{"@type":"ImageObject","inLanguage":"ca","@id":"https:\/\/www.lafarga.com\/corporatiu\/#\/schema\/logo\/image\/","url":"https:\/\/www.lafarga.com\/corporatiu\/wp-content\/uploads\/2023\/11\/logotipo_lafarga_gemsa.svg","contentUrl":"https:\/\/www.lafarga.com\/corporatiu\/wp-content\/uploads\/2023\/11\/logotipo_lafarga_gemsa.svg","width":102,"height":103,"caption":"La Farga Gesti\u00f3 d&#039;Equipaments Municipals, SA"},"image":{"@id":"https:\/\/www.lafarga.com\/corporatiu\/#\/schema\/logo\/image\/"}},{"@type":"Person","@id":"https:\/\/www.lafarga.com\/corporatiu\/#\/schema\/person\/70d96fe17d0da1a9c9e80d232bdbcf33","name":"\u00d2scar Milla","image":{"@type":"ImageObject","inLanguage":"ca","@id":"https:\/\/secure.gravatar.com\/avatar\/92e75d184f9d5e0e403bd4ad075b080ad258344ddc259adddb579f6a3ba6494f?s=96&d=mm&r=g","url":"https:\/\/secure.gravatar.com\/avatar\/92e75d184f9d5e0e403bd4ad075b080ad258344ddc259adddb579f6a3ba6494f?s=96&d=mm&r=g","contentUrl":"https:\/\/secure.gravatar.com\/avatar\/92e75d184f9d5e0e403bd4ad075b080ad258344ddc259adddb579f6a3ba6494f?s=96&d=mm&r=g","caption":"\u00d2scar Milla"},"url":"https:\/\/www.lafarga.com\/corporatiu\/author\/omilla\/"}]}},"uagb_featured_image_src":{"full":["https:\/\/www.lafarga.com\/corporatiu\/wp-content\/uploads\/2022\/10\/Fira-Gran22-LaFarga.jpg",730,410,false],"thumbnail":["https:\/\/www.lafarga.com\/corporatiu\/wp-content\/uploads\/2022\/10\/Fira-Gran22-LaFarga-150x150.jpg",150,150,true],"medium":["https:\/\/www.lafarga.com\/corporatiu\/wp-content\/uploads\/2022\/10\/Fira-Gran22-LaFarga-300x168.jpg",300,168,true],"medium_large":["https:\/\/www.lafarga.com\/corporatiu\/wp-content\/uploads\/2022\/10\/Fira-Gran22-LaFarga.jpg",730,410,false],"large":["https:\/\/www.lafarga.com\/corporatiu\/wp-content\/uploads\/2022\/10\/Fira-Gran22-LaFarga.jpg",730,410,false],"1536x1536":["https:\/\/www.lafarga.com\/corporatiu\/wp-content\/uploads\/2022\/10\/Fira-Gran22-LaFarga.jpg",730,410,false],"2048x2048":["https:\/\/www.lafarga.com\/corporatiu\/wp-content\/uploads\/2022\/10\/Fira-Gran22-LaFarga.jpg",730,410,false],"mailpoet_newsletter_max":["https:\/\/www.lafarga.com\/corporatiu\/wp-content\/uploads\/2022\/10\/Fira-Gran22-LaFarga.jpg",730,410,false]},"uagb_author_info":{"display_name":"\u00d2scar Milla","author_link":"https:\/\/www.lafarga.com\/corporatiu\/author\/omilla\/"},"uagb_comment_info":0,"uagb_excerpt":"FiraGran 2022, el Sal\u00f3n de la Gente Mayor de Catalu\u00f1a, vuelve del 19 al 21 de octubre en La Farga Centro de Actividades para promover el envejecimiento activo de las personas mayores.","_links":{"self":[{"href":"https:\/\/www.lafarga.com\/corporatiu\/wp-json\/wp\/v2\/posts\/16793","targetHints":{"allow":["GET"]}}],"collection":[{"href":"https:\/\/www.lafarga.com\/corporatiu\/wp-json\/wp\/v2\/posts"}],"about":[{"href":"https:\/\/www.lafarga.com\/corporatiu\/wp-json\/wp\/v2\/types\/post"}],"author":[{"embeddable":true,"href":"https:\/\/www.lafarga.com\/corporatiu\/wp-json\/wp\/v2\/users\/5"}],"replies":[{"embeddable":true,"href":"https:\/\/www.lafarga.com\/corporatiu\/wp-json\/wp\/v2\/comments?post=16793"}],"version-history":[{"count":2,"href":"https:\/\/www.lafarga.com\/corporatiu\/wp-json\/wp\/v2\/posts\/16793\/revisions"}],"predecessor-version":[{"id":16796,"href":"https:\/\/www.lafarga.com\/corporatiu\/wp-json\/wp\/v2\/posts\/16793\/revisions\/16796"}],"wp:featuredmedia":[{"embeddable":true,"href":"https:\/\/www.lafarga.com\/corporatiu\/wp-json\/wp\/v2\/media\/16791"}],"wp:attachment":[{"href":"https:\/\/www.lafarga.com\/corporatiu\/wp-json\/wp\/v2\/media?parent=16793"}],"wp:term":[{"taxonomy":"category","embeddable":true,"href":"https:\/\/www.lafarga.com\/corporatiu\/wp-json\/wp\/v2\/categories?post=16793"},{"taxonomy":"post_tag","embeddable":true,"href":"https:\/\/www.lafarga.com\/corporatiu\/wp-json\/wp\/v2\/tags?post=16793"}],"curies":[{"name":"wp","href":"https:\/\/api.w.org\/{rel}","templated":true}]}}