{"id":16789,"date":"2022-10-17T10:05:14","date_gmt":"2022-10-17T10:05:14","guid":{"rendered":"http:\/\/www.lafarga.com\/corporatiu\/?p=16789"},"modified":"2022-10-18T10:24:15","modified_gmt":"2022-10-18T10:24:15","slug":"arriba-una-nova-edicio-de-firagran-amb-mes-de-300-activitats","status":"publish","type":"post","link":"https:\/\/www.lafarga.com\/corporatiu\/arriba-una-nova-edicio-de-firagran-amb-mes-de-300-activitats\/","title":{"rendered":"Arriba una nova edici\u00f3 de FiraGran amb m\u00e9s de 300 activitats"},"content":{"rendered":"\n<h5 class=\"wp-block-heading\">El Sal\u00f3 de la Gent Gran de Catalunya torna a La Farga de L&#8217;Hospitalet del 19 al 21 d\u2019octubre<\/h5>\n\n\n\n<p>FiraGran 2022, el Sal\u00f3 de la Gent Gran de Catalunya, torna del 19 al 21 d\u2019octubre a La Farga Centre d\u2019Activitats per promoure l\u2019envelliment actiu de les persones grans. Despr\u00e9s de l\u2019aturada per la pand\u00e8mia de la Covid-19, l\u2019edici\u00f3 anterior va superar els 10.000 visitants. L\u2019esdeveniment s\u2019emmarca en la programaci\u00f3 d\u2019activitats del&nbsp;<a href=\"https:\/\/www.l-h.cat\/detallnoticia.aspx?1gCQ8xilLvxXMW0pUPJtz4tbxujHwof2aqazCna2YFqazA5jq9YnBCSR2lFrgudEBpoqmKV\"><strong>Mes de la Gent Gran<\/strong><\/a>, que t\u00e9 lloc a la ciutat del 30 de setembre al 21 d\u2019octubre. L\u2019acte d\u2019inauguraci\u00f3 ser\u00e0 el dimecres 19 d\u2019octubre a les 11 h.&nbsp;<\/p>\n\n\n\n<p>L\u2019objectiu de la Fira \u00e9s seguir sent un referent a Europa en esdeveniments adre\u00e7ats a les persones grans. Aquesta edici\u00f3 inclou m\u00e9s de 300 activitats gratu\u00eftes, entre les quals destaca un di\u00e0leg sobre envelliment. Finalment, Manuela Carmena, exalcaldessa de Madrid, no podr\u00e0 assistir a l\u2019acte, i la ponent ser\u00e0 Gemma Lienas, escriptora i pol\u00edtica. El di\u00e0leg el conduir\u00e0 la periodista Milagros P\u00e9rez Oliva, el dilluns 17 d\u2019octubre a les 17 h, a l\u2019Auditori de La Farga. &nbsp;<\/p>\n\n\n\n<p>I tamb\u00e9 es far\u00e0 una gran caminada per a majors de 60 anys, el divendres 21 d\u2019octubre, que recorrer\u00e0 els carrers i parcs de L\u2019Hospitalet de Llobregat, amb&nbsp;<a href=\"https:\/\/firagran.com\/salo-de-la-gent-gran-de-catalunya\/caminada-firagran\/\"><strong>inscripci\u00f3 pr\u00e8via<\/strong><\/a>. I, per primera vegada, s\u2019organitzar\u00e0 una bicicletada, que sortir\u00e0 des de Barcelona per arribar fins al recinte firal.&nbsp;<\/p>\n\n\n\n<h5 class=\"wp-block-heading\">Acc\u00e9s gratu\u00eft<\/h5>\n\n\n\n<p>L\u2019acc\u00e9s \u00e9s lliure i s\u2019hi poden trobar tallers per estimular la mem\u00f2ria, un concurs de&nbsp;<em>country<\/em>, una&nbsp;<em>master class<\/em>&nbsp;de m\u00fasica i moviment, una trobada sardanista, un festival de corals, un espai de manualitats, m\u00fasica, esports, sessions de teatre i de tai-txi i el concert de fi de festa amb el grup&nbsp;<em>son<\/em>&nbsp;cub\u00e0 Son de la Rambla.&nbsp;<\/p>\n\n\n\n<p>FiraGran tamb\u00e9 ofereix l\u2019oportunitat d\u2019assistir a confer\u00e8ncies i col\u00b7loquis sobre aquells temes que interessen i preocupen a les persones grans. Es tractaran q\u00fcestions com l\u2019<em>edatisme<\/em>, la participaci\u00f3 de les persones grans i la seva incid\u00e8ncia en la societat, consells de seguretat i de prevenci\u00f3 i autoprotecci\u00f3 d\u2019incendis dom\u00e8stics o l\u2019abordatge i els drets al final de la vida, entre molts altres. Totes les activitats es poden consultar al&nbsp;<a href=\"https:\/\/www.l-h.cat\/utils\/obreFitxer.ashx?Fw9EVw48XS6uVQlwLZ93xUqazC8pQ6hsIH8e4KKCNqazAlkXDDqazA2h3rCMDAa93YRTHjOjY\"><strong>programa del Mes de la Gent Gran<\/strong><\/a>&nbsp;i a la&nbsp;<a href=\"https:\/\/firagran.com\/salo-de-la-gent-gran-de-catalunya\/\"><strong>web de FiraGran 2022<\/strong><\/a>.&nbsp;<\/p>\n\n\n\n<p>La necessitat d\u2019actualitzar l\u2019indicador de renda de sufici\u00e8ncia a Catalunya, requisit que serveix per garantir l\u2019acc\u00e9s de les persones grans a certes prestacions socials i que no ha augmentat des de 2011, \u00e9s una de les revindicacions de les entitats de gent gran presents a FiraGran i que centrar\u00e0 el col\u00b7loqui organitzat per la Plataforma Unit\u00e0ria de la Gent Gran de Catalunya, constitu\u00efda per aquest motiu.<\/p>\n\n\n\n<h5 class=\"wp-block-heading\">Simulador dels s\u00edmptomes de dem\u00e8ncia, un circuit pioner &nbsp;<\/h5>\n\n\n\n<p>A FiraGran 2022 hi haur\u00e0 dos espais nous: un&nbsp;<em>speaking corner<\/em>&nbsp;(digues-hi la teva), on qualsevol visitant podr\u00e0 exposar a la resta aquells temes que s\u00f3n del seu inter\u00e8s, i un simulador de s\u00edmptomes de dem\u00e8ncia, adre\u00e7at a sensibilitzar els cuidadors, que permetr\u00e0 a les persones que s\u2019hi apropin viure en la seva pr\u00f2pia pell els efectes del deteriorament cognitiu en les activitats de la vida di\u00e0ria, com vestir-se o alimentar-se.&nbsp;<\/p>\n\n\n\n<p>Aquesta fira \u00e9s tamb\u00e9 una oportunitat per tal que les persones grans puguin con\u00e8ixer els programes, serveis, iniciatives, solucions tecnol\u00f2giques i productes que ofereixen un centenar d\u2019empreses, entitats, organitzacions i institucions per millorar el seu benestar i la seva qualitat de vida.&nbsp;<\/p>\n\n\n\n<p>A l\u2019espai dels expositors, les persones grans que s\u2019hi apropin podran participar en tallers i xerrades per mantenir la seva salut, fer-se proves gratu\u00eftes de tensi\u00f3 arterial, d\u2019o\u00efda, de glucosa i de la vista, accedir a sessions de manicura i bellesa i con\u00e8ixer els programes universitaris per seguir amb la seva formaci\u00f3.&nbsp;<\/p>\n\n\n\n<p>FiraGran 2022 t\u00e9 el suport de la Generalitat de Catalunya, la Diputaci\u00f3 de Barcelona, l\u2019Ajuntament de L\u2019Hospitalet de Llobregat i l\u2019Ajuntament de Barcelona.&nbsp;<\/p>\n","protected":false},"excerpt":{"rendered":"<p>FiraGran 2022, el Sal\u00f3 de la Gent Gran de Catalunya, torna del 19 al 21 d\u2019octubre a La Farga Centre d\u2019Activitats per promoure l\u2019envelliment actiu de les persones grans.<\/p>\n","protected":false},"author":5,"featured_media":16791,"comment_status":"closed","ping_status":"closed","sticky":false,"template":"","format":"standard","meta":{"inline_featured_image":false,"_uag_custom_page_level_css":"","_monsterinsights_skip_tracking":false,"_monsterinsights_sitenote_active":false,"_monsterinsights_sitenote_note":"","_monsterinsights_sitenote_category":0,"site-sidebar-layout":"default","site-content-layout":"","ast-site-content-layout":"default","site-content-style":"default","site-sidebar-style":"default","ast-global-header-display":"","ast-banner-title-visibility":"","ast-main-header-display":"","ast-hfb-above-header-display":"","ast-hfb-below-header-display":"","ast-hfb-mobile-header-display":"","site-post-title":"","ast-breadcrumbs-content":"","ast-featured-img":"","footer-sml-layout":"","ast-disable-related-posts":"","theme-transparent-header-meta":"","adv-header-id-meta":"","stick-header-meta":"","header-above-stick-meta":"","header-main-stick-meta":"","header-below-stick-meta":"","astra-migrate-meta-layouts":"default","ast-page-background-enabled":"default","ast-page-background-meta":{"desktop":{"background-color":"var(--ast-global-color-4)","background-image":"","background-repeat":"repeat","background-position":"center center","background-size":"auto","background-attachment":"scroll","background-type":"","background-media":"","overlay-type":"","overlay-color":"","overlay-opacity":"","overlay-gradient":""},"tablet":{"background-color":"","background-image":"","background-repeat":"repeat","background-position":"center center","background-size":"auto","background-attachment":"scroll","background-type":"","background-media":"","overlay-type":"","overlay-color":"","overlay-opacity":"","overlay-gradient":""},"mobile":{"background-color":"","background-image":"","background-repeat":"repeat","background-position":"center center","background-size":"auto","background-attachment":"scroll","background-type":"","background-media":"","overlay-type":"","overlay-color":"","overlay-opacity":"","overlay-gradient":""}},"ast-content-background-meta":{"desktop":{"background-color":"var(--ast-global-color-5)","background-image":"","background-repeat":"repeat","background-position":"center center","background-size":"auto","background-attachment":"scroll","background-type":"","background-media":"","overlay-type":"","overlay-color":"","overlay-opacity":"","overlay-gradient":""},"tablet":{"background-color":"var(--ast-global-color-5)","background-image":"","background-repeat":"repeat","background-position":"center center","background-size":"auto","background-attachment":"scroll","background-type":"","background-media":"","overlay-type":"","overlay-color":"","overlay-opacity":"","overlay-gradient":""},"mobile":{"background-color":"var(--ast-global-color-5)","background-image":"","background-repeat":"repeat","background-position":"center center","background-size":"auto","background-attachment":"scroll","background-type":"","background-media":"","overlay-type":"","overlay-color":"","overlay-opacity":"","overlay-gradient":""}},"footnotes":""},"categories":[49],"tags":[],"class_list":["post-16789","post","type-post","status-publish","format-standard","has-post-thumbnail","hentry","category-centre-activitats"],"yoast_head":"<!-- This site is optimized with the Yoast SEO plugin v27.5 - https:\/\/yoast.com\/product\/yoast-seo-wordpress\/ -->\n<title>Arriba una nova edici\u00f3 de FiraGran amb m\u00e9s de 300 activitats - La Farga Gesti\u00f3n de Equipamientos Municipales, S.A.<\/title>\n<meta name=\"description\" content=\"FiraGran 2022, el Sal\u00f3 de la Gent Gran de Catalunya, torna del 19 al 21 d\u2019octubre a La Farga Centre d\u2019Activitats per promoure l\u2019envelliment actiu de les persones grans.\" \/>\n<meta name=\"robots\" content=\"index, follow, max-snippet:-1, max-image-preview:large, max-video-preview:-1\" \/>\n<link rel=\"canonical\" href=\"https:\/\/www.lafarga.com\/corporatiu\/arriba-una-nova-edicio-de-firagran-amb-mes-de-300-activitats\/\" \/>\n<meta property=\"og:locale\" content=\"ca_ES\" \/>\n<meta property=\"og:type\" content=\"article\" \/>\n<meta property=\"og:title\" content=\"Arriba una nova edici\u00f3 de FiraGran amb m\u00e9s de 300 activitats - La Farga Gesti\u00f3n de Equipamientos Municipales, S.A.\" \/>\n<meta property=\"og:description\" content=\"FiraGran 2022, el Sal\u00f3 de la Gent Gran de Catalunya, torna del 19 al 21 d\u2019octubre a La Farga Centre d\u2019Activitats per promoure l\u2019envelliment actiu de les persones grans.\" \/>\n<meta property=\"og:url\" content=\"https:\/\/www.lafarga.com\/corporatiu\/arriba-una-nova-edicio-de-firagran-amb-mes-de-300-activitats\/\" \/>\n<meta property=\"og:site_name\" content=\"La Farga Gesti\u00f3n de Equipamientos Municipales, S.A.\" \/>\n<meta property=\"article:published_time\" content=\"2022-10-17T10:05:14+00:00\" \/>\n<meta property=\"article:modified_time\" content=\"2022-10-18T10:24:15+00:00\" \/>\n<meta property=\"og:image\" content=\"https:\/\/www.lafarga.com\/corporatiu\/wp-content\/uploads\/2022\/10\/Fira-Gran22-LaFarga.jpg\" \/>\n\t<meta property=\"og:image:width\" content=\"730\" \/>\n\t<meta property=\"og:image:height\" content=\"410\" \/>\n\t<meta property=\"og:image:type\" content=\"image\/jpeg\" \/>\n<meta name=\"author\" content=\"\u00d2scar Milla\" \/>\n<meta name=\"twitter:label1\" content=\"Escrit per\" \/>\n\t<meta name=\"twitter:data1\" content=\"\u00d2scar Milla\" \/>\n\t<meta name=\"twitter:label2\" content=\"Temps estimat de lectura\" \/>\n\t<meta name=\"twitter:data2\" content=\"4 minuts\" \/>\n<script type=\"application\/ld+json\" class=\"yoast-schema-graph\">{\"@context\":\"https:\\\/\\\/schema.org\",\"@graph\":[{\"@type\":\"Article\",\"@id\":\"https:\\\/\\\/www.lafarga.com\\\/corporatiu\\\/arriba-una-nova-edicio-de-firagran-amb-mes-de-300-activitats\\\/#article\",\"isPartOf\":{\"@id\":\"https:\\\/\\\/www.lafarga.com\\\/corporatiu\\\/arriba-una-nova-edicio-de-firagran-amb-mes-de-300-activitats\\\/\"},\"author\":{\"name\":\"\u00d2scar Milla\",\"@id\":\"https:\\\/\\\/www.lafarga.com\\\/corporatiu\\\/#\\\/schema\\\/person\\\/70d96fe17d0da1a9c9e80d232bdbcf33\"},\"headline\":\"Arriba una nova edici\u00f3 de FiraGran amb m\u00e9s de 300 activitats\",\"datePublished\":\"2022-10-17T10:05:14+00:00\",\"dateModified\":\"2022-10-18T10:24:15+00:00\",\"mainEntityOfPage\":{\"@id\":\"https:\\\/\\\/www.lafarga.com\\\/corporatiu\\\/arriba-una-nova-edicio-de-firagran-amb-mes-de-300-activitats\\\/\"},\"wordCount\":721,\"publisher\":{\"@id\":\"https:\\\/\\\/www.lafarga.com\\\/corporatiu\\\/#organization\"},\"image\":{\"@id\":\"https:\\\/\\\/www.lafarga.com\\\/corporatiu\\\/arriba-una-nova-edicio-de-firagran-amb-mes-de-300-activitats\\\/#primaryimage\"},\"thumbnailUrl\":\"https:\\\/\\\/www.lafarga.com\\\/corporatiu\\\/wp-content\\\/uploads\\\/2022\\\/10\\\/Fira-Gran22-LaFarga.jpg\",\"articleSection\":[\"Centre d'Activitats\"],\"inLanguage\":\"ca\"},{\"@type\":\"WebPage\",\"@id\":\"https:\\\/\\\/www.lafarga.com\\\/corporatiu\\\/arriba-una-nova-edicio-de-firagran-amb-mes-de-300-activitats\\\/\",\"url\":\"https:\\\/\\\/www.lafarga.com\\\/corporatiu\\\/arriba-una-nova-edicio-de-firagran-amb-mes-de-300-activitats\\\/\",\"name\":\"Arriba una nova edici\u00f3 de FiraGran amb m\u00e9s de 300 activitats - La Farga Gesti\u00f3n de Equipamientos Municipales, S.A.\",\"isPartOf\":{\"@id\":\"https:\\\/\\\/www.lafarga.com\\\/corporatiu\\\/#website\"},\"primaryImageOfPage\":{\"@id\":\"https:\\\/\\\/www.lafarga.com\\\/corporatiu\\\/arriba-una-nova-edicio-de-firagran-amb-mes-de-300-activitats\\\/#primaryimage\"},\"image\":{\"@id\":\"https:\\\/\\\/www.lafarga.com\\\/corporatiu\\\/arriba-una-nova-edicio-de-firagran-amb-mes-de-300-activitats\\\/#primaryimage\"},\"thumbnailUrl\":\"https:\\\/\\\/www.lafarga.com\\\/corporatiu\\\/wp-content\\\/uploads\\\/2022\\\/10\\\/Fira-Gran22-LaFarga.jpg\",\"datePublished\":\"2022-10-17T10:05:14+00:00\",\"dateModified\":\"2022-10-18T10:24:15+00:00\",\"description\":\"FiraGran 2022, el Sal\u00f3 de la Gent Gran de Catalunya, torna del 19 al 21 d\u2019octubre a La Farga Centre d\u2019Activitats per promoure l\u2019envelliment actiu de les persones grans.\",\"breadcrumb\":{\"@id\":\"https:\\\/\\\/www.lafarga.com\\\/corporatiu\\\/arriba-una-nova-edicio-de-firagran-amb-mes-de-300-activitats\\\/#breadcrumb\"},\"inLanguage\":\"ca\",\"potentialAction\":[{\"@type\":\"ReadAction\",\"target\":[\"https:\\\/\\\/www.lafarga.com\\\/corporatiu\\\/arriba-una-nova-edicio-de-firagran-amb-mes-de-300-activitats\\\/\"]}]},{\"@type\":\"ImageObject\",\"inLanguage\":\"ca\",\"@id\":\"https:\\\/\\\/www.lafarga.com\\\/corporatiu\\\/arriba-una-nova-edicio-de-firagran-amb-mes-de-300-activitats\\\/#primaryimage\",\"url\":\"https:\\\/\\\/www.lafarga.com\\\/corporatiu\\\/wp-content\\\/uploads\\\/2022\\\/10\\\/Fira-Gran22-LaFarga.jpg\",\"contentUrl\":\"https:\\\/\\\/www.lafarga.com\\\/corporatiu\\\/wp-content\\\/uploads\\\/2022\\\/10\\\/Fira-Gran22-LaFarga.jpg\",\"width\":730,\"height\":410,\"caption\":\"FiraGran\"},{\"@type\":\"BreadcrumbList\",\"@id\":\"https:\\\/\\\/www.lafarga.com\\\/corporatiu\\\/arriba-una-nova-edicio-de-firagran-amb-mes-de-300-activitats\\\/#breadcrumb\",\"itemListElement\":[{\"@type\":\"ListItem\",\"position\":1,\"name\":\"Home\",\"item\":\"https:\\\/\\\/www.lafarga.com\\\/corporatiu\\\/lafarga-hospitalet-llobregat\\\/\"},{\"@type\":\"ListItem\",\"position\":2,\"name\":\"Arriba una nova edici\u00f3 de FiraGran amb m\u00e9s de 300 activitats\"}]},{\"@type\":\"WebSite\",\"@id\":\"https:\\\/\\\/www.lafarga.com\\\/corporatiu\\\/#website\",\"url\":\"https:\\\/\\\/www.lafarga.com\\\/corporatiu\\\/\",\"name\":\"La Farga Gesti\u00f3 d&#039;Equipaments Municipals, SA\",\"description\":\"\",\"publisher\":{\"@id\":\"https:\\\/\\\/www.lafarga.com\\\/corporatiu\\\/#organization\"},\"potentialAction\":[{\"@type\":\"SearchAction\",\"target\":{\"@type\":\"EntryPoint\",\"urlTemplate\":\"https:\\\/\\\/www.lafarga.com\\\/corporatiu\\\/?s={search_term_string}\"},\"query-input\":{\"@type\":\"PropertyValueSpecification\",\"valueRequired\":true,\"valueName\":\"search_term_string\"}}],\"inLanguage\":\"ca\"},{\"@type\":\"Organization\",\"@id\":\"https:\\\/\\\/www.lafarga.com\\\/corporatiu\\\/#organization\",\"name\":\"La Farga Gesti\u00f3 d&#039;Equipaments Municipals, SA\",\"url\":\"https:\\\/\\\/www.lafarga.com\\\/corporatiu\\\/\",\"logo\":{\"@type\":\"ImageObject\",\"inLanguage\":\"ca\",\"@id\":\"https:\\\/\\\/www.lafarga.com\\\/corporatiu\\\/#\\\/schema\\\/logo\\\/image\\\/\",\"url\":\"https:\\\/\\\/www.lafarga.com\\\/corporatiu\\\/wp-content\\\/uploads\\\/2023\\\/11\\\/logotipo_lafarga_gemsa.svg\",\"contentUrl\":\"https:\\\/\\\/www.lafarga.com\\\/corporatiu\\\/wp-content\\\/uploads\\\/2023\\\/11\\\/logotipo_lafarga_gemsa.svg\",\"width\":102,\"height\":103,\"caption\":\"La Farga Gesti\u00f3 d&#039;Equipaments Municipals, SA\"},\"image\":{\"@id\":\"https:\\\/\\\/www.lafarga.com\\\/corporatiu\\\/#\\\/schema\\\/logo\\\/image\\\/\"}},{\"@type\":\"Person\",\"@id\":\"https:\\\/\\\/www.lafarga.com\\\/corporatiu\\\/#\\\/schema\\\/person\\\/70d96fe17d0da1a9c9e80d232bdbcf33\",\"name\":\"\u00d2scar Milla\",\"image\":{\"@type\":\"ImageObject\",\"inLanguage\":\"ca\",\"@id\":\"https:\\\/\\\/secure.gravatar.com\\\/avatar\\\/92e75d184f9d5e0e403bd4ad075b080ad258344ddc259adddb579f6a3ba6494f?s=96&d=mm&r=g\",\"url\":\"https:\\\/\\\/secure.gravatar.com\\\/avatar\\\/92e75d184f9d5e0e403bd4ad075b080ad258344ddc259adddb579f6a3ba6494f?s=96&d=mm&r=g\",\"contentUrl\":\"https:\\\/\\\/secure.gravatar.com\\\/avatar\\\/92e75d184f9d5e0e403bd4ad075b080ad258344ddc259adddb579f6a3ba6494f?s=96&d=mm&r=g\",\"caption\":\"\u00d2scar Milla\"},\"url\":\"https:\\\/\\\/www.lafarga.com\\\/corporatiu\\\/author\\\/omilla\\\/\"}]}<\/script>\n<!-- \/ Yoast SEO plugin. -->","yoast_head_json":{"title":"Arriba una nova edici\u00f3 de FiraGran amb m\u00e9s de 300 activitats - La Farga Gesti\u00f3n de Equipamientos Municipales, S.A.","description":"FiraGran 2022, el Sal\u00f3 de la Gent Gran de Catalunya, torna del 19 al 21 d\u2019octubre a La Farga Centre d\u2019Activitats per promoure l\u2019envelliment actiu de les persones grans.","robots":{"index":"index","follow":"follow","max-snippet":"max-snippet:-1","max-image-preview":"max-image-preview:large","max-video-preview":"max-video-preview:-1"},"canonical":"https:\/\/www.lafarga.com\/corporatiu\/arriba-una-nova-edicio-de-firagran-amb-mes-de-300-activitats\/","og_locale":"ca_ES","og_type":"article","og_title":"Arriba una nova edici\u00f3 de FiraGran amb m\u00e9s de 300 activitats - La Farga Gesti\u00f3n de Equipamientos Municipales, S.A.","og_description":"FiraGran 2022, el Sal\u00f3 de la Gent Gran de Catalunya, torna del 19 al 21 d\u2019octubre a La Farga Centre d\u2019Activitats per promoure l\u2019envelliment actiu de les persones grans.","og_url":"https:\/\/www.lafarga.com\/corporatiu\/arriba-una-nova-edicio-de-firagran-amb-mes-de-300-activitats\/","og_site_name":"La Farga Gesti\u00f3n de Equipamientos Municipales, S.A.","article_published_time":"2022-10-17T10:05:14+00:00","article_modified_time":"2022-10-18T10:24:15+00:00","og_image":[{"width":730,"height":410,"url":"https:\/\/www.lafarga.com\/corporatiu\/wp-content\/uploads\/2022\/10\/Fira-Gran22-LaFarga.jpg","type":"image\/jpeg"}],"author":"\u00d2scar Milla","twitter_misc":{"Escrit per":"\u00d2scar Milla","Temps estimat de lectura":"4 minuts"},"schema":{"@context":"https:\/\/schema.org","@graph":[{"@type":"Article","@id":"https:\/\/www.lafarga.com\/corporatiu\/arriba-una-nova-edicio-de-firagran-amb-mes-de-300-activitats\/#article","isPartOf":{"@id":"https:\/\/www.lafarga.com\/corporatiu\/arriba-una-nova-edicio-de-firagran-amb-mes-de-300-activitats\/"},"author":{"name":"\u00d2scar Milla","@id":"https:\/\/www.lafarga.com\/corporatiu\/#\/schema\/person\/70d96fe17d0da1a9c9e80d232bdbcf33"},"headline":"Arriba una nova edici\u00f3 de FiraGran amb m\u00e9s de 300 activitats","datePublished":"2022-10-17T10:05:14+00:00","dateModified":"2022-10-18T10:24:15+00:00","mainEntityOfPage":{"@id":"https:\/\/www.lafarga.com\/corporatiu\/arriba-una-nova-edicio-de-firagran-amb-mes-de-300-activitats\/"},"wordCount":721,"publisher":{"@id":"https:\/\/www.lafarga.com\/corporatiu\/#organization"},"image":{"@id":"https:\/\/www.lafarga.com\/corporatiu\/arriba-una-nova-edicio-de-firagran-amb-mes-de-300-activitats\/#primaryimage"},"thumbnailUrl":"https:\/\/www.lafarga.com\/corporatiu\/wp-content\/uploads\/2022\/10\/Fira-Gran22-LaFarga.jpg","articleSection":["Centre d'Activitats"],"inLanguage":"ca"},{"@type":"WebPage","@id":"https:\/\/www.lafarga.com\/corporatiu\/arriba-una-nova-edicio-de-firagran-amb-mes-de-300-activitats\/","url":"https:\/\/www.lafarga.com\/corporatiu\/arriba-una-nova-edicio-de-firagran-amb-mes-de-300-activitats\/","name":"Arriba una nova edici\u00f3 de FiraGran amb m\u00e9s de 300 activitats - La Farga Gesti\u00f3n de Equipamientos Municipales, S.A.","isPartOf":{"@id":"https:\/\/www.lafarga.com\/corporatiu\/#website"},"primaryImageOfPage":{"@id":"https:\/\/www.lafarga.com\/corporatiu\/arriba-una-nova-edicio-de-firagran-amb-mes-de-300-activitats\/#primaryimage"},"image":{"@id":"https:\/\/www.lafarga.com\/corporatiu\/arriba-una-nova-edicio-de-firagran-amb-mes-de-300-activitats\/#primaryimage"},"thumbnailUrl":"https:\/\/www.lafarga.com\/corporatiu\/wp-content\/uploads\/2022\/10\/Fira-Gran22-LaFarga.jpg","datePublished":"2022-10-17T10:05:14+00:00","dateModified":"2022-10-18T10:24:15+00:00","description":"FiraGran 2022, el Sal\u00f3 de la Gent Gran de Catalunya, torna del 19 al 21 d\u2019octubre a La Farga Centre d\u2019Activitats per promoure l\u2019envelliment actiu de les persones grans.","breadcrumb":{"@id":"https:\/\/www.lafarga.com\/corporatiu\/arriba-una-nova-edicio-de-firagran-amb-mes-de-300-activitats\/#breadcrumb"},"inLanguage":"ca","potentialAction":[{"@type":"ReadAction","target":["https:\/\/www.lafarga.com\/corporatiu\/arriba-una-nova-edicio-de-firagran-amb-mes-de-300-activitats\/"]}]},{"@type":"ImageObject","inLanguage":"ca","@id":"https:\/\/www.lafarga.com\/corporatiu\/arriba-una-nova-edicio-de-firagran-amb-mes-de-300-activitats\/#primaryimage","url":"https:\/\/www.lafarga.com\/corporatiu\/wp-content\/uploads\/2022\/10\/Fira-Gran22-LaFarga.jpg","contentUrl":"https:\/\/www.lafarga.com\/corporatiu\/wp-content\/uploads\/2022\/10\/Fira-Gran22-LaFarga.jpg","width":730,"height":410,"caption":"FiraGran"},{"@type":"BreadcrumbList","@id":"https:\/\/www.lafarga.com\/corporatiu\/arriba-una-nova-edicio-de-firagran-amb-mes-de-300-activitats\/#breadcrumb","itemListElement":[{"@type":"ListItem","position":1,"name":"Home","item":"https:\/\/www.lafarga.com\/corporatiu\/lafarga-hospitalet-llobregat\/"},{"@type":"ListItem","position":2,"name":"Arriba una nova edici\u00f3 de FiraGran amb m\u00e9s de 300 activitats"}]},{"@type":"WebSite","@id":"https:\/\/www.lafarga.com\/corporatiu\/#website","url":"https:\/\/www.lafarga.com\/corporatiu\/","name":"La Farga Gesti\u00f3 d&#039;Equipaments Municipals, SA","description":"","publisher":{"@id":"https:\/\/www.lafarga.com\/corporatiu\/#organization"},"potentialAction":[{"@type":"SearchAction","target":{"@type":"EntryPoint","urlTemplate":"https:\/\/www.lafarga.com\/corporatiu\/?s={search_term_string}"},"query-input":{"@type":"PropertyValueSpecification","valueRequired":true,"valueName":"search_term_string"}}],"inLanguage":"ca"},{"@type":"Organization","@id":"https:\/\/www.lafarga.com\/corporatiu\/#organization","name":"La Farga Gesti\u00f3 d&#039;Equipaments Municipals, SA","url":"https:\/\/www.lafarga.com\/corporatiu\/","logo":{"@type":"ImageObject","inLanguage":"ca","@id":"https:\/\/www.lafarga.com\/corporatiu\/#\/schema\/logo\/image\/","url":"https:\/\/www.lafarga.com\/corporatiu\/wp-content\/uploads\/2023\/11\/logotipo_lafarga_gemsa.svg","contentUrl":"https:\/\/www.lafarga.com\/corporatiu\/wp-content\/uploads\/2023\/11\/logotipo_lafarga_gemsa.svg","width":102,"height":103,"caption":"La Farga Gesti\u00f3 d&#039;Equipaments Municipals, SA"},"image":{"@id":"https:\/\/www.lafarga.com\/corporatiu\/#\/schema\/logo\/image\/"}},{"@type":"Person","@id":"https:\/\/www.lafarga.com\/corporatiu\/#\/schema\/person\/70d96fe17d0da1a9c9e80d232bdbcf33","name":"\u00d2scar Milla","image":{"@type":"ImageObject","inLanguage":"ca","@id":"https:\/\/secure.gravatar.com\/avatar\/92e75d184f9d5e0e403bd4ad075b080ad258344ddc259adddb579f6a3ba6494f?s=96&d=mm&r=g","url":"https:\/\/secure.gravatar.com\/avatar\/92e75d184f9d5e0e403bd4ad075b080ad258344ddc259adddb579f6a3ba6494f?s=96&d=mm&r=g","contentUrl":"https:\/\/secure.gravatar.com\/avatar\/92e75d184f9d5e0e403bd4ad075b080ad258344ddc259adddb579f6a3ba6494f?s=96&d=mm&r=g","caption":"\u00d2scar Milla"},"url":"https:\/\/www.lafarga.com\/corporatiu\/author\/omilla\/"}]}},"uagb_featured_image_src":{"full":["https:\/\/www.lafarga.com\/corporatiu\/wp-content\/uploads\/2022\/10\/Fira-Gran22-LaFarga.jpg",730,410,false],"thumbnail":["https:\/\/www.lafarga.com\/corporatiu\/wp-content\/uploads\/2022\/10\/Fira-Gran22-LaFarga-150x150.jpg",150,150,true],"medium":["https:\/\/www.lafarga.com\/corporatiu\/wp-content\/uploads\/2022\/10\/Fira-Gran22-LaFarga-300x168.jpg",300,168,true],"medium_large":["https:\/\/www.lafarga.com\/corporatiu\/wp-content\/uploads\/2022\/10\/Fira-Gran22-LaFarga.jpg",730,410,false],"large":["https:\/\/www.lafarga.com\/corporatiu\/wp-content\/uploads\/2022\/10\/Fira-Gran22-LaFarga.jpg",730,410,false],"1536x1536":["https:\/\/www.lafarga.com\/corporatiu\/wp-content\/uploads\/2022\/10\/Fira-Gran22-LaFarga.jpg",730,410,false],"2048x2048":["https:\/\/www.lafarga.com\/corporatiu\/wp-content\/uploads\/2022\/10\/Fira-Gran22-LaFarga.jpg",730,410,false],"mailpoet_newsletter_max":["https:\/\/www.lafarga.com\/corporatiu\/wp-content\/uploads\/2022\/10\/Fira-Gran22-LaFarga.jpg",730,410,false]},"uagb_author_info":{"display_name":"\u00d2scar Milla","author_link":"https:\/\/www.lafarga.com\/corporatiu\/author\/omilla\/"},"uagb_comment_info":0,"uagb_excerpt":"FiraGran 2022, el Sal\u00f3 de la Gent Gran de Catalunya, torna del 19 al 21 d\u2019octubre a La Farga Centre d\u2019Activitats per promoure l\u2019envelliment actiu de les persones grans.","_links":{"self":[{"href":"https:\/\/www.lafarga.com\/corporatiu\/wp-json\/wp\/v2\/posts\/16789","targetHints":{"allow":["GET"]}}],"collection":[{"href":"https:\/\/www.lafarga.com\/corporatiu\/wp-json\/wp\/v2\/posts"}],"about":[{"href":"https:\/\/www.lafarga.com\/corporatiu\/wp-json\/wp\/v2\/types\/post"}],"author":[{"embeddable":true,"href":"https:\/\/www.lafarga.com\/corporatiu\/wp-json\/wp\/v2\/users\/5"}],"replies":[{"embeddable":true,"href":"https:\/\/www.lafarga.com\/corporatiu\/wp-json\/wp\/v2\/comments?post=16789"}],"version-history":[{"count":3,"href":"https:\/\/www.lafarga.com\/corporatiu\/wp-json\/wp\/v2\/posts\/16789\/revisions"}],"predecessor-version":[{"id":16797,"href":"https:\/\/www.lafarga.com\/corporatiu\/wp-json\/wp\/v2\/posts\/16789\/revisions\/16797"}],"wp:featuredmedia":[{"embeddable":true,"href":"https:\/\/www.lafarga.com\/corporatiu\/wp-json\/wp\/v2\/media\/16791"}],"wp:attachment":[{"href":"https:\/\/www.lafarga.com\/corporatiu\/wp-json\/wp\/v2\/media?parent=16789"}],"wp:term":[{"taxonomy":"category","embeddable":true,"href":"https:\/\/www.lafarga.com\/corporatiu\/wp-json\/wp\/v2\/categories?post=16789"},{"taxonomy":"post_tag","embeddable":true,"href":"https:\/\/www.lafarga.com\/corporatiu\/wp-json\/wp\/v2\/tags?post=16789"}],"curies":[{"name":"wp","href":"https:\/\/api.w.org\/{rel}","templated":true}]}}