{"id":16787,"date":"2022-10-13T11:09:33","date_gmt":"2022-10-13T11:09:33","guid":{"rendered":"http:\/\/www.lafarga.com\/corporatiu\/?p=16787"},"modified":"2022-10-13T11:09:34","modified_gmt":"2022-10-13T11:09:34","slug":"en-marcha-la-10a-edicion-del-barcelona-beer-festival","status":"publish","type":"post","link":"https:\/\/www.lafarga.com\/corporatiu\/en-marcha-la-10a-edicion-del-barcelona-beer-festival\/","title":{"rendered":"En marcha la 10\u00aa edici\u00f3n del Barcelona Beer Festival"},"content":{"rendered":"\n<h5 class=\"wp-block-heading\">Fin de semana del 14 al 16 de octubre<\/h5>\n\n\n\n<p>Este 2022, el Barcelona Beer Festival, el certamen dedicado a la cerveza artesana m\u00e1s importante del sur de Europa, ser\u00e1 el mayor de su historia (en calidad y en oferta). Y es que, este a\u00f1o la cita imprescindible de los amantes de las \u201cbirras\u201d celebra su 10\u00aa edici\u00f3n, y lo hace dando un salto cualitativo. As\u00ed, este BBF\u201922 ofrecer\u00e1 m\u00e1s cervezas internacionales exclusivas, m\u00e1s oferta nacional y local, m\u00e1s actividades paralelas, m\u00e1s maridajes gastron\u00f3micos, en definitiva, ser\u00e1 m\u00e1s y mejor. El objetivo: convertir la ciudad en la capital mundial de la cerveza.<\/p>\n\n\n\n<p>El certamen vuelve a\u00a0<strong><a href=\"https:\/\/www.lafarga.com\/corporatiu\/centro-actividades-hospitalet-la-farga\/\" target=\"_blank\" rel=\"noreferrer noopener\">La Farga de L\u2019Hospitalet<\/a><\/strong>, su sede habitual en sus \u00faltimas ediciones, desde 2017, que se busc\u00f3 un espacio m\u00e1s amplio, que permit\u00eda a los organizadores (Beer Events) seguir creciendo, en paralelo al crecimiento del sector, del p\u00fablico y del consumidor de la cerveza artesana.<\/p>\n\n\n\n<p>As\u00ed lo apunta Mikel Rius, cofundador y director del certamen:&nbsp;<em>\u201cel festival ha evolucionado en estos 11 a\u00f1os, al igual que el mundo de la cerveza artesana. Consigui\u00f3 reunir a m\u00e1s de 35.000 aficionados a la buena cerveza en el 2019, en la \u00faltima edici\u00f3n prepand\u00e9mica. Y ha sido trampol\u00edn de salida de otros proyectos de \u00e9xito como Barcelona Beer Challenge o InnBrew. Pero el BBF ha mantenido su esencia principal de amar la cerveza, cuidarla y ponerla en el centro de todo. Y sigue con el mismo deseo que impuls\u00f3 su creaci\u00f3n: \u00a1qu\u00e9 eso que nos apasiona tanto, es demasiado bueno como para no compartirlo!\u201d<\/em>.<\/p>\n\n\n\n<h5 class=\"wp-block-heading\">Una d\u00e9cima edici\u00f3n con \u2018m\u00e1s y mejor\u2019<\/h5>\n\n\n\n<p>Este aniversario, que coincide con la vuelta a la normalidad despu\u00e9s de la pandemia, es la \u201cexcusa\u201d perfecta para ofrecer un BBF mejor que nunca. En cuanto a la oferta de cervezas, el certamen batir\u00e1 sus propios r\u00e9cords, ya que contar\u00e1 con 168 grifos -el a\u00f1o 2021 fueron 161- que dar\u00e1n la posibilidad al visitante de descubrir unas 600 cervezas distintas de unas 250 marcas , un aut\u00e9ntico para\u00edso de cervezas artesanas.<\/p>\n\n\n\n<p>Un certamen, adem\u00e1s, abierto a todo el mundo, a aquellos que se inician en el mundo de la cerveza artesana (habr\u00e1 talleres de iniciaci\u00f3n a la cata, o talleres para tomar a cerveza en casa, por ejemplo), y a aquellos que nunca tienen suficiente, y siempre quieren aprender m\u00e1s de lo que se hace aqu\u00ed y m\u00e1s all\u00e1 de nuestras fronteras (importante presencia de cerveceros internacionales, expertos en maridajes, etc.).<\/p>\n\n\n\n<p>Pero el plato fuerte de este a\u00f1o, sin duda, ser\u00e1 el espacio BBF Cask Revolution, un claro homenaje al germen del BBF, especialmente pensado para celebrar estas 10 ediciones. As\u00ed, 10 cerveceras emblem\u00e1ticas llevar\u00e1n un cask \u00fanico para el BBF, servido sin m\u00e1quina ni presi\u00f3n, \u00fanicamente por gravedad, al estilo ingl\u00e9s Real Ale.<\/p>\n\n\n\n<h5 class=\"wp-block-heading\">Certamen internacional<\/h5>\n\n\n\n<p>La presencia internacional tambi\u00e9n ser\u00e1 muy destacada, con cerveceras muy exclusivas de sitios como Escocia, Polonia, Alemania (las mejores cervezas seleccionadas por la Berlin Beer Week), e Italia. Con estos \u00faltimos, repetir\u00e1n la colaboraci\u00f3n de la pasada edici\u00f3n, con la delegaci\u00f3n creadora del Italian Grappe Ale, un estilo 100% italiano que fusiona lo mejor del vino y de la cerveza. Tambi\u00e9n el BBF ha depositado un gran esfuerzo para seleccionar cerveceras que son tendencia en Estados Unidos, pa\u00eds que sin duda dicta el ritmo de la cerveza artesana a nivel mundial.<\/p>\n\n\n\n<p>En el Cellar volveremos a ver (ya probar) las cervezas m\u00e1s exclusivas, aut\u00e9nticas \u201ccervezas de autor\u201d, elevadas a la categor\u00eda de gastron\u00f3micas. Pero adem\u00e1s de mirar hacia fuera, el BBF 22 tambi\u00e9n tendr\u00e1 como protagonistas a las cervezas Kil\u00f3metro cero en el stand Gastroteca Cerveses de Catalunya, en colaboraci\u00f3n con Prodeca. Y entre \u201cbirra y birra\u201d, entre \u201ccallada y mordisco\u201d, en el X Barcelona Beer Festival tambi\u00e9n se podr\u00e1 participar en un mont\u00f3n de actividades, maridajes gastron\u00f3micos, showcookings, encuentros con maestros cerveceros, experimentos sensoriales, y un largo etc\u00e9tera. Y como no pod\u00eda faltar, m\u00fasica en directo, artes esc\u00e9nicas y juegos.<\/p>\n\n\n\n<p>M\u00e1s informaci\u00f3n:&nbsp;<strong><a href=\"https:\/\/barcelonabeerfestival.com\/es\/inicio\/\" target=\"_blank\" rel=\"noreferrer noopener\">BarcelonaBeerFestival.<\/a><\/strong><\/p>\n","protected":false},"excerpt":{"rendered":"<p>Del 14 al 16 octubre llega a La Farga Centro de Actividades la 10\u00aa edici\u00f3n del Barcelona Beer Festival.<\/p>\n","protected":false},"author":5,"featured_media":16785,"comment_status":"closed","ping_status":"closed","sticky":false,"template":"","format":"standard","meta":{"inline_featured_image":false,"_uag_custom_page_level_css":"","_monsterinsights_skip_tracking":false,"_monsterinsights_sitenote_active":false,"_monsterinsights_sitenote_note":"","_monsterinsights_sitenote_category":0,"site-sidebar-layout":"default","site-content-layout":"","ast-site-content-layout":"default","site-content-style":"default","site-sidebar-style":"default","ast-global-header-display":"","ast-banner-title-visibility":"","ast-main-header-display":"","ast-hfb-above-header-display":"","ast-hfb-below-header-display":"","ast-hfb-mobile-header-display":"","site-post-title":"","ast-breadcrumbs-content":"","ast-featured-img":"","footer-sml-layout":"","ast-disable-related-posts":"","theme-transparent-header-meta":"","adv-header-id-meta":"","stick-header-meta":"","header-above-stick-meta":"","header-main-stick-meta":"","header-below-stick-meta":"","astra-migrate-meta-layouts":"default","ast-page-background-enabled":"default","ast-page-background-meta":{"desktop":{"background-color":"var(--ast-global-color-4)","background-image":"","background-repeat":"repeat","background-position":"center center","background-size":"auto","background-attachment":"scroll","background-type":"","background-media":"","overlay-type":"","overlay-color":"","overlay-opacity":"","overlay-gradient":""},"tablet":{"background-color":"","background-image":"","background-repeat":"repeat","background-position":"center center","background-size":"auto","background-attachment":"scroll","background-type":"","background-media":"","overlay-type":"","overlay-color":"","overlay-opacity":"","overlay-gradient":""},"mobile":{"background-color":"","background-image":"","background-repeat":"repeat","background-position":"center center","background-size":"auto","background-attachment":"scroll","background-type":"","background-media":"","overlay-type":"","overlay-color":"","overlay-opacity":"","overlay-gradient":""}},"ast-content-background-meta":{"desktop":{"background-color":"var(--ast-global-color-5)","background-image":"","background-repeat":"repeat","background-position":"center center","background-size":"auto","background-attachment":"scroll","background-type":"","background-media":"","overlay-type":"","overlay-color":"","overlay-opacity":"","overlay-gradient":""},"tablet":{"background-color":"var(--ast-global-color-5)","background-image":"","background-repeat":"repeat","background-position":"center center","background-size":"auto","background-attachment":"scroll","background-type":"","background-media":"","overlay-type":"","overlay-color":"","overlay-opacity":"","overlay-gradient":""},"mobile":{"background-color":"var(--ast-global-color-5)","background-image":"","background-repeat":"repeat","background-position":"center center","background-size":"auto","background-attachment":"scroll","background-type":"","background-media":"","overlay-type":"","overlay-color":"","overlay-opacity":"","overlay-gradient":""}},"footnotes":""},"categories":[73],"tags":[],"class_list":["post-16787","post","type-post","status-publish","format-standard","has-post-thumbnail","hentry","category-centro-de-actividades"],"yoast_head":"<!-- This site is optimized with the Yoast SEO plugin v27.5 - https:\/\/yoast.com\/product\/yoast-seo-wordpress\/ -->\n<title>En marcha la 10\u00aa edici\u00f3n del Barcelona Beer Festival - La Farga Gesti\u00f3n de Equipamientos Municipales, S.A.<\/title>\n<meta name=\"description\" content=\"Del 14 al 16 octubre arriba a La Farga Centre d\u2019Activitats la 10a edici\u00f3 del Barcelona Beer Festival, enguany amb for\u00e7a novetats.\" \/>\n<meta name=\"robots\" content=\"index, follow, max-snippet:-1, max-image-preview:large, max-video-preview:-1\" \/>\n<link rel=\"canonical\" href=\"https:\/\/www.lafarga.com\/corporatiu\/en-marcha-la-10a-edicion-del-barcelona-beer-festival\/\" \/>\n<meta property=\"og:locale\" content=\"ca_ES\" \/>\n<meta property=\"og:type\" content=\"article\" \/>\n<meta property=\"og:title\" content=\"En marcha la 10\u00aa edici\u00f3n del Barcelona Beer Festival - La Farga Gesti\u00f3n de Equipamientos Municipales, S.A.\" \/>\n<meta property=\"og:description\" content=\"Del 14 al 16 octubre arriba a La Farga Centre d\u2019Activitats la 10a edici\u00f3 del Barcelona Beer Festival, enguany amb for\u00e7a novetats.\" \/>\n<meta property=\"og:url\" content=\"https:\/\/www.lafarga.com\/corporatiu\/en-marcha-la-10a-edicion-del-barcelona-beer-festival\/\" \/>\n<meta property=\"og:site_name\" content=\"La Farga Gesti\u00f3n de Equipamientos Municipales, S.A.\" \/>\n<meta property=\"article:published_time\" content=\"2022-10-13T11:09:33+00:00\" \/>\n<meta property=\"article:modified_time\" content=\"2022-10-13T11:09:34+00:00\" \/>\n<meta property=\"og:image\" content=\"https:\/\/www.lafarga.com\/corporatiu\/wp-content\/uploads\/2022\/10\/BBF-22-Farga.jpg\" \/>\n\t<meta property=\"og:image:width\" content=\"730\" \/>\n\t<meta property=\"og:image:height\" content=\"410\" \/>\n\t<meta property=\"og:image:type\" content=\"image\/jpeg\" \/>\n<meta name=\"author\" content=\"\u00d2scar Milla\" \/>\n<meta name=\"twitter:label1\" content=\"Escrit per\" \/>\n\t<meta name=\"twitter:data1\" content=\"\u00d2scar Milla\" \/>\n\t<meta name=\"twitter:label2\" content=\"Temps estimat de lectura\" \/>\n\t<meta name=\"twitter:data2\" content=\"4 minuts\" \/>\n<script type=\"application\/ld+json\" class=\"yoast-schema-graph\">{\"@context\":\"https:\\\/\\\/schema.org\",\"@graph\":[{\"@type\":\"Article\",\"@id\":\"https:\\\/\\\/www.lafarga.com\\\/corporatiu\\\/en-marcha-la-10a-edicion-del-barcelona-beer-festival\\\/#article\",\"isPartOf\":{\"@id\":\"https:\\\/\\\/www.lafarga.com\\\/corporatiu\\\/en-marcha-la-10a-edicion-del-barcelona-beer-festival\\\/\"},\"author\":{\"name\":\"\u00d2scar Milla\",\"@id\":\"https:\\\/\\\/www.lafarga.com\\\/corporatiu\\\/#\\\/schema\\\/person\\\/70d96fe17d0da1a9c9e80d232bdbcf33\"},\"headline\":\"En marcha la 10\u00aa edici\u00f3n del Barcelona Beer Festival\",\"datePublished\":\"2022-10-13T11:09:33+00:00\",\"dateModified\":\"2022-10-13T11:09:34+00:00\",\"mainEntityOfPage\":{\"@id\":\"https:\\\/\\\/www.lafarga.com\\\/corporatiu\\\/en-marcha-la-10a-edicion-del-barcelona-beer-festival\\\/\"},\"wordCount\":709,\"publisher\":{\"@id\":\"https:\\\/\\\/www.lafarga.com\\\/corporatiu\\\/#organization\"},\"image\":{\"@id\":\"https:\\\/\\\/www.lafarga.com\\\/corporatiu\\\/en-marcha-la-10a-edicion-del-barcelona-beer-festival\\\/#primaryimage\"},\"thumbnailUrl\":\"https:\\\/\\\/www.lafarga.com\\\/corporatiu\\\/wp-content\\\/uploads\\\/2022\\\/10\\\/BBF-22-Farga.jpg\",\"articleSection\":[\"Centro de Actividades\"],\"inLanguage\":\"ca\"},{\"@type\":\"WebPage\",\"@id\":\"https:\\\/\\\/www.lafarga.com\\\/corporatiu\\\/en-marcha-la-10a-edicion-del-barcelona-beer-festival\\\/\",\"url\":\"https:\\\/\\\/www.lafarga.com\\\/corporatiu\\\/en-marcha-la-10a-edicion-del-barcelona-beer-festival\\\/\",\"name\":\"En marcha la 10\u00aa edici\u00f3n del Barcelona Beer Festival - La Farga Gesti\u00f3n de Equipamientos Municipales, S.A.\",\"isPartOf\":{\"@id\":\"https:\\\/\\\/www.lafarga.com\\\/corporatiu\\\/#website\"},\"primaryImageOfPage\":{\"@id\":\"https:\\\/\\\/www.lafarga.com\\\/corporatiu\\\/en-marcha-la-10a-edicion-del-barcelona-beer-festival\\\/#primaryimage\"},\"image\":{\"@id\":\"https:\\\/\\\/www.lafarga.com\\\/corporatiu\\\/en-marcha-la-10a-edicion-del-barcelona-beer-festival\\\/#primaryimage\"},\"thumbnailUrl\":\"https:\\\/\\\/www.lafarga.com\\\/corporatiu\\\/wp-content\\\/uploads\\\/2022\\\/10\\\/BBF-22-Farga.jpg\",\"datePublished\":\"2022-10-13T11:09:33+00:00\",\"dateModified\":\"2022-10-13T11:09:34+00:00\",\"description\":\"Del 14 al 16 octubre arriba a La Farga Centre d\u2019Activitats la 10a edici\u00f3 del Barcelona Beer Festival, enguany amb for\u00e7a novetats.\",\"breadcrumb\":{\"@id\":\"https:\\\/\\\/www.lafarga.com\\\/corporatiu\\\/en-marcha-la-10a-edicion-del-barcelona-beer-festival\\\/#breadcrumb\"},\"inLanguage\":\"ca\",\"potentialAction\":[{\"@type\":\"ReadAction\",\"target\":[\"https:\\\/\\\/www.lafarga.com\\\/corporatiu\\\/en-marcha-la-10a-edicion-del-barcelona-beer-festival\\\/\"]}]},{\"@type\":\"ImageObject\",\"inLanguage\":\"ca\",\"@id\":\"https:\\\/\\\/www.lafarga.com\\\/corporatiu\\\/en-marcha-la-10a-edicion-del-barcelona-beer-festival\\\/#primaryimage\",\"url\":\"https:\\\/\\\/www.lafarga.com\\\/corporatiu\\\/wp-content\\\/uploads\\\/2022\\\/10\\\/BBF-22-Farga.jpg\",\"contentUrl\":\"https:\\\/\\\/www.lafarga.com\\\/corporatiu\\\/wp-content\\\/uploads\\\/2022\\\/10\\\/BBF-22-Farga.jpg\",\"width\":730,\"height\":410},{\"@type\":\"BreadcrumbList\",\"@id\":\"https:\\\/\\\/www.lafarga.com\\\/corporatiu\\\/en-marcha-la-10a-edicion-del-barcelona-beer-festival\\\/#breadcrumb\",\"itemListElement\":[{\"@type\":\"ListItem\",\"position\":1,\"name\":\"Home\",\"item\":\"https:\\\/\\\/www.lafarga.com\\\/corporatiu\\\/lafarga-hospitalet-llobregat\\\/\"},{\"@type\":\"ListItem\",\"position\":2,\"name\":\"En marcha la 10\u00aa edici\u00f3n del Barcelona Beer Festival\"}]},{\"@type\":\"WebSite\",\"@id\":\"https:\\\/\\\/www.lafarga.com\\\/corporatiu\\\/#website\",\"url\":\"https:\\\/\\\/www.lafarga.com\\\/corporatiu\\\/\",\"name\":\"La Farga Gesti\u00f3 d&#039;Equipaments Municipals, SA\",\"description\":\"\",\"publisher\":{\"@id\":\"https:\\\/\\\/www.lafarga.com\\\/corporatiu\\\/#organization\"},\"potentialAction\":[{\"@type\":\"SearchAction\",\"target\":{\"@type\":\"EntryPoint\",\"urlTemplate\":\"https:\\\/\\\/www.lafarga.com\\\/corporatiu\\\/?s={search_term_string}\"},\"query-input\":{\"@type\":\"PropertyValueSpecification\",\"valueRequired\":true,\"valueName\":\"search_term_string\"}}],\"inLanguage\":\"ca\"},{\"@type\":\"Organization\",\"@id\":\"https:\\\/\\\/www.lafarga.com\\\/corporatiu\\\/#organization\",\"name\":\"La Farga Gesti\u00f3 d&#039;Equipaments Municipals, SA\",\"url\":\"https:\\\/\\\/www.lafarga.com\\\/corporatiu\\\/\",\"logo\":{\"@type\":\"ImageObject\",\"inLanguage\":\"ca\",\"@id\":\"https:\\\/\\\/www.lafarga.com\\\/corporatiu\\\/#\\\/schema\\\/logo\\\/image\\\/\",\"url\":\"https:\\\/\\\/www.lafarga.com\\\/corporatiu\\\/wp-content\\\/uploads\\\/2023\\\/11\\\/logotipo_lafarga_gemsa.svg\",\"contentUrl\":\"https:\\\/\\\/www.lafarga.com\\\/corporatiu\\\/wp-content\\\/uploads\\\/2023\\\/11\\\/logotipo_lafarga_gemsa.svg\",\"width\":102,\"height\":103,\"caption\":\"La Farga Gesti\u00f3 d&#039;Equipaments Municipals, SA\"},\"image\":{\"@id\":\"https:\\\/\\\/www.lafarga.com\\\/corporatiu\\\/#\\\/schema\\\/logo\\\/image\\\/\"}},{\"@type\":\"Person\",\"@id\":\"https:\\\/\\\/www.lafarga.com\\\/corporatiu\\\/#\\\/schema\\\/person\\\/70d96fe17d0da1a9c9e80d232bdbcf33\",\"name\":\"\u00d2scar Milla\",\"image\":{\"@type\":\"ImageObject\",\"inLanguage\":\"ca\",\"@id\":\"https:\\\/\\\/secure.gravatar.com\\\/avatar\\\/92e75d184f9d5e0e403bd4ad075b080ad258344ddc259adddb579f6a3ba6494f?s=96&d=mm&r=g\",\"url\":\"https:\\\/\\\/secure.gravatar.com\\\/avatar\\\/92e75d184f9d5e0e403bd4ad075b080ad258344ddc259adddb579f6a3ba6494f?s=96&d=mm&r=g\",\"contentUrl\":\"https:\\\/\\\/secure.gravatar.com\\\/avatar\\\/92e75d184f9d5e0e403bd4ad075b080ad258344ddc259adddb579f6a3ba6494f?s=96&d=mm&r=g\",\"caption\":\"\u00d2scar Milla\"},\"url\":\"https:\\\/\\\/www.lafarga.com\\\/corporatiu\\\/author\\\/omilla\\\/\"}]}<\/script>\n<!-- \/ Yoast SEO plugin. -->","yoast_head_json":{"title":"En marcha la 10\u00aa edici\u00f3n del Barcelona Beer Festival - La Farga Gesti\u00f3n de Equipamientos Municipales, S.A.","description":"Del 14 al 16 octubre arriba a La Farga Centre d\u2019Activitats la 10a edici\u00f3 del Barcelona Beer Festival, enguany amb for\u00e7a novetats.","robots":{"index":"index","follow":"follow","max-snippet":"max-snippet:-1","max-image-preview":"max-image-preview:large","max-video-preview":"max-video-preview:-1"},"canonical":"https:\/\/www.lafarga.com\/corporatiu\/en-marcha-la-10a-edicion-del-barcelona-beer-festival\/","og_locale":"ca_ES","og_type":"article","og_title":"En marcha la 10\u00aa edici\u00f3n del Barcelona Beer Festival - La Farga Gesti\u00f3n de Equipamientos Municipales, S.A.","og_description":"Del 14 al 16 octubre arriba a La Farga Centre d\u2019Activitats la 10a edici\u00f3 del Barcelona Beer Festival, enguany amb for\u00e7a novetats.","og_url":"https:\/\/www.lafarga.com\/corporatiu\/en-marcha-la-10a-edicion-del-barcelona-beer-festival\/","og_site_name":"La Farga Gesti\u00f3n de Equipamientos Municipales, S.A.","article_published_time":"2022-10-13T11:09:33+00:00","article_modified_time":"2022-10-13T11:09:34+00:00","og_image":[{"width":730,"height":410,"url":"https:\/\/www.lafarga.com\/corporatiu\/wp-content\/uploads\/2022\/10\/BBF-22-Farga.jpg","type":"image\/jpeg"}],"author":"\u00d2scar Milla","twitter_misc":{"Escrit per":"\u00d2scar Milla","Temps estimat de lectura":"4 minuts"},"schema":{"@context":"https:\/\/schema.org","@graph":[{"@type":"Article","@id":"https:\/\/www.lafarga.com\/corporatiu\/en-marcha-la-10a-edicion-del-barcelona-beer-festival\/#article","isPartOf":{"@id":"https:\/\/www.lafarga.com\/corporatiu\/en-marcha-la-10a-edicion-del-barcelona-beer-festival\/"},"author":{"name":"\u00d2scar Milla","@id":"https:\/\/www.lafarga.com\/corporatiu\/#\/schema\/person\/70d96fe17d0da1a9c9e80d232bdbcf33"},"headline":"En marcha la 10\u00aa edici\u00f3n del Barcelona Beer Festival","datePublished":"2022-10-13T11:09:33+00:00","dateModified":"2022-10-13T11:09:34+00:00","mainEntityOfPage":{"@id":"https:\/\/www.lafarga.com\/corporatiu\/en-marcha-la-10a-edicion-del-barcelona-beer-festival\/"},"wordCount":709,"publisher":{"@id":"https:\/\/www.lafarga.com\/corporatiu\/#organization"},"image":{"@id":"https:\/\/www.lafarga.com\/corporatiu\/en-marcha-la-10a-edicion-del-barcelona-beer-festival\/#primaryimage"},"thumbnailUrl":"https:\/\/www.lafarga.com\/corporatiu\/wp-content\/uploads\/2022\/10\/BBF-22-Farga.jpg","articleSection":["Centro de Actividades"],"inLanguage":"ca"},{"@type":"WebPage","@id":"https:\/\/www.lafarga.com\/corporatiu\/en-marcha-la-10a-edicion-del-barcelona-beer-festival\/","url":"https:\/\/www.lafarga.com\/corporatiu\/en-marcha-la-10a-edicion-del-barcelona-beer-festival\/","name":"En marcha la 10\u00aa edici\u00f3n del Barcelona Beer Festival - La Farga Gesti\u00f3n de Equipamientos Municipales, S.A.","isPartOf":{"@id":"https:\/\/www.lafarga.com\/corporatiu\/#website"},"primaryImageOfPage":{"@id":"https:\/\/www.lafarga.com\/corporatiu\/en-marcha-la-10a-edicion-del-barcelona-beer-festival\/#primaryimage"},"image":{"@id":"https:\/\/www.lafarga.com\/corporatiu\/en-marcha-la-10a-edicion-del-barcelona-beer-festival\/#primaryimage"},"thumbnailUrl":"https:\/\/www.lafarga.com\/corporatiu\/wp-content\/uploads\/2022\/10\/BBF-22-Farga.jpg","datePublished":"2022-10-13T11:09:33+00:00","dateModified":"2022-10-13T11:09:34+00:00","description":"Del 14 al 16 octubre arriba a La Farga Centre d\u2019Activitats la 10a edici\u00f3 del Barcelona Beer Festival, enguany amb for\u00e7a novetats.","breadcrumb":{"@id":"https:\/\/www.lafarga.com\/corporatiu\/en-marcha-la-10a-edicion-del-barcelona-beer-festival\/#breadcrumb"},"inLanguage":"ca","potentialAction":[{"@type":"ReadAction","target":["https:\/\/www.lafarga.com\/corporatiu\/en-marcha-la-10a-edicion-del-barcelona-beer-festival\/"]}]},{"@type":"ImageObject","inLanguage":"ca","@id":"https:\/\/www.lafarga.com\/corporatiu\/en-marcha-la-10a-edicion-del-barcelona-beer-festival\/#primaryimage","url":"https:\/\/www.lafarga.com\/corporatiu\/wp-content\/uploads\/2022\/10\/BBF-22-Farga.jpg","contentUrl":"https:\/\/www.lafarga.com\/corporatiu\/wp-content\/uploads\/2022\/10\/BBF-22-Farga.jpg","width":730,"height":410},{"@type":"BreadcrumbList","@id":"https:\/\/www.lafarga.com\/corporatiu\/en-marcha-la-10a-edicion-del-barcelona-beer-festival\/#breadcrumb","itemListElement":[{"@type":"ListItem","position":1,"name":"Home","item":"https:\/\/www.lafarga.com\/corporatiu\/lafarga-hospitalet-llobregat\/"},{"@type":"ListItem","position":2,"name":"En marcha la 10\u00aa edici\u00f3n del Barcelona Beer Festival"}]},{"@type":"WebSite","@id":"https:\/\/www.lafarga.com\/corporatiu\/#website","url":"https:\/\/www.lafarga.com\/corporatiu\/","name":"La Farga Gesti\u00f3 d&#039;Equipaments Municipals, SA","description":"","publisher":{"@id":"https:\/\/www.lafarga.com\/corporatiu\/#organization"},"potentialAction":[{"@type":"SearchAction","target":{"@type":"EntryPoint","urlTemplate":"https:\/\/www.lafarga.com\/corporatiu\/?s={search_term_string}"},"query-input":{"@type":"PropertyValueSpecification","valueRequired":true,"valueName":"search_term_string"}}],"inLanguage":"ca"},{"@type":"Organization","@id":"https:\/\/www.lafarga.com\/corporatiu\/#organization","name":"La Farga Gesti\u00f3 d&#039;Equipaments Municipals, SA","url":"https:\/\/www.lafarga.com\/corporatiu\/","logo":{"@type":"ImageObject","inLanguage":"ca","@id":"https:\/\/www.lafarga.com\/corporatiu\/#\/schema\/logo\/image\/","url":"https:\/\/www.lafarga.com\/corporatiu\/wp-content\/uploads\/2023\/11\/logotipo_lafarga_gemsa.svg","contentUrl":"https:\/\/www.lafarga.com\/corporatiu\/wp-content\/uploads\/2023\/11\/logotipo_lafarga_gemsa.svg","width":102,"height":103,"caption":"La Farga Gesti\u00f3 d&#039;Equipaments Municipals, SA"},"image":{"@id":"https:\/\/www.lafarga.com\/corporatiu\/#\/schema\/logo\/image\/"}},{"@type":"Person","@id":"https:\/\/www.lafarga.com\/corporatiu\/#\/schema\/person\/70d96fe17d0da1a9c9e80d232bdbcf33","name":"\u00d2scar Milla","image":{"@type":"ImageObject","inLanguage":"ca","@id":"https:\/\/secure.gravatar.com\/avatar\/92e75d184f9d5e0e403bd4ad075b080ad258344ddc259adddb579f6a3ba6494f?s=96&d=mm&r=g","url":"https:\/\/secure.gravatar.com\/avatar\/92e75d184f9d5e0e403bd4ad075b080ad258344ddc259adddb579f6a3ba6494f?s=96&d=mm&r=g","contentUrl":"https:\/\/secure.gravatar.com\/avatar\/92e75d184f9d5e0e403bd4ad075b080ad258344ddc259adddb579f6a3ba6494f?s=96&d=mm&r=g","caption":"\u00d2scar Milla"},"url":"https:\/\/www.lafarga.com\/corporatiu\/author\/omilla\/"}]}},"uagb_featured_image_src":{"full":["https:\/\/www.lafarga.com\/corporatiu\/wp-content\/uploads\/2022\/10\/BBF-22-Farga.jpg",730,410,false],"thumbnail":["https:\/\/www.lafarga.com\/corporatiu\/wp-content\/uploads\/2022\/10\/BBF-22-Farga-150x150.jpg",150,150,true],"medium":["https:\/\/www.lafarga.com\/corporatiu\/wp-content\/uploads\/2022\/10\/BBF-22-Farga-300x168.jpg",300,168,true],"medium_large":["https:\/\/www.lafarga.com\/corporatiu\/wp-content\/uploads\/2022\/10\/BBF-22-Farga.jpg",730,410,false],"large":["https:\/\/www.lafarga.com\/corporatiu\/wp-content\/uploads\/2022\/10\/BBF-22-Farga.jpg",730,410,false],"1536x1536":["https:\/\/www.lafarga.com\/corporatiu\/wp-content\/uploads\/2022\/10\/BBF-22-Farga.jpg",730,410,false],"2048x2048":["https:\/\/www.lafarga.com\/corporatiu\/wp-content\/uploads\/2022\/10\/BBF-22-Farga.jpg",730,410,false],"mailpoet_newsletter_max":["https:\/\/www.lafarga.com\/corporatiu\/wp-content\/uploads\/2022\/10\/BBF-22-Farga.jpg",730,410,false]},"uagb_author_info":{"display_name":"\u00d2scar Milla","author_link":"https:\/\/www.lafarga.com\/corporatiu\/author\/omilla\/"},"uagb_comment_info":0,"uagb_excerpt":"Del 14 al 16 octubre llega a La Farga Centro de Actividades la 10\u00aa edici\u00f3n del Barcelona Beer Festival.","_links":{"self":[{"href":"https:\/\/www.lafarga.com\/corporatiu\/wp-json\/wp\/v2\/posts\/16787","targetHints":{"allow":["GET"]}}],"collection":[{"href":"https:\/\/www.lafarga.com\/corporatiu\/wp-json\/wp\/v2\/posts"}],"about":[{"href":"https:\/\/www.lafarga.com\/corporatiu\/wp-json\/wp\/v2\/types\/post"}],"author":[{"embeddable":true,"href":"https:\/\/www.lafarga.com\/corporatiu\/wp-json\/wp\/v2\/users\/5"}],"replies":[{"embeddable":true,"href":"https:\/\/www.lafarga.com\/corporatiu\/wp-json\/wp\/v2\/comments?post=16787"}],"version-history":[{"count":1,"href":"https:\/\/www.lafarga.com\/corporatiu\/wp-json\/wp\/v2\/posts\/16787\/revisions"}],"predecessor-version":[{"id":16788,"href":"https:\/\/www.lafarga.com\/corporatiu\/wp-json\/wp\/v2\/posts\/16787\/revisions\/16788"}],"wp:featuredmedia":[{"embeddable":true,"href":"https:\/\/www.lafarga.com\/corporatiu\/wp-json\/wp\/v2\/media\/16785"}],"wp:attachment":[{"href":"https:\/\/www.lafarga.com\/corporatiu\/wp-json\/wp\/v2\/media?parent=16787"}],"wp:term":[{"taxonomy":"category","embeddable":true,"href":"https:\/\/www.lafarga.com\/corporatiu\/wp-json\/wp\/v2\/categories?post=16787"},{"taxonomy":"post_tag","embeddable":true,"href":"https:\/\/www.lafarga.com\/corporatiu\/wp-json\/wp\/v2\/tags?post=16787"}],"curies":[{"name":"wp","href":"https:\/\/api.w.org\/{rel}","templated":true}]}}