{"id":16768,"date":"2022-10-06T10:54:14","date_gmt":"2022-10-06T10:54:14","guid":{"rendered":"http:\/\/www.lafarga.com\/corporatiu\/?p=16768"},"modified":"2022-10-06T11:16:46","modified_gmt":"2022-10-06T11:16:46","slug":"comencen-els-treballs-dimplantacio-de-la-zona-verda-a-collblanc-la-torrassa-i-santa-eulalia-est","status":"publish","type":"post","link":"https:\/\/www.lafarga.com\/corporatiu\/comencen-els-treballs-dimplantacio-de-la-zona-verda-a-collblanc-la-torrassa-i-santa-eulalia-est\/","title":{"rendered":"Comencen els treballs d\u2019implantaci\u00f3 de la zona verda a Collblanc, la Torrassa i Santa Eul\u00e0lia est"},"content":{"rendered":"<h5>Les noves \u00e0rees verdes d\u2019estacionament, que entraran en servei els propers mesos, seran gratu\u00eftes per als residents i facilitaran l\u2019aparcament al ve\u00efnat<\/h5>\n\n\n<h5 class=\"wp-block-heading\">L\u2019estacionament regulat redueix la pres\u00e8ncia de vehicles d\u2019altres municipis donant prioritat als residents<\/h5>\r\n\n<h5 class=\"wp-block-heading\">Cofinan\u00e7at amb els fons europeus Next Generation, servir\u00e0 per millorar la mobilitat, l\u2019espai p\u00fablic, la neteja i la qualitat de l\u2019aire, a m\u00e9s de reduir l\u2019accidentalitat, amb l\u2019ordenaci\u00f3 de l\u2019aparcament i la reducci\u00f3 del tr\u00e0nsit rodat<\/h5>\r\n<p><strong><a href=\"https:\/\/www.l-h.cat\/inici.aspx?id=1\" target=\"_blank\" rel=\"noreferrer noopener\">L\u2019Ajuntament<\/a><\/strong> ha iniciat els treballs per implantar noves \u00e0rees integrals de regulaci\u00f3 de l\u2019estacionament (AIRE) als barris de Collblanc, la Torrassa i Santa Eul\u00e0lia est, que entraran en servei els propers mesos. Les primeres tasques consisteixen\u00a0 en\u00a0 la pintura a la cal\u00e7ada de les places que han d\u2019ocupar la zona verda d\u2019aparcament i la instal\u00b7laci\u00f3 de la senyalitzaci\u00f3 vertical, treballs que han comen\u00e7at a la Torrassa i continuaran durant el mes d\u2019octubre a Collblanc i Santa Eul\u00e0lia; posteriorment, s\u2019hi col\u00b7locaran els parqu\u00edmetres.<\/p>\r\n<p>Amb aquesta iniciativa, cofinan\u00e7ada amb els fons europeus Next Generation, s\u2019ordenen les places d\u2019aparcament a la via p\u00fablica segons l\u2019\u00fas al qual estan destinades: per a residents (zona verda), de rotaci\u00f3 (zona blava) i de c\u00e0rrega i desc\u00e0rrega (zona groga).<\/p>\r\n<p>Despr\u00e9s de l\u2019entrada en servei de les zones AIRE de Collblanc, la Torrassa i Santa Eul\u00e0lia est, tamb\u00e9 s\u2019implantaran posteriorment als barris de Pubilla Cases i Sanfeliu. Fins ara, a L\u2019Hospitalet nom\u00e9s funcionaven \u00e0rees integrals de regulaci\u00f3 de l\u2019estacionament a Granvia Sud, des de 2011, i a Can Serra, des de 2017.<\/p>\r\n<p>La nova zona verda d\u2019estacionament a Collblanc, la Torrassa i Santa Eul\u00e0lia est ser\u00e0 gratu\u00efta per a residents i comerciants censats al barri, i amb condicions especials per a familiars de primer grau dels residents. La mesura facilitar\u00e0 l\u2019aparcament al ve\u00efnat en aquests barris amb d\u00e8ficit de places per estacionar els vehicles, donant prioritat als residents i evitant que cotxes d\u2019altres municipis ocupin places d\u2019estacionament a L\u2019Hospitalet.<\/p>\r\n<p>Entre altres avantatges per al ve\u00efnat, amb la implantaci\u00f3 de les zones AIRE es reduir\u00e0 el temps per trobar aparcament a l\u2019espai p\u00fablic per la disminuci\u00f3 de la pres\u00e8ncia de cotxes de fora del barri; es millorar\u00e0 la mobilitat i la qualitat de l\u2019aire; es reduir\u00e0 l\u2019accidentalitat, s\u2019incrementar\u00e0 la percepci\u00f3 de seguretat i es potenciar\u00e0 l\u2019ordenaci\u00f3 de l\u2019espai p\u00fablic i la neteja.<\/p>\r\n<p>Per poder aparcar de forma gratu\u00efta a la zona verda, els residents rebran a casa seva un distintiu adhesiu que hauran d\u2019enganxar al seu vehicle i treure un tiquet diari o setmanal gratu\u00eft al parqu\u00edmetre que hauran de deixar en un lloc visible al vehicle. Tamb\u00e9 podran fer la gesti\u00f3 de l\u2019aparcament per mitj\u00e0 de l\u2019aplicaci\u00f3 per a dispositius m\u00f2bils AMB: Aparcament Residents. La zona verda funcionar\u00e0 de 8 a 20 hores, de dilluns a divendres, i amb tarifes estipulades per a no residents.<\/p>\r\n<p>Per la seva banda, els usuaris de les zones blaves de rotaci\u00f3 poden adquirir el tiquet al parqu\u00edmetre o b\u00e9 utilitzar l\u2019app AMB: Aparcament per fer-ne el pagament segons les tarifes establertes. L\u2019estacionament a les places de c\u00e0rrega i desc\u00e0rrega es fa per mitj\u00e0 de la plataforma SPRO.<\/p>\r\n<h5>1.528 places de zona verda\u00a0<\/h5>\r\n<p>En total, amb aquesta actuaci\u00f3 s\u2019habilitaran <strong>1.528 noves places de zona verda en 72 carrers de la ciutat<\/strong>.<\/p>\r\n<p><strong>A Collblanc es creen 250 noves places de zona verda en 18 vies<\/strong>: carrer de la Terra Alta, carrer d\u2019Ernest Lluch, carrer de Ferr\u00e9, carrer de l\u2019Estudi, carrer del Dos de Maig, carrer de la Creu Roja, carrer d\u2019Orient, carrer de Rafael Campalans, travessera de Collblanc, carrer de Cotonat, avinguda del Torrent Gornal, carrer de Puj\u00f3s, carrer de Par\u00eds, pla\u00e7a de Guernica, carretera de Collblanc, carrer de Vallparda, carrer de Mas i carrer de la Riera Blanca.<\/p>\r\n<p><strong>A la Torrassa es creen 389 places de zona verda en 17 vies<\/strong>: carrer del Montseny, carrer de la Mare de D\u00e9u dels Desemparats, rambla Catalana, carrer d\u2019Holanda, ronda de la Torrassa, ronda de la Via, carrer d\u2019Albareda, carrer de Santiago Ap\u00f2stol, carrer de Rafael Campalans, carrer del Doctor Mart\u00ed i Juli\u00e0, carrer del Rossell\u00f3, carrer de Goya, passatge de la Concepci\u00f3, passatge de Bonveh\u00ed, passatge de Llopis, carrer del Xiprer i passatge del Congost.<\/p>\r\n<p><strong>A Santa Eul\u00e0lia es creen 889 places de zona verda en 37 vies<\/strong>: carrer de l\u2019Alhambra, carrer de l\u2019Amistat, carrer d\u2019\u00c0ngel Guimer\u00e0, carrer de Bacard\u00ed, carrer de Badalona, carrer de Blas Fern\u00e1ndez Lirola, carrer de Buenos Aires, carrer de Carrasco i Formiguera, avinguda del Carrilet (fins a l\u2019avinguda d\u2019Amadeu Torner), carrer de Castelao, carrer de Clotet, carrer de la Cultura, carrer d\u2019Enric Morera, carrer de la Gl\u00f2ria, carrer de Gon\u00e7al Pons, carrer de la Igualtat, carrer de la Independ\u00e8ncia, carrer de Jansana, carrer de Lav\u00ednia, carrer de Mart\u00ed Codolar, carrer del Mestre Carb\u00f3, carrer Modern, carrer de Muns, carrer de Narc\u00eds Monturiol (fins a l\u2019avinguda d\u2019Amadeu Torner), carrer de Natzaret, passatge de Ca n\u2019Al\u00f2s, passatge de Guilera, passatge del Patronat, carrer de Pi i Margall, carrer del Prat de la Manta, carrer de la Riera Blanca, carrer de Rosell, carrer de Salamina, carrer de Santiago Ram\u00f3n y Cajal, carrer Transversal, carrer de la Uni\u00f3 i carrer de l\u2019Uva.<\/p>\r\n<p>La implantaci\u00f3 de les noves zones AIRE s\u2019emmarca dins de les actuacions previstes al Pla de mobilitat urbana sostenible de L\u2019Hospitalet amb l\u2019objectiu de racionalitzar l\u2019\u00fas del vehicle privat a la ciutat, millorar la qualitat de l\u2019aire i ordenar l\u2019espai p\u00fablic. Tamb\u00e9 \u00e9s una de les actuacions que formen part de les zones urbanes d\u2019atmosfera protegida (ZUAP) del municipi, en l\u00ednia amb els objectius de desenvolupament sostenible (ODS).<\/p>\n\n\r\n<p>La Farga GEM, S.A. col\u00b7labora en el servei de control de les <strong><a href=\"https:\/\/www.lafarga.com\/corporatiu\/estacionaments-regulats-hospitalet\/\" target=\"_blank\" rel=\"noreferrer noopener\">zones AIRE<\/a><\/strong> (\u00c0rees Integrals de Regulaci\u00f3 d\u2019Estacionaments).<\/p>\n","protected":false},"excerpt":{"rendered":"<p>L\u2019Ajuntament ha iniciat els treballs per implantar noves \u00e0rees integrals de regulaci\u00f3 de l\u2019estacionament (AIRE) als barris de Collblanc, la Torrassa i Santa Eul\u00e0lia est.<\/p>\n","protected":false},"author":5,"featured_media":16771,"comment_status":"closed","ping_status":"closed","sticky":false,"template":"","format":"standard","meta":{"inline_featured_image":false,"_uag_custom_page_level_css":"","_monsterinsights_skip_tracking":false,"_monsterinsights_sitenote_active":false,"_monsterinsights_sitenote_note":"","_monsterinsights_sitenote_category":0,"site-sidebar-layout":"default","site-content-layout":"","ast-site-content-layout":"default","site-content-style":"default","site-sidebar-style":"default","ast-global-header-display":"","ast-banner-title-visibility":"","ast-main-header-display":"","ast-hfb-above-header-display":"","ast-hfb-below-header-display":"","ast-hfb-mobile-header-display":"","site-post-title":"","ast-breadcrumbs-content":"","ast-featured-img":"","footer-sml-layout":"","ast-disable-related-posts":"","theme-transparent-header-meta":"","adv-header-id-meta":"","stick-header-meta":"","header-above-stick-meta":"","header-main-stick-meta":"","header-below-stick-meta":"","astra-migrate-meta-layouts":"default","ast-page-background-enabled":"default","ast-page-background-meta":{"desktop":{"background-color":"var(--ast-global-color-4)","background-image":"","background-repeat":"repeat","background-position":"center center","background-size":"auto","background-attachment":"scroll","background-type":"","background-media":"","overlay-type":"","overlay-color":"","overlay-opacity":"","overlay-gradient":""},"tablet":{"background-color":"","background-image":"","background-repeat":"repeat","background-position":"center center","background-size":"auto","background-attachment":"scroll","background-type":"","background-media":"","overlay-type":"","overlay-color":"","overlay-opacity":"","overlay-gradient":""},"mobile":{"background-color":"","background-image":"","background-repeat":"repeat","background-position":"center center","background-size":"auto","background-attachment":"scroll","background-type":"","background-media":"","overlay-type":"","overlay-color":"","overlay-opacity":"","overlay-gradient":""}},"ast-content-background-meta":{"desktop":{"background-color":"var(--ast-global-color-5)","background-image":"","background-repeat":"repeat","background-position":"center center","background-size":"auto","background-attachment":"scroll","background-type":"","background-media":"","overlay-type":"","overlay-color":"","overlay-opacity":"","overlay-gradient":""},"tablet":{"background-color":"var(--ast-global-color-5)","background-image":"","background-repeat":"repeat","background-position":"center center","background-size":"auto","background-attachment":"scroll","background-type":"","background-media":"","overlay-type":"","overlay-color":"","overlay-opacity":"","overlay-gradient":""},"mobile":{"background-color":"var(--ast-global-color-5)","background-image":"","background-repeat":"repeat","background-position":"center center","background-size":"auto","background-attachment":"scroll","background-type":"","background-media":"","overlay-type":"","overlay-color":"","overlay-opacity":"","overlay-gradient":""}},"footnotes":""},"categories":[55],"tags":[],"class_list":["post-16768","post","type-post","status-publish","format-standard","has-post-thumbnail","hentry","category-mobilitat"],"yoast_head":"<!-- This site is optimized with the Yoast SEO plugin v27.5 - https:\/\/yoast.com\/product\/yoast-seo-wordpress\/ -->\n<title>Comencen els treballs d\u2019implantaci\u00f3 de la zona verda a Collblanc, la Torrassa i Santa Eul\u00e0lia est - La Farga Gesti\u00f3n de Equipamientos Municipales, S.A.<\/title>\n<meta name=\"description\" content=\"L\u2019Ajuntament ha iniciat els treballs per implantar noves \u00e0rees integrals de regulaci\u00f3 de l\u2019estacionament a Collblanc, la Torrassa i Santa Eul\u00e0lia est.\" \/>\n<meta name=\"robots\" content=\"index, follow, max-snippet:-1, max-image-preview:large, max-video-preview:-1\" \/>\n<link rel=\"canonical\" href=\"https:\/\/www.lafarga.com\/corporatiu\/comencen-els-treballs-dimplantacio-de-la-zona-verda-a-collblanc-la-torrassa-i-santa-eulalia-est\/\" \/>\n<meta property=\"og:locale\" content=\"ca_ES\" \/>\n<meta property=\"og:type\" content=\"article\" \/>\n<meta property=\"og:title\" content=\"Comencen els treballs d\u2019implantaci\u00f3 de la zona verda a Collblanc, la Torrassa i Santa Eul\u00e0lia est - La Farga Gesti\u00f3n de Equipamientos Municipales, S.A.\" \/>\n<meta property=\"og:description\" content=\"L\u2019Ajuntament ha iniciat els treballs per implantar noves \u00e0rees integrals de regulaci\u00f3 de l\u2019estacionament a Collblanc, la Torrassa i Santa Eul\u00e0lia est.\" \/>\n<meta property=\"og:url\" content=\"https:\/\/www.lafarga.com\/corporatiu\/comencen-els-treballs-dimplantacio-de-la-zona-verda-a-collblanc-la-torrassa-i-santa-eulalia-est\/\" \/>\n<meta property=\"og:site_name\" content=\"La Farga Gesti\u00f3n de Equipamientos Municipales, S.A.\" \/>\n<meta property=\"article:published_time\" content=\"2022-10-06T10:54:14+00:00\" \/>\n<meta property=\"article:modified_time\" content=\"2022-10-06T11:16:46+00:00\" \/>\n<meta property=\"og:image\" content=\"https:\/\/www.lafarga.com\/corporatiu\/wp-content\/uploads\/2022\/10\/Aire-Sta-Eulalia-Farga.jpg\" \/>\n\t<meta property=\"og:image:width\" content=\"730\" \/>\n\t<meta property=\"og:image:height\" content=\"410\" \/>\n\t<meta property=\"og:image:type\" content=\"image\/jpeg\" \/>\n<meta name=\"author\" content=\"\u00d2scar Milla\" \/>\n<meta name=\"twitter:label1\" content=\"Escrit per\" \/>\n\t<meta name=\"twitter:data1\" content=\"\u00d2scar Milla\" \/>\n\t<meta name=\"twitter:label2\" content=\"Temps estimat de lectura\" \/>\n\t<meta name=\"twitter:data2\" content=\"6 minuts\" \/>\n<script type=\"application\/ld+json\" class=\"yoast-schema-graph\">{\"@context\":\"https:\\\/\\\/schema.org\",\"@graph\":[{\"@type\":\"Article\",\"@id\":\"https:\\\/\\\/www.lafarga.com\\\/corporatiu\\\/comencen-els-treballs-dimplantacio-de-la-zona-verda-a-collblanc-la-torrassa-i-santa-eulalia-est\\\/#article\",\"isPartOf\":{\"@id\":\"https:\\\/\\\/www.lafarga.com\\\/corporatiu\\\/comencen-els-treballs-dimplantacio-de-la-zona-verda-a-collblanc-la-torrassa-i-santa-eulalia-est\\\/\"},\"author\":{\"name\":\"\u00d2scar Milla\",\"@id\":\"https:\\\/\\\/www.lafarga.com\\\/corporatiu\\\/#\\\/schema\\\/person\\\/70d96fe17d0da1a9c9e80d232bdbcf33\"},\"headline\":\"Comencen els treballs d\u2019implantaci\u00f3 de la zona verda a Collblanc, la Torrassa i Santa Eul\u00e0lia est\",\"datePublished\":\"2022-10-06T10:54:14+00:00\",\"dateModified\":\"2022-10-06T11:16:46+00:00\",\"mainEntityOfPage\":{\"@id\":\"https:\\\/\\\/www.lafarga.com\\\/corporatiu\\\/comencen-els-treballs-dimplantacio-de-la-zona-verda-a-collblanc-la-torrassa-i-santa-eulalia-est\\\/\"},\"wordCount\":1047,\"publisher\":{\"@id\":\"https:\\\/\\\/www.lafarga.com\\\/corporatiu\\\/#organization\"},\"image\":{\"@id\":\"https:\\\/\\\/www.lafarga.com\\\/corporatiu\\\/comencen-els-treballs-dimplantacio-de-la-zona-verda-a-collblanc-la-torrassa-i-santa-eulalia-est\\\/#primaryimage\"},\"thumbnailUrl\":\"https:\\\/\\\/www.lafarga.com\\\/corporatiu\\\/wp-content\\\/uploads\\\/2022\\\/10\\\/Aire-Sta-Eulalia-Farga.jpg\",\"articleSection\":[\"Estacionaments Regulats\"],\"inLanguage\":\"ca\"},{\"@type\":\"WebPage\",\"@id\":\"https:\\\/\\\/www.lafarga.com\\\/corporatiu\\\/comencen-els-treballs-dimplantacio-de-la-zona-verda-a-collblanc-la-torrassa-i-santa-eulalia-est\\\/\",\"url\":\"https:\\\/\\\/www.lafarga.com\\\/corporatiu\\\/comencen-els-treballs-dimplantacio-de-la-zona-verda-a-collblanc-la-torrassa-i-santa-eulalia-est\\\/\",\"name\":\"Comencen els treballs d\u2019implantaci\u00f3 de la zona verda a Collblanc, la Torrassa i Santa Eul\u00e0lia est - La Farga Gesti\u00f3n de Equipamientos Municipales, S.A.\",\"isPartOf\":{\"@id\":\"https:\\\/\\\/www.lafarga.com\\\/corporatiu\\\/#website\"},\"primaryImageOfPage\":{\"@id\":\"https:\\\/\\\/www.lafarga.com\\\/corporatiu\\\/comencen-els-treballs-dimplantacio-de-la-zona-verda-a-collblanc-la-torrassa-i-santa-eulalia-est\\\/#primaryimage\"},\"image\":{\"@id\":\"https:\\\/\\\/www.lafarga.com\\\/corporatiu\\\/comencen-els-treballs-dimplantacio-de-la-zona-verda-a-collblanc-la-torrassa-i-santa-eulalia-est\\\/#primaryimage\"},\"thumbnailUrl\":\"https:\\\/\\\/www.lafarga.com\\\/corporatiu\\\/wp-content\\\/uploads\\\/2022\\\/10\\\/Aire-Sta-Eulalia-Farga.jpg\",\"datePublished\":\"2022-10-06T10:54:14+00:00\",\"dateModified\":\"2022-10-06T11:16:46+00:00\",\"description\":\"L\u2019Ajuntament ha iniciat els treballs per implantar noves \u00e0rees integrals de regulaci\u00f3 de l\u2019estacionament a Collblanc, la Torrassa i Santa Eul\u00e0lia est.\",\"breadcrumb\":{\"@id\":\"https:\\\/\\\/www.lafarga.com\\\/corporatiu\\\/comencen-els-treballs-dimplantacio-de-la-zona-verda-a-collblanc-la-torrassa-i-santa-eulalia-est\\\/#breadcrumb\"},\"inLanguage\":\"ca\",\"potentialAction\":[{\"@type\":\"ReadAction\",\"target\":[\"https:\\\/\\\/www.lafarga.com\\\/corporatiu\\\/comencen-els-treballs-dimplantacio-de-la-zona-verda-a-collblanc-la-torrassa-i-santa-eulalia-est\\\/\"]}]},{\"@type\":\"ImageObject\",\"inLanguage\":\"ca\",\"@id\":\"https:\\\/\\\/www.lafarga.com\\\/corporatiu\\\/comencen-els-treballs-dimplantacio-de-la-zona-verda-a-collblanc-la-torrassa-i-santa-eulalia-est\\\/#primaryimage\",\"url\":\"https:\\\/\\\/www.lafarga.com\\\/corporatiu\\\/wp-content\\\/uploads\\\/2022\\\/10\\\/Aire-Sta-Eulalia-Farga.jpg\",\"contentUrl\":\"https:\\\/\\\/www.lafarga.com\\\/corporatiu\\\/wp-content\\\/uploads\\\/2022\\\/10\\\/Aire-Sta-Eulalia-Farga.jpg\",\"width\":730,\"height\":410,\"caption\":\"Zona Aire Farga\"},{\"@type\":\"BreadcrumbList\",\"@id\":\"https:\\\/\\\/www.lafarga.com\\\/corporatiu\\\/comencen-els-treballs-dimplantacio-de-la-zona-verda-a-collblanc-la-torrassa-i-santa-eulalia-est\\\/#breadcrumb\",\"itemListElement\":[{\"@type\":\"ListItem\",\"position\":1,\"name\":\"Home\",\"item\":\"https:\\\/\\\/www.lafarga.com\\\/corporatiu\\\/lafarga-hospitalet-llobregat\\\/\"},{\"@type\":\"ListItem\",\"position\":2,\"name\":\"Comencen els treballs d\u2019implantaci\u00f3 de la zona verda a Collblanc, la Torrassa i Santa Eul\u00e0lia est\"}]},{\"@type\":\"WebSite\",\"@id\":\"https:\\\/\\\/www.lafarga.com\\\/corporatiu\\\/#website\",\"url\":\"https:\\\/\\\/www.lafarga.com\\\/corporatiu\\\/\",\"name\":\"La Farga Gesti\u00f3 d&#039;Equipaments Municipals, SA\",\"description\":\"\",\"publisher\":{\"@id\":\"https:\\\/\\\/www.lafarga.com\\\/corporatiu\\\/#organization\"},\"potentialAction\":[{\"@type\":\"SearchAction\",\"target\":{\"@type\":\"EntryPoint\",\"urlTemplate\":\"https:\\\/\\\/www.lafarga.com\\\/corporatiu\\\/?s={search_term_string}\"},\"query-input\":{\"@type\":\"PropertyValueSpecification\",\"valueRequired\":true,\"valueName\":\"search_term_string\"}}],\"inLanguage\":\"ca\"},{\"@type\":\"Organization\",\"@id\":\"https:\\\/\\\/www.lafarga.com\\\/corporatiu\\\/#organization\",\"name\":\"La Farga Gesti\u00f3 d&#039;Equipaments Municipals, SA\",\"url\":\"https:\\\/\\\/www.lafarga.com\\\/corporatiu\\\/\",\"logo\":{\"@type\":\"ImageObject\",\"inLanguage\":\"ca\",\"@id\":\"https:\\\/\\\/www.lafarga.com\\\/corporatiu\\\/#\\\/schema\\\/logo\\\/image\\\/\",\"url\":\"https:\\\/\\\/www.lafarga.com\\\/corporatiu\\\/wp-content\\\/uploads\\\/2023\\\/11\\\/logotipo_lafarga_gemsa.svg\",\"contentUrl\":\"https:\\\/\\\/www.lafarga.com\\\/corporatiu\\\/wp-content\\\/uploads\\\/2023\\\/11\\\/logotipo_lafarga_gemsa.svg\",\"width\":102,\"height\":103,\"caption\":\"La Farga Gesti\u00f3 d&#039;Equipaments Municipals, SA\"},\"image\":{\"@id\":\"https:\\\/\\\/www.lafarga.com\\\/corporatiu\\\/#\\\/schema\\\/logo\\\/image\\\/\"}},{\"@type\":\"Person\",\"@id\":\"https:\\\/\\\/www.lafarga.com\\\/corporatiu\\\/#\\\/schema\\\/person\\\/70d96fe17d0da1a9c9e80d232bdbcf33\",\"name\":\"\u00d2scar Milla\",\"image\":{\"@type\":\"ImageObject\",\"inLanguage\":\"ca\",\"@id\":\"https:\\\/\\\/secure.gravatar.com\\\/avatar\\\/92e75d184f9d5e0e403bd4ad075b080ad258344ddc259adddb579f6a3ba6494f?s=96&d=mm&r=g\",\"url\":\"https:\\\/\\\/secure.gravatar.com\\\/avatar\\\/92e75d184f9d5e0e403bd4ad075b080ad258344ddc259adddb579f6a3ba6494f?s=96&d=mm&r=g\",\"contentUrl\":\"https:\\\/\\\/secure.gravatar.com\\\/avatar\\\/92e75d184f9d5e0e403bd4ad075b080ad258344ddc259adddb579f6a3ba6494f?s=96&d=mm&r=g\",\"caption\":\"\u00d2scar Milla\"},\"url\":\"https:\\\/\\\/www.lafarga.com\\\/corporatiu\\\/author\\\/omilla\\\/\"}]}<\/script>\n<!-- \/ Yoast SEO plugin. -->","yoast_head_json":{"title":"Comencen els treballs d\u2019implantaci\u00f3 de la zona verda a Collblanc, la Torrassa i Santa Eul\u00e0lia est - La Farga Gesti\u00f3n de Equipamientos Municipales, S.A.","description":"L\u2019Ajuntament ha iniciat els treballs per implantar noves \u00e0rees integrals de regulaci\u00f3 de l\u2019estacionament a Collblanc, la Torrassa i Santa Eul\u00e0lia est.","robots":{"index":"index","follow":"follow","max-snippet":"max-snippet:-1","max-image-preview":"max-image-preview:large","max-video-preview":"max-video-preview:-1"},"canonical":"https:\/\/www.lafarga.com\/corporatiu\/comencen-els-treballs-dimplantacio-de-la-zona-verda-a-collblanc-la-torrassa-i-santa-eulalia-est\/","og_locale":"ca_ES","og_type":"article","og_title":"Comencen els treballs d\u2019implantaci\u00f3 de la zona verda a Collblanc, la Torrassa i Santa Eul\u00e0lia est - La Farga Gesti\u00f3n de Equipamientos Municipales, S.A.","og_description":"L\u2019Ajuntament ha iniciat els treballs per implantar noves \u00e0rees integrals de regulaci\u00f3 de l\u2019estacionament a Collblanc, la Torrassa i Santa Eul\u00e0lia est.","og_url":"https:\/\/www.lafarga.com\/corporatiu\/comencen-els-treballs-dimplantacio-de-la-zona-verda-a-collblanc-la-torrassa-i-santa-eulalia-est\/","og_site_name":"La Farga Gesti\u00f3n de Equipamientos Municipales, S.A.","article_published_time":"2022-10-06T10:54:14+00:00","article_modified_time":"2022-10-06T11:16:46+00:00","og_image":[{"width":730,"height":410,"url":"https:\/\/www.lafarga.com\/corporatiu\/wp-content\/uploads\/2022\/10\/Aire-Sta-Eulalia-Farga.jpg","type":"image\/jpeg"}],"author":"\u00d2scar Milla","twitter_misc":{"Escrit per":"\u00d2scar Milla","Temps estimat de lectura":"6 minuts"},"schema":{"@context":"https:\/\/schema.org","@graph":[{"@type":"Article","@id":"https:\/\/www.lafarga.com\/corporatiu\/comencen-els-treballs-dimplantacio-de-la-zona-verda-a-collblanc-la-torrassa-i-santa-eulalia-est\/#article","isPartOf":{"@id":"https:\/\/www.lafarga.com\/corporatiu\/comencen-els-treballs-dimplantacio-de-la-zona-verda-a-collblanc-la-torrassa-i-santa-eulalia-est\/"},"author":{"name":"\u00d2scar Milla","@id":"https:\/\/www.lafarga.com\/corporatiu\/#\/schema\/person\/70d96fe17d0da1a9c9e80d232bdbcf33"},"headline":"Comencen els treballs d\u2019implantaci\u00f3 de la zona verda a Collblanc, la Torrassa i Santa Eul\u00e0lia est","datePublished":"2022-10-06T10:54:14+00:00","dateModified":"2022-10-06T11:16:46+00:00","mainEntityOfPage":{"@id":"https:\/\/www.lafarga.com\/corporatiu\/comencen-els-treballs-dimplantacio-de-la-zona-verda-a-collblanc-la-torrassa-i-santa-eulalia-est\/"},"wordCount":1047,"publisher":{"@id":"https:\/\/www.lafarga.com\/corporatiu\/#organization"},"image":{"@id":"https:\/\/www.lafarga.com\/corporatiu\/comencen-els-treballs-dimplantacio-de-la-zona-verda-a-collblanc-la-torrassa-i-santa-eulalia-est\/#primaryimage"},"thumbnailUrl":"https:\/\/www.lafarga.com\/corporatiu\/wp-content\/uploads\/2022\/10\/Aire-Sta-Eulalia-Farga.jpg","articleSection":["Estacionaments Regulats"],"inLanguage":"ca"},{"@type":"WebPage","@id":"https:\/\/www.lafarga.com\/corporatiu\/comencen-els-treballs-dimplantacio-de-la-zona-verda-a-collblanc-la-torrassa-i-santa-eulalia-est\/","url":"https:\/\/www.lafarga.com\/corporatiu\/comencen-els-treballs-dimplantacio-de-la-zona-verda-a-collblanc-la-torrassa-i-santa-eulalia-est\/","name":"Comencen els treballs d\u2019implantaci\u00f3 de la zona verda a Collblanc, la Torrassa i Santa Eul\u00e0lia est - La Farga Gesti\u00f3n de Equipamientos Municipales, S.A.","isPartOf":{"@id":"https:\/\/www.lafarga.com\/corporatiu\/#website"},"primaryImageOfPage":{"@id":"https:\/\/www.lafarga.com\/corporatiu\/comencen-els-treballs-dimplantacio-de-la-zona-verda-a-collblanc-la-torrassa-i-santa-eulalia-est\/#primaryimage"},"image":{"@id":"https:\/\/www.lafarga.com\/corporatiu\/comencen-els-treballs-dimplantacio-de-la-zona-verda-a-collblanc-la-torrassa-i-santa-eulalia-est\/#primaryimage"},"thumbnailUrl":"https:\/\/www.lafarga.com\/corporatiu\/wp-content\/uploads\/2022\/10\/Aire-Sta-Eulalia-Farga.jpg","datePublished":"2022-10-06T10:54:14+00:00","dateModified":"2022-10-06T11:16:46+00:00","description":"L\u2019Ajuntament ha iniciat els treballs per implantar noves \u00e0rees integrals de regulaci\u00f3 de l\u2019estacionament a Collblanc, la Torrassa i Santa Eul\u00e0lia est.","breadcrumb":{"@id":"https:\/\/www.lafarga.com\/corporatiu\/comencen-els-treballs-dimplantacio-de-la-zona-verda-a-collblanc-la-torrassa-i-santa-eulalia-est\/#breadcrumb"},"inLanguage":"ca","potentialAction":[{"@type":"ReadAction","target":["https:\/\/www.lafarga.com\/corporatiu\/comencen-els-treballs-dimplantacio-de-la-zona-verda-a-collblanc-la-torrassa-i-santa-eulalia-est\/"]}]},{"@type":"ImageObject","inLanguage":"ca","@id":"https:\/\/www.lafarga.com\/corporatiu\/comencen-els-treballs-dimplantacio-de-la-zona-verda-a-collblanc-la-torrassa-i-santa-eulalia-est\/#primaryimage","url":"https:\/\/www.lafarga.com\/corporatiu\/wp-content\/uploads\/2022\/10\/Aire-Sta-Eulalia-Farga.jpg","contentUrl":"https:\/\/www.lafarga.com\/corporatiu\/wp-content\/uploads\/2022\/10\/Aire-Sta-Eulalia-Farga.jpg","width":730,"height":410,"caption":"Zona Aire Farga"},{"@type":"BreadcrumbList","@id":"https:\/\/www.lafarga.com\/corporatiu\/comencen-els-treballs-dimplantacio-de-la-zona-verda-a-collblanc-la-torrassa-i-santa-eulalia-est\/#breadcrumb","itemListElement":[{"@type":"ListItem","position":1,"name":"Home","item":"https:\/\/www.lafarga.com\/corporatiu\/lafarga-hospitalet-llobregat\/"},{"@type":"ListItem","position":2,"name":"Comencen els treballs d\u2019implantaci\u00f3 de la zona verda a Collblanc, la Torrassa i Santa Eul\u00e0lia est"}]},{"@type":"WebSite","@id":"https:\/\/www.lafarga.com\/corporatiu\/#website","url":"https:\/\/www.lafarga.com\/corporatiu\/","name":"La Farga Gesti\u00f3 d&#039;Equipaments Municipals, SA","description":"","publisher":{"@id":"https:\/\/www.lafarga.com\/corporatiu\/#organization"},"potentialAction":[{"@type":"SearchAction","target":{"@type":"EntryPoint","urlTemplate":"https:\/\/www.lafarga.com\/corporatiu\/?s={search_term_string}"},"query-input":{"@type":"PropertyValueSpecification","valueRequired":true,"valueName":"search_term_string"}}],"inLanguage":"ca"},{"@type":"Organization","@id":"https:\/\/www.lafarga.com\/corporatiu\/#organization","name":"La Farga Gesti\u00f3 d&#039;Equipaments Municipals, SA","url":"https:\/\/www.lafarga.com\/corporatiu\/","logo":{"@type":"ImageObject","inLanguage":"ca","@id":"https:\/\/www.lafarga.com\/corporatiu\/#\/schema\/logo\/image\/","url":"https:\/\/www.lafarga.com\/corporatiu\/wp-content\/uploads\/2023\/11\/logotipo_lafarga_gemsa.svg","contentUrl":"https:\/\/www.lafarga.com\/corporatiu\/wp-content\/uploads\/2023\/11\/logotipo_lafarga_gemsa.svg","width":102,"height":103,"caption":"La Farga Gesti\u00f3 d&#039;Equipaments Municipals, SA"},"image":{"@id":"https:\/\/www.lafarga.com\/corporatiu\/#\/schema\/logo\/image\/"}},{"@type":"Person","@id":"https:\/\/www.lafarga.com\/corporatiu\/#\/schema\/person\/70d96fe17d0da1a9c9e80d232bdbcf33","name":"\u00d2scar Milla","image":{"@type":"ImageObject","inLanguage":"ca","@id":"https:\/\/secure.gravatar.com\/avatar\/92e75d184f9d5e0e403bd4ad075b080ad258344ddc259adddb579f6a3ba6494f?s=96&d=mm&r=g","url":"https:\/\/secure.gravatar.com\/avatar\/92e75d184f9d5e0e403bd4ad075b080ad258344ddc259adddb579f6a3ba6494f?s=96&d=mm&r=g","contentUrl":"https:\/\/secure.gravatar.com\/avatar\/92e75d184f9d5e0e403bd4ad075b080ad258344ddc259adddb579f6a3ba6494f?s=96&d=mm&r=g","caption":"\u00d2scar Milla"},"url":"https:\/\/www.lafarga.com\/corporatiu\/author\/omilla\/"}]}},"uagb_featured_image_src":{"full":["https:\/\/www.lafarga.com\/corporatiu\/wp-content\/uploads\/2022\/10\/Aire-Sta-Eulalia-Farga.jpg",730,410,false],"thumbnail":["https:\/\/www.lafarga.com\/corporatiu\/wp-content\/uploads\/2022\/10\/Aire-Sta-Eulalia-Farga-150x150.jpg",150,150,true],"medium":["https:\/\/www.lafarga.com\/corporatiu\/wp-content\/uploads\/2022\/10\/Aire-Sta-Eulalia-Farga-300x168.jpg",300,168,true],"medium_large":["https:\/\/www.lafarga.com\/corporatiu\/wp-content\/uploads\/2022\/10\/Aire-Sta-Eulalia-Farga.jpg",730,410,false],"large":["https:\/\/www.lafarga.com\/corporatiu\/wp-content\/uploads\/2022\/10\/Aire-Sta-Eulalia-Farga.jpg",730,410,false],"1536x1536":["https:\/\/www.lafarga.com\/corporatiu\/wp-content\/uploads\/2022\/10\/Aire-Sta-Eulalia-Farga.jpg",730,410,false],"2048x2048":["https:\/\/www.lafarga.com\/corporatiu\/wp-content\/uploads\/2022\/10\/Aire-Sta-Eulalia-Farga.jpg",730,410,false],"mailpoet_newsletter_max":["https:\/\/www.lafarga.com\/corporatiu\/wp-content\/uploads\/2022\/10\/Aire-Sta-Eulalia-Farga.jpg",730,410,false]},"uagb_author_info":{"display_name":"\u00d2scar Milla","author_link":"https:\/\/www.lafarga.com\/corporatiu\/author\/omilla\/"},"uagb_comment_info":0,"uagb_excerpt":"L\u2019Ajuntament ha iniciat els treballs per implantar noves \u00e0rees integrals de regulaci\u00f3 de l\u2019estacionament (AIRE) als barris de Collblanc, la Torrassa i Santa Eul\u00e0lia est.","_links":{"self":[{"href":"https:\/\/www.lafarga.com\/corporatiu\/wp-json\/wp\/v2\/posts\/16768","targetHints":{"allow":["GET"]}}],"collection":[{"href":"https:\/\/www.lafarga.com\/corporatiu\/wp-json\/wp\/v2\/posts"}],"about":[{"href":"https:\/\/www.lafarga.com\/corporatiu\/wp-json\/wp\/v2\/types\/post"}],"author":[{"embeddable":true,"href":"https:\/\/www.lafarga.com\/corporatiu\/wp-json\/wp\/v2\/users\/5"}],"replies":[{"embeddable":true,"href":"https:\/\/www.lafarga.com\/corporatiu\/wp-json\/wp\/v2\/comments?post=16768"}],"version-history":[{"count":9,"href":"https:\/\/www.lafarga.com\/corporatiu\/wp-json\/wp\/v2\/posts\/16768\/revisions"}],"predecessor-version":[{"id":16781,"href":"https:\/\/www.lafarga.com\/corporatiu\/wp-json\/wp\/v2\/posts\/16768\/revisions\/16781"}],"wp:featuredmedia":[{"embeddable":true,"href":"https:\/\/www.lafarga.com\/corporatiu\/wp-json\/wp\/v2\/media\/16771"}],"wp:attachment":[{"href":"https:\/\/www.lafarga.com\/corporatiu\/wp-json\/wp\/v2\/media?parent=16768"}],"wp:term":[{"taxonomy":"category","embeddable":true,"href":"https:\/\/www.lafarga.com\/corporatiu\/wp-json\/wp\/v2\/categories?post=16768"},{"taxonomy":"post_tag","embeddable":true,"href":"https:\/\/www.lafarga.com\/corporatiu\/wp-json\/wp\/v2\/tags?post=16768"}],"curies":[{"name":"wp","href":"https:\/\/api.w.org\/{rel}","templated":true}]}}