{"id":16757,"date":"2022-10-05T11:23:02","date_gmt":"2022-10-05T11:23:02","guid":{"rendered":"http:\/\/www.lafarga.com\/corporatiu\/?p=16757"},"modified":"2022-10-05T11:28:19","modified_gmt":"2022-10-05T11:28:19","slug":"lamfest-arriba-per-primera-vegada-a-la-farga","status":"publish","type":"post","link":"https:\/\/www.lafarga.com\/corporatiu\/lamfest-arriba-per-primera-vegada-a-la-farga\/","title":{"rendered":"L\u2019AMFest arriba per primera vegada a La Farga"},"content":{"rendered":"L\u2019AMFest \u00e9s un projecte basat en els contrastos, on es repta el p\u00fablic a transitar per diferents estats emocionals a trav\u00e9s de la m\u00fasica. En els seus deu anys de vida, el festival s\u2019ha caracteritzat per la recerca de sons inconformistes, a trav\u00e9s del volum, la disson\u00e0ncia, la intensitat o el silenci. Enguany, el piano experimental i els crits punyents de Lingua Ignota compartiran escenari amb el math rock de les japoneses Tricot, i tamb\u00e9 amb la bellesa dolorosa de Midwife, la delicadesa d\u2019A.A. Williams, la bogeria instrumental d\u2019Aiming for Enrike o l\u2019emo renovat de Foxtails. Moltes d\u2019aquestes propostes visiten Espanya per primer cop i formen un cartell que compleix un dels objectius marcats per l\u2019organitzaci\u00f3 en comen\u00e7ar la seva programaci\u00f3: la recerca de l\u2019equilibri.<\/p>\r\n\r\n<h5 class=\"wp-block-heading\">Els menors vint-i-tres anys tenen l\u2019entrada gratu\u00efta<\/h5>\r\n\r\n<p>El festival, que arrenca amb els abonaments esgotats, comptar\u00e0 amb la versatilitat de l\u2019espai de La Farga, on s\u2019instal\u00b7laran tres escenaris, un espai amb quatre food trucks i dues barres. Tamb\u00e9 hi haur\u00e0 zones de descans i de marxandatge.<\/p>\r\n\r\n<p>Dins la seva singularitat, el festival trenca amb el concepte de caps de cartell, igualant totes les bandes i artistes participants; per aquest motiu, cap banda ha destacat sobre una altra en la configuraci\u00f3 del cartell. A m\u00e9s, les persones menors de vint-i-tres anys tenen l\u2019entrada gratu\u00efta, quan l\u2019aforament ho permeti, amb l\u2019objectiu que descobreixin estils diferents de m\u00fasica allunyats del corrent dominant.<\/p>\r\n\r\n<p>L\u2019AMFest es remunta a l\u2019any 2013, on s\u2019inicia com una celebraci\u00f3 del segell Aloud Music. M\u00e9s endavant, l\u2019any 2018 passa a celebrar-se a la Fabra i Coats de Barcelona. L\u2019edici\u00f3 del 2022 marca una nova etapa del festival amb la seva celebraci\u00f3 a La Farga i amb el suport del Districte Cultural de L\u2019Hospitalet.<\/p>\r\n\r\n<p>M\u00e9s informaci\u00f3 sobre el festival:\u00a0<strong><a href=\"http:\/\/amfest.es\/cat\/\" target=\"_blank\" rel=\"noreferrer noopener\">amfest.es<\/a><\/strong><\/p><!-- \/wp:paragraph --><!-- wp:post-content --><h5>L\u2019AMFest aterra a L\u2019Hospitalet amb la seva proposta de m\u00fasiques inc\u00f2modes, sorolloses i experimentals<\/h5>\r\n<!-- wp:heading {\"level\":5} -->\r\n<h5>GY!BE, Cult of Luna, Caspian, Anna Von Hausswolff, Lingua Ignota, Godspeed You! Black Emperor, A.A. Williams o Deafheaven s\u00f3n algunes de les formacions que passaran per la ciutat.<\/h5>\r\n<!-- \/wp:heading -->\r\n<p><!-- wp:paragraph -->Del 6 al 9 d\u2019octubre,\u00a0<a href=\"https:\/\/www.lafarga.com\/corporatiu\/centre-activitats-hospitalet-la-farga\/\" target=\"_blank\" rel=\"noopener\"><strong>La Farga de L\u2019Hospitalet<\/strong><\/a>\u00a0acull per primera vegada l\u2019AMFest, el festival de m\u00fasiques inc\u00f2modes, sorolloses i experimentals. El festival, amb deu anys d\u2019hist\u00f2ria, aterra a la ciutat amb moltes propostes in\u00e8dites al pa\u00eds i compta amb la participaci\u00f3 del Districte Cultural de L\u2019Hospitalet.<\/p>\r\n<!-- \/wp:paragraph -->\r\n<p><!-- wp:paragraph -->L\u2019AMFest \u00e9s un projecte basat en els contrastos, on es repta el p\u00fablic a transitar per diferents estats emocionals a trav\u00e9s de la m\u00fasica. En els seus deu anys de vida, el festival s\u2019ha caracteritzat per la recerca de sons inconformistes, a trav\u00e9s del volum, la disson\u00e0ncia, la intensitat o el silenci. Enguany, el piano experimental i els crits punyents de Lingua Ignota compartiran escenari amb el math rock de les japoneses Tricot, i tamb\u00e9 amb la bellesa dolorosa de Midwife, la delicadesa d\u2019A.A. Williams, la bogeria instrumental d\u2019Aiming for Enrike o l\u2019emo renovat de Foxtails. Moltes d\u2019aquestes propostes visiten Espanya per primer cop i formen un cartell que compleix un dels objectius marcats per l\u2019organitzaci\u00f3 en comen\u00e7ar la seva programaci\u00f3: la recerca de l\u2019equilibri.<\/p>\r\n<!-- wp:heading {\"level\":5} -->\r\n<h5>Els menors vint-i-tres anys tenen l\u2019entrada gratu\u00efta<\/h5>\r\n<!-- \/wp:heading -->\r\n<p><!-- wp:paragraph -->El festival, que arrenca amb els abonaments esgotats, comptar\u00e0 amb la versatilitat de l\u2019espai de La Farga, on s\u2019instal\u00b7laran tres escenaris, un espai amb quatre food trucks i dues barres. Tamb\u00e9 hi haur\u00e0 zones de descans i de marxandatge.<\/p>\r\n<!-- \/wp:paragraph -->\r\n<p><!-- wp:paragraph -->Dins la seva singularitat, el festival trenca amb el concepte de caps de cartell, igualant totes les bandes i artistes participants; per aquest motiu, cap banda ha destacat sobre una altra en la configuraci\u00f3 del cartell. A m\u00e9s, les persones menors de vint-i-tres anys tenen l\u2019entrada gratu\u00efta, quan l\u2019aforament ho permeti, amb l\u2019objectiu que descobreixin estils diferents de m\u00fasica allunyats del corrent dominant.<\/p>\r\n<!-- \/wp:paragraph -->\r\n<p><!-- wp:paragraph -->L\u2019AMFest es remunta a l\u2019any 2013, on s\u2019inicia com una celebraci\u00f3 del segell Aloud Music. M\u00e9s endavant, l\u2019any 2018 passa a celebrar-se a la Fabra i Coats de Barcelona. L\u2019edici\u00f3 del 2022 marca una nova etapa del festival amb la seva celebraci\u00f3 a La Farga i amb el suport del Districte Cultural de L\u2019Hospitalet.<\/p>\r\n<!-- \/wp:paragraph -->\r\n<p><!-- wp:paragraph -->M\u00e9s informaci\u00f3 sobre el festival:\u00a0<strong><a href=\"http:\/\/amfest.es\/cat\/\" target=\"_blank\" rel=\"noreferrer noopener\">amfest.es<\/a><\/strong><\/p><!-- \/wp:post-content -->","protected":false},"excerpt":{"rendered":"<p>Del 6 al 9 d\u2019octubre,\u00a0La Farga de L\u2019Hospitalet\u00a0acull per primera vegada l\u2019AMFest, el festival de m\u00fasiques inc\u00f2modes, sorolloses i experimentals.<\/p>\n","protected":false},"author":5,"featured_media":16759,"comment_status":"closed","ping_status":"closed","sticky":false,"template":"","format":"standard","meta":{"inline_featured_image":false,"_uag_custom_page_level_css":"","_monsterinsights_skip_tracking":false,"_monsterinsights_sitenote_active":false,"_monsterinsights_sitenote_note":"","_monsterinsights_sitenote_category":0,"site-sidebar-layout":"default","site-content-layout":"","ast-site-content-layout":"default","site-content-style":"default","site-sidebar-style":"default","ast-global-header-display":"","ast-banner-title-visibility":"","ast-main-header-display":"","ast-hfb-above-header-display":"","ast-hfb-below-header-display":"","ast-hfb-mobile-header-display":"","site-post-title":"","ast-breadcrumbs-content":"","ast-featured-img":"","footer-sml-layout":"","ast-disable-related-posts":"","theme-transparent-header-meta":"","adv-header-id-meta":"","stick-header-meta":"","header-above-stick-meta":"","header-main-stick-meta":"","header-below-stick-meta":"","astra-migrate-meta-layouts":"default","ast-page-background-enabled":"default","ast-page-background-meta":{"desktop":{"background-color":"var(--ast-global-color-4)","background-image":"","background-repeat":"repeat","background-position":"center center","background-size":"auto","background-attachment":"scroll","background-type":"","background-media":"","overlay-type":"","overlay-color":"","overlay-opacity":"","overlay-gradient":""},"tablet":{"background-color":"","background-image":"","background-repeat":"repeat","background-position":"center center","background-size":"auto","background-attachment":"scroll","background-type":"","background-media":"","overlay-type":"","overlay-color":"","overlay-opacity":"","overlay-gradient":""},"mobile":{"background-color":"","background-image":"","background-repeat":"repeat","background-position":"center center","background-size":"auto","background-attachment":"scroll","background-type":"","background-media":"","overlay-type":"","overlay-color":"","overlay-opacity":"","overlay-gradient":""}},"ast-content-background-meta":{"desktop":{"background-color":"var(--ast-global-color-5)","background-image":"","background-repeat":"repeat","background-position":"center center","background-size":"auto","background-attachment":"scroll","background-type":"","background-media":"","overlay-type":"","overlay-color":"","overlay-opacity":"","overlay-gradient":""},"tablet":{"background-color":"var(--ast-global-color-5)","background-image":"","background-repeat":"repeat","background-position":"center center","background-size":"auto","background-attachment":"scroll","background-type":"","background-media":"","overlay-type":"","overlay-color":"","overlay-opacity":"","overlay-gradient":""},"mobile":{"background-color":"var(--ast-global-color-5)","background-image":"","background-repeat":"repeat","background-position":"center center","background-size":"auto","background-attachment":"scroll","background-type":"","background-media":"","overlay-type":"","overlay-color":"","overlay-opacity":"","overlay-gradient":""}},"footnotes":""},"categories":[49],"tags":[],"class_list":["post-16757","post","type-post","status-publish","format-standard","has-post-thumbnail","hentry","category-centre-activitats"],"yoast_head":"<!-- This site is optimized with the Yoast SEO plugin v27.5 - https:\/\/yoast.com\/product\/yoast-seo-wordpress\/ -->\n<title>L\u2019AMFest arriba per primera vegada a La Farga - La Farga Gesti\u00f3n de Equipamientos Municipales, S.A.<\/title>\n<meta name=\"description\" content=\"Del 6 al 9 d\u2019octubre,\u00a0La Farga de L\u2019Hospitalet\u00a0acull per primera vegada l\u2019AMFest, festival de m\u00fasiques inc\u00f2modes, sorolloses i experimentals.\" \/>\n<meta name=\"robots\" content=\"index, follow, max-snippet:-1, max-image-preview:large, max-video-preview:-1\" \/>\n<link rel=\"canonical\" href=\"https:\/\/www.lafarga.com\/corporatiu\/lamfest-arriba-per-primera-vegada-a-la-farga\/\" \/>\n<meta property=\"og:locale\" content=\"ca_ES\" \/>\n<meta property=\"og:type\" content=\"article\" \/>\n<meta property=\"og:title\" content=\"L\u2019AMFest arriba per primera vegada a La Farga - La Farga Gesti\u00f3n de Equipamientos Municipales, S.A.\" \/>\n<meta property=\"og:description\" content=\"Del 6 al 9 d\u2019octubre,\u00a0La Farga de L\u2019Hospitalet\u00a0acull per primera vegada l\u2019AMFest, festival de m\u00fasiques inc\u00f2modes, sorolloses i experimentals.\" \/>\n<meta property=\"og:url\" content=\"https:\/\/www.lafarga.com\/corporatiu\/lamfest-arriba-per-primera-vegada-a-la-farga\/\" \/>\n<meta property=\"og:site_name\" content=\"La Farga Gesti\u00f3n de Equipamientos Municipales, S.A.\" \/>\n<meta property=\"article:published_time\" content=\"2022-10-05T11:23:02+00:00\" \/>\n<meta property=\"article:modified_time\" content=\"2022-10-05T11:28:19+00:00\" \/>\n<meta property=\"og:image\" content=\"https:\/\/www.lafarga.com\/corporatiu\/wp-content\/uploads\/2022\/10\/AMfest-Farga.jpg\" \/>\n\t<meta property=\"og:image:width\" content=\"730\" \/>\n\t<meta property=\"og:image:height\" content=\"410\" \/>\n\t<meta property=\"og:image:type\" content=\"image\/jpeg\" \/>\n<meta name=\"author\" content=\"\u00d2scar Milla\" \/>\n<meta name=\"twitter:label1\" content=\"Escrit per\" \/>\n\t<meta name=\"twitter:data1\" content=\"\u00d2scar Milla\" \/>\n\t<meta name=\"twitter:label2\" content=\"Temps estimat de lectura\" \/>\n\t<meta name=\"twitter:data2\" content=\"3 minuts\" \/>\n<script type=\"application\/ld+json\" class=\"yoast-schema-graph\">{\"@context\":\"https:\\\/\\\/schema.org\",\"@graph\":[{\"@type\":\"Article\",\"@id\":\"https:\\\/\\\/www.lafarga.com\\\/corporatiu\\\/lamfest-arriba-per-primera-vegada-a-la-farga\\\/#article\",\"isPartOf\":{\"@id\":\"https:\\\/\\\/www.lafarga.com\\\/corporatiu\\\/lamfest-arriba-per-primera-vegada-a-la-farga\\\/\"},\"author\":{\"name\":\"\u00d2scar Milla\",\"@id\":\"https:\\\/\\\/www.lafarga.com\\\/corporatiu\\\/#\\\/schema\\\/person\\\/70d96fe17d0da1a9c9e80d232bdbcf33\"},\"headline\":\"L\u2019AMFest arriba per primera vegada a La Farga\",\"datePublished\":\"2022-10-05T11:23:02+00:00\",\"dateModified\":\"2022-10-05T11:28:19+00:00\",\"mainEntityOfPage\":{\"@id\":\"https:\\\/\\\/www.lafarga.com\\\/corporatiu\\\/lamfest-arriba-per-primera-vegada-a-la-farga\\\/\"},\"wordCount\":440,\"publisher\":{\"@id\":\"https:\\\/\\\/www.lafarga.com\\\/corporatiu\\\/#organization\"},\"image\":{\"@id\":\"https:\\\/\\\/www.lafarga.com\\\/corporatiu\\\/lamfest-arriba-per-primera-vegada-a-la-farga\\\/#primaryimage\"},\"thumbnailUrl\":\"https:\\\/\\\/www.lafarga.com\\\/corporatiu\\\/wp-content\\\/uploads\\\/2022\\\/10\\\/AMfest-Farga.jpg\",\"articleSection\":[\"Centre d'Activitats\"],\"inLanguage\":\"ca\"},{\"@type\":\"WebPage\",\"@id\":\"https:\\\/\\\/www.lafarga.com\\\/corporatiu\\\/lamfest-arriba-per-primera-vegada-a-la-farga\\\/\",\"url\":\"https:\\\/\\\/www.lafarga.com\\\/corporatiu\\\/lamfest-arriba-per-primera-vegada-a-la-farga\\\/\",\"name\":\"L\u2019AMFest arriba per primera vegada a La Farga - La Farga Gesti\u00f3n de Equipamientos Municipales, S.A.\",\"isPartOf\":{\"@id\":\"https:\\\/\\\/www.lafarga.com\\\/corporatiu\\\/#website\"},\"primaryImageOfPage\":{\"@id\":\"https:\\\/\\\/www.lafarga.com\\\/corporatiu\\\/lamfest-arriba-per-primera-vegada-a-la-farga\\\/#primaryimage\"},\"image\":{\"@id\":\"https:\\\/\\\/www.lafarga.com\\\/corporatiu\\\/lamfest-arriba-per-primera-vegada-a-la-farga\\\/#primaryimage\"},\"thumbnailUrl\":\"https:\\\/\\\/www.lafarga.com\\\/corporatiu\\\/wp-content\\\/uploads\\\/2022\\\/10\\\/AMfest-Farga.jpg\",\"datePublished\":\"2022-10-05T11:23:02+00:00\",\"dateModified\":\"2022-10-05T11:28:19+00:00\",\"description\":\"Del 6 al 9 d\u2019octubre,\u00a0La Farga de L\u2019Hospitalet\u00a0acull per primera vegada l\u2019AMFest, festival de m\u00fasiques inc\u00f2modes, sorolloses i experimentals.\",\"breadcrumb\":{\"@id\":\"https:\\\/\\\/www.lafarga.com\\\/corporatiu\\\/lamfest-arriba-per-primera-vegada-a-la-farga\\\/#breadcrumb\"},\"inLanguage\":\"ca\",\"potentialAction\":[{\"@type\":\"ReadAction\",\"target\":[\"https:\\\/\\\/www.lafarga.com\\\/corporatiu\\\/lamfest-arriba-per-primera-vegada-a-la-farga\\\/\"]}]},{\"@type\":\"ImageObject\",\"inLanguage\":\"ca\",\"@id\":\"https:\\\/\\\/www.lafarga.com\\\/corporatiu\\\/lamfest-arriba-per-primera-vegada-a-la-farga\\\/#primaryimage\",\"url\":\"https:\\\/\\\/www.lafarga.com\\\/corporatiu\\\/wp-content\\\/uploads\\\/2022\\\/10\\\/AMfest-Farga.jpg\",\"contentUrl\":\"https:\\\/\\\/www.lafarga.com\\\/corporatiu\\\/wp-content\\\/uploads\\\/2022\\\/10\\\/AMfest-Farga.jpg\",\"width\":730,\"height\":410,\"caption\":\"AMFest Farga\"},{\"@type\":\"BreadcrumbList\",\"@id\":\"https:\\\/\\\/www.lafarga.com\\\/corporatiu\\\/lamfest-arriba-per-primera-vegada-a-la-farga\\\/#breadcrumb\",\"itemListElement\":[{\"@type\":\"ListItem\",\"position\":1,\"name\":\"Home\",\"item\":\"https:\\\/\\\/www.lafarga.com\\\/corporatiu\\\/lafarga-hospitalet-llobregat\\\/\"},{\"@type\":\"ListItem\",\"position\":2,\"name\":\"L\u2019AMFest arriba per primera vegada a La Farga\"}]},{\"@type\":\"WebSite\",\"@id\":\"https:\\\/\\\/www.lafarga.com\\\/corporatiu\\\/#website\",\"url\":\"https:\\\/\\\/www.lafarga.com\\\/corporatiu\\\/\",\"name\":\"La Farga Gesti\u00f3 d&#039;Equipaments Municipals, SA\",\"description\":\"\",\"publisher\":{\"@id\":\"https:\\\/\\\/www.lafarga.com\\\/corporatiu\\\/#organization\"},\"potentialAction\":[{\"@type\":\"SearchAction\",\"target\":{\"@type\":\"EntryPoint\",\"urlTemplate\":\"https:\\\/\\\/www.lafarga.com\\\/corporatiu\\\/?s={search_term_string}\"},\"query-input\":{\"@type\":\"PropertyValueSpecification\",\"valueRequired\":true,\"valueName\":\"search_term_string\"}}],\"inLanguage\":\"ca\"},{\"@type\":\"Organization\",\"@id\":\"https:\\\/\\\/www.lafarga.com\\\/corporatiu\\\/#organization\",\"name\":\"La Farga Gesti\u00f3 d&#039;Equipaments Municipals, SA\",\"url\":\"https:\\\/\\\/www.lafarga.com\\\/corporatiu\\\/\",\"logo\":{\"@type\":\"ImageObject\",\"inLanguage\":\"ca\",\"@id\":\"https:\\\/\\\/www.lafarga.com\\\/corporatiu\\\/#\\\/schema\\\/logo\\\/image\\\/\",\"url\":\"https:\\\/\\\/www.lafarga.com\\\/corporatiu\\\/wp-content\\\/uploads\\\/2023\\\/11\\\/logotipo_lafarga_gemsa.svg\",\"contentUrl\":\"https:\\\/\\\/www.lafarga.com\\\/corporatiu\\\/wp-content\\\/uploads\\\/2023\\\/11\\\/logotipo_lafarga_gemsa.svg\",\"width\":102,\"height\":103,\"caption\":\"La Farga Gesti\u00f3 d&#039;Equipaments Municipals, SA\"},\"image\":{\"@id\":\"https:\\\/\\\/www.lafarga.com\\\/corporatiu\\\/#\\\/schema\\\/logo\\\/image\\\/\"}},{\"@type\":\"Person\",\"@id\":\"https:\\\/\\\/www.lafarga.com\\\/corporatiu\\\/#\\\/schema\\\/person\\\/70d96fe17d0da1a9c9e80d232bdbcf33\",\"name\":\"\u00d2scar Milla\",\"image\":{\"@type\":\"ImageObject\",\"inLanguage\":\"ca\",\"@id\":\"https:\\\/\\\/secure.gravatar.com\\\/avatar\\\/92e75d184f9d5e0e403bd4ad075b080ad258344ddc259adddb579f6a3ba6494f?s=96&d=mm&r=g\",\"url\":\"https:\\\/\\\/secure.gravatar.com\\\/avatar\\\/92e75d184f9d5e0e403bd4ad075b080ad258344ddc259adddb579f6a3ba6494f?s=96&d=mm&r=g\",\"contentUrl\":\"https:\\\/\\\/secure.gravatar.com\\\/avatar\\\/92e75d184f9d5e0e403bd4ad075b080ad258344ddc259adddb579f6a3ba6494f?s=96&d=mm&r=g\",\"caption\":\"\u00d2scar Milla\"},\"url\":\"https:\\\/\\\/www.lafarga.com\\\/corporatiu\\\/author\\\/omilla\\\/\"}]}<\/script>\n<!-- \/ Yoast SEO plugin. -->","yoast_head_json":{"title":"L\u2019AMFest arriba per primera vegada a La Farga - La Farga Gesti\u00f3n de Equipamientos Municipales, S.A.","description":"Del 6 al 9 d\u2019octubre,\u00a0La Farga de L\u2019Hospitalet\u00a0acull per primera vegada l\u2019AMFest, festival de m\u00fasiques inc\u00f2modes, sorolloses i experimentals.","robots":{"index":"index","follow":"follow","max-snippet":"max-snippet:-1","max-image-preview":"max-image-preview:large","max-video-preview":"max-video-preview:-1"},"canonical":"https:\/\/www.lafarga.com\/corporatiu\/lamfest-arriba-per-primera-vegada-a-la-farga\/","og_locale":"ca_ES","og_type":"article","og_title":"L\u2019AMFest arriba per primera vegada a La Farga - La Farga Gesti\u00f3n de Equipamientos Municipales, S.A.","og_description":"Del 6 al 9 d\u2019octubre,\u00a0La Farga de L\u2019Hospitalet\u00a0acull per primera vegada l\u2019AMFest, festival de m\u00fasiques inc\u00f2modes, sorolloses i experimentals.","og_url":"https:\/\/www.lafarga.com\/corporatiu\/lamfest-arriba-per-primera-vegada-a-la-farga\/","og_site_name":"La Farga Gesti\u00f3n de Equipamientos Municipales, S.A.","article_published_time":"2022-10-05T11:23:02+00:00","article_modified_time":"2022-10-05T11:28:19+00:00","og_image":[{"width":730,"height":410,"url":"https:\/\/www.lafarga.com\/corporatiu\/wp-content\/uploads\/2022\/10\/AMfest-Farga.jpg","type":"image\/jpeg"}],"author":"\u00d2scar Milla","twitter_misc":{"Escrit per":"\u00d2scar Milla","Temps estimat de lectura":"3 minuts"},"schema":{"@context":"https:\/\/schema.org","@graph":[{"@type":"Article","@id":"https:\/\/www.lafarga.com\/corporatiu\/lamfest-arriba-per-primera-vegada-a-la-farga\/#article","isPartOf":{"@id":"https:\/\/www.lafarga.com\/corporatiu\/lamfest-arriba-per-primera-vegada-a-la-farga\/"},"author":{"name":"\u00d2scar Milla","@id":"https:\/\/www.lafarga.com\/corporatiu\/#\/schema\/person\/70d96fe17d0da1a9c9e80d232bdbcf33"},"headline":"L\u2019AMFest arriba per primera vegada a La Farga","datePublished":"2022-10-05T11:23:02+00:00","dateModified":"2022-10-05T11:28:19+00:00","mainEntityOfPage":{"@id":"https:\/\/www.lafarga.com\/corporatiu\/lamfest-arriba-per-primera-vegada-a-la-farga\/"},"wordCount":440,"publisher":{"@id":"https:\/\/www.lafarga.com\/corporatiu\/#organization"},"image":{"@id":"https:\/\/www.lafarga.com\/corporatiu\/lamfest-arriba-per-primera-vegada-a-la-farga\/#primaryimage"},"thumbnailUrl":"https:\/\/www.lafarga.com\/corporatiu\/wp-content\/uploads\/2022\/10\/AMfest-Farga.jpg","articleSection":["Centre d'Activitats"],"inLanguage":"ca"},{"@type":"WebPage","@id":"https:\/\/www.lafarga.com\/corporatiu\/lamfest-arriba-per-primera-vegada-a-la-farga\/","url":"https:\/\/www.lafarga.com\/corporatiu\/lamfest-arriba-per-primera-vegada-a-la-farga\/","name":"L\u2019AMFest arriba per primera vegada a La Farga - La Farga Gesti\u00f3n de Equipamientos Municipales, S.A.","isPartOf":{"@id":"https:\/\/www.lafarga.com\/corporatiu\/#website"},"primaryImageOfPage":{"@id":"https:\/\/www.lafarga.com\/corporatiu\/lamfest-arriba-per-primera-vegada-a-la-farga\/#primaryimage"},"image":{"@id":"https:\/\/www.lafarga.com\/corporatiu\/lamfest-arriba-per-primera-vegada-a-la-farga\/#primaryimage"},"thumbnailUrl":"https:\/\/www.lafarga.com\/corporatiu\/wp-content\/uploads\/2022\/10\/AMfest-Farga.jpg","datePublished":"2022-10-05T11:23:02+00:00","dateModified":"2022-10-05T11:28:19+00:00","description":"Del 6 al 9 d\u2019octubre,\u00a0La Farga de L\u2019Hospitalet\u00a0acull per primera vegada l\u2019AMFest, festival de m\u00fasiques inc\u00f2modes, sorolloses i experimentals.","breadcrumb":{"@id":"https:\/\/www.lafarga.com\/corporatiu\/lamfest-arriba-per-primera-vegada-a-la-farga\/#breadcrumb"},"inLanguage":"ca","potentialAction":[{"@type":"ReadAction","target":["https:\/\/www.lafarga.com\/corporatiu\/lamfest-arriba-per-primera-vegada-a-la-farga\/"]}]},{"@type":"ImageObject","inLanguage":"ca","@id":"https:\/\/www.lafarga.com\/corporatiu\/lamfest-arriba-per-primera-vegada-a-la-farga\/#primaryimage","url":"https:\/\/www.lafarga.com\/corporatiu\/wp-content\/uploads\/2022\/10\/AMfest-Farga.jpg","contentUrl":"https:\/\/www.lafarga.com\/corporatiu\/wp-content\/uploads\/2022\/10\/AMfest-Farga.jpg","width":730,"height":410,"caption":"AMFest Farga"},{"@type":"BreadcrumbList","@id":"https:\/\/www.lafarga.com\/corporatiu\/lamfest-arriba-per-primera-vegada-a-la-farga\/#breadcrumb","itemListElement":[{"@type":"ListItem","position":1,"name":"Home","item":"https:\/\/www.lafarga.com\/corporatiu\/lafarga-hospitalet-llobregat\/"},{"@type":"ListItem","position":2,"name":"L\u2019AMFest arriba per primera vegada a La Farga"}]},{"@type":"WebSite","@id":"https:\/\/www.lafarga.com\/corporatiu\/#website","url":"https:\/\/www.lafarga.com\/corporatiu\/","name":"La Farga Gesti\u00f3 d&#039;Equipaments Municipals, SA","description":"","publisher":{"@id":"https:\/\/www.lafarga.com\/corporatiu\/#organization"},"potentialAction":[{"@type":"SearchAction","target":{"@type":"EntryPoint","urlTemplate":"https:\/\/www.lafarga.com\/corporatiu\/?s={search_term_string}"},"query-input":{"@type":"PropertyValueSpecification","valueRequired":true,"valueName":"search_term_string"}}],"inLanguage":"ca"},{"@type":"Organization","@id":"https:\/\/www.lafarga.com\/corporatiu\/#organization","name":"La Farga Gesti\u00f3 d&#039;Equipaments Municipals, SA","url":"https:\/\/www.lafarga.com\/corporatiu\/","logo":{"@type":"ImageObject","inLanguage":"ca","@id":"https:\/\/www.lafarga.com\/corporatiu\/#\/schema\/logo\/image\/","url":"https:\/\/www.lafarga.com\/corporatiu\/wp-content\/uploads\/2023\/11\/logotipo_lafarga_gemsa.svg","contentUrl":"https:\/\/www.lafarga.com\/corporatiu\/wp-content\/uploads\/2023\/11\/logotipo_lafarga_gemsa.svg","width":102,"height":103,"caption":"La Farga Gesti\u00f3 d&#039;Equipaments Municipals, SA"},"image":{"@id":"https:\/\/www.lafarga.com\/corporatiu\/#\/schema\/logo\/image\/"}},{"@type":"Person","@id":"https:\/\/www.lafarga.com\/corporatiu\/#\/schema\/person\/70d96fe17d0da1a9c9e80d232bdbcf33","name":"\u00d2scar Milla","image":{"@type":"ImageObject","inLanguage":"ca","@id":"https:\/\/secure.gravatar.com\/avatar\/92e75d184f9d5e0e403bd4ad075b080ad258344ddc259adddb579f6a3ba6494f?s=96&d=mm&r=g","url":"https:\/\/secure.gravatar.com\/avatar\/92e75d184f9d5e0e403bd4ad075b080ad258344ddc259adddb579f6a3ba6494f?s=96&d=mm&r=g","contentUrl":"https:\/\/secure.gravatar.com\/avatar\/92e75d184f9d5e0e403bd4ad075b080ad258344ddc259adddb579f6a3ba6494f?s=96&d=mm&r=g","caption":"\u00d2scar Milla"},"url":"https:\/\/www.lafarga.com\/corporatiu\/author\/omilla\/"}]}},"uagb_featured_image_src":{"full":["https:\/\/www.lafarga.com\/corporatiu\/wp-content\/uploads\/2022\/10\/AMfest-Farga.jpg",730,410,false],"thumbnail":["https:\/\/www.lafarga.com\/corporatiu\/wp-content\/uploads\/2022\/10\/AMfest-Farga-150x150.jpg",150,150,true],"medium":["https:\/\/www.lafarga.com\/corporatiu\/wp-content\/uploads\/2022\/10\/AMfest-Farga-300x168.jpg",300,168,true],"medium_large":["https:\/\/www.lafarga.com\/corporatiu\/wp-content\/uploads\/2022\/10\/AMfest-Farga.jpg",730,410,false],"large":["https:\/\/www.lafarga.com\/corporatiu\/wp-content\/uploads\/2022\/10\/AMfest-Farga.jpg",730,410,false],"1536x1536":["https:\/\/www.lafarga.com\/corporatiu\/wp-content\/uploads\/2022\/10\/AMfest-Farga.jpg",730,410,false],"2048x2048":["https:\/\/www.lafarga.com\/corporatiu\/wp-content\/uploads\/2022\/10\/AMfest-Farga.jpg",730,410,false],"mailpoet_newsletter_max":["https:\/\/www.lafarga.com\/corporatiu\/wp-content\/uploads\/2022\/10\/AMfest-Farga.jpg",730,410,false]},"uagb_author_info":{"display_name":"\u00d2scar Milla","author_link":"https:\/\/www.lafarga.com\/corporatiu\/author\/omilla\/"},"uagb_comment_info":0,"uagb_excerpt":"Del 6 al 9 d\u2019octubre,\u00a0La Farga de L\u2019Hospitalet\u00a0acull per primera vegada l\u2019AMFest, el festival de m\u00fasiques inc\u00f2modes, sorolloses i experimentals.","_links":{"self":[{"href":"https:\/\/www.lafarga.com\/corporatiu\/wp-json\/wp\/v2\/posts\/16757","targetHints":{"allow":["GET"]}}],"collection":[{"href":"https:\/\/www.lafarga.com\/corporatiu\/wp-json\/wp\/v2\/posts"}],"about":[{"href":"https:\/\/www.lafarga.com\/corporatiu\/wp-json\/wp\/v2\/types\/post"}],"author":[{"embeddable":true,"href":"https:\/\/www.lafarga.com\/corporatiu\/wp-json\/wp\/v2\/users\/5"}],"replies":[{"embeddable":true,"href":"https:\/\/www.lafarga.com\/corporatiu\/wp-json\/wp\/v2\/comments?post=16757"}],"version-history":[{"count":5,"href":"https:\/\/www.lafarga.com\/corporatiu\/wp-json\/wp\/v2\/posts\/16757\/revisions"}],"predecessor-version":[{"id":16763,"href":"https:\/\/www.lafarga.com\/corporatiu\/wp-json\/wp\/v2\/posts\/16757\/revisions\/16763"}],"wp:featuredmedia":[{"embeddable":true,"href":"https:\/\/www.lafarga.com\/corporatiu\/wp-json\/wp\/v2\/media\/16759"}],"wp:attachment":[{"href":"https:\/\/www.lafarga.com\/corporatiu\/wp-json\/wp\/v2\/media?parent=16757"}],"wp:term":[{"taxonomy":"category","embeddable":true,"href":"https:\/\/www.lafarga.com\/corporatiu\/wp-json\/wp\/v2\/categories?post=16757"},{"taxonomy":"post_tag","embeddable":true,"href":"https:\/\/www.lafarga.com\/corporatiu\/wp-json\/wp\/v2\/tags?post=16757"}],"curies":[{"name":"wp","href":"https:\/\/api.w.org\/{rel}","templated":true}]}}