{"id":16723,"date":"2022-09-22T10:41:13","date_gmt":"2022-09-22T10:41:13","guid":{"rendered":"http:\/\/www.lafarga.com\/corporatiu\/?p=16723"},"modified":"2022-09-23T07:34:05","modified_gmt":"2022-09-23T07:34:05","slug":"la-farga-se-prepara-para-un-otono-esplendido","status":"publish","type":"post","link":"https:\/\/www.lafarga.com\/corporatiu\/la-farga-se-prepara-para-un-otono-esplendido\/","title":{"rendered":"La Farga se prepara para un oto\u00f1o espl\u00e9ndido"},"content":{"rendered":"\n<h5 class=\"wp-block-heading\">El oto\u00f1o en La Farga de L\u2019Hospitalet comienza con bastante actividad programada con numerosos eventos de todo tipo y para todos los p\u00fablicos. Por primera vez acogemos el AMFest, vuelven Fira Gran y Creativa y seguimos sumando ediciones del Barcelona Beer Festival, Japan Weekend y Expoterraria.<\/h5>\n\n\n\n<p>Abre el calendario de oto\u00f1o el&nbsp;<strong><a href=\"http:\/\/amfest.es\/\" target=\"_blank\" rel=\"noreferrer noopener\">AMFest<\/a><\/strong>, el festival de m\u00fasicas inc\u00f3modas, ruidosas y experimentales, que por primera vez llega a La Farga. Durante cuatro d\u00edas del 6 al 9 de octubre, 28 artistas y bandas llenar\u00e1n el recinto con p\u00fablico al que \u201ctodav\u00eda les importa la m\u00fasica\u201d, tal y como dicen los organizadores, que despu\u00e9s de una decena de ediciones en Barcelona, \u200b\u200bhan escogido L\u2019Hospitalet para celebrar este festival.<\/p>\n\n\n\n<p>El&nbsp;<strong><a href=\"https:\/\/barcelonabeerfestival.com\/es\/inicio\/\" target=\"_blank\" rel=\"noreferrer noopener\">Barcelona Beer Festival<\/a><\/strong>&nbsp;ya es un cl\u00e1sico de La Farga y vuelve del 14 al 16 de octubre para ofrecernos lo mejor del mundo de la cerveza artesana. Este a\u00f1o es una edici\u00f3n especial, la d\u00e9cima, de un certamen que cada a\u00f1o que pasa se supera y crece. Durante el BBF se llevar\u00e1 a cabo, como siempre, la entrega de los VII Barcelona Beer Challenge, donde se dar\u00e1 a conocer el premio de la Mejor Cervecera del A\u00f1o, la Mejor Cerveza Novel, el Premio Innovaci\u00f3n, el premio Steve Huxley y los premiados con la nueva categor\u00eda Platinum.<\/p>\n\n\n\n<p><strong><a href=\"https:\/\/firagran.com\/es\/salon-de-las-personas-mayores-de-cataluna\/\" target=\"_blank\" rel=\"noreferrer noopener\">Fira Gran<\/a><\/strong>&nbsp;regresa a La Farga de L\u2019Hospitalet despu\u00e9s de a\u00f1os en otros emplazamientos. El Sal\u00f3n de las Personas Mayores de Catalu\u00f1a es un certamen con mucho recorrido, se inaugur\u00f3 por primera vez en 1999, coincidiendo con el a\u00f1o Internacional de las Personas Mayores. FiraGran, que se celebrar\u00e1 del 19 al 21 de octubre, ofrece un gran abanico de actividades, conferencias, debates e informaci\u00f3n dirigida a la gente mayor del pa\u00eds.<\/p>\n\n\n\n<p>El \u00faltimo fin de semana de octubre vuelve el&nbsp;<strong><a href=\"https:\/\/www.japanweekend.com\/barcelona\/\" target=\"_blank\" rel=\"noreferrer noopener\">Japan Weekend<\/a><\/strong>, el sal\u00f3n que nos ofrece todo lo relacionado con el mundo del manga, anime, cos play y cultura japonesa, con m\u00fasica, gastronom\u00eda, conferencias y exposiciones. La novedad de este a\u00f1o del Japan Weekend son las fechas, que por primera vez en La Farga se celebrar\u00e1 el 29 y 30 de octubre.<\/p>\n\n\n\n<h5 class=\"wp-block-heading\">Noviembre con Expoterraria y Creativa<\/h5>\n\n\n\n<p>El primer fin de semana del mes de noviembre, el s\u00e1bado 5, llega con una nueva edici\u00f3n de&nbsp;<strong><a href=\"https:\/\/expoterraria.es\/barcelona\" target=\"_blank\" rel=\"noreferrer noopener\">Expoterraria<\/a><\/strong>, la Feria Internacional de Reptiles, Anfibios, Peces, Invertebrados y Peque\u00f1os Mam\u00edferos, que como es habitual en el recinto nos permite conocer mejor todo lo relacionado con estos \u201ctambi\u00e9n \u201d animales de compa\u00f1\u00eda.<\/p>\n\n\n\n<p>El gran evento de noviembre, del 10 al 13, llega de la mano del sal\u00f3n&nbsp;<strong><a href=\"https:\/\/creativabarcelona.com\/\" target=\"_blank\" rel=\"noreferrer noopener\">Creativa Barcelona<\/a><\/strong>, \u200b\u200bel principal certamen espa\u00f1ol especializado en las Manualidades y las Artesan\u00edas, inicia una nueva singladura de la mano de La Farga de L\u2019Hospitalet y de la empresa especializada en ferias PROFEI SL. Ambos han firmado un acuerdo de colaboraci\u00f3n para organizar conjuntamente esta hist\u00f3rica cita que ha reunido a miles de seguidoras en las \u00faltimas ediciones, y tambi\u00e9n a muchos seguidores.<\/p>\n\n\n\n<p>El mundo de las manualidades, la creatividad, el patchwork, scrapp y en general todo lo relacionado con el \u201cDo it yourself\u201d se dar\u00e1 cita en Creativa Barcelona, \u200b\u200ben su sede de siempre: La Farga de L\u2019Hospitalet. El mundo Creativa se consolida como alternativa a la fuerte digitalizaci\u00f3n del ocio actual.<\/p>\n\n\n\n<p>Para cerrar el oto\u00f1o 2022, el fin de semana del 3 y 4 de diciembre llega un evento de nueva creaci\u00f3n, que nace en La Farga: SAGA, sal\u00f3n del Gaming, con todo lo relacionado con los videojuegos en catal\u00e1n, impulsado por\u00a0<strong><a href=\"https:\/\/www.plataforma-llengua.cat\/es_index\/\" target=\"_blank\" rel=\"noreferrer noopener\">Plataforma per la Llengua<\/a><\/strong>.<\/p>\n\n\n\n<p>Dentro de la&nbsp;<strong><a href=\"http:\/\/www.lafargalhospitalet.com\/agenda-cas\/\" target=\"_blank\" rel=\"noreferrer noopener\">agenda<\/a><\/strong>, el recinto tambi\u00e9n va acogiendo las jornadas de ex\u00e1menes y pruebas que convoca la Generalitat para el sector del transporte, y las convocatorias del propio Ayuntamiento de L\u2019Hospitalet de selecci\u00f3n de personal.<\/p>\n","protected":false},"excerpt":{"rendered":"<p>El oto\u00f1o en La Farga de L\u2019Hospitalet comienza con bastante actividad programada con numerosos eventos de todo tipo y para todos los p\u00fablicos.<\/p>\n","protected":false},"author":5,"featured_media":13975,"comment_status":"closed","ping_status":"closed","sticky":false,"template":"","format":"standard","meta":{"inline_featured_image":false,"_uag_custom_page_level_css":"","_monsterinsights_skip_tracking":false,"_monsterinsights_sitenote_active":false,"_monsterinsights_sitenote_note":"","_monsterinsights_sitenote_category":0,"site-sidebar-layout":"default","site-content-layout":"","ast-site-content-layout":"default","site-content-style":"default","site-sidebar-style":"default","ast-global-header-display":"","ast-banner-title-visibility":"","ast-main-header-display":"","ast-hfb-above-header-display":"","ast-hfb-below-header-display":"","ast-hfb-mobile-header-display":"","site-post-title":"","ast-breadcrumbs-content":"","ast-featured-img":"","footer-sml-layout":"","ast-disable-related-posts":"","theme-transparent-header-meta":"","adv-header-id-meta":"","stick-header-meta":"","header-above-stick-meta":"","header-main-stick-meta":"","header-below-stick-meta":"","astra-migrate-meta-layouts":"default","ast-page-background-enabled":"default","ast-page-background-meta":{"desktop":{"background-color":"var(--ast-global-color-4)","background-image":"","background-repeat":"repeat","background-position":"center center","background-size":"auto","background-attachment":"scroll","background-type":"","background-media":"","overlay-type":"","overlay-color":"","overlay-opacity":"","overlay-gradient":""},"tablet":{"background-color":"","background-image":"","background-repeat":"repeat","background-position":"center center","background-size":"auto","background-attachment":"scroll","background-type":"","background-media":"","overlay-type":"","overlay-color":"","overlay-opacity":"","overlay-gradient":""},"mobile":{"background-color":"","background-image":"","background-repeat":"repeat","background-position":"center center","background-size":"auto","background-attachment":"scroll","background-type":"","background-media":"","overlay-type":"","overlay-color":"","overlay-opacity":"","overlay-gradient":""}},"ast-content-background-meta":{"desktop":{"background-color":"var(--ast-global-color-5)","background-image":"","background-repeat":"repeat","background-position":"center center","background-size":"auto","background-attachment":"scroll","background-type":"","background-media":"","overlay-type":"","overlay-color":"","overlay-opacity":"","overlay-gradient":""},"tablet":{"background-color":"var(--ast-global-color-5)","background-image":"","background-repeat":"repeat","background-position":"center center","background-size":"auto","background-attachment":"scroll","background-type":"","background-media":"","overlay-type":"","overlay-color":"","overlay-opacity":"","overlay-gradient":""},"mobile":{"background-color":"var(--ast-global-color-5)","background-image":"","background-repeat":"repeat","background-position":"center center","background-size":"auto","background-attachment":"scroll","background-type":"","background-media":"","overlay-type":"","overlay-color":"","overlay-opacity":"","overlay-gradient":""}},"footnotes":""},"categories":[73],"tags":[],"class_list":["post-16723","post","type-post","status-publish","format-standard","has-post-thumbnail","hentry","category-centro-de-actividades"],"yoast_head":"<!-- This site is optimized with the Yoast SEO plugin v27.5 - https:\/\/yoast.com\/product\/yoast-seo-wordpress\/ -->\n<title>La Farga se prepara para un oto\u00f1o espl\u00e9ndido - La Farga Gesti\u00f3n de Equipamientos Municipales, S.A.<\/title>\n<meta name=\"description\" content=\"El oto\u00f1o en La Farga de L\u2019Hospitalet comienza con bastante actividad programada con eventos de todo tipo y para todos los p\u00fablicos.\" \/>\n<meta name=\"robots\" content=\"index, follow, max-snippet:-1, max-image-preview:large, max-video-preview:-1\" \/>\n<link rel=\"canonical\" href=\"https:\/\/www.lafarga.com\/corporatiu\/la-farga-se-prepara-para-un-otono-esplendido\/\" \/>\n<meta property=\"og:locale\" content=\"ca_ES\" \/>\n<meta property=\"og:type\" content=\"article\" \/>\n<meta property=\"og:title\" content=\"La Farga se prepara para un oto\u00f1o espl\u00e9ndido - La Farga Gesti\u00f3n de Equipamientos Municipales, S.A.\" \/>\n<meta property=\"og:description\" content=\"El oto\u00f1o en La Farga de L\u2019Hospitalet comienza con bastante actividad programada con eventos de todo tipo y para todos los p\u00fablicos.\" \/>\n<meta property=\"og:url\" content=\"https:\/\/www.lafarga.com\/corporatiu\/la-farga-se-prepara-para-un-otono-esplendido\/\" \/>\n<meta property=\"og:site_name\" content=\"La Farga Gesti\u00f3n de Equipamientos Municipales, S.A.\" \/>\n<meta property=\"article:published_time\" content=\"2022-09-22T10:41:13+00:00\" \/>\n<meta property=\"article:modified_time\" content=\"2022-09-23T07:34:05+00:00\" \/>\n<meta property=\"og:image\" content=\"https:\/\/www.lafarga.com\/corporatiu\/wp-content\/uploads\/2019\/11\/Creativa-2018-La-Farga.jpg\" \/>\n\t<meta property=\"og:image:width\" content=\"730\" \/>\n\t<meta property=\"og:image:height\" content=\"410\" \/>\n\t<meta property=\"og:image:type\" content=\"image\/jpeg\" \/>\n<meta name=\"author\" content=\"\u00d2scar Milla\" \/>\n<meta name=\"twitter:label1\" content=\"Escrit per\" \/>\n\t<meta name=\"twitter:data1\" content=\"\u00d2scar Milla\" \/>\n\t<meta name=\"twitter:label2\" content=\"Temps estimat de lectura\" \/>\n\t<meta name=\"twitter:data2\" content=\"4 minuts\" \/>\n<script type=\"application\/ld+json\" class=\"yoast-schema-graph\">{\"@context\":\"https:\\\/\\\/schema.org\",\"@graph\":[{\"@type\":\"Article\",\"@id\":\"https:\\\/\\\/www.lafarga.com\\\/corporatiu\\\/la-farga-se-prepara-para-un-otono-esplendido\\\/#article\",\"isPartOf\":{\"@id\":\"https:\\\/\\\/www.lafarga.com\\\/corporatiu\\\/la-farga-se-prepara-para-un-otono-esplendido\\\/\"},\"author\":{\"name\":\"\u00d2scar Milla\",\"@id\":\"https:\\\/\\\/www.lafarga.com\\\/corporatiu\\\/#\\\/schema\\\/person\\\/70d96fe17d0da1a9c9e80d232bdbcf33\"},\"headline\":\"La Farga se prepara para un oto\u00f1o espl\u00e9ndido\",\"datePublished\":\"2022-09-22T10:41:13+00:00\",\"dateModified\":\"2022-09-23T07:34:05+00:00\",\"mainEntityOfPage\":{\"@id\":\"https:\\\/\\\/www.lafarga.com\\\/corporatiu\\\/la-farga-se-prepara-para-un-otono-esplendido\\\/\"},\"wordCount\":669,\"publisher\":{\"@id\":\"https:\\\/\\\/www.lafarga.com\\\/corporatiu\\\/#organization\"},\"image\":{\"@id\":\"https:\\\/\\\/www.lafarga.com\\\/corporatiu\\\/la-farga-se-prepara-para-un-otono-esplendido\\\/#primaryimage\"},\"thumbnailUrl\":\"https:\\\/\\\/www.lafarga.com\\\/corporatiu\\\/wp-content\\\/uploads\\\/2019\\\/11\\\/Creativa-2018-La-Farga.jpg\",\"articleSection\":[\"Centro de Actividades\"],\"inLanguage\":\"ca\"},{\"@type\":\"WebPage\",\"@id\":\"https:\\\/\\\/www.lafarga.com\\\/corporatiu\\\/la-farga-se-prepara-para-un-otono-esplendido\\\/\",\"url\":\"https:\\\/\\\/www.lafarga.com\\\/corporatiu\\\/la-farga-se-prepara-para-un-otono-esplendido\\\/\",\"name\":\"La Farga se prepara para un oto\u00f1o espl\u00e9ndido - La Farga Gesti\u00f3n de Equipamientos Municipales, S.A.\",\"isPartOf\":{\"@id\":\"https:\\\/\\\/www.lafarga.com\\\/corporatiu\\\/#website\"},\"primaryImageOfPage\":{\"@id\":\"https:\\\/\\\/www.lafarga.com\\\/corporatiu\\\/la-farga-se-prepara-para-un-otono-esplendido\\\/#primaryimage\"},\"image\":{\"@id\":\"https:\\\/\\\/www.lafarga.com\\\/corporatiu\\\/la-farga-se-prepara-para-un-otono-esplendido\\\/#primaryimage\"},\"thumbnailUrl\":\"https:\\\/\\\/www.lafarga.com\\\/corporatiu\\\/wp-content\\\/uploads\\\/2019\\\/11\\\/Creativa-2018-La-Farga.jpg\",\"datePublished\":\"2022-09-22T10:41:13+00:00\",\"dateModified\":\"2022-09-23T07:34:05+00:00\",\"description\":\"El oto\u00f1o en La Farga de L\u2019Hospitalet comienza con bastante actividad programada con eventos de todo tipo y para todos los p\u00fablicos.\",\"breadcrumb\":{\"@id\":\"https:\\\/\\\/www.lafarga.com\\\/corporatiu\\\/la-farga-se-prepara-para-un-otono-esplendido\\\/#breadcrumb\"},\"inLanguage\":\"ca\",\"potentialAction\":[{\"@type\":\"ReadAction\",\"target\":[\"https:\\\/\\\/www.lafarga.com\\\/corporatiu\\\/la-farga-se-prepara-para-un-otono-esplendido\\\/\"]}]},{\"@type\":\"ImageObject\",\"inLanguage\":\"ca\",\"@id\":\"https:\\\/\\\/www.lafarga.com\\\/corporatiu\\\/la-farga-se-prepara-para-un-otono-esplendido\\\/#primaryimage\",\"url\":\"https:\\\/\\\/www.lafarga.com\\\/corporatiu\\\/wp-content\\\/uploads\\\/2019\\\/11\\\/Creativa-2018-La-Farga.jpg\",\"contentUrl\":\"https:\\\/\\\/www.lafarga.com\\\/corporatiu\\\/wp-content\\\/uploads\\\/2019\\\/11\\\/Creativa-2018-La-Farga.jpg\",\"width\":730,\"height\":410,\"caption\":\"14a edici\u00f3 Creativa Tardor\"},{\"@type\":\"BreadcrumbList\",\"@id\":\"https:\\\/\\\/www.lafarga.com\\\/corporatiu\\\/la-farga-se-prepara-para-un-otono-esplendido\\\/#breadcrumb\",\"itemListElement\":[{\"@type\":\"ListItem\",\"position\":1,\"name\":\"Home\",\"item\":\"https:\\\/\\\/www.lafarga.com\\\/corporatiu\\\/lafarga-hospitalet-llobregat\\\/\"},{\"@type\":\"ListItem\",\"position\":2,\"name\":\"La Farga se prepara para un oto\u00f1o espl\u00e9ndido\"}]},{\"@type\":\"WebSite\",\"@id\":\"https:\\\/\\\/www.lafarga.com\\\/corporatiu\\\/#website\",\"url\":\"https:\\\/\\\/www.lafarga.com\\\/corporatiu\\\/\",\"name\":\"La Farga Gesti\u00f3 d&#039;Equipaments Municipals, SA\",\"description\":\"\",\"publisher\":{\"@id\":\"https:\\\/\\\/www.lafarga.com\\\/corporatiu\\\/#organization\"},\"potentialAction\":[{\"@type\":\"SearchAction\",\"target\":{\"@type\":\"EntryPoint\",\"urlTemplate\":\"https:\\\/\\\/www.lafarga.com\\\/corporatiu\\\/?s={search_term_string}\"},\"query-input\":{\"@type\":\"PropertyValueSpecification\",\"valueRequired\":true,\"valueName\":\"search_term_string\"}}],\"inLanguage\":\"ca\"},{\"@type\":\"Organization\",\"@id\":\"https:\\\/\\\/www.lafarga.com\\\/corporatiu\\\/#organization\",\"name\":\"La Farga Gesti\u00f3 d&#039;Equipaments Municipals, SA\",\"url\":\"https:\\\/\\\/www.lafarga.com\\\/corporatiu\\\/\",\"logo\":{\"@type\":\"ImageObject\",\"inLanguage\":\"ca\",\"@id\":\"https:\\\/\\\/www.lafarga.com\\\/corporatiu\\\/#\\\/schema\\\/logo\\\/image\\\/\",\"url\":\"https:\\\/\\\/www.lafarga.com\\\/corporatiu\\\/wp-content\\\/uploads\\\/2023\\\/11\\\/logotipo_lafarga_gemsa.svg\",\"contentUrl\":\"https:\\\/\\\/www.lafarga.com\\\/corporatiu\\\/wp-content\\\/uploads\\\/2023\\\/11\\\/logotipo_lafarga_gemsa.svg\",\"width\":102,\"height\":103,\"caption\":\"La Farga Gesti\u00f3 d&#039;Equipaments Municipals, SA\"},\"image\":{\"@id\":\"https:\\\/\\\/www.lafarga.com\\\/corporatiu\\\/#\\\/schema\\\/logo\\\/image\\\/\"}},{\"@type\":\"Person\",\"@id\":\"https:\\\/\\\/www.lafarga.com\\\/corporatiu\\\/#\\\/schema\\\/person\\\/70d96fe17d0da1a9c9e80d232bdbcf33\",\"name\":\"\u00d2scar Milla\",\"image\":{\"@type\":\"ImageObject\",\"inLanguage\":\"ca\",\"@id\":\"https:\\\/\\\/secure.gravatar.com\\\/avatar\\\/92e75d184f9d5e0e403bd4ad075b080ad258344ddc259adddb579f6a3ba6494f?s=96&d=mm&r=g\",\"url\":\"https:\\\/\\\/secure.gravatar.com\\\/avatar\\\/92e75d184f9d5e0e403bd4ad075b080ad258344ddc259adddb579f6a3ba6494f?s=96&d=mm&r=g\",\"contentUrl\":\"https:\\\/\\\/secure.gravatar.com\\\/avatar\\\/92e75d184f9d5e0e403bd4ad075b080ad258344ddc259adddb579f6a3ba6494f?s=96&d=mm&r=g\",\"caption\":\"\u00d2scar Milla\"},\"url\":\"https:\\\/\\\/www.lafarga.com\\\/corporatiu\\\/author\\\/omilla\\\/\"}]}<\/script>\n<!-- \/ Yoast SEO plugin. -->","yoast_head_json":{"title":"La Farga se prepara para un oto\u00f1o espl\u00e9ndido - La Farga Gesti\u00f3n de Equipamientos Municipales, S.A.","description":"El oto\u00f1o en La Farga de L\u2019Hospitalet comienza con bastante actividad programada con eventos de todo tipo y para todos los p\u00fablicos.","robots":{"index":"index","follow":"follow","max-snippet":"max-snippet:-1","max-image-preview":"max-image-preview:large","max-video-preview":"max-video-preview:-1"},"canonical":"https:\/\/www.lafarga.com\/corporatiu\/la-farga-se-prepara-para-un-otono-esplendido\/","og_locale":"ca_ES","og_type":"article","og_title":"La Farga se prepara para un oto\u00f1o espl\u00e9ndido - La Farga Gesti\u00f3n de Equipamientos Municipales, S.A.","og_description":"El oto\u00f1o en La Farga de L\u2019Hospitalet comienza con bastante actividad programada con eventos de todo tipo y para todos los p\u00fablicos.","og_url":"https:\/\/www.lafarga.com\/corporatiu\/la-farga-se-prepara-para-un-otono-esplendido\/","og_site_name":"La Farga Gesti\u00f3n de Equipamientos Municipales, S.A.","article_published_time":"2022-09-22T10:41:13+00:00","article_modified_time":"2022-09-23T07:34:05+00:00","og_image":[{"width":730,"height":410,"url":"https:\/\/www.lafarga.com\/corporatiu\/wp-content\/uploads\/2019\/11\/Creativa-2018-La-Farga.jpg","type":"image\/jpeg"}],"author":"\u00d2scar Milla","twitter_misc":{"Escrit per":"\u00d2scar Milla","Temps estimat de lectura":"4 minuts"},"schema":{"@context":"https:\/\/schema.org","@graph":[{"@type":"Article","@id":"https:\/\/www.lafarga.com\/corporatiu\/la-farga-se-prepara-para-un-otono-esplendido\/#article","isPartOf":{"@id":"https:\/\/www.lafarga.com\/corporatiu\/la-farga-se-prepara-para-un-otono-esplendido\/"},"author":{"name":"\u00d2scar Milla","@id":"https:\/\/www.lafarga.com\/corporatiu\/#\/schema\/person\/70d96fe17d0da1a9c9e80d232bdbcf33"},"headline":"La Farga se prepara para un oto\u00f1o espl\u00e9ndido","datePublished":"2022-09-22T10:41:13+00:00","dateModified":"2022-09-23T07:34:05+00:00","mainEntityOfPage":{"@id":"https:\/\/www.lafarga.com\/corporatiu\/la-farga-se-prepara-para-un-otono-esplendido\/"},"wordCount":669,"publisher":{"@id":"https:\/\/www.lafarga.com\/corporatiu\/#organization"},"image":{"@id":"https:\/\/www.lafarga.com\/corporatiu\/la-farga-se-prepara-para-un-otono-esplendido\/#primaryimage"},"thumbnailUrl":"https:\/\/www.lafarga.com\/corporatiu\/wp-content\/uploads\/2019\/11\/Creativa-2018-La-Farga.jpg","articleSection":["Centro de Actividades"],"inLanguage":"ca"},{"@type":"WebPage","@id":"https:\/\/www.lafarga.com\/corporatiu\/la-farga-se-prepara-para-un-otono-esplendido\/","url":"https:\/\/www.lafarga.com\/corporatiu\/la-farga-se-prepara-para-un-otono-esplendido\/","name":"La Farga se prepara para un oto\u00f1o espl\u00e9ndido - La Farga Gesti\u00f3n de Equipamientos Municipales, S.A.","isPartOf":{"@id":"https:\/\/www.lafarga.com\/corporatiu\/#website"},"primaryImageOfPage":{"@id":"https:\/\/www.lafarga.com\/corporatiu\/la-farga-se-prepara-para-un-otono-esplendido\/#primaryimage"},"image":{"@id":"https:\/\/www.lafarga.com\/corporatiu\/la-farga-se-prepara-para-un-otono-esplendido\/#primaryimage"},"thumbnailUrl":"https:\/\/www.lafarga.com\/corporatiu\/wp-content\/uploads\/2019\/11\/Creativa-2018-La-Farga.jpg","datePublished":"2022-09-22T10:41:13+00:00","dateModified":"2022-09-23T07:34:05+00:00","description":"El oto\u00f1o en La Farga de L\u2019Hospitalet comienza con bastante actividad programada con eventos de todo tipo y para todos los p\u00fablicos.","breadcrumb":{"@id":"https:\/\/www.lafarga.com\/corporatiu\/la-farga-se-prepara-para-un-otono-esplendido\/#breadcrumb"},"inLanguage":"ca","potentialAction":[{"@type":"ReadAction","target":["https:\/\/www.lafarga.com\/corporatiu\/la-farga-se-prepara-para-un-otono-esplendido\/"]}]},{"@type":"ImageObject","inLanguage":"ca","@id":"https:\/\/www.lafarga.com\/corporatiu\/la-farga-se-prepara-para-un-otono-esplendido\/#primaryimage","url":"https:\/\/www.lafarga.com\/corporatiu\/wp-content\/uploads\/2019\/11\/Creativa-2018-La-Farga.jpg","contentUrl":"https:\/\/www.lafarga.com\/corporatiu\/wp-content\/uploads\/2019\/11\/Creativa-2018-La-Farga.jpg","width":730,"height":410,"caption":"14a edici\u00f3 Creativa Tardor"},{"@type":"BreadcrumbList","@id":"https:\/\/www.lafarga.com\/corporatiu\/la-farga-se-prepara-para-un-otono-esplendido\/#breadcrumb","itemListElement":[{"@type":"ListItem","position":1,"name":"Home","item":"https:\/\/www.lafarga.com\/corporatiu\/lafarga-hospitalet-llobregat\/"},{"@type":"ListItem","position":2,"name":"La Farga se prepara para un oto\u00f1o espl\u00e9ndido"}]},{"@type":"WebSite","@id":"https:\/\/www.lafarga.com\/corporatiu\/#website","url":"https:\/\/www.lafarga.com\/corporatiu\/","name":"La Farga Gesti\u00f3 d&#039;Equipaments Municipals, SA","description":"","publisher":{"@id":"https:\/\/www.lafarga.com\/corporatiu\/#organization"},"potentialAction":[{"@type":"SearchAction","target":{"@type":"EntryPoint","urlTemplate":"https:\/\/www.lafarga.com\/corporatiu\/?s={search_term_string}"},"query-input":{"@type":"PropertyValueSpecification","valueRequired":true,"valueName":"search_term_string"}}],"inLanguage":"ca"},{"@type":"Organization","@id":"https:\/\/www.lafarga.com\/corporatiu\/#organization","name":"La Farga Gesti\u00f3 d&#039;Equipaments Municipals, SA","url":"https:\/\/www.lafarga.com\/corporatiu\/","logo":{"@type":"ImageObject","inLanguage":"ca","@id":"https:\/\/www.lafarga.com\/corporatiu\/#\/schema\/logo\/image\/","url":"https:\/\/www.lafarga.com\/corporatiu\/wp-content\/uploads\/2023\/11\/logotipo_lafarga_gemsa.svg","contentUrl":"https:\/\/www.lafarga.com\/corporatiu\/wp-content\/uploads\/2023\/11\/logotipo_lafarga_gemsa.svg","width":102,"height":103,"caption":"La Farga Gesti\u00f3 d&#039;Equipaments Municipals, SA"},"image":{"@id":"https:\/\/www.lafarga.com\/corporatiu\/#\/schema\/logo\/image\/"}},{"@type":"Person","@id":"https:\/\/www.lafarga.com\/corporatiu\/#\/schema\/person\/70d96fe17d0da1a9c9e80d232bdbcf33","name":"\u00d2scar Milla","image":{"@type":"ImageObject","inLanguage":"ca","@id":"https:\/\/secure.gravatar.com\/avatar\/92e75d184f9d5e0e403bd4ad075b080ad258344ddc259adddb579f6a3ba6494f?s=96&d=mm&r=g","url":"https:\/\/secure.gravatar.com\/avatar\/92e75d184f9d5e0e403bd4ad075b080ad258344ddc259adddb579f6a3ba6494f?s=96&d=mm&r=g","contentUrl":"https:\/\/secure.gravatar.com\/avatar\/92e75d184f9d5e0e403bd4ad075b080ad258344ddc259adddb579f6a3ba6494f?s=96&d=mm&r=g","caption":"\u00d2scar Milla"},"url":"https:\/\/www.lafarga.com\/corporatiu\/author\/omilla\/"}]}},"uagb_featured_image_src":{"full":["https:\/\/www.lafarga.com\/corporatiu\/wp-content\/uploads\/2019\/11\/Creativa-2018-La-Farga.jpg",730,410,false],"thumbnail":["https:\/\/www.lafarga.com\/corporatiu\/wp-content\/uploads\/2019\/11\/Creativa-2018-La-Farga-150x150.jpg",150,150,true],"medium":["https:\/\/www.lafarga.com\/corporatiu\/wp-content\/uploads\/2019\/11\/Creativa-2018-La-Farga-300x168.jpg",300,168,true],"medium_large":["https:\/\/www.lafarga.com\/corporatiu\/wp-content\/uploads\/2019\/11\/Creativa-2018-La-Farga.jpg",730,410,false],"large":["https:\/\/www.lafarga.com\/corporatiu\/wp-content\/uploads\/2019\/11\/Creativa-2018-La-Farga.jpg",730,410,false],"1536x1536":["https:\/\/www.lafarga.com\/corporatiu\/wp-content\/uploads\/2019\/11\/Creativa-2018-La-Farga.jpg",730,410,false],"2048x2048":["https:\/\/www.lafarga.com\/corporatiu\/wp-content\/uploads\/2019\/11\/Creativa-2018-La-Farga.jpg",730,410,false],"mailpoet_newsletter_max":["https:\/\/www.lafarga.com\/corporatiu\/wp-content\/uploads\/2019\/11\/Creativa-2018-La-Farga.jpg",730,410,false]},"uagb_author_info":{"display_name":"\u00d2scar Milla","author_link":"https:\/\/www.lafarga.com\/corporatiu\/author\/omilla\/"},"uagb_comment_info":0,"uagb_excerpt":"El oto\u00f1o en La Farga de L\u2019Hospitalet comienza con bastante actividad programada con numerosos eventos de todo tipo y para todos los p\u00fablicos.","_links":{"self":[{"href":"https:\/\/www.lafarga.com\/corporatiu\/wp-json\/wp\/v2\/posts\/16723","targetHints":{"allow":["GET"]}}],"collection":[{"href":"https:\/\/www.lafarga.com\/corporatiu\/wp-json\/wp\/v2\/posts"}],"about":[{"href":"https:\/\/www.lafarga.com\/corporatiu\/wp-json\/wp\/v2\/types\/post"}],"author":[{"embeddable":true,"href":"https:\/\/www.lafarga.com\/corporatiu\/wp-json\/wp\/v2\/users\/5"}],"replies":[{"embeddable":true,"href":"https:\/\/www.lafarga.com\/corporatiu\/wp-json\/wp\/v2\/comments?post=16723"}],"version-history":[{"count":2,"href":"https:\/\/www.lafarga.com\/corporatiu\/wp-json\/wp\/v2\/posts\/16723\/revisions"}],"predecessor-version":[{"id":16726,"href":"https:\/\/www.lafarga.com\/corporatiu\/wp-json\/wp\/v2\/posts\/16723\/revisions\/16726"}],"wp:featuredmedia":[{"embeddable":true,"href":"https:\/\/www.lafarga.com\/corporatiu\/wp-json\/wp\/v2\/media\/13975"}],"wp:attachment":[{"href":"https:\/\/www.lafarga.com\/corporatiu\/wp-json\/wp\/v2\/media?parent=16723"}],"wp:term":[{"taxonomy":"category","embeddable":true,"href":"https:\/\/www.lafarga.com\/corporatiu\/wp-json\/wp\/v2\/categories?post=16723"},{"taxonomy":"post_tag","embeddable":true,"href":"https:\/\/www.lafarga.com\/corporatiu\/wp-json\/wp\/v2\/tags?post=16723"}],"curies":[{"name":"wp","href":"https:\/\/api.w.org\/{rel}","templated":true}]}}